{"id":39843,"date":"2023-04-22T22:05:00","date_gmt":"2023-04-22T21:05:00","guid":{"rendered":"https:\/\/lasentinelle.dz\/?p=39843"},"modified":"2023-04-22T18:31:43","modified_gmt":"2023-04-22T17:31:43","slug":"batna-vers-la-creation-de-cinq-zones-dactivites","status":"publish","type":"post","link":"https:\/\/lasentinelle.dz\/index.php\/2023\/04\/22\/batna-vers-la-creation-de-cinq-zones-dactivites\/","title":{"rendered":"Batna\u00a0: Vers la cr\u00e9ation de cinq zones d\u2019activit\u00e9s"},"content":{"rendered":"\n<p>Pas moins de cinq zones d\u2019activit\u00e9 seront cr\u00e9\u00e9es dans la wilaya de Batna, en 2023, apprend-on de la Direction de l&rsquo;Industrie. Il s\u2019agit de zones d\u2019activit\u00e9s implant\u00e9es dans les communes de Barika, Seggana, Zana El Beida, El Djezzar et El Madher, selon la m\u00eame source qui a soulign\u00e9 que ces zones seront op\u00e9rationnelles d\u00e8s leur raccordement aux diff\u00e9rents r\u00e9seaux vitaux, l\u2019\u00e9lectricit\u00e9 et le gaz notamment. Un montant de plus de sept milliards de dinars a \u00e9t\u00e9 demand\u00e9 \u00e0 la tutelle pour parachever cette op\u00e9ration, avant de pouvoir livrer les zones d\u2019activit\u00e9s et permettre aux investisseurs de r\u00e9aliser leurs projets, souligne le m\u00eame responsable, ajoutant que leur entr\u00e9e en exploitation contribuera \u00e0 la relance du d\u00e9veloppement dans la wilaya et cr\u00e9er des richesses et des emplois. Dans le m\u00eame contexte et dans&nbsp;le m\u00eame objectif, le projet d\u2019une micro-zone d\u2019activit\u00e9 est \u00e0 l\u2019\u00e9tude afin d&rsquo;\u00eatre am\u00e9nag\u00e9e dans la commune de Timgad, nous r\u00e9v\u00e8le-t-on. Une enveloppe financi\u00e8re de 126 millions de dinars a \u00e9t\u00e9 allou\u00e9e pour ce projet, \u00e9tude et travaux d\u2019am\u00e9nagement compris. Il faut souligner qu\u2019il s\u2019agit l\u00e0, de l\u2019une des 20 micro-zones d\u2019activit\u00e9s devant \u00eatre r\u00e9alis\u00e9es dans la wilaya de Batna, sur des superficies allant de 3 \u00e0 5 hectares, destin\u00e9es aux jeunes porteurs de projets. Jusqu\u2019\u00e0 la mise sous presse, l\u2019enqu\u00eate fonci\u00e8re en cours, va permettre la cr\u00e9ation de 19 micro-zones d\u2019activit\u00e9s dans plusieurs communes, dont les dossiers seront soumis \u00e0 la tutelle, en vue de leur financement. Rappelons que la wilaya de Batna compte actuellement cinq zones industrielles et neuf zones d\u2019activit\u00e9s abritant 250 unit\u00e9s de production dans divers secteurs, dont douze sont vers\u00e9es dans production de la c\u00e9ramique, entre autres. Il est \u00e0 rappeler \u00e9galement que tous les efforts entrepris par les au&nbsp;&nbsp;&nbsp;&nbsp;&nbsp;&nbsp;&nbsp;&nbsp;&nbsp; torit\u00e9s de la wilaya de Batna visent \u00e0 faire de cette derni\u00e8re un p\u00f4le de l\u2019investissement et de l\u2019activit\u00e9 \u00e9conomique. En t\u00e9moignent le nombre de projets d\u2019investissements lanc\u00e9s apr\u00e8s la lev\u00e9e des contraintes par la cellule d\u2019accompagnement des investisseurs et des porteurs de projets. Ces derniers ont besoins l\u2019extension et surtout la cr\u00e9ation de nouveaux espaces \u00e9conomiques productifs sous forme de zones activit\u00e9s et micro-zones.<\/p>\n\n\n\n<p><strong>S<\/strong><strong>. Chahine<\/strong><\/p>\n","protected":false},"excerpt":{"rendered":"<p>Pas moins de cinq zones d\u2019activit\u00e9 seront cr\u00e9\u00e9es dans la wilaya de Batna, en 2023, apprend-on de la Direction de<\/p>\n","protected":false},"author":3,"featured_media":39845,"comment_status":"open","ping_status":"closed","sticky":false,"template":"","format":"standard","meta":{"colormag_page_container_layout":"default_layout","colormag_page_sidebar_layout":"default_layout","om_disable_all_campaigns":false,"_monsterinsights_skip_tracking":false,"_monsterinsights_sitenote_active":false,"_monsterinsights_sitenote_note":"","_monsterinsights_sitenote_category":0,"footnotes":"","_wpscppro_dont_share_socialmedia":false,"_wpscppro_custom_social_share_image":0,"_facebook_share_type":"","_twitter_share_type":"","_linkedin_share_type":"","_pinterest_share_type":"","_linkedin_share_type_page":"","_instagram_share_type":"","_medium_share_type":"","_threads_share_type":"","_google_business_share_type":"","_selected_social_profile":[],"_wpsp_enable_custom_social_template":false,"_wpsp_social_scheduling":{"enabled":false,"datetime":null,"platforms":[],"status":"template_only","dateOption":"today","timeOption":"now","customDays":"","customHours":"","customDate":"","customTime":"","schedulingType":"absolute"},"_wpsp_active_default_template":true},"categories":[31],"tags":[],"class_list":["post-39843","post","type-post","status-publish","format-standard","has-post-thumbnail","hentry","category-regions"],"aioseo_notices":[],"yoast_head":"<!-- This site is optimized with the Yoast SEO plugin v27.4 - https:\/\/yoast.com\/product\/yoast-seo-wordpress\/ -->\n<title>Batna\u00a0: Vers la cr\u00e9ation de cinq zones d\u2019activit\u00e9s - La Sentinelle<\/title>\n<meta name=\"robots\" content=\"index, follow, max-snippet:-1, max-image-preview:large, max-video-preview:-1\" \/>\n<link rel=\"canonical\" href=\"https:\/\/lasentinelle.dz\/index.php\/2023\/04\/22\/batna-vers-la-creation-de-cinq-zones-dactivites\/\" \/>\n<meta property=\"og:locale\" content=\"fr_FR\" \/>\n<meta property=\"og:type\" content=\"article\" \/>\n<meta property=\"og:title\" content=\"Batna\u00a0: Vers la cr\u00e9ation de cinq zones d\u2019activit\u00e9s - La Sentinelle\" \/>\n<meta property=\"og:description\" content=\"Pas moins de cinq zones d\u2019activit\u00e9 seront cr\u00e9\u00e9es dans la wilaya de Batna, en 2023, apprend-on de la Direction de\" \/>\n<meta property=\"og:url\" content=\"https:\/\/lasentinelle.dz\/index.php\/2023\/04\/22\/batna-vers-la-creation-de-cinq-zones-dactivites\/\" \/>\n<meta property=\"og:site_name\" content=\"La Sentinelle\" \/>\n<meta property=\"article:publisher\" content=\"https:\/\/www.facebook.com\/La-Sentinelle-104059864394773\" \/>\n<meta property=\"article:published_time\" content=\"2023-04-22T21:05:00+00:00\" \/>\n<meta property=\"og:image\" content=\"https:\/\/lasentinelle.dz\/wp-content\/uploads\/2023\/04\/image_2023-04-22_183120619.png\" \/>\n\t<meta property=\"og:image:width\" content=\"1024\" \/>\n\t<meta property=\"og:image:height\" content=\"583\" \/>\n\t<meta property=\"og:image:type\" content=\"image\/png\" \/>\n<meta name=\"author\" content=\"La Sentinelle\" \/>\n<meta name=\"twitter:card\" content=\"summary_large_image\" \/>\n<meta name=\"twitter:label1\" content=\"\u00c9crit par\" \/>\n\t<meta name=\"twitter:data1\" content=\"La Sentinelle\" \/>\n\t<meta name=\"twitter:label2\" content=\"Dur\u00e9e de lecture estim\u00e9e\" \/>\n\t<meta name=\"twitter:data2\" content=\"2 minutes\" \/>\n<script type=\"application\/ld+json\" class=\"yoast-schema-graph\">{\"@context\":\"https:\\\/\\\/schema.org\",\"@graph\":[{\"@type\":\"Article\",\"@id\":\"https:\\\/\\\/lasentinelle.dz\\\/index.php\\\/2023\\\/04\\\/22\\\/batna-vers-la-creation-de-cinq-zones-dactivites\\\/#article\",\"isPartOf\":{\"@id\":\"https:\\\/\\\/lasentinelle.dz\\\/index.php\\\/2023\\\/04\\\/22\\\/batna-vers-la-creation-de-cinq-zones-dactivites\\\/\"},\"author\":{\"name\":\"La Sentinelle\",\"@id\":\"https:\\\/\\\/lasentinelle.dz\\\/#\\\/schema\\\/person\\\/d865044e22e70a75174ce8bcad3acfb3\"},\"headline\":\"Batna\u00a0: Vers la cr\u00e9ation de cinq zones d\u2019activit\u00e9s\",\"datePublished\":\"2023-04-22T21:05:00+00:00\",\"mainEntityOfPage\":{\"@id\":\"https:\\\/\\\/lasentinelle.dz\\\/index.php\\\/2023\\\/04\\\/22\\\/batna-vers-la-creation-de-cinq-zones-dactivites\\\/\"},\"wordCount\":428,\"commentCount\":0,\"publisher\":{\"@id\":\"https:\\\/\\\/lasentinelle.dz\\\/#organization\"},\"image\":{\"@id\":\"https:\\\/\\\/lasentinelle.dz\\\/index.php\\\/2023\\\/04\\\/22\\\/batna-vers-la-creation-de-cinq-zones-dactivites\\\/#primaryimage\"},\"thumbnailUrl\":\"https:\\\/\\\/lasentinelle.dz\\\/wp-content\\\/uploads\\\/2023\\\/04\\\/image_2023-04-22_183120619.png\",\"articleSection\":[\"R\u00e9gions\"],\"inLanguage\":\"fr-FR\",\"potentialAction\":[{\"@type\":\"CommentAction\",\"name\":\"Comment\",\"target\":[\"https:\\\/\\\/lasentinelle.dz\\\/index.php\\\/2023\\\/04\\\/22\\\/batna-vers-la-creation-de-cinq-zones-dactivites\\\/#respond\"]}]},{\"@type\":\"WebPage\",\"@id\":\"https:\\\/\\\/lasentinelle.dz\\\/index.php\\\/2023\\\/04\\\/22\\\/batna-vers-la-creation-de-cinq-zones-dactivites\\\/\",\"url\":\"https:\\\/\\\/lasentinelle.dz\\\/index.php\\\/2023\\\/04\\\/22\\\/batna-vers-la-creation-de-cinq-zones-dactivites\\\/\",\"name\":\"Batna\u00a0: Vers la cr\u00e9ation de cinq zones d\u2019activit\u00e9s - La Sentinelle\",\"isPartOf\":{\"@id\":\"https:\\\/\\\/lasentinelle.dz\\\/#website\"},\"primaryImageOfPage\":{\"@id\":\"https:\\\/\\\/lasentinelle.dz\\\/index.php\\\/2023\\\/04\\\/22\\\/batna-vers-la-creation-de-cinq-zones-dactivites\\\/#primaryimage\"},\"image\":{\"@id\":\"https:\\\/\\\/lasentinelle.dz\\\/index.php\\\/2023\\\/04\\\/22\\\/batna-vers-la-creation-de-cinq-zones-dactivites\\\/#primaryimage\"},\"thumbnailUrl\":\"https:\\\/\\\/lasentinelle.dz\\\/wp-content\\\/uploads\\\/2023\\\/04\\\/image_2023-04-22_183120619.png\",\"datePublished\":\"2023-04-22T21:05:00+00:00\",\"breadcrumb\":{\"@id\":\"https:\\\/\\\/lasentinelle.dz\\\/index.php\\\/2023\\\/04\\\/22\\\/batna-vers-la-creation-de-cinq-zones-dactivites\\\/#breadcrumb\"},\"inLanguage\":\"fr-FR\",\"potentialAction\":[{\"@type\":\"ReadAction\",\"target\":[\"https:\\\/\\\/lasentinelle.dz\\\/index.php\\\/2023\\\/04\\\/22\\\/batna-vers-la-creation-de-cinq-zones-dactivites\\\/\"]}]},{\"@type\":\"ImageObject\",\"inLanguage\":\"fr-FR\",\"@id\":\"https:\\\/\\\/lasentinelle.dz\\\/index.php\\\/2023\\\/04\\\/22\\\/batna-vers-la-creation-de-cinq-zones-dactivites\\\/#primaryimage\",\"url\":\"https:\\\/\\\/lasentinelle.dz\\\/wp-content\\\/uploads\\\/2023\\\/04\\\/image_2023-04-22_183120619.png\",\"contentUrl\":\"https:\\\/\\\/lasentinelle.dz\\\/wp-content\\\/uploads\\\/2023\\\/04\\\/image_2023-04-22_183120619.png\",\"width\":1024,\"height\":583},{\"@type\":\"BreadcrumbList\",\"@id\":\"https:\\\/\\\/lasentinelle.dz\\\/index.php\\\/2023\\\/04\\\/22\\\/batna-vers-la-creation-de-cinq-zones-dactivites\\\/#breadcrumb\",\"itemListElement\":[{\"@type\":\"ListItem\",\"position\":1,\"name\":\"Accueil\",\"item\":\"https:\\\/\\\/lasentinelle.dz\\\/\"},{\"@type\":\"ListItem\",\"position\":2,\"name\":\"Batna\u00a0: Vers la cr\u00e9ation de cinq zones d\u2019activit\u00e9s\"}]},{\"@type\":\"WebSite\",\"@id\":\"https:\\\/\\\/lasentinelle.dz\\\/#website\",\"url\":\"https:\\\/\\\/lasentinelle.dz\\\/\",\"name\":\"La Sentinelle\",\"description\":\"Quotidien national d&#039;information\",\"publisher\":{\"@id\":\"https:\\\/\\\/lasentinelle.dz\\\/#organization\"},\"potentialAction\":[{\"@type\":\"SearchAction\",\"target\":{\"@type\":\"EntryPoint\",\"urlTemplate\":\"https:\\\/\\\/lasentinelle.dz\\\/?s={search_term_string}\"},\"query-input\":{\"@type\":\"PropertyValueSpecification\",\"valueRequired\":true,\"valueName\":\"search_term_string\"}}],\"inLanguage\":\"fr-FR\"},{\"@type\":\"Organization\",\"@id\":\"https:\\\/\\\/lasentinelle.dz\\\/#organization\",\"name\":\"Quotidien La Sentinelle\",\"url\":\"https:\\\/\\\/lasentinelle.dz\\\/\",\"logo\":{\"@type\":\"ImageObject\",\"inLanguage\":\"fr-FR\",\"@id\":\"https:\\\/\\\/lasentinelle.dz\\\/#\\\/schema\\\/logo\\\/image\\\/\",\"url\":\"https:\\\/\\\/lasentinelle.dz\\\/wp-content\\\/uploads\\\/2021\\\/09\\\/logo-sentinelleSLOGAN-1.png\",\"contentUrl\":\"https:\\\/\\\/lasentinelle.dz\\\/wp-content\\\/uploads\\\/2021\\\/09\\\/logo-sentinelleSLOGAN-1.png\",\"width\":615,\"height\":142,\"caption\":\"Quotidien La Sentinelle\"},\"image\":{\"@id\":\"https:\\\/\\\/lasentinelle.dz\\\/#\\\/schema\\\/logo\\\/image\\\/\"},\"sameAs\":[\"https:\\\/\\\/www.facebook.com\\\/La-Sentinelle-104059864394773\"]},{\"@type\":\"Person\",\"@id\":\"https:\\\/\\\/lasentinelle.dz\\\/#\\\/schema\\\/person\\\/d865044e22e70a75174ce8bcad3acfb3\",\"name\":\"La Sentinelle\",\"image\":{\"@type\":\"ImageObject\",\"inLanguage\":\"fr-FR\",\"@id\":\"https:\\\/\\\/secure.gravatar.com\\\/avatar\\\/57de8e5d4b15d43fb361a71fbb36338450fe67865b528a43dd10ef7c51a20392?s=96&d=mm&r=g\",\"url\":\"https:\\\/\\\/secure.gravatar.com\\\/avatar\\\/57de8e5d4b15d43fb361a71fbb36338450fe67865b528a43dd10ef7c51a20392?s=96&d=mm&r=g\",\"contentUrl\":\"https:\\\/\\\/secure.gravatar.com\\\/avatar\\\/57de8e5d4b15d43fb361a71fbb36338450fe67865b528a43dd10ef7c51a20392?s=96&d=mm&r=g\",\"caption\":\"La Sentinelle\"},\"sameAs\":[\"http:\\\/\\\/www.lasentinelle.dz\"],\"url\":\"https:\\\/\\\/lasentinelle.dz\\\/author\\\/redaction\\\/\"}]}<\/script>\n<!-- \/ Yoast SEO plugin. -->","yoast_head_json":{"title":"Batna\u00a0: Vers la cr\u00e9ation de cinq zones d\u2019activit\u00e9s - La Sentinelle","robots":{"index":"index","follow":"follow","max-snippet":"max-snippet:-1","max-image-preview":"max-image-preview:large","max-video-preview":"max-video-preview:-1"},"canonical":"https:\/\/lasentinelle.dz\/index.php\/2023\/04\/22\/batna-vers-la-creation-de-cinq-zones-dactivites\/","og_locale":"fr_FR","og_type":"article","og_title":"Batna\u00a0: Vers la cr\u00e9ation de cinq zones d\u2019activit\u00e9s - La Sentinelle","og_description":"Pas moins de cinq zones d\u2019activit\u00e9 seront cr\u00e9\u00e9es dans la wilaya de Batna, en 2023, apprend-on de la Direction de","og_url":"https:\/\/lasentinelle.dz\/index.php\/2023\/04\/22\/batna-vers-la-creation-de-cinq-zones-dactivites\/","og_site_name":"La Sentinelle","article_publisher":"https:\/\/www.facebook.com\/La-Sentinelle-104059864394773","article_published_time":"2023-04-22T21:05:00+00:00","og_image":[{"width":1024,"height":583,"url":"https:\/\/lasentinelle.dz\/wp-content\/uploads\/2023\/04\/image_2023-04-22_183120619.png","type":"image\/png"}],"author":"La Sentinelle","twitter_card":"summary_large_image","twitter_misc":{"\u00c9crit par":"La Sentinelle","Dur\u00e9e de lecture estim\u00e9e":"2 minutes"},"schema":{"@context":"https:\/\/schema.org","@graph":[{"@type":"Article","@id":"https:\/\/lasentinelle.dz\/index.php\/2023\/04\/22\/batna-vers-la-creation-de-cinq-zones-dactivites\/#article","isPartOf":{"@id":"https:\/\/lasentinelle.dz\/index.php\/2023\/04\/22\/batna-vers-la-creation-de-cinq-zones-dactivites\/"},"author":{"name":"La Sentinelle","@id":"https:\/\/lasentinelle.dz\/#\/schema\/person\/d865044e22e70a75174ce8bcad3acfb3"},"headline":"Batna\u00a0: Vers la cr\u00e9ation de cinq zones d\u2019activit\u00e9s","datePublished":"2023-04-22T21:05:00+00:00","mainEntityOfPage":{"@id":"https:\/\/lasentinelle.dz\/index.php\/2023\/04\/22\/batna-vers-la-creation-de-cinq-zones-dactivites\/"},"wordCount":428,"commentCount":0,"publisher":{"@id":"https:\/\/lasentinelle.dz\/#organization"},"image":{"@id":"https:\/\/lasentinelle.dz\/index.php\/2023\/04\/22\/batna-vers-la-creation-de-cinq-zones-dactivites\/#primaryimage"},"thumbnailUrl":"https:\/\/lasentinelle.dz\/wp-content\/uploads\/2023\/04\/image_2023-04-22_183120619.png","articleSection":["R\u00e9gions"],"inLanguage":"fr-FR","potentialAction":[{"@type":"CommentAction","name":"Comment","target":["https:\/\/lasentinelle.dz\/index.php\/2023\/04\/22\/batna-vers-la-creation-de-cinq-zones-dactivites\/#respond"]}]},{"@type":"WebPage","@id":"https:\/\/lasentinelle.dz\/index.php\/2023\/04\/22\/batna-vers-la-creation-de-cinq-zones-dactivites\/","url":"https:\/\/lasentinelle.dz\/index.php\/2023\/04\/22\/batna-vers-la-creation-de-cinq-zones-dactivites\/","name":"Batna\u00a0: Vers la cr\u00e9ation de cinq zones d\u2019activit\u00e9s - La Sentinelle","isPartOf":{"@id":"https:\/\/lasentinelle.dz\/#website"},"primaryImageOfPage":{"@id":"https:\/\/lasentinelle.dz\/index.php\/2023\/04\/22\/batna-vers-la-creation-de-cinq-zones-dactivites\/#primaryimage"},"image":{"@id":"https:\/\/lasentinelle.dz\/index.php\/2023\/04\/22\/batna-vers-la-creation-de-cinq-zones-dactivites\/#primaryimage"},"thumbnailUrl":"https:\/\/lasentinelle.dz\/wp-content\/uploads\/2023\/04\/image_2023-04-22_183120619.png","datePublished":"2023-04-22T21:05:00+00:00","breadcrumb":{"@id":"https:\/\/lasentinelle.dz\/index.php\/2023\/04\/22\/batna-vers-la-creation-de-cinq-zones-dactivites\/#breadcrumb"},"inLanguage":"fr-FR","potentialAction":[{"@type":"ReadAction","target":["https:\/\/lasentinelle.dz\/index.php\/2023\/04\/22\/batna-vers-la-creation-de-cinq-zones-dactivites\/"]}]},{"@type":"ImageObject","inLanguage":"fr-FR","@id":"https:\/\/lasentinelle.dz\/index.php\/2023\/04\/22\/batna-vers-la-creation-de-cinq-zones-dactivites\/#primaryimage","url":"https:\/\/lasentinelle.dz\/wp-content\/uploads\/2023\/04\/image_2023-04-22_183120619.png","contentUrl":"https:\/\/lasentinelle.dz\/wp-content\/uploads\/2023\/04\/image_2023-04-22_183120619.png","width":1024,"height":583},{"@type":"BreadcrumbList","@id":"https:\/\/lasentinelle.dz\/index.php\/2023\/04\/22\/batna-vers-la-creation-de-cinq-zones-dactivites\/#breadcrumb","itemListElement":[{"@type":"ListItem","position":1,"name":"Accueil","item":"https:\/\/lasentinelle.dz\/"},{"@type":"ListItem","position":2,"name":"Batna\u00a0: Vers la cr\u00e9ation de cinq zones d\u2019activit\u00e9s"}]},{"@type":"WebSite","@id":"https:\/\/lasentinelle.dz\/#website","url":"https:\/\/lasentinelle.dz\/","name":"La Sentinelle","description":"Quotidien national d&#039;information","publisher":{"@id":"https:\/\/lasentinelle.dz\/#organization"},"potentialAction":[{"@type":"SearchAction","target":{"@type":"EntryPoint","urlTemplate":"https:\/\/lasentinelle.dz\/?s={search_term_string}"},"query-input":{"@type":"PropertyValueSpecification","valueRequired":true,"valueName":"search_term_string"}}],"inLanguage":"fr-FR"},{"@type":"Organization","@id":"https:\/\/lasentinelle.dz\/#organization","name":"Quotidien La Sentinelle","url":"https:\/\/lasentinelle.dz\/","logo":{"@type":"ImageObject","inLanguage":"fr-FR","@id":"https:\/\/lasentinelle.dz\/#\/schema\/logo\/image\/","url":"https:\/\/lasentinelle.dz\/wp-content\/uploads\/2021\/09\/logo-sentinelleSLOGAN-1.png","contentUrl":"https:\/\/lasentinelle.dz\/wp-content\/uploads\/2021\/09\/logo-sentinelleSLOGAN-1.png","width":615,"height":142,"caption":"Quotidien La Sentinelle"},"image":{"@id":"https:\/\/lasentinelle.dz\/#\/schema\/logo\/image\/"},"sameAs":["https:\/\/www.facebook.com\/La-Sentinelle-104059864394773"]},{"@type":"Person","@id":"https:\/\/lasentinelle.dz\/#\/schema\/person\/d865044e22e70a75174ce8bcad3acfb3","name":"La Sentinelle","image":{"@type":"ImageObject","inLanguage":"fr-FR","@id":"https:\/\/secure.gravatar.com\/avatar\/57de8e5d4b15d43fb361a71fbb36338450fe67865b528a43dd10ef7c51a20392?s=96&d=mm&r=g","url":"https:\/\/secure.gravatar.com\/avatar\/57de8e5d4b15d43fb361a71fbb36338450fe67865b528a43dd10ef7c51a20392?s=96&d=mm&r=g","contentUrl":"https:\/\/secure.gravatar.com\/avatar\/57de8e5d4b15d43fb361a71fbb36338450fe67865b528a43dd10ef7c51a20392?s=96&d=mm&r=g","caption":"La Sentinelle"},"sameAs":["http:\/\/www.lasentinelle.dz"],"url":"https:\/\/lasentinelle.dz\/author\/redaction\/"}]}},"_links":{"self":[{"href":"https:\/\/lasentinelle.dz\/index.php\/wp-json\/wp\/v2\/posts\/39843","targetHints":{"allow":["GET"]}}],"collection":[{"href":"https:\/\/lasentinelle.dz\/index.php\/wp-json\/wp\/v2\/posts"}],"about":[{"href":"https:\/\/lasentinelle.dz\/index.php\/wp-json\/wp\/v2\/types\/post"}],"author":[{"embeddable":true,"href":"https:\/\/lasentinelle.dz\/index.php\/wp-json\/wp\/v2\/users\/3"}],"replies":[{"embeddable":true,"href":"https:\/\/lasentinelle.dz\/index.php\/wp-json\/wp\/v2\/comments?post=39843"}],"version-history":[{"count":1,"href":"https:\/\/lasentinelle.dz\/index.php\/wp-json\/wp\/v2\/posts\/39843\/revisions"}],"predecessor-version":[{"id":39847,"href":"https:\/\/lasentinelle.dz\/index.php\/wp-json\/wp\/v2\/posts\/39843\/revisions\/39847"}],"wp:featuredmedia":[{"embeddable":true,"href":"https:\/\/lasentinelle.dz\/index.php\/wp-json\/wp\/v2\/media\/39845"}],"wp:attachment":[{"href":"https:\/\/lasentinelle.dz\/index.php\/wp-json\/wp\/v2\/media?parent=39843"}],"wp:term":[{"taxonomy":"category","embeddable":true,"href":"https:\/\/lasentinelle.dz\/index.php\/wp-json\/wp\/v2\/categories?post=39843"},{"taxonomy":"post_tag","embeddable":true,"href":"https:\/\/lasentinelle.dz\/index.php\/wp-json\/wp\/v2\/tags?post=39843"}],"curies":[{"name":"wp","href":"https:\/\/api.w.org\/{rel}","templated":true}]}}