{"id":39862,"date":"2023-04-22T22:05:00","date_gmt":"2023-04-22T21:05:00","guid":{"rendered":"https:\/\/lasentinelle.dz\/?p=39862"},"modified":"2023-04-22T18:41:29","modified_gmt":"2023-04-22T17:41:29","slug":"les-combats-entrent-dans-leur-deuxieme-semaine-et-des-morts-par-centaines-la-crise-saggrave-au-soudan","status":"publish","type":"post","link":"https:\/\/lasentinelle.dz\/index.php\/2023\/04\/22\/les-combats-entrent-dans-leur-deuxieme-semaine-et-des-morts-par-centaines-la-crise-saggrave-au-soudan\/","title":{"rendered":"Les combats entrent dans leur deuxi\u00e8me semaine et des morts par centaines\u00a0: La crise s\u2019aggrave au Soudan"},"content":{"rendered":"\n<p>Les combats entre militaires et paramilitaires au Soudan qui ont fait des centaines de morts et des milliers de bless\u00e9s sont entr\u00e9s hier dans leur deuxi\u00e8me semaine sans qu&rsquo;aucun cessez-le-feu ne tienne malgr\u00e9 les multiples appels en ce sens de l&rsquo;\u00e9tranger. Apr\u00e8s une nuit relativement calme dans la capitale Khartoum priv\u00e9e en grande partie d&rsquo;\u00e9lectricit\u00e9 et d&rsquo;eau courante, de fortes explosions ont secou\u00e9 la ville dans la matin\u00e9e et des \u00e9changes de tirs ont \u00e9t\u00e9 entendus dans diff\u00e9rents quartiers. Les violences ont \u00e9clat\u00e9 le 15 avril entre l&rsquo;arm\u00e9e du g\u00e9n\u00e9ral Abdel Fattah al-Burhane, dirigeant de facto du Soudan depuis le putsch de 2021, et son adjoint devenu rival, le g\u00e9n\u00e9ral Mohamed Hamdane Daglo, qui commande les Forces de soutien rapide (FSR), des paramilitaires redout\u00e9s. Vendredi, l&rsquo;arm\u00e9e a annonc\u00e9 avoir \u00ab\u00a0accept\u00e9 un cessez-le-feu de trois jours\u00a0\u00bb pour l&rsquo;A\u00efd al-Fitr, qui marque la fin du mois sacr\u00e9 du je\u00fbne musulman. Auparavant, le secr\u00e9taire g\u00e9n\u00e9ral de l&rsquo;ONU, Antonio Guterres, et le secr\u00e9taire d&rsquo;Etat am\u00e9ricain, Antony Blinken, avaient appel\u00e9 \u00e0 un cessez-le-feu. Mais une nouvelle fois, l&rsquo;arm\u00e9e et les FSR et l&rsquo;arm\u00e9e n&rsquo;ont pas respect\u00e9 leurs engagements de faire une pause pour permettre aux civils de fuir et aux pays \u00e9trangers de rapatrier leurs ressortissants. Le bilan encore tr\u00e8s provisoire s&rsquo;\u00e9l\u00e8ve \u00e0 413 morts et 3.551 bless\u00e9s, selon l&rsquo;Organisation mondiale de la Sant\u00e9 (OMS). Depuis vendredi toutefois, les plans d&rsquo;\u00e9vacuation s&rsquo;acc\u00e9l\u00e8rent: les Etats-Unis, la Cor\u00e9e du Sud et le Japon ont d\u00e9ploy\u00e9 des forces dans les pays voisins, et l&rsquo;Union europ\u00e9enne envisage de prendre de mesures similaires. L&rsquo;arm\u00e9e soudanaise a annonc\u00e9 \u00ab\u00a0des op\u00e9rations d&rsquo;\u00e9vacuation dans les prochaines heures\u00a0\u00bb. \u00ab\u00a0Les Etats-Unis, le Royaume-Uni, la France et la Chine \u00e9vacueront leurs diplomates et leurs ressortissants avec leurs avions militaires\u00a0\u00bb, a-t-elle pr\u00e9cis\u00e9. \u00ab\u00a0Les diplomates saoudiens sont d\u00e9j\u00e0 partis par voie terrestre vers Port-Soudan\u00a0\u00bb, sur la c\u00f4te, avant de rejoindre en avion l&rsquo;Arabie saoudite, et les diplomates jordaniens prendront ensuite la m\u00eame route, selon l&rsquo;arm\u00e9e. De leur c\u00f4t\u00e9, les FSR du g\u00e9n\u00e9ral Daglo ont indiqu\u00e9 \u00eatre \u00ab\u00a0pr\u00eates \u00e0 ouvrir tous les a\u00e9roports du Soudan\u00a0\u00bb pour ces \u00e9vacuations. Mais nul ne sait aux mains de qui et dans quel \u00e9tat sont les a\u00e9roports et les bases a\u00e9riennes du Soudan, th\u00e9\u00e2tre de violents combats depuis le premier jour du conflit. Les deux g\u00e9n\u00e9raux qui avaient pris le pouvoir lors du coup d&rsquo;Etat de 2021 sont d\u00e9sormais engag\u00e9s dans une lutte sans merci. Ils ont \u00e9t\u00e9 incapables de s&rsquo;accorder sur l&rsquo;int\u00e9gration des paramilitaires du g\u00e9n\u00e9ral Daglo aux troupes r\u00e9guli\u00e8res du g\u00e9n\u00e9ral Burhane, apr\u00e8s des semaines de n\u00e9gociations politiques sous \u00e9gide internationale. En cons\u00e9quence, l&rsquo;arm\u00e9e a sorti ses avions de combat pour frapper des bases des FSR dans des quartiers r\u00e9sidentiels de Khartoum. Le g\u00e9n\u00e9ral Daglo a lui envoy\u00e9 dans la capitale des colonnes de blind\u00e9s et des milliers de combattants des FSR, pour la plupart d&rsquo;anciens miliciens arabes recrut\u00e9s par l&rsquo;ex-dictateur Omar el-B\u00e9chir, d\u00e9chu en 2019, pour combattre des minorit\u00e9s ethniques au Darfour (ouest). A Khartoum, ville de cinq millions d&rsquo;habitants, de nombreux civils se sont aventur\u00e9s \u00e0 l&rsquo;ext\u00e9rieur uniquement pour obtenir des denr\u00e9es alimentaires d&rsquo;urgence ou pour fuir la ville. La fin du mois de je\u00fbne du ramadan se f\u00eate habituellement \u00ab\u00a0avec des p\u00e2tisseries et des cadeaux pour les enfants\u00a0\u00bb, mais cette ann\u00e9e, ce sont \u00ab\u00a0des coups de feu et l&rsquo;odeur de la mort\u00a0\u00bb, se lamente aupr\u00e8s de l&rsquo;AFP Sami al-Nour, un habitant de Khartoum. Les conditions de vie sont probablement encore pires au Darfour, o\u00f9 personne ne peut se rendre dans l&rsquo;imm\u00e9diat. Sur place, un docteur de M\u00e9decins sans fronti\u00e8res (MSF) \u00e9voque une \u00ab\u00a0situation catastrophique\u00a0\u00bb.Au Soudan, troisi\u00e8me producteur d&rsquo;or d&rsquo;Afrique et pourtant l&rsquo;un des pays les plus pauvres au monde, les services de sant\u00e9 sont \u00e0 genoux depuis des d\u00e9cennies et un tiers des 45 millions d&rsquo;habitants souffre de la faim. L&rsquo;arr\u00eat des op\u00e9rations de la plupart des humanitaires, apr\u00e8s qu&rsquo;au moins quatre d&rsquo;entre eux ont \u00e9t\u00e9 tu\u00e9s depuis une semaine, va aggraver la situation. Et le conflit menace d\u00e9sormais de gagner du terrain au-del\u00e0 des fronti\u00e8res du Soudan, selon des experts. Maintenant que les armes ont parl\u00e9, il faut agir rapidement pour \u00e9viter une \u00ab guerre civile \u00e0 part enti\u00e8re \u00bb, pr\u00e9vient l&rsquo;International Crisis Group (IGC).<\/p>\n\n\n\n<p>K.L. et agences<\/p>\n","protected":false},"excerpt":{"rendered":"<p>Les combats entre militaires et paramilitaires au Soudan qui ont fait des centaines de morts et des milliers de bless\u00e9s<\/p>\n","protected":false},"author":3,"featured_media":39866,"comment_status":"open","ping_status":"closed","sticky":false,"template":"","format":"standard","meta":{"colormag_page_container_layout":"default_layout","colormag_page_sidebar_layout":"default_layout","om_disable_all_campaigns":false,"_monsterinsights_skip_tracking":false,"_monsterinsights_sitenote_active":false,"_monsterinsights_sitenote_note":"","_monsterinsights_sitenote_category":0,"footnotes":"","_wpscppro_dont_share_socialmedia":false,"_wpscppro_custom_social_share_image":0,"_facebook_share_type":"","_twitter_share_type":"","_linkedin_share_type":"","_pinterest_share_type":"","_linkedin_share_type_page":"","_instagram_share_type":"","_medium_share_type":"","_threads_share_type":"","_google_business_share_type":"","_selected_social_profile":[],"_wpsp_enable_custom_social_template":false,"_wpsp_social_scheduling":{"enabled":false,"datetime":null,"platforms":[],"status":"template_only","dateOption":"today","timeOption":"now","customDays":"","customHours":"","customDate":"","customTime":"","schedulingType":"absolute"},"_wpsp_active_default_template":true},"categories":[37],"tags":[],"class_list":["post-39862","post","type-post","status-publish","format-standard","has-post-thumbnail","hentry","category-monde"],"aioseo_notices":[],"yoast_head":"<!-- This site is optimized with the Yoast SEO plugin v27.5 - https:\/\/yoast.com\/product\/yoast-seo-wordpress\/ -->\n<title>Les combats entrent dans leur deuxi\u00e8me semaine et des morts par centaines\u00a0: La crise s\u2019aggrave au Soudan - La Sentinelle<\/title>\n<meta name=\"robots\" content=\"index, follow, max-snippet:-1, max-image-preview:large, max-video-preview:-1\" \/>\n<link rel=\"canonical\" href=\"https:\/\/lasentinelle.dz\/index.php\/2023\/04\/22\/les-combats-entrent-dans-leur-deuxieme-semaine-et-des-morts-par-centaines-la-crise-saggrave-au-soudan\/\" \/>\n<meta property=\"og:locale\" content=\"fr_FR\" \/>\n<meta property=\"og:type\" content=\"article\" \/>\n<meta property=\"og:title\" content=\"Les combats entrent dans leur deuxi\u00e8me semaine et des morts par centaines\u00a0: La crise s\u2019aggrave au Soudan - La Sentinelle\" \/>\n<meta property=\"og:description\" content=\"Les combats entre militaires et paramilitaires au Soudan qui ont fait des centaines de morts et des milliers de bless\u00e9s\" \/>\n<meta property=\"og:url\" content=\"https:\/\/lasentinelle.dz\/index.php\/2023\/04\/22\/les-combats-entrent-dans-leur-deuxieme-semaine-et-des-morts-par-centaines-la-crise-saggrave-au-soudan\/\" \/>\n<meta property=\"og:site_name\" content=\"La Sentinelle\" \/>\n<meta property=\"article:publisher\" content=\"https:\/\/www.facebook.com\/La-Sentinelle-104059864394773\" \/>\n<meta property=\"article:published_time\" content=\"2023-04-22T21:05:00+00:00\" \/>\n<meta property=\"og:image\" content=\"https:\/\/lasentinelle.dz\/wp-content\/uploads\/2023\/04\/image_2023-04-22_184115590.png\" \/>\n\t<meta property=\"og:image:width\" content=\"1200\" \/>\n\t<meta property=\"og:image:height\" content=\"627\" \/>\n\t<meta property=\"og:image:type\" content=\"image\/png\" \/>\n<meta name=\"author\" content=\"La Sentinelle\" \/>\n<meta name=\"twitter:card\" content=\"summary_large_image\" \/>\n<meta name=\"twitter:label1\" content=\"\u00c9crit par\" \/>\n\t<meta name=\"twitter:data1\" content=\"La Sentinelle\" \/>\n\t<meta name=\"twitter:label2\" content=\"Dur\u00e9e de lecture estim\u00e9e\" \/>\n\t<meta name=\"twitter:data2\" content=\"4 minutes\" \/>\n<script type=\"application\/ld+json\" class=\"yoast-schema-graph\">{\"@context\":\"https:\\\/\\\/schema.org\",\"@graph\":[{\"@type\":\"Article\",\"@id\":\"https:\\\/\\\/lasentinelle.dz\\\/index.php\\\/2023\\\/04\\\/22\\\/les-combats-entrent-dans-leur-deuxieme-semaine-et-des-morts-par-centaines-la-crise-saggrave-au-soudan\\\/#article\",\"isPartOf\":{\"@id\":\"https:\\\/\\\/lasentinelle.dz\\\/index.php\\\/2023\\\/04\\\/22\\\/les-combats-entrent-dans-leur-deuxieme-semaine-et-des-morts-par-centaines-la-crise-saggrave-au-soudan\\\/\"},\"author\":{\"name\":\"La Sentinelle\",\"@id\":\"https:\\\/\\\/lasentinelle.dz\\\/#\\\/schema\\\/person\\\/d865044e22e70a75174ce8bcad3acfb3\"},\"headline\":\"Les combats entrent dans leur deuxi\u00e8me semaine et des morts par centaines\u00a0: La crise s\u2019aggrave au Soudan\",\"datePublished\":\"2023-04-22T21:05:00+00:00\",\"mainEntityOfPage\":{\"@id\":\"https:\\\/\\\/lasentinelle.dz\\\/index.php\\\/2023\\\/04\\\/22\\\/les-combats-entrent-dans-leur-deuxieme-semaine-et-des-morts-par-centaines-la-crise-saggrave-au-soudan\\\/\"},\"wordCount\":828,\"commentCount\":0,\"publisher\":{\"@id\":\"https:\\\/\\\/lasentinelle.dz\\\/#organization\"},\"image\":{\"@id\":\"https:\\\/\\\/lasentinelle.dz\\\/index.php\\\/2023\\\/04\\\/22\\\/les-combats-entrent-dans-leur-deuxieme-semaine-et-des-morts-par-centaines-la-crise-saggrave-au-soudan\\\/#primaryimage\"},\"thumbnailUrl\":\"https:\\\/\\\/lasentinelle.dz\\\/wp-content\\\/uploads\\\/2023\\\/04\\\/image_2023-04-22_184115590.png\",\"articleSection\":[\"Monde\"],\"inLanguage\":\"fr-FR\",\"potentialAction\":[{\"@type\":\"CommentAction\",\"name\":\"Comment\",\"target\":[\"https:\\\/\\\/lasentinelle.dz\\\/index.php\\\/2023\\\/04\\\/22\\\/les-combats-entrent-dans-leur-deuxieme-semaine-et-des-morts-par-centaines-la-crise-saggrave-au-soudan\\\/#respond\"]}]},{\"@type\":\"WebPage\",\"@id\":\"https:\\\/\\\/lasentinelle.dz\\\/index.php\\\/2023\\\/04\\\/22\\\/les-combats-entrent-dans-leur-deuxieme-semaine-et-des-morts-par-centaines-la-crise-saggrave-au-soudan\\\/\",\"url\":\"https:\\\/\\\/lasentinelle.dz\\\/index.php\\\/2023\\\/04\\\/22\\\/les-combats-entrent-dans-leur-deuxieme-semaine-et-des-morts-par-centaines-la-crise-saggrave-au-soudan\\\/\",\"name\":\"Les combats entrent dans leur deuxi\u00e8me semaine et des morts par centaines\u00a0: La crise s\u2019aggrave au Soudan - La Sentinelle\",\"isPartOf\":{\"@id\":\"https:\\\/\\\/lasentinelle.dz\\\/#website\"},\"primaryImageOfPage\":{\"@id\":\"https:\\\/\\\/lasentinelle.dz\\\/index.php\\\/2023\\\/04\\\/22\\\/les-combats-entrent-dans-leur-deuxieme-semaine-et-des-morts-par-centaines-la-crise-saggrave-au-soudan\\\/#primaryimage\"},\"image\":{\"@id\":\"https:\\\/\\\/lasentinelle.dz\\\/index.php\\\/2023\\\/04\\\/22\\\/les-combats-entrent-dans-leur-deuxieme-semaine-et-des-morts-par-centaines-la-crise-saggrave-au-soudan\\\/#primaryimage\"},\"thumbnailUrl\":\"https:\\\/\\\/lasentinelle.dz\\\/wp-content\\\/uploads\\\/2023\\\/04\\\/image_2023-04-22_184115590.png\",\"datePublished\":\"2023-04-22T21:05:00+00:00\",\"breadcrumb\":{\"@id\":\"https:\\\/\\\/lasentinelle.dz\\\/index.php\\\/2023\\\/04\\\/22\\\/les-combats-entrent-dans-leur-deuxieme-semaine-et-des-morts-par-centaines-la-crise-saggrave-au-soudan\\\/#breadcrumb\"},\"inLanguage\":\"fr-FR\",\"potentialAction\":[{\"@type\":\"ReadAction\",\"target\":[\"https:\\\/\\\/lasentinelle.dz\\\/index.php\\\/2023\\\/04\\\/22\\\/les-combats-entrent-dans-leur-deuxieme-semaine-et-des-morts-par-centaines-la-crise-saggrave-au-soudan\\\/\"]}]},{\"@type\":\"ImageObject\",\"inLanguage\":\"fr-FR\",\"@id\":\"https:\\\/\\\/lasentinelle.dz\\\/index.php\\\/2023\\\/04\\\/22\\\/les-combats-entrent-dans-leur-deuxieme-semaine-et-des-morts-par-centaines-la-crise-saggrave-au-soudan\\\/#primaryimage\",\"url\":\"https:\\\/\\\/lasentinelle.dz\\\/wp-content\\\/uploads\\\/2023\\\/04\\\/image_2023-04-22_184115590.png\",\"contentUrl\":\"https:\\\/\\\/lasentinelle.dz\\\/wp-content\\\/uploads\\\/2023\\\/04\\\/image_2023-04-22_184115590.png\",\"width\":1200,\"height\":627},{\"@type\":\"BreadcrumbList\",\"@id\":\"https:\\\/\\\/lasentinelle.dz\\\/index.php\\\/2023\\\/04\\\/22\\\/les-combats-entrent-dans-leur-deuxieme-semaine-et-des-morts-par-centaines-la-crise-saggrave-au-soudan\\\/#breadcrumb\",\"itemListElement\":[{\"@type\":\"ListItem\",\"position\":1,\"name\":\"Accueil\",\"item\":\"https:\\\/\\\/lasentinelle.dz\\\/\"},{\"@type\":\"ListItem\",\"position\":2,\"name\":\"Les combats entrent dans leur deuxi\u00e8me semaine et des morts par centaines\u00a0: La crise s\u2019aggrave au Soudan\"}]},{\"@type\":\"WebSite\",\"@id\":\"https:\\\/\\\/lasentinelle.dz\\\/#website\",\"url\":\"https:\\\/\\\/lasentinelle.dz\\\/\",\"name\":\"La Sentinelle\",\"description\":\"Quotidien national d&#039;information\",\"publisher\":{\"@id\":\"https:\\\/\\\/lasentinelle.dz\\\/#organization\"},\"potentialAction\":[{\"@type\":\"SearchAction\",\"target\":{\"@type\":\"EntryPoint\",\"urlTemplate\":\"https:\\\/\\\/lasentinelle.dz\\\/?s={search_term_string}\"},\"query-input\":{\"@type\":\"PropertyValueSpecification\",\"valueRequired\":true,\"valueName\":\"search_term_string\"}}],\"inLanguage\":\"fr-FR\"},{\"@type\":\"Organization\",\"@id\":\"https:\\\/\\\/lasentinelle.dz\\\/#organization\",\"name\":\"Quotidien La Sentinelle\",\"url\":\"https:\\\/\\\/lasentinelle.dz\\\/\",\"logo\":{\"@type\":\"ImageObject\",\"inLanguage\":\"fr-FR\",\"@id\":\"https:\\\/\\\/lasentinelle.dz\\\/#\\\/schema\\\/logo\\\/image\\\/\",\"url\":\"https:\\\/\\\/lasentinelle.dz\\\/wp-content\\\/uploads\\\/2021\\\/09\\\/logo-sentinelleSLOGAN-1.png\",\"contentUrl\":\"https:\\\/\\\/lasentinelle.dz\\\/wp-content\\\/uploads\\\/2021\\\/09\\\/logo-sentinelleSLOGAN-1.png\",\"width\":615,\"height\":142,\"caption\":\"Quotidien La Sentinelle\"},\"image\":{\"@id\":\"https:\\\/\\\/lasentinelle.dz\\\/#\\\/schema\\\/logo\\\/image\\\/\"},\"sameAs\":[\"https:\\\/\\\/www.facebook.com\\\/La-Sentinelle-104059864394773\"]},{\"@type\":\"Person\",\"@id\":\"https:\\\/\\\/lasentinelle.dz\\\/#\\\/schema\\\/person\\\/d865044e22e70a75174ce8bcad3acfb3\",\"name\":\"La Sentinelle\",\"image\":{\"@type\":\"ImageObject\",\"inLanguage\":\"fr-FR\",\"@id\":\"https:\\\/\\\/secure.gravatar.com\\\/avatar\\\/57de8e5d4b15d43fb361a71fbb36338450fe67865b528a43dd10ef7c51a20392?s=96&d=mm&r=g\",\"url\":\"https:\\\/\\\/secure.gravatar.com\\\/avatar\\\/57de8e5d4b15d43fb361a71fbb36338450fe67865b528a43dd10ef7c51a20392?s=96&d=mm&r=g\",\"contentUrl\":\"https:\\\/\\\/secure.gravatar.com\\\/avatar\\\/57de8e5d4b15d43fb361a71fbb36338450fe67865b528a43dd10ef7c51a20392?s=96&d=mm&r=g\",\"caption\":\"La Sentinelle\"},\"sameAs\":[\"http:\\\/\\\/www.lasentinelle.dz\"],\"url\":\"https:\\\/\\\/lasentinelle.dz\\\/author\\\/redaction\\\/\"}]}<\/script>\n<!-- \/ Yoast SEO plugin. -->","yoast_head_json":{"title":"Les combats entrent dans leur deuxi\u00e8me semaine et des morts par centaines\u00a0: La crise s\u2019aggrave au Soudan - La Sentinelle","robots":{"index":"index","follow":"follow","max-snippet":"max-snippet:-1","max-image-preview":"max-image-preview:large","max-video-preview":"max-video-preview:-1"},"canonical":"https:\/\/lasentinelle.dz\/index.php\/2023\/04\/22\/les-combats-entrent-dans-leur-deuxieme-semaine-et-des-morts-par-centaines-la-crise-saggrave-au-soudan\/","og_locale":"fr_FR","og_type":"article","og_title":"Les combats entrent dans leur deuxi\u00e8me semaine et des morts par centaines\u00a0: La crise s\u2019aggrave au Soudan - La Sentinelle","og_description":"Les combats entre militaires et paramilitaires au Soudan qui ont fait des centaines de morts et des milliers de bless\u00e9s","og_url":"https:\/\/lasentinelle.dz\/index.php\/2023\/04\/22\/les-combats-entrent-dans-leur-deuxieme-semaine-et-des-morts-par-centaines-la-crise-saggrave-au-soudan\/","og_site_name":"La Sentinelle","article_publisher":"https:\/\/www.facebook.com\/La-Sentinelle-104059864394773","article_published_time":"2023-04-22T21:05:00+00:00","og_image":[{"width":1200,"height":627,"url":"https:\/\/lasentinelle.dz\/wp-content\/uploads\/2023\/04\/image_2023-04-22_184115590.png","type":"image\/png"}],"author":"La Sentinelle","twitter_card":"summary_large_image","twitter_misc":{"\u00c9crit par":"La Sentinelle","Dur\u00e9e de lecture estim\u00e9e":"4 minutes"},"schema":{"@context":"https:\/\/schema.org","@graph":[{"@type":"Article","@id":"https:\/\/lasentinelle.dz\/index.php\/2023\/04\/22\/les-combats-entrent-dans-leur-deuxieme-semaine-et-des-morts-par-centaines-la-crise-saggrave-au-soudan\/#article","isPartOf":{"@id":"https:\/\/lasentinelle.dz\/index.php\/2023\/04\/22\/les-combats-entrent-dans-leur-deuxieme-semaine-et-des-morts-par-centaines-la-crise-saggrave-au-soudan\/"},"author":{"name":"La Sentinelle","@id":"https:\/\/lasentinelle.dz\/#\/schema\/person\/d865044e22e70a75174ce8bcad3acfb3"},"headline":"Les combats entrent dans leur deuxi\u00e8me semaine et des morts par centaines\u00a0: La crise s\u2019aggrave au Soudan","datePublished":"2023-04-22T21:05:00+00:00","mainEntityOfPage":{"@id":"https:\/\/lasentinelle.dz\/index.php\/2023\/04\/22\/les-combats-entrent-dans-leur-deuxieme-semaine-et-des-morts-par-centaines-la-crise-saggrave-au-soudan\/"},"wordCount":828,"commentCount":0,"publisher":{"@id":"https:\/\/lasentinelle.dz\/#organization"},"image":{"@id":"https:\/\/lasentinelle.dz\/index.php\/2023\/04\/22\/les-combats-entrent-dans-leur-deuxieme-semaine-et-des-morts-par-centaines-la-crise-saggrave-au-soudan\/#primaryimage"},"thumbnailUrl":"https:\/\/lasentinelle.dz\/wp-content\/uploads\/2023\/04\/image_2023-04-22_184115590.png","articleSection":["Monde"],"inLanguage":"fr-FR","potentialAction":[{"@type":"CommentAction","name":"Comment","target":["https:\/\/lasentinelle.dz\/index.php\/2023\/04\/22\/les-combats-entrent-dans-leur-deuxieme-semaine-et-des-morts-par-centaines-la-crise-saggrave-au-soudan\/#respond"]}]},{"@type":"WebPage","@id":"https:\/\/lasentinelle.dz\/index.php\/2023\/04\/22\/les-combats-entrent-dans-leur-deuxieme-semaine-et-des-morts-par-centaines-la-crise-saggrave-au-soudan\/","url":"https:\/\/lasentinelle.dz\/index.php\/2023\/04\/22\/les-combats-entrent-dans-leur-deuxieme-semaine-et-des-morts-par-centaines-la-crise-saggrave-au-soudan\/","name":"Les combats entrent dans leur deuxi\u00e8me semaine et des morts par centaines\u00a0: La crise s\u2019aggrave au Soudan - La Sentinelle","isPartOf":{"@id":"https:\/\/lasentinelle.dz\/#website"},"primaryImageOfPage":{"@id":"https:\/\/lasentinelle.dz\/index.php\/2023\/04\/22\/les-combats-entrent-dans-leur-deuxieme-semaine-et-des-morts-par-centaines-la-crise-saggrave-au-soudan\/#primaryimage"},"image":{"@id":"https:\/\/lasentinelle.dz\/index.php\/2023\/04\/22\/les-combats-entrent-dans-leur-deuxieme-semaine-et-des-morts-par-centaines-la-crise-saggrave-au-soudan\/#primaryimage"},"thumbnailUrl":"https:\/\/lasentinelle.dz\/wp-content\/uploads\/2023\/04\/image_2023-04-22_184115590.png","datePublished":"2023-04-22T21:05:00+00:00","breadcrumb":{"@id":"https:\/\/lasentinelle.dz\/index.php\/2023\/04\/22\/les-combats-entrent-dans-leur-deuxieme-semaine-et-des-morts-par-centaines-la-crise-saggrave-au-soudan\/#breadcrumb"},"inLanguage":"fr-FR","potentialAction":[{"@type":"ReadAction","target":["https:\/\/lasentinelle.dz\/index.php\/2023\/04\/22\/les-combats-entrent-dans-leur-deuxieme-semaine-et-des-morts-par-centaines-la-crise-saggrave-au-soudan\/"]}]},{"@type":"ImageObject","inLanguage":"fr-FR","@id":"https:\/\/lasentinelle.dz\/index.php\/2023\/04\/22\/les-combats-entrent-dans-leur-deuxieme-semaine-et-des-morts-par-centaines-la-crise-saggrave-au-soudan\/#primaryimage","url":"https:\/\/lasentinelle.dz\/wp-content\/uploads\/2023\/04\/image_2023-04-22_184115590.png","contentUrl":"https:\/\/lasentinelle.dz\/wp-content\/uploads\/2023\/04\/image_2023-04-22_184115590.png","width":1200,"height":627},{"@type":"BreadcrumbList","@id":"https:\/\/lasentinelle.dz\/index.php\/2023\/04\/22\/les-combats-entrent-dans-leur-deuxieme-semaine-et-des-morts-par-centaines-la-crise-saggrave-au-soudan\/#breadcrumb","itemListElement":[{"@type":"ListItem","position":1,"name":"Accueil","item":"https:\/\/lasentinelle.dz\/"},{"@type":"ListItem","position":2,"name":"Les combats entrent dans leur deuxi\u00e8me semaine et des morts par centaines\u00a0: La crise s\u2019aggrave au Soudan"}]},{"@type":"WebSite","@id":"https:\/\/lasentinelle.dz\/#website","url":"https:\/\/lasentinelle.dz\/","name":"La Sentinelle","description":"Quotidien national d&#039;information","publisher":{"@id":"https:\/\/lasentinelle.dz\/#organization"},"potentialAction":[{"@type":"SearchAction","target":{"@type":"EntryPoint","urlTemplate":"https:\/\/lasentinelle.dz\/?s={search_term_string}"},"query-input":{"@type":"PropertyValueSpecification","valueRequired":true,"valueName":"search_term_string"}}],"inLanguage":"fr-FR"},{"@type":"Organization","@id":"https:\/\/lasentinelle.dz\/#organization","name":"Quotidien La Sentinelle","url":"https:\/\/lasentinelle.dz\/","logo":{"@type":"ImageObject","inLanguage":"fr-FR","@id":"https:\/\/lasentinelle.dz\/#\/schema\/logo\/image\/","url":"https:\/\/lasentinelle.dz\/wp-content\/uploads\/2021\/09\/logo-sentinelleSLOGAN-1.png","contentUrl":"https:\/\/lasentinelle.dz\/wp-content\/uploads\/2021\/09\/logo-sentinelleSLOGAN-1.png","width":615,"height":142,"caption":"Quotidien La Sentinelle"},"image":{"@id":"https:\/\/lasentinelle.dz\/#\/schema\/logo\/image\/"},"sameAs":["https:\/\/www.facebook.com\/La-Sentinelle-104059864394773"]},{"@type":"Person","@id":"https:\/\/lasentinelle.dz\/#\/schema\/person\/d865044e22e70a75174ce8bcad3acfb3","name":"La Sentinelle","image":{"@type":"ImageObject","inLanguage":"fr-FR","@id":"https:\/\/secure.gravatar.com\/avatar\/57de8e5d4b15d43fb361a71fbb36338450fe67865b528a43dd10ef7c51a20392?s=96&d=mm&r=g","url":"https:\/\/secure.gravatar.com\/avatar\/57de8e5d4b15d43fb361a71fbb36338450fe67865b528a43dd10ef7c51a20392?s=96&d=mm&r=g","contentUrl":"https:\/\/secure.gravatar.com\/avatar\/57de8e5d4b15d43fb361a71fbb36338450fe67865b528a43dd10ef7c51a20392?s=96&d=mm&r=g","caption":"La Sentinelle"},"sameAs":["http:\/\/www.lasentinelle.dz"],"url":"https:\/\/lasentinelle.dz\/author\/redaction\/"}]}},"_links":{"self":[{"href":"https:\/\/lasentinelle.dz\/index.php\/wp-json\/wp\/v2\/posts\/39862","targetHints":{"allow":["GET"]}}],"collection":[{"href":"https:\/\/lasentinelle.dz\/index.php\/wp-json\/wp\/v2\/posts"}],"about":[{"href":"https:\/\/lasentinelle.dz\/index.php\/wp-json\/wp\/v2\/types\/post"}],"author":[{"embeddable":true,"href":"https:\/\/lasentinelle.dz\/index.php\/wp-json\/wp\/v2\/users\/3"}],"replies":[{"embeddable":true,"href":"https:\/\/lasentinelle.dz\/index.php\/wp-json\/wp\/v2\/comments?post=39862"}],"version-history":[{"count":1,"href":"https:\/\/lasentinelle.dz\/index.php\/wp-json\/wp\/v2\/posts\/39862\/revisions"}],"predecessor-version":[{"id":39867,"href":"https:\/\/lasentinelle.dz\/index.php\/wp-json\/wp\/v2\/posts\/39862\/revisions\/39867"}],"wp:featuredmedia":[{"embeddable":true,"href":"https:\/\/lasentinelle.dz\/index.php\/wp-json\/wp\/v2\/media\/39866"}],"wp:attachment":[{"href":"https:\/\/lasentinelle.dz\/index.php\/wp-json\/wp\/v2\/media?parent=39862"}],"wp:term":[{"taxonomy":"category","embeddable":true,"href":"https:\/\/lasentinelle.dz\/index.php\/wp-json\/wp\/v2\/categories?post=39862"},{"taxonomy":"post_tag","embeddable":true,"href":"https:\/\/lasentinelle.dz\/index.php\/wp-json\/wp\/v2\/tags?post=39862"}],"curies":[{"name":"wp","href":"https:\/\/api.w.org\/{rel}","templated":true}]}}