{"id":39875,"date":"2023-04-22T22:05:00","date_gmt":"2023-04-22T21:05:00","guid":{"rendered":"https:\/\/lasentinelle.dz\/?p=39875"},"modified":"2023-04-22T19:03:41","modified_gmt":"2023-04-22T18:03:41","slug":"finances-faid-insiste-sur-lacceleration-de-la-numerisation-du-secteur","status":"publish","type":"post","link":"https:\/\/lasentinelle.dz\/index.php\/2023\/04\/22\/finances-faid-insiste-sur-lacceleration-de-la-numerisation-du-secteur\/","title":{"rendered":"Finances\u00a0: Faid insiste sur l&rsquo;acc\u00e9l\u00e9ration de la num\u00e9risation du secteur"},"content":{"rendered":"\n<p>Le ministre des Finances, Laziz Faid a mis l&rsquo;accent, hier, sur l&rsquo;imp\u00e9rative acc\u00e9l\u00e9ration de la cadence de num\u00e9risation du secteur des Finances en Alg\u00e9rie, relevant l&rsquo;importance de ce processus dans la r\u00e9ussite des r\u00e9formes \u00e9conomiques en cours. Dans un message de f\u00e9licitations adress\u00e9 aux cadres et employ\u00e9s du secteur des finances \u00e0 l&rsquo;occasion de l&rsquo;A\u00efd el-Fitr, M. Faid a rappel\u00e9 l&rsquo;importance du secteur qui est \u00ab\u00a0un des principaux acteurs dans la concr\u00e9tisation des diff\u00e9rentes politiques sectorielles\u00a0\u00bb, soulignant \u00ab\u00a0l&rsquo;urgence\u00a0\u00bb de sa num\u00e9risation et de sa modernisation pour la r\u00e9ussite des r\u00e9formes engag\u00e9es par les pouvoirs publics. Il a insist\u00e9, par la m\u00eame occasion, sur \u00ab\u00a0la poursuite du processus de modernisation du secteur et l&rsquo;acc\u00e9l\u00e9ration de la cadence de num\u00e9risation de toutes les activit\u00e9s de la finance g\u00e9n\u00e9rale \u00e0 tous les niveaux\u00a0\u00bb, et ce, a-t-il fait observer \u00ab\u00a0compte tenu de l&rsquo;importance de l&rsquo;\u00e9tablissement d&rsquo;un nouveau syst\u00e8me de gouvernance bas\u00e9 sur l&rsquo;efficacit\u00e9, \u00e0 travers la cons\u00e9cration effective de la culture de travail reposant sur l&rsquo;\u00e9valuation selon les r\u00e9sultats, partant de la perspective de l&rsquo;am\u00e9lioration de la qualit\u00e9 du service public fourni par le secteur\u00a0\u00bb. Le premier argentier du pays a \u00e9galement r\u00e9it\u00e9r\u00e9 sa volont\u00e9 de consolider les acquis r\u00e9alis\u00e9s dans tous les domaines de la r\u00e9forme fiscale, budg\u00e9taire et comptable, et de poursuivre la qu\u00eate de rationalisation des d\u00e9penses publiques et de la transparence, contribuant ainsi \u00e0 l&rsquo;am\u00e9lioration du climat des investissements et des affaires et au financement de l&rsquo;\u00e9conomie nationale. Dans son message, le ministre a exprim\u00e9 sa \u00ab\u00a0profonde gratitude et sa reconnaissance pour les efforts continus d\u00e9ploy\u00e9s par tous les cadres et les employ\u00e9s afin de relever les d\u00e9fis du secteur\u00a0\u00bb, souhaitant que ces efforts soient \u00ab\u00a0fructueux et se versent dans les efforts visant \u00e0 faire avancer le pays vers la r\u00e9alisation du d\u00e9veloppement \u00e9conomique escompt\u00e9\u00a0\u00bb.<\/p>\n\n\n\n<p>APS<\/p>\n","protected":false},"excerpt":{"rendered":"<p>Le ministre des Finances, Laziz Faid a mis l&rsquo;accent, hier, sur l&rsquo;imp\u00e9rative acc\u00e9l\u00e9ration de la cadence de num\u00e9risation du secteur<\/p>\n","protected":false},"author":3,"featured_media":39880,"comment_status":"open","ping_status":"closed","sticky":false,"template":"","format":"standard","meta":{"colormag_page_container_layout":"default_layout","colormag_page_sidebar_layout":"default_layout","om_disable_all_campaigns":false,"_monsterinsights_skip_tracking":false,"_monsterinsights_sitenote_active":false,"_monsterinsights_sitenote_note":"","_monsterinsights_sitenote_category":0,"footnotes":"","_wpscppro_dont_share_socialmedia":false,"_wpscppro_custom_social_share_image":0,"_facebook_share_type":"","_twitter_share_type":"","_linkedin_share_type":"","_pinterest_share_type":"","_linkedin_share_type_page":"","_instagram_share_type":"","_medium_share_type":"","_threads_share_type":"","_google_business_share_type":"","_selected_social_profile":[],"_wpsp_enable_custom_social_template":false,"_wpsp_social_scheduling":{"enabled":false,"datetime":null,"platforms":[],"status":"template_only","dateOption":"today","timeOption":"now","customDays":"","customHours":"","customDate":"","customTime":"","schedulingType":"absolute"},"_wpsp_active_default_template":true},"categories":[29],"tags":[],"class_list":["post-39875","post","type-post","status-publish","format-standard","has-post-thumbnail","hentry","category-economie"],"aioseo_notices":[],"yoast_head":"<!-- This site is optimized with the Yoast SEO plugin v27.5 - https:\/\/yoast.com\/product\/yoast-seo-wordpress\/ -->\n<title>Finances\u00a0: Faid insiste sur l&rsquo;acc\u00e9l\u00e9ration de la num\u00e9risation du secteur - La Sentinelle<\/title>\n<meta name=\"robots\" content=\"index, follow, max-snippet:-1, max-image-preview:large, max-video-preview:-1\" \/>\n<link rel=\"canonical\" href=\"https:\/\/lasentinelle.dz\/index.php\/2023\/04\/22\/finances-faid-insiste-sur-lacceleration-de-la-numerisation-du-secteur\/\" \/>\n<meta property=\"og:locale\" content=\"fr_FR\" \/>\n<meta property=\"og:type\" content=\"article\" \/>\n<meta property=\"og:title\" content=\"Finances\u00a0: Faid insiste sur l&rsquo;acc\u00e9l\u00e9ration de la num\u00e9risation du secteur - La Sentinelle\" \/>\n<meta property=\"og:description\" content=\"Le ministre des Finances, Laziz Faid a mis l&rsquo;accent, hier, sur l&rsquo;imp\u00e9rative acc\u00e9l\u00e9ration de la cadence de num\u00e9risation du secteur\" \/>\n<meta property=\"og:url\" content=\"https:\/\/lasentinelle.dz\/index.php\/2023\/04\/22\/finances-faid-insiste-sur-lacceleration-de-la-numerisation-du-secteur\/\" \/>\n<meta property=\"og:site_name\" content=\"La Sentinelle\" \/>\n<meta property=\"article:publisher\" content=\"https:\/\/www.facebook.com\/La-Sentinelle-104059864394773\" \/>\n<meta property=\"article:published_time\" content=\"2023-04-22T21:05:00+00:00\" \/>\n<meta property=\"og:image\" content=\"https:\/\/lasentinelle.dz\/wp-content\/uploads\/2023\/04\/image_2023-04-22_190334434.png\" \/>\n\t<meta property=\"og:image:width\" content=\"580\" \/>\n\t<meta property=\"og:image:height\" content=\"350\" \/>\n\t<meta property=\"og:image:type\" content=\"image\/png\" \/>\n<meta name=\"author\" content=\"La Sentinelle\" \/>\n<meta name=\"twitter:card\" content=\"summary_large_image\" \/>\n<meta name=\"twitter:label1\" content=\"\u00c9crit par\" \/>\n\t<meta name=\"twitter:data1\" content=\"La Sentinelle\" \/>\n\t<meta name=\"twitter:label2\" content=\"Dur\u00e9e de lecture estim\u00e9e\" \/>\n\t<meta name=\"twitter:data2\" content=\"2 minutes\" \/>\n<script type=\"application\/ld+json\" class=\"yoast-schema-graph\">{\"@context\":\"https:\\\/\\\/schema.org\",\"@graph\":[{\"@type\":\"Article\",\"@id\":\"https:\\\/\\\/lasentinelle.dz\\\/index.php\\\/2023\\\/04\\\/22\\\/finances-faid-insiste-sur-lacceleration-de-la-numerisation-du-secteur\\\/#article\",\"isPartOf\":{\"@id\":\"https:\\\/\\\/lasentinelle.dz\\\/index.php\\\/2023\\\/04\\\/22\\\/finances-faid-insiste-sur-lacceleration-de-la-numerisation-du-secteur\\\/\"},\"author\":{\"name\":\"La Sentinelle\",\"@id\":\"https:\\\/\\\/lasentinelle.dz\\\/#\\\/schema\\\/person\\\/d865044e22e70a75174ce8bcad3acfb3\"},\"headline\":\"Finances\u00a0: Faid insiste sur l&rsquo;acc\u00e9l\u00e9ration de la num\u00e9risation du secteur\",\"datePublished\":\"2023-04-22T21:05:00+00:00\",\"mainEntityOfPage\":{\"@id\":\"https:\\\/\\\/lasentinelle.dz\\\/index.php\\\/2023\\\/04\\\/22\\\/finances-faid-insiste-sur-lacceleration-de-la-numerisation-du-secteur\\\/\"},\"wordCount\":364,\"commentCount\":0,\"publisher\":{\"@id\":\"https:\\\/\\\/lasentinelle.dz\\\/#organization\"},\"image\":{\"@id\":\"https:\\\/\\\/lasentinelle.dz\\\/index.php\\\/2023\\\/04\\\/22\\\/finances-faid-insiste-sur-lacceleration-de-la-numerisation-du-secteur\\\/#primaryimage\"},\"thumbnailUrl\":\"https:\\\/\\\/lasentinelle.dz\\\/wp-content\\\/uploads\\\/2023\\\/04\\\/image_2023-04-22_190334434.png\",\"articleSection\":[\"\u00c9conomie\"],\"inLanguage\":\"fr-FR\",\"potentialAction\":[{\"@type\":\"CommentAction\",\"name\":\"Comment\",\"target\":[\"https:\\\/\\\/lasentinelle.dz\\\/index.php\\\/2023\\\/04\\\/22\\\/finances-faid-insiste-sur-lacceleration-de-la-numerisation-du-secteur\\\/#respond\"]}]},{\"@type\":\"WebPage\",\"@id\":\"https:\\\/\\\/lasentinelle.dz\\\/index.php\\\/2023\\\/04\\\/22\\\/finances-faid-insiste-sur-lacceleration-de-la-numerisation-du-secteur\\\/\",\"url\":\"https:\\\/\\\/lasentinelle.dz\\\/index.php\\\/2023\\\/04\\\/22\\\/finances-faid-insiste-sur-lacceleration-de-la-numerisation-du-secteur\\\/\",\"name\":\"Finances\u00a0: Faid insiste sur l&rsquo;acc\u00e9l\u00e9ration de la num\u00e9risation du secteur - La Sentinelle\",\"isPartOf\":{\"@id\":\"https:\\\/\\\/lasentinelle.dz\\\/#website\"},\"primaryImageOfPage\":{\"@id\":\"https:\\\/\\\/lasentinelle.dz\\\/index.php\\\/2023\\\/04\\\/22\\\/finances-faid-insiste-sur-lacceleration-de-la-numerisation-du-secteur\\\/#primaryimage\"},\"image\":{\"@id\":\"https:\\\/\\\/lasentinelle.dz\\\/index.php\\\/2023\\\/04\\\/22\\\/finances-faid-insiste-sur-lacceleration-de-la-numerisation-du-secteur\\\/#primaryimage\"},\"thumbnailUrl\":\"https:\\\/\\\/lasentinelle.dz\\\/wp-content\\\/uploads\\\/2023\\\/04\\\/image_2023-04-22_190334434.png\",\"datePublished\":\"2023-04-22T21:05:00+00:00\",\"breadcrumb\":{\"@id\":\"https:\\\/\\\/lasentinelle.dz\\\/index.php\\\/2023\\\/04\\\/22\\\/finances-faid-insiste-sur-lacceleration-de-la-numerisation-du-secteur\\\/#breadcrumb\"},\"inLanguage\":\"fr-FR\",\"potentialAction\":[{\"@type\":\"ReadAction\",\"target\":[\"https:\\\/\\\/lasentinelle.dz\\\/index.php\\\/2023\\\/04\\\/22\\\/finances-faid-insiste-sur-lacceleration-de-la-numerisation-du-secteur\\\/\"]}]},{\"@type\":\"ImageObject\",\"inLanguage\":\"fr-FR\",\"@id\":\"https:\\\/\\\/lasentinelle.dz\\\/index.php\\\/2023\\\/04\\\/22\\\/finances-faid-insiste-sur-lacceleration-de-la-numerisation-du-secteur\\\/#primaryimage\",\"url\":\"https:\\\/\\\/lasentinelle.dz\\\/wp-content\\\/uploads\\\/2023\\\/04\\\/image_2023-04-22_190334434.png\",\"contentUrl\":\"https:\\\/\\\/lasentinelle.dz\\\/wp-content\\\/uploads\\\/2023\\\/04\\\/image_2023-04-22_190334434.png\",\"width\":580,\"height\":350},{\"@type\":\"BreadcrumbList\",\"@id\":\"https:\\\/\\\/lasentinelle.dz\\\/index.php\\\/2023\\\/04\\\/22\\\/finances-faid-insiste-sur-lacceleration-de-la-numerisation-du-secteur\\\/#breadcrumb\",\"itemListElement\":[{\"@type\":\"ListItem\",\"position\":1,\"name\":\"Accueil\",\"item\":\"https:\\\/\\\/lasentinelle.dz\\\/\"},{\"@type\":\"ListItem\",\"position\":2,\"name\":\"Finances\u00a0: Faid insiste sur l&rsquo;acc\u00e9l\u00e9ration de la num\u00e9risation du secteur\"}]},{\"@type\":\"WebSite\",\"@id\":\"https:\\\/\\\/lasentinelle.dz\\\/#website\",\"url\":\"https:\\\/\\\/lasentinelle.dz\\\/\",\"name\":\"La Sentinelle\",\"description\":\"Quotidien national d&#039;information\",\"publisher\":{\"@id\":\"https:\\\/\\\/lasentinelle.dz\\\/#organization\"},\"potentialAction\":[{\"@type\":\"SearchAction\",\"target\":{\"@type\":\"EntryPoint\",\"urlTemplate\":\"https:\\\/\\\/lasentinelle.dz\\\/?s={search_term_string}\"},\"query-input\":{\"@type\":\"PropertyValueSpecification\",\"valueRequired\":true,\"valueName\":\"search_term_string\"}}],\"inLanguage\":\"fr-FR\"},{\"@type\":\"Organization\",\"@id\":\"https:\\\/\\\/lasentinelle.dz\\\/#organization\",\"name\":\"Quotidien La Sentinelle\",\"url\":\"https:\\\/\\\/lasentinelle.dz\\\/\",\"logo\":{\"@type\":\"ImageObject\",\"inLanguage\":\"fr-FR\",\"@id\":\"https:\\\/\\\/lasentinelle.dz\\\/#\\\/schema\\\/logo\\\/image\\\/\",\"url\":\"https:\\\/\\\/lasentinelle.dz\\\/wp-content\\\/uploads\\\/2021\\\/09\\\/logo-sentinelleSLOGAN-1.png\",\"contentUrl\":\"https:\\\/\\\/lasentinelle.dz\\\/wp-content\\\/uploads\\\/2021\\\/09\\\/logo-sentinelleSLOGAN-1.png\",\"width\":615,\"height\":142,\"caption\":\"Quotidien La Sentinelle\"},\"image\":{\"@id\":\"https:\\\/\\\/lasentinelle.dz\\\/#\\\/schema\\\/logo\\\/image\\\/\"},\"sameAs\":[\"https:\\\/\\\/www.facebook.com\\\/La-Sentinelle-104059864394773\"]},{\"@type\":\"Person\",\"@id\":\"https:\\\/\\\/lasentinelle.dz\\\/#\\\/schema\\\/person\\\/d865044e22e70a75174ce8bcad3acfb3\",\"name\":\"La Sentinelle\",\"image\":{\"@type\":\"ImageObject\",\"inLanguage\":\"fr-FR\",\"@id\":\"https:\\\/\\\/secure.gravatar.com\\\/avatar\\\/57de8e5d4b15d43fb361a71fbb36338450fe67865b528a43dd10ef7c51a20392?s=96&d=mm&r=g\",\"url\":\"https:\\\/\\\/secure.gravatar.com\\\/avatar\\\/57de8e5d4b15d43fb361a71fbb36338450fe67865b528a43dd10ef7c51a20392?s=96&d=mm&r=g\",\"contentUrl\":\"https:\\\/\\\/secure.gravatar.com\\\/avatar\\\/57de8e5d4b15d43fb361a71fbb36338450fe67865b528a43dd10ef7c51a20392?s=96&d=mm&r=g\",\"caption\":\"La Sentinelle\"},\"sameAs\":[\"http:\\\/\\\/www.lasentinelle.dz\"],\"url\":\"https:\\\/\\\/lasentinelle.dz\\\/author\\\/redaction\\\/\"}]}<\/script>\n<!-- \/ Yoast SEO plugin. -->","yoast_head_json":{"title":"Finances\u00a0: Faid insiste sur l&rsquo;acc\u00e9l\u00e9ration de la num\u00e9risation du secteur - La Sentinelle","robots":{"index":"index","follow":"follow","max-snippet":"max-snippet:-1","max-image-preview":"max-image-preview:large","max-video-preview":"max-video-preview:-1"},"canonical":"https:\/\/lasentinelle.dz\/index.php\/2023\/04\/22\/finances-faid-insiste-sur-lacceleration-de-la-numerisation-du-secteur\/","og_locale":"fr_FR","og_type":"article","og_title":"Finances\u00a0: Faid insiste sur l&rsquo;acc\u00e9l\u00e9ration de la num\u00e9risation du secteur - La Sentinelle","og_description":"Le ministre des Finances, Laziz Faid a mis l&rsquo;accent, hier, sur l&rsquo;imp\u00e9rative acc\u00e9l\u00e9ration de la cadence de num\u00e9risation du secteur","og_url":"https:\/\/lasentinelle.dz\/index.php\/2023\/04\/22\/finances-faid-insiste-sur-lacceleration-de-la-numerisation-du-secteur\/","og_site_name":"La Sentinelle","article_publisher":"https:\/\/www.facebook.com\/La-Sentinelle-104059864394773","article_published_time":"2023-04-22T21:05:00+00:00","og_image":[{"width":580,"height":350,"url":"https:\/\/lasentinelle.dz\/wp-content\/uploads\/2023\/04\/image_2023-04-22_190334434.png","type":"image\/png"}],"author":"La Sentinelle","twitter_card":"summary_large_image","twitter_misc":{"\u00c9crit par":"La Sentinelle","Dur\u00e9e de lecture estim\u00e9e":"2 minutes"},"schema":{"@context":"https:\/\/schema.org","@graph":[{"@type":"Article","@id":"https:\/\/lasentinelle.dz\/index.php\/2023\/04\/22\/finances-faid-insiste-sur-lacceleration-de-la-numerisation-du-secteur\/#article","isPartOf":{"@id":"https:\/\/lasentinelle.dz\/index.php\/2023\/04\/22\/finances-faid-insiste-sur-lacceleration-de-la-numerisation-du-secteur\/"},"author":{"name":"La Sentinelle","@id":"https:\/\/lasentinelle.dz\/#\/schema\/person\/d865044e22e70a75174ce8bcad3acfb3"},"headline":"Finances\u00a0: Faid insiste sur l&rsquo;acc\u00e9l\u00e9ration de la num\u00e9risation du secteur","datePublished":"2023-04-22T21:05:00+00:00","mainEntityOfPage":{"@id":"https:\/\/lasentinelle.dz\/index.php\/2023\/04\/22\/finances-faid-insiste-sur-lacceleration-de-la-numerisation-du-secteur\/"},"wordCount":364,"commentCount":0,"publisher":{"@id":"https:\/\/lasentinelle.dz\/#organization"},"image":{"@id":"https:\/\/lasentinelle.dz\/index.php\/2023\/04\/22\/finances-faid-insiste-sur-lacceleration-de-la-numerisation-du-secteur\/#primaryimage"},"thumbnailUrl":"https:\/\/lasentinelle.dz\/wp-content\/uploads\/2023\/04\/image_2023-04-22_190334434.png","articleSection":["\u00c9conomie"],"inLanguage":"fr-FR","potentialAction":[{"@type":"CommentAction","name":"Comment","target":["https:\/\/lasentinelle.dz\/index.php\/2023\/04\/22\/finances-faid-insiste-sur-lacceleration-de-la-numerisation-du-secteur\/#respond"]}]},{"@type":"WebPage","@id":"https:\/\/lasentinelle.dz\/index.php\/2023\/04\/22\/finances-faid-insiste-sur-lacceleration-de-la-numerisation-du-secteur\/","url":"https:\/\/lasentinelle.dz\/index.php\/2023\/04\/22\/finances-faid-insiste-sur-lacceleration-de-la-numerisation-du-secteur\/","name":"Finances\u00a0: Faid insiste sur l&rsquo;acc\u00e9l\u00e9ration de la num\u00e9risation du secteur - La Sentinelle","isPartOf":{"@id":"https:\/\/lasentinelle.dz\/#website"},"primaryImageOfPage":{"@id":"https:\/\/lasentinelle.dz\/index.php\/2023\/04\/22\/finances-faid-insiste-sur-lacceleration-de-la-numerisation-du-secteur\/#primaryimage"},"image":{"@id":"https:\/\/lasentinelle.dz\/index.php\/2023\/04\/22\/finances-faid-insiste-sur-lacceleration-de-la-numerisation-du-secteur\/#primaryimage"},"thumbnailUrl":"https:\/\/lasentinelle.dz\/wp-content\/uploads\/2023\/04\/image_2023-04-22_190334434.png","datePublished":"2023-04-22T21:05:00+00:00","breadcrumb":{"@id":"https:\/\/lasentinelle.dz\/index.php\/2023\/04\/22\/finances-faid-insiste-sur-lacceleration-de-la-numerisation-du-secteur\/#breadcrumb"},"inLanguage":"fr-FR","potentialAction":[{"@type":"ReadAction","target":["https:\/\/lasentinelle.dz\/index.php\/2023\/04\/22\/finances-faid-insiste-sur-lacceleration-de-la-numerisation-du-secteur\/"]}]},{"@type":"ImageObject","inLanguage":"fr-FR","@id":"https:\/\/lasentinelle.dz\/index.php\/2023\/04\/22\/finances-faid-insiste-sur-lacceleration-de-la-numerisation-du-secteur\/#primaryimage","url":"https:\/\/lasentinelle.dz\/wp-content\/uploads\/2023\/04\/image_2023-04-22_190334434.png","contentUrl":"https:\/\/lasentinelle.dz\/wp-content\/uploads\/2023\/04\/image_2023-04-22_190334434.png","width":580,"height":350},{"@type":"BreadcrumbList","@id":"https:\/\/lasentinelle.dz\/index.php\/2023\/04\/22\/finances-faid-insiste-sur-lacceleration-de-la-numerisation-du-secteur\/#breadcrumb","itemListElement":[{"@type":"ListItem","position":1,"name":"Accueil","item":"https:\/\/lasentinelle.dz\/"},{"@type":"ListItem","position":2,"name":"Finances\u00a0: Faid insiste sur l&rsquo;acc\u00e9l\u00e9ration de la num\u00e9risation du secteur"}]},{"@type":"WebSite","@id":"https:\/\/lasentinelle.dz\/#website","url":"https:\/\/lasentinelle.dz\/","name":"La Sentinelle","description":"Quotidien national d&#039;information","publisher":{"@id":"https:\/\/lasentinelle.dz\/#organization"},"potentialAction":[{"@type":"SearchAction","target":{"@type":"EntryPoint","urlTemplate":"https:\/\/lasentinelle.dz\/?s={search_term_string}"},"query-input":{"@type":"PropertyValueSpecification","valueRequired":true,"valueName":"search_term_string"}}],"inLanguage":"fr-FR"},{"@type":"Organization","@id":"https:\/\/lasentinelle.dz\/#organization","name":"Quotidien La Sentinelle","url":"https:\/\/lasentinelle.dz\/","logo":{"@type":"ImageObject","inLanguage":"fr-FR","@id":"https:\/\/lasentinelle.dz\/#\/schema\/logo\/image\/","url":"https:\/\/lasentinelle.dz\/wp-content\/uploads\/2021\/09\/logo-sentinelleSLOGAN-1.png","contentUrl":"https:\/\/lasentinelle.dz\/wp-content\/uploads\/2021\/09\/logo-sentinelleSLOGAN-1.png","width":615,"height":142,"caption":"Quotidien La Sentinelle"},"image":{"@id":"https:\/\/lasentinelle.dz\/#\/schema\/logo\/image\/"},"sameAs":["https:\/\/www.facebook.com\/La-Sentinelle-104059864394773"]},{"@type":"Person","@id":"https:\/\/lasentinelle.dz\/#\/schema\/person\/d865044e22e70a75174ce8bcad3acfb3","name":"La Sentinelle","image":{"@type":"ImageObject","inLanguage":"fr-FR","@id":"https:\/\/secure.gravatar.com\/avatar\/57de8e5d4b15d43fb361a71fbb36338450fe67865b528a43dd10ef7c51a20392?s=96&d=mm&r=g","url":"https:\/\/secure.gravatar.com\/avatar\/57de8e5d4b15d43fb361a71fbb36338450fe67865b528a43dd10ef7c51a20392?s=96&d=mm&r=g","contentUrl":"https:\/\/secure.gravatar.com\/avatar\/57de8e5d4b15d43fb361a71fbb36338450fe67865b528a43dd10ef7c51a20392?s=96&d=mm&r=g","caption":"La Sentinelle"},"sameAs":["http:\/\/www.lasentinelle.dz"],"url":"https:\/\/lasentinelle.dz\/author\/redaction\/"}]}},"_links":{"self":[{"href":"https:\/\/lasentinelle.dz\/index.php\/wp-json\/wp\/v2\/posts\/39875","targetHints":{"allow":["GET"]}}],"collection":[{"href":"https:\/\/lasentinelle.dz\/index.php\/wp-json\/wp\/v2\/posts"}],"about":[{"href":"https:\/\/lasentinelle.dz\/index.php\/wp-json\/wp\/v2\/types\/post"}],"author":[{"embeddable":true,"href":"https:\/\/lasentinelle.dz\/index.php\/wp-json\/wp\/v2\/users\/3"}],"replies":[{"embeddable":true,"href":"https:\/\/lasentinelle.dz\/index.php\/wp-json\/wp\/v2\/comments?post=39875"}],"version-history":[{"count":1,"href":"https:\/\/lasentinelle.dz\/index.php\/wp-json\/wp\/v2\/posts\/39875\/revisions"}],"predecessor-version":[{"id":39881,"href":"https:\/\/lasentinelle.dz\/index.php\/wp-json\/wp\/v2\/posts\/39875\/revisions\/39881"}],"wp:featuredmedia":[{"embeddable":true,"href":"https:\/\/lasentinelle.dz\/index.php\/wp-json\/wp\/v2\/media\/39880"}],"wp:attachment":[{"href":"https:\/\/lasentinelle.dz\/index.php\/wp-json\/wp\/v2\/media?parent=39875"}],"wp:term":[{"taxonomy":"category","embeddable":true,"href":"https:\/\/lasentinelle.dz\/index.php\/wp-json\/wp\/v2\/categories?post=39875"},{"taxonomy":"post_tag","embeddable":true,"href":"https:\/\/lasentinelle.dz\/index.php\/wp-json\/wp\/v2\/tags?post=39875"}],"curies":[{"name":"wp","href":"https:\/\/api.w.org\/{rel}","templated":true}]}}