{"id":39906,"date":"2023-04-23T22:05:00","date_gmt":"2023-04-23T21:05:00","guid":{"rendered":"https:\/\/lasentinelle.dz\/?p=39906"},"modified":"2023-04-23T21:20:06","modified_gmt":"2023-04-23T20:20:06","slug":"onsc-un-centre-national-de-renforcement-des-capacites-de-la-societe-civile","status":"publish","type":"post","link":"https:\/\/lasentinelle.dz\/index.php\/2023\/04\/23\/onsc-un-centre-national-de-renforcement-des-capacites-de-la-societe-civile\/","title":{"rendered":"ONSC\u00a0: Un centre national de renforcement des capacit\u00e9s de la soci\u00e9t\u00e9 civile"},"content":{"rendered":"\n<p>Le pr\u00e9sident de l\u2019Observatoire nationale de soci\u00e9t\u00e9 civile, Noureddine Benbraham a estim\u00e9 hier lors d\u2019une intervention sur les ondes de la Radio alg\u00e9rienne que la structuration de la soci\u00e9t\u00e9 civile est \u00ab un grand chantier&nbsp;\u00bb. Il a plaid\u00e9 dans ce sens pour la formation des acteurs de la soci\u00e9t\u00e9 civile, mais aussi pour plus de coordination avec les autorit\u00e9s locales. Il indique que la soci\u00e9t\u00e9 civile doit s\u2019orienter vers plus de formation en perspective du d\u00e9veloppement de partenariats avec la wilaya et la commune \u00e0 la lumi\u00e8re d\u2019une nouvelle loi communale sur la gouvernance locale. \u00ab C\u2019est pour cela que l\u2019observatoire veut cr\u00e9er et mettre en place, en 2023, un centre national de renforcement et de d\u00e9veloppement des capacit\u00e9s des ressources de la soci\u00e9t\u00e9 civile. Cet institut, une sorte de brainstorming, sur les grandes tendances qui touchent l\u2019Alg\u00e9rie, l\u2019Afrique ainsi que les autres continents, et ce, en mettant \u00e0 profit les TIC afin de connecter l\u2019observatoire avec les diff\u00e9rents organismes en charge de la formation \u00bb, explique-t-il.<\/p>\n\n\n\n<p>Le pr\u00e9sident de l\u2019ONSC a \u00e9galement indiqu\u00e9 que la Soci\u00e9t\u00e9 civile \u00ab&nbsp; avance au rythme de la solidarit\u00e9, formidablement exprim\u00e9e, notamment, durant l\u2019exercice du mois sacr\u00e9 de Ramadhan et caract\u00e9ris\u00e9 par le travail qualitatif et le travail humanitaire \u00bb. Il a \u00e9galement indiqu\u00e9 que celle-ci s\u2019impose comme rempart contre toutes les d\u00e9rives soci\u00e9tales. \u00ab Nous avons constat\u00e9 une forte demande de la part de la soci\u00e9t\u00e9 civile en mati\u00e8re de modernisation et de participation citoyenne dans la gouvernance locale \u00bb, a-t-il indiqu\u00e9. Cet \u00e9lan extraordinaire, selon lui, est celui d\u2019un engagement de nos valeurs tr\u00e8s fortes qui refl\u00e8tent un exercice p\u00e9dagogique pour les jeunes \u00e0 travers les restaurants, l\u2019aide aux malades, aux orphelins, etc. M. Benabraha ne cache pas son satisfecit de voir le nombre de milliers de jeunes engag\u00e9s, pr\u00e9f\u00e9rant laisser les tables familiales pour \u00eatre disponibles, des heures et des heures, au service de son proche et de son voisin.&nbsp;&nbsp; &nbsp;\u00ab Mieux, il y a eu m\u00eame cette interculturalit\u00e9 linguistique et religieuse qui a largement refl\u00e9t\u00e9 cette grande personnalit\u00e9 alg\u00e9rienne rendue possible \u00e0 la faveur de la pr\u00e9sence des \u00e9tudiants africains en Alg\u00e9rie\u00bb, ajoute l\u2019invit\u00e9 de la Radio alg\u00e9rienne. Il estime aussi qu\u2019il y a cette ambition d\u2019\u00e9tendre cet \u00e9lan de solidarit\u00e9 \u00e0 des projets de partenariat pour d\u00e9passer les activit\u00e9s li\u00e9es \u00e0 des conjonctures ou \u00e0 un \u00e9v\u00e9nement, mais aussi inscrire la soci\u00e9t\u00e9 civile qui d\u2019un c\u00f4t\u00e9 se modernise avec les outils et d\u2019un autre c\u00f4t\u00e9 se pr\u00e9serve avec nos grandes valeurs soci\u00e9tales alg\u00e9riennes.<\/p>\n\n\n\n<p><strong>Chokri Hafed<\/strong><\/p>\n","protected":false},"excerpt":{"rendered":"<p>Le pr\u00e9sident de l\u2019Observatoire nationale de soci\u00e9t\u00e9 civile, Noureddine Benbraham a estim\u00e9 hier lors d\u2019une intervention sur les ondes de<\/p>\n","protected":false},"author":3,"featured_media":39961,"comment_status":"open","ping_status":"closed","sticky":false,"template":"","format":"standard","meta":{"colormag_page_container_layout":"default_layout","colormag_page_sidebar_layout":"default_layout","om_disable_all_campaigns":false,"_monsterinsights_skip_tracking":false,"_monsterinsights_sitenote_active":false,"_monsterinsights_sitenote_note":"","_monsterinsights_sitenote_category":0,"footnotes":"","_wpscppro_dont_share_socialmedia":false,"_wpscppro_custom_social_share_image":0,"_facebook_share_type":"","_twitter_share_type":"","_linkedin_share_type":"","_pinterest_share_type":"","_linkedin_share_type_page":"","_instagram_share_type":"","_medium_share_type":"","_threads_share_type":"","_google_business_share_type":"","_selected_social_profile":[],"_wpsp_enable_custom_social_template":false,"_wpsp_social_scheduling":{"enabled":false,"datetime":null,"platforms":[],"status":"template_only","dateOption":"today","timeOption":"now","customDays":"","customHours":"","customDate":"","customTime":"","schedulingType":"absolute"},"_wpsp_active_default_template":true},"categories":[27],"tags":[],"class_list":["post-39906","post","type-post","status-publish","format-standard","has-post-thumbnail","hentry","category-actualite"],"aioseo_notices":[],"yoast_head":"<!-- This site is optimized with the Yoast SEO plugin v27.5 - https:\/\/yoast.com\/product\/yoast-seo-wordpress\/ -->\n<title>ONSC\u00a0: Un centre national de renforcement des capacit\u00e9s de la soci\u00e9t\u00e9 civile - La Sentinelle<\/title>\n<meta name=\"robots\" content=\"index, follow, max-snippet:-1, max-image-preview:large, max-video-preview:-1\" \/>\n<link rel=\"canonical\" href=\"https:\/\/lasentinelle.dz\/index.php\/2023\/04\/23\/onsc-un-centre-national-de-renforcement-des-capacites-de-la-societe-civile\/\" \/>\n<meta property=\"og:locale\" content=\"fr_FR\" \/>\n<meta property=\"og:type\" content=\"article\" \/>\n<meta property=\"og:title\" content=\"ONSC\u00a0: Un centre national de renforcement des capacit\u00e9s de la soci\u00e9t\u00e9 civile - La Sentinelle\" \/>\n<meta property=\"og:description\" content=\"Le pr\u00e9sident de l\u2019Observatoire nationale de soci\u00e9t\u00e9 civile, Noureddine Benbraham a estim\u00e9 hier lors d\u2019une intervention sur les ondes de\" \/>\n<meta property=\"og:url\" content=\"https:\/\/lasentinelle.dz\/index.php\/2023\/04\/23\/onsc-un-centre-national-de-renforcement-des-capacites-de-la-societe-civile\/\" \/>\n<meta property=\"og:site_name\" content=\"La Sentinelle\" \/>\n<meta property=\"article:publisher\" content=\"https:\/\/www.facebook.com\/La-Sentinelle-104059864394773\" \/>\n<meta property=\"article:published_time\" content=\"2023-04-23T21:05:00+00:00\" \/>\n<meta property=\"og:image\" content=\"https:\/\/lasentinelle.dz\/wp-content\/uploads\/2023\/04\/image_2023-04-23_211918425.png\" \/>\n\t<meta property=\"og:image:width\" content=\"1080\" \/>\n\t<meta property=\"og:image:height\" content=\"720\" \/>\n\t<meta property=\"og:image:type\" content=\"image\/png\" \/>\n<meta name=\"author\" content=\"La Sentinelle\" \/>\n<meta name=\"twitter:card\" content=\"summary_large_image\" \/>\n<meta name=\"twitter:label1\" content=\"\u00c9crit par\" \/>\n\t<meta name=\"twitter:data1\" content=\"La Sentinelle\" \/>\n\t<meta name=\"twitter:label2\" content=\"Dur\u00e9e de lecture estim\u00e9e\" \/>\n\t<meta name=\"twitter:data2\" content=\"3 minutes\" \/>\n<script type=\"application\/ld+json\" class=\"yoast-schema-graph\">{\"@context\":\"https:\\\/\\\/schema.org\",\"@graph\":[{\"@type\":\"Article\",\"@id\":\"https:\\\/\\\/lasentinelle.dz\\\/index.php\\\/2023\\\/04\\\/23\\\/onsc-un-centre-national-de-renforcement-des-capacites-de-la-societe-civile\\\/#article\",\"isPartOf\":{\"@id\":\"https:\\\/\\\/lasentinelle.dz\\\/index.php\\\/2023\\\/04\\\/23\\\/onsc-un-centre-national-de-renforcement-des-capacites-de-la-societe-civile\\\/\"},\"author\":{\"name\":\"La Sentinelle\",\"@id\":\"https:\\\/\\\/lasentinelle.dz\\\/#\\\/schema\\\/person\\\/d865044e22e70a75174ce8bcad3acfb3\"},\"headline\":\"ONSC\u00a0: Un centre national de renforcement des capacit\u00e9s de la soci\u00e9t\u00e9 civile\",\"datePublished\":\"2023-04-23T21:05:00+00:00\",\"mainEntityOfPage\":{\"@id\":\"https:\\\/\\\/lasentinelle.dz\\\/index.php\\\/2023\\\/04\\\/23\\\/onsc-un-centre-national-de-renforcement-des-capacites-de-la-societe-civile\\\/\"},\"wordCount\":483,\"commentCount\":0,\"publisher\":{\"@id\":\"https:\\\/\\\/lasentinelle.dz\\\/#organization\"},\"image\":{\"@id\":\"https:\\\/\\\/lasentinelle.dz\\\/index.php\\\/2023\\\/04\\\/23\\\/onsc-un-centre-national-de-renforcement-des-capacites-de-la-societe-civile\\\/#primaryimage\"},\"thumbnailUrl\":\"https:\\\/\\\/lasentinelle.dz\\\/wp-content\\\/uploads\\\/2023\\\/04\\\/image_2023-04-23_211918425.png\",\"articleSection\":[\"Actualit\u00e9\"],\"inLanguage\":\"fr-FR\",\"potentialAction\":[{\"@type\":\"CommentAction\",\"name\":\"Comment\",\"target\":[\"https:\\\/\\\/lasentinelle.dz\\\/index.php\\\/2023\\\/04\\\/23\\\/onsc-un-centre-national-de-renforcement-des-capacites-de-la-societe-civile\\\/#respond\"]}]},{\"@type\":\"WebPage\",\"@id\":\"https:\\\/\\\/lasentinelle.dz\\\/index.php\\\/2023\\\/04\\\/23\\\/onsc-un-centre-national-de-renforcement-des-capacites-de-la-societe-civile\\\/\",\"url\":\"https:\\\/\\\/lasentinelle.dz\\\/index.php\\\/2023\\\/04\\\/23\\\/onsc-un-centre-national-de-renforcement-des-capacites-de-la-societe-civile\\\/\",\"name\":\"ONSC\u00a0: Un centre national de renforcement des capacit\u00e9s de la soci\u00e9t\u00e9 civile - La Sentinelle\",\"isPartOf\":{\"@id\":\"https:\\\/\\\/lasentinelle.dz\\\/#website\"},\"primaryImageOfPage\":{\"@id\":\"https:\\\/\\\/lasentinelle.dz\\\/index.php\\\/2023\\\/04\\\/23\\\/onsc-un-centre-national-de-renforcement-des-capacites-de-la-societe-civile\\\/#primaryimage\"},\"image\":{\"@id\":\"https:\\\/\\\/lasentinelle.dz\\\/index.php\\\/2023\\\/04\\\/23\\\/onsc-un-centre-national-de-renforcement-des-capacites-de-la-societe-civile\\\/#primaryimage\"},\"thumbnailUrl\":\"https:\\\/\\\/lasentinelle.dz\\\/wp-content\\\/uploads\\\/2023\\\/04\\\/image_2023-04-23_211918425.png\",\"datePublished\":\"2023-04-23T21:05:00+00:00\",\"breadcrumb\":{\"@id\":\"https:\\\/\\\/lasentinelle.dz\\\/index.php\\\/2023\\\/04\\\/23\\\/onsc-un-centre-national-de-renforcement-des-capacites-de-la-societe-civile\\\/#breadcrumb\"},\"inLanguage\":\"fr-FR\",\"potentialAction\":[{\"@type\":\"ReadAction\",\"target\":[\"https:\\\/\\\/lasentinelle.dz\\\/index.php\\\/2023\\\/04\\\/23\\\/onsc-un-centre-national-de-renforcement-des-capacites-de-la-societe-civile\\\/\"]}]},{\"@type\":\"ImageObject\",\"inLanguage\":\"fr-FR\",\"@id\":\"https:\\\/\\\/lasentinelle.dz\\\/index.php\\\/2023\\\/04\\\/23\\\/onsc-un-centre-national-de-renforcement-des-capacites-de-la-societe-civile\\\/#primaryimage\",\"url\":\"https:\\\/\\\/lasentinelle.dz\\\/wp-content\\\/uploads\\\/2023\\\/04\\\/image_2023-04-23_211918425.png\",\"contentUrl\":\"https:\\\/\\\/lasentinelle.dz\\\/wp-content\\\/uploads\\\/2023\\\/04\\\/image_2023-04-23_211918425.png\",\"width\":1080,\"height\":720},{\"@type\":\"BreadcrumbList\",\"@id\":\"https:\\\/\\\/lasentinelle.dz\\\/index.php\\\/2023\\\/04\\\/23\\\/onsc-un-centre-national-de-renforcement-des-capacites-de-la-societe-civile\\\/#breadcrumb\",\"itemListElement\":[{\"@type\":\"ListItem\",\"position\":1,\"name\":\"Accueil\",\"item\":\"https:\\\/\\\/lasentinelle.dz\\\/\"},{\"@type\":\"ListItem\",\"position\":2,\"name\":\"ONSC\u00a0: Un centre national de renforcement des capacit\u00e9s de la soci\u00e9t\u00e9 civile\"}]},{\"@type\":\"WebSite\",\"@id\":\"https:\\\/\\\/lasentinelle.dz\\\/#website\",\"url\":\"https:\\\/\\\/lasentinelle.dz\\\/\",\"name\":\"La Sentinelle\",\"description\":\"Quotidien national d&#039;information\",\"publisher\":{\"@id\":\"https:\\\/\\\/lasentinelle.dz\\\/#organization\"},\"potentialAction\":[{\"@type\":\"SearchAction\",\"target\":{\"@type\":\"EntryPoint\",\"urlTemplate\":\"https:\\\/\\\/lasentinelle.dz\\\/?s={search_term_string}\"},\"query-input\":{\"@type\":\"PropertyValueSpecification\",\"valueRequired\":true,\"valueName\":\"search_term_string\"}}],\"inLanguage\":\"fr-FR\"},{\"@type\":\"Organization\",\"@id\":\"https:\\\/\\\/lasentinelle.dz\\\/#organization\",\"name\":\"Quotidien La Sentinelle\",\"url\":\"https:\\\/\\\/lasentinelle.dz\\\/\",\"logo\":{\"@type\":\"ImageObject\",\"inLanguage\":\"fr-FR\",\"@id\":\"https:\\\/\\\/lasentinelle.dz\\\/#\\\/schema\\\/logo\\\/image\\\/\",\"url\":\"https:\\\/\\\/lasentinelle.dz\\\/wp-content\\\/uploads\\\/2021\\\/09\\\/logo-sentinelleSLOGAN-1.png\",\"contentUrl\":\"https:\\\/\\\/lasentinelle.dz\\\/wp-content\\\/uploads\\\/2021\\\/09\\\/logo-sentinelleSLOGAN-1.png\",\"width\":615,\"height\":142,\"caption\":\"Quotidien La Sentinelle\"},\"image\":{\"@id\":\"https:\\\/\\\/lasentinelle.dz\\\/#\\\/schema\\\/logo\\\/image\\\/\"},\"sameAs\":[\"https:\\\/\\\/www.facebook.com\\\/La-Sentinelle-104059864394773\"]},{\"@type\":\"Person\",\"@id\":\"https:\\\/\\\/lasentinelle.dz\\\/#\\\/schema\\\/person\\\/d865044e22e70a75174ce8bcad3acfb3\",\"name\":\"La Sentinelle\",\"image\":{\"@type\":\"ImageObject\",\"inLanguage\":\"fr-FR\",\"@id\":\"https:\\\/\\\/secure.gravatar.com\\\/avatar\\\/57de8e5d4b15d43fb361a71fbb36338450fe67865b528a43dd10ef7c51a20392?s=96&d=mm&r=g\",\"url\":\"https:\\\/\\\/secure.gravatar.com\\\/avatar\\\/57de8e5d4b15d43fb361a71fbb36338450fe67865b528a43dd10ef7c51a20392?s=96&d=mm&r=g\",\"contentUrl\":\"https:\\\/\\\/secure.gravatar.com\\\/avatar\\\/57de8e5d4b15d43fb361a71fbb36338450fe67865b528a43dd10ef7c51a20392?s=96&d=mm&r=g\",\"caption\":\"La Sentinelle\"},\"sameAs\":[\"http:\\\/\\\/www.lasentinelle.dz\"],\"url\":\"https:\\\/\\\/lasentinelle.dz\\\/author\\\/redaction\\\/\"}]}<\/script>\n<!-- \/ Yoast SEO plugin. -->","yoast_head_json":{"title":"ONSC\u00a0: Un centre national de renforcement des capacit\u00e9s de la soci\u00e9t\u00e9 civile - La Sentinelle","robots":{"index":"index","follow":"follow","max-snippet":"max-snippet:-1","max-image-preview":"max-image-preview:large","max-video-preview":"max-video-preview:-1"},"canonical":"https:\/\/lasentinelle.dz\/index.php\/2023\/04\/23\/onsc-un-centre-national-de-renforcement-des-capacites-de-la-societe-civile\/","og_locale":"fr_FR","og_type":"article","og_title":"ONSC\u00a0: Un centre national de renforcement des capacit\u00e9s de la soci\u00e9t\u00e9 civile - La Sentinelle","og_description":"Le pr\u00e9sident de l\u2019Observatoire nationale de soci\u00e9t\u00e9 civile, Noureddine Benbraham a estim\u00e9 hier lors d\u2019une intervention sur les ondes de","og_url":"https:\/\/lasentinelle.dz\/index.php\/2023\/04\/23\/onsc-un-centre-national-de-renforcement-des-capacites-de-la-societe-civile\/","og_site_name":"La Sentinelle","article_publisher":"https:\/\/www.facebook.com\/La-Sentinelle-104059864394773","article_published_time":"2023-04-23T21:05:00+00:00","og_image":[{"width":1080,"height":720,"url":"https:\/\/lasentinelle.dz\/wp-content\/uploads\/2023\/04\/image_2023-04-23_211918425.png","type":"image\/png"}],"author":"La Sentinelle","twitter_card":"summary_large_image","twitter_misc":{"\u00c9crit par":"La Sentinelle","Dur\u00e9e de lecture estim\u00e9e":"3 minutes"},"schema":{"@context":"https:\/\/schema.org","@graph":[{"@type":"Article","@id":"https:\/\/lasentinelle.dz\/index.php\/2023\/04\/23\/onsc-un-centre-national-de-renforcement-des-capacites-de-la-societe-civile\/#article","isPartOf":{"@id":"https:\/\/lasentinelle.dz\/index.php\/2023\/04\/23\/onsc-un-centre-national-de-renforcement-des-capacites-de-la-societe-civile\/"},"author":{"name":"La Sentinelle","@id":"https:\/\/lasentinelle.dz\/#\/schema\/person\/d865044e22e70a75174ce8bcad3acfb3"},"headline":"ONSC\u00a0: Un centre national de renforcement des capacit\u00e9s de la soci\u00e9t\u00e9 civile","datePublished":"2023-04-23T21:05:00+00:00","mainEntityOfPage":{"@id":"https:\/\/lasentinelle.dz\/index.php\/2023\/04\/23\/onsc-un-centre-national-de-renforcement-des-capacites-de-la-societe-civile\/"},"wordCount":483,"commentCount":0,"publisher":{"@id":"https:\/\/lasentinelle.dz\/#organization"},"image":{"@id":"https:\/\/lasentinelle.dz\/index.php\/2023\/04\/23\/onsc-un-centre-national-de-renforcement-des-capacites-de-la-societe-civile\/#primaryimage"},"thumbnailUrl":"https:\/\/lasentinelle.dz\/wp-content\/uploads\/2023\/04\/image_2023-04-23_211918425.png","articleSection":["Actualit\u00e9"],"inLanguage":"fr-FR","potentialAction":[{"@type":"CommentAction","name":"Comment","target":["https:\/\/lasentinelle.dz\/index.php\/2023\/04\/23\/onsc-un-centre-national-de-renforcement-des-capacites-de-la-societe-civile\/#respond"]}]},{"@type":"WebPage","@id":"https:\/\/lasentinelle.dz\/index.php\/2023\/04\/23\/onsc-un-centre-national-de-renforcement-des-capacites-de-la-societe-civile\/","url":"https:\/\/lasentinelle.dz\/index.php\/2023\/04\/23\/onsc-un-centre-national-de-renforcement-des-capacites-de-la-societe-civile\/","name":"ONSC\u00a0: Un centre national de renforcement des capacit\u00e9s de la soci\u00e9t\u00e9 civile - La Sentinelle","isPartOf":{"@id":"https:\/\/lasentinelle.dz\/#website"},"primaryImageOfPage":{"@id":"https:\/\/lasentinelle.dz\/index.php\/2023\/04\/23\/onsc-un-centre-national-de-renforcement-des-capacites-de-la-societe-civile\/#primaryimage"},"image":{"@id":"https:\/\/lasentinelle.dz\/index.php\/2023\/04\/23\/onsc-un-centre-national-de-renforcement-des-capacites-de-la-societe-civile\/#primaryimage"},"thumbnailUrl":"https:\/\/lasentinelle.dz\/wp-content\/uploads\/2023\/04\/image_2023-04-23_211918425.png","datePublished":"2023-04-23T21:05:00+00:00","breadcrumb":{"@id":"https:\/\/lasentinelle.dz\/index.php\/2023\/04\/23\/onsc-un-centre-national-de-renforcement-des-capacites-de-la-societe-civile\/#breadcrumb"},"inLanguage":"fr-FR","potentialAction":[{"@type":"ReadAction","target":["https:\/\/lasentinelle.dz\/index.php\/2023\/04\/23\/onsc-un-centre-national-de-renforcement-des-capacites-de-la-societe-civile\/"]}]},{"@type":"ImageObject","inLanguage":"fr-FR","@id":"https:\/\/lasentinelle.dz\/index.php\/2023\/04\/23\/onsc-un-centre-national-de-renforcement-des-capacites-de-la-societe-civile\/#primaryimage","url":"https:\/\/lasentinelle.dz\/wp-content\/uploads\/2023\/04\/image_2023-04-23_211918425.png","contentUrl":"https:\/\/lasentinelle.dz\/wp-content\/uploads\/2023\/04\/image_2023-04-23_211918425.png","width":1080,"height":720},{"@type":"BreadcrumbList","@id":"https:\/\/lasentinelle.dz\/index.php\/2023\/04\/23\/onsc-un-centre-national-de-renforcement-des-capacites-de-la-societe-civile\/#breadcrumb","itemListElement":[{"@type":"ListItem","position":1,"name":"Accueil","item":"https:\/\/lasentinelle.dz\/"},{"@type":"ListItem","position":2,"name":"ONSC\u00a0: Un centre national de renforcement des capacit\u00e9s de la soci\u00e9t\u00e9 civile"}]},{"@type":"WebSite","@id":"https:\/\/lasentinelle.dz\/#website","url":"https:\/\/lasentinelle.dz\/","name":"La Sentinelle","description":"Quotidien national d&#039;information","publisher":{"@id":"https:\/\/lasentinelle.dz\/#organization"},"potentialAction":[{"@type":"SearchAction","target":{"@type":"EntryPoint","urlTemplate":"https:\/\/lasentinelle.dz\/?s={search_term_string}"},"query-input":{"@type":"PropertyValueSpecification","valueRequired":true,"valueName":"search_term_string"}}],"inLanguage":"fr-FR"},{"@type":"Organization","@id":"https:\/\/lasentinelle.dz\/#organization","name":"Quotidien La Sentinelle","url":"https:\/\/lasentinelle.dz\/","logo":{"@type":"ImageObject","inLanguage":"fr-FR","@id":"https:\/\/lasentinelle.dz\/#\/schema\/logo\/image\/","url":"https:\/\/lasentinelle.dz\/wp-content\/uploads\/2021\/09\/logo-sentinelleSLOGAN-1.png","contentUrl":"https:\/\/lasentinelle.dz\/wp-content\/uploads\/2021\/09\/logo-sentinelleSLOGAN-1.png","width":615,"height":142,"caption":"Quotidien La Sentinelle"},"image":{"@id":"https:\/\/lasentinelle.dz\/#\/schema\/logo\/image\/"},"sameAs":["https:\/\/www.facebook.com\/La-Sentinelle-104059864394773"]},{"@type":"Person","@id":"https:\/\/lasentinelle.dz\/#\/schema\/person\/d865044e22e70a75174ce8bcad3acfb3","name":"La Sentinelle","image":{"@type":"ImageObject","inLanguage":"fr-FR","@id":"https:\/\/secure.gravatar.com\/avatar\/57de8e5d4b15d43fb361a71fbb36338450fe67865b528a43dd10ef7c51a20392?s=96&d=mm&r=g","url":"https:\/\/secure.gravatar.com\/avatar\/57de8e5d4b15d43fb361a71fbb36338450fe67865b528a43dd10ef7c51a20392?s=96&d=mm&r=g","contentUrl":"https:\/\/secure.gravatar.com\/avatar\/57de8e5d4b15d43fb361a71fbb36338450fe67865b528a43dd10ef7c51a20392?s=96&d=mm&r=g","caption":"La Sentinelle"},"sameAs":["http:\/\/www.lasentinelle.dz"],"url":"https:\/\/lasentinelle.dz\/author\/redaction\/"}]}},"_links":{"self":[{"href":"https:\/\/lasentinelle.dz\/index.php\/wp-json\/wp\/v2\/posts\/39906","targetHints":{"allow":["GET"]}}],"collection":[{"href":"https:\/\/lasentinelle.dz\/index.php\/wp-json\/wp\/v2\/posts"}],"about":[{"href":"https:\/\/lasentinelle.dz\/index.php\/wp-json\/wp\/v2\/types\/post"}],"author":[{"embeddable":true,"href":"https:\/\/lasentinelle.dz\/index.php\/wp-json\/wp\/v2\/users\/3"}],"replies":[{"embeddable":true,"href":"https:\/\/lasentinelle.dz\/index.php\/wp-json\/wp\/v2\/comments?post=39906"}],"version-history":[{"count":1,"href":"https:\/\/lasentinelle.dz\/index.php\/wp-json\/wp\/v2\/posts\/39906\/revisions"}],"predecessor-version":[{"id":39962,"href":"https:\/\/lasentinelle.dz\/index.php\/wp-json\/wp\/v2\/posts\/39906\/revisions\/39962"}],"wp:featuredmedia":[{"embeddable":true,"href":"https:\/\/lasentinelle.dz\/index.php\/wp-json\/wp\/v2\/media\/39961"}],"wp:attachment":[{"href":"https:\/\/lasentinelle.dz\/index.php\/wp-json\/wp\/v2\/media?parent=39906"}],"wp:term":[{"taxonomy":"category","embeddable":true,"href":"https:\/\/lasentinelle.dz\/index.php\/wp-json\/wp\/v2\/categories?post=39906"},{"taxonomy":"post_tag","embeddable":true,"href":"https:\/\/lasentinelle.dz\/index.php\/wp-json\/wp\/v2\/tags?post=39906"}],"curies":[{"name":"wp","href":"https:\/\/api.w.org\/{rel}","templated":true}]}}