{"id":39950,"date":"2023-04-23T22:08:00","date_gmt":"2023-04-23T21:08:00","guid":{"rendered":"https:\/\/lasentinelle.dz\/?p=39950"},"modified":"2023-04-23T21:25:17","modified_gmt":"2023-04-23T20:25:17","slug":"examen-devaluation-des-acquis-de-lenseignement-primaire-les-assurances-du-ministere-de-leducation-nationale","status":"publish","type":"post","link":"https:\/\/lasentinelle.dz\/index.php\/2023\/04\/23\/examen-devaluation-des-acquis-de-lenseignement-primaire-les-assurances-du-ministere-de-leducation-nationale\/","title":{"rendered":"Examen d\u2019\u00e9valuation des acquis de l\u2019enseignement primaire\u00a0: Les assurances du minist\u00e8re de l\u2019\u00c9ducation nationale"},"content":{"rendered":"\n<p>Un examen d\u2019\u00e9valuation des acquis de l\u2019enseignement primaire remplace d\u00e8s cette ann\u00e9e le traditionnel examen de la cinqui\u00e8me. Le minist\u00e8re de l\u2019\u00c9ducation national entend mobiliser tous les moyens n\u00e9cessaires pour r\u00e9ussir cette nouvelle exp\u00e9rience. Il s\u2019est \u00e9galement lanc\u00e9 dans une campagne d\u2019information pour expliquer les fondamentaux de ce nouveau test et assurer du bien-fond\u00e9 de sa d\u00e9marche. Dans ce sens, le ministre de l\u2019\u00c9ducation nationale, Abdelhakim Belaabed, a pr\u00e9sid\u00e9 une r\u00e9union avec les associations de parents d\u2019\u00e9l\u00e8ves pour expliquer les grandes lignes de la nouvelle d\u00e9marche. Et c\u2019est dans le m\u00eame objectif que le directeur de l&rsquo;enseignement primaire au minist\u00e8re de l&rsquo;Education nationale, Difallah Mohamed a tenu \u00e0 mettre en avant, lors d\u2019un entretien avec l\u2019APS, les points positifs de ce nouvel examen, mettant en avant le fait que ce dernier permettra de mieux cerner les connaissances r\u00e9ellement acquises par les \u00e9l\u00e8ves au-del\u00e0 de la d\u00e9marche exclusivement assise sur les syst\u00e8mes de notation.&nbsp; Le responsable du minist\u00e8re de l\u2019\u00c9ducation nationale a d\u2019abord tenu \u00e0 rassurer quant \u00e0 l\u2019hypoth\u00e9tique impact des changements induits par cet examen, d\u2019autant plus que certains parents n\u2019ont pas cach\u00e9 leurs craintes \u00e0 ce propos. Il a ainsi indiqu\u00e9 que cette \u00e9valuation se d\u00e9roule normalement en classe en pr\u00e9sence de l&rsquo;enseignant de l&rsquo;\u00e9l\u00e8ve, ce qui met l&rsquo;\u00e9l\u00e8ve \u00e0 l&rsquo;aise et lui \u00e9vite d&#8217;embl\u00e9e l&rsquo;\u00e9chec dans son parcours scolaire.&nbsp; Il a \u00e9galement mis en avant les aspects n\u00e9gatifs de l\u2019examen classique. Selon M. Difallah, l&rsquo;ancienne formule de l&rsquo;examen entrainait notamment \u00ab\u00a0un taux \u00e9lev\u00e9 de redoublement en premi\u00e8re ann\u00e9e du cycle moyen\u00a0\u00bb ce qui a donn\u00e9 lieu \u00e0 \u00ab\u00a0une hausse du taux de d\u00e9perdition scolaire\u00a0\u00bb. Les \u00e9tudes \u00e9labor\u00e9es en la mati\u00e8re ont d\u00e9montr\u00e9 que ces r\u00e9sultats \u00e9taient dus au syst\u00e8me d&rsquo;\u00e9valuation adopt\u00e9 \u00e0 la fin du cycle primaire, a-t-il dit, expliquant que ce syst\u00e8me consiste \u00e0 donner des notes qui n&rsquo;expriment pas le v\u00e9ritable niveau de maitrise des comp\u00e9tences d\u00e9finies dans les manuels scolaires. Soulignant que cette nouvelle mesure s&rsquo;appuie sur la loi d&rsquo;orientation sur l&rsquo;\u00e9ducation d&rsquo;autant qu&rsquo;elle est l&rsquo;un des axes du plan d&rsquo;action du gouvernement en ex\u00e9cution des engagements du pr\u00e9sident de la R\u00e9publique portant sur l&rsquo;am\u00e9lioration de la qualit\u00e9 de l&rsquo;enseignement, la r\u00e9forme du syst\u00e8me d&rsquo;\u00e9valuation et d&rsquo;orientation et la r\u00e9vision du syst\u00e8me des examens, M. Difallah a indiqu\u00e9&nbsp; que l&rsquo;adoption du syst\u00e8me d&rsquo;\u00e9valuation des acquis du cycle d&rsquo;enseignement primaire permettra d&rsquo;apporter une \u00ab\u00a0description pr\u00e9cise du niveau de maitrise des apprenants pour chacune des comp\u00e9tences acquises contenues dans le programme du cycle d&rsquo;enseignement primaire sans recourir \u00e0 la notation (num\u00e9rique) qui ne refl\u00e8te pas le niveau d&rsquo;acquisition des comp\u00e9tences\u00a0\u00bb. Le m\u00eame responsable a en outre affirm\u00e9 que le but de cette m\u00e9thode est d&rsquo;\u00e9valuer de mani\u00e8re globale les acquis au niveau des mati\u00e8res enseign\u00e9es et de \u00ab\u00a0rattraper les lacunes\u00a0\u00bb de l&rsquo;apprenant avant son admission au cycle moyen.&nbsp; &nbsp;Cette d\u00e9marche permet de proc\u00e9der notamment, a-t-il dit, \u00e0 l&rsquo;\u00e9valuation fonctionnelle en passant des fonctions de tri et de classement aux fonctions d&rsquo;acquisition et de diagnostic. Selon le responsable, Soulignant que cette \u00e9valuation est \u00ab\u00a0obligatoire et pr\u00e9ventive\u00a0\u00bb, M. Difallah a pr\u00e9cis\u00e9 qu&rsquo;un \u00ab\u00a0livret p\u00e9dagogique\u00a0\u00bb accompagnera l&rsquo;apprenant lors de son passage au cycle moyen, dans lequel sont mentionn\u00e9es toutes les difficult\u00e9s qu&rsquo;il rencontre en vue de faciliter la t\u00e2che \u00e0 ses futurs enseignants de ce cycle pour rem\u00e9dier \u00e0 ses lacunes. Il s&rsquo;agit l\u00e0 aussi d&rsquo;une \u00e9valuation locale \u00e0 dimension nationale visant \u00e0 \u00e9loigner les \u00e9l\u00e8ves et leurs parents de toute pression. Il s&rsquo;agit en outre de \u00ab\u00a0ramener le syst\u00e8me d&rsquo;\u00e9valuation \u00e0 sa fonction p\u00e9dagogique naturelle\u00a0\u00bb d&rsquo;autant que l&rsquo;ancienne m\u00e9thode de l&rsquo;examen ne jouait pas son r\u00f4le \u00e9ducatif d&rsquo;\u00e9valuation car elle concernait trois mati\u00e8res uniquement parmi les 8 mati\u00e8res qui contribuent toutes \u00e0 la r\u00e9alisation de l&rsquo;\u00e9valuation globale des \u00e9l\u00e8ves de l&rsquo;enseignement primaire.<\/p>\n\n\n\n<p>Pour sa part, Mme Nassima Atmani, inspectrice de l&rsquo;\u00e9ducation primaire a rassur\u00e9 les \u00e9l\u00e8ves et leurs parents quant \u00e0 l&rsquo;efficacit\u00e9 de cette \u00e9valuation qui compte sur la compr\u00e9hension, rappelant que dans le cadre d&rsquo;une enqu\u00eate sur le terrain ayant cibl\u00e9 758 \u00e9l\u00e8ves de cinq \u00e9tablissements \u00e0 Baraki, nombre de directeurs et d&rsquo;enseignants ont salu\u00e9 cette exp\u00e9rience. \u00ab\u00a0La peur s&rsquo;est dissip\u00e9e\u00a0\u00bb, a-t-elle affirm\u00e9, soulignant que \u00ab\u00a0l&rsquo;\u00e9valuation de \u00e9l\u00e8ves qui a eu lieu la semaine derni\u00e8re a donn\u00e9 d&rsquo;impressionnants r\u00e9sultats y compris pour les \u00e9l\u00e8ves ayant des difficult\u00e9s d&rsquo;apprentissage\u00a0\u00bb<\/p>\n\n\n\n<p><strong>Hocine Fadheli<\/strong><\/p>\n","protected":false},"excerpt":{"rendered":"<p>Un examen d\u2019\u00e9valuation des acquis de l\u2019enseignement primaire remplace d\u00e8s cette ann\u00e9e le traditionnel examen de la cinqui\u00e8me. Le minist\u00e8re<\/p>\n","protected":false},"author":3,"featured_media":39959,"comment_status":"open","ping_status":"closed","sticky":false,"template":"","format":"standard","meta":{"colormag_page_container_layout":"default_layout","colormag_page_sidebar_layout":"default_layout","om_disable_all_campaigns":false,"_monsterinsights_skip_tracking":false,"_monsterinsights_sitenote_active":false,"_monsterinsights_sitenote_note":"","_monsterinsights_sitenote_category":0,"footnotes":"","_wpscppro_dont_share_socialmedia":false,"_wpscppro_custom_social_share_image":0,"_facebook_share_type":"","_twitter_share_type":"","_linkedin_share_type":"","_pinterest_share_type":"","_linkedin_share_type_page":"","_instagram_share_type":"","_medium_share_type":"","_threads_share_type":"","_google_business_share_type":"","_selected_social_profile":[],"_wpsp_enable_custom_social_template":false,"_wpsp_social_scheduling":{"enabled":false,"datetime":null,"platforms":[],"status":"template_only","dateOption":"today","timeOption":"now","customDays":"","customHours":"","customDate":"","customTime":"","schedulingType":"absolute"},"_wpsp_active_default_template":true},"categories":[52,27],"tags":[],"class_list":["post-39950","post","type-post","status-publish","format-standard","has-post-thumbnail","hentry","category-a-la-une","category-actualite"],"aioseo_notices":[],"yoast_head":"<!-- This site is optimized with the Yoast SEO plugin v27.5 - https:\/\/yoast.com\/product\/yoast-seo-wordpress\/ -->\n<title>Examen d\u2019\u00e9valuation des acquis de l\u2019enseignement primaire\u00a0: Les assurances du minist\u00e8re de l\u2019\u00c9ducation nationale - La Sentinelle<\/title>\n<meta name=\"robots\" content=\"index, follow, max-snippet:-1, max-image-preview:large, max-video-preview:-1\" \/>\n<link rel=\"canonical\" href=\"https:\/\/lasentinelle.dz\/index.php\/2023\/04\/23\/examen-devaluation-des-acquis-de-lenseignement-primaire-les-assurances-du-ministere-de-leducation-nationale\/\" \/>\n<meta property=\"og:locale\" content=\"fr_FR\" \/>\n<meta property=\"og:type\" content=\"article\" \/>\n<meta property=\"og:title\" content=\"Examen d\u2019\u00e9valuation des acquis de l\u2019enseignement primaire\u00a0: Les assurances du minist\u00e8re de l\u2019\u00c9ducation nationale - La Sentinelle\" \/>\n<meta property=\"og:description\" content=\"Un examen d\u2019\u00e9valuation des acquis de l\u2019enseignement primaire remplace d\u00e8s cette ann\u00e9e le traditionnel examen de la cinqui\u00e8me. Le minist\u00e8re\" \/>\n<meta property=\"og:url\" content=\"https:\/\/lasentinelle.dz\/index.php\/2023\/04\/23\/examen-devaluation-des-acquis-de-lenseignement-primaire-les-assurances-du-ministere-de-leducation-nationale\/\" \/>\n<meta property=\"og:site_name\" content=\"La Sentinelle\" \/>\n<meta property=\"article:publisher\" content=\"https:\/\/www.facebook.com\/La-Sentinelle-104059864394773\" \/>\n<meta property=\"article:published_time\" content=\"2023-04-23T21:08:00+00:00\" \/>\n<meta property=\"og:image\" content=\"https:\/\/lasentinelle.dz\/wp-content\/uploads\/2023\/04\/examen.png\" \/>\n\t<meta property=\"og:image:width\" content=\"1200\" \/>\n\t<meta property=\"og:image:height\" content=\"900\" \/>\n\t<meta property=\"og:image:type\" content=\"image\/png\" \/>\n<meta name=\"author\" content=\"La Sentinelle\" \/>\n<meta name=\"twitter:card\" content=\"summary_large_image\" \/>\n<meta name=\"twitter:label1\" content=\"\u00c9crit par\" \/>\n\t<meta name=\"twitter:data1\" content=\"La Sentinelle\" \/>\n\t<meta name=\"twitter:label2\" content=\"Dur\u00e9e de lecture estim\u00e9e\" \/>\n\t<meta name=\"twitter:data2\" content=\"4 minutes\" \/>\n<script type=\"application\/ld+json\" class=\"yoast-schema-graph\">{\"@context\":\"https:\\\/\\\/schema.org\",\"@graph\":[{\"@type\":\"Article\",\"@id\":\"https:\\\/\\\/lasentinelle.dz\\\/index.php\\\/2023\\\/04\\\/23\\\/examen-devaluation-des-acquis-de-lenseignement-primaire-les-assurances-du-ministere-de-leducation-nationale\\\/#article\",\"isPartOf\":{\"@id\":\"https:\\\/\\\/lasentinelle.dz\\\/index.php\\\/2023\\\/04\\\/23\\\/examen-devaluation-des-acquis-de-lenseignement-primaire-les-assurances-du-ministere-de-leducation-nationale\\\/\"},\"author\":{\"name\":\"La Sentinelle\",\"@id\":\"https:\\\/\\\/lasentinelle.dz\\\/#\\\/schema\\\/person\\\/d865044e22e70a75174ce8bcad3acfb3\"},\"headline\":\"Examen d\u2019\u00e9valuation des acquis de l\u2019enseignement primaire\u00a0: Les assurances du minist\u00e8re de l\u2019\u00c9ducation nationale\",\"datePublished\":\"2023-04-23T21:08:00+00:00\",\"mainEntityOfPage\":{\"@id\":\"https:\\\/\\\/lasentinelle.dz\\\/index.php\\\/2023\\\/04\\\/23\\\/examen-devaluation-des-acquis-de-lenseignement-primaire-les-assurances-du-ministere-de-leducation-nationale\\\/\"},\"wordCount\":861,\"commentCount\":0,\"publisher\":{\"@id\":\"https:\\\/\\\/lasentinelle.dz\\\/#organization\"},\"image\":{\"@id\":\"https:\\\/\\\/lasentinelle.dz\\\/index.php\\\/2023\\\/04\\\/23\\\/examen-devaluation-des-acquis-de-lenseignement-primaire-les-assurances-du-ministere-de-leducation-nationale\\\/#primaryimage\"},\"thumbnailUrl\":\"https:\\\/\\\/lasentinelle.dz\\\/wp-content\\\/uploads\\\/2023\\\/04\\\/examen.png\",\"articleSection\":[\"\u00c0 la Une\",\"Actualit\u00e9\"],\"inLanguage\":\"fr-FR\",\"potentialAction\":[{\"@type\":\"CommentAction\",\"name\":\"Comment\",\"target\":[\"https:\\\/\\\/lasentinelle.dz\\\/index.php\\\/2023\\\/04\\\/23\\\/examen-devaluation-des-acquis-de-lenseignement-primaire-les-assurances-du-ministere-de-leducation-nationale\\\/#respond\"]}]},{\"@type\":\"WebPage\",\"@id\":\"https:\\\/\\\/lasentinelle.dz\\\/index.php\\\/2023\\\/04\\\/23\\\/examen-devaluation-des-acquis-de-lenseignement-primaire-les-assurances-du-ministere-de-leducation-nationale\\\/\",\"url\":\"https:\\\/\\\/lasentinelle.dz\\\/index.php\\\/2023\\\/04\\\/23\\\/examen-devaluation-des-acquis-de-lenseignement-primaire-les-assurances-du-ministere-de-leducation-nationale\\\/\",\"name\":\"Examen d\u2019\u00e9valuation des acquis de l\u2019enseignement primaire\u00a0: Les assurances du minist\u00e8re de l\u2019\u00c9ducation nationale - La Sentinelle\",\"isPartOf\":{\"@id\":\"https:\\\/\\\/lasentinelle.dz\\\/#website\"},\"primaryImageOfPage\":{\"@id\":\"https:\\\/\\\/lasentinelle.dz\\\/index.php\\\/2023\\\/04\\\/23\\\/examen-devaluation-des-acquis-de-lenseignement-primaire-les-assurances-du-ministere-de-leducation-nationale\\\/#primaryimage\"},\"image\":{\"@id\":\"https:\\\/\\\/lasentinelle.dz\\\/index.php\\\/2023\\\/04\\\/23\\\/examen-devaluation-des-acquis-de-lenseignement-primaire-les-assurances-du-ministere-de-leducation-nationale\\\/#primaryimage\"},\"thumbnailUrl\":\"https:\\\/\\\/lasentinelle.dz\\\/wp-content\\\/uploads\\\/2023\\\/04\\\/examen.png\",\"datePublished\":\"2023-04-23T21:08:00+00:00\",\"breadcrumb\":{\"@id\":\"https:\\\/\\\/lasentinelle.dz\\\/index.php\\\/2023\\\/04\\\/23\\\/examen-devaluation-des-acquis-de-lenseignement-primaire-les-assurances-du-ministere-de-leducation-nationale\\\/#breadcrumb\"},\"inLanguage\":\"fr-FR\",\"potentialAction\":[{\"@type\":\"ReadAction\",\"target\":[\"https:\\\/\\\/lasentinelle.dz\\\/index.php\\\/2023\\\/04\\\/23\\\/examen-devaluation-des-acquis-de-lenseignement-primaire-les-assurances-du-ministere-de-leducation-nationale\\\/\"]}]},{\"@type\":\"ImageObject\",\"inLanguage\":\"fr-FR\",\"@id\":\"https:\\\/\\\/lasentinelle.dz\\\/index.php\\\/2023\\\/04\\\/23\\\/examen-devaluation-des-acquis-de-lenseignement-primaire-les-assurances-du-ministere-de-leducation-nationale\\\/#primaryimage\",\"url\":\"https:\\\/\\\/lasentinelle.dz\\\/wp-content\\\/uploads\\\/2023\\\/04\\\/examen.png\",\"contentUrl\":\"https:\\\/\\\/lasentinelle.dz\\\/wp-content\\\/uploads\\\/2023\\\/04\\\/examen.png\",\"width\":1200,\"height\":900},{\"@type\":\"BreadcrumbList\",\"@id\":\"https:\\\/\\\/lasentinelle.dz\\\/index.php\\\/2023\\\/04\\\/23\\\/examen-devaluation-des-acquis-de-lenseignement-primaire-les-assurances-du-ministere-de-leducation-nationale\\\/#breadcrumb\",\"itemListElement\":[{\"@type\":\"ListItem\",\"position\":1,\"name\":\"Accueil\",\"item\":\"https:\\\/\\\/lasentinelle.dz\\\/\"},{\"@type\":\"ListItem\",\"position\":2,\"name\":\"Examen d\u2019\u00e9valuation des acquis de l\u2019enseignement primaire\u00a0: Les assurances du minist\u00e8re de l\u2019\u00c9ducation nationale\"}]},{\"@type\":\"WebSite\",\"@id\":\"https:\\\/\\\/lasentinelle.dz\\\/#website\",\"url\":\"https:\\\/\\\/lasentinelle.dz\\\/\",\"name\":\"La Sentinelle\",\"description\":\"Quotidien national d&#039;information\",\"publisher\":{\"@id\":\"https:\\\/\\\/lasentinelle.dz\\\/#organization\"},\"potentialAction\":[{\"@type\":\"SearchAction\",\"target\":{\"@type\":\"EntryPoint\",\"urlTemplate\":\"https:\\\/\\\/lasentinelle.dz\\\/?s={search_term_string}\"},\"query-input\":{\"@type\":\"PropertyValueSpecification\",\"valueRequired\":true,\"valueName\":\"search_term_string\"}}],\"inLanguage\":\"fr-FR\"},{\"@type\":\"Organization\",\"@id\":\"https:\\\/\\\/lasentinelle.dz\\\/#organization\",\"name\":\"Quotidien La Sentinelle\",\"url\":\"https:\\\/\\\/lasentinelle.dz\\\/\",\"logo\":{\"@type\":\"ImageObject\",\"inLanguage\":\"fr-FR\",\"@id\":\"https:\\\/\\\/lasentinelle.dz\\\/#\\\/schema\\\/logo\\\/image\\\/\",\"url\":\"https:\\\/\\\/lasentinelle.dz\\\/wp-content\\\/uploads\\\/2021\\\/09\\\/logo-sentinelleSLOGAN-1.png\",\"contentUrl\":\"https:\\\/\\\/lasentinelle.dz\\\/wp-content\\\/uploads\\\/2021\\\/09\\\/logo-sentinelleSLOGAN-1.png\",\"width\":615,\"height\":142,\"caption\":\"Quotidien La Sentinelle\"},\"image\":{\"@id\":\"https:\\\/\\\/lasentinelle.dz\\\/#\\\/schema\\\/logo\\\/image\\\/\"},\"sameAs\":[\"https:\\\/\\\/www.facebook.com\\\/La-Sentinelle-104059864394773\"]},{\"@type\":\"Person\",\"@id\":\"https:\\\/\\\/lasentinelle.dz\\\/#\\\/schema\\\/person\\\/d865044e22e70a75174ce8bcad3acfb3\",\"name\":\"La Sentinelle\",\"image\":{\"@type\":\"ImageObject\",\"inLanguage\":\"fr-FR\",\"@id\":\"https:\\\/\\\/secure.gravatar.com\\\/avatar\\\/57de8e5d4b15d43fb361a71fbb36338450fe67865b528a43dd10ef7c51a20392?s=96&d=mm&r=g\",\"url\":\"https:\\\/\\\/secure.gravatar.com\\\/avatar\\\/57de8e5d4b15d43fb361a71fbb36338450fe67865b528a43dd10ef7c51a20392?s=96&d=mm&r=g\",\"contentUrl\":\"https:\\\/\\\/secure.gravatar.com\\\/avatar\\\/57de8e5d4b15d43fb361a71fbb36338450fe67865b528a43dd10ef7c51a20392?s=96&d=mm&r=g\",\"caption\":\"La Sentinelle\"},\"sameAs\":[\"http:\\\/\\\/www.lasentinelle.dz\"],\"url\":\"https:\\\/\\\/lasentinelle.dz\\\/author\\\/redaction\\\/\"}]}<\/script>\n<!-- \/ Yoast SEO plugin. -->","yoast_head_json":{"title":"Examen d\u2019\u00e9valuation des acquis de l\u2019enseignement primaire\u00a0: Les assurances du minist\u00e8re de l\u2019\u00c9ducation nationale - La Sentinelle","robots":{"index":"index","follow":"follow","max-snippet":"max-snippet:-1","max-image-preview":"max-image-preview:large","max-video-preview":"max-video-preview:-1"},"canonical":"https:\/\/lasentinelle.dz\/index.php\/2023\/04\/23\/examen-devaluation-des-acquis-de-lenseignement-primaire-les-assurances-du-ministere-de-leducation-nationale\/","og_locale":"fr_FR","og_type":"article","og_title":"Examen d\u2019\u00e9valuation des acquis de l\u2019enseignement primaire\u00a0: Les assurances du minist\u00e8re de l\u2019\u00c9ducation nationale - La Sentinelle","og_description":"Un examen d\u2019\u00e9valuation des acquis de l\u2019enseignement primaire remplace d\u00e8s cette ann\u00e9e le traditionnel examen de la cinqui\u00e8me. Le minist\u00e8re","og_url":"https:\/\/lasentinelle.dz\/index.php\/2023\/04\/23\/examen-devaluation-des-acquis-de-lenseignement-primaire-les-assurances-du-ministere-de-leducation-nationale\/","og_site_name":"La Sentinelle","article_publisher":"https:\/\/www.facebook.com\/La-Sentinelle-104059864394773","article_published_time":"2023-04-23T21:08:00+00:00","og_image":[{"width":1200,"height":900,"url":"https:\/\/lasentinelle.dz\/wp-content\/uploads\/2023\/04\/examen.png","type":"image\/png"}],"author":"La Sentinelle","twitter_card":"summary_large_image","twitter_misc":{"\u00c9crit par":"La Sentinelle","Dur\u00e9e de lecture estim\u00e9e":"4 minutes"},"schema":{"@context":"https:\/\/schema.org","@graph":[{"@type":"Article","@id":"https:\/\/lasentinelle.dz\/index.php\/2023\/04\/23\/examen-devaluation-des-acquis-de-lenseignement-primaire-les-assurances-du-ministere-de-leducation-nationale\/#article","isPartOf":{"@id":"https:\/\/lasentinelle.dz\/index.php\/2023\/04\/23\/examen-devaluation-des-acquis-de-lenseignement-primaire-les-assurances-du-ministere-de-leducation-nationale\/"},"author":{"name":"La Sentinelle","@id":"https:\/\/lasentinelle.dz\/#\/schema\/person\/d865044e22e70a75174ce8bcad3acfb3"},"headline":"Examen d\u2019\u00e9valuation des acquis de l\u2019enseignement primaire\u00a0: Les assurances du minist\u00e8re de l\u2019\u00c9ducation nationale","datePublished":"2023-04-23T21:08:00+00:00","mainEntityOfPage":{"@id":"https:\/\/lasentinelle.dz\/index.php\/2023\/04\/23\/examen-devaluation-des-acquis-de-lenseignement-primaire-les-assurances-du-ministere-de-leducation-nationale\/"},"wordCount":861,"commentCount":0,"publisher":{"@id":"https:\/\/lasentinelle.dz\/#organization"},"image":{"@id":"https:\/\/lasentinelle.dz\/index.php\/2023\/04\/23\/examen-devaluation-des-acquis-de-lenseignement-primaire-les-assurances-du-ministere-de-leducation-nationale\/#primaryimage"},"thumbnailUrl":"https:\/\/lasentinelle.dz\/wp-content\/uploads\/2023\/04\/examen.png","articleSection":["\u00c0 la Une","Actualit\u00e9"],"inLanguage":"fr-FR","potentialAction":[{"@type":"CommentAction","name":"Comment","target":["https:\/\/lasentinelle.dz\/index.php\/2023\/04\/23\/examen-devaluation-des-acquis-de-lenseignement-primaire-les-assurances-du-ministere-de-leducation-nationale\/#respond"]}]},{"@type":"WebPage","@id":"https:\/\/lasentinelle.dz\/index.php\/2023\/04\/23\/examen-devaluation-des-acquis-de-lenseignement-primaire-les-assurances-du-ministere-de-leducation-nationale\/","url":"https:\/\/lasentinelle.dz\/index.php\/2023\/04\/23\/examen-devaluation-des-acquis-de-lenseignement-primaire-les-assurances-du-ministere-de-leducation-nationale\/","name":"Examen d\u2019\u00e9valuation des acquis de l\u2019enseignement primaire\u00a0: Les assurances du minist\u00e8re de l\u2019\u00c9ducation nationale - La Sentinelle","isPartOf":{"@id":"https:\/\/lasentinelle.dz\/#website"},"primaryImageOfPage":{"@id":"https:\/\/lasentinelle.dz\/index.php\/2023\/04\/23\/examen-devaluation-des-acquis-de-lenseignement-primaire-les-assurances-du-ministere-de-leducation-nationale\/#primaryimage"},"image":{"@id":"https:\/\/lasentinelle.dz\/index.php\/2023\/04\/23\/examen-devaluation-des-acquis-de-lenseignement-primaire-les-assurances-du-ministere-de-leducation-nationale\/#primaryimage"},"thumbnailUrl":"https:\/\/lasentinelle.dz\/wp-content\/uploads\/2023\/04\/examen.png","datePublished":"2023-04-23T21:08:00+00:00","breadcrumb":{"@id":"https:\/\/lasentinelle.dz\/index.php\/2023\/04\/23\/examen-devaluation-des-acquis-de-lenseignement-primaire-les-assurances-du-ministere-de-leducation-nationale\/#breadcrumb"},"inLanguage":"fr-FR","potentialAction":[{"@type":"ReadAction","target":["https:\/\/lasentinelle.dz\/index.php\/2023\/04\/23\/examen-devaluation-des-acquis-de-lenseignement-primaire-les-assurances-du-ministere-de-leducation-nationale\/"]}]},{"@type":"ImageObject","inLanguage":"fr-FR","@id":"https:\/\/lasentinelle.dz\/index.php\/2023\/04\/23\/examen-devaluation-des-acquis-de-lenseignement-primaire-les-assurances-du-ministere-de-leducation-nationale\/#primaryimage","url":"https:\/\/lasentinelle.dz\/wp-content\/uploads\/2023\/04\/examen.png","contentUrl":"https:\/\/lasentinelle.dz\/wp-content\/uploads\/2023\/04\/examen.png","width":1200,"height":900},{"@type":"BreadcrumbList","@id":"https:\/\/lasentinelle.dz\/index.php\/2023\/04\/23\/examen-devaluation-des-acquis-de-lenseignement-primaire-les-assurances-du-ministere-de-leducation-nationale\/#breadcrumb","itemListElement":[{"@type":"ListItem","position":1,"name":"Accueil","item":"https:\/\/lasentinelle.dz\/"},{"@type":"ListItem","position":2,"name":"Examen d\u2019\u00e9valuation des acquis de l\u2019enseignement primaire\u00a0: Les assurances du minist\u00e8re de l\u2019\u00c9ducation nationale"}]},{"@type":"WebSite","@id":"https:\/\/lasentinelle.dz\/#website","url":"https:\/\/lasentinelle.dz\/","name":"La Sentinelle","description":"Quotidien national d&#039;information","publisher":{"@id":"https:\/\/lasentinelle.dz\/#organization"},"potentialAction":[{"@type":"SearchAction","target":{"@type":"EntryPoint","urlTemplate":"https:\/\/lasentinelle.dz\/?s={search_term_string}"},"query-input":{"@type":"PropertyValueSpecification","valueRequired":true,"valueName":"search_term_string"}}],"inLanguage":"fr-FR"},{"@type":"Organization","@id":"https:\/\/lasentinelle.dz\/#organization","name":"Quotidien La Sentinelle","url":"https:\/\/lasentinelle.dz\/","logo":{"@type":"ImageObject","inLanguage":"fr-FR","@id":"https:\/\/lasentinelle.dz\/#\/schema\/logo\/image\/","url":"https:\/\/lasentinelle.dz\/wp-content\/uploads\/2021\/09\/logo-sentinelleSLOGAN-1.png","contentUrl":"https:\/\/lasentinelle.dz\/wp-content\/uploads\/2021\/09\/logo-sentinelleSLOGAN-1.png","width":615,"height":142,"caption":"Quotidien La Sentinelle"},"image":{"@id":"https:\/\/lasentinelle.dz\/#\/schema\/logo\/image\/"},"sameAs":["https:\/\/www.facebook.com\/La-Sentinelle-104059864394773"]},{"@type":"Person","@id":"https:\/\/lasentinelle.dz\/#\/schema\/person\/d865044e22e70a75174ce8bcad3acfb3","name":"La Sentinelle","image":{"@type":"ImageObject","inLanguage":"fr-FR","@id":"https:\/\/secure.gravatar.com\/avatar\/57de8e5d4b15d43fb361a71fbb36338450fe67865b528a43dd10ef7c51a20392?s=96&d=mm&r=g","url":"https:\/\/secure.gravatar.com\/avatar\/57de8e5d4b15d43fb361a71fbb36338450fe67865b528a43dd10ef7c51a20392?s=96&d=mm&r=g","contentUrl":"https:\/\/secure.gravatar.com\/avatar\/57de8e5d4b15d43fb361a71fbb36338450fe67865b528a43dd10ef7c51a20392?s=96&d=mm&r=g","caption":"La Sentinelle"},"sameAs":["http:\/\/www.lasentinelle.dz"],"url":"https:\/\/lasentinelle.dz\/author\/redaction\/"}]}},"_links":{"self":[{"href":"https:\/\/lasentinelle.dz\/index.php\/wp-json\/wp\/v2\/posts\/39950","targetHints":{"allow":["GET"]}}],"collection":[{"href":"https:\/\/lasentinelle.dz\/index.php\/wp-json\/wp\/v2\/posts"}],"about":[{"href":"https:\/\/lasentinelle.dz\/index.php\/wp-json\/wp\/v2\/types\/post"}],"author":[{"embeddable":true,"href":"https:\/\/lasentinelle.dz\/index.php\/wp-json\/wp\/v2\/users\/3"}],"replies":[{"embeddable":true,"href":"https:\/\/lasentinelle.dz\/index.php\/wp-json\/wp\/v2\/comments?post=39950"}],"version-history":[{"count":1,"href":"https:\/\/lasentinelle.dz\/index.php\/wp-json\/wp\/v2\/posts\/39950\/revisions"}],"predecessor-version":[{"id":39965,"href":"https:\/\/lasentinelle.dz\/index.php\/wp-json\/wp\/v2\/posts\/39950\/revisions\/39965"}],"wp:featuredmedia":[{"embeddable":true,"href":"https:\/\/lasentinelle.dz\/index.php\/wp-json\/wp\/v2\/media\/39959"}],"wp:attachment":[{"href":"https:\/\/lasentinelle.dz\/index.php\/wp-json\/wp\/v2\/media?parent=39950"}],"wp:term":[{"taxonomy":"category","embeddable":true,"href":"https:\/\/lasentinelle.dz\/index.php\/wp-json\/wp\/v2\/categories?post=39950"},{"taxonomy":"post_tag","embeddable":true,"href":"https:\/\/lasentinelle.dz\/index.php\/wp-json\/wp\/v2\/tags?post=39950"}],"curies":[{"name":"wp","href":"https:\/\/api.w.org\/{rel}","templated":true}]}}