{"id":39951,"date":"2023-04-23T22:08:00","date_gmt":"2023-04-23T21:08:00","guid":{"rendered":"https:\/\/lasentinelle.dz\/?p=39951"},"modified":"2023-04-23T20:50:10","modified_gmt":"2023-04-23T19:50:10","slug":"des-morts-et-des-blesses-en-quelques-heures-des-routes-toujours-aussi-meurtrieres","status":"publish","type":"post","link":"https:\/\/lasentinelle.dz\/index.php\/2023\/04\/23\/des-morts-et-des-blesses-en-quelques-heures-des-routes-toujours-aussi-meurtrieres\/","title":{"rendered":"Des morts et des bless\u00e9s en quelques heures\u00a0: Des routes toujours aussi meurtri\u00e8res\u00a0!"},"content":{"rendered":"\n<p>Les bilans de la Protection civile font ressortir une multiplication des accidents de la route depuis le Ramadhan. Les f\u00eates de l\u2019Aid El Fitr ont \u00e9galement \u00e9t\u00e9 marqu\u00e9es par des drames routiers. C\u2019est ainsi que 5 personnes ont trouv\u00e9 la mort et 355 autres ont \u00e9t\u00e9 bless\u00e9es dans 273 accidents de la circulation survenus entre samedi et hier matin dans plusieurs r\u00e9gions du pays, selon un bilan rendu public par la Protection civile. Le bilan le plus lourd a \u00e9t\u00e9 enregistr\u00e9 dans la wilaya de M\u00e9d\u00e9a avec 01 personne d\u00e9c\u00e9d\u00e9e et 08 autres bless\u00e9es, suite \u00e0 une collision entre 02 v\u00e9hicules survenue sur la RN N 40, commune de Boughezoul, pr\u00e9cise la m\u00eame source.<\/p>\n\n\n\n<p>Notons par ailleurs que 8 personnes ont \u00e9t\u00e9 bless\u00e9es dans un carambolage entre neuf v\u00e9hicules, survenu hier sur l\u2019axe de l&rsquo;autoroute Est-Ouest traversant la commune de Hammadi (Boumerdes), a-t-on appris aupr\u00e8s de la direction de wilaya de la protection civile. L\u2019accident est survenu aux environs de 7h au lieu-dit \u00ab\u00a0Semaidia\u00a0\u00bb dans la commune de Hammadi, suite \u00e0 un carambolage, sur le couloir de l&rsquo;autoroute en direction d&rsquo;Alger, impliquant neuf v\u00e9hicules, causant des blessures plus ou moins graves \u00e0 huit personnes \u00e2g\u00e9es de 30 \u00e0 50 ans, dont la vie \u00ab\u00a0n&rsquo;est pas en danger\u00a0\u00bb, a indiqu\u00e9 \u00e0 l\u2019APS, le charg\u00e9 de la cellule de communication, le lieutenant Hocine Bouchachia. Apr\u00e8s avoir re\u00e7u les premiers soins sur place, tous les bless\u00e9s ont \u00e9t\u00e9 \u00e9vacu\u00e9s vers les h\u00f4pitaux les plus proches du lieu de l\u2019accident en vue d\u2019une prise en charge, est-il, par ailleurs, soulign\u00e9 de m\u00eame source. A noter que cet accident, dont les causes n&rsquo;ont pas \u00e9t\u00e9, encore, d\u00e9termin\u00e9es, a caus\u00e9 un arr\u00eat de la circulation sur le couloir de l\u2019autoroute en direction d\u2019Alger, avant l\u2019intervention des services concern\u00e9s ayant permis le r\u00e9tablissement du trafic routier. Enfin quelque 38 personnes ont \u00e9t\u00e9 bless\u00e9es dans un total de 24 accidents de la circulation enregistr\u00e9s \u00e0 Tizi-Ouzou durant les deux jours de la f\u00eate de l&rsquo;a\u00efd El Fitr (vendredi et samedi derniers), a rapport\u00e9 hier un communiqu\u00e9 de la protection civile. Parmi ces accidents qui n&rsquo;ont pas fait de bless\u00e9s graves, 17 ont \u00e9t\u00e9 enregistr\u00e9s vendredi, premi\u00e8re journ\u00e9e de l&rsquo;a\u00efd, et les 7 autres ont eu lieu durant la 2e journ\u00e9e, dans diff\u00e9rents axes routiers de la wilaya, a pr\u00e9cis\u00e9 la m\u00eame source. Trois des accidents ont \u00e9t\u00e9 provoqu\u00e9s par des motos \u00e0 Ain El Hammam, au sud de la wilaya, et \u00e0 Dra\u00e2 Ben Khadda, \u00e0 l&rsquo;ouest de Tizi-Ouzou, est-il encore pr\u00e9cis\u00e9. Le bilan des accidents du week-end dernier, co\u00efncidant avec les deux jours de l&rsquo;a\u00efd, est \u00ab\u00a0\u00e9lev\u00e9\u00a0\u00bb par rapport \u00e0 la m\u00eame p\u00e9riode les ann\u00e9es pr\u00e9c\u00e9dentes rel\u00e8ve, par ailleurs, le commandant Kamel Bouchakour, charg\u00e9 de la communication de la protection civile. Il a soulign\u00e9 que la protection civile enregistrait chaque ann\u00e9e, durant les deux journ\u00e9es du m\u00eame a\u00efd, une moyenne de 5 \u00e0 6 accidents de la circulation routi\u00e8re.<\/p>\n\n\n\n<p>R.N.<\/p>\n","protected":false},"excerpt":{"rendered":"<p>Les bilans de la Protection civile font ressortir une multiplication des accidents de la route depuis le Ramadhan. Les f\u00eates<\/p>\n","protected":false},"author":3,"featured_media":3348,"comment_status":"open","ping_status":"closed","sticky":false,"template":"","format":"standard","meta":{"colormag_page_container_layout":"default_layout","colormag_page_sidebar_layout":"default_layout","om_disable_all_campaigns":false,"_monsterinsights_skip_tracking":false,"_monsterinsights_sitenote_active":false,"_monsterinsights_sitenote_note":"","_monsterinsights_sitenote_category":0,"footnotes":"","_wpscppro_dont_share_socialmedia":false,"_wpscppro_custom_social_share_image":0,"_facebook_share_type":"","_twitter_share_type":"","_linkedin_share_type":"","_pinterest_share_type":"","_linkedin_share_type_page":"","_instagram_share_type":"","_medium_share_type":"","_threads_share_type":"","_google_business_share_type":"","_selected_social_profile":[],"_wpsp_enable_custom_social_template":false,"_wpsp_social_scheduling":{"enabled":false,"datetime":null,"platforms":[],"status":"template_only","dateOption":"today","timeOption":"now","customDays":"","customHours":"","customDate":"","customTime":"","schedulingType":"absolute"},"_wpsp_active_default_template":true},"categories":[27],"tags":[],"class_list":["post-39951","post","type-post","status-publish","format-standard","has-post-thumbnail","hentry","category-actualite"],"aioseo_notices":[],"yoast_head":"<!-- This site is optimized with the Yoast SEO plugin v27.5 - https:\/\/yoast.com\/product\/yoast-seo-wordpress\/ -->\n<title>Des morts et des bless\u00e9s en quelques heures\u00a0: Des routes toujours aussi meurtri\u00e8res\u00a0! - La Sentinelle<\/title>\n<meta name=\"robots\" content=\"index, follow, max-snippet:-1, max-image-preview:large, max-video-preview:-1\" \/>\n<link rel=\"canonical\" href=\"https:\/\/lasentinelle.dz\/index.php\/2023\/04\/23\/des-morts-et-des-blesses-en-quelques-heures-des-routes-toujours-aussi-meurtrieres\/\" \/>\n<meta property=\"og:locale\" content=\"fr_FR\" \/>\n<meta property=\"og:type\" content=\"article\" \/>\n<meta property=\"og:title\" content=\"Des morts et des bless\u00e9s en quelques heures\u00a0: Des routes toujours aussi meurtri\u00e8res\u00a0! - La Sentinelle\" \/>\n<meta property=\"og:description\" content=\"Les bilans de la Protection civile font ressortir une multiplication des accidents de la route depuis le Ramadhan. Les f\u00eates\" \/>\n<meta property=\"og:url\" content=\"https:\/\/lasentinelle.dz\/index.php\/2023\/04\/23\/des-morts-et-des-blesses-en-quelques-heures-des-routes-toujours-aussi-meurtrieres\/\" \/>\n<meta property=\"og:site_name\" content=\"La Sentinelle\" \/>\n<meta property=\"article:publisher\" content=\"https:\/\/www.facebook.com\/La-Sentinelle-104059864394773\" \/>\n<meta property=\"article:published_time\" content=\"2023-04-23T21:08:00+00:00\" \/>\n<meta property=\"og:image\" content=\"https:\/\/lasentinelle.dz\/wp-content\/uploads\/2021\/08\/accdent.png\" \/>\n\t<meta property=\"og:image:width\" content=\"1206\" \/>\n\t<meta property=\"og:image:height\" content=\"900\" \/>\n\t<meta property=\"og:image:type\" content=\"image\/png\" \/>\n<meta name=\"author\" content=\"La Sentinelle\" \/>\n<meta name=\"twitter:card\" content=\"summary_large_image\" \/>\n<meta name=\"twitter:label1\" content=\"\u00c9crit par\" \/>\n\t<meta name=\"twitter:data1\" content=\"La Sentinelle\" \/>\n\t<meta name=\"twitter:label2\" content=\"Dur\u00e9e de lecture estim\u00e9e\" \/>\n\t<meta name=\"twitter:data2\" content=\"3 minutes\" \/>\n<script type=\"application\/ld+json\" class=\"yoast-schema-graph\">{\"@context\":\"https:\\\/\\\/schema.org\",\"@graph\":[{\"@type\":\"Article\",\"@id\":\"https:\\\/\\\/lasentinelle.dz\\\/index.php\\\/2023\\\/04\\\/23\\\/des-morts-et-des-blesses-en-quelques-heures-des-routes-toujours-aussi-meurtrieres\\\/#article\",\"isPartOf\":{\"@id\":\"https:\\\/\\\/lasentinelle.dz\\\/index.php\\\/2023\\\/04\\\/23\\\/des-morts-et-des-blesses-en-quelques-heures-des-routes-toujours-aussi-meurtrieres\\\/\"},\"author\":{\"name\":\"La Sentinelle\",\"@id\":\"https:\\\/\\\/lasentinelle.dz\\\/#\\\/schema\\\/person\\\/d865044e22e70a75174ce8bcad3acfb3\"},\"headline\":\"Des morts et des bless\u00e9s en quelques heures\u00a0: Des routes toujours aussi meurtri\u00e8res\u00a0!\",\"datePublished\":\"2023-04-23T21:08:00+00:00\",\"mainEntityOfPage\":{\"@id\":\"https:\\\/\\\/lasentinelle.dz\\\/index.php\\\/2023\\\/04\\\/23\\\/des-morts-et-des-blesses-en-quelques-heures-des-routes-toujours-aussi-meurtrieres\\\/\"},\"wordCount\":549,\"commentCount\":0,\"publisher\":{\"@id\":\"https:\\\/\\\/lasentinelle.dz\\\/#organization\"},\"image\":{\"@id\":\"https:\\\/\\\/lasentinelle.dz\\\/index.php\\\/2023\\\/04\\\/23\\\/des-morts-et-des-blesses-en-quelques-heures-des-routes-toujours-aussi-meurtrieres\\\/#primaryimage\"},\"thumbnailUrl\":\"https:\\\/\\\/lasentinelle.dz\\\/wp-content\\\/uploads\\\/2021\\\/08\\\/accdent.png\",\"articleSection\":[\"Actualit\u00e9\"],\"inLanguage\":\"fr-FR\",\"potentialAction\":[{\"@type\":\"CommentAction\",\"name\":\"Comment\",\"target\":[\"https:\\\/\\\/lasentinelle.dz\\\/index.php\\\/2023\\\/04\\\/23\\\/des-morts-et-des-blesses-en-quelques-heures-des-routes-toujours-aussi-meurtrieres\\\/#respond\"]}]},{\"@type\":\"WebPage\",\"@id\":\"https:\\\/\\\/lasentinelle.dz\\\/index.php\\\/2023\\\/04\\\/23\\\/des-morts-et-des-blesses-en-quelques-heures-des-routes-toujours-aussi-meurtrieres\\\/\",\"url\":\"https:\\\/\\\/lasentinelle.dz\\\/index.php\\\/2023\\\/04\\\/23\\\/des-morts-et-des-blesses-en-quelques-heures-des-routes-toujours-aussi-meurtrieres\\\/\",\"name\":\"Des morts et des bless\u00e9s en quelques heures\u00a0: Des routes toujours aussi meurtri\u00e8res\u00a0! - La Sentinelle\",\"isPartOf\":{\"@id\":\"https:\\\/\\\/lasentinelle.dz\\\/#website\"},\"primaryImageOfPage\":{\"@id\":\"https:\\\/\\\/lasentinelle.dz\\\/index.php\\\/2023\\\/04\\\/23\\\/des-morts-et-des-blesses-en-quelques-heures-des-routes-toujours-aussi-meurtrieres\\\/#primaryimage\"},\"image\":{\"@id\":\"https:\\\/\\\/lasentinelle.dz\\\/index.php\\\/2023\\\/04\\\/23\\\/des-morts-et-des-blesses-en-quelques-heures-des-routes-toujours-aussi-meurtrieres\\\/#primaryimage\"},\"thumbnailUrl\":\"https:\\\/\\\/lasentinelle.dz\\\/wp-content\\\/uploads\\\/2021\\\/08\\\/accdent.png\",\"datePublished\":\"2023-04-23T21:08:00+00:00\",\"breadcrumb\":{\"@id\":\"https:\\\/\\\/lasentinelle.dz\\\/index.php\\\/2023\\\/04\\\/23\\\/des-morts-et-des-blesses-en-quelques-heures-des-routes-toujours-aussi-meurtrieres\\\/#breadcrumb\"},\"inLanguage\":\"fr-FR\",\"potentialAction\":[{\"@type\":\"ReadAction\",\"target\":[\"https:\\\/\\\/lasentinelle.dz\\\/index.php\\\/2023\\\/04\\\/23\\\/des-morts-et-des-blesses-en-quelques-heures-des-routes-toujours-aussi-meurtrieres\\\/\"]}]},{\"@type\":\"ImageObject\",\"inLanguage\":\"fr-FR\",\"@id\":\"https:\\\/\\\/lasentinelle.dz\\\/index.php\\\/2023\\\/04\\\/23\\\/des-morts-et-des-blesses-en-quelques-heures-des-routes-toujours-aussi-meurtrieres\\\/#primaryimage\",\"url\":\"https:\\\/\\\/lasentinelle.dz\\\/wp-content\\\/uploads\\\/2021\\\/08\\\/accdent.png\",\"contentUrl\":\"https:\\\/\\\/lasentinelle.dz\\\/wp-content\\\/uploads\\\/2021\\\/08\\\/accdent.png\",\"width\":1206,\"height\":900},{\"@type\":\"BreadcrumbList\",\"@id\":\"https:\\\/\\\/lasentinelle.dz\\\/index.php\\\/2023\\\/04\\\/23\\\/des-morts-et-des-blesses-en-quelques-heures-des-routes-toujours-aussi-meurtrieres\\\/#breadcrumb\",\"itemListElement\":[{\"@type\":\"ListItem\",\"position\":1,\"name\":\"Accueil\",\"item\":\"https:\\\/\\\/lasentinelle.dz\\\/\"},{\"@type\":\"ListItem\",\"position\":2,\"name\":\"Des morts et des bless\u00e9s en quelques heures\u00a0: Des routes toujours aussi meurtri\u00e8res\u00a0!\"}]},{\"@type\":\"WebSite\",\"@id\":\"https:\\\/\\\/lasentinelle.dz\\\/#website\",\"url\":\"https:\\\/\\\/lasentinelle.dz\\\/\",\"name\":\"La Sentinelle\",\"description\":\"Quotidien national d&#039;information\",\"publisher\":{\"@id\":\"https:\\\/\\\/lasentinelle.dz\\\/#organization\"},\"potentialAction\":[{\"@type\":\"SearchAction\",\"target\":{\"@type\":\"EntryPoint\",\"urlTemplate\":\"https:\\\/\\\/lasentinelle.dz\\\/?s={search_term_string}\"},\"query-input\":{\"@type\":\"PropertyValueSpecification\",\"valueRequired\":true,\"valueName\":\"search_term_string\"}}],\"inLanguage\":\"fr-FR\"},{\"@type\":\"Organization\",\"@id\":\"https:\\\/\\\/lasentinelle.dz\\\/#organization\",\"name\":\"Quotidien La Sentinelle\",\"url\":\"https:\\\/\\\/lasentinelle.dz\\\/\",\"logo\":{\"@type\":\"ImageObject\",\"inLanguage\":\"fr-FR\",\"@id\":\"https:\\\/\\\/lasentinelle.dz\\\/#\\\/schema\\\/logo\\\/image\\\/\",\"url\":\"https:\\\/\\\/lasentinelle.dz\\\/wp-content\\\/uploads\\\/2021\\\/09\\\/logo-sentinelleSLOGAN-1.png\",\"contentUrl\":\"https:\\\/\\\/lasentinelle.dz\\\/wp-content\\\/uploads\\\/2021\\\/09\\\/logo-sentinelleSLOGAN-1.png\",\"width\":615,\"height\":142,\"caption\":\"Quotidien La Sentinelle\"},\"image\":{\"@id\":\"https:\\\/\\\/lasentinelle.dz\\\/#\\\/schema\\\/logo\\\/image\\\/\"},\"sameAs\":[\"https:\\\/\\\/www.facebook.com\\\/La-Sentinelle-104059864394773\"]},{\"@type\":\"Person\",\"@id\":\"https:\\\/\\\/lasentinelle.dz\\\/#\\\/schema\\\/person\\\/d865044e22e70a75174ce8bcad3acfb3\",\"name\":\"La Sentinelle\",\"image\":{\"@type\":\"ImageObject\",\"inLanguage\":\"fr-FR\",\"@id\":\"https:\\\/\\\/secure.gravatar.com\\\/avatar\\\/57de8e5d4b15d43fb361a71fbb36338450fe67865b528a43dd10ef7c51a20392?s=96&d=mm&r=g\",\"url\":\"https:\\\/\\\/secure.gravatar.com\\\/avatar\\\/57de8e5d4b15d43fb361a71fbb36338450fe67865b528a43dd10ef7c51a20392?s=96&d=mm&r=g\",\"contentUrl\":\"https:\\\/\\\/secure.gravatar.com\\\/avatar\\\/57de8e5d4b15d43fb361a71fbb36338450fe67865b528a43dd10ef7c51a20392?s=96&d=mm&r=g\",\"caption\":\"La Sentinelle\"},\"sameAs\":[\"http:\\\/\\\/www.lasentinelle.dz\"],\"url\":\"https:\\\/\\\/lasentinelle.dz\\\/author\\\/redaction\\\/\"}]}<\/script>\n<!-- \/ Yoast SEO plugin. -->","yoast_head_json":{"title":"Des morts et des bless\u00e9s en quelques heures\u00a0: Des routes toujours aussi meurtri\u00e8res\u00a0! - La Sentinelle","robots":{"index":"index","follow":"follow","max-snippet":"max-snippet:-1","max-image-preview":"max-image-preview:large","max-video-preview":"max-video-preview:-1"},"canonical":"https:\/\/lasentinelle.dz\/index.php\/2023\/04\/23\/des-morts-et-des-blesses-en-quelques-heures-des-routes-toujours-aussi-meurtrieres\/","og_locale":"fr_FR","og_type":"article","og_title":"Des morts et des bless\u00e9s en quelques heures\u00a0: Des routes toujours aussi meurtri\u00e8res\u00a0! - La Sentinelle","og_description":"Les bilans de la Protection civile font ressortir une multiplication des accidents de la route depuis le Ramadhan. Les f\u00eates","og_url":"https:\/\/lasentinelle.dz\/index.php\/2023\/04\/23\/des-morts-et-des-blesses-en-quelques-heures-des-routes-toujours-aussi-meurtrieres\/","og_site_name":"La Sentinelle","article_publisher":"https:\/\/www.facebook.com\/La-Sentinelle-104059864394773","article_published_time":"2023-04-23T21:08:00+00:00","og_image":[{"width":1206,"height":900,"url":"https:\/\/lasentinelle.dz\/wp-content\/uploads\/2021\/08\/accdent.png","type":"image\/png"}],"author":"La Sentinelle","twitter_card":"summary_large_image","twitter_misc":{"\u00c9crit par":"La Sentinelle","Dur\u00e9e de lecture estim\u00e9e":"3 minutes"},"schema":{"@context":"https:\/\/schema.org","@graph":[{"@type":"Article","@id":"https:\/\/lasentinelle.dz\/index.php\/2023\/04\/23\/des-morts-et-des-blesses-en-quelques-heures-des-routes-toujours-aussi-meurtrieres\/#article","isPartOf":{"@id":"https:\/\/lasentinelle.dz\/index.php\/2023\/04\/23\/des-morts-et-des-blesses-en-quelques-heures-des-routes-toujours-aussi-meurtrieres\/"},"author":{"name":"La Sentinelle","@id":"https:\/\/lasentinelle.dz\/#\/schema\/person\/d865044e22e70a75174ce8bcad3acfb3"},"headline":"Des morts et des bless\u00e9s en quelques heures\u00a0: Des routes toujours aussi meurtri\u00e8res\u00a0!","datePublished":"2023-04-23T21:08:00+00:00","mainEntityOfPage":{"@id":"https:\/\/lasentinelle.dz\/index.php\/2023\/04\/23\/des-morts-et-des-blesses-en-quelques-heures-des-routes-toujours-aussi-meurtrieres\/"},"wordCount":549,"commentCount":0,"publisher":{"@id":"https:\/\/lasentinelle.dz\/#organization"},"image":{"@id":"https:\/\/lasentinelle.dz\/index.php\/2023\/04\/23\/des-morts-et-des-blesses-en-quelques-heures-des-routes-toujours-aussi-meurtrieres\/#primaryimage"},"thumbnailUrl":"https:\/\/lasentinelle.dz\/wp-content\/uploads\/2021\/08\/accdent.png","articleSection":["Actualit\u00e9"],"inLanguage":"fr-FR","potentialAction":[{"@type":"CommentAction","name":"Comment","target":["https:\/\/lasentinelle.dz\/index.php\/2023\/04\/23\/des-morts-et-des-blesses-en-quelques-heures-des-routes-toujours-aussi-meurtrieres\/#respond"]}]},{"@type":"WebPage","@id":"https:\/\/lasentinelle.dz\/index.php\/2023\/04\/23\/des-morts-et-des-blesses-en-quelques-heures-des-routes-toujours-aussi-meurtrieres\/","url":"https:\/\/lasentinelle.dz\/index.php\/2023\/04\/23\/des-morts-et-des-blesses-en-quelques-heures-des-routes-toujours-aussi-meurtrieres\/","name":"Des morts et des bless\u00e9s en quelques heures\u00a0: Des routes toujours aussi meurtri\u00e8res\u00a0! - La Sentinelle","isPartOf":{"@id":"https:\/\/lasentinelle.dz\/#website"},"primaryImageOfPage":{"@id":"https:\/\/lasentinelle.dz\/index.php\/2023\/04\/23\/des-morts-et-des-blesses-en-quelques-heures-des-routes-toujours-aussi-meurtrieres\/#primaryimage"},"image":{"@id":"https:\/\/lasentinelle.dz\/index.php\/2023\/04\/23\/des-morts-et-des-blesses-en-quelques-heures-des-routes-toujours-aussi-meurtrieres\/#primaryimage"},"thumbnailUrl":"https:\/\/lasentinelle.dz\/wp-content\/uploads\/2021\/08\/accdent.png","datePublished":"2023-04-23T21:08:00+00:00","breadcrumb":{"@id":"https:\/\/lasentinelle.dz\/index.php\/2023\/04\/23\/des-morts-et-des-blesses-en-quelques-heures-des-routes-toujours-aussi-meurtrieres\/#breadcrumb"},"inLanguage":"fr-FR","potentialAction":[{"@type":"ReadAction","target":["https:\/\/lasentinelle.dz\/index.php\/2023\/04\/23\/des-morts-et-des-blesses-en-quelques-heures-des-routes-toujours-aussi-meurtrieres\/"]}]},{"@type":"ImageObject","inLanguage":"fr-FR","@id":"https:\/\/lasentinelle.dz\/index.php\/2023\/04\/23\/des-morts-et-des-blesses-en-quelques-heures-des-routes-toujours-aussi-meurtrieres\/#primaryimage","url":"https:\/\/lasentinelle.dz\/wp-content\/uploads\/2021\/08\/accdent.png","contentUrl":"https:\/\/lasentinelle.dz\/wp-content\/uploads\/2021\/08\/accdent.png","width":1206,"height":900},{"@type":"BreadcrumbList","@id":"https:\/\/lasentinelle.dz\/index.php\/2023\/04\/23\/des-morts-et-des-blesses-en-quelques-heures-des-routes-toujours-aussi-meurtrieres\/#breadcrumb","itemListElement":[{"@type":"ListItem","position":1,"name":"Accueil","item":"https:\/\/lasentinelle.dz\/"},{"@type":"ListItem","position":2,"name":"Des morts et des bless\u00e9s en quelques heures\u00a0: Des routes toujours aussi meurtri\u00e8res\u00a0!"}]},{"@type":"WebSite","@id":"https:\/\/lasentinelle.dz\/#website","url":"https:\/\/lasentinelle.dz\/","name":"La Sentinelle","description":"Quotidien national d&#039;information","publisher":{"@id":"https:\/\/lasentinelle.dz\/#organization"},"potentialAction":[{"@type":"SearchAction","target":{"@type":"EntryPoint","urlTemplate":"https:\/\/lasentinelle.dz\/?s={search_term_string}"},"query-input":{"@type":"PropertyValueSpecification","valueRequired":true,"valueName":"search_term_string"}}],"inLanguage":"fr-FR"},{"@type":"Organization","@id":"https:\/\/lasentinelle.dz\/#organization","name":"Quotidien La Sentinelle","url":"https:\/\/lasentinelle.dz\/","logo":{"@type":"ImageObject","inLanguage":"fr-FR","@id":"https:\/\/lasentinelle.dz\/#\/schema\/logo\/image\/","url":"https:\/\/lasentinelle.dz\/wp-content\/uploads\/2021\/09\/logo-sentinelleSLOGAN-1.png","contentUrl":"https:\/\/lasentinelle.dz\/wp-content\/uploads\/2021\/09\/logo-sentinelleSLOGAN-1.png","width":615,"height":142,"caption":"Quotidien La Sentinelle"},"image":{"@id":"https:\/\/lasentinelle.dz\/#\/schema\/logo\/image\/"},"sameAs":["https:\/\/www.facebook.com\/La-Sentinelle-104059864394773"]},{"@type":"Person","@id":"https:\/\/lasentinelle.dz\/#\/schema\/person\/d865044e22e70a75174ce8bcad3acfb3","name":"La Sentinelle","image":{"@type":"ImageObject","inLanguage":"fr-FR","@id":"https:\/\/secure.gravatar.com\/avatar\/57de8e5d4b15d43fb361a71fbb36338450fe67865b528a43dd10ef7c51a20392?s=96&d=mm&r=g","url":"https:\/\/secure.gravatar.com\/avatar\/57de8e5d4b15d43fb361a71fbb36338450fe67865b528a43dd10ef7c51a20392?s=96&d=mm&r=g","contentUrl":"https:\/\/secure.gravatar.com\/avatar\/57de8e5d4b15d43fb361a71fbb36338450fe67865b528a43dd10ef7c51a20392?s=96&d=mm&r=g","caption":"La Sentinelle"},"sameAs":["http:\/\/www.lasentinelle.dz"],"url":"https:\/\/lasentinelle.dz\/author\/redaction\/"}]}},"_links":{"self":[{"href":"https:\/\/lasentinelle.dz\/index.php\/wp-json\/wp\/v2\/posts\/39951","targetHints":{"allow":["GET"]}}],"collection":[{"href":"https:\/\/lasentinelle.dz\/index.php\/wp-json\/wp\/v2\/posts"}],"about":[{"href":"https:\/\/lasentinelle.dz\/index.php\/wp-json\/wp\/v2\/types\/post"}],"author":[{"embeddable":true,"href":"https:\/\/lasentinelle.dz\/index.php\/wp-json\/wp\/v2\/users\/3"}],"replies":[{"embeddable":true,"href":"https:\/\/lasentinelle.dz\/index.php\/wp-json\/wp\/v2\/comments?post=39951"}],"version-history":[{"count":1,"href":"https:\/\/lasentinelle.dz\/index.php\/wp-json\/wp\/v2\/posts\/39951\/revisions"}],"predecessor-version":[{"id":39952,"href":"https:\/\/lasentinelle.dz\/index.php\/wp-json\/wp\/v2\/posts\/39951\/revisions\/39952"}],"wp:featuredmedia":[{"embeddable":true,"href":"https:\/\/lasentinelle.dz\/index.php\/wp-json\/wp\/v2\/media\/3348"}],"wp:attachment":[{"href":"https:\/\/lasentinelle.dz\/index.php\/wp-json\/wp\/v2\/media?parent=39951"}],"wp:term":[{"taxonomy":"category","embeddable":true,"href":"https:\/\/lasentinelle.dz\/index.php\/wp-json\/wp\/v2\/categories?post=39951"},{"taxonomy":"post_tag","embeddable":true,"href":"https:\/\/lasentinelle.dz\/index.php\/wp-json\/wp\/v2\/tags?post=39951"}],"curies":[{"name":"wp","href":"https:\/\/api.w.org\/{rel}","templated":true}]}}