{"id":39966,"date":"2023-04-24T22:05:00","date_gmt":"2023-04-24T21:05:00","guid":{"rendered":"https:\/\/lasentinelle.dz\/?p=39966"},"modified":"2023-04-24T17:23:00","modified_gmt":"2023-04-24T16:23:00","slug":"les-etrangers-continuent-de-quitter-le-pays-aucune-issue-nest-en-vue-au-soudan","status":"publish","type":"post","link":"https:\/\/lasentinelle.dz\/index.php\/2023\/04\/24\/les-etrangers-continuent-de-quitter-le-pays-aucune-issue-nest-en-vue-au-soudan\/","title":{"rendered":"Les \u00e9trangers continuent de quitter le pays\u00a0: Aucune issue n&rsquo;est en vue au Soudan"},"content":{"rendered":"\n<p>Les \u00e9vacuations d&rsquo;\u00e9trangers se poursuivaient hier au Soudan o\u00f9 neuf jours de combats pour le pouvoir entre arm\u00e9e et paramilitaires ont fait des centaines de morts, sans aucune issue en vue. Les explosions et les tirs n&rsquo;ont pas cess\u00e9 de r\u00e9sonner \u00e0 Khartoum et dans d&rsquo;autres villes, mais les capitales \u00e9trang\u00e8res sont parvenues \u00e0 n\u00e9gocier des passages avec les deux bellig\u00e9rants: l&rsquo;arm\u00e9e du g\u00e9n\u00e9ral Abdel Fattah al-Burhane, dirigeant de facto du Soudan, et son adjoint devenu rival, le g\u00e9n\u00e9ral Mohamed Hamdane Daglo, qui commande les paramilitaires des Forces de soutien rapide (FSR).<\/p>\n\n\n\n<p>Il a fallu \u00ab\u00a0profiter d&rsquo;une petite fen\u00eatre d&rsquo;opportunit\u00e9\u00a0\u00bb, a indiqu\u00e9 un porte-parole du gouvernement anglais, \u00e0 Londres. Car, \u00ab\u00a0avec des combats intenses \u00e0 Khartoum et la fermeture du principal a\u00e9roport\u00a0\u00bb, th\u00e9\u00e2tre de combats d\u00e8s le premier jour des hostilit\u00e9s, le 15 avril, \u00ab\u00a0une \u00e9vacuation temporaire plus large \u00e9tait impossible\u00a0\u00bb, a-t-il poursuivi. En tout, plus de 1.000 ressortissants de l&rsquo;UE ont \u00e9t\u00e9 \u00e9vacu\u00e9s, a indiqu\u00e9 le chef de la diplomatie europ\u00e9enne Josep Borrell, \u00e9voquant une \u00ab\u00a0op\u00e9ration complexe\u00a0\u00bb. Plusieurs capitales arabes ont \u00e9galement \u00e9vacu\u00e9 des centaines de leurs essortissants.<\/p>\n\n\n\n<p>Les violences, principalement dans la capitale et au Darfour, dans l&rsquo;ouest, ont fait selon l&rsquo;Organisation mondiale de la Sant\u00e9 (OMS) plus de 420 morts et 3.700 bless\u00e9s. La plupart des \u00e9trangers \u00e9vacu\u00e9s sont des membres du personnel diplomatique. De nombreux ressortissants attendent, eux, toujours une place dans les longs convois de voitures blanches ou les bus sigl\u00e9s qui partent en continu vers Port-Soudan ou des bases a\u00e9riennes hors de Khartoum. A l&rsquo;arriv\u00e9e \u00e0 Djibouti, o\u00f9 sont stationn\u00e9es de nombreuses troupes \u00e9trang\u00e8res, des familles d\u00e9barquent, hagardes, des avions au milieu de militaires qui organisent l&rsquo;incessant ballet des \u00e9vacuations. Mais si de nombreux \u00e9trangers sont partis, qu&rsquo;adviendra-t-il des Soudanais, se demandent experts et humanitaires. \u00ab\u00a0J&rsquo;ai peur pour leur avenir\u00a0\u00bb, admet sur Twitter l&rsquo;ambassadeur norv\u00e9gien Endre Stiansen. \u00ab\u00a0Maintenant, les armes et les int\u00e9r\u00eats personnels p\u00e8sent plus que les valeurs et les mots: tous les sc\u00e9narios sont mauvais\u00a0\u00bb, poursuit-il.<\/p>\n\n\n\n<p>Les cinq millions d&rsquo;habitants de Khartoum, eux, n&rsquo;ont qu&rsquo;une id\u00e9e en t\u00eate: quitter la ville qui plonge dans le chaos. Les deux camps s&rsquo;accusent d&rsquo;avoir attaqu\u00e9 des prisons pour faire sortir des centaines de prisonniers, de piller maisons et usines. Des affrontements ont eu lieu aux abords de plusieurs banques, aussit\u00f4t vid\u00e9es. Dans un pays o\u00f9 l&rsquo;inflation est d\u00e9j\u00e0 \u00e0 trois chiffres en temps normal, le kilo de riz ou le litre d&rsquo;essence s&rsquo;\u00e9changent d\u00e9sormais \u00e0 prix d&rsquo;or. Or, l&rsquo;essence est la cl\u00e9 pour s&rsquo;\u00e9chapper: il en faut beaucoup pour rejoindre l&rsquo;Egypte voisine &#8211; \u00e0 1.000 km au nord &#8211; vers laquelle des milliers de Soudanais esp\u00e8rent d\u00e9sormais se tourner. Ou encore pour rallier Port-Soudan, \u00e0 850 km \u00e0 l&rsquo;est, et esp\u00e9rer monter dans un bateau, comme l&rsquo;ont fait les tout premiers \u00e9vacu\u00e9s du pays, les Saoudiens. \u00ab\u00a0Alors que les \u00e9trangers qui le peuvent s&rsquo;enfuient, l&rsquo;impact des violences sur une situation humanitaire d\u00e9j\u00e0 critique au Soudan s&rsquo;aggrave\u00a0\u00bb, pr\u00e9vient l&rsquo;ONU. Prises sous les tirs crois\u00e9s, ses agences et de tr\u00e8s nombreuses organisations humanitaires ont suspendu leurs activit\u00e9s. Cinq humanitaires, dont quatre de l&rsquo;ONU, ont \u00e9t\u00e9 tu\u00e9s et, selon le syndicat des m\u00e9decins, pr\u00e8s des trois quarts des h\u00f4pitaux sont hors service.<\/p>\n\n\n\n<p>Des milliers de Soudanais ont d\u00e9j\u00e0 fui en Egypte, au Soudan du Sud et au Tchad, frontalier du Darfour. Le Programme alimentaire mondial (PAM) rapporte ainsi que \u00ab\u00a010 v\u00e9hicules et six camions de nourriture ont \u00e9t\u00e9 vol\u00e9s\u00a0\u00bb, soit \u00ab\u00a04.000 m\u00e8tres cube d&rsquo;aliments\u00a0\u00bb qui n&rsquo;iront pas aux 45 millions de Soudanais, dont plus d&rsquo;un sur trois souffrait de la faim avant le confit actuel. Celui-ci a d\u00e9g\u00e9n\u00e9r\u00e9 en guerre samedi. Mais il couvait en r\u00e9alit\u00e9 depuis des semaines entre les deux g\u00e9n\u00e9raux.<\/p>\n\n\n\n<p>K.L. et agences<\/p>\n","protected":false},"excerpt":{"rendered":"<p>Les \u00e9vacuations d&rsquo;\u00e9trangers se poursuivaient hier au Soudan o\u00f9 neuf jours de combats pour le pouvoir entre arm\u00e9e et paramilitaires<\/p>\n","protected":false},"author":3,"featured_media":39974,"comment_status":"open","ping_status":"closed","sticky":false,"template":"","format":"standard","meta":{"colormag_page_container_layout":"default_layout","colormag_page_sidebar_layout":"default_layout","om_disable_all_campaigns":false,"_monsterinsights_skip_tracking":false,"_monsterinsights_sitenote_active":false,"_monsterinsights_sitenote_note":"","_monsterinsights_sitenote_category":0,"footnotes":"","_wpscppro_dont_share_socialmedia":false,"_wpscppro_custom_social_share_image":0,"_facebook_share_type":"","_twitter_share_type":"","_linkedin_share_type":"","_pinterest_share_type":"","_linkedin_share_type_page":"","_instagram_share_type":"","_medium_share_type":"","_threads_share_type":"","_google_business_share_type":"","_selected_social_profile":[],"_wpsp_enable_custom_social_template":false,"_wpsp_social_scheduling":{"enabled":false,"datetime":null,"platforms":[],"status":"template_only","dateOption":"today","timeOption":"now","customDays":"","customHours":"","customDate":"","customTime":"","schedulingType":"absolute"},"_wpsp_active_default_template":true},"categories":[37],"tags":[],"class_list":["post-39966","post","type-post","status-publish","format-standard","has-post-thumbnail","hentry","category-monde"],"aioseo_notices":[],"yoast_head":"<!-- This site is optimized with the Yoast SEO plugin v27.5 - https:\/\/yoast.com\/product\/yoast-seo-wordpress\/ -->\n<title>Les \u00e9trangers continuent de quitter le pays\u00a0: Aucune issue n&rsquo;est en vue au Soudan - La Sentinelle<\/title>\n<meta name=\"robots\" content=\"index, follow, max-snippet:-1, max-image-preview:large, max-video-preview:-1\" \/>\n<link rel=\"canonical\" href=\"https:\/\/lasentinelle.dz\/index.php\/2023\/04\/24\/les-etrangers-continuent-de-quitter-le-pays-aucune-issue-nest-en-vue-au-soudan\/\" \/>\n<meta property=\"og:locale\" content=\"fr_FR\" \/>\n<meta property=\"og:type\" content=\"article\" \/>\n<meta property=\"og:title\" content=\"Les \u00e9trangers continuent de quitter le pays\u00a0: Aucune issue n&rsquo;est en vue au Soudan - La Sentinelle\" \/>\n<meta property=\"og:description\" content=\"Les \u00e9vacuations d&rsquo;\u00e9trangers se poursuivaient hier au Soudan o\u00f9 neuf jours de combats pour le pouvoir entre arm\u00e9e et paramilitaires\" \/>\n<meta property=\"og:url\" content=\"https:\/\/lasentinelle.dz\/index.php\/2023\/04\/24\/les-etrangers-continuent-de-quitter-le-pays-aucune-issue-nest-en-vue-au-soudan\/\" \/>\n<meta property=\"og:site_name\" content=\"La Sentinelle\" \/>\n<meta property=\"article:publisher\" content=\"https:\/\/www.facebook.com\/La-Sentinelle-104059864394773\" \/>\n<meta property=\"article:published_time\" content=\"2023-04-24T21:05:00+00:00\" \/>\n<meta property=\"og:image\" content=\"https:\/\/lasentinelle.dz\/wp-content\/uploads\/2023\/04\/image_2023-04-24_172221997.png\" \/>\n\t<meta property=\"og:image:width\" content=\"1200\" \/>\n\t<meta property=\"og:image:height\" content=\"630\" \/>\n\t<meta property=\"og:image:type\" content=\"image\/png\" \/>\n<meta name=\"author\" content=\"La Sentinelle\" \/>\n<meta name=\"twitter:card\" content=\"summary_large_image\" \/>\n<meta name=\"twitter:label1\" content=\"\u00c9crit par\" \/>\n\t<meta name=\"twitter:data1\" content=\"La Sentinelle\" \/>\n\t<meta name=\"twitter:label2\" content=\"Dur\u00e9e de lecture estim\u00e9e\" \/>\n\t<meta name=\"twitter:data2\" content=\"4 minutes\" \/>\n<script type=\"application\/ld+json\" class=\"yoast-schema-graph\">{\"@context\":\"https:\\\/\\\/schema.org\",\"@graph\":[{\"@type\":\"Article\",\"@id\":\"https:\\\/\\\/lasentinelle.dz\\\/index.php\\\/2023\\\/04\\\/24\\\/les-etrangers-continuent-de-quitter-le-pays-aucune-issue-nest-en-vue-au-soudan\\\/#article\",\"isPartOf\":{\"@id\":\"https:\\\/\\\/lasentinelle.dz\\\/index.php\\\/2023\\\/04\\\/24\\\/les-etrangers-continuent-de-quitter-le-pays-aucune-issue-nest-en-vue-au-soudan\\\/\"},\"author\":{\"name\":\"La Sentinelle\",\"@id\":\"https:\\\/\\\/lasentinelle.dz\\\/#\\\/schema\\\/person\\\/d865044e22e70a75174ce8bcad3acfb3\"},\"headline\":\"Les \u00e9trangers continuent de quitter le pays\u00a0: Aucune issue n&rsquo;est en vue au Soudan\",\"datePublished\":\"2023-04-24T21:05:00+00:00\",\"mainEntityOfPage\":{\"@id\":\"https:\\\/\\\/lasentinelle.dz\\\/index.php\\\/2023\\\/04\\\/24\\\/les-etrangers-continuent-de-quitter-le-pays-aucune-issue-nest-en-vue-au-soudan\\\/\"},\"wordCount\":702,\"commentCount\":0,\"publisher\":{\"@id\":\"https:\\\/\\\/lasentinelle.dz\\\/#organization\"},\"image\":{\"@id\":\"https:\\\/\\\/lasentinelle.dz\\\/index.php\\\/2023\\\/04\\\/24\\\/les-etrangers-continuent-de-quitter-le-pays-aucune-issue-nest-en-vue-au-soudan\\\/#primaryimage\"},\"thumbnailUrl\":\"https:\\\/\\\/lasentinelle.dz\\\/wp-content\\\/uploads\\\/2023\\\/04\\\/image_2023-04-24_172221997.png\",\"articleSection\":[\"Monde\"],\"inLanguage\":\"fr-FR\",\"potentialAction\":[{\"@type\":\"CommentAction\",\"name\":\"Comment\",\"target\":[\"https:\\\/\\\/lasentinelle.dz\\\/index.php\\\/2023\\\/04\\\/24\\\/les-etrangers-continuent-de-quitter-le-pays-aucune-issue-nest-en-vue-au-soudan\\\/#respond\"]}]},{\"@type\":\"WebPage\",\"@id\":\"https:\\\/\\\/lasentinelle.dz\\\/index.php\\\/2023\\\/04\\\/24\\\/les-etrangers-continuent-de-quitter-le-pays-aucune-issue-nest-en-vue-au-soudan\\\/\",\"url\":\"https:\\\/\\\/lasentinelle.dz\\\/index.php\\\/2023\\\/04\\\/24\\\/les-etrangers-continuent-de-quitter-le-pays-aucune-issue-nest-en-vue-au-soudan\\\/\",\"name\":\"Les \u00e9trangers continuent de quitter le pays\u00a0: Aucune issue n&rsquo;est en vue au Soudan - La Sentinelle\",\"isPartOf\":{\"@id\":\"https:\\\/\\\/lasentinelle.dz\\\/#website\"},\"primaryImageOfPage\":{\"@id\":\"https:\\\/\\\/lasentinelle.dz\\\/index.php\\\/2023\\\/04\\\/24\\\/les-etrangers-continuent-de-quitter-le-pays-aucune-issue-nest-en-vue-au-soudan\\\/#primaryimage\"},\"image\":{\"@id\":\"https:\\\/\\\/lasentinelle.dz\\\/index.php\\\/2023\\\/04\\\/24\\\/les-etrangers-continuent-de-quitter-le-pays-aucune-issue-nest-en-vue-au-soudan\\\/#primaryimage\"},\"thumbnailUrl\":\"https:\\\/\\\/lasentinelle.dz\\\/wp-content\\\/uploads\\\/2023\\\/04\\\/image_2023-04-24_172221997.png\",\"datePublished\":\"2023-04-24T21:05:00+00:00\",\"breadcrumb\":{\"@id\":\"https:\\\/\\\/lasentinelle.dz\\\/index.php\\\/2023\\\/04\\\/24\\\/les-etrangers-continuent-de-quitter-le-pays-aucune-issue-nest-en-vue-au-soudan\\\/#breadcrumb\"},\"inLanguage\":\"fr-FR\",\"potentialAction\":[{\"@type\":\"ReadAction\",\"target\":[\"https:\\\/\\\/lasentinelle.dz\\\/index.php\\\/2023\\\/04\\\/24\\\/les-etrangers-continuent-de-quitter-le-pays-aucune-issue-nest-en-vue-au-soudan\\\/\"]}]},{\"@type\":\"ImageObject\",\"inLanguage\":\"fr-FR\",\"@id\":\"https:\\\/\\\/lasentinelle.dz\\\/index.php\\\/2023\\\/04\\\/24\\\/les-etrangers-continuent-de-quitter-le-pays-aucune-issue-nest-en-vue-au-soudan\\\/#primaryimage\",\"url\":\"https:\\\/\\\/lasentinelle.dz\\\/wp-content\\\/uploads\\\/2023\\\/04\\\/image_2023-04-24_172221997.png\",\"contentUrl\":\"https:\\\/\\\/lasentinelle.dz\\\/wp-content\\\/uploads\\\/2023\\\/04\\\/image_2023-04-24_172221997.png\",\"width\":1200,\"height\":630},{\"@type\":\"BreadcrumbList\",\"@id\":\"https:\\\/\\\/lasentinelle.dz\\\/index.php\\\/2023\\\/04\\\/24\\\/les-etrangers-continuent-de-quitter-le-pays-aucune-issue-nest-en-vue-au-soudan\\\/#breadcrumb\",\"itemListElement\":[{\"@type\":\"ListItem\",\"position\":1,\"name\":\"Accueil\",\"item\":\"https:\\\/\\\/lasentinelle.dz\\\/\"},{\"@type\":\"ListItem\",\"position\":2,\"name\":\"Les \u00e9trangers continuent de quitter le pays\u00a0: Aucune issue n&rsquo;est en vue au Soudan\"}]},{\"@type\":\"WebSite\",\"@id\":\"https:\\\/\\\/lasentinelle.dz\\\/#website\",\"url\":\"https:\\\/\\\/lasentinelle.dz\\\/\",\"name\":\"La Sentinelle\",\"description\":\"Quotidien national d&#039;information\",\"publisher\":{\"@id\":\"https:\\\/\\\/lasentinelle.dz\\\/#organization\"},\"potentialAction\":[{\"@type\":\"SearchAction\",\"target\":{\"@type\":\"EntryPoint\",\"urlTemplate\":\"https:\\\/\\\/lasentinelle.dz\\\/?s={search_term_string}\"},\"query-input\":{\"@type\":\"PropertyValueSpecification\",\"valueRequired\":true,\"valueName\":\"search_term_string\"}}],\"inLanguage\":\"fr-FR\"},{\"@type\":\"Organization\",\"@id\":\"https:\\\/\\\/lasentinelle.dz\\\/#organization\",\"name\":\"Quotidien La Sentinelle\",\"url\":\"https:\\\/\\\/lasentinelle.dz\\\/\",\"logo\":{\"@type\":\"ImageObject\",\"inLanguage\":\"fr-FR\",\"@id\":\"https:\\\/\\\/lasentinelle.dz\\\/#\\\/schema\\\/logo\\\/image\\\/\",\"url\":\"https:\\\/\\\/lasentinelle.dz\\\/wp-content\\\/uploads\\\/2021\\\/09\\\/logo-sentinelleSLOGAN-1.png\",\"contentUrl\":\"https:\\\/\\\/lasentinelle.dz\\\/wp-content\\\/uploads\\\/2021\\\/09\\\/logo-sentinelleSLOGAN-1.png\",\"width\":615,\"height\":142,\"caption\":\"Quotidien La Sentinelle\"},\"image\":{\"@id\":\"https:\\\/\\\/lasentinelle.dz\\\/#\\\/schema\\\/logo\\\/image\\\/\"},\"sameAs\":[\"https:\\\/\\\/www.facebook.com\\\/La-Sentinelle-104059864394773\"]},{\"@type\":\"Person\",\"@id\":\"https:\\\/\\\/lasentinelle.dz\\\/#\\\/schema\\\/person\\\/d865044e22e70a75174ce8bcad3acfb3\",\"name\":\"La Sentinelle\",\"image\":{\"@type\":\"ImageObject\",\"inLanguage\":\"fr-FR\",\"@id\":\"https:\\\/\\\/secure.gravatar.com\\\/avatar\\\/57de8e5d4b15d43fb361a71fbb36338450fe67865b528a43dd10ef7c51a20392?s=96&d=mm&r=g\",\"url\":\"https:\\\/\\\/secure.gravatar.com\\\/avatar\\\/57de8e5d4b15d43fb361a71fbb36338450fe67865b528a43dd10ef7c51a20392?s=96&d=mm&r=g\",\"contentUrl\":\"https:\\\/\\\/secure.gravatar.com\\\/avatar\\\/57de8e5d4b15d43fb361a71fbb36338450fe67865b528a43dd10ef7c51a20392?s=96&d=mm&r=g\",\"caption\":\"La Sentinelle\"},\"sameAs\":[\"http:\\\/\\\/www.lasentinelle.dz\"],\"url\":\"https:\\\/\\\/lasentinelle.dz\\\/author\\\/redaction\\\/\"}]}<\/script>\n<!-- \/ Yoast SEO plugin. -->","yoast_head_json":{"title":"Les \u00e9trangers continuent de quitter le pays\u00a0: Aucune issue n&rsquo;est en vue au Soudan - La Sentinelle","robots":{"index":"index","follow":"follow","max-snippet":"max-snippet:-1","max-image-preview":"max-image-preview:large","max-video-preview":"max-video-preview:-1"},"canonical":"https:\/\/lasentinelle.dz\/index.php\/2023\/04\/24\/les-etrangers-continuent-de-quitter-le-pays-aucune-issue-nest-en-vue-au-soudan\/","og_locale":"fr_FR","og_type":"article","og_title":"Les \u00e9trangers continuent de quitter le pays\u00a0: Aucune issue n&rsquo;est en vue au Soudan - La Sentinelle","og_description":"Les \u00e9vacuations d&rsquo;\u00e9trangers se poursuivaient hier au Soudan o\u00f9 neuf jours de combats pour le pouvoir entre arm\u00e9e et paramilitaires","og_url":"https:\/\/lasentinelle.dz\/index.php\/2023\/04\/24\/les-etrangers-continuent-de-quitter-le-pays-aucune-issue-nest-en-vue-au-soudan\/","og_site_name":"La Sentinelle","article_publisher":"https:\/\/www.facebook.com\/La-Sentinelle-104059864394773","article_published_time":"2023-04-24T21:05:00+00:00","og_image":[{"width":1200,"height":630,"url":"https:\/\/lasentinelle.dz\/wp-content\/uploads\/2023\/04\/image_2023-04-24_172221997.png","type":"image\/png"}],"author":"La Sentinelle","twitter_card":"summary_large_image","twitter_misc":{"\u00c9crit par":"La Sentinelle","Dur\u00e9e de lecture estim\u00e9e":"4 minutes"},"schema":{"@context":"https:\/\/schema.org","@graph":[{"@type":"Article","@id":"https:\/\/lasentinelle.dz\/index.php\/2023\/04\/24\/les-etrangers-continuent-de-quitter-le-pays-aucune-issue-nest-en-vue-au-soudan\/#article","isPartOf":{"@id":"https:\/\/lasentinelle.dz\/index.php\/2023\/04\/24\/les-etrangers-continuent-de-quitter-le-pays-aucune-issue-nest-en-vue-au-soudan\/"},"author":{"name":"La Sentinelle","@id":"https:\/\/lasentinelle.dz\/#\/schema\/person\/d865044e22e70a75174ce8bcad3acfb3"},"headline":"Les \u00e9trangers continuent de quitter le pays\u00a0: Aucune issue n&rsquo;est en vue au Soudan","datePublished":"2023-04-24T21:05:00+00:00","mainEntityOfPage":{"@id":"https:\/\/lasentinelle.dz\/index.php\/2023\/04\/24\/les-etrangers-continuent-de-quitter-le-pays-aucune-issue-nest-en-vue-au-soudan\/"},"wordCount":702,"commentCount":0,"publisher":{"@id":"https:\/\/lasentinelle.dz\/#organization"},"image":{"@id":"https:\/\/lasentinelle.dz\/index.php\/2023\/04\/24\/les-etrangers-continuent-de-quitter-le-pays-aucune-issue-nest-en-vue-au-soudan\/#primaryimage"},"thumbnailUrl":"https:\/\/lasentinelle.dz\/wp-content\/uploads\/2023\/04\/image_2023-04-24_172221997.png","articleSection":["Monde"],"inLanguage":"fr-FR","potentialAction":[{"@type":"CommentAction","name":"Comment","target":["https:\/\/lasentinelle.dz\/index.php\/2023\/04\/24\/les-etrangers-continuent-de-quitter-le-pays-aucune-issue-nest-en-vue-au-soudan\/#respond"]}]},{"@type":"WebPage","@id":"https:\/\/lasentinelle.dz\/index.php\/2023\/04\/24\/les-etrangers-continuent-de-quitter-le-pays-aucune-issue-nest-en-vue-au-soudan\/","url":"https:\/\/lasentinelle.dz\/index.php\/2023\/04\/24\/les-etrangers-continuent-de-quitter-le-pays-aucune-issue-nest-en-vue-au-soudan\/","name":"Les \u00e9trangers continuent de quitter le pays\u00a0: Aucune issue n&rsquo;est en vue au Soudan - La Sentinelle","isPartOf":{"@id":"https:\/\/lasentinelle.dz\/#website"},"primaryImageOfPage":{"@id":"https:\/\/lasentinelle.dz\/index.php\/2023\/04\/24\/les-etrangers-continuent-de-quitter-le-pays-aucune-issue-nest-en-vue-au-soudan\/#primaryimage"},"image":{"@id":"https:\/\/lasentinelle.dz\/index.php\/2023\/04\/24\/les-etrangers-continuent-de-quitter-le-pays-aucune-issue-nest-en-vue-au-soudan\/#primaryimage"},"thumbnailUrl":"https:\/\/lasentinelle.dz\/wp-content\/uploads\/2023\/04\/image_2023-04-24_172221997.png","datePublished":"2023-04-24T21:05:00+00:00","breadcrumb":{"@id":"https:\/\/lasentinelle.dz\/index.php\/2023\/04\/24\/les-etrangers-continuent-de-quitter-le-pays-aucune-issue-nest-en-vue-au-soudan\/#breadcrumb"},"inLanguage":"fr-FR","potentialAction":[{"@type":"ReadAction","target":["https:\/\/lasentinelle.dz\/index.php\/2023\/04\/24\/les-etrangers-continuent-de-quitter-le-pays-aucune-issue-nest-en-vue-au-soudan\/"]}]},{"@type":"ImageObject","inLanguage":"fr-FR","@id":"https:\/\/lasentinelle.dz\/index.php\/2023\/04\/24\/les-etrangers-continuent-de-quitter-le-pays-aucune-issue-nest-en-vue-au-soudan\/#primaryimage","url":"https:\/\/lasentinelle.dz\/wp-content\/uploads\/2023\/04\/image_2023-04-24_172221997.png","contentUrl":"https:\/\/lasentinelle.dz\/wp-content\/uploads\/2023\/04\/image_2023-04-24_172221997.png","width":1200,"height":630},{"@type":"BreadcrumbList","@id":"https:\/\/lasentinelle.dz\/index.php\/2023\/04\/24\/les-etrangers-continuent-de-quitter-le-pays-aucune-issue-nest-en-vue-au-soudan\/#breadcrumb","itemListElement":[{"@type":"ListItem","position":1,"name":"Accueil","item":"https:\/\/lasentinelle.dz\/"},{"@type":"ListItem","position":2,"name":"Les \u00e9trangers continuent de quitter le pays\u00a0: Aucune issue n&rsquo;est en vue au Soudan"}]},{"@type":"WebSite","@id":"https:\/\/lasentinelle.dz\/#website","url":"https:\/\/lasentinelle.dz\/","name":"La Sentinelle","description":"Quotidien national d&#039;information","publisher":{"@id":"https:\/\/lasentinelle.dz\/#organization"},"potentialAction":[{"@type":"SearchAction","target":{"@type":"EntryPoint","urlTemplate":"https:\/\/lasentinelle.dz\/?s={search_term_string}"},"query-input":{"@type":"PropertyValueSpecification","valueRequired":true,"valueName":"search_term_string"}}],"inLanguage":"fr-FR"},{"@type":"Organization","@id":"https:\/\/lasentinelle.dz\/#organization","name":"Quotidien La Sentinelle","url":"https:\/\/lasentinelle.dz\/","logo":{"@type":"ImageObject","inLanguage":"fr-FR","@id":"https:\/\/lasentinelle.dz\/#\/schema\/logo\/image\/","url":"https:\/\/lasentinelle.dz\/wp-content\/uploads\/2021\/09\/logo-sentinelleSLOGAN-1.png","contentUrl":"https:\/\/lasentinelle.dz\/wp-content\/uploads\/2021\/09\/logo-sentinelleSLOGAN-1.png","width":615,"height":142,"caption":"Quotidien La Sentinelle"},"image":{"@id":"https:\/\/lasentinelle.dz\/#\/schema\/logo\/image\/"},"sameAs":["https:\/\/www.facebook.com\/La-Sentinelle-104059864394773"]},{"@type":"Person","@id":"https:\/\/lasentinelle.dz\/#\/schema\/person\/d865044e22e70a75174ce8bcad3acfb3","name":"La Sentinelle","image":{"@type":"ImageObject","inLanguage":"fr-FR","@id":"https:\/\/secure.gravatar.com\/avatar\/57de8e5d4b15d43fb361a71fbb36338450fe67865b528a43dd10ef7c51a20392?s=96&d=mm&r=g","url":"https:\/\/secure.gravatar.com\/avatar\/57de8e5d4b15d43fb361a71fbb36338450fe67865b528a43dd10ef7c51a20392?s=96&d=mm&r=g","contentUrl":"https:\/\/secure.gravatar.com\/avatar\/57de8e5d4b15d43fb361a71fbb36338450fe67865b528a43dd10ef7c51a20392?s=96&d=mm&r=g","caption":"La Sentinelle"},"sameAs":["http:\/\/www.lasentinelle.dz"],"url":"https:\/\/lasentinelle.dz\/author\/redaction\/"}]}},"_links":{"self":[{"href":"https:\/\/lasentinelle.dz\/index.php\/wp-json\/wp\/v2\/posts\/39966","targetHints":{"allow":["GET"]}}],"collection":[{"href":"https:\/\/lasentinelle.dz\/index.php\/wp-json\/wp\/v2\/posts"}],"about":[{"href":"https:\/\/lasentinelle.dz\/index.php\/wp-json\/wp\/v2\/types\/post"}],"author":[{"embeddable":true,"href":"https:\/\/lasentinelle.dz\/index.php\/wp-json\/wp\/v2\/users\/3"}],"replies":[{"embeddable":true,"href":"https:\/\/lasentinelle.dz\/index.php\/wp-json\/wp\/v2\/comments?post=39966"}],"version-history":[{"count":1,"href":"https:\/\/lasentinelle.dz\/index.php\/wp-json\/wp\/v2\/posts\/39966\/revisions"}],"predecessor-version":[{"id":39976,"href":"https:\/\/lasentinelle.dz\/index.php\/wp-json\/wp\/v2\/posts\/39966\/revisions\/39976"}],"wp:featuredmedia":[{"embeddable":true,"href":"https:\/\/lasentinelle.dz\/index.php\/wp-json\/wp\/v2\/media\/39974"}],"wp:attachment":[{"href":"https:\/\/lasentinelle.dz\/index.php\/wp-json\/wp\/v2\/media?parent=39966"}],"wp:term":[{"taxonomy":"category","embeddable":true,"href":"https:\/\/lasentinelle.dz\/index.php\/wp-json\/wp\/v2\/categories?post=39966"},{"taxonomy":"post_tag","embeddable":true,"href":"https:\/\/lasentinelle.dz\/index.php\/wp-json\/wp\/v2\/tags?post=39966"}],"curies":[{"name":"wp","href":"https:\/\/api.w.org\/{rel}","templated":true}]}}