{"id":39969,"date":"2023-04-24T22:00:00","date_gmt":"2023-04-24T21:00:00","guid":{"rendered":"https:\/\/lasentinelle.dz\/?p=39969"},"modified":"2023-04-24T17:25:20","modified_gmt":"2023-04-24T16:25:20","slug":"asie-la-coree-du-sud-reintegre-le-japon-parmi-ses-partenaires-de-confiance","status":"publish","type":"post","link":"https:\/\/lasentinelle.dz\/index.php\/2023\/04\/24\/asie-la-coree-du-sud-reintegre-le-japon-parmi-ses-partenaires-de-confiance\/","title":{"rendered":"Asie\u00a0: La Cor\u00e9e du Sud r\u00e9int\u00e8gre le Japon parmi ses partenaires de confiance"},"content":{"rendered":"\n<p>La Cor\u00e9e du Sud a r\u00e9int\u00e9gr\u00e9 le Japon sur sa \u00ab\u00a0liste blanche\u00a0\u00bb des partenaires commerciaux de confiance, trois ans apr\u00e8s son retrait, a annonc\u00e9 hier le minist\u00e8re du Commerce, de l&rsquo;Industrie et de l&rsquo;Energie du pays. Selon l&rsquo;agence de presse sud-cor\u00e9enne Yonhap, le minist\u00e8re a publi\u00e9 une r\u00e9vision de son avis public sur les exportations et les importations d&rsquo;articles strat\u00e9giques qui appelle au r\u00e9tablissement du statut commercial pr\u00e9f\u00e9rentiel du Japon, permettant aux entreprises qui exportent des articles strat\u00e9giques vers le Japon de b\u00e9n\u00e9ficier d&rsquo;un d\u00e9lai d&rsquo;examen plus court et de formalit\u00e9s administratives simplifi\u00e9es. Cette mesure augmente le nombre de pays b\u00e9n\u00e9ficiant d&rsquo;un traitement commercial pr\u00e9f\u00e9rentiel \u00e0 29, parmi lesquels se trouvent la France, les Etats-Unis et le Royaume-Uni, a pr\u00e9cis\u00e9 l\u00c6agence de presse. En 2019, la Cor\u00e9e du Sud avait retir\u00e9 le Japon de sa liste blanche en r\u00e9ponse \u00e0 l&rsquo;exclusion de S\u00e9oul de la liste japonaise, vraisemblablement en repr\u00e9sailles contre les arr\u00eats de la Cour supr\u00eame sud-cor\u00e9enne en 2018 qui avaient ordonn\u00e9 \u00e0 des entreprises japonaises de verser des compensations \u00e0 des victimes du travail forc\u00e9 en temps de guerre. Le mois dernier, les deux pays se sont engag\u00e9s \u00e0 r\u00e9tablir leurs relations apr\u00e8s que la Cor\u00e9e du Sud a annonc\u00e9 des plans pour indemniser les victimes du travail forc\u00e9 sans demander de contribution au Japon. Le Japon a, pour sa part, lev\u00e9 ses restrictions sur les exportations vers la Cor\u00e9e du Sud concernant trois mat\u00e9riaux essentiels pour produire des semi-conducteurs et des \u00e9crans, \u00e0 savoir le polyimide fluor\u00e9, la r\u00e9sine photosensible et le fluorure d&rsquo;hydrog\u00e8ne, qui \u00e9taient en place depuis 2019.<\/p>\n\n\n\n<p>R.I.<\/p>\n","protected":false},"excerpt":{"rendered":"<p>La Cor\u00e9e du Sud a r\u00e9int\u00e9gr\u00e9 le Japon sur sa \u00ab\u00a0liste blanche\u00a0\u00bb des partenaires commerciaux de confiance, trois ans apr\u00e8s<\/p>\n","protected":false},"author":3,"featured_media":39983,"comment_status":"open","ping_status":"closed","sticky":false,"template":"","format":"standard","meta":{"colormag_page_container_layout":"default_layout","colormag_page_sidebar_layout":"default_layout","om_disable_all_campaigns":false,"_monsterinsights_skip_tracking":false,"_monsterinsights_sitenote_active":false,"_monsterinsights_sitenote_note":"","_monsterinsights_sitenote_category":0,"footnotes":"","_wpscppro_dont_share_socialmedia":false,"_wpscppro_custom_social_share_image":0,"_facebook_share_type":"","_twitter_share_type":"","_linkedin_share_type":"","_pinterest_share_type":"","_linkedin_share_type_page":"","_instagram_share_type":"","_medium_share_type":"","_threads_share_type":"","_google_business_share_type":"","_selected_social_profile":[],"_wpsp_enable_custom_social_template":false,"_wpsp_social_scheduling":{"enabled":false,"datetime":null,"platforms":[],"status":"template_only","dateOption":"today","timeOption":"now","customDays":"","customHours":"","customDate":"","customTime":"","schedulingType":"absolute"},"_wpsp_active_default_template":true},"categories":[37],"tags":[],"class_list":["post-39969","post","type-post","status-publish","format-standard","has-post-thumbnail","hentry","category-monde"],"aioseo_notices":[],"yoast_head":"<!-- This site is optimized with the Yoast SEO plugin v27.5 - https:\/\/yoast.com\/product\/yoast-seo-wordpress\/ -->\n<title>Asie\u00a0: La Cor\u00e9e du Sud r\u00e9int\u00e8gre le Japon parmi ses partenaires de confiance - La Sentinelle<\/title>\n<meta name=\"robots\" content=\"index, follow, max-snippet:-1, max-image-preview:large, max-video-preview:-1\" \/>\n<link rel=\"canonical\" href=\"https:\/\/lasentinelle.dz\/index.php\/2023\/04\/24\/asie-la-coree-du-sud-reintegre-le-japon-parmi-ses-partenaires-de-confiance\/\" \/>\n<meta property=\"og:locale\" content=\"fr_FR\" \/>\n<meta property=\"og:type\" content=\"article\" \/>\n<meta property=\"og:title\" content=\"Asie\u00a0: La Cor\u00e9e du Sud r\u00e9int\u00e8gre le Japon parmi ses partenaires de confiance - La Sentinelle\" \/>\n<meta property=\"og:description\" content=\"La Cor\u00e9e du Sud a r\u00e9int\u00e9gr\u00e9 le Japon sur sa \u00ab\u00a0liste blanche\u00a0\u00bb des partenaires commerciaux de confiance, trois ans apr\u00e8s\" \/>\n<meta property=\"og:url\" content=\"https:\/\/lasentinelle.dz\/index.php\/2023\/04\/24\/asie-la-coree-du-sud-reintegre-le-japon-parmi-ses-partenaires-de-confiance\/\" \/>\n<meta property=\"og:site_name\" content=\"La Sentinelle\" \/>\n<meta property=\"article:publisher\" content=\"https:\/\/www.facebook.com\/La-Sentinelle-104059864394773\" \/>\n<meta property=\"article:published_time\" content=\"2023-04-24T21:00:00+00:00\" \/>\n<meta property=\"og:image\" content=\"https:\/\/lasentinelle.dz\/wp-content\/uploads\/2023\/04\/image_2023-04-24_172504763.png\" \/>\n\t<meta property=\"og:image:width\" content=\"1250\" \/>\n\t<meta property=\"og:image:height\" content=\"625\" \/>\n\t<meta property=\"og:image:type\" content=\"image\/png\" \/>\n<meta name=\"author\" content=\"La Sentinelle\" \/>\n<meta name=\"twitter:card\" content=\"summary_large_image\" \/>\n<meta name=\"twitter:label1\" content=\"\u00c9crit par\" \/>\n\t<meta name=\"twitter:data1\" content=\"La Sentinelle\" \/>\n\t<meta name=\"twitter:label2\" content=\"Dur\u00e9e de lecture estim\u00e9e\" \/>\n\t<meta name=\"twitter:data2\" content=\"2 minutes\" \/>\n<script type=\"application\/ld+json\" class=\"yoast-schema-graph\">{\"@context\":\"https:\\\/\\\/schema.org\",\"@graph\":[{\"@type\":\"Article\",\"@id\":\"https:\\\/\\\/lasentinelle.dz\\\/index.php\\\/2023\\\/04\\\/24\\\/asie-la-coree-du-sud-reintegre-le-japon-parmi-ses-partenaires-de-confiance\\\/#article\",\"isPartOf\":{\"@id\":\"https:\\\/\\\/lasentinelle.dz\\\/index.php\\\/2023\\\/04\\\/24\\\/asie-la-coree-du-sud-reintegre-le-japon-parmi-ses-partenaires-de-confiance\\\/\"},\"author\":{\"name\":\"La Sentinelle\",\"@id\":\"https:\\\/\\\/lasentinelle.dz\\\/#\\\/schema\\\/person\\\/d865044e22e70a75174ce8bcad3acfb3\"},\"headline\":\"Asie\u00a0: La Cor\u00e9e du Sud r\u00e9int\u00e8gre le Japon parmi ses partenaires de confiance\",\"datePublished\":\"2023-04-24T21:00:00+00:00\",\"mainEntityOfPage\":{\"@id\":\"https:\\\/\\\/lasentinelle.dz\\\/index.php\\\/2023\\\/04\\\/24\\\/asie-la-coree-du-sud-reintegre-le-japon-parmi-ses-partenaires-de-confiance\\\/\"},\"wordCount\":319,\"commentCount\":0,\"publisher\":{\"@id\":\"https:\\\/\\\/lasentinelle.dz\\\/#organization\"},\"image\":{\"@id\":\"https:\\\/\\\/lasentinelle.dz\\\/index.php\\\/2023\\\/04\\\/24\\\/asie-la-coree-du-sud-reintegre-le-japon-parmi-ses-partenaires-de-confiance\\\/#primaryimage\"},\"thumbnailUrl\":\"https:\\\/\\\/lasentinelle.dz\\\/wp-content\\\/uploads\\\/2023\\\/04\\\/image_2023-04-24_172504763.png\",\"articleSection\":[\"Monde\"],\"inLanguage\":\"fr-FR\",\"potentialAction\":[{\"@type\":\"CommentAction\",\"name\":\"Comment\",\"target\":[\"https:\\\/\\\/lasentinelle.dz\\\/index.php\\\/2023\\\/04\\\/24\\\/asie-la-coree-du-sud-reintegre-le-japon-parmi-ses-partenaires-de-confiance\\\/#respond\"]}]},{\"@type\":\"WebPage\",\"@id\":\"https:\\\/\\\/lasentinelle.dz\\\/index.php\\\/2023\\\/04\\\/24\\\/asie-la-coree-du-sud-reintegre-le-japon-parmi-ses-partenaires-de-confiance\\\/\",\"url\":\"https:\\\/\\\/lasentinelle.dz\\\/index.php\\\/2023\\\/04\\\/24\\\/asie-la-coree-du-sud-reintegre-le-japon-parmi-ses-partenaires-de-confiance\\\/\",\"name\":\"Asie\u00a0: La Cor\u00e9e du Sud r\u00e9int\u00e8gre le Japon parmi ses partenaires de confiance - La Sentinelle\",\"isPartOf\":{\"@id\":\"https:\\\/\\\/lasentinelle.dz\\\/#website\"},\"primaryImageOfPage\":{\"@id\":\"https:\\\/\\\/lasentinelle.dz\\\/index.php\\\/2023\\\/04\\\/24\\\/asie-la-coree-du-sud-reintegre-le-japon-parmi-ses-partenaires-de-confiance\\\/#primaryimage\"},\"image\":{\"@id\":\"https:\\\/\\\/lasentinelle.dz\\\/index.php\\\/2023\\\/04\\\/24\\\/asie-la-coree-du-sud-reintegre-le-japon-parmi-ses-partenaires-de-confiance\\\/#primaryimage\"},\"thumbnailUrl\":\"https:\\\/\\\/lasentinelle.dz\\\/wp-content\\\/uploads\\\/2023\\\/04\\\/image_2023-04-24_172504763.png\",\"datePublished\":\"2023-04-24T21:00:00+00:00\",\"breadcrumb\":{\"@id\":\"https:\\\/\\\/lasentinelle.dz\\\/index.php\\\/2023\\\/04\\\/24\\\/asie-la-coree-du-sud-reintegre-le-japon-parmi-ses-partenaires-de-confiance\\\/#breadcrumb\"},\"inLanguage\":\"fr-FR\",\"potentialAction\":[{\"@type\":\"ReadAction\",\"target\":[\"https:\\\/\\\/lasentinelle.dz\\\/index.php\\\/2023\\\/04\\\/24\\\/asie-la-coree-du-sud-reintegre-le-japon-parmi-ses-partenaires-de-confiance\\\/\"]}]},{\"@type\":\"ImageObject\",\"inLanguage\":\"fr-FR\",\"@id\":\"https:\\\/\\\/lasentinelle.dz\\\/index.php\\\/2023\\\/04\\\/24\\\/asie-la-coree-du-sud-reintegre-le-japon-parmi-ses-partenaires-de-confiance\\\/#primaryimage\",\"url\":\"https:\\\/\\\/lasentinelle.dz\\\/wp-content\\\/uploads\\\/2023\\\/04\\\/image_2023-04-24_172504763.png\",\"contentUrl\":\"https:\\\/\\\/lasentinelle.dz\\\/wp-content\\\/uploads\\\/2023\\\/04\\\/image_2023-04-24_172504763.png\",\"width\":1250,\"height\":625},{\"@type\":\"BreadcrumbList\",\"@id\":\"https:\\\/\\\/lasentinelle.dz\\\/index.php\\\/2023\\\/04\\\/24\\\/asie-la-coree-du-sud-reintegre-le-japon-parmi-ses-partenaires-de-confiance\\\/#breadcrumb\",\"itemListElement\":[{\"@type\":\"ListItem\",\"position\":1,\"name\":\"Accueil\",\"item\":\"https:\\\/\\\/lasentinelle.dz\\\/\"},{\"@type\":\"ListItem\",\"position\":2,\"name\":\"Asie\u00a0: La Cor\u00e9e du Sud r\u00e9int\u00e8gre le Japon parmi ses partenaires de confiance\"}]},{\"@type\":\"WebSite\",\"@id\":\"https:\\\/\\\/lasentinelle.dz\\\/#website\",\"url\":\"https:\\\/\\\/lasentinelle.dz\\\/\",\"name\":\"La Sentinelle\",\"description\":\"Quotidien national d&#039;information\",\"publisher\":{\"@id\":\"https:\\\/\\\/lasentinelle.dz\\\/#organization\"},\"potentialAction\":[{\"@type\":\"SearchAction\",\"target\":{\"@type\":\"EntryPoint\",\"urlTemplate\":\"https:\\\/\\\/lasentinelle.dz\\\/?s={search_term_string}\"},\"query-input\":{\"@type\":\"PropertyValueSpecification\",\"valueRequired\":true,\"valueName\":\"search_term_string\"}}],\"inLanguage\":\"fr-FR\"},{\"@type\":\"Organization\",\"@id\":\"https:\\\/\\\/lasentinelle.dz\\\/#organization\",\"name\":\"Quotidien La Sentinelle\",\"url\":\"https:\\\/\\\/lasentinelle.dz\\\/\",\"logo\":{\"@type\":\"ImageObject\",\"inLanguage\":\"fr-FR\",\"@id\":\"https:\\\/\\\/lasentinelle.dz\\\/#\\\/schema\\\/logo\\\/image\\\/\",\"url\":\"https:\\\/\\\/lasentinelle.dz\\\/wp-content\\\/uploads\\\/2021\\\/09\\\/logo-sentinelleSLOGAN-1.png\",\"contentUrl\":\"https:\\\/\\\/lasentinelle.dz\\\/wp-content\\\/uploads\\\/2021\\\/09\\\/logo-sentinelleSLOGAN-1.png\",\"width\":615,\"height\":142,\"caption\":\"Quotidien La Sentinelle\"},\"image\":{\"@id\":\"https:\\\/\\\/lasentinelle.dz\\\/#\\\/schema\\\/logo\\\/image\\\/\"},\"sameAs\":[\"https:\\\/\\\/www.facebook.com\\\/La-Sentinelle-104059864394773\"]},{\"@type\":\"Person\",\"@id\":\"https:\\\/\\\/lasentinelle.dz\\\/#\\\/schema\\\/person\\\/d865044e22e70a75174ce8bcad3acfb3\",\"name\":\"La Sentinelle\",\"image\":{\"@type\":\"ImageObject\",\"inLanguage\":\"fr-FR\",\"@id\":\"https:\\\/\\\/secure.gravatar.com\\\/avatar\\\/57de8e5d4b15d43fb361a71fbb36338450fe67865b528a43dd10ef7c51a20392?s=96&d=mm&r=g\",\"url\":\"https:\\\/\\\/secure.gravatar.com\\\/avatar\\\/57de8e5d4b15d43fb361a71fbb36338450fe67865b528a43dd10ef7c51a20392?s=96&d=mm&r=g\",\"contentUrl\":\"https:\\\/\\\/secure.gravatar.com\\\/avatar\\\/57de8e5d4b15d43fb361a71fbb36338450fe67865b528a43dd10ef7c51a20392?s=96&d=mm&r=g\",\"caption\":\"La Sentinelle\"},\"sameAs\":[\"http:\\\/\\\/www.lasentinelle.dz\"],\"url\":\"https:\\\/\\\/lasentinelle.dz\\\/author\\\/redaction\\\/\"}]}<\/script>\n<!-- \/ Yoast SEO plugin. -->","yoast_head_json":{"title":"Asie\u00a0: La Cor\u00e9e du Sud r\u00e9int\u00e8gre le Japon parmi ses partenaires de confiance - La Sentinelle","robots":{"index":"index","follow":"follow","max-snippet":"max-snippet:-1","max-image-preview":"max-image-preview:large","max-video-preview":"max-video-preview:-1"},"canonical":"https:\/\/lasentinelle.dz\/index.php\/2023\/04\/24\/asie-la-coree-du-sud-reintegre-le-japon-parmi-ses-partenaires-de-confiance\/","og_locale":"fr_FR","og_type":"article","og_title":"Asie\u00a0: La Cor\u00e9e du Sud r\u00e9int\u00e8gre le Japon parmi ses partenaires de confiance - La Sentinelle","og_description":"La Cor\u00e9e du Sud a r\u00e9int\u00e9gr\u00e9 le Japon sur sa \u00ab\u00a0liste blanche\u00a0\u00bb des partenaires commerciaux de confiance, trois ans apr\u00e8s","og_url":"https:\/\/lasentinelle.dz\/index.php\/2023\/04\/24\/asie-la-coree-du-sud-reintegre-le-japon-parmi-ses-partenaires-de-confiance\/","og_site_name":"La Sentinelle","article_publisher":"https:\/\/www.facebook.com\/La-Sentinelle-104059864394773","article_published_time":"2023-04-24T21:00:00+00:00","og_image":[{"width":1250,"height":625,"url":"https:\/\/lasentinelle.dz\/wp-content\/uploads\/2023\/04\/image_2023-04-24_172504763.png","type":"image\/png"}],"author":"La Sentinelle","twitter_card":"summary_large_image","twitter_misc":{"\u00c9crit par":"La Sentinelle","Dur\u00e9e de lecture estim\u00e9e":"2 minutes"},"schema":{"@context":"https:\/\/schema.org","@graph":[{"@type":"Article","@id":"https:\/\/lasentinelle.dz\/index.php\/2023\/04\/24\/asie-la-coree-du-sud-reintegre-le-japon-parmi-ses-partenaires-de-confiance\/#article","isPartOf":{"@id":"https:\/\/lasentinelle.dz\/index.php\/2023\/04\/24\/asie-la-coree-du-sud-reintegre-le-japon-parmi-ses-partenaires-de-confiance\/"},"author":{"name":"La Sentinelle","@id":"https:\/\/lasentinelle.dz\/#\/schema\/person\/d865044e22e70a75174ce8bcad3acfb3"},"headline":"Asie\u00a0: La Cor\u00e9e du Sud r\u00e9int\u00e8gre le Japon parmi ses partenaires de confiance","datePublished":"2023-04-24T21:00:00+00:00","mainEntityOfPage":{"@id":"https:\/\/lasentinelle.dz\/index.php\/2023\/04\/24\/asie-la-coree-du-sud-reintegre-le-japon-parmi-ses-partenaires-de-confiance\/"},"wordCount":319,"commentCount":0,"publisher":{"@id":"https:\/\/lasentinelle.dz\/#organization"},"image":{"@id":"https:\/\/lasentinelle.dz\/index.php\/2023\/04\/24\/asie-la-coree-du-sud-reintegre-le-japon-parmi-ses-partenaires-de-confiance\/#primaryimage"},"thumbnailUrl":"https:\/\/lasentinelle.dz\/wp-content\/uploads\/2023\/04\/image_2023-04-24_172504763.png","articleSection":["Monde"],"inLanguage":"fr-FR","potentialAction":[{"@type":"CommentAction","name":"Comment","target":["https:\/\/lasentinelle.dz\/index.php\/2023\/04\/24\/asie-la-coree-du-sud-reintegre-le-japon-parmi-ses-partenaires-de-confiance\/#respond"]}]},{"@type":"WebPage","@id":"https:\/\/lasentinelle.dz\/index.php\/2023\/04\/24\/asie-la-coree-du-sud-reintegre-le-japon-parmi-ses-partenaires-de-confiance\/","url":"https:\/\/lasentinelle.dz\/index.php\/2023\/04\/24\/asie-la-coree-du-sud-reintegre-le-japon-parmi-ses-partenaires-de-confiance\/","name":"Asie\u00a0: La Cor\u00e9e du Sud r\u00e9int\u00e8gre le Japon parmi ses partenaires de confiance - La Sentinelle","isPartOf":{"@id":"https:\/\/lasentinelle.dz\/#website"},"primaryImageOfPage":{"@id":"https:\/\/lasentinelle.dz\/index.php\/2023\/04\/24\/asie-la-coree-du-sud-reintegre-le-japon-parmi-ses-partenaires-de-confiance\/#primaryimage"},"image":{"@id":"https:\/\/lasentinelle.dz\/index.php\/2023\/04\/24\/asie-la-coree-du-sud-reintegre-le-japon-parmi-ses-partenaires-de-confiance\/#primaryimage"},"thumbnailUrl":"https:\/\/lasentinelle.dz\/wp-content\/uploads\/2023\/04\/image_2023-04-24_172504763.png","datePublished":"2023-04-24T21:00:00+00:00","breadcrumb":{"@id":"https:\/\/lasentinelle.dz\/index.php\/2023\/04\/24\/asie-la-coree-du-sud-reintegre-le-japon-parmi-ses-partenaires-de-confiance\/#breadcrumb"},"inLanguage":"fr-FR","potentialAction":[{"@type":"ReadAction","target":["https:\/\/lasentinelle.dz\/index.php\/2023\/04\/24\/asie-la-coree-du-sud-reintegre-le-japon-parmi-ses-partenaires-de-confiance\/"]}]},{"@type":"ImageObject","inLanguage":"fr-FR","@id":"https:\/\/lasentinelle.dz\/index.php\/2023\/04\/24\/asie-la-coree-du-sud-reintegre-le-japon-parmi-ses-partenaires-de-confiance\/#primaryimage","url":"https:\/\/lasentinelle.dz\/wp-content\/uploads\/2023\/04\/image_2023-04-24_172504763.png","contentUrl":"https:\/\/lasentinelle.dz\/wp-content\/uploads\/2023\/04\/image_2023-04-24_172504763.png","width":1250,"height":625},{"@type":"BreadcrumbList","@id":"https:\/\/lasentinelle.dz\/index.php\/2023\/04\/24\/asie-la-coree-du-sud-reintegre-le-japon-parmi-ses-partenaires-de-confiance\/#breadcrumb","itemListElement":[{"@type":"ListItem","position":1,"name":"Accueil","item":"https:\/\/lasentinelle.dz\/"},{"@type":"ListItem","position":2,"name":"Asie\u00a0: La Cor\u00e9e du Sud r\u00e9int\u00e8gre le Japon parmi ses partenaires de confiance"}]},{"@type":"WebSite","@id":"https:\/\/lasentinelle.dz\/#website","url":"https:\/\/lasentinelle.dz\/","name":"La Sentinelle","description":"Quotidien national d&#039;information","publisher":{"@id":"https:\/\/lasentinelle.dz\/#organization"},"potentialAction":[{"@type":"SearchAction","target":{"@type":"EntryPoint","urlTemplate":"https:\/\/lasentinelle.dz\/?s={search_term_string}"},"query-input":{"@type":"PropertyValueSpecification","valueRequired":true,"valueName":"search_term_string"}}],"inLanguage":"fr-FR"},{"@type":"Organization","@id":"https:\/\/lasentinelle.dz\/#organization","name":"Quotidien La Sentinelle","url":"https:\/\/lasentinelle.dz\/","logo":{"@type":"ImageObject","inLanguage":"fr-FR","@id":"https:\/\/lasentinelle.dz\/#\/schema\/logo\/image\/","url":"https:\/\/lasentinelle.dz\/wp-content\/uploads\/2021\/09\/logo-sentinelleSLOGAN-1.png","contentUrl":"https:\/\/lasentinelle.dz\/wp-content\/uploads\/2021\/09\/logo-sentinelleSLOGAN-1.png","width":615,"height":142,"caption":"Quotidien La Sentinelle"},"image":{"@id":"https:\/\/lasentinelle.dz\/#\/schema\/logo\/image\/"},"sameAs":["https:\/\/www.facebook.com\/La-Sentinelle-104059864394773"]},{"@type":"Person","@id":"https:\/\/lasentinelle.dz\/#\/schema\/person\/d865044e22e70a75174ce8bcad3acfb3","name":"La Sentinelle","image":{"@type":"ImageObject","inLanguage":"fr-FR","@id":"https:\/\/secure.gravatar.com\/avatar\/57de8e5d4b15d43fb361a71fbb36338450fe67865b528a43dd10ef7c51a20392?s=96&d=mm&r=g","url":"https:\/\/secure.gravatar.com\/avatar\/57de8e5d4b15d43fb361a71fbb36338450fe67865b528a43dd10ef7c51a20392?s=96&d=mm&r=g","contentUrl":"https:\/\/secure.gravatar.com\/avatar\/57de8e5d4b15d43fb361a71fbb36338450fe67865b528a43dd10ef7c51a20392?s=96&d=mm&r=g","caption":"La Sentinelle"},"sameAs":["http:\/\/www.lasentinelle.dz"],"url":"https:\/\/lasentinelle.dz\/author\/redaction\/"}]}},"_links":{"self":[{"href":"https:\/\/lasentinelle.dz\/index.php\/wp-json\/wp\/v2\/posts\/39969","targetHints":{"allow":["GET"]}}],"collection":[{"href":"https:\/\/lasentinelle.dz\/index.php\/wp-json\/wp\/v2\/posts"}],"about":[{"href":"https:\/\/lasentinelle.dz\/index.php\/wp-json\/wp\/v2\/types\/post"}],"author":[{"embeddable":true,"href":"https:\/\/lasentinelle.dz\/index.php\/wp-json\/wp\/v2\/users\/3"}],"replies":[{"embeddable":true,"href":"https:\/\/lasentinelle.dz\/index.php\/wp-json\/wp\/v2\/comments?post=39969"}],"version-history":[{"count":1,"href":"https:\/\/lasentinelle.dz\/index.php\/wp-json\/wp\/v2\/posts\/39969\/revisions"}],"predecessor-version":[{"id":39984,"href":"https:\/\/lasentinelle.dz\/index.php\/wp-json\/wp\/v2\/posts\/39969\/revisions\/39984"}],"wp:featuredmedia":[{"embeddable":true,"href":"https:\/\/lasentinelle.dz\/index.php\/wp-json\/wp\/v2\/media\/39983"}],"wp:attachment":[{"href":"https:\/\/lasentinelle.dz\/index.php\/wp-json\/wp\/v2\/media?parent=39969"}],"wp:term":[{"taxonomy":"category","embeddable":true,"href":"https:\/\/lasentinelle.dz\/index.php\/wp-json\/wp\/v2\/categories?post=39969"},{"taxonomy":"post_tag","embeddable":true,"href":"https:\/\/lasentinelle.dz\/index.php\/wp-json\/wp\/v2\/tags?post=39969"}],"curies":[{"name":"wp","href":"https:\/\/api.w.org\/{rel}","templated":true}]}}