{"id":39981,"date":"2023-04-24T22:00:00","date_gmt":"2023-04-24T21:00:00","guid":{"rendered":"https:\/\/lasentinelle.dz\/?p=39981"},"modified":"2023-04-24T17:27:22","modified_gmt":"2023-04-24T16:27:22","slug":"lapprovisionnement-en-eau-inquiete-a-annaba-quelle-strategie-pour-lete","status":"publish","type":"post","link":"https:\/\/lasentinelle.dz\/index.php\/2023\/04\/24\/lapprovisionnement-en-eau-inquiete-a-annaba-quelle-strategie-pour-lete\/","title":{"rendered":"L\u2019approvisionnement en eau inqui\u00e8te \u00e0 Annaba\u00a0: Quelle strat\u00e9gie pour l\u2019\u00e9t\u00e9 ?"},"content":{"rendered":"\n<p>Les inqui\u00e9tudes grandissent quant \u00e0 l\u2019alimentation en eau portable \u00e0 Annaba durant la saison estivale, quant on tient compte du volume hydrique dans les barrages de Chafia , Maksa et Bouchegouf dans la wilaya d\u2019El Tarf. Car, il est imp\u00e9ratif de noter que la wilaya d\u2019Annaba est aliment\u00e9e essentiellement par ces deux barrages. Afin de parer \u00e0 toute \u00e9ventualit\u00e9, une r\u00e9union de travail sur la strat\u00e9gie de gestion des ressources hydriques durant la saison estivale a \u00e9t\u00e9 tenue, hier, au si\u00e8ge de la wilaya d\u2019Annaba. Lors de cette rencontre, la premi\u00e8re responsable du d\u00e9partement de l\u2019eau \u00e0 Annaba a expos\u00e9 les donn\u00e9es concernant les taux de remplissage des barrages alimentant la wilaya ainsi que les modalit\u00e9s de gestion du stress hydrique caus\u00e9 par l\u2019insuffisance des pr\u00e9cipitations durant les derniers mois. La directrice des Ressources en eau a r\u00e9v\u00e9l\u00e9 que les taux de remplissage des barrages de Chafia, Meksa et Bougous sont respectivement de 8,3 %, 84 % et 61 %. Si la situation n\u2019est pas extr\u00eamement alarmante, il n\u2019en reste pas moins que la demande accrue en eau durant la saison estivale constitue un vrai d\u00e9fi pour l\u2019Alg\u00e9rienne Des Eaux (ADE). Le wali d\u2019Annaba, a appel\u00e9 les pr\u00e9sidents des Assembl\u00e9es Populaires Communales (APC) \u00e0 coordonner avec les services de l\u2019ADE afin d\u2019assurer un approvisionnement r\u00e9gulier des citoyens en eau potable. L\u2019entr\u00e9e en service prochaine de la station de d\u00e9min\u00e9ralisation de l\u2019eau de mer sera un appui majeur pour le secteur des ressources en eau \u00e0 Annaba. Pour rappel, le pays dispose de 34 stations de dessalement d\u2019eau de mer, r\u00e9alis\u00e9es et exploit\u00e9es \u00e0 ce jour, d\u2019une capacit\u00e9 de production de 52,6 millions de m\u00e8tres cubes par an, en vue de renforcer l\u2019approvisionnement en eau potable de 1.166.715 d\u2019habitants. \u00c0 rappeler encore, que lors de la r\u00e9union interminist\u00e9rielle du 1er ao\u00fbt 2021, l\u2019accent a \u00e9t\u00e9 mis sur l\u2019\u00e9laboration d\u2019une strat\u00e9gie d\u2019action pour 2024 et 2030, reposant essentiellement sur la priorisation de la mobilisation de ressources hydriques durables. Cette strat\u00e9gie vise \u00e0 assurer l\u2019approvisionnement des r\u00e9gions c\u00f4ti\u00e8res et celles situ\u00e9es \u00e0 150 kilom\u00e8tres des stations de dessalement, o\u00f9 est concentr\u00e9e une population d\u2019une densit\u00e9 \u00e9quivalente \u00e0 80 % du total de la population du pays. Le taux d\u2019exploitation des eaux dessal\u00e9es passera alors de 17 % actuellement \u00e0 42 % \u00e0 l\u2019horizon 2024, avec une production \u00e9quivalente \u00e0 1,39 milliards de m\u00e8tres cubes annuels. Ceci entre dans le cadre d\u2019un syst\u00e8me d\u2019approvisionnement de seize wilayas en eau potable, \u00e0 partir de 19 stations de dessalement et de quatre stations de dessalement d\u2019eau de mer monoblocs. Le taux d\u2019exploitation des eaux dessal\u00e9es augmentera de 42 % pour atteindre 60 % \u00e0 l\u2019horizon 2030, avec une production \u00e9quivalente \u00e0 deux milliards de m\u00e8tres cubes annuels, entrant dans le cadre d\u2019un syst\u00e8me d\u2019approvisionnement de 35 wilayas en eau potable. Cela devrait avoir lieu apr\u00e8s l\u2019entr\u00e9e dans la deuxi\u00e8me phase du programme de r\u00e9alisation de grandes stations de dessalement d\u2019eau de mer, \u00e0 travers l\u2019inauguration de six nouvelles stations d\u2019une capacit\u00e9 de 300.000 m\u00e8tres cubes \/jour chacune.<\/p>\n\n\n\n<p><strong>Sofia Chahine<\/strong><\/p>\n","protected":false},"excerpt":{"rendered":"<p>Les inqui\u00e9tudes grandissent quant \u00e0 l\u2019alimentation en eau portable \u00e0 Annaba durant la saison estivale, quant on tient compte du<\/p>\n","protected":false},"author":3,"featured_media":39988,"comment_status":"open","ping_status":"closed","sticky":false,"template":"","format":"standard","meta":{"colormag_page_container_layout":"default_layout","colormag_page_sidebar_layout":"default_layout","om_disable_all_campaigns":false,"_monsterinsights_skip_tracking":false,"_monsterinsights_sitenote_active":false,"_monsterinsights_sitenote_note":"","_monsterinsights_sitenote_category":0,"footnotes":"","_wpscppro_dont_share_socialmedia":false,"_wpscppro_custom_social_share_image":0,"_facebook_share_type":"","_twitter_share_type":"","_linkedin_share_type":"","_pinterest_share_type":"","_linkedin_share_type_page":"","_instagram_share_type":"","_medium_share_type":"","_threads_share_type":"","_google_business_share_type":"","_selected_social_profile":[],"_wpsp_enable_custom_social_template":false,"_wpsp_social_scheduling":{"enabled":false,"datetime":null,"platforms":[],"status":"template_only","dateOption":"today","timeOption":"now","customDays":"","customHours":"","customDate":"","customTime":"","schedulingType":"absolute"},"_wpsp_active_default_template":true},"categories":[31],"tags":[],"class_list":["post-39981","post","type-post","status-publish","format-standard","has-post-thumbnail","hentry","category-regions"],"aioseo_notices":[],"yoast_head":"<!-- This site is optimized with the Yoast SEO plugin v27.5 - https:\/\/yoast.com\/product\/yoast-seo-wordpress\/ -->\n<title>L\u2019approvisionnement en eau inqui\u00e8te \u00e0 Annaba\u00a0: Quelle strat\u00e9gie pour l\u2019\u00e9t\u00e9 ? - La Sentinelle<\/title>\n<meta name=\"robots\" content=\"index, follow, max-snippet:-1, max-image-preview:large, max-video-preview:-1\" \/>\n<link rel=\"canonical\" href=\"https:\/\/lasentinelle.dz\/index.php\/2023\/04\/24\/lapprovisionnement-en-eau-inquiete-a-annaba-quelle-strategie-pour-lete\/\" \/>\n<meta property=\"og:locale\" content=\"fr_FR\" \/>\n<meta property=\"og:type\" content=\"article\" \/>\n<meta property=\"og:title\" content=\"L\u2019approvisionnement en eau inqui\u00e8te \u00e0 Annaba\u00a0: Quelle strat\u00e9gie pour l\u2019\u00e9t\u00e9 ? - La Sentinelle\" \/>\n<meta property=\"og:description\" content=\"Les inqui\u00e9tudes grandissent quant \u00e0 l\u2019alimentation en eau portable \u00e0 Annaba durant la saison estivale, quant on tient compte du\" \/>\n<meta property=\"og:url\" content=\"https:\/\/lasentinelle.dz\/index.php\/2023\/04\/24\/lapprovisionnement-en-eau-inquiete-a-annaba-quelle-strategie-pour-lete\/\" \/>\n<meta property=\"og:site_name\" content=\"La Sentinelle\" \/>\n<meta property=\"article:publisher\" content=\"https:\/\/www.facebook.com\/La-Sentinelle-104059864394773\" \/>\n<meta property=\"article:published_time\" content=\"2023-04-24T21:00:00+00:00\" \/>\n<meta property=\"og:image\" content=\"https:\/\/lasentinelle.dz\/wp-content\/uploads\/2023\/04\/image_2023-04-24_172705749.png\" \/>\n\t<meta property=\"og:image:width\" content=\"855\" \/>\n\t<meta property=\"og:image:height\" content=\"516\" \/>\n\t<meta property=\"og:image:type\" content=\"image\/png\" \/>\n<meta name=\"author\" content=\"La Sentinelle\" \/>\n<meta name=\"twitter:card\" content=\"summary_large_image\" \/>\n<meta name=\"twitter:label1\" content=\"\u00c9crit par\" \/>\n\t<meta name=\"twitter:data1\" content=\"La Sentinelle\" \/>\n\t<meta name=\"twitter:label2\" content=\"Dur\u00e9e de lecture estim\u00e9e\" \/>\n\t<meta name=\"twitter:data2\" content=\"3 minutes\" \/>\n<script type=\"application\/ld+json\" class=\"yoast-schema-graph\">{\"@context\":\"https:\\\/\\\/schema.org\",\"@graph\":[{\"@type\":\"Article\",\"@id\":\"https:\\\/\\\/lasentinelle.dz\\\/index.php\\\/2023\\\/04\\\/24\\\/lapprovisionnement-en-eau-inquiete-a-annaba-quelle-strategie-pour-lete\\\/#article\",\"isPartOf\":{\"@id\":\"https:\\\/\\\/lasentinelle.dz\\\/index.php\\\/2023\\\/04\\\/24\\\/lapprovisionnement-en-eau-inquiete-a-annaba-quelle-strategie-pour-lete\\\/\"},\"author\":{\"name\":\"La Sentinelle\",\"@id\":\"https:\\\/\\\/lasentinelle.dz\\\/#\\\/schema\\\/person\\\/d865044e22e70a75174ce8bcad3acfb3\"},\"headline\":\"L\u2019approvisionnement en eau inqui\u00e8te \u00e0 Annaba\u00a0: Quelle strat\u00e9gie pour l\u2019\u00e9t\u00e9 ?\",\"datePublished\":\"2023-04-24T21:00:00+00:00\",\"mainEntityOfPage\":{\"@id\":\"https:\\\/\\\/lasentinelle.dz\\\/index.php\\\/2023\\\/04\\\/24\\\/lapprovisionnement-en-eau-inquiete-a-annaba-quelle-strategie-pour-lete\\\/\"},\"wordCount\":553,\"commentCount\":0,\"publisher\":{\"@id\":\"https:\\\/\\\/lasentinelle.dz\\\/#organization\"},\"image\":{\"@id\":\"https:\\\/\\\/lasentinelle.dz\\\/index.php\\\/2023\\\/04\\\/24\\\/lapprovisionnement-en-eau-inquiete-a-annaba-quelle-strategie-pour-lete\\\/#primaryimage\"},\"thumbnailUrl\":\"https:\\\/\\\/lasentinelle.dz\\\/wp-content\\\/uploads\\\/2023\\\/04\\\/image_2023-04-24_172705749.png\",\"articleSection\":[\"R\u00e9gions\"],\"inLanguage\":\"fr-FR\",\"potentialAction\":[{\"@type\":\"CommentAction\",\"name\":\"Comment\",\"target\":[\"https:\\\/\\\/lasentinelle.dz\\\/index.php\\\/2023\\\/04\\\/24\\\/lapprovisionnement-en-eau-inquiete-a-annaba-quelle-strategie-pour-lete\\\/#respond\"]}]},{\"@type\":\"WebPage\",\"@id\":\"https:\\\/\\\/lasentinelle.dz\\\/index.php\\\/2023\\\/04\\\/24\\\/lapprovisionnement-en-eau-inquiete-a-annaba-quelle-strategie-pour-lete\\\/\",\"url\":\"https:\\\/\\\/lasentinelle.dz\\\/index.php\\\/2023\\\/04\\\/24\\\/lapprovisionnement-en-eau-inquiete-a-annaba-quelle-strategie-pour-lete\\\/\",\"name\":\"L\u2019approvisionnement en eau inqui\u00e8te \u00e0 Annaba\u00a0: Quelle strat\u00e9gie pour l\u2019\u00e9t\u00e9 ? - La Sentinelle\",\"isPartOf\":{\"@id\":\"https:\\\/\\\/lasentinelle.dz\\\/#website\"},\"primaryImageOfPage\":{\"@id\":\"https:\\\/\\\/lasentinelle.dz\\\/index.php\\\/2023\\\/04\\\/24\\\/lapprovisionnement-en-eau-inquiete-a-annaba-quelle-strategie-pour-lete\\\/#primaryimage\"},\"image\":{\"@id\":\"https:\\\/\\\/lasentinelle.dz\\\/index.php\\\/2023\\\/04\\\/24\\\/lapprovisionnement-en-eau-inquiete-a-annaba-quelle-strategie-pour-lete\\\/#primaryimage\"},\"thumbnailUrl\":\"https:\\\/\\\/lasentinelle.dz\\\/wp-content\\\/uploads\\\/2023\\\/04\\\/image_2023-04-24_172705749.png\",\"datePublished\":\"2023-04-24T21:00:00+00:00\",\"breadcrumb\":{\"@id\":\"https:\\\/\\\/lasentinelle.dz\\\/index.php\\\/2023\\\/04\\\/24\\\/lapprovisionnement-en-eau-inquiete-a-annaba-quelle-strategie-pour-lete\\\/#breadcrumb\"},\"inLanguage\":\"fr-FR\",\"potentialAction\":[{\"@type\":\"ReadAction\",\"target\":[\"https:\\\/\\\/lasentinelle.dz\\\/index.php\\\/2023\\\/04\\\/24\\\/lapprovisionnement-en-eau-inquiete-a-annaba-quelle-strategie-pour-lete\\\/\"]}]},{\"@type\":\"ImageObject\",\"inLanguage\":\"fr-FR\",\"@id\":\"https:\\\/\\\/lasentinelle.dz\\\/index.php\\\/2023\\\/04\\\/24\\\/lapprovisionnement-en-eau-inquiete-a-annaba-quelle-strategie-pour-lete\\\/#primaryimage\",\"url\":\"https:\\\/\\\/lasentinelle.dz\\\/wp-content\\\/uploads\\\/2023\\\/04\\\/image_2023-04-24_172705749.png\",\"contentUrl\":\"https:\\\/\\\/lasentinelle.dz\\\/wp-content\\\/uploads\\\/2023\\\/04\\\/image_2023-04-24_172705749.png\",\"width\":855,\"height\":516},{\"@type\":\"BreadcrumbList\",\"@id\":\"https:\\\/\\\/lasentinelle.dz\\\/index.php\\\/2023\\\/04\\\/24\\\/lapprovisionnement-en-eau-inquiete-a-annaba-quelle-strategie-pour-lete\\\/#breadcrumb\",\"itemListElement\":[{\"@type\":\"ListItem\",\"position\":1,\"name\":\"Accueil\",\"item\":\"https:\\\/\\\/lasentinelle.dz\\\/\"},{\"@type\":\"ListItem\",\"position\":2,\"name\":\"L\u2019approvisionnement en eau inqui\u00e8te \u00e0 Annaba\u00a0: Quelle strat\u00e9gie pour l\u2019\u00e9t\u00e9 ?\"}]},{\"@type\":\"WebSite\",\"@id\":\"https:\\\/\\\/lasentinelle.dz\\\/#website\",\"url\":\"https:\\\/\\\/lasentinelle.dz\\\/\",\"name\":\"La Sentinelle\",\"description\":\"Quotidien national d&#039;information\",\"publisher\":{\"@id\":\"https:\\\/\\\/lasentinelle.dz\\\/#organization\"},\"potentialAction\":[{\"@type\":\"SearchAction\",\"target\":{\"@type\":\"EntryPoint\",\"urlTemplate\":\"https:\\\/\\\/lasentinelle.dz\\\/?s={search_term_string}\"},\"query-input\":{\"@type\":\"PropertyValueSpecification\",\"valueRequired\":true,\"valueName\":\"search_term_string\"}}],\"inLanguage\":\"fr-FR\"},{\"@type\":\"Organization\",\"@id\":\"https:\\\/\\\/lasentinelle.dz\\\/#organization\",\"name\":\"Quotidien La Sentinelle\",\"url\":\"https:\\\/\\\/lasentinelle.dz\\\/\",\"logo\":{\"@type\":\"ImageObject\",\"inLanguage\":\"fr-FR\",\"@id\":\"https:\\\/\\\/lasentinelle.dz\\\/#\\\/schema\\\/logo\\\/image\\\/\",\"url\":\"https:\\\/\\\/lasentinelle.dz\\\/wp-content\\\/uploads\\\/2021\\\/09\\\/logo-sentinelleSLOGAN-1.png\",\"contentUrl\":\"https:\\\/\\\/lasentinelle.dz\\\/wp-content\\\/uploads\\\/2021\\\/09\\\/logo-sentinelleSLOGAN-1.png\",\"width\":615,\"height\":142,\"caption\":\"Quotidien La Sentinelle\"},\"image\":{\"@id\":\"https:\\\/\\\/lasentinelle.dz\\\/#\\\/schema\\\/logo\\\/image\\\/\"},\"sameAs\":[\"https:\\\/\\\/www.facebook.com\\\/La-Sentinelle-104059864394773\"]},{\"@type\":\"Person\",\"@id\":\"https:\\\/\\\/lasentinelle.dz\\\/#\\\/schema\\\/person\\\/d865044e22e70a75174ce8bcad3acfb3\",\"name\":\"La Sentinelle\",\"image\":{\"@type\":\"ImageObject\",\"inLanguage\":\"fr-FR\",\"@id\":\"https:\\\/\\\/secure.gravatar.com\\\/avatar\\\/57de8e5d4b15d43fb361a71fbb36338450fe67865b528a43dd10ef7c51a20392?s=96&d=mm&r=g\",\"url\":\"https:\\\/\\\/secure.gravatar.com\\\/avatar\\\/57de8e5d4b15d43fb361a71fbb36338450fe67865b528a43dd10ef7c51a20392?s=96&d=mm&r=g\",\"contentUrl\":\"https:\\\/\\\/secure.gravatar.com\\\/avatar\\\/57de8e5d4b15d43fb361a71fbb36338450fe67865b528a43dd10ef7c51a20392?s=96&d=mm&r=g\",\"caption\":\"La Sentinelle\"},\"sameAs\":[\"http:\\\/\\\/www.lasentinelle.dz\"],\"url\":\"https:\\\/\\\/lasentinelle.dz\\\/author\\\/redaction\\\/\"}]}<\/script>\n<!-- \/ Yoast SEO plugin. -->","yoast_head_json":{"title":"L\u2019approvisionnement en eau inqui\u00e8te \u00e0 Annaba\u00a0: Quelle strat\u00e9gie pour l\u2019\u00e9t\u00e9 ? - La Sentinelle","robots":{"index":"index","follow":"follow","max-snippet":"max-snippet:-1","max-image-preview":"max-image-preview:large","max-video-preview":"max-video-preview:-1"},"canonical":"https:\/\/lasentinelle.dz\/index.php\/2023\/04\/24\/lapprovisionnement-en-eau-inquiete-a-annaba-quelle-strategie-pour-lete\/","og_locale":"fr_FR","og_type":"article","og_title":"L\u2019approvisionnement en eau inqui\u00e8te \u00e0 Annaba\u00a0: Quelle strat\u00e9gie pour l\u2019\u00e9t\u00e9 ? - La Sentinelle","og_description":"Les inqui\u00e9tudes grandissent quant \u00e0 l\u2019alimentation en eau portable \u00e0 Annaba durant la saison estivale, quant on tient compte du","og_url":"https:\/\/lasentinelle.dz\/index.php\/2023\/04\/24\/lapprovisionnement-en-eau-inquiete-a-annaba-quelle-strategie-pour-lete\/","og_site_name":"La Sentinelle","article_publisher":"https:\/\/www.facebook.com\/La-Sentinelle-104059864394773","article_published_time":"2023-04-24T21:00:00+00:00","og_image":[{"width":855,"height":516,"url":"https:\/\/lasentinelle.dz\/wp-content\/uploads\/2023\/04\/image_2023-04-24_172705749.png","type":"image\/png"}],"author":"La Sentinelle","twitter_card":"summary_large_image","twitter_misc":{"\u00c9crit par":"La Sentinelle","Dur\u00e9e de lecture estim\u00e9e":"3 minutes"},"schema":{"@context":"https:\/\/schema.org","@graph":[{"@type":"Article","@id":"https:\/\/lasentinelle.dz\/index.php\/2023\/04\/24\/lapprovisionnement-en-eau-inquiete-a-annaba-quelle-strategie-pour-lete\/#article","isPartOf":{"@id":"https:\/\/lasentinelle.dz\/index.php\/2023\/04\/24\/lapprovisionnement-en-eau-inquiete-a-annaba-quelle-strategie-pour-lete\/"},"author":{"name":"La Sentinelle","@id":"https:\/\/lasentinelle.dz\/#\/schema\/person\/d865044e22e70a75174ce8bcad3acfb3"},"headline":"L\u2019approvisionnement en eau inqui\u00e8te \u00e0 Annaba\u00a0: Quelle strat\u00e9gie pour l\u2019\u00e9t\u00e9 ?","datePublished":"2023-04-24T21:00:00+00:00","mainEntityOfPage":{"@id":"https:\/\/lasentinelle.dz\/index.php\/2023\/04\/24\/lapprovisionnement-en-eau-inquiete-a-annaba-quelle-strategie-pour-lete\/"},"wordCount":553,"commentCount":0,"publisher":{"@id":"https:\/\/lasentinelle.dz\/#organization"},"image":{"@id":"https:\/\/lasentinelle.dz\/index.php\/2023\/04\/24\/lapprovisionnement-en-eau-inquiete-a-annaba-quelle-strategie-pour-lete\/#primaryimage"},"thumbnailUrl":"https:\/\/lasentinelle.dz\/wp-content\/uploads\/2023\/04\/image_2023-04-24_172705749.png","articleSection":["R\u00e9gions"],"inLanguage":"fr-FR","potentialAction":[{"@type":"CommentAction","name":"Comment","target":["https:\/\/lasentinelle.dz\/index.php\/2023\/04\/24\/lapprovisionnement-en-eau-inquiete-a-annaba-quelle-strategie-pour-lete\/#respond"]}]},{"@type":"WebPage","@id":"https:\/\/lasentinelle.dz\/index.php\/2023\/04\/24\/lapprovisionnement-en-eau-inquiete-a-annaba-quelle-strategie-pour-lete\/","url":"https:\/\/lasentinelle.dz\/index.php\/2023\/04\/24\/lapprovisionnement-en-eau-inquiete-a-annaba-quelle-strategie-pour-lete\/","name":"L\u2019approvisionnement en eau inqui\u00e8te \u00e0 Annaba\u00a0: Quelle strat\u00e9gie pour l\u2019\u00e9t\u00e9 ? - La Sentinelle","isPartOf":{"@id":"https:\/\/lasentinelle.dz\/#website"},"primaryImageOfPage":{"@id":"https:\/\/lasentinelle.dz\/index.php\/2023\/04\/24\/lapprovisionnement-en-eau-inquiete-a-annaba-quelle-strategie-pour-lete\/#primaryimage"},"image":{"@id":"https:\/\/lasentinelle.dz\/index.php\/2023\/04\/24\/lapprovisionnement-en-eau-inquiete-a-annaba-quelle-strategie-pour-lete\/#primaryimage"},"thumbnailUrl":"https:\/\/lasentinelle.dz\/wp-content\/uploads\/2023\/04\/image_2023-04-24_172705749.png","datePublished":"2023-04-24T21:00:00+00:00","breadcrumb":{"@id":"https:\/\/lasentinelle.dz\/index.php\/2023\/04\/24\/lapprovisionnement-en-eau-inquiete-a-annaba-quelle-strategie-pour-lete\/#breadcrumb"},"inLanguage":"fr-FR","potentialAction":[{"@type":"ReadAction","target":["https:\/\/lasentinelle.dz\/index.php\/2023\/04\/24\/lapprovisionnement-en-eau-inquiete-a-annaba-quelle-strategie-pour-lete\/"]}]},{"@type":"ImageObject","inLanguage":"fr-FR","@id":"https:\/\/lasentinelle.dz\/index.php\/2023\/04\/24\/lapprovisionnement-en-eau-inquiete-a-annaba-quelle-strategie-pour-lete\/#primaryimage","url":"https:\/\/lasentinelle.dz\/wp-content\/uploads\/2023\/04\/image_2023-04-24_172705749.png","contentUrl":"https:\/\/lasentinelle.dz\/wp-content\/uploads\/2023\/04\/image_2023-04-24_172705749.png","width":855,"height":516},{"@type":"BreadcrumbList","@id":"https:\/\/lasentinelle.dz\/index.php\/2023\/04\/24\/lapprovisionnement-en-eau-inquiete-a-annaba-quelle-strategie-pour-lete\/#breadcrumb","itemListElement":[{"@type":"ListItem","position":1,"name":"Accueil","item":"https:\/\/lasentinelle.dz\/"},{"@type":"ListItem","position":2,"name":"L\u2019approvisionnement en eau inqui\u00e8te \u00e0 Annaba\u00a0: Quelle strat\u00e9gie pour l\u2019\u00e9t\u00e9 ?"}]},{"@type":"WebSite","@id":"https:\/\/lasentinelle.dz\/#website","url":"https:\/\/lasentinelle.dz\/","name":"La Sentinelle","description":"Quotidien national d&#039;information","publisher":{"@id":"https:\/\/lasentinelle.dz\/#organization"},"potentialAction":[{"@type":"SearchAction","target":{"@type":"EntryPoint","urlTemplate":"https:\/\/lasentinelle.dz\/?s={search_term_string}"},"query-input":{"@type":"PropertyValueSpecification","valueRequired":true,"valueName":"search_term_string"}}],"inLanguage":"fr-FR"},{"@type":"Organization","@id":"https:\/\/lasentinelle.dz\/#organization","name":"Quotidien La Sentinelle","url":"https:\/\/lasentinelle.dz\/","logo":{"@type":"ImageObject","inLanguage":"fr-FR","@id":"https:\/\/lasentinelle.dz\/#\/schema\/logo\/image\/","url":"https:\/\/lasentinelle.dz\/wp-content\/uploads\/2021\/09\/logo-sentinelleSLOGAN-1.png","contentUrl":"https:\/\/lasentinelle.dz\/wp-content\/uploads\/2021\/09\/logo-sentinelleSLOGAN-1.png","width":615,"height":142,"caption":"Quotidien La Sentinelle"},"image":{"@id":"https:\/\/lasentinelle.dz\/#\/schema\/logo\/image\/"},"sameAs":["https:\/\/www.facebook.com\/La-Sentinelle-104059864394773"]},{"@type":"Person","@id":"https:\/\/lasentinelle.dz\/#\/schema\/person\/d865044e22e70a75174ce8bcad3acfb3","name":"La Sentinelle","image":{"@type":"ImageObject","inLanguage":"fr-FR","@id":"https:\/\/secure.gravatar.com\/avatar\/57de8e5d4b15d43fb361a71fbb36338450fe67865b528a43dd10ef7c51a20392?s=96&d=mm&r=g","url":"https:\/\/secure.gravatar.com\/avatar\/57de8e5d4b15d43fb361a71fbb36338450fe67865b528a43dd10ef7c51a20392?s=96&d=mm&r=g","contentUrl":"https:\/\/secure.gravatar.com\/avatar\/57de8e5d4b15d43fb361a71fbb36338450fe67865b528a43dd10ef7c51a20392?s=96&d=mm&r=g","caption":"La Sentinelle"},"sameAs":["http:\/\/www.lasentinelle.dz"],"url":"https:\/\/lasentinelle.dz\/author\/redaction\/"}]}},"_links":{"self":[{"href":"https:\/\/lasentinelle.dz\/index.php\/wp-json\/wp\/v2\/posts\/39981","targetHints":{"allow":["GET"]}}],"collection":[{"href":"https:\/\/lasentinelle.dz\/index.php\/wp-json\/wp\/v2\/posts"}],"about":[{"href":"https:\/\/lasentinelle.dz\/index.php\/wp-json\/wp\/v2\/types\/post"}],"author":[{"embeddable":true,"href":"https:\/\/lasentinelle.dz\/index.php\/wp-json\/wp\/v2\/users\/3"}],"replies":[{"embeddable":true,"href":"https:\/\/lasentinelle.dz\/index.php\/wp-json\/wp\/v2\/comments?post=39981"}],"version-history":[{"count":1,"href":"https:\/\/lasentinelle.dz\/index.php\/wp-json\/wp\/v2\/posts\/39981\/revisions"}],"predecessor-version":[{"id":39989,"href":"https:\/\/lasentinelle.dz\/index.php\/wp-json\/wp\/v2\/posts\/39981\/revisions\/39989"}],"wp:featuredmedia":[{"embeddable":true,"href":"https:\/\/lasentinelle.dz\/index.php\/wp-json\/wp\/v2\/media\/39988"}],"wp:attachment":[{"href":"https:\/\/lasentinelle.dz\/index.php\/wp-json\/wp\/v2\/media?parent=39981"}],"wp:term":[{"taxonomy":"category","embeddable":true,"href":"https:\/\/lasentinelle.dz\/index.php\/wp-json\/wp\/v2\/categories?post=39981"},{"taxonomy":"post_tag","embeddable":true,"href":"https:\/\/lasentinelle.dz\/index.php\/wp-json\/wp\/v2\/tags?post=39981"}],"curies":[{"name":"wp","href":"https:\/\/api.w.org\/{rel}","templated":true}]}}