{"id":39998,"date":"2023-04-24T22:10:00","date_gmt":"2023-04-24T21:10:00","guid":{"rendered":"https:\/\/lasentinelle.dz\/?p=39998"},"modified":"2023-04-24T20:43:31","modified_gmt":"2023-04-24T19:43:31","slug":"les-experts-sinquietent-du-depart-des-medecins-a-letranger-il-faut-agir-vite","status":"publish","type":"post","link":"https:\/\/lasentinelle.dz\/index.php\/2023\/04\/24\/les-experts-sinquietent-du-depart-des-medecins-a-letranger-il-faut-agir-vite\/","title":{"rendered":"Les experts s\u2019inqui\u00e8tent du d\u00e9part des m\u00e9decins \u00e0 l\u2019\u00e9tranger\u00a0: \u00ab\u00a0Il faut agir vite\u00a0!\u00a0\u00bb"},"content":{"rendered":"\n<p>L\u2019exode des comp\u00e9tences alg\u00e9riennes vers l\u2019\u00e9tranger suscite de nouvelles craintes. Apr\u00e8s les ing\u00e9nieurs dans les secteurs des hydrocarbures et de l\u2019informatique entres autres, c\u2019est aujourd\u2019hui le d\u00e9part des m\u00e9decins dans le sillage de nouvelles offres d\u2019emploi notamment en France qui ravive le spectre de la fuite des cerveaux. Une situation face \u00e0 laquelle il est n\u00e9cessaire \u00ab&nbsp;d\u2019agir vite&nbsp;\u00bb, recommande le Dr. Ilyes Akhamouk, chef de service des maladies infectieuses au niveau de l\u2019Etablissement public hospitalier de Tamanrasset.<\/p>\n\n\n\n<p>Invit\u00e9 \u00e0 intervenir hier sur les ondes de la Radio alg\u00e9rienne, le Dr. Lyes Akhamok a soulign\u00e9 qu\u2019il \u00ab faut agir vite, non pas pour arr\u00eater l\u2019exode de nos m\u00e9decins vers l\u2019\u00e9tranger, mais pour limiter cette h\u00e9morragie \u00bb. Le m\u00e9decin souligne que ce sont les conditions dans lesquels \u00e9voluent nos comp\u00e9tences qui poussent vers le d\u00e9part, m\u00eame si des am\u00e9liorations ont \u00e9t\u00e9 constat\u00e9es au cours des derni\u00e8res ann\u00e9es. Il estime ainsi qu\u2019en d\u00e9pit de l\u2019am\u00e9lioration des conditions globales de travail dans les \u00e9tablissements hospitaliers, le manque de moyens et de prise en charge d\u00e9motivent nos m\u00e9decins dans la plupart des villes alg\u00e9riennes&nbsp;\u00bb, d\u00e9plore l\u2019intervenant. \u00ab A l\u2019int\u00e9rieur du pays, nous avons une carence de moyens techniques. Des radiologues ne veulent pas travailler dans certaines villes \u00e0 cause de l\u2019absence d\u2019IRM. Car, travailler des ann\u00e9es durant sans mat\u00e9riels, c\u2019est perdre sa formation \u00bb, dit-il en \u00e9num\u00e9rant d\u2019autres contraintes socio-\u00e9conomiques \u00e0 l\u2019instar des probl\u00e8mes de logement, de r\u00e9mun\u00e9ration, de transport, entre autres. Il est vrai que le d\u00e9part en grands nombre de m\u00e9decins alg\u00e9riens dans le sillage de la multiplication des offres d\u2019emploi \u00e0 l\u2019\u00e9tranger et particuli\u00e8rement l\u2019augmentation \u00e0 2700 des postes de medecins ouverts aux \u00e9trangers par la France inqui\u00e8te les sp\u00e9cialistes depuis plusieurs mois. Au mois de novembre dernier, le Professeur Rachid Belhadj, pr\u00e9sident du Syndicat national des professeurs et chercheurs universitaires, et directeur des activit\u00e9s m\u00e9dicales et param\u00e9dicales \u00e0 l\u2019h\u00f4pital Mustapha Bacha d\u2019Alger a \u00e9voqu\u00e9 une v\u00e9ritable saign\u00e9e pour le syst\u00e8me de sant\u00e9 national et pour tout le pays \u00bb, avec le d\u00e9part pour la seule ann\u00e9e 2022, \u00ab&nbsp;de 80 hospitalo-universitaires entre radiologues, ophtalmologues, dermatologues, urologues et r\u00e9animateurs \u00bb. Il avait plaid\u00e9 pour la refonte du suivi des carri\u00e8res et de la formation dans le secteur. &nbsp;De son c\u00f4t\u00e9, le pr\u00e9sident de l\u2019Ordre national des m\u00e9decins Mohamed Bekkat Berkani, a \u00e9voqu\u00e9 quelques jours plus tard une v\u00e9ritable \u00ab&nbsp;h\u00e9morragie&nbsp;\u00bb. Il avait alors indiqu\u00e9 que l\u2019Ordre national des m\u00e9decins a \u00e9t\u00e9 sollicit\u00e9&nbsp;\u00ab&nbsp;pour des documents requis \u00e0 nos m\u00e9decins par les institutions \u00e9trang\u00e8res \u00bb, ajoutant que \u00ab dans la seule r\u00e9gion d\u2019Alger, il y a eu une trentaine de demandes de d\u00e9part par semaine \u00bb. Et d\u2019ajouter que les principales destinations des m\u00e9decins alg\u00e9riens sont la France, les Etats-Unis, l\u2019Allemagne et le Qatar, et r\u00e9cemment la Grande-Bretagne et le Canada, avant de pr\u00e9ciser ue le nombre de demandes d\u00e9pos\u00e9es par les m\u00e9decins sp\u00e9cialistes d\u00e9sirant quitter le pays augmente chaque ann\u00e9e, dont 80 % des praticiens se dirigent vers la France.<\/p>\n\n\n\n<p>Le pr\u00e9sident de l\u2019Ordre national des m\u00e9decins avait expliqu\u00e9 que les m\u00e9decins alg\u00e9riens re\u00e7oivent une formation solide de qualit\u00e9, selon les standards et les normes internationaux, pr\u00e9cisant. Il a dans ce sens lanc\u00e9 un appel aux pouvoirs publics pour leur offrir des solutions socioprofessionnelles \u00e9volutives dans le temps, permettant ainsi de les garder pour le pays.<\/p>\n\n\n\n<p><strong>Hocine Fadheli<\/strong><\/p>\n","protected":false},"excerpt":{"rendered":"<p>L\u2019exode des comp\u00e9tences alg\u00e9riennes vers l\u2019\u00e9tranger suscite de nouvelles craintes. Apr\u00e8s les ing\u00e9nieurs dans les secteurs des hydrocarbures et de<\/p>\n","protected":false},"author":3,"featured_media":39999,"comment_status":"open","ping_status":"closed","sticky":false,"template":"","format":"standard","meta":{"colormag_page_container_layout":"default_layout","colormag_page_sidebar_layout":"default_layout","om_disable_all_campaigns":false,"_monsterinsights_skip_tracking":false,"_monsterinsights_sitenote_active":false,"_monsterinsights_sitenote_note":"","_monsterinsights_sitenote_category":0,"footnotes":"","_wpscppro_dont_share_socialmedia":false,"_wpscppro_custom_social_share_image":0,"_facebook_share_type":"","_twitter_share_type":"","_linkedin_share_type":"","_pinterest_share_type":"","_linkedin_share_type_page":"","_instagram_share_type":"","_medium_share_type":"","_threads_share_type":"","_google_business_share_type":"","_selected_social_profile":[],"_wpsp_enable_custom_social_template":false,"_wpsp_social_scheduling":{"enabled":false,"datetime":null,"platforms":[],"status":"template_only","dateOption":"today","timeOption":"now","customDays":"","customHours":"","customDate":"","customTime":"","schedulingType":"absolute"},"_wpsp_active_default_template":true},"categories":[52,27],"tags":[],"class_list":["post-39998","post","type-post","status-publish","format-standard","has-post-thumbnail","hentry","category-a-la-une","category-actualite"],"aioseo_notices":[],"yoast_head":"<!-- This site is optimized with the Yoast SEO plugin v27.5 - https:\/\/yoast.com\/product\/yoast-seo-wordpress\/ -->\n<title>Les experts s\u2019inqui\u00e8tent du d\u00e9part des m\u00e9decins \u00e0 l\u2019\u00e9tranger\u00a0: \u00ab\u00a0Il faut agir vite\u00a0!\u00a0\u00bb - La Sentinelle<\/title>\n<meta name=\"robots\" content=\"index, follow, max-snippet:-1, max-image-preview:large, max-video-preview:-1\" \/>\n<link rel=\"canonical\" href=\"https:\/\/lasentinelle.dz\/index.php\/2023\/04\/24\/les-experts-sinquietent-du-depart-des-medecins-a-letranger-il-faut-agir-vite\/\" \/>\n<meta property=\"og:locale\" content=\"fr_FR\" \/>\n<meta property=\"og:type\" content=\"article\" \/>\n<meta property=\"og:title\" content=\"Les experts s\u2019inqui\u00e8tent du d\u00e9part des m\u00e9decins \u00e0 l\u2019\u00e9tranger\u00a0: \u00ab\u00a0Il faut agir vite\u00a0!\u00a0\u00bb - La Sentinelle\" \/>\n<meta property=\"og:description\" content=\"L\u2019exode des comp\u00e9tences alg\u00e9riennes vers l\u2019\u00e9tranger suscite de nouvelles craintes. Apr\u00e8s les ing\u00e9nieurs dans les secteurs des hydrocarbures et de\" \/>\n<meta property=\"og:url\" content=\"https:\/\/lasentinelle.dz\/index.php\/2023\/04\/24\/les-experts-sinquietent-du-depart-des-medecins-a-letranger-il-faut-agir-vite\/\" \/>\n<meta property=\"og:site_name\" content=\"La Sentinelle\" \/>\n<meta property=\"article:publisher\" content=\"https:\/\/www.facebook.com\/La-Sentinelle-104059864394773\" \/>\n<meta property=\"article:published_time\" content=\"2023-04-24T21:10:00+00:00\" \/>\n<meta property=\"og:image\" content=\"https:\/\/lasentinelle.dz\/wp-content\/uploads\/2023\/04\/toubibs.png\" \/>\n\t<meta property=\"og:image:width\" content=\"1800\" \/>\n\t<meta property=\"og:image:height\" content=\"900\" \/>\n\t<meta property=\"og:image:type\" content=\"image\/png\" \/>\n<meta name=\"author\" content=\"La Sentinelle\" \/>\n<meta name=\"twitter:card\" content=\"summary_large_image\" \/>\n<meta name=\"twitter:label1\" content=\"\u00c9crit par\" \/>\n\t<meta name=\"twitter:data1\" content=\"La Sentinelle\" \/>\n\t<meta name=\"twitter:label2\" content=\"Dur\u00e9e de lecture estim\u00e9e\" \/>\n\t<meta name=\"twitter:data2\" content=\"3 minutes\" \/>\n<script type=\"application\/ld+json\" class=\"yoast-schema-graph\">{\"@context\":\"https:\\\/\\\/schema.org\",\"@graph\":[{\"@type\":\"Article\",\"@id\":\"https:\\\/\\\/lasentinelle.dz\\\/index.php\\\/2023\\\/04\\\/24\\\/les-experts-sinquietent-du-depart-des-medecins-a-letranger-il-faut-agir-vite\\\/#article\",\"isPartOf\":{\"@id\":\"https:\\\/\\\/lasentinelle.dz\\\/index.php\\\/2023\\\/04\\\/24\\\/les-experts-sinquietent-du-depart-des-medecins-a-letranger-il-faut-agir-vite\\\/\"},\"author\":{\"name\":\"La Sentinelle\",\"@id\":\"https:\\\/\\\/lasentinelle.dz\\\/#\\\/schema\\\/person\\\/d865044e22e70a75174ce8bcad3acfb3\"},\"headline\":\"Les experts s\u2019inqui\u00e8tent du d\u00e9part des m\u00e9decins \u00e0 l\u2019\u00e9tranger\u00a0: \u00ab\u00a0Il faut agir vite\u00a0!\u00a0\u00bb\",\"datePublished\":\"2023-04-24T21:10:00+00:00\",\"mainEntityOfPage\":{\"@id\":\"https:\\\/\\\/lasentinelle.dz\\\/index.php\\\/2023\\\/04\\\/24\\\/les-experts-sinquietent-du-depart-des-medecins-a-letranger-il-faut-agir-vite\\\/\"},\"wordCount\":656,\"commentCount\":0,\"publisher\":{\"@id\":\"https:\\\/\\\/lasentinelle.dz\\\/#organization\"},\"image\":{\"@id\":\"https:\\\/\\\/lasentinelle.dz\\\/index.php\\\/2023\\\/04\\\/24\\\/les-experts-sinquietent-du-depart-des-medecins-a-letranger-il-faut-agir-vite\\\/#primaryimage\"},\"thumbnailUrl\":\"https:\\\/\\\/lasentinelle.dz\\\/wp-content\\\/uploads\\\/2023\\\/04\\\/toubibs.png\",\"articleSection\":[\"\u00c0 la Une\",\"Actualit\u00e9\"],\"inLanguage\":\"fr-FR\",\"potentialAction\":[{\"@type\":\"CommentAction\",\"name\":\"Comment\",\"target\":[\"https:\\\/\\\/lasentinelle.dz\\\/index.php\\\/2023\\\/04\\\/24\\\/les-experts-sinquietent-du-depart-des-medecins-a-letranger-il-faut-agir-vite\\\/#respond\"]}]},{\"@type\":\"WebPage\",\"@id\":\"https:\\\/\\\/lasentinelle.dz\\\/index.php\\\/2023\\\/04\\\/24\\\/les-experts-sinquietent-du-depart-des-medecins-a-letranger-il-faut-agir-vite\\\/\",\"url\":\"https:\\\/\\\/lasentinelle.dz\\\/index.php\\\/2023\\\/04\\\/24\\\/les-experts-sinquietent-du-depart-des-medecins-a-letranger-il-faut-agir-vite\\\/\",\"name\":\"Les experts s\u2019inqui\u00e8tent du d\u00e9part des m\u00e9decins \u00e0 l\u2019\u00e9tranger\u00a0: \u00ab\u00a0Il faut agir vite\u00a0!\u00a0\u00bb - La Sentinelle\",\"isPartOf\":{\"@id\":\"https:\\\/\\\/lasentinelle.dz\\\/#website\"},\"primaryImageOfPage\":{\"@id\":\"https:\\\/\\\/lasentinelle.dz\\\/index.php\\\/2023\\\/04\\\/24\\\/les-experts-sinquietent-du-depart-des-medecins-a-letranger-il-faut-agir-vite\\\/#primaryimage\"},\"image\":{\"@id\":\"https:\\\/\\\/lasentinelle.dz\\\/index.php\\\/2023\\\/04\\\/24\\\/les-experts-sinquietent-du-depart-des-medecins-a-letranger-il-faut-agir-vite\\\/#primaryimage\"},\"thumbnailUrl\":\"https:\\\/\\\/lasentinelle.dz\\\/wp-content\\\/uploads\\\/2023\\\/04\\\/toubibs.png\",\"datePublished\":\"2023-04-24T21:10:00+00:00\",\"breadcrumb\":{\"@id\":\"https:\\\/\\\/lasentinelle.dz\\\/index.php\\\/2023\\\/04\\\/24\\\/les-experts-sinquietent-du-depart-des-medecins-a-letranger-il-faut-agir-vite\\\/#breadcrumb\"},\"inLanguage\":\"fr-FR\",\"potentialAction\":[{\"@type\":\"ReadAction\",\"target\":[\"https:\\\/\\\/lasentinelle.dz\\\/index.php\\\/2023\\\/04\\\/24\\\/les-experts-sinquietent-du-depart-des-medecins-a-letranger-il-faut-agir-vite\\\/\"]}]},{\"@type\":\"ImageObject\",\"inLanguage\":\"fr-FR\",\"@id\":\"https:\\\/\\\/lasentinelle.dz\\\/index.php\\\/2023\\\/04\\\/24\\\/les-experts-sinquietent-du-depart-des-medecins-a-letranger-il-faut-agir-vite\\\/#primaryimage\",\"url\":\"https:\\\/\\\/lasentinelle.dz\\\/wp-content\\\/uploads\\\/2023\\\/04\\\/toubibs.png\",\"contentUrl\":\"https:\\\/\\\/lasentinelle.dz\\\/wp-content\\\/uploads\\\/2023\\\/04\\\/toubibs.png\",\"width\":1800,\"height\":900},{\"@type\":\"BreadcrumbList\",\"@id\":\"https:\\\/\\\/lasentinelle.dz\\\/index.php\\\/2023\\\/04\\\/24\\\/les-experts-sinquietent-du-depart-des-medecins-a-letranger-il-faut-agir-vite\\\/#breadcrumb\",\"itemListElement\":[{\"@type\":\"ListItem\",\"position\":1,\"name\":\"Accueil\",\"item\":\"https:\\\/\\\/lasentinelle.dz\\\/\"},{\"@type\":\"ListItem\",\"position\":2,\"name\":\"Les experts s\u2019inqui\u00e8tent du d\u00e9part des m\u00e9decins \u00e0 l\u2019\u00e9tranger\u00a0: \u00ab\u00a0Il faut agir vite\u00a0!\u00a0\u00bb\"}]},{\"@type\":\"WebSite\",\"@id\":\"https:\\\/\\\/lasentinelle.dz\\\/#website\",\"url\":\"https:\\\/\\\/lasentinelle.dz\\\/\",\"name\":\"La Sentinelle\",\"description\":\"Quotidien national d&#039;information\",\"publisher\":{\"@id\":\"https:\\\/\\\/lasentinelle.dz\\\/#organization\"},\"potentialAction\":[{\"@type\":\"SearchAction\",\"target\":{\"@type\":\"EntryPoint\",\"urlTemplate\":\"https:\\\/\\\/lasentinelle.dz\\\/?s={search_term_string}\"},\"query-input\":{\"@type\":\"PropertyValueSpecification\",\"valueRequired\":true,\"valueName\":\"search_term_string\"}}],\"inLanguage\":\"fr-FR\"},{\"@type\":\"Organization\",\"@id\":\"https:\\\/\\\/lasentinelle.dz\\\/#organization\",\"name\":\"Quotidien La Sentinelle\",\"url\":\"https:\\\/\\\/lasentinelle.dz\\\/\",\"logo\":{\"@type\":\"ImageObject\",\"inLanguage\":\"fr-FR\",\"@id\":\"https:\\\/\\\/lasentinelle.dz\\\/#\\\/schema\\\/logo\\\/image\\\/\",\"url\":\"https:\\\/\\\/lasentinelle.dz\\\/wp-content\\\/uploads\\\/2021\\\/09\\\/logo-sentinelleSLOGAN-1.png\",\"contentUrl\":\"https:\\\/\\\/lasentinelle.dz\\\/wp-content\\\/uploads\\\/2021\\\/09\\\/logo-sentinelleSLOGAN-1.png\",\"width\":615,\"height\":142,\"caption\":\"Quotidien La Sentinelle\"},\"image\":{\"@id\":\"https:\\\/\\\/lasentinelle.dz\\\/#\\\/schema\\\/logo\\\/image\\\/\"},\"sameAs\":[\"https:\\\/\\\/www.facebook.com\\\/La-Sentinelle-104059864394773\"]},{\"@type\":\"Person\",\"@id\":\"https:\\\/\\\/lasentinelle.dz\\\/#\\\/schema\\\/person\\\/d865044e22e70a75174ce8bcad3acfb3\",\"name\":\"La Sentinelle\",\"image\":{\"@type\":\"ImageObject\",\"inLanguage\":\"fr-FR\",\"@id\":\"https:\\\/\\\/secure.gravatar.com\\\/avatar\\\/57de8e5d4b15d43fb361a71fbb36338450fe67865b528a43dd10ef7c51a20392?s=96&d=mm&r=g\",\"url\":\"https:\\\/\\\/secure.gravatar.com\\\/avatar\\\/57de8e5d4b15d43fb361a71fbb36338450fe67865b528a43dd10ef7c51a20392?s=96&d=mm&r=g\",\"contentUrl\":\"https:\\\/\\\/secure.gravatar.com\\\/avatar\\\/57de8e5d4b15d43fb361a71fbb36338450fe67865b528a43dd10ef7c51a20392?s=96&d=mm&r=g\",\"caption\":\"La Sentinelle\"},\"sameAs\":[\"http:\\\/\\\/www.lasentinelle.dz\"],\"url\":\"https:\\\/\\\/lasentinelle.dz\\\/author\\\/redaction\\\/\"}]}<\/script>\n<!-- \/ Yoast SEO plugin. -->","yoast_head_json":{"title":"Les experts s\u2019inqui\u00e8tent du d\u00e9part des m\u00e9decins \u00e0 l\u2019\u00e9tranger\u00a0: \u00ab\u00a0Il faut agir vite\u00a0!\u00a0\u00bb - La Sentinelle","robots":{"index":"index","follow":"follow","max-snippet":"max-snippet:-1","max-image-preview":"max-image-preview:large","max-video-preview":"max-video-preview:-1"},"canonical":"https:\/\/lasentinelle.dz\/index.php\/2023\/04\/24\/les-experts-sinquietent-du-depart-des-medecins-a-letranger-il-faut-agir-vite\/","og_locale":"fr_FR","og_type":"article","og_title":"Les experts s\u2019inqui\u00e8tent du d\u00e9part des m\u00e9decins \u00e0 l\u2019\u00e9tranger\u00a0: \u00ab\u00a0Il faut agir vite\u00a0!\u00a0\u00bb - La Sentinelle","og_description":"L\u2019exode des comp\u00e9tences alg\u00e9riennes vers l\u2019\u00e9tranger suscite de nouvelles craintes. Apr\u00e8s les ing\u00e9nieurs dans les secteurs des hydrocarbures et de","og_url":"https:\/\/lasentinelle.dz\/index.php\/2023\/04\/24\/les-experts-sinquietent-du-depart-des-medecins-a-letranger-il-faut-agir-vite\/","og_site_name":"La Sentinelle","article_publisher":"https:\/\/www.facebook.com\/La-Sentinelle-104059864394773","article_published_time":"2023-04-24T21:10:00+00:00","og_image":[{"width":1800,"height":900,"url":"https:\/\/lasentinelle.dz\/wp-content\/uploads\/2023\/04\/toubibs.png","type":"image\/png"}],"author":"La Sentinelle","twitter_card":"summary_large_image","twitter_misc":{"\u00c9crit par":"La Sentinelle","Dur\u00e9e de lecture estim\u00e9e":"3 minutes"},"schema":{"@context":"https:\/\/schema.org","@graph":[{"@type":"Article","@id":"https:\/\/lasentinelle.dz\/index.php\/2023\/04\/24\/les-experts-sinquietent-du-depart-des-medecins-a-letranger-il-faut-agir-vite\/#article","isPartOf":{"@id":"https:\/\/lasentinelle.dz\/index.php\/2023\/04\/24\/les-experts-sinquietent-du-depart-des-medecins-a-letranger-il-faut-agir-vite\/"},"author":{"name":"La Sentinelle","@id":"https:\/\/lasentinelle.dz\/#\/schema\/person\/d865044e22e70a75174ce8bcad3acfb3"},"headline":"Les experts s\u2019inqui\u00e8tent du d\u00e9part des m\u00e9decins \u00e0 l\u2019\u00e9tranger\u00a0: \u00ab\u00a0Il faut agir vite\u00a0!\u00a0\u00bb","datePublished":"2023-04-24T21:10:00+00:00","mainEntityOfPage":{"@id":"https:\/\/lasentinelle.dz\/index.php\/2023\/04\/24\/les-experts-sinquietent-du-depart-des-medecins-a-letranger-il-faut-agir-vite\/"},"wordCount":656,"commentCount":0,"publisher":{"@id":"https:\/\/lasentinelle.dz\/#organization"},"image":{"@id":"https:\/\/lasentinelle.dz\/index.php\/2023\/04\/24\/les-experts-sinquietent-du-depart-des-medecins-a-letranger-il-faut-agir-vite\/#primaryimage"},"thumbnailUrl":"https:\/\/lasentinelle.dz\/wp-content\/uploads\/2023\/04\/toubibs.png","articleSection":["\u00c0 la Une","Actualit\u00e9"],"inLanguage":"fr-FR","potentialAction":[{"@type":"CommentAction","name":"Comment","target":["https:\/\/lasentinelle.dz\/index.php\/2023\/04\/24\/les-experts-sinquietent-du-depart-des-medecins-a-letranger-il-faut-agir-vite\/#respond"]}]},{"@type":"WebPage","@id":"https:\/\/lasentinelle.dz\/index.php\/2023\/04\/24\/les-experts-sinquietent-du-depart-des-medecins-a-letranger-il-faut-agir-vite\/","url":"https:\/\/lasentinelle.dz\/index.php\/2023\/04\/24\/les-experts-sinquietent-du-depart-des-medecins-a-letranger-il-faut-agir-vite\/","name":"Les experts s\u2019inqui\u00e8tent du d\u00e9part des m\u00e9decins \u00e0 l\u2019\u00e9tranger\u00a0: \u00ab\u00a0Il faut agir vite\u00a0!\u00a0\u00bb - La Sentinelle","isPartOf":{"@id":"https:\/\/lasentinelle.dz\/#website"},"primaryImageOfPage":{"@id":"https:\/\/lasentinelle.dz\/index.php\/2023\/04\/24\/les-experts-sinquietent-du-depart-des-medecins-a-letranger-il-faut-agir-vite\/#primaryimage"},"image":{"@id":"https:\/\/lasentinelle.dz\/index.php\/2023\/04\/24\/les-experts-sinquietent-du-depart-des-medecins-a-letranger-il-faut-agir-vite\/#primaryimage"},"thumbnailUrl":"https:\/\/lasentinelle.dz\/wp-content\/uploads\/2023\/04\/toubibs.png","datePublished":"2023-04-24T21:10:00+00:00","breadcrumb":{"@id":"https:\/\/lasentinelle.dz\/index.php\/2023\/04\/24\/les-experts-sinquietent-du-depart-des-medecins-a-letranger-il-faut-agir-vite\/#breadcrumb"},"inLanguage":"fr-FR","potentialAction":[{"@type":"ReadAction","target":["https:\/\/lasentinelle.dz\/index.php\/2023\/04\/24\/les-experts-sinquietent-du-depart-des-medecins-a-letranger-il-faut-agir-vite\/"]}]},{"@type":"ImageObject","inLanguage":"fr-FR","@id":"https:\/\/lasentinelle.dz\/index.php\/2023\/04\/24\/les-experts-sinquietent-du-depart-des-medecins-a-letranger-il-faut-agir-vite\/#primaryimage","url":"https:\/\/lasentinelle.dz\/wp-content\/uploads\/2023\/04\/toubibs.png","contentUrl":"https:\/\/lasentinelle.dz\/wp-content\/uploads\/2023\/04\/toubibs.png","width":1800,"height":900},{"@type":"BreadcrumbList","@id":"https:\/\/lasentinelle.dz\/index.php\/2023\/04\/24\/les-experts-sinquietent-du-depart-des-medecins-a-letranger-il-faut-agir-vite\/#breadcrumb","itemListElement":[{"@type":"ListItem","position":1,"name":"Accueil","item":"https:\/\/lasentinelle.dz\/"},{"@type":"ListItem","position":2,"name":"Les experts s\u2019inqui\u00e8tent du d\u00e9part des m\u00e9decins \u00e0 l\u2019\u00e9tranger\u00a0: \u00ab\u00a0Il faut agir vite\u00a0!\u00a0\u00bb"}]},{"@type":"WebSite","@id":"https:\/\/lasentinelle.dz\/#website","url":"https:\/\/lasentinelle.dz\/","name":"La Sentinelle","description":"Quotidien national d&#039;information","publisher":{"@id":"https:\/\/lasentinelle.dz\/#organization"},"potentialAction":[{"@type":"SearchAction","target":{"@type":"EntryPoint","urlTemplate":"https:\/\/lasentinelle.dz\/?s={search_term_string}"},"query-input":{"@type":"PropertyValueSpecification","valueRequired":true,"valueName":"search_term_string"}}],"inLanguage":"fr-FR"},{"@type":"Organization","@id":"https:\/\/lasentinelle.dz\/#organization","name":"Quotidien La Sentinelle","url":"https:\/\/lasentinelle.dz\/","logo":{"@type":"ImageObject","inLanguage":"fr-FR","@id":"https:\/\/lasentinelle.dz\/#\/schema\/logo\/image\/","url":"https:\/\/lasentinelle.dz\/wp-content\/uploads\/2021\/09\/logo-sentinelleSLOGAN-1.png","contentUrl":"https:\/\/lasentinelle.dz\/wp-content\/uploads\/2021\/09\/logo-sentinelleSLOGAN-1.png","width":615,"height":142,"caption":"Quotidien La Sentinelle"},"image":{"@id":"https:\/\/lasentinelle.dz\/#\/schema\/logo\/image\/"},"sameAs":["https:\/\/www.facebook.com\/La-Sentinelle-104059864394773"]},{"@type":"Person","@id":"https:\/\/lasentinelle.dz\/#\/schema\/person\/d865044e22e70a75174ce8bcad3acfb3","name":"La Sentinelle","image":{"@type":"ImageObject","inLanguage":"fr-FR","@id":"https:\/\/secure.gravatar.com\/avatar\/57de8e5d4b15d43fb361a71fbb36338450fe67865b528a43dd10ef7c51a20392?s=96&d=mm&r=g","url":"https:\/\/secure.gravatar.com\/avatar\/57de8e5d4b15d43fb361a71fbb36338450fe67865b528a43dd10ef7c51a20392?s=96&d=mm&r=g","contentUrl":"https:\/\/secure.gravatar.com\/avatar\/57de8e5d4b15d43fb361a71fbb36338450fe67865b528a43dd10ef7c51a20392?s=96&d=mm&r=g","caption":"La Sentinelle"},"sameAs":["http:\/\/www.lasentinelle.dz"],"url":"https:\/\/lasentinelle.dz\/author\/redaction\/"}]}},"_links":{"self":[{"href":"https:\/\/lasentinelle.dz\/index.php\/wp-json\/wp\/v2\/posts\/39998","targetHints":{"allow":["GET"]}}],"collection":[{"href":"https:\/\/lasentinelle.dz\/index.php\/wp-json\/wp\/v2\/posts"}],"about":[{"href":"https:\/\/lasentinelle.dz\/index.php\/wp-json\/wp\/v2\/types\/post"}],"author":[{"embeddable":true,"href":"https:\/\/lasentinelle.dz\/index.php\/wp-json\/wp\/v2\/users\/3"}],"replies":[{"embeddable":true,"href":"https:\/\/lasentinelle.dz\/index.php\/wp-json\/wp\/v2\/comments?post=39998"}],"version-history":[{"count":2,"href":"https:\/\/lasentinelle.dz\/index.php\/wp-json\/wp\/v2\/posts\/39998\/revisions"}],"predecessor-version":[{"id":40024,"href":"https:\/\/lasentinelle.dz\/index.php\/wp-json\/wp\/v2\/posts\/39998\/revisions\/40024"}],"wp:featuredmedia":[{"embeddable":true,"href":"https:\/\/lasentinelle.dz\/index.php\/wp-json\/wp\/v2\/media\/39999"}],"wp:attachment":[{"href":"https:\/\/lasentinelle.dz\/index.php\/wp-json\/wp\/v2\/media?parent=39998"}],"wp:term":[{"taxonomy":"category","embeddable":true,"href":"https:\/\/lasentinelle.dz\/index.php\/wp-json\/wp\/v2\/categories?post=39998"},{"taxonomy":"post_tag","embeddable":true,"href":"https:\/\/lasentinelle.dz\/index.php\/wp-json\/wp\/v2\/tags?post=39998"}],"curies":[{"name":"wp","href":"https:\/\/api.w.org\/{rel}","templated":true}]}}