{"id":40006,"date":"2023-04-24T22:08:00","date_gmt":"2023-04-24T21:08:00","guid":{"rendered":"https:\/\/lasentinelle.dz\/?p=40006"},"modified":"2023-04-24T20:44:01","modified_gmt":"2023-04-24T19:44:01","slug":"pres-de-la-moitie-des-pays-du-continent-sont-surendettes-lafrique-face-au-lourd-fardeau-de-la-dette","status":"publish","type":"post","link":"https:\/\/lasentinelle.dz\/index.php\/2023\/04\/24\/pres-de-la-moitie-des-pays-du-continent-sont-surendettes-lafrique-face-au-lourd-fardeau-de-la-dette\/","title":{"rendered":"Pr\u00e8s de la moiti\u00e9 des pays du continent sont surendett\u00e9s\u00a0: L\u2019Afrique face au lourd fardeau de la dette"},"content":{"rendered":"\n<p>La Conf\u00e9rence des Nations Unies pour le Commerce et le D\u00e9veloppement (CNUCED) vient de rendre public un rapport alarmant sur la dette de l\u2019Afrique. Intitul\u00e9 \u00ab Trade and Development Report Update \u00bb, le document en question se base sur une analyse de viabilit\u00e9 de la dette des pays \u00e0 faible revenu arr\u00eat\u00e9e au 28 f\u00e9vrier 2023. Sur les 38 pays couverts par le cadre conjoint de viabilit\u00e9 de la dette des pays \u00e0 faible revenu (CVD PFR) du Fonds mon\u00e9taire international (FMI) et de la Banque mondiale, 8 pays africains sont d\u00e9j\u00e0 en situation de surendettement et 13 autres pr\u00e9sentent un risque \u00e9lev\u00e9 de surendettement. Les pays en situation de surendettement sont la R\u00e9publique du Congo, le Malawi, le Mozambique, Sao Tom\u00e9-et-Principe, la Somalie, le Soudan, la Zambie et le Zimbabwe. Parmi les pays pr\u00e9sentant un risque \u00e9lev\u00e9 de surendettement sont le Burundi, le Cameroun, la Centrafrique, le Tchad, l\u2019Ethiopie, la Gambie, le Ghana, la Guin\u00e9e-Bissau, le Kenya, la Sierra Leone et le Soudan du Sud.<\/p>\n\n\n\n<p>Le rapport souligne \u00e9galement que de nombreux pays africains s&rsquo;approchent actuellement d&rsquo;un \u00ab mur d&rsquo;\u00e9ch\u00e9ances \u00bb, car la plupart des euro-obligations \u00e9mises au cours de la d\u00e9cennie pr\u00e9c\u00e9dente arriveront \u00e0 \u00e9ch\u00e9ance au cours des prochaines ann\u00e9es. Les remboursements devraient atteindre leur plus haut niveau en 2024 et rester \u00e9lev\u00e9s durant la prochaine d\u00e9cennie, \u00e0 l\u2019heure m\u00eame o\u00f9 la plupart des pays du continent ne sont pas en mesure de faire appel aux march\u00e9s internationaux pour refinancer leurs dettes. &nbsp;Une autre ombre au tableau, la CNUCED estime que l&rsquo;Afrique devrait conna\u00eetre une croissance moyenne de 2,5% en 2023, un taux en baisse par rapport \u00e0 celui de 2022 et qui demeure insuffisant pour r\u00e9duire les niveaux de pauvret\u00e9. Ce ralentissement pr\u00e9vu de la croissance \u00e9conomique d\u00e9coulera essentiellement de l&rsquo;affaiblissement de la demande ext\u00e9rieure et du resserrement des conditions financi\u00e8res. Dans le cas des pays exportateurs de mati\u00e8res premi\u00e8res, l&rsquo;att\u00e9nuation des effets de la flamb\u00e9e des prix enregistr\u00e9e en 2022 assombrit davantage l\u2019horizon \u00e9conomique. La hausse des taux d&rsquo;int\u00e9r\u00eat \u00e0 l\u2019\u00e9chelle mondiale a par ailleurs d\u00e9clench\u00e9 d&rsquo;importantes sorties de capitaux, r\u00e9duisant ainsi la marge de man\u0153uvre budg\u00e9taire \u00e0 un moment o\u00f9 les finances publiques sont d\u00e9j\u00e0 pleinement mobilis\u00e9es par des programmes de subventions co\u00fbteux qui visent \u00e0 lutter contre les effets n\u00e9fastes de la hausse des prix des denr\u00e9es alimentaires. Parmi les points positifs, la CNUCED cite notamment la reprise du tourisme alors que les pays africains d\u00e9pendants de ce secteur ont en moyenne r\u00e9cup\u00e9r\u00e9 en 2022 deux tiers de leurs niveaux de fr\u00e9quentation (nombre de visiteurs) d&rsquo;avant la pand\u00e9mie du coronavirus. La tendance haussi\u00e8re devrait se poursuivre cette ann\u00e9e. La situation devrait profiter \u00e0 des pays comme la Tunisie qui traverse une situation socio-\u00e9conomique extr\u00eamement difficile.&nbsp;<\/p>\n\n\n\n<p>En outre, la lev\u00e9e des restrictions sanitaires en Chine devrait stimuler la demande de certaines mati\u00e8res premi\u00e8res cl\u00e9s telles que le minerai de fer, le platine, le cuivre et l&rsquo;acier, m\u00eame si l\u2019embellie pourrait ne pas se poursuivre \u00e0 moyen terme. Il est en effet peu probable que le secteur chinois de la construction \u00e0 forte intensit\u00e9 de mati\u00e8res premi\u00e8res connaisse une croissance rapide durant les ann\u00e9es \u00e0 venir.<\/p>\n\n\n\n<p><strong>L\u2019alternative chinoise<\/strong><\/p>\n\n\n\n<p>L\u2019Afrique peut-elle compter sur la communaut\u00e9 internationale pour all\u00e9ger le fardeau de la dette ? Peu probable. Pour le moment il n\u2019y a que la Chine, grand cr\u00e9ancier de bon nombre de nations africaines, qui propose un nouveau compromis sur la restructuration de la dette des pays en d\u00e9veloppement. Dans le cadre de ce nouveau plan, la Chine propose de renoncer \u00e0 sa demande d\u2019inclure les institutions financi\u00e8res multilat\u00e9rales (FMI et Banque mondiale) dans les n\u00e9gociations sur la restructuration de la dette, en contrepartie d\u2019un engagement de ces m\u00eames institutions et des banques de d\u00e9veloppement r\u00e9gionales, dont la Banque africaine de d\u00e9veloppement (BAD) et la Banque asiatique de d\u00e9veloppement (ADB), \u00e0 fournir de nouveaux financements \u00e0 faible co\u00fbt, y compris des subventions, aux pays dont la dette est en cours de restructuration. En cas d\u2019accord sur son contenu entre les principaux cr\u00e9anciers, la proposition chinoise pourrait permettre de d\u00e9bloquer les n\u00e9gociations sur la restructuration de la dette de plusieurs pays africains, dont la Zambie et le Ghana, et servir de mod\u00e8le \u00e0 des accords d&rsquo;all\u00e8gement de la dette pour d&rsquo;autres pays en d\u00e9veloppement.<\/p>\n\n\n\n<p>Le groupe des vingt \u00e9conomies les plus d\u00e9velopp\u00e9es de la plan\u00e8te (G20) avait lanc\u00e9, en 2020, une initiative baptis\u00e9e \u00ab Cadre commun du G20 pour les traitements de dette \u00bb, mais aucun des pays concern\u00e9s n\u2019a jusqu\u2019ici b\u00e9n\u00e9fici\u00e9 de cette initiative. Les blocages sont en partie dus \u00e0 des d\u00e9saccords entre les pays riches, qui ont traditionnellement pilot\u00e9 les processus de restructuration de la dette des pays pauvres, et la Chine qui est d\u00e9sormais un cr\u00e9ancier international majeur.<\/p>\n\n\n\n<p><strong>Khider Larbi<\/strong><\/p>\n","protected":false},"excerpt":{"rendered":"<p>La Conf\u00e9rence des Nations Unies pour le Commerce et le D\u00e9veloppement (CNUCED) vient de rendre public un rapport alarmant sur<\/p>\n","protected":false},"author":3,"featured_media":40010,"comment_status":"open","ping_status":"closed","sticky":false,"template":"","format":"standard","meta":{"colormag_page_container_layout":"default_layout","colormag_page_sidebar_layout":"default_layout","om_disable_all_campaigns":false,"_monsterinsights_skip_tracking":false,"_monsterinsights_sitenote_active":false,"_monsterinsights_sitenote_note":"","_monsterinsights_sitenote_category":0,"footnotes":"","_wpscppro_dont_share_socialmedia":false,"_wpscppro_custom_social_share_image":0,"_facebook_share_type":"","_twitter_share_type":"","_linkedin_share_type":"","_pinterest_share_type":"","_linkedin_share_type_page":"","_instagram_share_type":"","_medium_share_type":"","_threads_share_type":"","_google_business_share_type":"","_selected_social_profile":[],"_wpsp_enable_custom_social_template":false,"_wpsp_social_scheduling":{"enabled":false,"datetime":null,"platforms":[],"status":"template_only","dateOption":"today","timeOption":"now","customDays":"","customHours":"","customDate":"","customTime":"","schedulingType":"absolute"},"_wpsp_active_default_template":true},"categories":[52,27],"tags":[],"class_list":["post-40006","post","type-post","status-publish","format-standard","has-post-thumbnail","hentry","category-a-la-une","category-actualite"],"aioseo_notices":[],"yoast_head":"<!-- This site is optimized with the Yoast SEO plugin v27.5 - https:\/\/yoast.com\/product\/yoast-seo-wordpress\/ -->\n<title>Pr\u00e8s de la moiti\u00e9 des pays du continent sont surendett\u00e9s\u00a0: L\u2019Afrique face au lourd fardeau de la dette - La Sentinelle<\/title>\n<meta name=\"robots\" content=\"index, follow, max-snippet:-1, max-image-preview:large, max-video-preview:-1\" \/>\n<link rel=\"canonical\" href=\"https:\/\/lasentinelle.dz\/index.php\/2023\/04\/24\/pres-de-la-moitie-des-pays-du-continent-sont-surendettes-lafrique-face-au-lourd-fardeau-de-la-dette\/\" \/>\n<meta property=\"og:locale\" content=\"fr_FR\" \/>\n<meta property=\"og:type\" content=\"article\" \/>\n<meta property=\"og:title\" content=\"Pr\u00e8s de la moiti\u00e9 des pays du continent sont surendett\u00e9s\u00a0: L\u2019Afrique face au lourd fardeau de la dette - La Sentinelle\" \/>\n<meta property=\"og:description\" content=\"La Conf\u00e9rence des Nations Unies pour le Commerce et le D\u00e9veloppement (CNUCED) vient de rendre public un rapport alarmant sur\" \/>\n<meta property=\"og:url\" content=\"https:\/\/lasentinelle.dz\/index.php\/2023\/04\/24\/pres-de-la-moitie-des-pays-du-continent-sont-surendettes-lafrique-face-au-lourd-fardeau-de-la-dette\/\" \/>\n<meta property=\"og:site_name\" content=\"La Sentinelle\" \/>\n<meta property=\"article:publisher\" content=\"https:\/\/www.facebook.com\/La-Sentinelle-104059864394773\" \/>\n<meta property=\"article:published_time\" content=\"2023-04-24T21:08:00+00:00\" \/>\n<meta property=\"og:image\" content=\"https:\/\/lasentinelle.dz\/wp-content\/uploads\/2023\/04\/ssxxxx-1024x576.png\" \/>\n\t<meta property=\"og:image:width\" content=\"1024\" \/>\n\t<meta property=\"og:image:height\" content=\"576\" \/>\n\t<meta property=\"og:image:type\" content=\"image\/png\" \/>\n<meta name=\"author\" content=\"La Sentinelle\" \/>\n<meta name=\"twitter:card\" content=\"summary_large_image\" \/>\n<meta name=\"twitter:label1\" content=\"\u00c9crit par\" \/>\n\t<meta name=\"twitter:data1\" content=\"La Sentinelle\" \/>\n\t<meta name=\"twitter:label2\" content=\"Dur\u00e9e de lecture estim\u00e9e\" \/>\n\t<meta name=\"twitter:data2\" content=\"4 minutes\" \/>\n<script type=\"application\/ld+json\" class=\"yoast-schema-graph\">{\"@context\":\"https:\\\/\\\/schema.org\",\"@graph\":[{\"@type\":\"Article\",\"@id\":\"https:\\\/\\\/lasentinelle.dz\\\/index.php\\\/2023\\\/04\\\/24\\\/pres-de-la-moitie-des-pays-du-continent-sont-surendettes-lafrique-face-au-lourd-fardeau-de-la-dette\\\/#article\",\"isPartOf\":{\"@id\":\"https:\\\/\\\/lasentinelle.dz\\\/index.php\\\/2023\\\/04\\\/24\\\/pres-de-la-moitie-des-pays-du-continent-sont-surendettes-lafrique-face-au-lourd-fardeau-de-la-dette\\\/\"},\"author\":{\"name\":\"La Sentinelle\",\"@id\":\"https:\\\/\\\/lasentinelle.dz\\\/#\\\/schema\\\/person\\\/d865044e22e70a75174ce8bcad3acfb3\"},\"headline\":\"Pr\u00e8s de la moiti\u00e9 des pays du continent sont surendett\u00e9s\u00a0: L\u2019Afrique face au lourd fardeau de la dette\",\"datePublished\":\"2023-04-24T21:08:00+00:00\",\"mainEntityOfPage\":{\"@id\":\"https:\\\/\\\/lasentinelle.dz\\\/index.php\\\/2023\\\/04\\\/24\\\/pres-de-la-moitie-des-pays-du-continent-sont-surendettes-lafrique-face-au-lourd-fardeau-de-la-dette\\\/\"},\"wordCount\":887,\"commentCount\":0,\"publisher\":{\"@id\":\"https:\\\/\\\/lasentinelle.dz\\\/#organization\"},\"image\":{\"@id\":\"https:\\\/\\\/lasentinelle.dz\\\/index.php\\\/2023\\\/04\\\/24\\\/pres-de-la-moitie-des-pays-du-continent-sont-surendettes-lafrique-face-au-lourd-fardeau-de-la-dette\\\/#primaryimage\"},\"thumbnailUrl\":\"https:\\\/\\\/lasentinelle.dz\\\/wp-content\\\/uploads\\\/2023\\\/04\\\/ssxxxx.png\",\"articleSection\":[\"\u00c0 la Une\",\"Actualit\u00e9\"],\"inLanguage\":\"fr-FR\",\"potentialAction\":[{\"@type\":\"CommentAction\",\"name\":\"Comment\",\"target\":[\"https:\\\/\\\/lasentinelle.dz\\\/index.php\\\/2023\\\/04\\\/24\\\/pres-de-la-moitie-des-pays-du-continent-sont-surendettes-lafrique-face-au-lourd-fardeau-de-la-dette\\\/#respond\"]}]},{\"@type\":\"WebPage\",\"@id\":\"https:\\\/\\\/lasentinelle.dz\\\/index.php\\\/2023\\\/04\\\/24\\\/pres-de-la-moitie-des-pays-du-continent-sont-surendettes-lafrique-face-au-lourd-fardeau-de-la-dette\\\/\",\"url\":\"https:\\\/\\\/lasentinelle.dz\\\/index.php\\\/2023\\\/04\\\/24\\\/pres-de-la-moitie-des-pays-du-continent-sont-surendettes-lafrique-face-au-lourd-fardeau-de-la-dette\\\/\",\"name\":\"Pr\u00e8s de la moiti\u00e9 des pays du continent sont surendett\u00e9s\u00a0: L\u2019Afrique face au lourd fardeau de la dette - La Sentinelle\",\"isPartOf\":{\"@id\":\"https:\\\/\\\/lasentinelle.dz\\\/#website\"},\"primaryImageOfPage\":{\"@id\":\"https:\\\/\\\/lasentinelle.dz\\\/index.php\\\/2023\\\/04\\\/24\\\/pres-de-la-moitie-des-pays-du-continent-sont-surendettes-lafrique-face-au-lourd-fardeau-de-la-dette\\\/#primaryimage\"},\"image\":{\"@id\":\"https:\\\/\\\/lasentinelle.dz\\\/index.php\\\/2023\\\/04\\\/24\\\/pres-de-la-moitie-des-pays-du-continent-sont-surendettes-lafrique-face-au-lourd-fardeau-de-la-dette\\\/#primaryimage\"},\"thumbnailUrl\":\"https:\\\/\\\/lasentinelle.dz\\\/wp-content\\\/uploads\\\/2023\\\/04\\\/ssxxxx.png\",\"datePublished\":\"2023-04-24T21:08:00+00:00\",\"breadcrumb\":{\"@id\":\"https:\\\/\\\/lasentinelle.dz\\\/index.php\\\/2023\\\/04\\\/24\\\/pres-de-la-moitie-des-pays-du-continent-sont-surendettes-lafrique-face-au-lourd-fardeau-de-la-dette\\\/#breadcrumb\"},\"inLanguage\":\"fr-FR\",\"potentialAction\":[{\"@type\":\"ReadAction\",\"target\":[\"https:\\\/\\\/lasentinelle.dz\\\/index.php\\\/2023\\\/04\\\/24\\\/pres-de-la-moitie-des-pays-du-continent-sont-surendettes-lafrique-face-au-lourd-fardeau-de-la-dette\\\/\"]}]},{\"@type\":\"ImageObject\",\"inLanguage\":\"fr-FR\",\"@id\":\"https:\\\/\\\/lasentinelle.dz\\\/index.php\\\/2023\\\/04\\\/24\\\/pres-de-la-moitie-des-pays-du-continent-sont-surendettes-lafrique-face-au-lourd-fardeau-de-la-dette\\\/#primaryimage\",\"url\":\"https:\\\/\\\/lasentinelle.dz\\\/wp-content\\\/uploads\\\/2023\\\/04\\\/ssxxxx.png\",\"contentUrl\":\"https:\\\/\\\/lasentinelle.dz\\\/wp-content\\\/uploads\\\/2023\\\/04\\\/ssxxxx.png\",\"width\":1600,\"height\":900},{\"@type\":\"BreadcrumbList\",\"@id\":\"https:\\\/\\\/lasentinelle.dz\\\/index.php\\\/2023\\\/04\\\/24\\\/pres-de-la-moitie-des-pays-du-continent-sont-surendettes-lafrique-face-au-lourd-fardeau-de-la-dette\\\/#breadcrumb\",\"itemListElement\":[{\"@type\":\"ListItem\",\"position\":1,\"name\":\"Accueil\",\"item\":\"https:\\\/\\\/lasentinelle.dz\\\/\"},{\"@type\":\"ListItem\",\"position\":2,\"name\":\"Pr\u00e8s de la moiti\u00e9 des pays du continent sont surendett\u00e9s\u00a0: L\u2019Afrique face au lourd fardeau de la dette\"}]},{\"@type\":\"WebSite\",\"@id\":\"https:\\\/\\\/lasentinelle.dz\\\/#website\",\"url\":\"https:\\\/\\\/lasentinelle.dz\\\/\",\"name\":\"La Sentinelle\",\"description\":\"Quotidien national d&#039;information\",\"publisher\":{\"@id\":\"https:\\\/\\\/lasentinelle.dz\\\/#organization\"},\"potentialAction\":[{\"@type\":\"SearchAction\",\"target\":{\"@type\":\"EntryPoint\",\"urlTemplate\":\"https:\\\/\\\/lasentinelle.dz\\\/?s={search_term_string}\"},\"query-input\":{\"@type\":\"PropertyValueSpecification\",\"valueRequired\":true,\"valueName\":\"search_term_string\"}}],\"inLanguage\":\"fr-FR\"},{\"@type\":\"Organization\",\"@id\":\"https:\\\/\\\/lasentinelle.dz\\\/#organization\",\"name\":\"Quotidien La Sentinelle\",\"url\":\"https:\\\/\\\/lasentinelle.dz\\\/\",\"logo\":{\"@type\":\"ImageObject\",\"inLanguage\":\"fr-FR\",\"@id\":\"https:\\\/\\\/lasentinelle.dz\\\/#\\\/schema\\\/logo\\\/image\\\/\",\"url\":\"https:\\\/\\\/lasentinelle.dz\\\/wp-content\\\/uploads\\\/2021\\\/09\\\/logo-sentinelleSLOGAN-1.png\",\"contentUrl\":\"https:\\\/\\\/lasentinelle.dz\\\/wp-content\\\/uploads\\\/2021\\\/09\\\/logo-sentinelleSLOGAN-1.png\",\"width\":615,\"height\":142,\"caption\":\"Quotidien La Sentinelle\"},\"image\":{\"@id\":\"https:\\\/\\\/lasentinelle.dz\\\/#\\\/schema\\\/logo\\\/image\\\/\"},\"sameAs\":[\"https:\\\/\\\/www.facebook.com\\\/La-Sentinelle-104059864394773\"]},{\"@type\":\"Person\",\"@id\":\"https:\\\/\\\/lasentinelle.dz\\\/#\\\/schema\\\/person\\\/d865044e22e70a75174ce8bcad3acfb3\",\"name\":\"La Sentinelle\",\"image\":{\"@type\":\"ImageObject\",\"inLanguage\":\"fr-FR\",\"@id\":\"https:\\\/\\\/secure.gravatar.com\\\/avatar\\\/57de8e5d4b15d43fb361a71fbb36338450fe67865b528a43dd10ef7c51a20392?s=96&d=mm&r=g\",\"url\":\"https:\\\/\\\/secure.gravatar.com\\\/avatar\\\/57de8e5d4b15d43fb361a71fbb36338450fe67865b528a43dd10ef7c51a20392?s=96&d=mm&r=g\",\"contentUrl\":\"https:\\\/\\\/secure.gravatar.com\\\/avatar\\\/57de8e5d4b15d43fb361a71fbb36338450fe67865b528a43dd10ef7c51a20392?s=96&d=mm&r=g\",\"caption\":\"La Sentinelle\"},\"sameAs\":[\"http:\\\/\\\/www.lasentinelle.dz\"],\"url\":\"https:\\\/\\\/lasentinelle.dz\\\/author\\\/redaction\\\/\"}]}<\/script>\n<!-- \/ Yoast SEO plugin. -->","yoast_head_json":{"title":"Pr\u00e8s de la moiti\u00e9 des pays du continent sont surendett\u00e9s\u00a0: L\u2019Afrique face au lourd fardeau de la dette - La Sentinelle","robots":{"index":"index","follow":"follow","max-snippet":"max-snippet:-1","max-image-preview":"max-image-preview:large","max-video-preview":"max-video-preview:-1"},"canonical":"https:\/\/lasentinelle.dz\/index.php\/2023\/04\/24\/pres-de-la-moitie-des-pays-du-continent-sont-surendettes-lafrique-face-au-lourd-fardeau-de-la-dette\/","og_locale":"fr_FR","og_type":"article","og_title":"Pr\u00e8s de la moiti\u00e9 des pays du continent sont surendett\u00e9s\u00a0: L\u2019Afrique face au lourd fardeau de la dette - La Sentinelle","og_description":"La Conf\u00e9rence des Nations Unies pour le Commerce et le D\u00e9veloppement (CNUCED) vient de rendre public un rapport alarmant sur","og_url":"https:\/\/lasentinelle.dz\/index.php\/2023\/04\/24\/pres-de-la-moitie-des-pays-du-continent-sont-surendettes-lafrique-face-au-lourd-fardeau-de-la-dette\/","og_site_name":"La Sentinelle","article_publisher":"https:\/\/www.facebook.com\/La-Sentinelle-104059864394773","article_published_time":"2023-04-24T21:08:00+00:00","og_image":[{"width":1024,"height":576,"url":"https:\/\/lasentinelle.dz\/wp-content\/uploads\/2023\/04\/ssxxxx-1024x576.png","type":"image\/png"}],"author":"La Sentinelle","twitter_card":"summary_large_image","twitter_misc":{"\u00c9crit par":"La Sentinelle","Dur\u00e9e de lecture estim\u00e9e":"4 minutes"},"schema":{"@context":"https:\/\/schema.org","@graph":[{"@type":"Article","@id":"https:\/\/lasentinelle.dz\/index.php\/2023\/04\/24\/pres-de-la-moitie-des-pays-du-continent-sont-surendettes-lafrique-face-au-lourd-fardeau-de-la-dette\/#article","isPartOf":{"@id":"https:\/\/lasentinelle.dz\/index.php\/2023\/04\/24\/pres-de-la-moitie-des-pays-du-continent-sont-surendettes-lafrique-face-au-lourd-fardeau-de-la-dette\/"},"author":{"name":"La Sentinelle","@id":"https:\/\/lasentinelle.dz\/#\/schema\/person\/d865044e22e70a75174ce8bcad3acfb3"},"headline":"Pr\u00e8s de la moiti\u00e9 des pays du continent sont surendett\u00e9s\u00a0: L\u2019Afrique face au lourd fardeau de la dette","datePublished":"2023-04-24T21:08:00+00:00","mainEntityOfPage":{"@id":"https:\/\/lasentinelle.dz\/index.php\/2023\/04\/24\/pres-de-la-moitie-des-pays-du-continent-sont-surendettes-lafrique-face-au-lourd-fardeau-de-la-dette\/"},"wordCount":887,"commentCount":0,"publisher":{"@id":"https:\/\/lasentinelle.dz\/#organization"},"image":{"@id":"https:\/\/lasentinelle.dz\/index.php\/2023\/04\/24\/pres-de-la-moitie-des-pays-du-continent-sont-surendettes-lafrique-face-au-lourd-fardeau-de-la-dette\/#primaryimage"},"thumbnailUrl":"https:\/\/lasentinelle.dz\/wp-content\/uploads\/2023\/04\/ssxxxx.png","articleSection":["\u00c0 la Une","Actualit\u00e9"],"inLanguage":"fr-FR","potentialAction":[{"@type":"CommentAction","name":"Comment","target":["https:\/\/lasentinelle.dz\/index.php\/2023\/04\/24\/pres-de-la-moitie-des-pays-du-continent-sont-surendettes-lafrique-face-au-lourd-fardeau-de-la-dette\/#respond"]}]},{"@type":"WebPage","@id":"https:\/\/lasentinelle.dz\/index.php\/2023\/04\/24\/pres-de-la-moitie-des-pays-du-continent-sont-surendettes-lafrique-face-au-lourd-fardeau-de-la-dette\/","url":"https:\/\/lasentinelle.dz\/index.php\/2023\/04\/24\/pres-de-la-moitie-des-pays-du-continent-sont-surendettes-lafrique-face-au-lourd-fardeau-de-la-dette\/","name":"Pr\u00e8s de la moiti\u00e9 des pays du continent sont surendett\u00e9s\u00a0: L\u2019Afrique face au lourd fardeau de la dette - La Sentinelle","isPartOf":{"@id":"https:\/\/lasentinelle.dz\/#website"},"primaryImageOfPage":{"@id":"https:\/\/lasentinelle.dz\/index.php\/2023\/04\/24\/pres-de-la-moitie-des-pays-du-continent-sont-surendettes-lafrique-face-au-lourd-fardeau-de-la-dette\/#primaryimage"},"image":{"@id":"https:\/\/lasentinelle.dz\/index.php\/2023\/04\/24\/pres-de-la-moitie-des-pays-du-continent-sont-surendettes-lafrique-face-au-lourd-fardeau-de-la-dette\/#primaryimage"},"thumbnailUrl":"https:\/\/lasentinelle.dz\/wp-content\/uploads\/2023\/04\/ssxxxx.png","datePublished":"2023-04-24T21:08:00+00:00","breadcrumb":{"@id":"https:\/\/lasentinelle.dz\/index.php\/2023\/04\/24\/pres-de-la-moitie-des-pays-du-continent-sont-surendettes-lafrique-face-au-lourd-fardeau-de-la-dette\/#breadcrumb"},"inLanguage":"fr-FR","potentialAction":[{"@type":"ReadAction","target":["https:\/\/lasentinelle.dz\/index.php\/2023\/04\/24\/pres-de-la-moitie-des-pays-du-continent-sont-surendettes-lafrique-face-au-lourd-fardeau-de-la-dette\/"]}]},{"@type":"ImageObject","inLanguage":"fr-FR","@id":"https:\/\/lasentinelle.dz\/index.php\/2023\/04\/24\/pres-de-la-moitie-des-pays-du-continent-sont-surendettes-lafrique-face-au-lourd-fardeau-de-la-dette\/#primaryimage","url":"https:\/\/lasentinelle.dz\/wp-content\/uploads\/2023\/04\/ssxxxx.png","contentUrl":"https:\/\/lasentinelle.dz\/wp-content\/uploads\/2023\/04\/ssxxxx.png","width":1600,"height":900},{"@type":"BreadcrumbList","@id":"https:\/\/lasentinelle.dz\/index.php\/2023\/04\/24\/pres-de-la-moitie-des-pays-du-continent-sont-surendettes-lafrique-face-au-lourd-fardeau-de-la-dette\/#breadcrumb","itemListElement":[{"@type":"ListItem","position":1,"name":"Accueil","item":"https:\/\/lasentinelle.dz\/"},{"@type":"ListItem","position":2,"name":"Pr\u00e8s de la moiti\u00e9 des pays du continent sont surendett\u00e9s\u00a0: L\u2019Afrique face au lourd fardeau de la dette"}]},{"@type":"WebSite","@id":"https:\/\/lasentinelle.dz\/#website","url":"https:\/\/lasentinelle.dz\/","name":"La Sentinelle","description":"Quotidien national d&#039;information","publisher":{"@id":"https:\/\/lasentinelle.dz\/#organization"},"potentialAction":[{"@type":"SearchAction","target":{"@type":"EntryPoint","urlTemplate":"https:\/\/lasentinelle.dz\/?s={search_term_string}"},"query-input":{"@type":"PropertyValueSpecification","valueRequired":true,"valueName":"search_term_string"}}],"inLanguage":"fr-FR"},{"@type":"Organization","@id":"https:\/\/lasentinelle.dz\/#organization","name":"Quotidien La Sentinelle","url":"https:\/\/lasentinelle.dz\/","logo":{"@type":"ImageObject","inLanguage":"fr-FR","@id":"https:\/\/lasentinelle.dz\/#\/schema\/logo\/image\/","url":"https:\/\/lasentinelle.dz\/wp-content\/uploads\/2021\/09\/logo-sentinelleSLOGAN-1.png","contentUrl":"https:\/\/lasentinelle.dz\/wp-content\/uploads\/2021\/09\/logo-sentinelleSLOGAN-1.png","width":615,"height":142,"caption":"Quotidien La Sentinelle"},"image":{"@id":"https:\/\/lasentinelle.dz\/#\/schema\/logo\/image\/"},"sameAs":["https:\/\/www.facebook.com\/La-Sentinelle-104059864394773"]},{"@type":"Person","@id":"https:\/\/lasentinelle.dz\/#\/schema\/person\/d865044e22e70a75174ce8bcad3acfb3","name":"La Sentinelle","image":{"@type":"ImageObject","inLanguage":"fr-FR","@id":"https:\/\/secure.gravatar.com\/avatar\/57de8e5d4b15d43fb361a71fbb36338450fe67865b528a43dd10ef7c51a20392?s=96&d=mm&r=g","url":"https:\/\/secure.gravatar.com\/avatar\/57de8e5d4b15d43fb361a71fbb36338450fe67865b528a43dd10ef7c51a20392?s=96&d=mm&r=g","contentUrl":"https:\/\/secure.gravatar.com\/avatar\/57de8e5d4b15d43fb361a71fbb36338450fe67865b528a43dd10ef7c51a20392?s=96&d=mm&r=g","caption":"La Sentinelle"},"sameAs":["http:\/\/www.lasentinelle.dz"],"url":"https:\/\/lasentinelle.dz\/author\/redaction\/"}]}},"_links":{"self":[{"href":"https:\/\/lasentinelle.dz\/index.php\/wp-json\/wp\/v2\/posts\/40006","targetHints":{"allow":["GET"]}}],"collection":[{"href":"https:\/\/lasentinelle.dz\/index.php\/wp-json\/wp\/v2\/posts"}],"about":[{"href":"https:\/\/lasentinelle.dz\/index.php\/wp-json\/wp\/v2\/types\/post"}],"author":[{"embeddable":true,"href":"https:\/\/lasentinelle.dz\/index.php\/wp-json\/wp\/v2\/users\/3"}],"replies":[{"embeddable":true,"href":"https:\/\/lasentinelle.dz\/index.php\/wp-json\/wp\/v2\/comments?post=40006"}],"version-history":[{"count":2,"href":"https:\/\/lasentinelle.dz\/index.php\/wp-json\/wp\/v2\/posts\/40006\/revisions"}],"predecessor-version":[{"id":40026,"href":"https:\/\/lasentinelle.dz\/index.php\/wp-json\/wp\/v2\/posts\/40006\/revisions\/40026"}],"wp:featuredmedia":[{"embeddable":true,"href":"https:\/\/lasentinelle.dz\/index.php\/wp-json\/wp\/v2\/media\/40010"}],"wp:attachment":[{"href":"https:\/\/lasentinelle.dz\/index.php\/wp-json\/wp\/v2\/media?parent=40006"}],"wp:term":[{"taxonomy":"category","embeddable":true,"href":"https:\/\/lasentinelle.dz\/index.php\/wp-json\/wp\/v2\/categories?post=40006"},{"taxonomy":"post_tag","embeddable":true,"href":"https:\/\/lasentinelle.dz\/index.php\/wp-json\/wp\/v2\/tags?post=40006"}],"curies":[{"name":"wp","href":"https:\/\/api.w.org\/{rel}","templated":true}]}}