{"id":40019,"date":"2023-04-24T22:05:00","date_gmt":"2023-04-24T21:05:00","guid":{"rendered":"https:\/\/lasentinelle.dz\/?p=40019"},"modified":"2023-04-24T21:26:58","modified_gmt":"2023-04-24T20:26:58","slug":"loi-sur-linformation-adapter-larsenal-juridique-aux-dispositions-de-la-constitution","status":"publish","type":"post","link":"https:\/\/lasentinelle.dz\/index.php\/2023\/04\/24\/loi-sur-linformation-adapter-larsenal-juridique-aux-dispositions-de-la-constitution\/","title":{"rendered":"Loi sur l\u2019information\u00a0: Adapter l\u2019arsenal juridique aux dispositions de la Constitution"},"content":{"rendered":"\n<p>L&rsquo;Inspecteur g\u00e9n\u00e9ral du minist\u00e8re de la Communication, Ahmed Benzelikha, a indiqu\u00e9 hier au Forum de la Radio alg\u00e9rienne que la loi organique relative \u00e0 l&rsquo;information et adopt\u00e9e par les deux chambres du Parlement vient \u00ab\u00a0adapter et actualiser\u00a0\u00bb l&rsquo;arsenal juridique du secteur de la communication en fonction des d\u00e9veloppements survenus, avec \u00e0 leur t\u00eate l&rsquo;article 54 de la Constitution de 2020 relatif \u00e0 l&rsquo;information, lequel vise \u00e0 garantir la libert\u00e9, le pluralisme et l&rsquo;ind\u00e9pendance de la presse dans le respect des r\u00e8gles du professionnalisme et de l&rsquo;\u00e9thique professionnelle. Il a dans ce contexte soulign\u00e9 que la nouvelle loi a pr\u00e9vu, comme stipul\u00e9 par la Constitution \u00ab&nbsp;l&rsquo;instauration du r\u00e9gime d\u00e9claratif qui repose sur l&rsquo;application simplifi\u00e9e pour la cr\u00e9ation de m\u00e9dias, au lieu du r\u00e9gime d&rsquo;octroi d&rsquo;agr\u00e9ments en vigueur&nbsp;\u00bb. Et d\u2019ajouter le texte consacre \u00ab\u00a0le droit du journaliste \u00e0 la libert\u00e9 d&rsquo;expression et \u00e0 la recherche d&rsquo;information\u00a0\u00bb. Ces garanties, poursuit-il, \u00ab\u00a0assurent au journaliste la protection juridique de ses travaux et pr\u00e9servent son droit de ne pas diffuser toute information, article ou travail ayant subi des modifications substantielles sans son consentement\u00a0\u00bb.<\/p>\n\n\n\n<p>Il a \u00e9galement pr\u00e9cis\u00e9, en ce qui concerne l&rsquo;acc\u00e8s du journaliste aux sources d&rsquo;information, que \u00ab\u00a0ce droit est consacr\u00e9 par la loi\u00a0\u00bb, expliquant que \u00ab\u00a0les institutions et les organismes sont tenus de faciliter l&rsquo;acc\u00e8s des journalistes \u00e0 l&rsquo;information selon les cadres r\u00e9glementaires de ce domaine, dans le but d&rsquo;\u00e9clairer l&rsquo;opinion publique avec des informations fiables\u00a0\u00bb.<\/p>\n\n\n\n<p>Le responsable du minist\u00e8re de la Communication a \u00e9galement indiqu\u00e9 que la loi sur l&rsquo;information pr\u00e9voyait une s\u00e9rie de dispositions qui renseignent sur l&rsquo;existence d&rsquo;une v\u00e9ritable volont\u00e9 politique tendant \u00e0 consacrer un \u00e9quilibre entre libert\u00e9 de la presse et responsabilit\u00e9 professionnelle et \u00e0 garantir le droit du citoyen \u00e0 une presse libre et transparente. Sur un autre registre, en ce qui concerne la formation des journalistes, l\u2019intervenant, a indiqu\u00e9 que le texte accorde une \u00ab\u00a0place majeure\u00a0\u00bb \u00e0 la formation continue des journalistes, avant d\u2019ajouter que &nbsp;\u00ab\u00a0le minist\u00e8re de la Communication poursuit l&rsquo;organisation des sessions de formation au profit des journalistes \u00e0 travers les wilayas du pays dans le domaine de la communication institutionnelle qui se veut la pierre angulaire pour permettre au citoyen de jouir de son droit \u00e0 une presse libre et transparente\u00a0\u00bb.<\/p>\n\n\n\n<p>De son c\u00f4t\u00e9, la Directrice de la presse au minist\u00e8re de la Communication, Khadidja Khelifi a indiqu\u00e9 que la loi sur l&rsquo;information \u00ab\u00a0a consacr\u00e9 le principe d&rsquo;acc\u00e8s du journaliste \u00e0 l&rsquo;information\u00a0\u00bb, relevant que ce texte de loi visait \u00e0 \u00ab\u00a0rompre avec certaines anciennes pratiques\u00a0\u00bb pouvant entraver la profession de la presse qui demeure \u00ab\u00a0le principal vecteur pour la r\u00e9alisation du d\u00e9veloppement et la promotion des r\u00e9alisations enregistr\u00e9es sur le terrain\u00a0\u00bb. Apr\u00e8s avoir mis en exergue \u00ab\u00a0la place majeure accord\u00e9e par cette loi \u00e0 la formation continue des membres de la corporation m\u00e9diatique\u00a0\u00bb, l&rsquo;intervenante a rappel\u00e9 que ce texte de loi comportait les conditions et les modalit\u00e9s d&rsquo;octroi de la carte de journaliste professionnelle et de la cr\u00e9ation du Haut conseil d&rsquo;\u00e9thique professionnelle auquel sera confi\u00e9e la responsabilit\u00e9 de la r\u00e9gulation, de l&rsquo;intervention et de l&rsquo;\u00e9laboration d&rsquo;une charte permettant l&rsquo;adoption d&rsquo;une pratique m\u00e9diatique et la contribution \u00e0 la promotion de l&rsquo;autor\u00e9gulation. Il est utile de rappeler que la loi sur l\u2019information a \u00e9t\u00e9 adopt\u00e9e par l\u2019Assembl\u00e9e populaire nationale et le Conseil de la Nation. Sa promulgation devra cependant attendre en raison d\u2019un d\u00e9saccord entre les deux chambres du Parlement \u00e0 propos des dispositions relatives \u00e0 l\u2019accr\u00e9ditation des journalistes \u00e9trangers ou travaillant pour des organes \u00e9trangers. Ce d\u00e9saccord impose la mise en place par le Premier ministre d\u2019une commission parlementaire paritaire dans l\u2019objectif de rapprocher les points de vue entre les deux chambres avant la promulgation du texte.<\/p>\n\n\n\n<p>Hocine Fadheli<\/p>\n","protected":false},"excerpt":{"rendered":"<p>L&rsquo;Inspecteur g\u00e9n\u00e9ral du minist\u00e8re de la Communication, Ahmed Benzelikha, a indiqu\u00e9 hier au Forum de la Radio alg\u00e9rienne que la<\/p>\n","protected":false},"author":3,"featured_media":40032,"comment_status":"open","ping_status":"closed","sticky":false,"template":"","format":"standard","meta":{"colormag_page_container_layout":"default_layout","colormag_page_sidebar_layout":"default_layout","om_disable_all_campaigns":false,"_monsterinsights_skip_tracking":false,"_monsterinsights_sitenote_active":false,"_monsterinsights_sitenote_note":"","_monsterinsights_sitenote_category":0,"footnotes":"","_wpscppro_dont_share_socialmedia":false,"_wpscppro_custom_social_share_image":0,"_facebook_share_type":"","_twitter_share_type":"","_linkedin_share_type":"","_pinterest_share_type":"","_linkedin_share_type_page":"","_instagram_share_type":"","_medium_share_type":"","_threads_share_type":"","_google_business_share_type":"","_selected_social_profile":[],"_wpsp_enable_custom_social_template":false,"_wpsp_social_scheduling":{"enabled":false,"datetime":null,"platforms":[],"status":"template_only","dateOption":"today","timeOption":"now","customDays":"","customHours":"","customDate":"","customTime":"","schedulingType":"absolute"},"_wpsp_active_default_template":true},"categories":[27],"tags":[],"class_list":["post-40019","post","type-post","status-publish","format-standard","has-post-thumbnail","hentry","category-actualite"],"aioseo_notices":[],"yoast_head":"<!-- This site is optimized with the Yoast SEO plugin v27.5 - https:\/\/yoast.com\/product\/yoast-seo-wordpress\/ -->\n<title>Loi sur l\u2019information\u00a0: Adapter l\u2019arsenal juridique aux dispositions de la Constitution - La Sentinelle<\/title>\n<meta name=\"robots\" content=\"index, follow, max-snippet:-1, max-image-preview:large, max-video-preview:-1\" \/>\n<link rel=\"canonical\" href=\"https:\/\/lasentinelle.dz\/index.php\/2023\/04\/24\/loi-sur-linformation-adapter-larsenal-juridique-aux-dispositions-de-la-constitution\/\" \/>\n<meta property=\"og:locale\" content=\"fr_FR\" \/>\n<meta property=\"og:type\" content=\"article\" \/>\n<meta property=\"og:title\" content=\"Loi sur l\u2019information\u00a0: Adapter l\u2019arsenal juridique aux dispositions de la Constitution - La Sentinelle\" \/>\n<meta property=\"og:description\" content=\"L&rsquo;Inspecteur g\u00e9n\u00e9ral du minist\u00e8re de la Communication, Ahmed Benzelikha, a indiqu\u00e9 hier au Forum de la Radio alg\u00e9rienne que la\" \/>\n<meta property=\"og:url\" content=\"https:\/\/lasentinelle.dz\/index.php\/2023\/04\/24\/loi-sur-linformation-adapter-larsenal-juridique-aux-dispositions-de-la-constitution\/\" \/>\n<meta property=\"og:site_name\" content=\"La Sentinelle\" \/>\n<meta property=\"article:publisher\" content=\"https:\/\/www.facebook.com\/La-Sentinelle-104059864394773\" \/>\n<meta property=\"article:published_time\" content=\"2023-04-24T21:05:00+00:00\" \/>\n<meta property=\"og:image\" content=\"https:\/\/lasentinelle.dz\/wp-content\/uploads\/2023\/04\/image_2023-04-24_212622230.png\" \/>\n\t<meta property=\"og:image:width\" content=\"958\" \/>\n\t<meta property=\"og:image:height\" content=\"718\" \/>\n\t<meta property=\"og:image:type\" content=\"image\/png\" \/>\n<meta name=\"author\" content=\"La Sentinelle\" \/>\n<meta name=\"twitter:card\" content=\"summary_large_image\" \/>\n<meta name=\"twitter:label1\" content=\"\u00c9crit par\" \/>\n\t<meta name=\"twitter:data1\" content=\"La Sentinelle\" \/>\n\t<meta name=\"twitter:label2\" content=\"Dur\u00e9e de lecture estim\u00e9e\" \/>\n\t<meta name=\"twitter:data2\" content=\"4 minutes\" \/>\n<script type=\"application\/ld+json\" class=\"yoast-schema-graph\">{\"@context\":\"https:\\\/\\\/schema.org\",\"@graph\":[{\"@type\":\"Article\",\"@id\":\"https:\\\/\\\/lasentinelle.dz\\\/index.php\\\/2023\\\/04\\\/24\\\/loi-sur-linformation-adapter-larsenal-juridique-aux-dispositions-de-la-constitution\\\/#article\",\"isPartOf\":{\"@id\":\"https:\\\/\\\/lasentinelle.dz\\\/index.php\\\/2023\\\/04\\\/24\\\/loi-sur-linformation-adapter-larsenal-juridique-aux-dispositions-de-la-constitution\\\/\"},\"author\":{\"name\":\"La Sentinelle\",\"@id\":\"https:\\\/\\\/lasentinelle.dz\\\/#\\\/schema\\\/person\\\/d865044e22e70a75174ce8bcad3acfb3\"},\"headline\":\"Loi sur l\u2019information\u00a0: Adapter l\u2019arsenal juridique aux dispositions de la Constitution\",\"datePublished\":\"2023-04-24T21:05:00+00:00\",\"mainEntityOfPage\":{\"@id\":\"https:\\\/\\\/lasentinelle.dz\\\/index.php\\\/2023\\\/04\\\/24\\\/loi-sur-linformation-adapter-larsenal-juridique-aux-dispositions-de-la-constitution\\\/\"},\"wordCount\":691,\"commentCount\":0,\"publisher\":{\"@id\":\"https:\\\/\\\/lasentinelle.dz\\\/#organization\"},\"image\":{\"@id\":\"https:\\\/\\\/lasentinelle.dz\\\/index.php\\\/2023\\\/04\\\/24\\\/loi-sur-linformation-adapter-larsenal-juridique-aux-dispositions-de-la-constitution\\\/#primaryimage\"},\"thumbnailUrl\":\"https:\\\/\\\/lasentinelle.dz\\\/wp-content\\\/uploads\\\/2023\\\/04\\\/image_2023-04-24_212622230.png\",\"articleSection\":[\"Actualit\u00e9\"],\"inLanguage\":\"fr-FR\",\"potentialAction\":[{\"@type\":\"CommentAction\",\"name\":\"Comment\",\"target\":[\"https:\\\/\\\/lasentinelle.dz\\\/index.php\\\/2023\\\/04\\\/24\\\/loi-sur-linformation-adapter-larsenal-juridique-aux-dispositions-de-la-constitution\\\/#respond\"]}]},{\"@type\":\"WebPage\",\"@id\":\"https:\\\/\\\/lasentinelle.dz\\\/index.php\\\/2023\\\/04\\\/24\\\/loi-sur-linformation-adapter-larsenal-juridique-aux-dispositions-de-la-constitution\\\/\",\"url\":\"https:\\\/\\\/lasentinelle.dz\\\/index.php\\\/2023\\\/04\\\/24\\\/loi-sur-linformation-adapter-larsenal-juridique-aux-dispositions-de-la-constitution\\\/\",\"name\":\"Loi sur l\u2019information\u00a0: Adapter l\u2019arsenal juridique aux dispositions de la Constitution - La Sentinelle\",\"isPartOf\":{\"@id\":\"https:\\\/\\\/lasentinelle.dz\\\/#website\"},\"primaryImageOfPage\":{\"@id\":\"https:\\\/\\\/lasentinelle.dz\\\/index.php\\\/2023\\\/04\\\/24\\\/loi-sur-linformation-adapter-larsenal-juridique-aux-dispositions-de-la-constitution\\\/#primaryimage\"},\"image\":{\"@id\":\"https:\\\/\\\/lasentinelle.dz\\\/index.php\\\/2023\\\/04\\\/24\\\/loi-sur-linformation-adapter-larsenal-juridique-aux-dispositions-de-la-constitution\\\/#primaryimage\"},\"thumbnailUrl\":\"https:\\\/\\\/lasentinelle.dz\\\/wp-content\\\/uploads\\\/2023\\\/04\\\/image_2023-04-24_212622230.png\",\"datePublished\":\"2023-04-24T21:05:00+00:00\",\"breadcrumb\":{\"@id\":\"https:\\\/\\\/lasentinelle.dz\\\/index.php\\\/2023\\\/04\\\/24\\\/loi-sur-linformation-adapter-larsenal-juridique-aux-dispositions-de-la-constitution\\\/#breadcrumb\"},\"inLanguage\":\"fr-FR\",\"potentialAction\":[{\"@type\":\"ReadAction\",\"target\":[\"https:\\\/\\\/lasentinelle.dz\\\/index.php\\\/2023\\\/04\\\/24\\\/loi-sur-linformation-adapter-larsenal-juridique-aux-dispositions-de-la-constitution\\\/\"]}]},{\"@type\":\"ImageObject\",\"inLanguage\":\"fr-FR\",\"@id\":\"https:\\\/\\\/lasentinelle.dz\\\/index.php\\\/2023\\\/04\\\/24\\\/loi-sur-linformation-adapter-larsenal-juridique-aux-dispositions-de-la-constitution\\\/#primaryimage\",\"url\":\"https:\\\/\\\/lasentinelle.dz\\\/wp-content\\\/uploads\\\/2023\\\/04\\\/image_2023-04-24_212622230.png\",\"contentUrl\":\"https:\\\/\\\/lasentinelle.dz\\\/wp-content\\\/uploads\\\/2023\\\/04\\\/image_2023-04-24_212622230.png\",\"width\":958,\"height\":718},{\"@type\":\"BreadcrumbList\",\"@id\":\"https:\\\/\\\/lasentinelle.dz\\\/index.php\\\/2023\\\/04\\\/24\\\/loi-sur-linformation-adapter-larsenal-juridique-aux-dispositions-de-la-constitution\\\/#breadcrumb\",\"itemListElement\":[{\"@type\":\"ListItem\",\"position\":1,\"name\":\"Accueil\",\"item\":\"https:\\\/\\\/lasentinelle.dz\\\/\"},{\"@type\":\"ListItem\",\"position\":2,\"name\":\"Loi sur l\u2019information\u00a0: Adapter l\u2019arsenal juridique aux dispositions de la Constitution\"}]},{\"@type\":\"WebSite\",\"@id\":\"https:\\\/\\\/lasentinelle.dz\\\/#website\",\"url\":\"https:\\\/\\\/lasentinelle.dz\\\/\",\"name\":\"La Sentinelle\",\"description\":\"Quotidien national d&#039;information\",\"publisher\":{\"@id\":\"https:\\\/\\\/lasentinelle.dz\\\/#organization\"},\"potentialAction\":[{\"@type\":\"SearchAction\",\"target\":{\"@type\":\"EntryPoint\",\"urlTemplate\":\"https:\\\/\\\/lasentinelle.dz\\\/?s={search_term_string}\"},\"query-input\":{\"@type\":\"PropertyValueSpecification\",\"valueRequired\":true,\"valueName\":\"search_term_string\"}}],\"inLanguage\":\"fr-FR\"},{\"@type\":\"Organization\",\"@id\":\"https:\\\/\\\/lasentinelle.dz\\\/#organization\",\"name\":\"Quotidien La Sentinelle\",\"url\":\"https:\\\/\\\/lasentinelle.dz\\\/\",\"logo\":{\"@type\":\"ImageObject\",\"inLanguage\":\"fr-FR\",\"@id\":\"https:\\\/\\\/lasentinelle.dz\\\/#\\\/schema\\\/logo\\\/image\\\/\",\"url\":\"https:\\\/\\\/lasentinelle.dz\\\/wp-content\\\/uploads\\\/2021\\\/09\\\/logo-sentinelleSLOGAN-1.png\",\"contentUrl\":\"https:\\\/\\\/lasentinelle.dz\\\/wp-content\\\/uploads\\\/2021\\\/09\\\/logo-sentinelleSLOGAN-1.png\",\"width\":615,\"height\":142,\"caption\":\"Quotidien La Sentinelle\"},\"image\":{\"@id\":\"https:\\\/\\\/lasentinelle.dz\\\/#\\\/schema\\\/logo\\\/image\\\/\"},\"sameAs\":[\"https:\\\/\\\/www.facebook.com\\\/La-Sentinelle-104059864394773\"]},{\"@type\":\"Person\",\"@id\":\"https:\\\/\\\/lasentinelle.dz\\\/#\\\/schema\\\/person\\\/d865044e22e70a75174ce8bcad3acfb3\",\"name\":\"La Sentinelle\",\"image\":{\"@type\":\"ImageObject\",\"inLanguage\":\"fr-FR\",\"@id\":\"https:\\\/\\\/secure.gravatar.com\\\/avatar\\\/57de8e5d4b15d43fb361a71fbb36338450fe67865b528a43dd10ef7c51a20392?s=96&d=mm&r=g\",\"url\":\"https:\\\/\\\/secure.gravatar.com\\\/avatar\\\/57de8e5d4b15d43fb361a71fbb36338450fe67865b528a43dd10ef7c51a20392?s=96&d=mm&r=g\",\"contentUrl\":\"https:\\\/\\\/secure.gravatar.com\\\/avatar\\\/57de8e5d4b15d43fb361a71fbb36338450fe67865b528a43dd10ef7c51a20392?s=96&d=mm&r=g\",\"caption\":\"La Sentinelle\"},\"sameAs\":[\"http:\\\/\\\/www.lasentinelle.dz\"],\"url\":\"https:\\\/\\\/lasentinelle.dz\\\/author\\\/redaction\\\/\"}]}<\/script>\n<!-- \/ Yoast SEO plugin. -->","yoast_head_json":{"title":"Loi sur l\u2019information\u00a0: Adapter l\u2019arsenal juridique aux dispositions de la Constitution - La Sentinelle","robots":{"index":"index","follow":"follow","max-snippet":"max-snippet:-1","max-image-preview":"max-image-preview:large","max-video-preview":"max-video-preview:-1"},"canonical":"https:\/\/lasentinelle.dz\/index.php\/2023\/04\/24\/loi-sur-linformation-adapter-larsenal-juridique-aux-dispositions-de-la-constitution\/","og_locale":"fr_FR","og_type":"article","og_title":"Loi sur l\u2019information\u00a0: Adapter l\u2019arsenal juridique aux dispositions de la Constitution - La Sentinelle","og_description":"L&rsquo;Inspecteur g\u00e9n\u00e9ral du minist\u00e8re de la Communication, Ahmed Benzelikha, a indiqu\u00e9 hier au Forum de la Radio alg\u00e9rienne que la","og_url":"https:\/\/lasentinelle.dz\/index.php\/2023\/04\/24\/loi-sur-linformation-adapter-larsenal-juridique-aux-dispositions-de-la-constitution\/","og_site_name":"La Sentinelle","article_publisher":"https:\/\/www.facebook.com\/La-Sentinelle-104059864394773","article_published_time":"2023-04-24T21:05:00+00:00","og_image":[{"width":958,"height":718,"url":"https:\/\/lasentinelle.dz\/wp-content\/uploads\/2023\/04\/image_2023-04-24_212622230.png","type":"image\/png"}],"author":"La Sentinelle","twitter_card":"summary_large_image","twitter_misc":{"\u00c9crit par":"La Sentinelle","Dur\u00e9e de lecture estim\u00e9e":"4 minutes"},"schema":{"@context":"https:\/\/schema.org","@graph":[{"@type":"Article","@id":"https:\/\/lasentinelle.dz\/index.php\/2023\/04\/24\/loi-sur-linformation-adapter-larsenal-juridique-aux-dispositions-de-la-constitution\/#article","isPartOf":{"@id":"https:\/\/lasentinelle.dz\/index.php\/2023\/04\/24\/loi-sur-linformation-adapter-larsenal-juridique-aux-dispositions-de-la-constitution\/"},"author":{"name":"La Sentinelle","@id":"https:\/\/lasentinelle.dz\/#\/schema\/person\/d865044e22e70a75174ce8bcad3acfb3"},"headline":"Loi sur l\u2019information\u00a0: Adapter l\u2019arsenal juridique aux dispositions de la Constitution","datePublished":"2023-04-24T21:05:00+00:00","mainEntityOfPage":{"@id":"https:\/\/lasentinelle.dz\/index.php\/2023\/04\/24\/loi-sur-linformation-adapter-larsenal-juridique-aux-dispositions-de-la-constitution\/"},"wordCount":691,"commentCount":0,"publisher":{"@id":"https:\/\/lasentinelle.dz\/#organization"},"image":{"@id":"https:\/\/lasentinelle.dz\/index.php\/2023\/04\/24\/loi-sur-linformation-adapter-larsenal-juridique-aux-dispositions-de-la-constitution\/#primaryimage"},"thumbnailUrl":"https:\/\/lasentinelle.dz\/wp-content\/uploads\/2023\/04\/image_2023-04-24_212622230.png","articleSection":["Actualit\u00e9"],"inLanguage":"fr-FR","potentialAction":[{"@type":"CommentAction","name":"Comment","target":["https:\/\/lasentinelle.dz\/index.php\/2023\/04\/24\/loi-sur-linformation-adapter-larsenal-juridique-aux-dispositions-de-la-constitution\/#respond"]}]},{"@type":"WebPage","@id":"https:\/\/lasentinelle.dz\/index.php\/2023\/04\/24\/loi-sur-linformation-adapter-larsenal-juridique-aux-dispositions-de-la-constitution\/","url":"https:\/\/lasentinelle.dz\/index.php\/2023\/04\/24\/loi-sur-linformation-adapter-larsenal-juridique-aux-dispositions-de-la-constitution\/","name":"Loi sur l\u2019information\u00a0: Adapter l\u2019arsenal juridique aux dispositions de la Constitution - La Sentinelle","isPartOf":{"@id":"https:\/\/lasentinelle.dz\/#website"},"primaryImageOfPage":{"@id":"https:\/\/lasentinelle.dz\/index.php\/2023\/04\/24\/loi-sur-linformation-adapter-larsenal-juridique-aux-dispositions-de-la-constitution\/#primaryimage"},"image":{"@id":"https:\/\/lasentinelle.dz\/index.php\/2023\/04\/24\/loi-sur-linformation-adapter-larsenal-juridique-aux-dispositions-de-la-constitution\/#primaryimage"},"thumbnailUrl":"https:\/\/lasentinelle.dz\/wp-content\/uploads\/2023\/04\/image_2023-04-24_212622230.png","datePublished":"2023-04-24T21:05:00+00:00","breadcrumb":{"@id":"https:\/\/lasentinelle.dz\/index.php\/2023\/04\/24\/loi-sur-linformation-adapter-larsenal-juridique-aux-dispositions-de-la-constitution\/#breadcrumb"},"inLanguage":"fr-FR","potentialAction":[{"@type":"ReadAction","target":["https:\/\/lasentinelle.dz\/index.php\/2023\/04\/24\/loi-sur-linformation-adapter-larsenal-juridique-aux-dispositions-de-la-constitution\/"]}]},{"@type":"ImageObject","inLanguage":"fr-FR","@id":"https:\/\/lasentinelle.dz\/index.php\/2023\/04\/24\/loi-sur-linformation-adapter-larsenal-juridique-aux-dispositions-de-la-constitution\/#primaryimage","url":"https:\/\/lasentinelle.dz\/wp-content\/uploads\/2023\/04\/image_2023-04-24_212622230.png","contentUrl":"https:\/\/lasentinelle.dz\/wp-content\/uploads\/2023\/04\/image_2023-04-24_212622230.png","width":958,"height":718},{"@type":"BreadcrumbList","@id":"https:\/\/lasentinelle.dz\/index.php\/2023\/04\/24\/loi-sur-linformation-adapter-larsenal-juridique-aux-dispositions-de-la-constitution\/#breadcrumb","itemListElement":[{"@type":"ListItem","position":1,"name":"Accueil","item":"https:\/\/lasentinelle.dz\/"},{"@type":"ListItem","position":2,"name":"Loi sur l\u2019information\u00a0: Adapter l\u2019arsenal juridique aux dispositions de la Constitution"}]},{"@type":"WebSite","@id":"https:\/\/lasentinelle.dz\/#website","url":"https:\/\/lasentinelle.dz\/","name":"La Sentinelle","description":"Quotidien national d&#039;information","publisher":{"@id":"https:\/\/lasentinelle.dz\/#organization"},"potentialAction":[{"@type":"SearchAction","target":{"@type":"EntryPoint","urlTemplate":"https:\/\/lasentinelle.dz\/?s={search_term_string}"},"query-input":{"@type":"PropertyValueSpecification","valueRequired":true,"valueName":"search_term_string"}}],"inLanguage":"fr-FR"},{"@type":"Organization","@id":"https:\/\/lasentinelle.dz\/#organization","name":"Quotidien La Sentinelle","url":"https:\/\/lasentinelle.dz\/","logo":{"@type":"ImageObject","inLanguage":"fr-FR","@id":"https:\/\/lasentinelle.dz\/#\/schema\/logo\/image\/","url":"https:\/\/lasentinelle.dz\/wp-content\/uploads\/2021\/09\/logo-sentinelleSLOGAN-1.png","contentUrl":"https:\/\/lasentinelle.dz\/wp-content\/uploads\/2021\/09\/logo-sentinelleSLOGAN-1.png","width":615,"height":142,"caption":"Quotidien La Sentinelle"},"image":{"@id":"https:\/\/lasentinelle.dz\/#\/schema\/logo\/image\/"},"sameAs":["https:\/\/www.facebook.com\/La-Sentinelle-104059864394773"]},{"@type":"Person","@id":"https:\/\/lasentinelle.dz\/#\/schema\/person\/d865044e22e70a75174ce8bcad3acfb3","name":"La Sentinelle","image":{"@type":"ImageObject","inLanguage":"fr-FR","@id":"https:\/\/secure.gravatar.com\/avatar\/57de8e5d4b15d43fb361a71fbb36338450fe67865b528a43dd10ef7c51a20392?s=96&d=mm&r=g","url":"https:\/\/secure.gravatar.com\/avatar\/57de8e5d4b15d43fb361a71fbb36338450fe67865b528a43dd10ef7c51a20392?s=96&d=mm&r=g","contentUrl":"https:\/\/secure.gravatar.com\/avatar\/57de8e5d4b15d43fb361a71fbb36338450fe67865b528a43dd10ef7c51a20392?s=96&d=mm&r=g","caption":"La Sentinelle"},"sameAs":["http:\/\/www.lasentinelle.dz"],"url":"https:\/\/lasentinelle.dz\/author\/redaction\/"}]}},"_links":{"self":[{"href":"https:\/\/lasentinelle.dz\/index.php\/wp-json\/wp\/v2\/posts\/40019","targetHints":{"allow":["GET"]}}],"collection":[{"href":"https:\/\/lasentinelle.dz\/index.php\/wp-json\/wp\/v2\/posts"}],"about":[{"href":"https:\/\/lasentinelle.dz\/index.php\/wp-json\/wp\/v2\/types\/post"}],"author":[{"embeddable":true,"href":"https:\/\/lasentinelle.dz\/index.php\/wp-json\/wp\/v2\/users\/3"}],"replies":[{"embeddable":true,"href":"https:\/\/lasentinelle.dz\/index.php\/wp-json\/wp\/v2\/comments?post=40019"}],"version-history":[{"count":1,"href":"https:\/\/lasentinelle.dz\/index.php\/wp-json\/wp\/v2\/posts\/40019\/revisions"}],"predecessor-version":[{"id":40033,"href":"https:\/\/lasentinelle.dz\/index.php\/wp-json\/wp\/v2\/posts\/40019\/revisions\/40033"}],"wp:featuredmedia":[{"embeddable":true,"href":"https:\/\/lasentinelle.dz\/index.php\/wp-json\/wp\/v2\/media\/40032"}],"wp:attachment":[{"href":"https:\/\/lasentinelle.dz\/index.php\/wp-json\/wp\/v2\/media?parent=40019"}],"wp:term":[{"taxonomy":"category","embeddable":true,"href":"https:\/\/lasentinelle.dz\/index.php\/wp-json\/wp\/v2\/categories?post=40019"},{"taxonomy":"post_tag","embeddable":true,"href":"https:\/\/lasentinelle.dz\/index.php\/wp-json\/wp\/v2\/tags?post=40019"}],"curies":[{"name":"wp","href":"https:\/\/api.w.org\/{rel}","templated":true}]}}