{"id":40038,"date":"2023-04-25T22:00:00","date_gmt":"2023-04-25T21:00:00","guid":{"rendered":"https:\/\/lasentinelle.dz\/?p=40038"},"modified":"2023-04-25T17:34:09","modified_gmt":"2023-04-25T16:34:09","slug":"reforme-du-conseil-de-securite-de-lonu-les-pays-en-developpement-reclament-leur-place","status":"publish","type":"post","link":"https:\/\/lasentinelle.dz\/index.php\/2023\/04\/25\/reforme-du-conseil-de-securite-de-lonu-les-pays-en-developpement-reclament-leur-place\/","title":{"rendered":"R\u00e9forme du Conseil de s\u00e9curit\u00e9 de l\u2019ONU\u00a0: Les pays en d\u00e9veloppement r\u00e9clament leur place"},"content":{"rendered":"\n<p>La plupart des pays de l&rsquo;ONU reconnaissent la n\u00e9cessit\u00e9 de r\u00e9former le Conseil de s\u00e9curit\u00e9, a d\u00e9clar\u00e9 cette semaine le secr\u00e9taire g\u00e9n\u00e9ral des Nations unies, Antonio Guterres. \u00ab\u00a0Les pays membres sont parmi les premiers \u00e0 pr\u00e9coniser la transformation des organes intergouvernementaux afin de r\u00e9pondre aux exigences changeantes. La plupart reconnaissent que des r\u00e9formes qui refl\u00e8tent la r\u00e9alit\u00e9 g\u00e9opolitique actuelle seraient b\u00e9n\u00e9fiques pour le Conseil de s\u00e9curit\u00e9\u00a0\u00bb, a indiqu\u00e9 Antonio Guterres. Il a affirm\u00e9 soutenir une approche similaire en ce qui concerne les institutions de Bretton Woods. \u00ab\u00a0Elles ne refl\u00e8tent pas les r\u00e9alit\u00e9s de l&rsquo;\u00e9conomie mondiale moderne\u00a0\u00bb, a-t-il constat\u00e9. Le Conseil de s\u00e9curit\u00e9 est compos\u00e9 de quinze pays, dont cinq (Russie, Royaume-Uni, Chine, Etats-Unis et France) sont des membres permanents et dix non permanents, \u00e9lus pour deux ans. Le pr\u00e9sident de la R\u00e9publique, M. Abdelmadjid Tebboune, avait r\u00e9affirm\u00e9, en f\u00e9vrier dernier lors des travaux de la r\u00e9union minist\u00e9rielle du Comit\u00e9 des dix de l&rsquo;Union africaine (UA) sur la r\u00e9forme du Conseil de s\u00e9curit\u00e9 des Nations unies tenue \u00e0 l&rsquo;occasion du 36e sommet de l&rsquo;UA, l&rsquo;attachement de l&rsquo;Alg\u00e9rie au droit l\u00e9gitime de l&rsquo;Afrique \u00e0 acc\u00e9der \u00e0 la qualit\u00e9 de membre permanent au Conseil de s\u00e9curit\u00e9 de l&rsquo;ONU. Il avait indiqu\u00e9 dans une allocution lue en son nom par le Premier ministre, M. A\u00efmene Benabderrahmane, que pour l&rsquo;Alg\u00e9rie, la question de la r\u00e9forme du Conseil de s\u00e9curit\u00e9 \u00ab\u00a0est imp\u00e9rative pour parvenir \u00e0 un ordre mondial plus repr\u00e9sentatif, plus juste et plus \u00e9quilibr\u00e9, notamment en cette conjoncture d\u00e9licate marqu\u00e9e par une succession de crises et leurs retomb\u00e9es porteuses de pr\u00e9mices de nouveaux changements dans les rapports de forces sur la sc\u00e8ne internationale\u00a0\u00bb. Idem pour le pr\u00e9sident de la 77e session de l&rsquo;Assembl\u00e9e g\u00e9n\u00e9rale de l&rsquo;ONU, Csaba Korosi, qui s&rsquo;\u00e9tait dit favorable \u00e0 une r\u00e9forme du Conseil de s\u00e9curit\u00e9 de l&rsquo;ONU afin que cette institution soit plus repr\u00e9sentative et plus efficace. En cela, le chef de la diplomatie russe Sergue\u00ef Lavrov avait estim\u00e9 qu\u2019il devrait \u00eatre \u00e9largi par une plus vaste repr\u00e9sentation des pays d&rsquo;Asie, d&rsquo;Afrique et d&rsquo;Am\u00e9rique latine. Et certains Etats occidentaux, principalement l&rsquo;Allemagne, revendiquent depuis longtemps leur adh\u00e9sion au Conseil de s\u00e9curit\u00e9.<\/p>\n\n\n\n<p>APS<\/p>\n","protected":false},"excerpt":{"rendered":"<p>La plupart des pays de l&rsquo;ONU reconnaissent la n\u00e9cessit\u00e9 de r\u00e9former le Conseil de s\u00e9curit\u00e9, a d\u00e9clar\u00e9 cette semaine le<\/p>\n","protected":false},"author":3,"featured_media":40046,"comment_status":"open","ping_status":"closed","sticky":false,"template":"","format":"standard","meta":{"colormag_page_container_layout":"default_layout","colormag_page_sidebar_layout":"default_layout","om_disable_all_campaigns":false,"_monsterinsights_skip_tracking":false,"_monsterinsights_sitenote_active":false,"_monsterinsights_sitenote_note":"","_monsterinsights_sitenote_category":0,"footnotes":"","_wpscppro_dont_share_socialmedia":false,"_wpscppro_custom_social_share_image":0,"_facebook_share_type":"","_twitter_share_type":"","_linkedin_share_type":"","_pinterest_share_type":"","_linkedin_share_type_page":"","_instagram_share_type":"","_medium_share_type":"","_threads_share_type":"","_google_business_share_type":"","_selected_social_profile":[],"_wpsp_enable_custom_social_template":false,"_wpsp_social_scheduling":{"enabled":false,"datetime":null,"platforms":[],"status":"template_only","dateOption":"today","timeOption":"now","customDays":"","customHours":"","customDate":"","customTime":"","schedulingType":"absolute"},"_wpsp_active_default_template":true},"categories":[37],"tags":[],"class_list":["post-40038","post","type-post","status-publish","format-standard","has-post-thumbnail","hentry","category-monde"],"aioseo_notices":[],"yoast_head":"<!-- This site is optimized with the Yoast SEO plugin v27.5 - https:\/\/yoast.com\/product\/yoast-seo-wordpress\/ -->\n<title>R\u00e9forme du Conseil de s\u00e9curit\u00e9 de l\u2019ONU\u00a0: Les pays en d\u00e9veloppement r\u00e9clament leur place - La Sentinelle<\/title>\n<meta name=\"robots\" content=\"index, follow, max-snippet:-1, max-image-preview:large, max-video-preview:-1\" \/>\n<link rel=\"canonical\" href=\"https:\/\/lasentinelle.dz\/index.php\/2023\/04\/25\/reforme-du-conseil-de-securite-de-lonu-les-pays-en-developpement-reclament-leur-place\/\" \/>\n<meta property=\"og:locale\" content=\"fr_FR\" \/>\n<meta property=\"og:type\" content=\"article\" \/>\n<meta property=\"og:title\" content=\"R\u00e9forme du Conseil de s\u00e9curit\u00e9 de l\u2019ONU\u00a0: Les pays en d\u00e9veloppement r\u00e9clament leur place - La Sentinelle\" \/>\n<meta property=\"og:description\" content=\"La plupart des pays de l&rsquo;ONU reconnaissent la n\u00e9cessit\u00e9 de r\u00e9former le Conseil de s\u00e9curit\u00e9, a d\u00e9clar\u00e9 cette semaine le\" \/>\n<meta property=\"og:url\" content=\"https:\/\/lasentinelle.dz\/index.php\/2023\/04\/25\/reforme-du-conseil-de-securite-de-lonu-les-pays-en-developpement-reclament-leur-place\/\" \/>\n<meta property=\"og:site_name\" content=\"La Sentinelle\" \/>\n<meta property=\"article:publisher\" content=\"https:\/\/www.facebook.com\/La-Sentinelle-104059864394773\" \/>\n<meta property=\"article:published_time\" content=\"2023-04-25T21:00:00+00:00\" \/>\n<meta property=\"og:image\" content=\"https:\/\/lasentinelle.dz\/wp-content\/uploads\/2023\/04\/image_2023-04-25_173322239.png\" \/>\n\t<meta property=\"og:image:width\" content=\"640\" \/>\n\t<meta property=\"og:image:height\" content=\"394\" \/>\n\t<meta property=\"og:image:type\" content=\"image\/png\" \/>\n<meta name=\"author\" content=\"La Sentinelle\" \/>\n<meta name=\"twitter:card\" content=\"summary_large_image\" \/>\n<meta name=\"twitter:label1\" content=\"\u00c9crit par\" \/>\n\t<meta name=\"twitter:data1\" content=\"La Sentinelle\" \/>\n\t<meta name=\"twitter:label2\" content=\"Dur\u00e9e de lecture estim\u00e9e\" \/>\n\t<meta name=\"twitter:data2\" content=\"2 minutes\" \/>\n<script type=\"application\/ld+json\" class=\"yoast-schema-graph\">{\"@context\":\"https:\\\/\\\/schema.org\",\"@graph\":[{\"@type\":\"Article\",\"@id\":\"https:\\\/\\\/lasentinelle.dz\\\/index.php\\\/2023\\\/04\\\/25\\\/reforme-du-conseil-de-securite-de-lonu-les-pays-en-developpement-reclament-leur-place\\\/#article\",\"isPartOf\":{\"@id\":\"https:\\\/\\\/lasentinelle.dz\\\/index.php\\\/2023\\\/04\\\/25\\\/reforme-du-conseil-de-securite-de-lonu-les-pays-en-developpement-reclament-leur-place\\\/\"},\"author\":{\"name\":\"La Sentinelle\",\"@id\":\"https:\\\/\\\/lasentinelle.dz\\\/#\\\/schema\\\/person\\\/d865044e22e70a75174ce8bcad3acfb3\"},\"headline\":\"R\u00e9forme du Conseil de s\u00e9curit\u00e9 de l\u2019ONU\u00a0: Les pays en d\u00e9veloppement r\u00e9clament leur place\",\"datePublished\":\"2023-04-25T21:00:00+00:00\",\"mainEntityOfPage\":{\"@id\":\"https:\\\/\\\/lasentinelle.dz\\\/index.php\\\/2023\\\/04\\\/25\\\/reforme-du-conseil-de-securite-de-lonu-les-pays-en-developpement-reclament-leur-place\\\/\"},\"wordCount\":436,\"commentCount\":0,\"publisher\":{\"@id\":\"https:\\\/\\\/lasentinelle.dz\\\/#organization\"},\"image\":{\"@id\":\"https:\\\/\\\/lasentinelle.dz\\\/index.php\\\/2023\\\/04\\\/25\\\/reforme-du-conseil-de-securite-de-lonu-les-pays-en-developpement-reclament-leur-place\\\/#primaryimage\"},\"thumbnailUrl\":\"https:\\\/\\\/lasentinelle.dz\\\/wp-content\\\/uploads\\\/2023\\\/04\\\/image_2023-04-25_173322239.png\",\"articleSection\":[\"Monde\"],\"inLanguage\":\"fr-FR\",\"potentialAction\":[{\"@type\":\"CommentAction\",\"name\":\"Comment\",\"target\":[\"https:\\\/\\\/lasentinelle.dz\\\/index.php\\\/2023\\\/04\\\/25\\\/reforme-du-conseil-de-securite-de-lonu-les-pays-en-developpement-reclament-leur-place\\\/#respond\"]}]},{\"@type\":\"WebPage\",\"@id\":\"https:\\\/\\\/lasentinelle.dz\\\/index.php\\\/2023\\\/04\\\/25\\\/reforme-du-conseil-de-securite-de-lonu-les-pays-en-developpement-reclament-leur-place\\\/\",\"url\":\"https:\\\/\\\/lasentinelle.dz\\\/index.php\\\/2023\\\/04\\\/25\\\/reforme-du-conseil-de-securite-de-lonu-les-pays-en-developpement-reclament-leur-place\\\/\",\"name\":\"R\u00e9forme du Conseil de s\u00e9curit\u00e9 de l\u2019ONU\u00a0: Les pays en d\u00e9veloppement r\u00e9clament leur place - La Sentinelle\",\"isPartOf\":{\"@id\":\"https:\\\/\\\/lasentinelle.dz\\\/#website\"},\"primaryImageOfPage\":{\"@id\":\"https:\\\/\\\/lasentinelle.dz\\\/index.php\\\/2023\\\/04\\\/25\\\/reforme-du-conseil-de-securite-de-lonu-les-pays-en-developpement-reclament-leur-place\\\/#primaryimage\"},\"image\":{\"@id\":\"https:\\\/\\\/lasentinelle.dz\\\/index.php\\\/2023\\\/04\\\/25\\\/reforme-du-conseil-de-securite-de-lonu-les-pays-en-developpement-reclament-leur-place\\\/#primaryimage\"},\"thumbnailUrl\":\"https:\\\/\\\/lasentinelle.dz\\\/wp-content\\\/uploads\\\/2023\\\/04\\\/image_2023-04-25_173322239.png\",\"datePublished\":\"2023-04-25T21:00:00+00:00\",\"breadcrumb\":{\"@id\":\"https:\\\/\\\/lasentinelle.dz\\\/index.php\\\/2023\\\/04\\\/25\\\/reforme-du-conseil-de-securite-de-lonu-les-pays-en-developpement-reclament-leur-place\\\/#breadcrumb\"},\"inLanguage\":\"fr-FR\",\"potentialAction\":[{\"@type\":\"ReadAction\",\"target\":[\"https:\\\/\\\/lasentinelle.dz\\\/index.php\\\/2023\\\/04\\\/25\\\/reforme-du-conseil-de-securite-de-lonu-les-pays-en-developpement-reclament-leur-place\\\/\"]}]},{\"@type\":\"ImageObject\",\"inLanguage\":\"fr-FR\",\"@id\":\"https:\\\/\\\/lasentinelle.dz\\\/index.php\\\/2023\\\/04\\\/25\\\/reforme-du-conseil-de-securite-de-lonu-les-pays-en-developpement-reclament-leur-place\\\/#primaryimage\",\"url\":\"https:\\\/\\\/lasentinelle.dz\\\/wp-content\\\/uploads\\\/2023\\\/04\\\/image_2023-04-25_173322239.png\",\"contentUrl\":\"https:\\\/\\\/lasentinelle.dz\\\/wp-content\\\/uploads\\\/2023\\\/04\\\/image_2023-04-25_173322239.png\",\"width\":640,\"height\":394},{\"@type\":\"BreadcrumbList\",\"@id\":\"https:\\\/\\\/lasentinelle.dz\\\/index.php\\\/2023\\\/04\\\/25\\\/reforme-du-conseil-de-securite-de-lonu-les-pays-en-developpement-reclament-leur-place\\\/#breadcrumb\",\"itemListElement\":[{\"@type\":\"ListItem\",\"position\":1,\"name\":\"Accueil\",\"item\":\"https:\\\/\\\/lasentinelle.dz\\\/\"},{\"@type\":\"ListItem\",\"position\":2,\"name\":\"R\u00e9forme du Conseil de s\u00e9curit\u00e9 de l\u2019ONU\u00a0: Les pays en d\u00e9veloppement r\u00e9clament leur place\"}]},{\"@type\":\"WebSite\",\"@id\":\"https:\\\/\\\/lasentinelle.dz\\\/#website\",\"url\":\"https:\\\/\\\/lasentinelle.dz\\\/\",\"name\":\"La Sentinelle\",\"description\":\"Quotidien national d&#039;information\",\"publisher\":{\"@id\":\"https:\\\/\\\/lasentinelle.dz\\\/#organization\"},\"potentialAction\":[{\"@type\":\"SearchAction\",\"target\":{\"@type\":\"EntryPoint\",\"urlTemplate\":\"https:\\\/\\\/lasentinelle.dz\\\/?s={search_term_string}\"},\"query-input\":{\"@type\":\"PropertyValueSpecification\",\"valueRequired\":true,\"valueName\":\"search_term_string\"}}],\"inLanguage\":\"fr-FR\"},{\"@type\":\"Organization\",\"@id\":\"https:\\\/\\\/lasentinelle.dz\\\/#organization\",\"name\":\"Quotidien La Sentinelle\",\"url\":\"https:\\\/\\\/lasentinelle.dz\\\/\",\"logo\":{\"@type\":\"ImageObject\",\"inLanguage\":\"fr-FR\",\"@id\":\"https:\\\/\\\/lasentinelle.dz\\\/#\\\/schema\\\/logo\\\/image\\\/\",\"url\":\"https:\\\/\\\/lasentinelle.dz\\\/wp-content\\\/uploads\\\/2021\\\/09\\\/logo-sentinelleSLOGAN-1.png\",\"contentUrl\":\"https:\\\/\\\/lasentinelle.dz\\\/wp-content\\\/uploads\\\/2021\\\/09\\\/logo-sentinelleSLOGAN-1.png\",\"width\":615,\"height\":142,\"caption\":\"Quotidien La Sentinelle\"},\"image\":{\"@id\":\"https:\\\/\\\/lasentinelle.dz\\\/#\\\/schema\\\/logo\\\/image\\\/\"},\"sameAs\":[\"https:\\\/\\\/www.facebook.com\\\/La-Sentinelle-104059864394773\"]},{\"@type\":\"Person\",\"@id\":\"https:\\\/\\\/lasentinelle.dz\\\/#\\\/schema\\\/person\\\/d865044e22e70a75174ce8bcad3acfb3\",\"name\":\"La Sentinelle\",\"image\":{\"@type\":\"ImageObject\",\"inLanguage\":\"fr-FR\",\"@id\":\"https:\\\/\\\/secure.gravatar.com\\\/avatar\\\/57de8e5d4b15d43fb361a71fbb36338450fe67865b528a43dd10ef7c51a20392?s=96&d=mm&r=g\",\"url\":\"https:\\\/\\\/secure.gravatar.com\\\/avatar\\\/57de8e5d4b15d43fb361a71fbb36338450fe67865b528a43dd10ef7c51a20392?s=96&d=mm&r=g\",\"contentUrl\":\"https:\\\/\\\/secure.gravatar.com\\\/avatar\\\/57de8e5d4b15d43fb361a71fbb36338450fe67865b528a43dd10ef7c51a20392?s=96&d=mm&r=g\",\"caption\":\"La Sentinelle\"},\"sameAs\":[\"http:\\\/\\\/www.lasentinelle.dz\"],\"url\":\"https:\\\/\\\/lasentinelle.dz\\\/author\\\/redaction\\\/\"}]}<\/script>\n<!-- \/ Yoast SEO plugin. -->","yoast_head_json":{"title":"R\u00e9forme du Conseil de s\u00e9curit\u00e9 de l\u2019ONU\u00a0: Les pays en d\u00e9veloppement r\u00e9clament leur place - La Sentinelle","robots":{"index":"index","follow":"follow","max-snippet":"max-snippet:-1","max-image-preview":"max-image-preview:large","max-video-preview":"max-video-preview:-1"},"canonical":"https:\/\/lasentinelle.dz\/index.php\/2023\/04\/25\/reforme-du-conseil-de-securite-de-lonu-les-pays-en-developpement-reclament-leur-place\/","og_locale":"fr_FR","og_type":"article","og_title":"R\u00e9forme du Conseil de s\u00e9curit\u00e9 de l\u2019ONU\u00a0: Les pays en d\u00e9veloppement r\u00e9clament leur place - La Sentinelle","og_description":"La plupart des pays de l&rsquo;ONU reconnaissent la n\u00e9cessit\u00e9 de r\u00e9former le Conseil de s\u00e9curit\u00e9, a d\u00e9clar\u00e9 cette semaine le","og_url":"https:\/\/lasentinelle.dz\/index.php\/2023\/04\/25\/reforme-du-conseil-de-securite-de-lonu-les-pays-en-developpement-reclament-leur-place\/","og_site_name":"La Sentinelle","article_publisher":"https:\/\/www.facebook.com\/La-Sentinelle-104059864394773","article_published_time":"2023-04-25T21:00:00+00:00","og_image":[{"width":640,"height":394,"url":"https:\/\/lasentinelle.dz\/wp-content\/uploads\/2023\/04\/image_2023-04-25_173322239.png","type":"image\/png"}],"author":"La Sentinelle","twitter_card":"summary_large_image","twitter_misc":{"\u00c9crit par":"La Sentinelle","Dur\u00e9e de lecture estim\u00e9e":"2 minutes"},"schema":{"@context":"https:\/\/schema.org","@graph":[{"@type":"Article","@id":"https:\/\/lasentinelle.dz\/index.php\/2023\/04\/25\/reforme-du-conseil-de-securite-de-lonu-les-pays-en-developpement-reclament-leur-place\/#article","isPartOf":{"@id":"https:\/\/lasentinelle.dz\/index.php\/2023\/04\/25\/reforme-du-conseil-de-securite-de-lonu-les-pays-en-developpement-reclament-leur-place\/"},"author":{"name":"La Sentinelle","@id":"https:\/\/lasentinelle.dz\/#\/schema\/person\/d865044e22e70a75174ce8bcad3acfb3"},"headline":"R\u00e9forme du Conseil de s\u00e9curit\u00e9 de l\u2019ONU\u00a0: Les pays en d\u00e9veloppement r\u00e9clament leur place","datePublished":"2023-04-25T21:00:00+00:00","mainEntityOfPage":{"@id":"https:\/\/lasentinelle.dz\/index.php\/2023\/04\/25\/reforme-du-conseil-de-securite-de-lonu-les-pays-en-developpement-reclament-leur-place\/"},"wordCount":436,"commentCount":0,"publisher":{"@id":"https:\/\/lasentinelle.dz\/#organization"},"image":{"@id":"https:\/\/lasentinelle.dz\/index.php\/2023\/04\/25\/reforme-du-conseil-de-securite-de-lonu-les-pays-en-developpement-reclament-leur-place\/#primaryimage"},"thumbnailUrl":"https:\/\/lasentinelle.dz\/wp-content\/uploads\/2023\/04\/image_2023-04-25_173322239.png","articleSection":["Monde"],"inLanguage":"fr-FR","potentialAction":[{"@type":"CommentAction","name":"Comment","target":["https:\/\/lasentinelle.dz\/index.php\/2023\/04\/25\/reforme-du-conseil-de-securite-de-lonu-les-pays-en-developpement-reclament-leur-place\/#respond"]}]},{"@type":"WebPage","@id":"https:\/\/lasentinelle.dz\/index.php\/2023\/04\/25\/reforme-du-conseil-de-securite-de-lonu-les-pays-en-developpement-reclament-leur-place\/","url":"https:\/\/lasentinelle.dz\/index.php\/2023\/04\/25\/reforme-du-conseil-de-securite-de-lonu-les-pays-en-developpement-reclament-leur-place\/","name":"R\u00e9forme du Conseil de s\u00e9curit\u00e9 de l\u2019ONU\u00a0: Les pays en d\u00e9veloppement r\u00e9clament leur place - La Sentinelle","isPartOf":{"@id":"https:\/\/lasentinelle.dz\/#website"},"primaryImageOfPage":{"@id":"https:\/\/lasentinelle.dz\/index.php\/2023\/04\/25\/reforme-du-conseil-de-securite-de-lonu-les-pays-en-developpement-reclament-leur-place\/#primaryimage"},"image":{"@id":"https:\/\/lasentinelle.dz\/index.php\/2023\/04\/25\/reforme-du-conseil-de-securite-de-lonu-les-pays-en-developpement-reclament-leur-place\/#primaryimage"},"thumbnailUrl":"https:\/\/lasentinelle.dz\/wp-content\/uploads\/2023\/04\/image_2023-04-25_173322239.png","datePublished":"2023-04-25T21:00:00+00:00","breadcrumb":{"@id":"https:\/\/lasentinelle.dz\/index.php\/2023\/04\/25\/reforme-du-conseil-de-securite-de-lonu-les-pays-en-developpement-reclament-leur-place\/#breadcrumb"},"inLanguage":"fr-FR","potentialAction":[{"@type":"ReadAction","target":["https:\/\/lasentinelle.dz\/index.php\/2023\/04\/25\/reforme-du-conseil-de-securite-de-lonu-les-pays-en-developpement-reclament-leur-place\/"]}]},{"@type":"ImageObject","inLanguage":"fr-FR","@id":"https:\/\/lasentinelle.dz\/index.php\/2023\/04\/25\/reforme-du-conseil-de-securite-de-lonu-les-pays-en-developpement-reclament-leur-place\/#primaryimage","url":"https:\/\/lasentinelle.dz\/wp-content\/uploads\/2023\/04\/image_2023-04-25_173322239.png","contentUrl":"https:\/\/lasentinelle.dz\/wp-content\/uploads\/2023\/04\/image_2023-04-25_173322239.png","width":640,"height":394},{"@type":"BreadcrumbList","@id":"https:\/\/lasentinelle.dz\/index.php\/2023\/04\/25\/reforme-du-conseil-de-securite-de-lonu-les-pays-en-developpement-reclament-leur-place\/#breadcrumb","itemListElement":[{"@type":"ListItem","position":1,"name":"Accueil","item":"https:\/\/lasentinelle.dz\/"},{"@type":"ListItem","position":2,"name":"R\u00e9forme du Conseil de s\u00e9curit\u00e9 de l\u2019ONU\u00a0: Les pays en d\u00e9veloppement r\u00e9clament leur place"}]},{"@type":"WebSite","@id":"https:\/\/lasentinelle.dz\/#website","url":"https:\/\/lasentinelle.dz\/","name":"La Sentinelle","description":"Quotidien national d&#039;information","publisher":{"@id":"https:\/\/lasentinelle.dz\/#organization"},"potentialAction":[{"@type":"SearchAction","target":{"@type":"EntryPoint","urlTemplate":"https:\/\/lasentinelle.dz\/?s={search_term_string}"},"query-input":{"@type":"PropertyValueSpecification","valueRequired":true,"valueName":"search_term_string"}}],"inLanguage":"fr-FR"},{"@type":"Organization","@id":"https:\/\/lasentinelle.dz\/#organization","name":"Quotidien La Sentinelle","url":"https:\/\/lasentinelle.dz\/","logo":{"@type":"ImageObject","inLanguage":"fr-FR","@id":"https:\/\/lasentinelle.dz\/#\/schema\/logo\/image\/","url":"https:\/\/lasentinelle.dz\/wp-content\/uploads\/2021\/09\/logo-sentinelleSLOGAN-1.png","contentUrl":"https:\/\/lasentinelle.dz\/wp-content\/uploads\/2021\/09\/logo-sentinelleSLOGAN-1.png","width":615,"height":142,"caption":"Quotidien La Sentinelle"},"image":{"@id":"https:\/\/lasentinelle.dz\/#\/schema\/logo\/image\/"},"sameAs":["https:\/\/www.facebook.com\/La-Sentinelle-104059864394773"]},{"@type":"Person","@id":"https:\/\/lasentinelle.dz\/#\/schema\/person\/d865044e22e70a75174ce8bcad3acfb3","name":"La Sentinelle","image":{"@type":"ImageObject","inLanguage":"fr-FR","@id":"https:\/\/secure.gravatar.com\/avatar\/57de8e5d4b15d43fb361a71fbb36338450fe67865b528a43dd10ef7c51a20392?s=96&d=mm&r=g","url":"https:\/\/secure.gravatar.com\/avatar\/57de8e5d4b15d43fb361a71fbb36338450fe67865b528a43dd10ef7c51a20392?s=96&d=mm&r=g","contentUrl":"https:\/\/secure.gravatar.com\/avatar\/57de8e5d4b15d43fb361a71fbb36338450fe67865b528a43dd10ef7c51a20392?s=96&d=mm&r=g","caption":"La Sentinelle"},"sameAs":["http:\/\/www.lasentinelle.dz"],"url":"https:\/\/lasentinelle.dz\/author\/redaction\/"}]}},"_links":{"self":[{"href":"https:\/\/lasentinelle.dz\/index.php\/wp-json\/wp\/v2\/posts\/40038","targetHints":{"allow":["GET"]}}],"collection":[{"href":"https:\/\/lasentinelle.dz\/index.php\/wp-json\/wp\/v2\/posts"}],"about":[{"href":"https:\/\/lasentinelle.dz\/index.php\/wp-json\/wp\/v2\/types\/post"}],"author":[{"embeddable":true,"href":"https:\/\/lasentinelle.dz\/index.php\/wp-json\/wp\/v2\/users\/3"}],"replies":[{"embeddable":true,"href":"https:\/\/lasentinelle.dz\/index.php\/wp-json\/wp\/v2\/comments?post=40038"}],"version-history":[{"count":1,"href":"https:\/\/lasentinelle.dz\/index.php\/wp-json\/wp\/v2\/posts\/40038\/revisions"}],"predecessor-version":[{"id":40047,"href":"https:\/\/lasentinelle.dz\/index.php\/wp-json\/wp\/v2\/posts\/40038\/revisions\/40047"}],"wp:featuredmedia":[{"embeddable":true,"href":"https:\/\/lasentinelle.dz\/index.php\/wp-json\/wp\/v2\/media\/40046"}],"wp:attachment":[{"href":"https:\/\/lasentinelle.dz\/index.php\/wp-json\/wp\/v2\/media?parent=40038"}],"wp:term":[{"taxonomy":"category","embeddable":true,"href":"https:\/\/lasentinelle.dz\/index.php\/wp-json\/wp\/v2\/categories?post=40038"},{"taxonomy":"post_tag","embeddable":true,"href":"https:\/\/lasentinelle.dz\/index.php\/wp-json\/wp\/v2\/tags?post=40038"}],"curies":[{"name":"wp","href":"https:\/\/api.w.org\/{rel}","templated":true}]}}