{"id":40041,"date":"2023-04-25T22:05:00","date_gmt":"2023-04-25T21:05:00","guid":{"rendered":"https:\/\/lasentinelle.dz\/?p=40041"},"modified":"2023-04-25T17:31:12","modified_gmt":"2023-04-25T16:31:12","slug":"crise-au-soudan-le-cessez-le-feu-globalement-respecte-a-khartoum","status":"publish","type":"post","link":"https:\/\/lasentinelle.dz\/index.php\/2023\/04\/25\/crise-au-soudan-le-cessez-le-feu-globalement-respecte-a-khartoum\/","title":{"rendered":"Crise au Soudan\u00a0: Le cessez-le-feu globalement respect\u00e9 \u00e0 Khartoum"},"content":{"rendered":"\n<p>La situation au Soudan a d\u00e9g\u00e9n\u00e9r\u00e9 en raison d&rsquo;un d\u00e9saccord entre le commandant de l&rsquo;arm\u00e9e Abdel Fattah al-Burhan, qui dirige \u00e9galement le Conseil de souverainet\u00e9, l&rsquo;organe directeur, et le commandant des Forces de soutien rapide (FSR, paramilitaires), Mohamed Hamdan Dogolo, qui est son adjoint au sein du Conseil.<\/p>\n\n\n\n<p>Un cessez-le-feu de 72 heures conclu au Soudan entre les bellig\u00e9rants sous l&rsquo;\u00e9gide des Etats-Unis \u00e9tait globalement respect\u00e9 hier \u00e0 Khartoum, apr\u00e8s 10 jours de combats qui ont fait des centaines de morts et pouss\u00e9 des dizaines de milliers d&rsquo;habitants au d\u00e9part. Dans la capitale, les explosions et les tirs se sont faits rares jusqu&rsquo;\u00e0 la mi-journ\u00e9e alors que, comme \u00e0 chaque annonce de tr\u00eave, les paramilitaires du g\u00e9n\u00e9ral Mohamed Hamdane Daglo, ont accus\u00e9 l&rsquo;arm\u00e9e du g\u00e9n\u00e9ral rival Abdel Fattah al-Burhane, de continuer \u00e0 survoler Khartoum. En revanche, il \u00e9tait impossible dans l&rsquo;imm\u00e9diat de savoir si les violents combats qui faisaient rage dans la vaste r\u00e9gion du Darfour, dans l&rsquo;ouest du Soudan, depuis le d\u00e9but des hostilit\u00e9s le 15 avril avaient baiss\u00e9 en intensit\u00e9. L&rsquo;Organisation mondiale de la sant\u00e9 (OMS) s&rsquo;est en outre inqui\u00e9t\u00e9e de risques biologiques \u00ab\u00a0tr\u00e8s \u00e9lev\u00e9s\u00a0\u00bb apr\u00e8s l&rsquo;occupation \u00ab\u00a0par des bellig\u00e9rants\u00a0\u00bb d&rsquo;un \u00ab\u00a0laboratoire public de sant\u00e9\u00a0\u00bb, o\u00f9 l&rsquo;on pouvait trouver des agents pathog\u00e8nes de la rougeole, du chol\u00e9ra et de la poliomy\u00e9lite. Plus de 420 personnes ont \u00e9t\u00e9 tu\u00e9es et des milliers bless\u00e9es depuis mi-avril au Soudan, selon l&rsquo;ONU, mais \u00ab\u00a0apr\u00e8s d&rsquo;intenses n\u00e9gociations\u00a0\u00bb, l&rsquo;arm\u00e9e soudanaise et les Forces de soutien rapide (FSR) \u00ab\u00a0ont accept\u00e9 un cessez-le-feu dans tout le pays\u00a0\u00bb, a affirm\u00e9 le secr\u00e9taire d&rsquo;Etat am\u00e9ricain Antony Blinken peu avant l&rsquo;entr\u00e9e en vigueur de la tr\u00eave \u00e0 minuit (22H00 GMT lundi). L&rsquo;arm\u00e9e et les paramilitaires ont confirm\u00e9 une \u00ab\u00a0tr\u00eave d\u00e9di\u00e9e \u00e0 l&rsquo;ouverture de couloirs humanitaires\u00a0\u00bb. Profitant de cette potentielle accalmie, jusqu&rsquo;\u00e0 270.000 personnes pourraient encore fuir au Tchad et au Soudan du Sud voisins, a alert\u00e9 hier l&rsquo;agence de l&rsquo;ONU pour les r\u00e9fugi\u00e9s (HCR). &nbsp;Khaled Omar Youssef, des Forces de la libert\u00e9 et du changement (FLC), le bloc civil limog\u00e9 par le putsch men\u00e9 en 2021 par les deux g\u00e9n\u00e9raux alors alli\u00e9s, a d\u00e9clar\u00e9 \u00e0 l&rsquo;AFP se f\u00e9liciter \u00ab\u00a0d&rsquo;une m\u00e9diation am\u00e9ricaine\u00a0\u00bb qui a \u00e9tabli, avec les civils, \u00ab\u00a0des contacts avec l&rsquo;arm\u00e9e et les FSR\u00a0\u00bb en vue \u00ab\u00a0de cette tr\u00eave humanitaire\u00a0\u00bb. \u00ab\u00a0Elle permettra un dialogue sur les modalit\u00e9s d&rsquo;un cessez-le-feu d\u00e9finitif\u00a0\u00bb, a-t-il pr\u00e9cis\u00e9. M. Blinken a dit lui travailler avec des alli\u00e9s \u00e0 une \u00ab\u00a0commission\u00a0\u00bb charg\u00e9e de n\u00e9gocier la cessation permanente des hostilit\u00e9s au Soudan. L&rsquo;arm\u00e9e a \u00e9voqu\u00e9 une m\u00e9diation \u00ab\u00a0saoudo-am\u00e9ricaine\u00a0\u00bb. Le conflit risque d'\u00a0\u00bbenvahir toute la r\u00e9gion et au-del\u00e0\u00a0\u00bb, a pr\u00e9venu le secr\u00e9taire g\u00e9n\u00e9ral de l&rsquo;ONU, Antonio Guterres. Le Conseil de s\u00e9curit\u00e9 devait se r\u00e9unir hier soir au sujet du conflit. Le chef de la diplomatie de l&rsquo;UE Josep Borrell s&rsquo;est f\u00e9licit\u00e9 de la tr\u00eave, exhortant \u00ab\u00a0les deux parties \u00e0 la respecter pleinement\u00a0\u00bb. En attendant, les d\u00e9parts des \u00e9trangers se poursuivent. Environ 700 employ\u00e9s internationaux de l&rsquo;ONU, d&rsquo;ONG et d&rsquo;ambassades \u00ab\u00a0ont \u00e9t\u00e9 \u00e9vacu\u00e9s vers Port-Soudan\u00a0\u00bb, a indiqu\u00e9 l&rsquo;ONU. Des dizaines d&rsquo;autres employ\u00e9s humanitaires ont \u00e9t\u00e9 \u00e9vacu\u00e9s vers le Tchad depuis le Darfour, la r\u00e9gion la plus touch\u00e9e par les combats avec Khartoum. \u00ab\u00a0Alors que les \u00e9trangers qui le peuvent s&rsquo;enfuient, l&rsquo;impact des violences sur une situation humanitaire d\u00e9j\u00e0 critique s&rsquo;aggrave\u00a0\u00bb, pr\u00e9vient l&rsquo;ONU, dont les agences ont suspendu leurs activit\u00e9s. Cinq humanitaires ont \u00e9t\u00e9 tu\u00e9s et, selon le syndicat des m\u00e9decins, pr\u00e8s des trois quarts des h\u00f4pitaux sont hors service.<\/p>\n\n\n\n<p>K.L. et agences<\/p>\n","protected":false},"excerpt":{"rendered":"<p>La situation au Soudan a d\u00e9g\u00e9n\u00e9r\u00e9 en raison d&rsquo;un d\u00e9saccord entre le commandant de l&rsquo;arm\u00e9e Abdel Fattah al-Burhan, qui dirige<\/p>\n","protected":false},"author":3,"featured_media":40042,"comment_status":"open","ping_status":"closed","sticky":false,"template":"","format":"standard","meta":{"colormag_page_container_layout":"default_layout","colormag_page_sidebar_layout":"default_layout","om_disable_all_campaigns":false,"_monsterinsights_skip_tracking":false,"_monsterinsights_sitenote_active":false,"_monsterinsights_sitenote_note":"","_monsterinsights_sitenote_category":0,"footnotes":"","_wpscppro_dont_share_socialmedia":false,"_wpscppro_custom_social_share_image":0,"_facebook_share_type":"","_twitter_share_type":"","_linkedin_share_type":"","_pinterest_share_type":"","_linkedin_share_type_page":"","_instagram_share_type":"","_medium_share_type":"","_threads_share_type":"","_google_business_share_type":"","_selected_social_profile":[],"_wpsp_enable_custom_social_template":false,"_wpsp_social_scheduling":{"enabled":false,"datetime":null,"platforms":[],"status":"template_only","dateOption":"today","timeOption":"now","customDays":"","customHours":"","customDate":"","customTime":"","schedulingType":"absolute"},"_wpsp_active_default_template":true},"categories":[37],"tags":[],"class_list":["post-40041","post","type-post","status-publish","format-standard","has-post-thumbnail","hentry","category-monde"],"aioseo_notices":[],"yoast_head":"<!-- This site is optimized with the Yoast SEO plugin v27.5 - https:\/\/yoast.com\/product\/yoast-seo-wordpress\/ -->\n<title>Crise au Soudan\u00a0: Le cessez-le-feu globalement respect\u00e9 \u00e0 Khartoum - La Sentinelle<\/title>\n<meta name=\"robots\" content=\"index, follow, max-snippet:-1, max-image-preview:large, max-video-preview:-1\" \/>\n<link rel=\"canonical\" href=\"https:\/\/lasentinelle.dz\/index.php\/2023\/04\/25\/crise-au-soudan-le-cessez-le-feu-globalement-respecte-a-khartoum\/\" \/>\n<meta property=\"og:locale\" content=\"fr_FR\" \/>\n<meta property=\"og:type\" content=\"article\" \/>\n<meta property=\"og:title\" content=\"Crise au Soudan\u00a0: Le cessez-le-feu globalement respect\u00e9 \u00e0 Khartoum - La Sentinelle\" \/>\n<meta property=\"og:description\" content=\"La situation au Soudan a d\u00e9g\u00e9n\u00e9r\u00e9 en raison d&rsquo;un d\u00e9saccord entre le commandant de l&rsquo;arm\u00e9e Abdel Fattah al-Burhan, qui dirige\" \/>\n<meta property=\"og:url\" content=\"https:\/\/lasentinelle.dz\/index.php\/2023\/04\/25\/crise-au-soudan-le-cessez-le-feu-globalement-respecte-a-khartoum\/\" \/>\n<meta property=\"og:site_name\" content=\"La Sentinelle\" \/>\n<meta property=\"article:publisher\" content=\"https:\/\/www.facebook.com\/La-Sentinelle-104059864394773\" \/>\n<meta property=\"article:published_time\" content=\"2023-04-25T21:05:00+00:00\" \/>\n<meta property=\"og:image\" content=\"https:\/\/lasentinelle.dz\/wp-content\/uploads\/2023\/04\/soudan-2.png\" \/>\n\t<meta property=\"og:image:width\" content=\"1350\" \/>\n\t<meta property=\"og:image:height\" content=\"900\" \/>\n\t<meta property=\"og:image:type\" content=\"image\/png\" \/>\n<meta name=\"author\" content=\"La Sentinelle\" \/>\n<meta name=\"twitter:card\" content=\"summary_large_image\" \/>\n<meta name=\"twitter:label1\" content=\"\u00c9crit par\" \/>\n\t<meta name=\"twitter:data1\" content=\"La Sentinelle\" \/>\n\t<meta name=\"twitter:label2\" content=\"Dur\u00e9e de lecture estim\u00e9e\" \/>\n\t<meta name=\"twitter:data2\" content=\"3 minutes\" \/>\n<script type=\"application\/ld+json\" class=\"yoast-schema-graph\">{\"@context\":\"https:\\\/\\\/schema.org\",\"@graph\":[{\"@type\":\"Article\",\"@id\":\"https:\\\/\\\/lasentinelle.dz\\\/index.php\\\/2023\\\/04\\\/25\\\/crise-au-soudan-le-cessez-le-feu-globalement-respecte-a-khartoum\\\/#article\",\"isPartOf\":{\"@id\":\"https:\\\/\\\/lasentinelle.dz\\\/index.php\\\/2023\\\/04\\\/25\\\/crise-au-soudan-le-cessez-le-feu-globalement-respecte-a-khartoum\\\/\"},\"author\":{\"name\":\"La Sentinelle\",\"@id\":\"https:\\\/\\\/lasentinelle.dz\\\/#\\\/schema\\\/person\\\/d865044e22e70a75174ce8bcad3acfb3\"},\"headline\":\"Crise au Soudan\u00a0: Le cessez-le-feu globalement respect\u00e9 \u00e0 Khartoum\",\"datePublished\":\"2023-04-25T21:05:00+00:00\",\"mainEntityOfPage\":{\"@id\":\"https:\\\/\\\/lasentinelle.dz\\\/index.php\\\/2023\\\/04\\\/25\\\/crise-au-soudan-le-cessez-le-feu-globalement-respecte-a-khartoum\\\/\"},\"wordCount\":683,\"commentCount\":0,\"publisher\":{\"@id\":\"https:\\\/\\\/lasentinelle.dz\\\/#organization\"},\"image\":{\"@id\":\"https:\\\/\\\/lasentinelle.dz\\\/index.php\\\/2023\\\/04\\\/25\\\/crise-au-soudan-le-cessez-le-feu-globalement-respecte-a-khartoum\\\/#primaryimage\"},\"thumbnailUrl\":\"https:\\\/\\\/lasentinelle.dz\\\/wp-content\\\/uploads\\\/2023\\\/04\\\/soudan-2.png\",\"articleSection\":[\"Monde\"],\"inLanguage\":\"fr-FR\",\"potentialAction\":[{\"@type\":\"CommentAction\",\"name\":\"Comment\",\"target\":[\"https:\\\/\\\/lasentinelle.dz\\\/index.php\\\/2023\\\/04\\\/25\\\/crise-au-soudan-le-cessez-le-feu-globalement-respecte-a-khartoum\\\/#respond\"]}]},{\"@type\":\"WebPage\",\"@id\":\"https:\\\/\\\/lasentinelle.dz\\\/index.php\\\/2023\\\/04\\\/25\\\/crise-au-soudan-le-cessez-le-feu-globalement-respecte-a-khartoum\\\/\",\"url\":\"https:\\\/\\\/lasentinelle.dz\\\/index.php\\\/2023\\\/04\\\/25\\\/crise-au-soudan-le-cessez-le-feu-globalement-respecte-a-khartoum\\\/\",\"name\":\"Crise au Soudan\u00a0: Le cessez-le-feu globalement respect\u00e9 \u00e0 Khartoum - La Sentinelle\",\"isPartOf\":{\"@id\":\"https:\\\/\\\/lasentinelle.dz\\\/#website\"},\"primaryImageOfPage\":{\"@id\":\"https:\\\/\\\/lasentinelle.dz\\\/index.php\\\/2023\\\/04\\\/25\\\/crise-au-soudan-le-cessez-le-feu-globalement-respecte-a-khartoum\\\/#primaryimage\"},\"image\":{\"@id\":\"https:\\\/\\\/lasentinelle.dz\\\/index.php\\\/2023\\\/04\\\/25\\\/crise-au-soudan-le-cessez-le-feu-globalement-respecte-a-khartoum\\\/#primaryimage\"},\"thumbnailUrl\":\"https:\\\/\\\/lasentinelle.dz\\\/wp-content\\\/uploads\\\/2023\\\/04\\\/soudan-2.png\",\"datePublished\":\"2023-04-25T21:05:00+00:00\",\"breadcrumb\":{\"@id\":\"https:\\\/\\\/lasentinelle.dz\\\/index.php\\\/2023\\\/04\\\/25\\\/crise-au-soudan-le-cessez-le-feu-globalement-respecte-a-khartoum\\\/#breadcrumb\"},\"inLanguage\":\"fr-FR\",\"potentialAction\":[{\"@type\":\"ReadAction\",\"target\":[\"https:\\\/\\\/lasentinelle.dz\\\/index.php\\\/2023\\\/04\\\/25\\\/crise-au-soudan-le-cessez-le-feu-globalement-respecte-a-khartoum\\\/\"]}]},{\"@type\":\"ImageObject\",\"inLanguage\":\"fr-FR\",\"@id\":\"https:\\\/\\\/lasentinelle.dz\\\/index.php\\\/2023\\\/04\\\/25\\\/crise-au-soudan-le-cessez-le-feu-globalement-respecte-a-khartoum\\\/#primaryimage\",\"url\":\"https:\\\/\\\/lasentinelle.dz\\\/wp-content\\\/uploads\\\/2023\\\/04\\\/soudan-2.png\",\"contentUrl\":\"https:\\\/\\\/lasentinelle.dz\\\/wp-content\\\/uploads\\\/2023\\\/04\\\/soudan-2.png\",\"width\":1350,\"height\":900},{\"@type\":\"BreadcrumbList\",\"@id\":\"https:\\\/\\\/lasentinelle.dz\\\/index.php\\\/2023\\\/04\\\/25\\\/crise-au-soudan-le-cessez-le-feu-globalement-respecte-a-khartoum\\\/#breadcrumb\",\"itemListElement\":[{\"@type\":\"ListItem\",\"position\":1,\"name\":\"Accueil\",\"item\":\"https:\\\/\\\/lasentinelle.dz\\\/\"},{\"@type\":\"ListItem\",\"position\":2,\"name\":\"Crise au Soudan\u00a0: Le cessez-le-feu globalement respect\u00e9 \u00e0 Khartoum\"}]},{\"@type\":\"WebSite\",\"@id\":\"https:\\\/\\\/lasentinelle.dz\\\/#website\",\"url\":\"https:\\\/\\\/lasentinelle.dz\\\/\",\"name\":\"La Sentinelle\",\"description\":\"Quotidien national d&#039;information\",\"publisher\":{\"@id\":\"https:\\\/\\\/lasentinelle.dz\\\/#organization\"},\"potentialAction\":[{\"@type\":\"SearchAction\",\"target\":{\"@type\":\"EntryPoint\",\"urlTemplate\":\"https:\\\/\\\/lasentinelle.dz\\\/?s={search_term_string}\"},\"query-input\":{\"@type\":\"PropertyValueSpecification\",\"valueRequired\":true,\"valueName\":\"search_term_string\"}}],\"inLanguage\":\"fr-FR\"},{\"@type\":\"Organization\",\"@id\":\"https:\\\/\\\/lasentinelle.dz\\\/#organization\",\"name\":\"Quotidien La Sentinelle\",\"url\":\"https:\\\/\\\/lasentinelle.dz\\\/\",\"logo\":{\"@type\":\"ImageObject\",\"inLanguage\":\"fr-FR\",\"@id\":\"https:\\\/\\\/lasentinelle.dz\\\/#\\\/schema\\\/logo\\\/image\\\/\",\"url\":\"https:\\\/\\\/lasentinelle.dz\\\/wp-content\\\/uploads\\\/2021\\\/09\\\/logo-sentinelleSLOGAN-1.png\",\"contentUrl\":\"https:\\\/\\\/lasentinelle.dz\\\/wp-content\\\/uploads\\\/2021\\\/09\\\/logo-sentinelleSLOGAN-1.png\",\"width\":615,\"height\":142,\"caption\":\"Quotidien La Sentinelle\"},\"image\":{\"@id\":\"https:\\\/\\\/lasentinelle.dz\\\/#\\\/schema\\\/logo\\\/image\\\/\"},\"sameAs\":[\"https:\\\/\\\/www.facebook.com\\\/La-Sentinelle-104059864394773\"]},{\"@type\":\"Person\",\"@id\":\"https:\\\/\\\/lasentinelle.dz\\\/#\\\/schema\\\/person\\\/d865044e22e70a75174ce8bcad3acfb3\",\"name\":\"La Sentinelle\",\"image\":{\"@type\":\"ImageObject\",\"inLanguage\":\"fr-FR\",\"@id\":\"https:\\\/\\\/secure.gravatar.com\\\/avatar\\\/57de8e5d4b15d43fb361a71fbb36338450fe67865b528a43dd10ef7c51a20392?s=96&d=mm&r=g\",\"url\":\"https:\\\/\\\/secure.gravatar.com\\\/avatar\\\/57de8e5d4b15d43fb361a71fbb36338450fe67865b528a43dd10ef7c51a20392?s=96&d=mm&r=g\",\"contentUrl\":\"https:\\\/\\\/secure.gravatar.com\\\/avatar\\\/57de8e5d4b15d43fb361a71fbb36338450fe67865b528a43dd10ef7c51a20392?s=96&d=mm&r=g\",\"caption\":\"La Sentinelle\"},\"sameAs\":[\"http:\\\/\\\/www.lasentinelle.dz\"],\"url\":\"https:\\\/\\\/lasentinelle.dz\\\/author\\\/redaction\\\/\"}]}<\/script>\n<!-- \/ Yoast SEO plugin. -->","yoast_head_json":{"title":"Crise au Soudan\u00a0: Le cessez-le-feu globalement respect\u00e9 \u00e0 Khartoum - La Sentinelle","robots":{"index":"index","follow":"follow","max-snippet":"max-snippet:-1","max-image-preview":"max-image-preview:large","max-video-preview":"max-video-preview:-1"},"canonical":"https:\/\/lasentinelle.dz\/index.php\/2023\/04\/25\/crise-au-soudan-le-cessez-le-feu-globalement-respecte-a-khartoum\/","og_locale":"fr_FR","og_type":"article","og_title":"Crise au Soudan\u00a0: Le cessez-le-feu globalement respect\u00e9 \u00e0 Khartoum - La Sentinelle","og_description":"La situation au Soudan a d\u00e9g\u00e9n\u00e9r\u00e9 en raison d&rsquo;un d\u00e9saccord entre le commandant de l&rsquo;arm\u00e9e Abdel Fattah al-Burhan, qui dirige","og_url":"https:\/\/lasentinelle.dz\/index.php\/2023\/04\/25\/crise-au-soudan-le-cessez-le-feu-globalement-respecte-a-khartoum\/","og_site_name":"La Sentinelle","article_publisher":"https:\/\/www.facebook.com\/La-Sentinelle-104059864394773","article_published_time":"2023-04-25T21:05:00+00:00","og_image":[{"width":1350,"height":900,"url":"https:\/\/lasentinelle.dz\/wp-content\/uploads\/2023\/04\/soudan-2.png","type":"image\/png"}],"author":"La Sentinelle","twitter_card":"summary_large_image","twitter_misc":{"\u00c9crit par":"La Sentinelle","Dur\u00e9e de lecture estim\u00e9e":"3 minutes"},"schema":{"@context":"https:\/\/schema.org","@graph":[{"@type":"Article","@id":"https:\/\/lasentinelle.dz\/index.php\/2023\/04\/25\/crise-au-soudan-le-cessez-le-feu-globalement-respecte-a-khartoum\/#article","isPartOf":{"@id":"https:\/\/lasentinelle.dz\/index.php\/2023\/04\/25\/crise-au-soudan-le-cessez-le-feu-globalement-respecte-a-khartoum\/"},"author":{"name":"La Sentinelle","@id":"https:\/\/lasentinelle.dz\/#\/schema\/person\/d865044e22e70a75174ce8bcad3acfb3"},"headline":"Crise au Soudan\u00a0: Le cessez-le-feu globalement respect\u00e9 \u00e0 Khartoum","datePublished":"2023-04-25T21:05:00+00:00","mainEntityOfPage":{"@id":"https:\/\/lasentinelle.dz\/index.php\/2023\/04\/25\/crise-au-soudan-le-cessez-le-feu-globalement-respecte-a-khartoum\/"},"wordCount":683,"commentCount":0,"publisher":{"@id":"https:\/\/lasentinelle.dz\/#organization"},"image":{"@id":"https:\/\/lasentinelle.dz\/index.php\/2023\/04\/25\/crise-au-soudan-le-cessez-le-feu-globalement-respecte-a-khartoum\/#primaryimage"},"thumbnailUrl":"https:\/\/lasentinelle.dz\/wp-content\/uploads\/2023\/04\/soudan-2.png","articleSection":["Monde"],"inLanguage":"fr-FR","potentialAction":[{"@type":"CommentAction","name":"Comment","target":["https:\/\/lasentinelle.dz\/index.php\/2023\/04\/25\/crise-au-soudan-le-cessez-le-feu-globalement-respecte-a-khartoum\/#respond"]}]},{"@type":"WebPage","@id":"https:\/\/lasentinelle.dz\/index.php\/2023\/04\/25\/crise-au-soudan-le-cessez-le-feu-globalement-respecte-a-khartoum\/","url":"https:\/\/lasentinelle.dz\/index.php\/2023\/04\/25\/crise-au-soudan-le-cessez-le-feu-globalement-respecte-a-khartoum\/","name":"Crise au Soudan\u00a0: Le cessez-le-feu globalement respect\u00e9 \u00e0 Khartoum - La Sentinelle","isPartOf":{"@id":"https:\/\/lasentinelle.dz\/#website"},"primaryImageOfPage":{"@id":"https:\/\/lasentinelle.dz\/index.php\/2023\/04\/25\/crise-au-soudan-le-cessez-le-feu-globalement-respecte-a-khartoum\/#primaryimage"},"image":{"@id":"https:\/\/lasentinelle.dz\/index.php\/2023\/04\/25\/crise-au-soudan-le-cessez-le-feu-globalement-respecte-a-khartoum\/#primaryimage"},"thumbnailUrl":"https:\/\/lasentinelle.dz\/wp-content\/uploads\/2023\/04\/soudan-2.png","datePublished":"2023-04-25T21:05:00+00:00","breadcrumb":{"@id":"https:\/\/lasentinelle.dz\/index.php\/2023\/04\/25\/crise-au-soudan-le-cessez-le-feu-globalement-respecte-a-khartoum\/#breadcrumb"},"inLanguage":"fr-FR","potentialAction":[{"@type":"ReadAction","target":["https:\/\/lasentinelle.dz\/index.php\/2023\/04\/25\/crise-au-soudan-le-cessez-le-feu-globalement-respecte-a-khartoum\/"]}]},{"@type":"ImageObject","inLanguage":"fr-FR","@id":"https:\/\/lasentinelle.dz\/index.php\/2023\/04\/25\/crise-au-soudan-le-cessez-le-feu-globalement-respecte-a-khartoum\/#primaryimage","url":"https:\/\/lasentinelle.dz\/wp-content\/uploads\/2023\/04\/soudan-2.png","contentUrl":"https:\/\/lasentinelle.dz\/wp-content\/uploads\/2023\/04\/soudan-2.png","width":1350,"height":900},{"@type":"BreadcrumbList","@id":"https:\/\/lasentinelle.dz\/index.php\/2023\/04\/25\/crise-au-soudan-le-cessez-le-feu-globalement-respecte-a-khartoum\/#breadcrumb","itemListElement":[{"@type":"ListItem","position":1,"name":"Accueil","item":"https:\/\/lasentinelle.dz\/"},{"@type":"ListItem","position":2,"name":"Crise au Soudan\u00a0: Le cessez-le-feu globalement respect\u00e9 \u00e0 Khartoum"}]},{"@type":"WebSite","@id":"https:\/\/lasentinelle.dz\/#website","url":"https:\/\/lasentinelle.dz\/","name":"La Sentinelle","description":"Quotidien national d&#039;information","publisher":{"@id":"https:\/\/lasentinelle.dz\/#organization"},"potentialAction":[{"@type":"SearchAction","target":{"@type":"EntryPoint","urlTemplate":"https:\/\/lasentinelle.dz\/?s={search_term_string}"},"query-input":{"@type":"PropertyValueSpecification","valueRequired":true,"valueName":"search_term_string"}}],"inLanguage":"fr-FR"},{"@type":"Organization","@id":"https:\/\/lasentinelle.dz\/#organization","name":"Quotidien La Sentinelle","url":"https:\/\/lasentinelle.dz\/","logo":{"@type":"ImageObject","inLanguage":"fr-FR","@id":"https:\/\/lasentinelle.dz\/#\/schema\/logo\/image\/","url":"https:\/\/lasentinelle.dz\/wp-content\/uploads\/2021\/09\/logo-sentinelleSLOGAN-1.png","contentUrl":"https:\/\/lasentinelle.dz\/wp-content\/uploads\/2021\/09\/logo-sentinelleSLOGAN-1.png","width":615,"height":142,"caption":"Quotidien La Sentinelle"},"image":{"@id":"https:\/\/lasentinelle.dz\/#\/schema\/logo\/image\/"},"sameAs":["https:\/\/www.facebook.com\/La-Sentinelle-104059864394773"]},{"@type":"Person","@id":"https:\/\/lasentinelle.dz\/#\/schema\/person\/d865044e22e70a75174ce8bcad3acfb3","name":"La Sentinelle","image":{"@type":"ImageObject","inLanguage":"fr-FR","@id":"https:\/\/secure.gravatar.com\/avatar\/57de8e5d4b15d43fb361a71fbb36338450fe67865b528a43dd10ef7c51a20392?s=96&d=mm&r=g","url":"https:\/\/secure.gravatar.com\/avatar\/57de8e5d4b15d43fb361a71fbb36338450fe67865b528a43dd10ef7c51a20392?s=96&d=mm&r=g","contentUrl":"https:\/\/secure.gravatar.com\/avatar\/57de8e5d4b15d43fb361a71fbb36338450fe67865b528a43dd10ef7c51a20392?s=96&d=mm&r=g","caption":"La Sentinelle"},"sameAs":["http:\/\/www.lasentinelle.dz"],"url":"https:\/\/lasentinelle.dz\/author\/redaction\/"}]}},"_links":{"self":[{"href":"https:\/\/lasentinelle.dz\/index.php\/wp-json\/wp\/v2\/posts\/40041","targetHints":{"allow":["GET"]}}],"collection":[{"href":"https:\/\/lasentinelle.dz\/index.php\/wp-json\/wp\/v2\/posts"}],"about":[{"href":"https:\/\/lasentinelle.dz\/index.php\/wp-json\/wp\/v2\/types\/post"}],"author":[{"embeddable":true,"href":"https:\/\/lasentinelle.dz\/index.php\/wp-json\/wp\/v2\/users\/3"}],"replies":[{"embeddable":true,"href":"https:\/\/lasentinelle.dz\/index.php\/wp-json\/wp\/v2\/comments?post=40041"}],"version-history":[{"count":1,"href":"https:\/\/lasentinelle.dz\/index.php\/wp-json\/wp\/v2\/posts\/40041\/revisions"}],"predecessor-version":[{"id":40043,"href":"https:\/\/lasentinelle.dz\/index.php\/wp-json\/wp\/v2\/posts\/40041\/revisions\/40043"}],"wp:featuredmedia":[{"embeddable":true,"href":"https:\/\/lasentinelle.dz\/index.php\/wp-json\/wp\/v2\/media\/40042"}],"wp:attachment":[{"href":"https:\/\/lasentinelle.dz\/index.php\/wp-json\/wp\/v2\/media?parent=40041"}],"wp:term":[{"taxonomy":"category","embeddable":true,"href":"https:\/\/lasentinelle.dz\/index.php\/wp-json\/wp\/v2\/categories?post=40041"},{"taxonomy":"post_tag","embeddable":true,"href":"https:\/\/lasentinelle.dz\/index.php\/wp-json\/wp\/v2\/tags?post=40041"}],"curies":[{"name":"wp","href":"https:\/\/api.w.org\/{rel}","templated":true}]}}