{"id":40051,"date":"2023-04-25T22:05:00","date_gmt":"2023-04-25T21:05:00","guid":{"rendered":"https:\/\/lasentinelle.dz\/?p=40051"},"modified":"2023-04-25T20:33:47","modified_gmt":"2023-04-25T19:33:47","slug":"le-projet-de-loi-monetaire-et-bancaire-devant-le-conseil-de-la-nation-faid-insiste-sur-le-renforcement-des-prerogatives-de-la-ba","status":"publish","type":"post","link":"https:\/\/lasentinelle.dz\/index.php\/2023\/04\/25\/le-projet-de-loi-monetaire-et-bancaire-devant-le-conseil-de-la-nation-faid-insiste-sur-le-renforcement-des-prerogatives-de-la-ba\/","title":{"rendered":"Le projet de loi mon\u00e9taire et bancaire devant le Conseil de la Nation\u00a0: Fa\u00efd insiste sur le renforcement des pr\u00e9rogatives de la BA"},"content":{"rendered":"\n<p>Le ministre des Finances, Laziz Faid a pr\u00e9sent\u00e9, hier, devant la commission des affaires \u00e9conomiques et financi\u00e8res du Conseil de la nation, le projet de loi mon\u00e9taire et bancaire, soulignant que le texte qui introduit une r\u00e9vision profonde de la Loir sur la monnaie et le cr\u00e9dit est d\u00e9sormais \u00ab\u00a0n\u00e9cessaire, en raison de l&rsquo;\u00e9volution de l&rsquo;environnement bancaire et de la situation macro\u00e9conomique, induisant d&rsquo;importants d\u00e9fis en termes de d\u00e9finition de la politique mon\u00e9taire, de progr\u00e8s technologique, de contr\u00f4le des risques et de r\u00e8glementation de la profession\u00a0\u00bb. Et d\u2019ajouter que le nouveau s&rsquo;inscrit dans le cadre des \u00ab\u00a0r\u00e9formes initi\u00e9es par les Pouvoirs publics et de la restructuration du secteur bancaire et financier en Alg\u00e9rie, afin de l&rsquo;adapter aux d\u00e9veloppements survenus dans le syst\u00e8me \u00e9conomique mondial et mieux r\u00e9pondre aux exigences de la r\u00e9forme \u00e9conomique escompt\u00e9e\u00a0\u00bb. Cette \u00ab\u00a0profonde r\u00e9vision\u00a0\u00bb tend, ajoute le ministre, \u00e0 renforcer la gouvernance et la transparence du syst\u00e8me bancaire, la Banque d&rsquo;Alg\u00e9rie en t\u00eate, en conf\u00e9rant au CMC de nouvelles pr\u00e9rogatives lui permettant d&rsquo;accompagner les transformations que connait l&rsquo;\u00e9cosyst\u00e8me bancaire, en \u00e9largissant ses pr\u00e9rogatives en mati\u00e8re d&rsquo;agr\u00e9ment des banques num\u00e9riques, des prestataires de services de paiement et des courtiers ind\u00e9pendants, en autorisant l&rsquo;ouverture de bureaux de change et en renfor\u00e7ant le r\u00f4le de la Commission bancaire en tant qu&rsquo;autorit\u00e9 de supervision. Cette commission est, selon les pr\u00e9cisions du ministre, la seule autorit\u00e9 de contr\u00f4le habilit\u00e9e \u00e0 statuer sur les violations des dispositions de la pr\u00e9sente loi et de ses clauses, en ce qui concerne l&rsquo;exposition aux risques, notamment le risque de cr\u00e9dit et les actes de gestion qui en r\u00e9sultent. Il s&rsquo;agit \u00e9galement de renforcer les missions organisationnelles et de contr\u00f4le des institutions et de se conformer aux pratiques des banques centrales et des institutions de contr\u00f4le au niveau international. La mise en place d&rsquo;un nouveau cadre juridique r\u00e9gissant l&rsquo;activit\u00e9 mon\u00e9taire et bancaire vient adapter le syst\u00e8me bancaire \u00e0 la transition \u00e9conomique, financi\u00e8re et technologique que connait l&rsquo;Alg\u00e9rie et r\u00e9pondre aux nouveaux d\u00e9fis pos\u00e9s, a rappel\u00e9 M. Faid. Dans ce cadre, le ministre a pass\u00e9 en revue les diff\u00e9rentes \u00e9tapes d&rsquo;\u00e9laboration des lois r\u00e9gissant l&rsquo;activit\u00e9 bancaire en Alg\u00e9rie, qui ont connu plusieurs modifications depuis le d\u00e9but des ann\u00e9es 1990 en vue d&rsquo;\u00eatre au diapason des mutations \u00e9conomiques et financi\u00e8res dans le pays. La loi N86-12 du 19 ao\u00fbt 1986 relative au r\u00e9gime des banques et du cr\u00e9dit a contribu\u00e9 \u00e0 \u00e9tablir les r\u00e8gles pour l&rsquo;encadrement de l&rsquo;activit\u00e9 bancaire, notamment en ce qui a trait au cr\u00e9dit, pour \u00eatre ensuite abrog\u00e9e par la loi N90-10 du 14 avril 1990 qui a consacr\u00e9 l&rsquo;autonomie de la Banque d&rsquo;Alg\u00e9rie et l&rsquo;introduction de r\u00e8glementations bancaires conformes aux r\u00e8gles de l&rsquo;\u00e9conomie du march\u00e9. Par la suite, la loi N90-10 a \u00e9t\u00e9 mise \u00e0 jour en vertu de l&rsquo;Ordonnance N11-03 du 26 ao\u00fbt 2003 relative \u00e0 la monnaie et au cr\u00e9dit, afin de renforcer les conditions de contr\u00f4le des banques et des institutions financi\u00e8res, et de mettre en place des m\u00e9canismes de surveillance, d&rsquo;information et d&rsquo;alerte plus pr\u00e9cis. Les dispositions de la pr\u00e9sente loi favoriseront la relance \u00e9conomique \u00e0 travers le renforcement de l&rsquo;inclusion financi\u00e8re, la diversification des sources de financement de l&rsquo;\u00e9conomie et le d\u00e9veloppement du march\u00e9 financier, a soulign\u00e9 le ministre des Finances.<\/p>\n\n\n\n<p>Pour rappel, les membres de l&rsquo;Assembl\u00e9e populaire nationale (APN) avaient adopt\u00e9 \u00e0 l&rsquo;unanimit\u00e9 le projet de loi sur la monnaie et le cr\u00e9dit, avec l&rsquo;introduction de plus de 30 amendements, portant principalement sur le renforcement de la finance islamique et la prolongation de la dur\u00e9e du mandat du gouverneur de la Banque d&rsquo;Alg\u00e9rie et des vice-gouverneurs pour garantir la stabilit\u00e9 de la Banque d&rsquo;Alg\u00e9rie. Il a \u00e9t\u00e9 \u00e9galement propos\u00e9 l&rsquo;introduction d&rsquo;un nouvel article 13 bis qui pr\u00e9voit la prestation de serment par le gouverneur de la Banque d&rsquo;Alg\u00e9rie et ses vice-gouverneurs.<\/p>\n\n\n\n<p><strong>R.E.<\/strong><\/p>\n","protected":false},"excerpt":{"rendered":"<p>Le ministre des Finances, Laziz Faid a pr\u00e9sent\u00e9, hier, devant la commission des affaires \u00e9conomiques et financi\u00e8res du Conseil de<\/p>\n","protected":false},"author":3,"featured_media":40084,"comment_status":"open","ping_status":"closed","sticky":false,"template":"","format":"standard","meta":{"colormag_page_container_layout":"default_layout","colormag_page_sidebar_layout":"default_layout","om_disable_all_campaigns":false,"_monsterinsights_skip_tracking":false,"_monsterinsights_sitenote_active":false,"_monsterinsights_sitenote_note":"","_monsterinsights_sitenote_category":0,"footnotes":"","_wpscppro_dont_share_socialmedia":false,"_wpscppro_custom_social_share_image":0,"_facebook_share_type":"","_twitter_share_type":"","_linkedin_share_type":"","_pinterest_share_type":"","_linkedin_share_type_page":"","_instagram_share_type":"","_medium_share_type":"","_threads_share_type":"","_google_business_share_type":"","_selected_social_profile":[],"_wpsp_enable_custom_social_template":false,"_wpsp_social_scheduling":{"enabled":false,"datetime":null,"platforms":[],"status":"template_only","dateOption":"today","timeOption":"now","customDays":"","customHours":"","customDate":"","customTime":"","schedulingType":"absolute"},"_wpsp_active_default_template":true},"categories":[29],"tags":[],"class_list":["post-40051","post","type-post","status-publish","format-standard","has-post-thumbnail","hentry","category-economie"],"aioseo_notices":[],"yoast_head":"<!-- This site is optimized with the Yoast SEO plugin v27.5 - https:\/\/yoast.com\/product\/yoast-seo-wordpress\/ -->\n<title>Le projet de loi mon\u00e9taire et bancaire devant le Conseil de la Nation\u00a0: Fa\u00efd insiste sur le renforcement des pr\u00e9rogatives de la BA - La Sentinelle<\/title>\n<meta name=\"robots\" content=\"index, follow, max-snippet:-1, max-image-preview:large, max-video-preview:-1\" \/>\n<link rel=\"canonical\" href=\"https:\/\/lasentinelle.dz\/index.php\/2023\/04\/25\/le-projet-de-loi-monetaire-et-bancaire-devant-le-conseil-de-la-nation-faid-insiste-sur-le-renforcement-des-prerogatives-de-la-ba\/\" \/>\n<meta property=\"og:locale\" content=\"fr_FR\" \/>\n<meta property=\"og:type\" content=\"article\" \/>\n<meta property=\"og:title\" content=\"Le projet de loi mon\u00e9taire et bancaire devant le Conseil de la Nation\u00a0: Fa\u00efd insiste sur le renforcement des pr\u00e9rogatives de la BA - La Sentinelle\" \/>\n<meta property=\"og:description\" content=\"Le ministre des Finances, Laziz Faid a pr\u00e9sent\u00e9, hier, devant la commission des affaires \u00e9conomiques et financi\u00e8res du Conseil de\" \/>\n<meta property=\"og:url\" content=\"https:\/\/lasentinelle.dz\/index.php\/2023\/04\/25\/le-projet-de-loi-monetaire-et-bancaire-devant-le-conseil-de-la-nation-faid-insiste-sur-le-renforcement-des-prerogatives-de-la-ba\/\" \/>\n<meta property=\"og:site_name\" content=\"La Sentinelle\" \/>\n<meta property=\"article:publisher\" content=\"https:\/\/www.facebook.com\/La-Sentinelle-104059864394773\" \/>\n<meta property=\"article:published_time\" content=\"2023-04-25T21:05:00+00:00\" \/>\n<meta property=\"og:image\" content=\"https:\/\/lasentinelle.dz\/wp-content\/uploads\/2023\/04\/sxw.png\" \/>\n\t<meta property=\"og:image:width\" content=\"1348\" \/>\n\t<meta property=\"og:image:height\" content=\"900\" \/>\n\t<meta property=\"og:image:type\" content=\"image\/png\" \/>\n<meta name=\"author\" content=\"La Sentinelle\" \/>\n<meta name=\"twitter:card\" content=\"summary_large_image\" \/>\n<meta name=\"twitter:label1\" content=\"\u00c9crit par\" \/>\n\t<meta name=\"twitter:data1\" content=\"La Sentinelle\" \/>\n\t<meta name=\"twitter:label2\" content=\"Dur\u00e9e de lecture estim\u00e9e\" \/>\n\t<meta name=\"twitter:data2\" content=\"4 minutes\" \/>\n<script type=\"application\/ld+json\" class=\"yoast-schema-graph\">{\"@context\":\"https:\\\/\\\/schema.org\",\"@graph\":[{\"@type\":\"Article\",\"@id\":\"https:\\\/\\\/lasentinelle.dz\\\/index.php\\\/2023\\\/04\\\/25\\\/le-projet-de-loi-monetaire-et-bancaire-devant-le-conseil-de-la-nation-faid-insiste-sur-le-renforcement-des-prerogatives-de-la-ba\\\/#article\",\"isPartOf\":{\"@id\":\"https:\\\/\\\/lasentinelle.dz\\\/index.php\\\/2023\\\/04\\\/25\\\/le-projet-de-loi-monetaire-et-bancaire-devant-le-conseil-de-la-nation-faid-insiste-sur-le-renforcement-des-prerogatives-de-la-ba\\\/\"},\"author\":{\"name\":\"La Sentinelle\",\"@id\":\"https:\\\/\\\/lasentinelle.dz\\\/#\\\/schema\\\/person\\\/d865044e22e70a75174ce8bcad3acfb3\"},\"headline\":\"Le projet de loi mon\u00e9taire et bancaire devant le Conseil de la Nation\u00a0: Fa\u00efd insiste sur le renforcement des pr\u00e9rogatives de la BA\",\"datePublished\":\"2023-04-25T21:05:00+00:00\",\"mainEntityOfPage\":{\"@id\":\"https:\\\/\\\/lasentinelle.dz\\\/index.php\\\/2023\\\/04\\\/25\\\/le-projet-de-loi-monetaire-et-bancaire-devant-le-conseil-de-la-nation-faid-insiste-sur-le-renforcement-des-prerogatives-de-la-ba\\\/\"},\"wordCount\":759,\"commentCount\":0,\"publisher\":{\"@id\":\"https:\\\/\\\/lasentinelle.dz\\\/#organization\"},\"image\":{\"@id\":\"https:\\\/\\\/lasentinelle.dz\\\/index.php\\\/2023\\\/04\\\/25\\\/le-projet-de-loi-monetaire-et-bancaire-devant-le-conseil-de-la-nation-faid-insiste-sur-le-renforcement-des-prerogatives-de-la-ba\\\/#primaryimage\"},\"thumbnailUrl\":\"https:\\\/\\\/lasentinelle.dz\\\/wp-content\\\/uploads\\\/2023\\\/04\\\/sxw.png\",\"articleSection\":[\"\u00c9conomie\"],\"inLanguage\":\"fr-FR\",\"potentialAction\":[{\"@type\":\"CommentAction\",\"name\":\"Comment\",\"target\":[\"https:\\\/\\\/lasentinelle.dz\\\/index.php\\\/2023\\\/04\\\/25\\\/le-projet-de-loi-monetaire-et-bancaire-devant-le-conseil-de-la-nation-faid-insiste-sur-le-renforcement-des-prerogatives-de-la-ba\\\/#respond\"]}]},{\"@type\":\"WebPage\",\"@id\":\"https:\\\/\\\/lasentinelle.dz\\\/index.php\\\/2023\\\/04\\\/25\\\/le-projet-de-loi-monetaire-et-bancaire-devant-le-conseil-de-la-nation-faid-insiste-sur-le-renforcement-des-prerogatives-de-la-ba\\\/\",\"url\":\"https:\\\/\\\/lasentinelle.dz\\\/index.php\\\/2023\\\/04\\\/25\\\/le-projet-de-loi-monetaire-et-bancaire-devant-le-conseil-de-la-nation-faid-insiste-sur-le-renforcement-des-prerogatives-de-la-ba\\\/\",\"name\":\"Le projet de loi mon\u00e9taire et bancaire devant le Conseil de la Nation\u00a0: Fa\u00efd insiste sur le renforcement des pr\u00e9rogatives de la BA - La Sentinelle\",\"isPartOf\":{\"@id\":\"https:\\\/\\\/lasentinelle.dz\\\/#website\"},\"primaryImageOfPage\":{\"@id\":\"https:\\\/\\\/lasentinelle.dz\\\/index.php\\\/2023\\\/04\\\/25\\\/le-projet-de-loi-monetaire-et-bancaire-devant-le-conseil-de-la-nation-faid-insiste-sur-le-renforcement-des-prerogatives-de-la-ba\\\/#primaryimage\"},\"image\":{\"@id\":\"https:\\\/\\\/lasentinelle.dz\\\/index.php\\\/2023\\\/04\\\/25\\\/le-projet-de-loi-monetaire-et-bancaire-devant-le-conseil-de-la-nation-faid-insiste-sur-le-renforcement-des-prerogatives-de-la-ba\\\/#primaryimage\"},\"thumbnailUrl\":\"https:\\\/\\\/lasentinelle.dz\\\/wp-content\\\/uploads\\\/2023\\\/04\\\/sxw.png\",\"datePublished\":\"2023-04-25T21:05:00+00:00\",\"breadcrumb\":{\"@id\":\"https:\\\/\\\/lasentinelle.dz\\\/index.php\\\/2023\\\/04\\\/25\\\/le-projet-de-loi-monetaire-et-bancaire-devant-le-conseil-de-la-nation-faid-insiste-sur-le-renforcement-des-prerogatives-de-la-ba\\\/#breadcrumb\"},\"inLanguage\":\"fr-FR\",\"potentialAction\":[{\"@type\":\"ReadAction\",\"target\":[\"https:\\\/\\\/lasentinelle.dz\\\/index.php\\\/2023\\\/04\\\/25\\\/le-projet-de-loi-monetaire-et-bancaire-devant-le-conseil-de-la-nation-faid-insiste-sur-le-renforcement-des-prerogatives-de-la-ba\\\/\"]}]},{\"@type\":\"ImageObject\",\"inLanguage\":\"fr-FR\",\"@id\":\"https:\\\/\\\/lasentinelle.dz\\\/index.php\\\/2023\\\/04\\\/25\\\/le-projet-de-loi-monetaire-et-bancaire-devant-le-conseil-de-la-nation-faid-insiste-sur-le-renforcement-des-prerogatives-de-la-ba\\\/#primaryimage\",\"url\":\"https:\\\/\\\/lasentinelle.dz\\\/wp-content\\\/uploads\\\/2023\\\/04\\\/sxw.png\",\"contentUrl\":\"https:\\\/\\\/lasentinelle.dz\\\/wp-content\\\/uploads\\\/2023\\\/04\\\/sxw.png\",\"width\":1348,\"height\":900},{\"@type\":\"BreadcrumbList\",\"@id\":\"https:\\\/\\\/lasentinelle.dz\\\/index.php\\\/2023\\\/04\\\/25\\\/le-projet-de-loi-monetaire-et-bancaire-devant-le-conseil-de-la-nation-faid-insiste-sur-le-renforcement-des-prerogatives-de-la-ba\\\/#breadcrumb\",\"itemListElement\":[{\"@type\":\"ListItem\",\"position\":1,\"name\":\"Accueil\",\"item\":\"https:\\\/\\\/lasentinelle.dz\\\/\"},{\"@type\":\"ListItem\",\"position\":2,\"name\":\"Le projet de loi mon\u00e9taire et bancaire devant le Conseil de la Nation\u00a0: Fa\u00efd insiste sur le renforcement des pr\u00e9rogatives de la BA\"}]},{\"@type\":\"WebSite\",\"@id\":\"https:\\\/\\\/lasentinelle.dz\\\/#website\",\"url\":\"https:\\\/\\\/lasentinelle.dz\\\/\",\"name\":\"La Sentinelle\",\"description\":\"Quotidien national d&#039;information\",\"publisher\":{\"@id\":\"https:\\\/\\\/lasentinelle.dz\\\/#organization\"},\"potentialAction\":[{\"@type\":\"SearchAction\",\"target\":{\"@type\":\"EntryPoint\",\"urlTemplate\":\"https:\\\/\\\/lasentinelle.dz\\\/?s={search_term_string}\"},\"query-input\":{\"@type\":\"PropertyValueSpecification\",\"valueRequired\":true,\"valueName\":\"search_term_string\"}}],\"inLanguage\":\"fr-FR\"},{\"@type\":\"Organization\",\"@id\":\"https:\\\/\\\/lasentinelle.dz\\\/#organization\",\"name\":\"Quotidien La Sentinelle\",\"url\":\"https:\\\/\\\/lasentinelle.dz\\\/\",\"logo\":{\"@type\":\"ImageObject\",\"inLanguage\":\"fr-FR\",\"@id\":\"https:\\\/\\\/lasentinelle.dz\\\/#\\\/schema\\\/logo\\\/image\\\/\",\"url\":\"https:\\\/\\\/lasentinelle.dz\\\/wp-content\\\/uploads\\\/2021\\\/09\\\/logo-sentinelleSLOGAN-1.png\",\"contentUrl\":\"https:\\\/\\\/lasentinelle.dz\\\/wp-content\\\/uploads\\\/2021\\\/09\\\/logo-sentinelleSLOGAN-1.png\",\"width\":615,\"height\":142,\"caption\":\"Quotidien La Sentinelle\"},\"image\":{\"@id\":\"https:\\\/\\\/lasentinelle.dz\\\/#\\\/schema\\\/logo\\\/image\\\/\"},\"sameAs\":[\"https:\\\/\\\/www.facebook.com\\\/La-Sentinelle-104059864394773\"]},{\"@type\":\"Person\",\"@id\":\"https:\\\/\\\/lasentinelle.dz\\\/#\\\/schema\\\/person\\\/d865044e22e70a75174ce8bcad3acfb3\",\"name\":\"La Sentinelle\",\"image\":{\"@type\":\"ImageObject\",\"inLanguage\":\"fr-FR\",\"@id\":\"https:\\\/\\\/secure.gravatar.com\\\/avatar\\\/57de8e5d4b15d43fb361a71fbb36338450fe67865b528a43dd10ef7c51a20392?s=96&d=mm&r=g\",\"url\":\"https:\\\/\\\/secure.gravatar.com\\\/avatar\\\/57de8e5d4b15d43fb361a71fbb36338450fe67865b528a43dd10ef7c51a20392?s=96&d=mm&r=g\",\"contentUrl\":\"https:\\\/\\\/secure.gravatar.com\\\/avatar\\\/57de8e5d4b15d43fb361a71fbb36338450fe67865b528a43dd10ef7c51a20392?s=96&d=mm&r=g\",\"caption\":\"La Sentinelle\"},\"sameAs\":[\"http:\\\/\\\/www.lasentinelle.dz\"],\"url\":\"https:\\\/\\\/lasentinelle.dz\\\/author\\\/redaction\\\/\"}]}<\/script>\n<!-- \/ Yoast SEO plugin. -->","yoast_head_json":{"title":"Le projet de loi mon\u00e9taire et bancaire devant le Conseil de la Nation\u00a0: Fa\u00efd insiste sur le renforcement des pr\u00e9rogatives de la BA - La Sentinelle","robots":{"index":"index","follow":"follow","max-snippet":"max-snippet:-1","max-image-preview":"max-image-preview:large","max-video-preview":"max-video-preview:-1"},"canonical":"https:\/\/lasentinelle.dz\/index.php\/2023\/04\/25\/le-projet-de-loi-monetaire-et-bancaire-devant-le-conseil-de-la-nation-faid-insiste-sur-le-renforcement-des-prerogatives-de-la-ba\/","og_locale":"fr_FR","og_type":"article","og_title":"Le projet de loi mon\u00e9taire et bancaire devant le Conseil de la Nation\u00a0: Fa\u00efd insiste sur le renforcement des pr\u00e9rogatives de la BA - La Sentinelle","og_description":"Le ministre des Finances, Laziz Faid a pr\u00e9sent\u00e9, hier, devant la commission des affaires \u00e9conomiques et financi\u00e8res du Conseil de","og_url":"https:\/\/lasentinelle.dz\/index.php\/2023\/04\/25\/le-projet-de-loi-monetaire-et-bancaire-devant-le-conseil-de-la-nation-faid-insiste-sur-le-renforcement-des-prerogatives-de-la-ba\/","og_site_name":"La Sentinelle","article_publisher":"https:\/\/www.facebook.com\/La-Sentinelle-104059864394773","article_published_time":"2023-04-25T21:05:00+00:00","og_image":[{"width":1348,"height":900,"url":"https:\/\/lasentinelle.dz\/wp-content\/uploads\/2023\/04\/sxw.png","type":"image\/png"}],"author":"La Sentinelle","twitter_card":"summary_large_image","twitter_misc":{"\u00c9crit par":"La Sentinelle","Dur\u00e9e de lecture estim\u00e9e":"4 minutes"},"schema":{"@context":"https:\/\/schema.org","@graph":[{"@type":"Article","@id":"https:\/\/lasentinelle.dz\/index.php\/2023\/04\/25\/le-projet-de-loi-monetaire-et-bancaire-devant-le-conseil-de-la-nation-faid-insiste-sur-le-renforcement-des-prerogatives-de-la-ba\/#article","isPartOf":{"@id":"https:\/\/lasentinelle.dz\/index.php\/2023\/04\/25\/le-projet-de-loi-monetaire-et-bancaire-devant-le-conseil-de-la-nation-faid-insiste-sur-le-renforcement-des-prerogatives-de-la-ba\/"},"author":{"name":"La Sentinelle","@id":"https:\/\/lasentinelle.dz\/#\/schema\/person\/d865044e22e70a75174ce8bcad3acfb3"},"headline":"Le projet de loi mon\u00e9taire et bancaire devant le Conseil de la Nation\u00a0: Fa\u00efd insiste sur le renforcement des pr\u00e9rogatives de la BA","datePublished":"2023-04-25T21:05:00+00:00","mainEntityOfPage":{"@id":"https:\/\/lasentinelle.dz\/index.php\/2023\/04\/25\/le-projet-de-loi-monetaire-et-bancaire-devant-le-conseil-de-la-nation-faid-insiste-sur-le-renforcement-des-prerogatives-de-la-ba\/"},"wordCount":759,"commentCount":0,"publisher":{"@id":"https:\/\/lasentinelle.dz\/#organization"},"image":{"@id":"https:\/\/lasentinelle.dz\/index.php\/2023\/04\/25\/le-projet-de-loi-monetaire-et-bancaire-devant-le-conseil-de-la-nation-faid-insiste-sur-le-renforcement-des-prerogatives-de-la-ba\/#primaryimage"},"thumbnailUrl":"https:\/\/lasentinelle.dz\/wp-content\/uploads\/2023\/04\/sxw.png","articleSection":["\u00c9conomie"],"inLanguage":"fr-FR","potentialAction":[{"@type":"CommentAction","name":"Comment","target":["https:\/\/lasentinelle.dz\/index.php\/2023\/04\/25\/le-projet-de-loi-monetaire-et-bancaire-devant-le-conseil-de-la-nation-faid-insiste-sur-le-renforcement-des-prerogatives-de-la-ba\/#respond"]}]},{"@type":"WebPage","@id":"https:\/\/lasentinelle.dz\/index.php\/2023\/04\/25\/le-projet-de-loi-monetaire-et-bancaire-devant-le-conseil-de-la-nation-faid-insiste-sur-le-renforcement-des-prerogatives-de-la-ba\/","url":"https:\/\/lasentinelle.dz\/index.php\/2023\/04\/25\/le-projet-de-loi-monetaire-et-bancaire-devant-le-conseil-de-la-nation-faid-insiste-sur-le-renforcement-des-prerogatives-de-la-ba\/","name":"Le projet de loi mon\u00e9taire et bancaire devant le Conseil de la Nation\u00a0: Fa\u00efd insiste sur le renforcement des pr\u00e9rogatives de la BA - La Sentinelle","isPartOf":{"@id":"https:\/\/lasentinelle.dz\/#website"},"primaryImageOfPage":{"@id":"https:\/\/lasentinelle.dz\/index.php\/2023\/04\/25\/le-projet-de-loi-monetaire-et-bancaire-devant-le-conseil-de-la-nation-faid-insiste-sur-le-renforcement-des-prerogatives-de-la-ba\/#primaryimage"},"image":{"@id":"https:\/\/lasentinelle.dz\/index.php\/2023\/04\/25\/le-projet-de-loi-monetaire-et-bancaire-devant-le-conseil-de-la-nation-faid-insiste-sur-le-renforcement-des-prerogatives-de-la-ba\/#primaryimage"},"thumbnailUrl":"https:\/\/lasentinelle.dz\/wp-content\/uploads\/2023\/04\/sxw.png","datePublished":"2023-04-25T21:05:00+00:00","breadcrumb":{"@id":"https:\/\/lasentinelle.dz\/index.php\/2023\/04\/25\/le-projet-de-loi-monetaire-et-bancaire-devant-le-conseil-de-la-nation-faid-insiste-sur-le-renforcement-des-prerogatives-de-la-ba\/#breadcrumb"},"inLanguage":"fr-FR","potentialAction":[{"@type":"ReadAction","target":["https:\/\/lasentinelle.dz\/index.php\/2023\/04\/25\/le-projet-de-loi-monetaire-et-bancaire-devant-le-conseil-de-la-nation-faid-insiste-sur-le-renforcement-des-prerogatives-de-la-ba\/"]}]},{"@type":"ImageObject","inLanguage":"fr-FR","@id":"https:\/\/lasentinelle.dz\/index.php\/2023\/04\/25\/le-projet-de-loi-monetaire-et-bancaire-devant-le-conseil-de-la-nation-faid-insiste-sur-le-renforcement-des-prerogatives-de-la-ba\/#primaryimage","url":"https:\/\/lasentinelle.dz\/wp-content\/uploads\/2023\/04\/sxw.png","contentUrl":"https:\/\/lasentinelle.dz\/wp-content\/uploads\/2023\/04\/sxw.png","width":1348,"height":900},{"@type":"BreadcrumbList","@id":"https:\/\/lasentinelle.dz\/index.php\/2023\/04\/25\/le-projet-de-loi-monetaire-et-bancaire-devant-le-conseil-de-la-nation-faid-insiste-sur-le-renforcement-des-prerogatives-de-la-ba\/#breadcrumb","itemListElement":[{"@type":"ListItem","position":1,"name":"Accueil","item":"https:\/\/lasentinelle.dz\/"},{"@type":"ListItem","position":2,"name":"Le projet de loi mon\u00e9taire et bancaire devant le Conseil de la Nation\u00a0: Fa\u00efd insiste sur le renforcement des pr\u00e9rogatives de la BA"}]},{"@type":"WebSite","@id":"https:\/\/lasentinelle.dz\/#website","url":"https:\/\/lasentinelle.dz\/","name":"La Sentinelle","description":"Quotidien national d&#039;information","publisher":{"@id":"https:\/\/lasentinelle.dz\/#organization"},"potentialAction":[{"@type":"SearchAction","target":{"@type":"EntryPoint","urlTemplate":"https:\/\/lasentinelle.dz\/?s={search_term_string}"},"query-input":{"@type":"PropertyValueSpecification","valueRequired":true,"valueName":"search_term_string"}}],"inLanguage":"fr-FR"},{"@type":"Organization","@id":"https:\/\/lasentinelle.dz\/#organization","name":"Quotidien La Sentinelle","url":"https:\/\/lasentinelle.dz\/","logo":{"@type":"ImageObject","inLanguage":"fr-FR","@id":"https:\/\/lasentinelle.dz\/#\/schema\/logo\/image\/","url":"https:\/\/lasentinelle.dz\/wp-content\/uploads\/2021\/09\/logo-sentinelleSLOGAN-1.png","contentUrl":"https:\/\/lasentinelle.dz\/wp-content\/uploads\/2021\/09\/logo-sentinelleSLOGAN-1.png","width":615,"height":142,"caption":"Quotidien La Sentinelle"},"image":{"@id":"https:\/\/lasentinelle.dz\/#\/schema\/logo\/image\/"},"sameAs":["https:\/\/www.facebook.com\/La-Sentinelle-104059864394773"]},{"@type":"Person","@id":"https:\/\/lasentinelle.dz\/#\/schema\/person\/d865044e22e70a75174ce8bcad3acfb3","name":"La Sentinelle","image":{"@type":"ImageObject","inLanguage":"fr-FR","@id":"https:\/\/secure.gravatar.com\/avatar\/57de8e5d4b15d43fb361a71fbb36338450fe67865b528a43dd10ef7c51a20392?s=96&d=mm&r=g","url":"https:\/\/secure.gravatar.com\/avatar\/57de8e5d4b15d43fb361a71fbb36338450fe67865b528a43dd10ef7c51a20392?s=96&d=mm&r=g","contentUrl":"https:\/\/secure.gravatar.com\/avatar\/57de8e5d4b15d43fb361a71fbb36338450fe67865b528a43dd10ef7c51a20392?s=96&d=mm&r=g","caption":"La Sentinelle"},"sameAs":["http:\/\/www.lasentinelle.dz"],"url":"https:\/\/lasentinelle.dz\/author\/redaction\/"}]}},"_links":{"self":[{"href":"https:\/\/lasentinelle.dz\/index.php\/wp-json\/wp\/v2\/posts\/40051","targetHints":{"allow":["GET"]}}],"collection":[{"href":"https:\/\/lasentinelle.dz\/index.php\/wp-json\/wp\/v2\/posts"}],"about":[{"href":"https:\/\/lasentinelle.dz\/index.php\/wp-json\/wp\/v2\/types\/post"}],"author":[{"embeddable":true,"href":"https:\/\/lasentinelle.dz\/index.php\/wp-json\/wp\/v2\/users\/3"}],"replies":[{"embeddable":true,"href":"https:\/\/lasentinelle.dz\/index.php\/wp-json\/wp\/v2\/comments?post=40051"}],"version-history":[{"count":1,"href":"https:\/\/lasentinelle.dz\/index.php\/wp-json\/wp\/v2\/posts\/40051\/revisions"}],"predecessor-version":[{"id":40085,"href":"https:\/\/lasentinelle.dz\/index.php\/wp-json\/wp\/v2\/posts\/40051\/revisions\/40085"}],"wp:featuredmedia":[{"embeddable":true,"href":"https:\/\/lasentinelle.dz\/index.php\/wp-json\/wp\/v2\/media\/40084"}],"wp:attachment":[{"href":"https:\/\/lasentinelle.dz\/index.php\/wp-json\/wp\/v2\/media?parent=40051"}],"wp:term":[{"taxonomy":"category","embeddable":true,"href":"https:\/\/lasentinelle.dz\/index.php\/wp-json\/wp\/v2\/categories?post=40051"},{"taxonomy":"post_tag","embeddable":true,"href":"https:\/\/lasentinelle.dz\/index.php\/wp-json\/wp\/v2\/tags?post=40051"}],"curies":[{"name":"wp","href":"https:\/\/api.w.org\/{rel}","templated":true}]}}