{"id":40060,"date":"2023-04-25T22:05:00","date_gmt":"2023-04-25T21:05:00","guid":{"rendered":"https:\/\/lasentinelle.dz\/?p=40060"},"modified":"2023-04-25T18:11:33","modified_gmt":"2023-04-25T17:11:33","slug":"en-prevision-de-lete-un-plan-durgence-pour-laep-a-annaba","status":"publish","type":"post","link":"https:\/\/lasentinelle.dz\/index.php\/2023\/04\/25\/en-prevision-de-lete-un-plan-durgence-pour-laep-a-annaba\/","title":{"rendered":"En pr\u00e9vision de l\u2019\u00e9t\u00e9\u00a0: Un plan d\u2019urgence pour l\u2019AEP \u00e0 Annaba"},"content":{"rendered":"\n<p>Pour la troisi\u00e8me ann\u00e9e cons\u00e9cutive, la wilaya d\u2019Annaba ainsi que plusieurs r\u00e9gions du pays font face \u00e0 un d\u00e9ficit pluviom\u00e9trique record.<\/p>\n\n\n\n<p>En effet, le spectre de la s\u00e9cheresse commence \u00e0 se faire sentir \u00e0 Annaba o\u00f9, la direction de l\u2019Alg\u00e9rienne Des Eaux (ADE) s\u2019est pench\u00e9e sur les m\u00e9canismes \u00e0 adopter, pour rationaliser le pr\u00e9cieux liquide durant la p\u00e9riode des grandes chaleurs. \u00c0 cet effet, le conseil de l\u2019ex\u00e9cutif, pr\u00e9sid\u00e9e par le wali a tenu une r\u00e9union qui s\u2019est focalis\u00e9e sur la situation des ressources en eau de la wilaya en pr\u00e9vision de la saison estivale 2023. La directrice des ressources en eau a pr\u00e9sent\u00e9 un tableau exhaustif de la situation du secteur \u00e0 l\u2019image de la raret\u00e9 de ce liquide vital. Il faudrait savoir que la wilaya d\u2019Annaba est aliment\u00e9e \u00e0 hauteur de 84 % de ses besoins \u00e0 partir de deux syst\u00e8mes de transferts des barrages de Cheffia, Mexa et Bougous, dans la wilaya d\u2019El-Tarf, fortement ass\u00e9ch\u00e9s. Plusieurs solutions ont \u00e9t\u00e9 pr\u00e9conis\u00e9es durant cette r\u00e9union devant la raret\u00e9 des eaux de surface, notamment la bascule du syst\u00e8me aux eaux souterraines. Il s\u2019agit de la requalification de plusieurs forages, particuli\u00e8rement celui du champ de captage de Bouteldja, dans la wilaya d\u2019El-Tarf qui permettra la mobilisation de plus de 30.000 m3\/jour, ainsi le champ de captage des Salines pour un d\u00e9bit de plus de 10.000 m3\/ et Guerbes dans la wilaya de Skikda. Ainsi, un plan d\u2019urgence a \u00e9t\u00e9 mis en branle par les autorit\u00e9s de la wilaya et des restrictions draconiennes sont envisag\u00e9es pour mettre un terme au gaspillage de l\u2019eau qui se fait rare, compte tenu du fait que, durant la saison estivale, la wilaya d\u2019Annaba conna\u00eetra un afflux consid\u00e9rable et une activit\u00e9 touristique importante. Dans ce contexte, il a \u00e9t\u00e9 envisag\u00e9 une batterie de mesures, pour freiner le gaspillage des ressources hydriques, dont entre autres la fermeture des stations de lavage de voitures. Ainsi, si cette option est adopt\u00e9e, les restrictions de l\u2019AEP annonc\u00e9es seront en premier lieu orient\u00e9es vers la fermeture des stations de lavage. En r\u00e9alit\u00e9 c\u2019est de l\u2019interdiction de lavage des voitures qu\u2019il s\u2019agit. Une interdiction propos\u00e9e le temps de la saison estivale. Pour l\u2019heure, les autorit\u00e9s locales de la wilaya d\u2019Annaba, mise sur l\u2019implication des responsables des stations de services et leur adh\u00e9sion \u00e0 la d\u00e9marche. Par ailleurs, lors de son intervention, Djamel Eddine Berrimi, wali d\u2019Annaba, a lanc\u00e9 un appel aux responsables du secteur ainsi qu\u2019\u00e0 l\u2019ensemble des pr\u00e9sidents d\u2019APC d\u2019\u00e9tablir une strat\u00e9gie de recherche de nouvelles ressources pour alimenter la population en eau potable. Et cela, en attendant la mise en service de la station de dessalement de Draouche qui va apporter \u00e0 la wilaya un apport suppl\u00e9mentaire de 160.000 m3 \/ jour d\u2019eau potable.<\/p>\n\n\n\n<p><strong>Sofia Chahine<\/strong><\/p>\n","protected":false},"excerpt":{"rendered":"<p>Pour la troisi\u00e8me ann\u00e9e cons\u00e9cutive, la wilaya d\u2019Annaba ainsi que plusieurs r\u00e9gions du pays font face \u00e0 un d\u00e9ficit pluviom\u00e9trique<\/p>\n","protected":false},"author":3,"featured_media":28521,"comment_status":"open","ping_status":"closed","sticky":false,"template":"","format":"standard","meta":{"colormag_page_container_layout":"default_layout","colormag_page_sidebar_layout":"default_layout","om_disable_all_campaigns":false,"_monsterinsights_skip_tracking":false,"_monsterinsights_sitenote_active":false,"_monsterinsights_sitenote_note":"","_monsterinsights_sitenote_category":0,"footnotes":"","_wpscppro_dont_share_socialmedia":false,"_wpscppro_custom_social_share_image":0,"_facebook_share_type":"","_twitter_share_type":"","_linkedin_share_type":"","_pinterest_share_type":"","_linkedin_share_type_page":"","_instagram_share_type":"","_medium_share_type":"","_threads_share_type":"","_google_business_share_type":"","_selected_social_profile":[],"_wpsp_enable_custom_social_template":false,"_wpsp_social_scheduling":{"enabled":false,"datetime":null,"platforms":[],"status":"template_only","dateOption":"today","timeOption":"now","customDays":"","customHours":"","customDate":"","customTime":"","schedulingType":"absolute"},"_wpsp_active_default_template":true},"categories":[31],"tags":[],"class_list":["post-40060","post","type-post","status-publish","format-standard","has-post-thumbnail","hentry","category-regions"],"aioseo_notices":[],"yoast_head":"<!-- This site is optimized with the Yoast SEO plugin v27.5 - https:\/\/yoast.com\/product\/yoast-seo-wordpress\/ -->\n<title>En pr\u00e9vision de l\u2019\u00e9t\u00e9\u00a0: Un plan d\u2019urgence pour l\u2019AEP \u00e0 Annaba - La Sentinelle<\/title>\n<meta name=\"robots\" content=\"index, follow, max-snippet:-1, max-image-preview:large, max-video-preview:-1\" \/>\n<link rel=\"canonical\" href=\"https:\/\/lasentinelle.dz\/index.php\/2023\/04\/25\/en-prevision-de-lete-un-plan-durgence-pour-laep-a-annaba\/\" \/>\n<meta property=\"og:locale\" content=\"fr_FR\" \/>\n<meta property=\"og:type\" content=\"article\" \/>\n<meta property=\"og:title\" content=\"En pr\u00e9vision de l\u2019\u00e9t\u00e9\u00a0: Un plan d\u2019urgence pour l\u2019AEP \u00e0 Annaba - La Sentinelle\" \/>\n<meta property=\"og:description\" content=\"Pour la troisi\u00e8me ann\u00e9e cons\u00e9cutive, la wilaya d\u2019Annaba ainsi que plusieurs r\u00e9gions du pays font face \u00e0 un d\u00e9ficit pluviom\u00e9trique\" \/>\n<meta property=\"og:url\" content=\"https:\/\/lasentinelle.dz\/index.php\/2023\/04\/25\/en-prevision-de-lete-un-plan-durgence-pour-laep-a-annaba\/\" \/>\n<meta property=\"og:site_name\" content=\"La Sentinelle\" \/>\n<meta property=\"article:publisher\" content=\"https:\/\/www.facebook.com\/La-Sentinelle-104059864394773\" \/>\n<meta property=\"article:published_time\" content=\"2023-04-25T21:05:00+00:00\" \/>\n<meta property=\"og:image\" content=\"https:\/\/lasentinelle.dz\/wp-content\/uploads\/2022\/10\/eau.png\" \/>\n\t<meta property=\"og:image:width\" content=\"1600\" \/>\n\t<meta property=\"og:image:height\" content=\"900\" \/>\n\t<meta property=\"og:image:type\" content=\"image\/png\" \/>\n<meta name=\"author\" content=\"La Sentinelle\" \/>\n<meta name=\"twitter:card\" content=\"summary_large_image\" \/>\n<meta name=\"twitter:label1\" content=\"\u00c9crit par\" \/>\n\t<meta name=\"twitter:data1\" content=\"La Sentinelle\" \/>\n\t<meta name=\"twitter:label2\" content=\"Dur\u00e9e de lecture estim\u00e9e\" \/>\n\t<meta name=\"twitter:data2\" content=\"3 minutes\" \/>\n<script type=\"application\/ld+json\" class=\"yoast-schema-graph\">{\"@context\":\"https:\\\/\\\/schema.org\",\"@graph\":[{\"@type\":\"Article\",\"@id\":\"https:\\\/\\\/lasentinelle.dz\\\/index.php\\\/2023\\\/04\\\/25\\\/en-prevision-de-lete-un-plan-durgence-pour-laep-a-annaba\\\/#article\",\"isPartOf\":{\"@id\":\"https:\\\/\\\/lasentinelle.dz\\\/index.php\\\/2023\\\/04\\\/25\\\/en-prevision-de-lete-un-plan-durgence-pour-laep-a-annaba\\\/\"},\"author\":{\"name\":\"La Sentinelle\",\"@id\":\"https:\\\/\\\/lasentinelle.dz\\\/#\\\/schema\\\/person\\\/d865044e22e70a75174ce8bcad3acfb3\"},\"headline\":\"En pr\u00e9vision de l\u2019\u00e9t\u00e9\u00a0: Un plan d\u2019urgence pour l\u2019AEP \u00e0 Annaba\",\"datePublished\":\"2023-04-25T21:05:00+00:00\",\"mainEntityOfPage\":{\"@id\":\"https:\\\/\\\/lasentinelle.dz\\\/index.php\\\/2023\\\/04\\\/25\\\/en-prevision-de-lete-un-plan-durgence-pour-laep-a-annaba\\\/\"},\"wordCount\":523,\"commentCount\":0,\"publisher\":{\"@id\":\"https:\\\/\\\/lasentinelle.dz\\\/#organization\"},\"image\":{\"@id\":\"https:\\\/\\\/lasentinelle.dz\\\/index.php\\\/2023\\\/04\\\/25\\\/en-prevision-de-lete-un-plan-durgence-pour-laep-a-annaba\\\/#primaryimage\"},\"thumbnailUrl\":\"https:\\\/\\\/lasentinelle.dz\\\/wp-content\\\/uploads\\\/2022\\\/10\\\/eau.png\",\"articleSection\":[\"R\u00e9gions\"],\"inLanguage\":\"fr-FR\",\"potentialAction\":[{\"@type\":\"CommentAction\",\"name\":\"Comment\",\"target\":[\"https:\\\/\\\/lasentinelle.dz\\\/index.php\\\/2023\\\/04\\\/25\\\/en-prevision-de-lete-un-plan-durgence-pour-laep-a-annaba\\\/#respond\"]}]},{\"@type\":\"WebPage\",\"@id\":\"https:\\\/\\\/lasentinelle.dz\\\/index.php\\\/2023\\\/04\\\/25\\\/en-prevision-de-lete-un-plan-durgence-pour-laep-a-annaba\\\/\",\"url\":\"https:\\\/\\\/lasentinelle.dz\\\/index.php\\\/2023\\\/04\\\/25\\\/en-prevision-de-lete-un-plan-durgence-pour-laep-a-annaba\\\/\",\"name\":\"En pr\u00e9vision de l\u2019\u00e9t\u00e9\u00a0: Un plan d\u2019urgence pour l\u2019AEP \u00e0 Annaba - La Sentinelle\",\"isPartOf\":{\"@id\":\"https:\\\/\\\/lasentinelle.dz\\\/#website\"},\"primaryImageOfPage\":{\"@id\":\"https:\\\/\\\/lasentinelle.dz\\\/index.php\\\/2023\\\/04\\\/25\\\/en-prevision-de-lete-un-plan-durgence-pour-laep-a-annaba\\\/#primaryimage\"},\"image\":{\"@id\":\"https:\\\/\\\/lasentinelle.dz\\\/index.php\\\/2023\\\/04\\\/25\\\/en-prevision-de-lete-un-plan-durgence-pour-laep-a-annaba\\\/#primaryimage\"},\"thumbnailUrl\":\"https:\\\/\\\/lasentinelle.dz\\\/wp-content\\\/uploads\\\/2022\\\/10\\\/eau.png\",\"datePublished\":\"2023-04-25T21:05:00+00:00\",\"breadcrumb\":{\"@id\":\"https:\\\/\\\/lasentinelle.dz\\\/index.php\\\/2023\\\/04\\\/25\\\/en-prevision-de-lete-un-plan-durgence-pour-laep-a-annaba\\\/#breadcrumb\"},\"inLanguage\":\"fr-FR\",\"potentialAction\":[{\"@type\":\"ReadAction\",\"target\":[\"https:\\\/\\\/lasentinelle.dz\\\/index.php\\\/2023\\\/04\\\/25\\\/en-prevision-de-lete-un-plan-durgence-pour-laep-a-annaba\\\/\"]}]},{\"@type\":\"ImageObject\",\"inLanguage\":\"fr-FR\",\"@id\":\"https:\\\/\\\/lasentinelle.dz\\\/index.php\\\/2023\\\/04\\\/25\\\/en-prevision-de-lete-un-plan-durgence-pour-laep-a-annaba\\\/#primaryimage\",\"url\":\"https:\\\/\\\/lasentinelle.dz\\\/wp-content\\\/uploads\\\/2022\\\/10\\\/eau.png\",\"contentUrl\":\"https:\\\/\\\/lasentinelle.dz\\\/wp-content\\\/uploads\\\/2022\\\/10\\\/eau.png\",\"width\":1600,\"height\":900},{\"@type\":\"BreadcrumbList\",\"@id\":\"https:\\\/\\\/lasentinelle.dz\\\/index.php\\\/2023\\\/04\\\/25\\\/en-prevision-de-lete-un-plan-durgence-pour-laep-a-annaba\\\/#breadcrumb\",\"itemListElement\":[{\"@type\":\"ListItem\",\"position\":1,\"name\":\"Accueil\",\"item\":\"https:\\\/\\\/lasentinelle.dz\\\/\"},{\"@type\":\"ListItem\",\"position\":2,\"name\":\"En pr\u00e9vision de l\u2019\u00e9t\u00e9\u00a0: Un plan d\u2019urgence pour l\u2019AEP \u00e0 Annaba\"}]},{\"@type\":\"WebSite\",\"@id\":\"https:\\\/\\\/lasentinelle.dz\\\/#website\",\"url\":\"https:\\\/\\\/lasentinelle.dz\\\/\",\"name\":\"La Sentinelle\",\"description\":\"Quotidien national d&#039;information\",\"publisher\":{\"@id\":\"https:\\\/\\\/lasentinelle.dz\\\/#organization\"},\"potentialAction\":[{\"@type\":\"SearchAction\",\"target\":{\"@type\":\"EntryPoint\",\"urlTemplate\":\"https:\\\/\\\/lasentinelle.dz\\\/?s={search_term_string}\"},\"query-input\":{\"@type\":\"PropertyValueSpecification\",\"valueRequired\":true,\"valueName\":\"search_term_string\"}}],\"inLanguage\":\"fr-FR\"},{\"@type\":\"Organization\",\"@id\":\"https:\\\/\\\/lasentinelle.dz\\\/#organization\",\"name\":\"Quotidien La Sentinelle\",\"url\":\"https:\\\/\\\/lasentinelle.dz\\\/\",\"logo\":{\"@type\":\"ImageObject\",\"inLanguage\":\"fr-FR\",\"@id\":\"https:\\\/\\\/lasentinelle.dz\\\/#\\\/schema\\\/logo\\\/image\\\/\",\"url\":\"https:\\\/\\\/lasentinelle.dz\\\/wp-content\\\/uploads\\\/2021\\\/09\\\/logo-sentinelleSLOGAN-1.png\",\"contentUrl\":\"https:\\\/\\\/lasentinelle.dz\\\/wp-content\\\/uploads\\\/2021\\\/09\\\/logo-sentinelleSLOGAN-1.png\",\"width\":615,\"height\":142,\"caption\":\"Quotidien La Sentinelle\"},\"image\":{\"@id\":\"https:\\\/\\\/lasentinelle.dz\\\/#\\\/schema\\\/logo\\\/image\\\/\"},\"sameAs\":[\"https:\\\/\\\/www.facebook.com\\\/La-Sentinelle-104059864394773\"]},{\"@type\":\"Person\",\"@id\":\"https:\\\/\\\/lasentinelle.dz\\\/#\\\/schema\\\/person\\\/d865044e22e70a75174ce8bcad3acfb3\",\"name\":\"La Sentinelle\",\"image\":{\"@type\":\"ImageObject\",\"inLanguage\":\"fr-FR\",\"@id\":\"https:\\\/\\\/secure.gravatar.com\\\/avatar\\\/57de8e5d4b15d43fb361a71fbb36338450fe67865b528a43dd10ef7c51a20392?s=96&d=mm&r=g\",\"url\":\"https:\\\/\\\/secure.gravatar.com\\\/avatar\\\/57de8e5d4b15d43fb361a71fbb36338450fe67865b528a43dd10ef7c51a20392?s=96&d=mm&r=g\",\"contentUrl\":\"https:\\\/\\\/secure.gravatar.com\\\/avatar\\\/57de8e5d4b15d43fb361a71fbb36338450fe67865b528a43dd10ef7c51a20392?s=96&d=mm&r=g\",\"caption\":\"La Sentinelle\"},\"sameAs\":[\"http:\\\/\\\/www.lasentinelle.dz\"],\"url\":\"https:\\\/\\\/lasentinelle.dz\\\/author\\\/redaction\\\/\"}]}<\/script>\n<!-- \/ Yoast SEO plugin. -->","yoast_head_json":{"title":"En pr\u00e9vision de l\u2019\u00e9t\u00e9\u00a0: Un plan d\u2019urgence pour l\u2019AEP \u00e0 Annaba - La Sentinelle","robots":{"index":"index","follow":"follow","max-snippet":"max-snippet:-1","max-image-preview":"max-image-preview:large","max-video-preview":"max-video-preview:-1"},"canonical":"https:\/\/lasentinelle.dz\/index.php\/2023\/04\/25\/en-prevision-de-lete-un-plan-durgence-pour-laep-a-annaba\/","og_locale":"fr_FR","og_type":"article","og_title":"En pr\u00e9vision de l\u2019\u00e9t\u00e9\u00a0: Un plan d\u2019urgence pour l\u2019AEP \u00e0 Annaba - La Sentinelle","og_description":"Pour la troisi\u00e8me ann\u00e9e cons\u00e9cutive, la wilaya d\u2019Annaba ainsi que plusieurs r\u00e9gions du pays font face \u00e0 un d\u00e9ficit pluviom\u00e9trique","og_url":"https:\/\/lasentinelle.dz\/index.php\/2023\/04\/25\/en-prevision-de-lete-un-plan-durgence-pour-laep-a-annaba\/","og_site_name":"La Sentinelle","article_publisher":"https:\/\/www.facebook.com\/La-Sentinelle-104059864394773","article_published_time":"2023-04-25T21:05:00+00:00","og_image":[{"width":1600,"height":900,"url":"https:\/\/lasentinelle.dz\/wp-content\/uploads\/2022\/10\/eau.png","type":"image\/png"}],"author":"La Sentinelle","twitter_card":"summary_large_image","twitter_misc":{"\u00c9crit par":"La Sentinelle","Dur\u00e9e de lecture estim\u00e9e":"3 minutes"},"schema":{"@context":"https:\/\/schema.org","@graph":[{"@type":"Article","@id":"https:\/\/lasentinelle.dz\/index.php\/2023\/04\/25\/en-prevision-de-lete-un-plan-durgence-pour-laep-a-annaba\/#article","isPartOf":{"@id":"https:\/\/lasentinelle.dz\/index.php\/2023\/04\/25\/en-prevision-de-lete-un-plan-durgence-pour-laep-a-annaba\/"},"author":{"name":"La Sentinelle","@id":"https:\/\/lasentinelle.dz\/#\/schema\/person\/d865044e22e70a75174ce8bcad3acfb3"},"headline":"En pr\u00e9vision de l\u2019\u00e9t\u00e9\u00a0: Un plan d\u2019urgence pour l\u2019AEP \u00e0 Annaba","datePublished":"2023-04-25T21:05:00+00:00","mainEntityOfPage":{"@id":"https:\/\/lasentinelle.dz\/index.php\/2023\/04\/25\/en-prevision-de-lete-un-plan-durgence-pour-laep-a-annaba\/"},"wordCount":523,"commentCount":0,"publisher":{"@id":"https:\/\/lasentinelle.dz\/#organization"},"image":{"@id":"https:\/\/lasentinelle.dz\/index.php\/2023\/04\/25\/en-prevision-de-lete-un-plan-durgence-pour-laep-a-annaba\/#primaryimage"},"thumbnailUrl":"https:\/\/lasentinelle.dz\/wp-content\/uploads\/2022\/10\/eau.png","articleSection":["R\u00e9gions"],"inLanguage":"fr-FR","potentialAction":[{"@type":"CommentAction","name":"Comment","target":["https:\/\/lasentinelle.dz\/index.php\/2023\/04\/25\/en-prevision-de-lete-un-plan-durgence-pour-laep-a-annaba\/#respond"]}]},{"@type":"WebPage","@id":"https:\/\/lasentinelle.dz\/index.php\/2023\/04\/25\/en-prevision-de-lete-un-plan-durgence-pour-laep-a-annaba\/","url":"https:\/\/lasentinelle.dz\/index.php\/2023\/04\/25\/en-prevision-de-lete-un-plan-durgence-pour-laep-a-annaba\/","name":"En pr\u00e9vision de l\u2019\u00e9t\u00e9\u00a0: Un plan d\u2019urgence pour l\u2019AEP \u00e0 Annaba - La Sentinelle","isPartOf":{"@id":"https:\/\/lasentinelle.dz\/#website"},"primaryImageOfPage":{"@id":"https:\/\/lasentinelle.dz\/index.php\/2023\/04\/25\/en-prevision-de-lete-un-plan-durgence-pour-laep-a-annaba\/#primaryimage"},"image":{"@id":"https:\/\/lasentinelle.dz\/index.php\/2023\/04\/25\/en-prevision-de-lete-un-plan-durgence-pour-laep-a-annaba\/#primaryimage"},"thumbnailUrl":"https:\/\/lasentinelle.dz\/wp-content\/uploads\/2022\/10\/eau.png","datePublished":"2023-04-25T21:05:00+00:00","breadcrumb":{"@id":"https:\/\/lasentinelle.dz\/index.php\/2023\/04\/25\/en-prevision-de-lete-un-plan-durgence-pour-laep-a-annaba\/#breadcrumb"},"inLanguage":"fr-FR","potentialAction":[{"@type":"ReadAction","target":["https:\/\/lasentinelle.dz\/index.php\/2023\/04\/25\/en-prevision-de-lete-un-plan-durgence-pour-laep-a-annaba\/"]}]},{"@type":"ImageObject","inLanguage":"fr-FR","@id":"https:\/\/lasentinelle.dz\/index.php\/2023\/04\/25\/en-prevision-de-lete-un-plan-durgence-pour-laep-a-annaba\/#primaryimage","url":"https:\/\/lasentinelle.dz\/wp-content\/uploads\/2022\/10\/eau.png","contentUrl":"https:\/\/lasentinelle.dz\/wp-content\/uploads\/2022\/10\/eau.png","width":1600,"height":900},{"@type":"BreadcrumbList","@id":"https:\/\/lasentinelle.dz\/index.php\/2023\/04\/25\/en-prevision-de-lete-un-plan-durgence-pour-laep-a-annaba\/#breadcrumb","itemListElement":[{"@type":"ListItem","position":1,"name":"Accueil","item":"https:\/\/lasentinelle.dz\/"},{"@type":"ListItem","position":2,"name":"En pr\u00e9vision de l\u2019\u00e9t\u00e9\u00a0: Un plan d\u2019urgence pour l\u2019AEP \u00e0 Annaba"}]},{"@type":"WebSite","@id":"https:\/\/lasentinelle.dz\/#website","url":"https:\/\/lasentinelle.dz\/","name":"La Sentinelle","description":"Quotidien national d&#039;information","publisher":{"@id":"https:\/\/lasentinelle.dz\/#organization"},"potentialAction":[{"@type":"SearchAction","target":{"@type":"EntryPoint","urlTemplate":"https:\/\/lasentinelle.dz\/?s={search_term_string}"},"query-input":{"@type":"PropertyValueSpecification","valueRequired":true,"valueName":"search_term_string"}}],"inLanguage":"fr-FR"},{"@type":"Organization","@id":"https:\/\/lasentinelle.dz\/#organization","name":"Quotidien La Sentinelle","url":"https:\/\/lasentinelle.dz\/","logo":{"@type":"ImageObject","inLanguage":"fr-FR","@id":"https:\/\/lasentinelle.dz\/#\/schema\/logo\/image\/","url":"https:\/\/lasentinelle.dz\/wp-content\/uploads\/2021\/09\/logo-sentinelleSLOGAN-1.png","contentUrl":"https:\/\/lasentinelle.dz\/wp-content\/uploads\/2021\/09\/logo-sentinelleSLOGAN-1.png","width":615,"height":142,"caption":"Quotidien La Sentinelle"},"image":{"@id":"https:\/\/lasentinelle.dz\/#\/schema\/logo\/image\/"},"sameAs":["https:\/\/www.facebook.com\/La-Sentinelle-104059864394773"]},{"@type":"Person","@id":"https:\/\/lasentinelle.dz\/#\/schema\/person\/d865044e22e70a75174ce8bcad3acfb3","name":"La Sentinelle","image":{"@type":"ImageObject","inLanguage":"fr-FR","@id":"https:\/\/secure.gravatar.com\/avatar\/57de8e5d4b15d43fb361a71fbb36338450fe67865b528a43dd10ef7c51a20392?s=96&d=mm&r=g","url":"https:\/\/secure.gravatar.com\/avatar\/57de8e5d4b15d43fb361a71fbb36338450fe67865b528a43dd10ef7c51a20392?s=96&d=mm&r=g","contentUrl":"https:\/\/secure.gravatar.com\/avatar\/57de8e5d4b15d43fb361a71fbb36338450fe67865b528a43dd10ef7c51a20392?s=96&d=mm&r=g","caption":"La Sentinelle"},"sameAs":["http:\/\/www.lasentinelle.dz"],"url":"https:\/\/lasentinelle.dz\/author\/redaction\/"}]}},"_links":{"self":[{"href":"https:\/\/lasentinelle.dz\/index.php\/wp-json\/wp\/v2\/posts\/40060","targetHints":{"allow":["GET"]}}],"collection":[{"href":"https:\/\/lasentinelle.dz\/index.php\/wp-json\/wp\/v2\/posts"}],"about":[{"href":"https:\/\/lasentinelle.dz\/index.php\/wp-json\/wp\/v2\/types\/post"}],"author":[{"embeddable":true,"href":"https:\/\/lasentinelle.dz\/index.php\/wp-json\/wp\/v2\/users\/3"}],"replies":[{"embeddable":true,"href":"https:\/\/lasentinelle.dz\/index.php\/wp-json\/wp\/v2\/comments?post=40060"}],"version-history":[{"count":1,"href":"https:\/\/lasentinelle.dz\/index.php\/wp-json\/wp\/v2\/posts\/40060\/revisions"}],"predecessor-version":[{"id":40063,"href":"https:\/\/lasentinelle.dz\/index.php\/wp-json\/wp\/v2\/posts\/40060\/revisions\/40063"}],"wp:featuredmedia":[{"embeddable":true,"href":"https:\/\/lasentinelle.dz\/index.php\/wp-json\/wp\/v2\/media\/28521"}],"wp:attachment":[{"href":"https:\/\/lasentinelle.dz\/index.php\/wp-json\/wp\/v2\/media?parent=40060"}],"wp:term":[{"taxonomy":"category","embeddable":true,"href":"https:\/\/lasentinelle.dz\/index.php\/wp-json\/wp\/v2\/categories?post=40060"},{"taxonomy":"post_tag","embeddable":true,"href":"https:\/\/lasentinelle.dz\/index.php\/wp-json\/wp\/v2\/tags?post=40060"}],"curies":[{"name":"wp","href":"https:\/\/api.w.org\/{rel}","templated":true}]}}