{"id":40082,"date":"2023-04-25T22:05:00","date_gmt":"2023-04-25T21:05:00","guid":{"rendered":"https:\/\/lasentinelle.dz\/?p=40082"},"modified":"2023-04-25T21:22:52","modified_gmt":"2023-04-25T20:22:52","slug":"un-avion-des-forces-aeriennes-mobilise-debut-de-loperation-de-rapatriement-des-ressortissants-algeriens-du-soudan","status":"publish","type":"post","link":"https:\/\/lasentinelle.dz\/index.php\/2023\/04\/25\/un-avion-des-forces-aeriennes-mobilise-debut-de-loperation-de-rapatriement-des-ressortissants-algeriens-du-soudan\/","title":{"rendered":"Un avion des forces a\u00e9riennes mobilis\u00e9\u00a0: D\u00e9but de l\u2019op\u00e9ration de rapatriement des ressortissants alg\u00e9riens du Soudan"},"content":{"rendered":"\n<p>L\u2019op\u00e9ration de rapatriement des ressortissants alg\u00e9riens du Soudan, qui conna\u00eet une crise majeure dans le sillage des violents affrontements entre l&rsquo;arm\u00e9e soudanaise et les Forces de soutien rapide, a \u00e9t\u00e9 lanc\u00e9e hier. Ainsi, un avion des Forces a\u00e9riennes alg\u00e9riennes a d\u00e9coll\u00e9 hier depuis l&rsquo;a\u00e9roport international de Port-Soudan, transportant des membres de la communaut\u00e9 nationale, contraints de quitter ce pays et devait atterrir hier soir en Alg\u00e9rie. Il faut rappeler dans ce contexte que le minist\u00e8re des<\/p>\n\n\n\n<p>Affaires \u00e9trang\u00e8res et de la Communaut\u00e9 nationale \u00e0 l&rsquo;\u00e9tranger avait annonc\u00e9, lundi dans un communiqu\u00e9, qu\u2019\u00a0\u00bben application des instructions du pr\u00e9sident de la R\u00e9publique, M. Abdelmadjid Tebboune, et dans le cadre des mesures prises pour prendre en charge les membres de la communaut\u00e9 nationale au Soudan, suite \u00e0 la crise d\u00e9plorable que connait ce pays fr\u00e8re, une op\u00e9ration d&rsquo;\u00e9vacuation des membres de la communaut\u00e9 nationale \u00e9tablis au Soudan et d\u00e9sirant quitter ce pays, et du staff de l&rsquo;ambassade d&rsquo;Alg\u00e9rie \u00e0 Khartoum, a \u00e9t\u00e9 lanc\u00e9e\u00a0\u00bb, soulignant que \u00ab\u00a0tous les moyens ont \u00e9t\u00e9 mobilis\u00e9s pour assurer la r\u00e9ussite de l&rsquo;op\u00e9ration\u00a0\u00bb. Il a \u00e9galement assur\u00e9 \u00ab&nbsp;suivre de pr\u00e8s&nbsp;\u00bb la situation au Soudan \u00e0 travers une cellule de crise mise en place \u00e0 cet effet, sous la pr\u00e9sidence du Secr\u00e9taire g\u00e9n\u00e9ral du minist\u00e8re, appelant les ressortissants alg\u00e9riens se trouvxant dans ce pays \u00e0 faire preuve de vigilance et de prudence et \u00e0 rester en contact permanent avec ses services via le num\u00e9ro vert 00213.21.504.500 et l&rsquo;adresse \u00e9lectronique: <a href=\"mailto:cvgc.alertes@mae.dz\">cvgc.alertes@mae.dz<\/a>.<\/p>\n\n\n\n<p><strong>22 Syriens et 16 palestiniens \u00e9vacu\u00e9s<\/strong><\/p>\n\n\n\n<p>Notons par ailleurs que dans le respect de ses principes de solidarit\u00e9 et d\u2019entraide, l\u2019Alg\u00e9rie a \u00e9vacu\u00e9 des ressortissants palestiniens et syriens dans le cadre de la m\u00eame op\u00e9ration. C\u2019est dans ce contexte que l\u2019ambassadeur de Palestine \u00e0 Alger Faiez Abu Aita a tenu \u00e0 remercier l\u2019Alg\u00e9rie pour l\u2019aide apport\u00e9e \u00e0 16 ressortissants palestiniens qui ont \u00e9t\u00e9 \u00e9vacu\u00e9s du Soudan par les l\u2019avion des forces a\u00e9riennes alg\u00e9riennes.&nbsp; De son c\u00f4t\u00e9, l&rsquo;ambassadeur de Syrie en Alg\u00e9rie, Namir Ouahib El Ghanem, qui a \u00e9t\u00e9 re\u00e7u hier en audience&nbsp; par le pr\u00e9sident de la R\u00e9publique, \u00e0 la fin de sa mission en Alg\u00e9rie a pr\u00e9sent\u00e9 ses remerciements \u00e0 l&rsquo;Alg\u00e9rie pour l&rsquo;aide apport\u00e9e \u00e0 son pays dans le rapatriement de 22 ressortissants syriens du Soudan. &nbsp;\u00ab&nbsp;Je remercie le Pr\u00e9sident Tebboune pour sa grande r\u00e9activit\u00e9 en nous aidant \u00e0 rapatrier 22 ressortissants syriens \u00e0 bord des avions rapatriant les fr\u00e8res alg\u00e9riens. Nos concitoyens ont \u00e9t\u00e9 plac\u00e9s dans des endroits s\u00fbrs au Soudan\u00a0\u00bb, a indiqu\u00e9 le diplomatique dans une d\u00e9claration \u00e0 la presse au sortir de l\u2019audience au Palais d\u2019El-Mouradia. Il a dans ce sens rappel\u00e9 que l\u2019Alg\u00e9rie s\u2019est toujours illustr\u00e9e par sa solidarit\u00e9 envers les peuples arabes et la Syrie. \u00ab&nbsp;Cela n&rsquo;est point \u00e9trange venant de l&rsquo;Alg\u00e9rie et de son Pr\u00e9sident\u00a0\u00bb, a-t-il affirm\u00e9. Concernant les discussions tenues au cours de cette audience, le diplomate syrien a mis en exergue, \u00e0 cet \u00e9gard, \u00ab\u00a0la volont\u00e9 politique des pr\u00e9sidents Abdelmadjid Tebboune et Bachar Al-Assad de porter les relations bilat\u00e9rales au rang de relations exemplaires et devenir ainsi un mod\u00e8le pour les relations interarabes\u00a0\u00bb. \u00ab\u00a0Nous n&rsquo;oublierons pas le soutien apport\u00e9 par l&rsquo;Alg\u00e9rie durant notre dure \u00e9preuve\u00a0\u00bb, a-t-il dit, rappelant que l&rsquo;Alg\u00e9rie avait insist\u00e9 sur la pr\u00e9sence de la Syrie au Sommet arabe qu&rsquo;elle a abrit\u00e9 d\u00e9but novembre dernier. L&rsquo;ambassadeur syrien a \u00e9mis le souhait de voir l&rsquo;Alg\u00e9rie \u00ab\u00a0demeurer alti\u00e8re et forte sous la conduite du Pr\u00e9sident Abdelmadjid Tebboune\u00a0\u00bb.<\/p>\n\n\n\n<p><strong>Chokri Hafed<\/strong><\/p>\n","protected":false},"excerpt":{"rendered":"<p>L\u2019op\u00e9ration de rapatriement des ressortissants alg\u00e9riens du Soudan, qui conna\u00eet une crise majeure dans le sillage des violents affrontements entre<\/p>\n","protected":false},"author":3,"featured_media":40087,"comment_status":"open","ping_status":"closed","sticky":false,"template":"","format":"standard","meta":{"colormag_page_container_layout":"default_layout","colormag_page_sidebar_layout":"default_layout","om_disable_all_campaigns":false,"_monsterinsights_skip_tracking":false,"_monsterinsights_sitenote_active":false,"_monsterinsights_sitenote_note":"","_monsterinsights_sitenote_category":0,"footnotes":"","_wpscppro_dont_share_socialmedia":false,"_wpscppro_custom_social_share_image":0,"_facebook_share_type":"","_twitter_share_type":"","_linkedin_share_type":"","_pinterest_share_type":"","_linkedin_share_type_page":"","_instagram_share_type":"","_medium_share_type":"","_threads_share_type":"","_google_business_share_type":"","_selected_social_profile":[],"_wpsp_enable_custom_social_template":false,"_wpsp_social_scheduling":{"enabled":false,"datetime":null,"platforms":[],"status":"template_only","dateOption":"today","timeOption":"now","customDays":"","customHours":"","customDate":"","customTime":"","schedulingType":"absolute"},"_wpsp_active_default_template":true},"categories":[27],"tags":[],"class_list":["post-40082","post","type-post","status-publish","format-standard","has-post-thumbnail","hentry","category-actualite"],"aioseo_notices":[],"yoast_head":"<!-- This site is optimized with the Yoast SEO plugin v27.4 - https:\/\/yoast.com\/product\/yoast-seo-wordpress\/ -->\n<title>Un avion des forces a\u00e9riennes mobilis\u00e9\u00a0: D\u00e9but de l\u2019op\u00e9ration de rapatriement des ressortissants alg\u00e9riens du Soudan - La Sentinelle<\/title>\n<meta name=\"robots\" content=\"index, follow, max-snippet:-1, max-image-preview:large, max-video-preview:-1\" \/>\n<link rel=\"canonical\" href=\"https:\/\/lasentinelle.dz\/index.php\/2023\/04\/25\/un-avion-des-forces-aeriennes-mobilise-debut-de-loperation-de-rapatriement-des-ressortissants-algeriens-du-soudan\/\" \/>\n<meta property=\"og:locale\" content=\"fr_FR\" \/>\n<meta property=\"og:type\" content=\"article\" \/>\n<meta property=\"og:title\" content=\"Un avion des forces a\u00e9riennes mobilis\u00e9\u00a0: D\u00e9but de l\u2019op\u00e9ration de rapatriement des ressortissants alg\u00e9riens du Soudan - La Sentinelle\" \/>\n<meta property=\"og:description\" content=\"L\u2019op\u00e9ration de rapatriement des ressortissants alg\u00e9riens du Soudan, qui conna\u00eet une crise majeure dans le sillage des violents affrontements entre\" \/>\n<meta property=\"og:url\" content=\"https:\/\/lasentinelle.dz\/index.php\/2023\/04\/25\/un-avion-des-forces-aeriennes-mobilise-debut-de-loperation-de-rapatriement-des-ressortissants-algeriens-du-soudan\/\" \/>\n<meta property=\"og:site_name\" content=\"La Sentinelle\" \/>\n<meta property=\"article:publisher\" content=\"https:\/\/www.facebook.com\/La-Sentinelle-104059864394773\" \/>\n<meta property=\"article:published_time\" content=\"2023-04-25T21:05:00+00:00\" \/>\n<meta property=\"og:image\" content=\"https:\/\/lasentinelle.dz\/wp-content\/uploads\/2023\/04\/image_2023-04-25_212221997.png\" \/>\n\t<meta property=\"og:image:width\" content=\"800\" \/>\n\t<meta property=\"og:image:height\" content=\"486\" \/>\n\t<meta property=\"og:image:type\" content=\"image\/png\" \/>\n<meta name=\"author\" content=\"La Sentinelle\" \/>\n<meta name=\"twitter:card\" content=\"summary_large_image\" \/>\n<meta name=\"twitter:label1\" content=\"\u00c9crit par\" \/>\n\t<meta name=\"twitter:data1\" content=\"La Sentinelle\" \/>\n\t<meta name=\"twitter:label2\" content=\"Dur\u00e9e de lecture estim\u00e9e\" \/>\n\t<meta name=\"twitter:data2\" content=\"3 minutes\" \/>\n<script type=\"application\/ld+json\" class=\"yoast-schema-graph\">{\"@context\":\"https:\\\/\\\/schema.org\",\"@graph\":[{\"@type\":\"Article\",\"@id\":\"https:\\\/\\\/lasentinelle.dz\\\/index.php\\\/2023\\\/04\\\/25\\\/un-avion-des-forces-aeriennes-mobilise-debut-de-loperation-de-rapatriement-des-ressortissants-algeriens-du-soudan\\\/#article\",\"isPartOf\":{\"@id\":\"https:\\\/\\\/lasentinelle.dz\\\/index.php\\\/2023\\\/04\\\/25\\\/un-avion-des-forces-aeriennes-mobilise-debut-de-loperation-de-rapatriement-des-ressortissants-algeriens-du-soudan\\\/\"},\"author\":{\"name\":\"La Sentinelle\",\"@id\":\"https:\\\/\\\/lasentinelle.dz\\\/#\\\/schema\\\/person\\\/d865044e22e70a75174ce8bcad3acfb3\"},\"headline\":\"Un avion des forces a\u00e9riennes mobilis\u00e9\u00a0: D\u00e9but de l\u2019op\u00e9ration de rapatriement des ressortissants alg\u00e9riens du Soudan\",\"datePublished\":\"2023-04-25T21:05:00+00:00\",\"mainEntityOfPage\":{\"@id\":\"https:\\\/\\\/lasentinelle.dz\\\/index.php\\\/2023\\\/04\\\/25\\\/un-avion-des-forces-aeriennes-mobilise-debut-de-loperation-de-rapatriement-des-ressortissants-algeriens-du-soudan\\\/\"},\"wordCount\":668,\"commentCount\":0,\"publisher\":{\"@id\":\"https:\\\/\\\/lasentinelle.dz\\\/#organization\"},\"image\":{\"@id\":\"https:\\\/\\\/lasentinelle.dz\\\/index.php\\\/2023\\\/04\\\/25\\\/un-avion-des-forces-aeriennes-mobilise-debut-de-loperation-de-rapatriement-des-ressortissants-algeriens-du-soudan\\\/#primaryimage\"},\"thumbnailUrl\":\"https:\\\/\\\/lasentinelle.dz\\\/wp-content\\\/uploads\\\/2023\\\/04\\\/image_2023-04-25_212221997.png\",\"articleSection\":[\"Actualit\u00e9\"],\"inLanguage\":\"fr-FR\",\"potentialAction\":[{\"@type\":\"CommentAction\",\"name\":\"Comment\",\"target\":[\"https:\\\/\\\/lasentinelle.dz\\\/index.php\\\/2023\\\/04\\\/25\\\/un-avion-des-forces-aeriennes-mobilise-debut-de-loperation-de-rapatriement-des-ressortissants-algeriens-du-soudan\\\/#respond\"]}]},{\"@type\":\"WebPage\",\"@id\":\"https:\\\/\\\/lasentinelle.dz\\\/index.php\\\/2023\\\/04\\\/25\\\/un-avion-des-forces-aeriennes-mobilise-debut-de-loperation-de-rapatriement-des-ressortissants-algeriens-du-soudan\\\/\",\"url\":\"https:\\\/\\\/lasentinelle.dz\\\/index.php\\\/2023\\\/04\\\/25\\\/un-avion-des-forces-aeriennes-mobilise-debut-de-loperation-de-rapatriement-des-ressortissants-algeriens-du-soudan\\\/\",\"name\":\"Un avion des forces a\u00e9riennes mobilis\u00e9\u00a0: D\u00e9but de l\u2019op\u00e9ration de rapatriement des ressortissants alg\u00e9riens du Soudan - La Sentinelle\",\"isPartOf\":{\"@id\":\"https:\\\/\\\/lasentinelle.dz\\\/#website\"},\"primaryImageOfPage\":{\"@id\":\"https:\\\/\\\/lasentinelle.dz\\\/index.php\\\/2023\\\/04\\\/25\\\/un-avion-des-forces-aeriennes-mobilise-debut-de-loperation-de-rapatriement-des-ressortissants-algeriens-du-soudan\\\/#primaryimage\"},\"image\":{\"@id\":\"https:\\\/\\\/lasentinelle.dz\\\/index.php\\\/2023\\\/04\\\/25\\\/un-avion-des-forces-aeriennes-mobilise-debut-de-loperation-de-rapatriement-des-ressortissants-algeriens-du-soudan\\\/#primaryimage\"},\"thumbnailUrl\":\"https:\\\/\\\/lasentinelle.dz\\\/wp-content\\\/uploads\\\/2023\\\/04\\\/image_2023-04-25_212221997.png\",\"datePublished\":\"2023-04-25T21:05:00+00:00\",\"breadcrumb\":{\"@id\":\"https:\\\/\\\/lasentinelle.dz\\\/index.php\\\/2023\\\/04\\\/25\\\/un-avion-des-forces-aeriennes-mobilise-debut-de-loperation-de-rapatriement-des-ressortissants-algeriens-du-soudan\\\/#breadcrumb\"},\"inLanguage\":\"fr-FR\",\"potentialAction\":[{\"@type\":\"ReadAction\",\"target\":[\"https:\\\/\\\/lasentinelle.dz\\\/index.php\\\/2023\\\/04\\\/25\\\/un-avion-des-forces-aeriennes-mobilise-debut-de-loperation-de-rapatriement-des-ressortissants-algeriens-du-soudan\\\/\"]}]},{\"@type\":\"ImageObject\",\"inLanguage\":\"fr-FR\",\"@id\":\"https:\\\/\\\/lasentinelle.dz\\\/index.php\\\/2023\\\/04\\\/25\\\/un-avion-des-forces-aeriennes-mobilise-debut-de-loperation-de-rapatriement-des-ressortissants-algeriens-du-soudan\\\/#primaryimage\",\"url\":\"https:\\\/\\\/lasentinelle.dz\\\/wp-content\\\/uploads\\\/2023\\\/04\\\/image_2023-04-25_212221997.png\",\"contentUrl\":\"https:\\\/\\\/lasentinelle.dz\\\/wp-content\\\/uploads\\\/2023\\\/04\\\/image_2023-04-25_212221997.png\",\"width\":800,\"height\":486},{\"@type\":\"BreadcrumbList\",\"@id\":\"https:\\\/\\\/lasentinelle.dz\\\/index.php\\\/2023\\\/04\\\/25\\\/un-avion-des-forces-aeriennes-mobilise-debut-de-loperation-de-rapatriement-des-ressortissants-algeriens-du-soudan\\\/#breadcrumb\",\"itemListElement\":[{\"@type\":\"ListItem\",\"position\":1,\"name\":\"Accueil\",\"item\":\"https:\\\/\\\/lasentinelle.dz\\\/\"},{\"@type\":\"ListItem\",\"position\":2,\"name\":\"Un avion des forces a\u00e9riennes mobilis\u00e9\u00a0: D\u00e9but de l\u2019op\u00e9ration de rapatriement des ressortissants alg\u00e9riens du Soudan\"}]},{\"@type\":\"WebSite\",\"@id\":\"https:\\\/\\\/lasentinelle.dz\\\/#website\",\"url\":\"https:\\\/\\\/lasentinelle.dz\\\/\",\"name\":\"La Sentinelle\",\"description\":\"Quotidien national d&#039;information\",\"publisher\":{\"@id\":\"https:\\\/\\\/lasentinelle.dz\\\/#organization\"},\"potentialAction\":[{\"@type\":\"SearchAction\",\"target\":{\"@type\":\"EntryPoint\",\"urlTemplate\":\"https:\\\/\\\/lasentinelle.dz\\\/?s={search_term_string}\"},\"query-input\":{\"@type\":\"PropertyValueSpecification\",\"valueRequired\":true,\"valueName\":\"search_term_string\"}}],\"inLanguage\":\"fr-FR\"},{\"@type\":\"Organization\",\"@id\":\"https:\\\/\\\/lasentinelle.dz\\\/#organization\",\"name\":\"Quotidien La Sentinelle\",\"url\":\"https:\\\/\\\/lasentinelle.dz\\\/\",\"logo\":{\"@type\":\"ImageObject\",\"inLanguage\":\"fr-FR\",\"@id\":\"https:\\\/\\\/lasentinelle.dz\\\/#\\\/schema\\\/logo\\\/image\\\/\",\"url\":\"https:\\\/\\\/lasentinelle.dz\\\/wp-content\\\/uploads\\\/2021\\\/09\\\/logo-sentinelleSLOGAN-1.png\",\"contentUrl\":\"https:\\\/\\\/lasentinelle.dz\\\/wp-content\\\/uploads\\\/2021\\\/09\\\/logo-sentinelleSLOGAN-1.png\",\"width\":615,\"height\":142,\"caption\":\"Quotidien La Sentinelle\"},\"image\":{\"@id\":\"https:\\\/\\\/lasentinelle.dz\\\/#\\\/schema\\\/logo\\\/image\\\/\"},\"sameAs\":[\"https:\\\/\\\/www.facebook.com\\\/La-Sentinelle-104059864394773\"]},{\"@type\":\"Person\",\"@id\":\"https:\\\/\\\/lasentinelle.dz\\\/#\\\/schema\\\/person\\\/d865044e22e70a75174ce8bcad3acfb3\",\"name\":\"La Sentinelle\",\"image\":{\"@type\":\"ImageObject\",\"inLanguage\":\"fr-FR\",\"@id\":\"https:\\\/\\\/secure.gravatar.com\\\/avatar\\\/57de8e5d4b15d43fb361a71fbb36338450fe67865b528a43dd10ef7c51a20392?s=96&d=mm&r=g\",\"url\":\"https:\\\/\\\/secure.gravatar.com\\\/avatar\\\/57de8e5d4b15d43fb361a71fbb36338450fe67865b528a43dd10ef7c51a20392?s=96&d=mm&r=g\",\"contentUrl\":\"https:\\\/\\\/secure.gravatar.com\\\/avatar\\\/57de8e5d4b15d43fb361a71fbb36338450fe67865b528a43dd10ef7c51a20392?s=96&d=mm&r=g\",\"caption\":\"La Sentinelle\"},\"sameAs\":[\"http:\\\/\\\/www.lasentinelle.dz\"],\"url\":\"https:\\\/\\\/lasentinelle.dz\\\/author\\\/redaction\\\/\"}]}<\/script>\n<!-- \/ Yoast SEO plugin. -->","yoast_head_json":{"title":"Un avion des forces a\u00e9riennes mobilis\u00e9\u00a0: D\u00e9but de l\u2019op\u00e9ration de rapatriement des ressortissants alg\u00e9riens du Soudan - La Sentinelle","robots":{"index":"index","follow":"follow","max-snippet":"max-snippet:-1","max-image-preview":"max-image-preview:large","max-video-preview":"max-video-preview:-1"},"canonical":"https:\/\/lasentinelle.dz\/index.php\/2023\/04\/25\/un-avion-des-forces-aeriennes-mobilise-debut-de-loperation-de-rapatriement-des-ressortissants-algeriens-du-soudan\/","og_locale":"fr_FR","og_type":"article","og_title":"Un avion des forces a\u00e9riennes mobilis\u00e9\u00a0: D\u00e9but de l\u2019op\u00e9ration de rapatriement des ressortissants alg\u00e9riens du Soudan - La Sentinelle","og_description":"L\u2019op\u00e9ration de rapatriement des ressortissants alg\u00e9riens du Soudan, qui conna\u00eet une crise majeure dans le sillage des violents affrontements entre","og_url":"https:\/\/lasentinelle.dz\/index.php\/2023\/04\/25\/un-avion-des-forces-aeriennes-mobilise-debut-de-loperation-de-rapatriement-des-ressortissants-algeriens-du-soudan\/","og_site_name":"La Sentinelle","article_publisher":"https:\/\/www.facebook.com\/La-Sentinelle-104059864394773","article_published_time":"2023-04-25T21:05:00+00:00","og_image":[{"width":800,"height":486,"url":"https:\/\/lasentinelle.dz\/wp-content\/uploads\/2023\/04\/image_2023-04-25_212221997.png","type":"image\/png"}],"author":"La Sentinelle","twitter_card":"summary_large_image","twitter_misc":{"\u00c9crit par":"La Sentinelle","Dur\u00e9e de lecture estim\u00e9e":"3 minutes"},"schema":{"@context":"https:\/\/schema.org","@graph":[{"@type":"Article","@id":"https:\/\/lasentinelle.dz\/index.php\/2023\/04\/25\/un-avion-des-forces-aeriennes-mobilise-debut-de-loperation-de-rapatriement-des-ressortissants-algeriens-du-soudan\/#article","isPartOf":{"@id":"https:\/\/lasentinelle.dz\/index.php\/2023\/04\/25\/un-avion-des-forces-aeriennes-mobilise-debut-de-loperation-de-rapatriement-des-ressortissants-algeriens-du-soudan\/"},"author":{"name":"La Sentinelle","@id":"https:\/\/lasentinelle.dz\/#\/schema\/person\/d865044e22e70a75174ce8bcad3acfb3"},"headline":"Un avion des forces a\u00e9riennes mobilis\u00e9\u00a0: D\u00e9but de l\u2019op\u00e9ration de rapatriement des ressortissants alg\u00e9riens du Soudan","datePublished":"2023-04-25T21:05:00+00:00","mainEntityOfPage":{"@id":"https:\/\/lasentinelle.dz\/index.php\/2023\/04\/25\/un-avion-des-forces-aeriennes-mobilise-debut-de-loperation-de-rapatriement-des-ressortissants-algeriens-du-soudan\/"},"wordCount":668,"commentCount":0,"publisher":{"@id":"https:\/\/lasentinelle.dz\/#organization"},"image":{"@id":"https:\/\/lasentinelle.dz\/index.php\/2023\/04\/25\/un-avion-des-forces-aeriennes-mobilise-debut-de-loperation-de-rapatriement-des-ressortissants-algeriens-du-soudan\/#primaryimage"},"thumbnailUrl":"https:\/\/lasentinelle.dz\/wp-content\/uploads\/2023\/04\/image_2023-04-25_212221997.png","articleSection":["Actualit\u00e9"],"inLanguage":"fr-FR","potentialAction":[{"@type":"CommentAction","name":"Comment","target":["https:\/\/lasentinelle.dz\/index.php\/2023\/04\/25\/un-avion-des-forces-aeriennes-mobilise-debut-de-loperation-de-rapatriement-des-ressortissants-algeriens-du-soudan\/#respond"]}]},{"@type":"WebPage","@id":"https:\/\/lasentinelle.dz\/index.php\/2023\/04\/25\/un-avion-des-forces-aeriennes-mobilise-debut-de-loperation-de-rapatriement-des-ressortissants-algeriens-du-soudan\/","url":"https:\/\/lasentinelle.dz\/index.php\/2023\/04\/25\/un-avion-des-forces-aeriennes-mobilise-debut-de-loperation-de-rapatriement-des-ressortissants-algeriens-du-soudan\/","name":"Un avion des forces a\u00e9riennes mobilis\u00e9\u00a0: D\u00e9but de l\u2019op\u00e9ration de rapatriement des ressortissants alg\u00e9riens du Soudan - La Sentinelle","isPartOf":{"@id":"https:\/\/lasentinelle.dz\/#website"},"primaryImageOfPage":{"@id":"https:\/\/lasentinelle.dz\/index.php\/2023\/04\/25\/un-avion-des-forces-aeriennes-mobilise-debut-de-loperation-de-rapatriement-des-ressortissants-algeriens-du-soudan\/#primaryimage"},"image":{"@id":"https:\/\/lasentinelle.dz\/index.php\/2023\/04\/25\/un-avion-des-forces-aeriennes-mobilise-debut-de-loperation-de-rapatriement-des-ressortissants-algeriens-du-soudan\/#primaryimage"},"thumbnailUrl":"https:\/\/lasentinelle.dz\/wp-content\/uploads\/2023\/04\/image_2023-04-25_212221997.png","datePublished":"2023-04-25T21:05:00+00:00","breadcrumb":{"@id":"https:\/\/lasentinelle.dz\/index.php\/2023\/04\/25\/un-avion-des-forces-aeriennes-mobilise-debut-de-loperation-de-rapatriement-des-ressortissants-algeriens-du-soudan\/#breadcrumb"},"inLanguage":"fr-FR","potentialAction":[{"@type":"ReadAction","target":["https:\/\/lasentinelle.dz\/index.php\/2023\/04\/25\/un-avion-des-forces-aeriennes-mobilise-debut-de-loperation-de-rapatriement-des-ressortissants-algeriens-du-soudan\/"]}]},{"@type":"ImageObject","inLanguage":"fr-FR","@id":"https:\/\/lasentinelle.dz\/index.php\/2023\/04\/25\/un-avion-des-forces-aeriennes-mobilise-debut-de-loperation-de-rapatriement-des-ressortissants-algeriens-du-soudan\/#primaryimage","url":"https:\/\/lasentinelle.dz\/wp-content\/uploads\/2023\/04\/image_2023-04-25_212221997.png","contentUrl":"https:\/\/lasentinelle.dz\/wp-content\/uploads\/2023\/04\/image_2023-04-25_212221997.png","width":800,"height":486},{"@type":"BreadcrumbList","@id":"https:\/\/lasentinelle.dz\/index.php\/2023\/04\/25\/un-avion-des-forces-aeriennes-mobilise-debut-de-loperation-de-rapatriement-des-ressortissants-algeriens-du-soudan\/#breadcrumb","itemListElement":[{"@type":"ListItem","position":1,"name":"Accueil","item":"https:\/\/lasentinelle.dz\/"},{"@type":"ListItem","position":2,"name":"Un avion des forces a\u00e9riennes mobilis\u00e9\u00a0: D\u00e9but de l\u2019op\u00e9ration de rapatriement des ressortissants alg\u00e9riens du Soudan"}]},{"@type":"WebSite","@id":"https:\/\/lasentinelle.dz\/#website","url":"https:\/\/lasentinelle.dz\/","name":"La Sentinelle","description":"Quotidien national d&#039;information","publisher":{"@id":"https:\/\/lasentinelle.dz\/#organization"},"potentialAction":[{"@type":"SearchAction","target":{"@type":"EntryPoint","urlTemplate":"https:\/\/lasentinelle.dz\/?s={search_term_string}"},"query-input":{"@type":"PropertyValueSpecification","valueRequired":true,"valueName":"search_term_string"}}],"inLanguage":"fr-FR"},{"@type":"Organization","@id":"https:\/\/lasentinelle.dz\/#organization","name":"Quotidien La Sentinelle","url":"https:\/\/lasentinelle.dz\/","logo":{"@type":"ImageObject","inLanguage":"fr-FR","@id":"https:\/\/lasentinelle.dz\/#\/schema\/logo\/image\/","url":"https:\/\/lasentinelle.dz\/wp-content\/uploads\/2021\/09\/logo-sentinelleSLOGAN-1.png","contentUrl":"https:\/\/lasentinelle.dz\/wp-content\/uploads\/2021\/09\/logo-sentinelleSLOGAN-1.png","width":615,"height":142,"caption":"Quotidien La Sentinelle"},"image":{"@id":"https:\/\/lasentinelle.dz\/#\/schema\/logo\/image\/"},"sameAs":["https:\/\/www.facebook.com\/La-Sentinelle-104059864394773"]},{"@type":"Person","@id":"https:\/\/lasentinelle.dz\/#\/schema\/person\/d865044e22e70a75174ce8bcad3acfb3","name":"La Sentinelle","image":{"@type":"ImageObject","inLanguage":"fr-FR","@id":"https:\/\/secure.gravatar.com\/avatar\/57de8e5d4b15d43fb361a71fbb36338450fe67865b528a43dd10ef7c51a20392?s=96&d=mm&r=g","url":"https:\/\/secure.gravatar.com\/avatar\/57de8e5d4b15d43fb361a71fbb36338450fe67865b528a43dd10ef7c51a20392?s=96&d=mm&r=g","contentUrl":"https:\/\/secure.gravatar.com\/avatar\/57de8e5d4b15d43fb361a71fbb36338450fe67865b528a43dd10ef7c51a20392?s=96&d=mm&r=g","caption":"La Sentinelle"},"sameAs":["http:\/\/www.lasentinelle.dz"],"url":"https:\/\/lasentinelle.dz\/author\/redaction\/"}]}},"_links":{"self":[{"href":"https:\/\/lasentinelle.dz\/index.php\/wp-json\/wp\/v2\/posts\/40082","targetHints":{"allow":["GET"]}}],"collection":[{"href":"https:\/\/lasentinelle.dz\/index.php\/wp-json\/wp\/v2\/posts"}],"about":[{"href":"https:\/\/lasentinelle.dz\/index.php\/wp-json\/wp\/v2\/types\/post"}],"author":[{"embeddable":true,"href":"https:\/\/lasentinelle.dz\/index.php\/wp-json\/wp\/v2\/users\/3"}],"replies":[{"embeddable":true,"href":"https:\/\/lasentinelle.dz\/index.php\/wp-json\/wp\/v2\/comments?post=40082"}],"version-history":[{"count":1,"href":"https:\/\/lasentinelle.dz\/index.php\/wp-json\/wp\/v2\/posts\/40082\/revisions"}],"predecessor-version":[{"id":40089,"href":"https:\/\/lasentinelle.dz\/index.php\/wp-json\/wp\/v2\/posts\/40082\/revisions\/40089"}],"wp:featuredmedia":[{"embeddable":true,"href":"https:\/\/lasentinelle.dz\/index.php\/wp-json\/wp\/v2\/media\/40087"}],"wp:attachment":[{"href":"https:\/\/lasentinelle.dz\/index.php\/wp-json\/wp\/v2\/media?parent=40082"}],"wp:term":[{"taxonomy":"category","embeddable":true,"href":"https:\/\/lasentinelle.dz\/index.php\/wp-json\/wp\/v2\/categories?post=40082"},{"taxonomy":"post_tag","embeddable":true,"href":"https:\/\/lasentinelle.dz\/index.php\/wp-json\/wp\/v2\/tags?post=40082"}],"curies":[{"name":"wp","href":"https:\/\/api.w.org\/{rel}","templated":true}]}}