{"id":40105,"date":"2023-04-26T22:15:00","date_gmt":"2023-04-26T21:15:00","guid":{"rendered":"https:\/\/lasentinelle.dz\/?p=40105"},"modified":"2023-04-26T20:43:20","modified_gmt":"2023-04-26T19:43:20","slug":"cooperation-accord-dalger-et-situation-au-sahel-ce-que-attaf-a-dit-aux-autorites-maliennes","status":"publish","type":"post","link":"https:\/\/lasentinelle.dz\/index.php\/2023\/04\/26\/cooperation-accord-dalger-et-situation-au-sahel-ce-que-attaf-a-dit-aux-autorites-maliennes\/","title":{"rendered":"Coop\u00e9ration, Accord d\u2019Alger et situation au Sahel\u00a0: Ce que Attaf a dit aux autorit\u00e9s maliennes"},"content":{"rendered":"\n<p>Pour son tout premier d\u00e9placement \u00e0 l\u2019\u00e9tranger en tant que ministre des Affaires \u00e9trang\u00e8res et de la Communaut\u00e9 nationale \u00e0 l&rsquo;\u00e9tranger, Ahmed Attaf a choisi de se rendre en Mauritanie et au Mali. Pour bon nombre d\u2019observateurs, ce choix n\u2019est pas fortuit. Il ne fait que confirmer l\u2019importance qu\u2019accorde l\u2019Alg\u00e9rie \u00e0 ces deux pays.<\/p>\n\n\n\n<p>Le successeur de Ramtane Lamamra \u00e0 la t\u00eate de la diplomatie alg\u00e9rienne a d\u2019ailleurs confirm\u00e9 au micro dans d\u2019un m\u00e9dia mauritanien que \u00ab le choix de Nouakchott comme premi\u00e8re capitale qu&rsquo;il visite depuis sa nomination \u00e0 la t\u00eate de la diplomatie alg\u00e9rienne, constitue la preuve de la solidit\u00e9 des relations entre l&rsquo;Alg\u00e9rie et la Mauritanie et t\u00e9moigne de la forte volont\u00e9 du pr\u00e9sident de la R\u00e9publique, Abdelmadjid Tebboune, de hisser ces relations \u00ab\u00a0aux plus hauts niveaux\u00a0\u00bb \u00bb. C\u2019est pratiquement le m\u00eame message que Ahmed Attaf a d\u00e9livr\u00e9 aux autorit\u00e9s maliennes de transition \u00e0 son arriv\u00e9e mardi soir \u00e0 Bamako en sa qualit\u00e9 d&rsquo;envoy\u00e9 sp\u00e9cial du pr\u00e9sident Abdelmadjid Tebboune. Comme pour son d\u00e9placement en Mauritanie, Ahmed Attaf s\u2019est rendu au Mali pour renforcer les relations bilat\u00e9rales et soutenir le processus de paix dans ce pays voisin.<\/p>\n\n\n\n<p>Sur place, le ministre Ahmed Attaf a eu des entretiens bilat\u00e9raux avec son homologue malien, Abdoulaye Diop, en pr\u00e9sence du ministre de la D\u00e9fense nationale et des Anciens combattants et du ministre de la R\u00e9conciliation nationale charg\u00e9 de l&rsquo;Accord de paix et de r\u00e9conciliation au Mali issu du Processus d&rsquo;Alger, selon la m\u00eame source. Les entretiens bilat\u00e9raux ont ensuite \u00e9t\u00e9 \u00e9largis aux d\u00e9l\u00e9gations des deux pays, lors d&rsquo;une s\u00e9ance de travail ax\u00e9e sur \u00ab les moyens de renforcer les relations de coop\u00e9ration entre les deux pays, et d&rsquo;aplanir les obstacles qui entravent actuellement les efforts de parach\u00e8vement du Processus de paix et de r\u00e9conciliation au Mali \u00bb, pr\u00e9cise un communiqu\u00e9 des Affaires \u00e9trang\u00e8res et de la Communaut\u00e9 nationale \u00e0 l\u2019\u00e9tranger.<\/p>\n\n\n\n<p>Les deux parties ont par ailleurs pass\u00e9 en revue la coop\u00e9ration bilat\u00e9rale dans des domaines li\u00e9s aux t\u00e9l\u00e9communications, \u00e0 la fibre optique, aux hydrocarbures, \u00e0 l&rsquo;enseignement sup\u00e9rieur, \u00e0 la formation et \u00e0 l&rsquo;augmentation du nombre de vols vers Bamako pour faire de cette derni\u00e8re un p\u00f4le r\u00e9gional continental. Les deux responsables ont \u00e9voqu\u00e9 les prochaines \u00e9ch\u00e9ances qui lient les deux pays dans les domaines politique, \u00e9conomique et commercial, en sus du suivi de la mise en \u0153uvre des projets d\u00e9cid\u00e9s par le pr\u00e9sident de la R\u00e9publique au profit de la r\u00e9gion de Kidal et pris en charge par l&rsquo;Agence alg\u00e9rienne de coop\u00e9ration internationale pour la solidarit\u00e9 et le d\u00e9veloppement.<\/p>\n\n\n\n<p>A cette occasion, le chef de la diplomatie alg\u00e9rienne a r\u00e9affirm\u00e9 \u00ab la solidarit\u00e9 constante de l&rsquo;Alg\u00e9rie et son soutien permanent \u00e0 la R\u00e9publique du Mali pour la r\u00e9alisation des priorit\u00e9s de l&rsquo;\u00e9tape de transition et la concr\u00e9tisation des \u00e9ch\u00e9ances nationales permettant le retour du pays \u00e0 la situation constitutionnelle dans les d\u00e9lais fix\u00e9s de fa\u00e7on souveraine par le Mali, pays fr\u00e8re \u00bb, saluant ses efforts visant \u00ab \u00e0 faire face aux d\u00e9fis s\u00e9curitaires impos\u00e9s par les menaces terroristes \u00bb.<\/p>\n\n\n\n<p>Attaf a soulign\u00e9, en outre, la disponibilit\u00e9 de l&rsquo;Alg\u00e9rie d&rsquo;intensifier ses efforts visant \u00e0 restaurer et conforter la confiance entre les parties maliennes signataires de l&rsquo;accord et de les accompagner vers la cristallisation des consensus n\u00e9cessaires pour aller de l&rsquo;avant dans la concr\u00e9tisation de l&rsquo;accord sur terrain en vue de pr\u00e9server l&rsquo;unit\u00e9 du pays et son peuple\u00a0\u00bb, a ajout\u00e9 le communiqu\u00e9 qui rappelle l&rsquo;attachement de l\u2019Alg\u00e9rie \u00e0 la s\u00e9curit\u00e9 et \u00e0 la stabilit\u00e9 de la R\u00e9publique du Mali, pays fr\u00e8re, et en sa qualit\u00e9 de chef de file de la m\u00e9diation internationale et pr\u00e9sidente du Comit\u00e9 de suivi de la mise en \u0153uvre de l&rsquo;Accord pour la paix et la r\u00e9conciliation au Mali. La visite de M. Attaf au Mali tombe \u00e0 point nomm\u00e9 dans la mesure o\u00f9 les tensions se sont multipli\u00e9es ces derni\u00e8res semaines entre Bamako et les groupes politico-militaires du nord malien. Sa pr\u00e9sence \u00e0 Bamako devrait contribuer \u00e0 apaiser ces tensions qui menacent l\u2019accord de paix d\u2019Alger.<\/p>\n\n\n\n<p><strong>Renforcer la coordination<\/strong><\/p>\n\n\n\n<p>Pour sa part, la partie malienne a exprim\u00e9, par la voix de son ministre des Affaires \u00e9trang\u00e8res et de coop\u00e9ration internationale, Abdoulaye Diop, sa grande consid\u00e9ration \u00e0 l&rsquo;\u00e9gard des efforts inlassables consentis par l&rsquo;Alg\u00e9rie, sous la conduite du Pr\u00e9sident Abdelmadjid Tebboune, pour soutenir la R\u00e9publique du Mali sur tous les plans, notamment en cette p\u00e9riode charni\u00e8re de son histoire contemporaine. Il a \u00e9t\u00e9 convenu d&rsquo;intensifier la concertation et la coordination entre les deux parties en pr\u00e9vision des prochaines \u00e9ch\u00e9ances bilat\u00e9rales et celles relatives \u00e0 l&rsquo;activit\u00e9 des m\u00e9canismes de mise en \u0153uvre de l&rsquo;accord d&rsquo;Alger. M. Attaf a \u00e9t\u00e9, par ailleurs, re\u00e7u hier par le pr\u00e9sident du Conseil national malien de transition (CNT), le colonel Malick Diaw. Selon un communiqu\u00e9 du minist\u00e8re, les entretiens qui se sont d\u00e9roul\u00e9s en pr\u00e9sence de d\u00e9put\u00e9s maliens membres du CNT, ont port\u00e9 sur les relations bilat\u00e9rales et les perspectives de leur renforcement, notamment dans le domaine parlementaire, \u00e0 travers l&rsquo;installation du groupe d&rsquo;amiti\u00e9 parlementaire et l&rsquo;intensification des \u00e9changes et des visites entre les deux institutions l\u00e9gislatives \u00e0 diff\u00e9rents niveaux, \u00ab\u00a0en vue de contribuer, en tant que levier important dans la prospection et la concr\u00e9tisation des perspectives prometteuses pour les relations alg\u00e9ro-maliennes\u00a0\u00bb. Les deux parties ont \u00e9galement abord\u00e9 \u00ab\u00a0le r\u00f4le du CNT dans la concr\u00e9tisation des \u00e9ch\u00e9ances nationales maliennes en lien avec la gestion de la phase de transition actuelle, outre les d\u00e9veloppements relatifs \u00e0 la mise en \u0153uvre de l&rsquo;Accord de paix et de r\u00e9conciliation au Mali issu du processus d&rsquo;Alger, la situation qui pr\u00e9vaut au plan r\u00e9gional, ainsi que le r\u00f4le du Comit\u00e9 d&rsquo;Etat-major op\u00e9rationnel conjoint (CEMOC) dans la lutte contre les menaces li\u00e9es \u00e0 la propagation des deux fl\u00e9aux du terrorisme et du crime organis\u00e9 dans la r\u00e9gion\u00a0\u00bb, conclut le communiqu\u00e9.<\/p>\n\n\n\n<p>Khider Larbi<\/p>\n","protected":false},"excerpt":{"rendered":"<p>Pour son tout premier d\u00e9placement \u00e0 l\u2019\u00e9tranger en tant que ministre des Affaires \u00e9trang\u00e8res et de la Communaut\u00e9 nationale \u00e0<\/p>\n","protected":false},"author":3,"featured_media":40110,"comment_status":"open","ping_status":"closed","sticky":false,"template":"","format":"standard","meta":{"colormag_page_container_layout":"default_layout","colormag_page_sidebar_layout":"default_layout","om_disable_all_campaigns":false,"_monsterinsights_skip_tracking":false,"_monsterinsights_sitenote_active":false,"_monsterinsights_sitenote_note":"","_monsterinsights_sitenote_category":0,"footnotes":"","_wpscppro_dont_share_socialmedia":false,"_wpscppro_custom_social_share_image":0,"_facebook_share_type":"","_twitter_share_type":"","_linkedin_share_type":"","_pinterest_share_type":"","_linkedin_share_type_page":"","_instagram_share_type":"","_medium_share_type":"","_threads_share_type":"","_google_business_share_type":"","_selected_social_profile":[],"_wpsp_enable_custom_social_template":false,"_wpsp_social_scheduling":{"enabled":false,"datetime":null,"platforms":[],"status":"template_only","dateOption":"today","timeOption":"now","customDays":"","customHours":"","customDate":"","customTime":"","schedulingType":"absolute"},"_wpsp_active_default_template":true},"categories":[52,27],"tags":[],"class_list":["post-40105","post","type-post","status-publish","format-standard","has-post-thumbnail","hentry","category-a-la-une","category-actualite"],"aioseo_notices":[],"yoast_head":"<!-- This site is optimized with the Yoast SEO plugin v27.5 - https:\/\/yoast.com\/product\/yoast-seo-wordpress\/ -->\n<title>Coop\u00e9ration, Accord d\u2019Alger et situation au Sahel\u00a0: Ce que Attaf a dit aux autorit\u00e9s maliennes - La Sentinelle<\/title>\n<meta name=\"robots\" content=\"index, follow, max-snippet:-1, max-image-preview:large, max-video-preview:-1\" \/>\n<link rel=\"canonical\" href=\"https:\/\/lasentinelle.dz\/index.php\/2023\/04\/26\/cooperation-accord-dalger-et-situation-au-sahel-ce-que-attaf-a-dit-aux-autorites-maliennes\/\" \/>\n<meta property=\"og:locale\" content=\"fr_FR\" \/>\n<meta property=\"og:type\" content=\"article\" \/>\n<meta property=\"og:title\" content=\"Coop\u00e9ration, Accord d\u2019Alger et situation au Sahel\u00a0: Ce que Attaf a dit aux autorit\u00e9s maliennes - La Sentinelle\" \/>\n<meta property=\"og:description\" content=\"Pour son tout premier d\u00e9placement \u00e0 l\u2019\u00e9tranger en tant que ministre des Affaires \u00e9trang\u00e8res et de la Communaut\u00e9 nationale \u00e0\" \/>\n<meta property=\"og:url\" content=\"https:\/\/lasentinelle.dz\/index.php\/2023\/04\/26\/cooperation-accord-dalger-et-situation-au-sahel-ce-que-attaf-a-dit-aux-autorites-maliennes\/\" \/>\n<meta property=\"og:site_name\" content=\"La Sentinelle\" \/>\n<meta property=\"article:publisher\" content=\"https:\/\/www.facebook.com\/La-Sentinelle-104059864394773\" \/>\n<meta property=\"article:published_time\" content=\"2023-04-26T21:15:00+00:00\" \/>\n<meta property=\"og:image\" content=\"https:\/\/lasentinelle.dz\/wp-content\/uploads\/2023\/04\/mali.png\" \/>\n\t<meta property=\"og:image:width\" content=\"1200\" \/>\n\t<meta property=\"og:image:height\" content=\"900\" \/>\n\t<meta property=\"og:image:type\" content=\"image\/png\" \/>\n<meta name=\"author\" content=\"La Sentinelle\" \/>\n<meta name=\"twitter:card\" content=\"summary_large_image\" \/>\n<meta name=\"twitter:label1\" content=\"\u00c9crit par\" \/>\n\t<meta name=\"twitter:data1\" content=\"La Sentinelle\" \/>\n\t<meta name=\"twitter:label2\" content=\"Dur\u00e9e de lecture estim\u00e9e\" \/>\n\t<meta name=\"twitter:data2\" content=\"5 minutes\" \/>\n<script type=\"application\/ld+json\" class=\"yoast-schema-graph\">{\"@context\":\"https:\\\/\\\/schema.org\",\"@graph\":[{\"@type\":\"Article\",\"@id\":\"https:\\\/\\\/lasentinelle.dz\\\/index.php\\\/2023\\\/04\\\/26\\\/cooperation-accord-dalger-et-situation-au-sahel-ce-que-attaf-a-dit-aux-autorites-maliennes\\\/#article\",\"isPartOf\":{\"@id\":\"https:\\\/\\\/lasentinelle.dz\\\/index.php\\\/2023\\\/04\\\/26\\\/cooperation-accord-dalger-et-situation-au-sahel-ce-que-attaf-a-dit-aux-autorites-maliennes\\\/\"},\"author\":{\"name\":\"La Sentinelle\",\"@id\":\"https:\\\/\\\/lasentinelle.dz\\\/#\\\/schema\\\/person\\\/d865044e22e70a75174ce8bcad3acfb3\"},\"headline\":\"Coop\u00e9ration, Accord d\u2019Alger et situation au Sahel\u00a0: Ce que Attaf a dit aux autorit\u00e9s maliennes\",\"datePublished\":\"2023-04-26T21:15:00+00:00\",\"mainEntityOfPage\":{\"@id\":\"https:\\\/\\\/lasentinelle.dz\\\/index.php\\\/2023\\\/04\\\/26\\\/cooperation-accord-dalger-et-situation-au-sahel-ce-que-attaf-a-dit-aux-autorites-maliennes\\\/\"},\"wordCount\":1103,\"commentCount\":0,\"publisher\":{\"@id\":\"https:\\\/\\\/lasentinelle.dz\\\/#organization\"},\"image\":{\"@id\":\"https:\\\/\\\/lasentinelle.dz\\\/index.php\\\/2023\\\/04\\\/26\\\/cooperation-accord-dalger-et-situation-au-sahel-ce-que-attaf-a-dit-aux-autorites-maliennes\\\/#primaryimage\"},\"thumbnailUrl\":\"https:\\\/\\\/lasentinelle.dz\\\/wp-content\\\/uploads\\\/2023\\\/04\\\/mali.png\",\"articleSection\":[\"\u00c0 la Une\",\"Actualit\u00e9\"],\"inLanguage\":\"fr-FR\",\"potentialAction\":[{\"@type\":\"CommentAction\",\"name\":\"Comment\",\"target\":[\"https:\\\/\\\/lasentinelle.dz\\\/index.php\\\/2023\\\/04\\\/26\\\/cooperation-accord-dalger-et-situation-au-sahel-ce-que-attaf-a-dit-aux-autorites-maliennes\\\/#respond\"]}]},{\"@type\":\"WebPage\",\"@id\":\"https:\\\/\\\/lasentinelle.dz\\\/index.php\\\/2023\\\/04\\\/26\\\/cooperation-accord-dalger-et-situation-au-sahel-ce-que-attaf-a-dit-aux-autorites-maliennes\\\/\",\"url\":\"https:\\\/\\\/lasentinelle.dz\\\/index.php\\\/2023\\\/04\\\/26\\\/cooperation-accord-dalger-et-situation-au-sahel-ce-que-attaf-a-dit-aux-autorites-maliennes\\\/\",\"name\":\"Coop\u00e9ration, Accord d\u2019Alger et situation au Sahel\u00a0: Ce que Attaf a dit aux autorit\u00e9s maliennes - La Sentinelle\",\"isPartOf\":{\"@id\":\"https:\\\/\\\/lasentinelle.dz\\\/#website\"},\"primaryImageOfPage\":{\"@id\":\"https:\\\/\\\/lasentinelle.dz\\\/index.php\\\/2023\\\/04\\\/26\\\/cooperation-accord-dalger-et-situation-au-sahel-ce-que-attaf-a-dit-aux-autorites-maliennes\\\/#primaryimage\"},\"image\":{\"@id\":\"https:\\\/\\\/lasentinelle.dz\\\/index.php\\\/2023\\\/04\\\/26\\\/cooperation-accord-dalger-et-situation-au-sahel-ce-que-attaf-a-dit-aux-autorites-maliennes\\\/#primaryimage\"},\"thumbnailUrl\":\"https:\\\/\\\/lasentinelle.dz\\\/wp-content\\\/uploads\\\/2023\\\/04\\\/mali.png\",\"datePublished\":\"2023-04-26T21:15:00+00:00\",\"breadcrumb\":{\"@id\":\"https:\\\/\\\/lasentinelle.dz\\\/index.php\\\/2023\\\/04\\\/26\\\/cooperation-accord-dalger-et-situation-au-sahel-ce-que-attaf-a-dit-aux-autorites-maliennes\\\/#breadcrumb\"},\"inLanguage\":\"fr-FR\",\"potentialAction\":[{\"@type\":\"ReadAction\",\"target\":[\"https:\\\/\\\/lasentinelle.dz\\\/index.php\\\/2023\\\/04\\\/26\\\/cooperation-accord-dalger-et-situation-au-sahel-ce-que-attaf-a-dit-aux-autorites-maliennes\\\/\"]}]},{\"@type\":\"ImageObject\",\"inLanguage\":\"fr-FR\",\"@id\":\"https:\\\/\\\/lasentinelle.dz\\\/index.php\\\/2023\\\/04\\\/26\\\/cooperation-accord-dalger-et-situation-au-sahel-ce-que-attaf-a-dit-aux-autorites-maliennes\\\/#primaryimage\",\"url\":\"https:\\\/\\\/lasentinelle.dz\\\/wp-content\\\/uploads\\\/2023\\\/04\\\/mali.png\",\"contentUrl\":\"https:\\\/\\\/lasentinelle.dz\\\/wp-content\\\/uploads\\\/2023\\\/04\\\/mali.png\",\"width\":1200,\"height\":900},{\"@type\":\"BreadcrumbList\",\"@id\":\"https:\\\/\\\/lasentinelle.dz\\\/index.php\\\/2023\\\/04\\\/26\\\/cooperation-accord-dalger-et-situation-au-sahel-ce-que-attaf-a-dit-aux-autorites-maliennes\\\/#breadcrumb\",\"itemListElement\":[{\"@type\":\"ListItem\",\"position\":1,\"name\":\"Accueil\",\"item\":\"https:\\\/\\\/lasentinelle.dz\\\/\"},{\"@type\":\"ListItem\",\"position\":2,\"name\":\"Coop\u00e9ration, Accord d\u2019Alger et situation au Sahel\u00a0: Ce que Attaf a dit aux autorit\u00e9s maliennes\"}]},{\"@type\":\"WebSite\",\"@id\":\"https:\\\/\\\/lasentinelle.dz\\\/#website\",\"url\":\"https:\\\/\\\/lasentinelle.dz\\\/\",\"name\":\"La Sentinelle\",\"description\":\"Quotidien national d&#039;information\",\"publisher\":{\"@id\":\"https:\\\/\\\/lasentinelle.dz\\\/#organization\"},\"potentialAction\":[{\"@type\":\"SearchAction\",\"target\":{\"@type\":\"EntryPoint\",\"urlTemplate\":\"https:\\\/\\\/lasentinelle.dz\\\/?s={search_term_string}\"},\"query-input\":{\"@type\":\"PropertyValueSpecification\",\"valueRequired\":true,\"valueName\":\"search_term_string\"}}],\"inLanguage\":\"fr-FR\"},{\"@type\":\"Organization\",\"@id\":\"https:\\\/\\\/lasentinelle.dz\\\/#organization\",\"name\":\"Quotidien La Sentinelle\",\"url\":\"https:\\\/\\\/lasentinelle.dz\\\/\",\"logo\":{\"@type\":\"ImageObject\",\"inLanguage\":\"fr-FR\",\"@id\":\"https:\\\/\\\/lasentinelle.dz\\\/#\\\/schema\\\/logo\\\/image\\\/\",\"url\":\"https:\\\/\\\/lasentinelle.dz\\\/wp-content\\\/uploads\\\/2021\\\/09\\\/logo-sentinelleSLOGAN-1.png\",\"contentUrl\":\"https:\\\/\\\/lasentinelle.dz\\\/wp-content\\\/uploads\\\/2021\\\/09\\\/logo-sentinelleSLOGAN-1.png\",\"width\":615,\"height\":142,\"caption\":\"Quotidien La Sentinelle\"},\"image\":{\"@id\":\"https:\\\/\\\/lasentinelle.dz\\\/#\\\/schema\\\/logo\\\/image\\\/\"},\"sameAs\":[\"https:\\\/\\\/www.facebook.com\\\/La-Sentinelle-104059864394773\"]},{\"@type\":\"Person\",\"@id\":\"https:\\\/\\\/lasentinelle.dz\\\/#\\\/schema\\\/person\\\/d865044e22e70a75174ce8bcad3acfb3\",\"name\":\"La Sentinelle\",\"image\":{\"@type\":\"ImageObject\",\"inLanguage\":\"fr-FR\",\"@id\":\"https:\\\/\\\/secure.gravatar.com\\\/avatar\\\/57de8e5d4b15d43fb361a71fbb36338450fe67865b528a43dd10ef7c51a20392?s=96&d=mm&r=g\",\"url\":\"https:\\\/\\\/secure.gravatar.com\\\/avatar\\\/57de8e5d4b15d43fb361a71fbb36338450fe67865b528a43dd10ef7c51a20392?s=96&d=mm&r=g\",\"contentUrl\":\"https:\\\/\\\/secure.gravatar.com\\\/avatar\\\/57de8e5d4b15d43fb361a71fbb36338450fe67865b528a43dd10ef7c51a20392?s=96&d=mm&r=g\",\"caption\":\"La Sentinelle\"},\"sameAs\":[\"http:\\\/\\\/www.lasentinelle.dz\"],\"url\":\"https:\\\/\\\/lasentinelle.dz\\\/author\\\/redaction\\\/\"}]}<\/script>\n<!-- \/ Yoast SEO plugin. -->","yoast_head_json":{"title":"Coop\u00e9ration, Accord d\u2019Alger et situation au Sahel\u00a0: Ce que Attaf a dit aux autorit\u00e9s maliennes - La Sentinelle","robots":{"index":"index","follow":"follow","max-snippet":"max-snippet:-1","max-image-preview":"max-image-preview:large","max-video-preview":"max-video-preview:-1"},"canonical":"https:\/\/lasentinelle.dz\/index.php\/2023\/04\/26\/cooperation-accord-dalger-et-situation-au-sahel-ce-que-attaf-a-dit-aux-autorites-maliennes\/","og_locale":"fr_FR","og_type":"article","og_title":"Coop\u00e9ration, Accord d\u2019Alger et situation au Sahel\u00a0: Ce que Attaf a dit aux autorit\u00e9s maliennes - La Sentinelle","og_description":"Pour son tout premier d\u00e9placement \u00e0 l\u2019\u00e9tranger en tant que ministre des Affaires \u00e9trang\u00e8res et de la Communaut\u00e9 nationale \u00e0","og_url":"https:\/\/lasentinelle.dz\/index.php\/2023\/04\/26\/cooperation-accord-dalger-et-situation-au-sahel-ce-que-attaf-a-dit-aux-autorites-maliennes\/","og_site_name":"La Sentinelle","article_publisher":"https:\/\/www.facebook.com\/La-Sentinelle-104059864394773","article_published_time":"2023-04-26T21:15:00+00:00","og_image":[{"width":1200,"height":900,"url":"https:\/\/lasentinelle.dz\/wp-content\/uploads\/2023\/04\/mali.png","type":"image\/png"}],"author":"La Sentinelle","twitter_card":"summary_large_image","twitter_misc":{"\u00c9crit par":"La Sentinelle","Dur\u00e9e de lecture estim\u00e9e":"5 minutes"},"schema":{"@context":"https:\/\/schema.org","@graph":[{"@type":"Article","@id":"https:\/\/lasentinelle.dz\/index.php\/2023\/04\/26\/cooperation-accord-dalger-et-situation-au-sahel-ce-que-attaf-a-dit-aux-autorites-maliennes\/#article","isPartOf":{"@id":"https:\/\/lasentinelle.dz\/index.php\/2023\/04\/26\/cooperation-accord-dalger-et-situation-au-sahel-ce-que-attaf-a-dit-aux-autorites-maliennes\/"},"author":{"name":"La Sentinelle","@id":"https:\/\/lasentinelle.dz\/#\/schema\/person\/d865044e22e70a75174ce8bcad3acfb3"},"headline":"Coop\u00e9ration, Accord d\u2019Alger et situation au Sahel\u00a0: Ce que Attaf a dit aux autorit\u00e9s maliennes","datePublished":"2023-04-26T21:15:00+00:00","mainEntityOfPage":{"@id":"https:\/\/lasentinelle.dz\/index.php\/2023\/04\/26\/cooperation-accord-dalger-et-situation-au-sahel-ce-que-attaf-a-dit-aux-autorites-maliennes\/"},"wordCount":1103,"commentCount":0,"publisher":{"@id":"https:\/\/lasentinelle.dz\/#organization"},"image":{"@id":"https:\/\/lasentinelle.dz\/index.php\/2023\/04\/26\/cooperation-accord-dalger-et-situation-au-sahel-ce-que-attaf-a-dit-aux-autorites-maliennes\/#primaryimage"},"thumbnailUrl":"https:\/\/lasentinelle.dz\/wp-content\/uploads\/2023\/04\/mali.png","articleSection":["\u00c0 la Une","Actualit\u00e9"],"inLanguage":"fr-FR","potentialAction":[{"@type":"CommentAction","name":"Comment","target":["https:\/\/lasentinelle.dz\/index.php\/2023\/04\/26\/cooperation-accord-dalger-et-situation-au-sahel-ce-que-attaf-a-dit-aux-autorites-maliennes\/#respond"]}]},{"@type":"WebPage","@id":"https:\/\/lasentinelle.dz\/index.php\/2023\/04\/26\/cooperation-accord-dalger-et-situation-au-sahel-ce-que-attaf-a-dit-aux-autorites-maliennes\/","url":"https:\/\/lasentinelle.dz\/index.php\/2023\/04\/26\/cooperation-accord-dalger-et-situation-au-sahel-ce-que-attaf-a-dit-aux-autorites-maliennes\/","name":"Coop\u00e9ration, Accord d\u2019Alger et situation au Sahel\u00a0: Ce que Attaf a dit aux autorit\u00e9s maliennes - La Sentinelle","isPartOf":{"@id":"https:\/\/lasentinelle.dz\/#website"},"primaryImageOfPage":{"@id":"https:\/\/lasentinelle.dz\/index.php\/2023\/04\/26\/cooperation-accord-dalger-et-situation-au-sahel-ce-que-attaf-a-dit-aux-autorites-maliennes\/#primaryimage"},"image":{"@id":"https:\/\/lasentinelle.dz\/index.php\/2023\/04\/26\/cooperation-accord-dalger-et-situation-au-sahel-ce-que-attaf-a-dit-aux-autorites-maliennes\/#primaryimage"},"thumbnailUrl":"https:\/\/lasentinelle.dz\/wp-content\/uploads\/2023\/04\/mali.png","datePublished":"2023-04-26T21:15:00+00:00","breadcrumb":{"@id":"https:\/\/lasentinelle.dz\/index.php\/2023\/04\/26\/cooperation-accord-dalger-et-situation-au-sahel-ce-que-attaf-a-dit-aux-autorites-maliennes\/#breadcrumb"},"inLanguage":"fr-FR","potentialAction":[{"@type":"ReadAction","target":["https:\/\/lasentinelle.dz\/index.php\/2023\/04\/26\/cooperation-accord-dalger-et-situation-au-sahel-ce-que-attaf-a-dit-aux-autorites-maliennes\/"]}]},{"@type":"ImageObject","inLanguage":"fr-FR","@id":"https:\/\/lasentinelle.dz\/index.php\/2023\/04\/26\/cooperation-accord-dalger-et-situation-au-sahel-ce-que-attaf-a-dit-aux-autorites-maliennes\/#primaryimage","url":"https:\/\/lasentinelle.dz\/wp-content\/uploads\/2023\/04\/mali.png","contentUrl":"https:\/\/lasentinelle.dz\/wp-content\/uploads\/2023\/04\/mali.png","width":1200,"height":900},{"@type":"BreadcrumbList","@id":"https:\/\/lasentinelle.dz\/index.php\/2023\/04\/26\/cooperation-accord-dalger-et-situation-au-sahel-ce-que-attaf-a-dit-aux-autorites-maliennes\/#breadcrumb","itemListElement":[{"@type":"ListItem","position":1,"name":"Accueil","item":"https:\/\/lasentinelle.dz\/"},{"@type":"ListItem","position":2,"name":"Coop\u00e9ration, Accord d\u2019Alger et situation au Sahel\u00a0: Ce que Attaf a dit aux autorit\u00e9s maliennes"}]},{"@type":"WebSite","@id":"https:\/\/lasentinelle.dz\/#website","url":"https:\/\/lasentinelle.dz\/","name":"La Sentinelle","description":"Quotidien national d&#039;information","publisher":{"@id":"https:\/\/lasentinelle.dz\/#organization"},"potentialAction":[{"@type":"SearchAction","target":{"@type":"EntryPoint","urlTemplate":"https:\/\/lasentinelle.dz\/?s={search_term_string}"},"query-input":{"@type":"PropertyValueSpecification","valueRequired":true,"valueName":"search_term_string"}}],"inLanguage":"fr-FR"},{"@type":"Organization","@id":"https:\/\/lasentinelle.dz\/#organization","name":"Quotidien La Sentinelle","url":"https:\/\/lasentinelle.dz\/","logo":{"@type":"ImageObject","inLanguage":"fr-FR","@id":"https:\/\/lasentinelle.dz\/#\/schema\/logo\/image\/","url":"https:\/\/lasentinelle.dz\/wp-content\/uploads\/2021\/09\/logo-sentinelleSLOGAN-1.png","contentUrl":"https:\/\/lasentinelle.dz\/wp-content\/uploads\/2021\/09\/logo-sentinelleSLOGAN-1.png","width":615,"height":142,"caption":"Quotidien La Sentinelle"},"image":{"@id":"https:\/\/lasentinelle.dz\/#\/schema\/logo\/image\/"},"sameAs":["https:\/\/www.facebook.com\/La-Sentinelle-104059864394773"]},{"@type":"Person","@id":"https:\/\/lasentinelle.dz\/#\/schema\/person\/d865044e22e70a75174ce8bcad3acfb3","name":"La Sentinelle","image":{"@type":"ImageObject","inLanguage":"fr-FR","@id":"https:\/\/secure.gravatar.com\/avatar\/57de8e5d4b15d43fb361a71fbb36338450fe67865b528a43dd10ef7c51a20392?s=96&d=mm&r=g","url":"https:\/\/secure.gravatar.com\/avatar\/57de8e5d4b15d43fb361a71fbb36338450fe67865b528a43dd10ef7c51a20392?s=96&d=mm&r=g","contentUrl":"https:\/\/secure.gravatar.com\/avatar\/57de8e5d4b15d43fb361a71fbb36338450fe67865b528a43dd10ef7c51a20392?s=96&d=mm&r=g","caption":"La Sentinelle"},"sameAs":["http:\/\/www.lasentinelle.dz"],"url":"https:\/\/lasentinelle.dz\/author\/redaction\/"}]}},"_links":{"self":[{"href":"https:\/\/lasentinelle.dz\/index.php\/wp-json\/wp\/v2\/posts\/40105","targetHints":{"allow":["GET"]}}],"collection":[{"href":"https:\/\/lasentinelle.dz\/index.php\/wp-json\/wp\/v2\/posts"}],"about":[{"href":"https:\/\/lasentinelle.dz\/index.php\/wp-json\/wp\/v2\/types\/post"}],"author":[{"embeddable":true,"href":"https:\/\/lasentinelle.dz\/index.php\/wp-json\/wp\/v2\/users\/3"}],"replies":[{"embeddable":true,"href":"https:\/\/lasentinelle.dz\/index.php\/wp-json\/wp\/v2\/comments?post=40105"}],"version-history":[{"count":2,"href":"https:\/\/lasentinelle.dz\/index.php\/wp-json\/wp\/v2\/posts\/40105\/revisions"}],"predecessor-version":[{"id":40174,"href":"https:\/\/lasentinelle.dz\/index.php\/wp-json\/wp\/v2\/posts\/40105\/revisions\/40174"}],"wp:featuredmedia":[{"embeddable":true,"href":"https:\/\/lasentinelle.dz\/index.php\/wp-json\/wp\/v2\/media\/40110"}],"wp:attachment":[{"href":"https:\/\/lasentinelle.dz\/index.php\/wp-json\/wp\/v2\/media?parent=40105"}],"wp:term":[{"taxonomy":"category","embeddable":true,"href":"https:\/\/lasentinelle.dz\/index.php\/wp-json\/wp\/v2\/categories?post=40105"},{"taxonomy":"post_tag","embeddable":true,"href":"https:\/\/lasentinelle.dz\/index.php\/wp-json\/wp\/v2\/tags?post=40105"}],"curies":[{"name":"wp","href":"https:\/\/api.w.org\/{rel}","templated":true}]}}