{"id":40107,"date":"2023-04-26T22:05:00","date_gmt":"2023-04-26T21:05:00","guid":{"rendered":"https:\/\/lasentinelle.dz\/?p=40107"},"modified":"2023-04-26T17:49:38","modified_gmt":"2023-04-26T16:49:38","slug":"arrivee-au-pays-des-ressortissants-algeriens-evacues-du-soudan-merad-lalgerie-nabandonnera-jamais-ses-ressortissants","status":"publish","type":"post","link":"https:\/\/lasentinelle.dz\/index.php\/2023\/04\/26\/arrivee-au-pays-des-ressortissants-algeriens-evacues-du-soudan-merad-lalgerie-nabandonnera-jamais-ses-ressortissants\/","title":{"rendered":"Arriv\u00e9e au pays des ressortissants alg\u00e9riens \u00e9vacu\u00e9s du Soudan\u00a0: Merad\u00a0: l\u2019Alg\u00e9rie \u00ab\u00a0n\u2019abandonnera jamais ses ressortissants\u00a0\u00bb"},"content":{"rendered":"\n<p>Le ministre de l&rsquo;Int\u00e9rieur, des Collectivit\u00e9s locales et de l&rsquo;Am\u00e9nagement du territoire, Brahim Merad, a indiqu\u00e9 mardi soir, alors qu\u2019il accueillait les ressortissants alg\u00e9riens \u00e9vacu\u00e9s du Soudan \u00e0 l&rsquo;a\u00e9roport international d&rsquo;Alger Houari Boumedi\u00e8ne que que \u00a0\u00bb le pr\u00e9sident de la R\u00e9publique n&rsquo;abandonnera pas la communaut\u00e9 nationale \u00e0 l&rsquo;\u00e9tranger, particuli\u00e8rement dans les situations difficiles, comme nous l&rsquo;avons toujours connu\u00a0\u00bb, ajoutant que \u00ab\u00a0l&rsquo;op\u00e9ration d&rsquo;\u00e9vacuation qui est r\u00e9ussie, intervient en application de ses instructions\u00a0\u00bb soulignant que \u00ab\u00a0celle ci a concern\u00e9 les membres de la communaut\u00e9 alg\u00e9rienne \u00e9tablis au Soudan, les membres de la mission diplomatique et leurs familles et que tous les rapatri\u00e9s sont arriv\u00e9s au pays sains et saufs\u00a0\u00bb. &nbsp;Dans le m\u00eame contexte, le ministre a rappel\u00e9 que \u00ab\u00a0le minist\u00e8re des Affaires \u00e9trang\u00e8res et de la Communaut\u00e9 nationale \u00e0 l&rsquo;\u00e9tranger a mobilis\u00e9 tous les moyens n\u00e9cessaires pour la prise en charge de ces ressortissants, et ce en r\u00e9servant les h\u00f4tels pour leur h\u00e9bergement, en assurant tous les moyens de transport disponibles et en les accompagnant jusqu&rsquo;\u00e0 leur domicile \u00e0 travers les quatre coins du pays\u00a0\u00bb. Le ministre s&rsquo;est, par la m\u00eame occasion, f\u00e9licit\u00e9 de \u00ab\u00a0la d\u00e9cision du pr\u00e9sident de la R\u00e9publique portant sur le rapatriement des ressortissants alg\u00e9riens, et salu\u00e9 les forces de l&rsquo;Arm\u00e9e nationale populaire (ANP) qui ont contribu\u00e9 \u00e0 l&rsquo;op\u00e9ration de rapatriement \u00e0 travers l&rsquo;envoi d&rsquo;un avion relevant de ses forces a\u00e9riennes\u00a0\u00bb. &nbsp;De son c\u00f4t\u00e9, l&rsquo;ambassadeur d&rsquo;Alg\u00e9rie en R\u00e9publique du Soudan, Mourad Asaad a rappel\u00e9 que \u00ab\u00a0l&rsquo;op\u00e9ration de rapatriement n&rsquo;a pas seulement concern\u00e9 les ressortissants alg\u00e9riens, mais \u00e9galement des ressortissants palestiniens et syriens\u00a0\u00bb, soulignant qu&rsquo;elle \u00e9tait r\u00e9ussie gr\u00e2ce \u00e0 la coordination entre les diff\u00e9rentes institutions de l&rsquo;Etat, ce qui refl\u00e8te l&rsquo;attachement de l&rsquo;Alg\u00e9rie \u00e0 la s\u00e9curit\u00e9 de ses citoyens et ses ressortissants o\u00f9 qu&rsquo;ils soient\u00a0\u00bb. \u00ab\u00a0Cette op\u00e9ration a \u00e9t\u00e9 couronn\u00e9e de succ\u00e8s gr\u00e2ce \u00e0 l&rsquo;exp\u00e9rience acquise par&nbsp; l&rsquo;Alg\u00e9rie en mati\u00e8re de protection de la s\u00e9curit\u00e9 de ses citoyens, partout et dans les situations les plus difficiles\u00a0\u00bb, a ajout\u00e9 l&rsquo;ambassadeur.<\/p>\n\n\n\n<p><strong>R.N.<\/strong><\/p>\n","protected":false},"excerpt":{"rendered":"<p>Le ministre de l&rsquo;Int\u00e9rieur, des Collectivit\u00e9s locales et de l&rsquo;Am\u00e9nagement du territoire, Brahim Merad, a indiqu\u00e9 mardi soir, alors qu\u2019il<\/p>\n","protected":false},"author":3,"featured_media":40116,"comment_status":"open","ping_status":"closed","sticky":false,"template":"","format":"standard","meta":{"colormag_page_container_layout":"default_layout","colormag_page_sidebar_layout":"default_layout","om_disable_all_campaigns":false,"_monsterinsights_skip_tracking":false,"_monsterinsights_sitenote_active":false,"_monsterinsights_sitenote_note":"","_monsterinsights_sitenote_category":0,"footnotes":"","_wpscppro_dont_share_socialmedia":false,"_wpscppro_custom_social_share_image":0,"_facebook_share_type":"","_twitter_share_type":"","_linkedin_share_type":"","_pinterest_share_type":"","_linkedin_share_type_page":"","_instagram_share_type":"","_medium_share_type":"","_threads_share_type":"","_google_business_share_type":"","_selected_social_profile":[],"_wpsp_enable_custom_social_template":false,"_wpsp_social_scheduling":{"enabled":false,"datetime":null,"platforms":[],"status":"template_only","dateOption":"today","timeOption":"now","customDays":"","customHours":"","customDate":"","customTime":"","schedulingType":"absolute"},"_wpsp_active_default_template":true},"categories":[27],"tags":[],"class_list":["post-40107","post","type-post","status-publish","format-standard","has-post-thumbnail","hentry","category-actualite"],"aioseo_notices":[],"yoast_head":"<!-- This site is optimized with the Yoast SEO plugin v27.5 - https:\/\/yoast.com\/product\/yoast-seo-wordpress\/ -->\n<title>Arriv\u00e9e au pays des ressortissants alg\u00e9riens \u00e9vacu\u00e9s du Soudan\u00a0: Merad\u00a0: l\u2019Alg\u00e9rie \u00ab\u00a0n\u2019abandonnera jamais ses ressortissants\u00a0\u00bb - La Sentinelle<\/title>\n<meta name=\"robots\" content=\"index, follow, max-snippet:-1, max-image-preview:large, max-video-preview:-1\" \/>\n<link rel=\"canonical\" href=\"https:\/\/lasentinelle.dz\/index.php\/2023\/04\/26\/arrivee-au-pays-des-ressortissants-algeriens-evacues-du-soudan-merad-lalgerie-nabandonnera-jamais-ses-ressortissants\/\" \/>\n<meta property=\"og:locale\" content=\"fr_FR\" \/>\n<meta property=\"og:type\" content=\"article\" \/>\n<meta property=\"og:title\" content=\"Arriv\u00e9e au pays des ressortissants alg\u00e9riens \u00e9vacu\u00e9s du Soudan\u00a0: Merad\u00a0: l\u2019Alg\u00e9rie \u00ab\u00a0n\u2019abandonnera jamais ses ressortissants\u00a0\u00bb - La Sentinelle\" \/>\n<meta property=\"og:description\" content=\"Le ministre de l&rsquo;Int\u00e9rieur, des Collectivit\u00e9s locales et de l&rsquo;Am\u00e9nagement du territoire, Brahim Merad, a indiqu\u00e9 mardi soir, alors qu\u2019il\" \/>\n<meta property=\"og:url\" content=\"https:\/\/lasentinelle.dz\/index.php\/2023\/04\/26\/arrivee-au-pays-des-ressortissants-algeriens-evacues-du-soudan-merad-lalgerie-nabandonnera-jamais-ses-ressortissants\/\" \/>\n<meta property=\"og:site_name\" content=\"La Sentinelle\" \/>\n<meta property=\"article:publisher\" content=\"https:\/\/www.facebook.com\/La-Sentinelle-104059864394773\" \/>\n<meta property=\"article:published_time\" content=\"2023-04-26T21:05:00+00:00\" \/>\n<meta property=\"og:image\" content=\"https:\/\/lasentinelle.dz\/wp-content\/uploads\/2023\/04\/wqd.png\" \/>\n\t<meta property=\"og:image:width\" content=\"1350\" \/>\n\t<meta property=\"og:image:height\" content=\"900\" \/>\n\t<meta property=\"og:image:type\" content=\"image\/png\" \/>\n<meta name=\"author\" content=\"La Sentinelle\" \/>\n<meta name=\"twitter:card\" content=\"summary_large_image\" \/>\n<meta name=\"twitter:label1\" content=\"\u00c9crit par\" \/>\n\t<meta name=\"twitter:data1\" content=\"La Sentinelle\" \/>\n\t<meta name=\"twitter:label2\" content=\"Dur\u00e9e de lecture estim\u00e9e\" \/>\n\t<meta name=\"twitter:data2\" content=\"2 minutes\" \/>\n<script type=\"application\/ld+json\" class=\"yoast-schema-graph\">{\"@context\":\"https:\\\/\\\/schema.org\",\"@graph\":[{\"@type\":\"Article\",\"@id\":\"https:\\\/\\\/lasentinelle.dz\\\/index.php\\\/2023\\\/04\\\/26\\\/arrivee-au-pays-des-ressortissants-algeriens-evacues-du-soudan-merad-lalgerie-nabandonnera-jamais-ses-ressortissants\\\/#article\",\"isPartOf\":{\"@id\":\"https:\\\/\\\/lasentinelle.dz\\\/index.php\\\/2023\\\/04\\\/26\\\/arrivee-au-pays-des-ressortissants-algeriens-evacues-du-soudan-merad-lalgerie-nabandonnera-jamais-ses-ressortissants\\\/\"},\"author\":{\"name\":\"La Sentinelle\",\"@id\":\"https:\\\/\\\/lasentinelle.dz\\\/#\\\/schema\\\/person\\\/d865044e22e70a75174ce8bcad3acfb3\"},\"headline\":\"Arriv\u00e9e au pays des ressortissants alg\u00e9riens \u00e9vacu\u00e9s du Soudan\u00a0: Merad\u00a0: l\u2019Alg\u00e9rie \u00ab\u00a0n\u2019abandonnera jamais ses ressortissants\u00a0\u00bb\",\"datePublished\":\"2023-04-26T21:05:00+00:00\",\"mainEntityOfPage\":{\"@id\":\"https:\\\/\\\/lasentinelle.dz\\\/index.php\\\/2023\\\/04\\\/26\\\/arrivee-au-pays-des-ressortissants-algeriens-evacues-du-soudan-merad-lalgerie-nabandonnera-jamais-ses-ressortissants\\\/\"},\"wordCount\":413,\"commentCount\":0,\"publisher\":{\"@id\":\"https:\\\/\\\/lasentinelle.dz\\\/#organization\"},\"image\":{\"@id\":\"https:\\\/\\\/lasentinelle.dz\\\/index.php\\\/2023\\\/04\\\/26\\\/arrivee-au-pays-des-ressortissants-algeriens-evacues-du-soudan-merad-lalgerie-nabandonnera-jamais-ses-ressortissants\\\/#primaryimage\"},\"thumbnailUrl\":\"https:\\\/\\\/lasentinelle.dz\\\/wp-content\\\/uploads\\\/2023\\\/04\\\/wqd.png\",\"articleSection\":[\"Actualit\u00e9\"],\"inLanguage\":\"fr-FR\",\"potentialAction\":[{\"@type\":\"CommentAction\",\"name\":\"Comment\",\"target\":[\"https:\\\/\\\/lasentinelle.dz\\\/index.php\\\/2023\\\/04\\\/26\\\/arrivee-au-pays-des-ressortissants-algeriens-evacues-du-soudan-merad-lalgerie-nabandonnera-jamais-ses-ressortissants\\\/#respond\"]}]},{\"@type\":\"WebPage\",\"@id\":\"https:\\\/\\\/lasentinelle.dz\\\/index.php\\\/2023\\\/04\\\/26\\\/arrivee-au-pays-des-ressortissants-algeriens-evacues-du-soudan-merad-lalgerie-nabandonnera-jamais-ses-ressortissants\\\/\",\"url\":\"https:\\\/\\\/lasentinelle.dz\\\/index.php\\\/2023\\\/04\\\/26\\\/arrivee-au-pays-des-ressortissants-algeriens-evacues-du-soudan-merad-lalgerie-nabandonnera-jamais-ses-ressortissants\\\/\",\"name\":\"Arriv\u00e9e au pays des ressortissants alg\u00e9riens \u00e9vacu\u00e9s du Soudan\u00a0: Merad\u00a0: l\u2019Alg\u00e9rie \u00ab\u00a0n\u2019abandonnera jamais ses ressortissants\u00a0\u00bb - La Sentinelle\",\"isPartOf\":{\"@id\":\"https:\\\/\\\/lasentinelle.dz\\\/#website\"},\"primaryImageOfPage\":{\"@id\":\"https:\\\/\\\/lasentinelle.dz\\\/index.php\\\/2023\\\/04\\\/26\\\/arrivee-au-pays-des-ressortissants-algeriens-evacues-du-soudan-merad-lalgerie-nabandonnera-jamais-ses-ressortissants\\\/#primaryimage\"},\"image\":{\"@id\":\"https:\\\/\\\/lasentinelle.dz\\\/index.php\\\/2023\\\/04\\\/26\\\/arrivee-au-pays-des-ressortissants-algeriens-evacues-du-soudan-merad-lalgerie-nabandonnera-jamais-ses-ressortissants\\\/#primaryimage\"},\"thumbnailUrl\":\"https:\\\/\\\/lasentinelle.dz\\\/wp-content\\\/uploads\\\/2023\\\/04\\\/wqd.png\",\"datePublished\":\"2023-04-26T21:05:00+00:00\",\"breadcrumb\":{\"@id\":\"https:\\\/\\\/lasentinelle.dz\\\/index.php\\\/2023\\\/04\\\/26\\\/arrivee-au-pays-des-ressortissants-algeriens-evacues-du-soudan-merad-lalgerie-nabandonnera-jamais-ses-ressortissants\\\/#breadcrumb\"},\"inLanguage\":\"fr-FR\",\"potentialAction\":[{\"@type\":\"ReadAction\",\"target\":[\"https:\\\/\\\/lasentinelle.dz\\\/index.php\\\/2023\\\/04\\\/26\\\/arrivee-au-pays-des-ressortissants-algeriens-evacues-du-soudan-merad-lalgerie-nabandonnera-jamais-ses-ressortissants\\\/\"]}]},{\"@type\":\"ImageObject\",\"inLanguage\":\"fr-FR\",\"@id\":\"https:\\\/\\\/lasentinelle.dz\\\/index.php\\\/2023\\\/04\\\/26\\\/arrivee-au-pays-des-ressortissants-algeriens-evacues-du-soudan-merad-lalgerie-nabandonnera-jamais-ses-ressortissants\\\/#primaryimage\",\"url\":\"https:\\\/\\\/lasentinelle.dz\\\/wp-content\\\/uploads\\\/2023\\\/04\\\/wqd.png\",\"contentUrl\":\"https:\\\/\\\/lasentinelle.dz\\\/wp-content\\\/uploads\\\/2023\\\/04\\\/wqd.png\",\"width\":1350,\"height\":900},{\"@type\":\"BreadcrumbList\",\"@id\":\"https:\\\/\\\/lasentinelle.dz\\\/index.php\\\/2023\\\/04\\\/26\\\/arrivee-au-pays-des-ressortissants-algeriens-evacues-du-soudan-merad-lalgerie-nabandonnera-jamais-ses-ressortissants\\\/#breadcrumb\",\"itemListElement\":[{\"@type\":\"ListItem\",\"position\":1,\"name\":\"Accueil\",\"item\":\"https:\\\/\\\/lasentinelle.dz\\\/\"},{\"@type\":\"ListItem\",\"position\":2,\"name\":\"Arriv\u00e9e au pays des ressortissants alg\u00e9riens \u00e9vacu\u00e9s du Soudan\u00a0: Merad\u00a0: l\u2019Alg\u00e9rie \u00ab\u00a0n\u2019abandonnera jamais ses ressortissants\u00a0\u00bb\"}]},{\"@type\":\"WebSite\",\"@id\":\"https:\\\/\\\/lasentinelle.dz\\\/#website\",\"url\":\"https:\\\/\\\/lasentinelle.dz\\\/\",\"name\":\"La Sentinelle\",\"description\":\"Quotidien national d&#039;information\",\"publisher\":{\"@id\":\"https:\\\/\\\/lasentinelle.dz\\\/#organization\"},\"potentialAction\":[{\"@type\":\"SearchAction\",\"target\":{\"@type\":\"EntryPoint\",\"urlTemplate\":\"https:\\\/\\\/lasentinelle.dz\\\/?s={search_term_string}\"},\"query-input\":{\"@type\":\"PropertyValueSpecification\",\"valueRequired\":true,\"valueName\":\"search_term_string\"}}],\"inLanguage\":\"fr-FR\"},{\"@type\":\"Organization\",\"@id\":\"https:\\\/\\\/lasentinelle.dz\\\/#organization\",\"name\":\"Quotidien La Sentinelle\",\"url\":\"https:\\\/\\\/lasentinelle.dz\\\/\",\"logo\":{\"@type\":\"ImageObject\",\"inLanguage\":\"fr-FR\",\"@id\":\"https:\\\/\\\/lasentinelle.dz\\\/#\\\/schema\\\/logo\\\/image\\\/\",\"url\":\"https:\\\/\\\/lasentinelle.dz\\\/wp-content\\\/uploads\\\/2021\\\/09\\\/logo-sentinelleSLOGAN-1.png\",\"contentUrl\":\"https:\\\/\\\/lasentinelle.dz\\\/wp-content\\\/uploads\\\/2021\\\/09\\\/logo-sentinelleSLOGAN-1.png\",\"width\":615,\"height\":142,\"caption\":\"Quotidien La Sentinelle\"},\"image\":{\"@id\":\"https:\\\/\\\/lasentinelle.dz\\\/#\\\/schema\\\/logo\\\/image\\\/\"},\"sameAs\":[\"https:\\\/\\\/www.facebook.com\\\/La-Sentinelle-104059864394773\"]},{\"@type\":\"Person\",\"@id\":\"https:\\\/\\\/lasentinelle.dz\\\/#\\\/schema\\\/person\\\/d865044e22e70a75174ce8bcad3acfb3\",\"name\":\"La Sentinelle\",\"image\":{\"@type\":\"ImageObject\",\"inLanguage\":\"fr-FR\",\"@id\":\"https:\\\/\\\/secure.gravatar.com\\\/avatar\\\/57de8e5d4b15d43fb361a71fbb36338450fe67865b528a43dd10ef7c51a20392?s=96&d=mm&r=g\",\"url\":\"https:\\\/\\\/secure.gravatar.com\\\/avatar\\\/57de8e5d4b15d43fb361a71fbb36338450fe67865b528a43dd10ef7c51a20392?s=96&d=mm&r=g\",\"contentUrl\":\"https:\\\/\\\/secure.gravatar.com\\\/avatar\\\/57de8e5d4b15d43fb361a71fbb36338450fe67865b528a43dd10ef7c51a20392?s=96&d=mm&r=g\",\"caption\":\"La Sentinelle\"},\"sameAs\":[\"http:\\\/\\\/www.lasentinelle.dz\"],\"url\":\"https:\\\/\\\/lasentinelle.dz\\\/author\\\/redaction\\\/\"}]}<\/script>\n<!-- \/ Yoast SEO plugin. -->","yoast_head_json":{"title":"Arriv\u00e9e au pays des ressortissants alg\u00e9riens \u00e9vacu\u00e9s du Soudan\u00a0: Merad\u00a0: l\u2019Alg\u00e9rie \u00ab\u00a0n\u2019abandonnera jamais ses ressortissants\u00a0\u00bb - La Sentinelle","robots":{"index":"index","follow":"follow","max-snippet":"max-snippet:-1","max-image-preview":"max-image-preview:large","max-video-preview":"max-video-preview:-1"},"canonical":"https:\/\/lasentinelle.dz\/index.php\/2023\/04\/26\/arrivee-au-pays-des-ressortissants-algeriens-evacues-du-soudan-merad-lalgerie-nabandonnera-jamais-ses-ressortissants\/","og_locale":"fr_FR","og_type":"article","og_title":"Arriv\u00e9e au pays des ressortissants alg\u00e9riens \u00e9vacu\u00e9s du Soudan\u00a0: Merad\u00a0: l\u2019Alg\u00e9rie \u00ab\u00a0n\u2019abandonnera jamais ses ressortissants\u00a0\u00bb - La Sentinelle","og_description":"Le ministre de l&rsquo;Int\u00e9rieur, des Collectivit\u00e9s locales et de l&rsquo;Am\u00e9nagement du territoire, Brahim Merad, a indiqu\u00e9 mardi soir, alors qu\u2019il","og_url":"https:\/\/lasentinelle.dz\/index.php\/2023\/04\/26\/arrivee-au-pays-des-ressortissants-algeriens-evacues-du-soudan-merad-lalgerie-nabandonnera-jamais-ses-ressortissants\/","og_site_name":"La Sentinelle","article_publisher":"https:\/\/www.facebook.com\/La-Sentinelle-104059864394773","article_published_time":"2023-04-26T21:05:00+00:00","og_image":[{"width":1350,"height":900,"url":"https:\/\/lasentinelle.dz\/wp-content\/uploads\/2023\/04\/wqd.png","type":"image\/png"}],"author":"La Sentinelle","twitter_card":"summary_large_image","twitter_misc":{"\u00c9crit par":"La Sentinelle","Dur\u00e9e de lecture estim\u00e9e":"2 minutes"},"schema":{"@context":"https:\/\/schema.org","@graph":[{"@type":"Article","@id":"https:\/\/lasentinelle.dz\/index.php\/2023\/04\/26\/arrivee-au-pays-des-ressortissants-algeriens-evacues-du-soudan-merad-lalgerie-nabandonnera-jamais-ses-ressortissants\/#article","isPartOf":{"@id":"https:\/\/lasentinelle.dz\/index.php\/2023\/04\/26\/arrivee-au-pays-des-ressortissants-algeriens-evacues-du-soudan-merad-lalgerie-nabandonnera-jamais-ses-ressortissants\/"},"author":{"name":"La Sentinelle","@id":"https:\/\/lasentinelle.dz\/#\/schema\/person\/d865044e22e70a75174ce8bcad3acfb3"},"headline":"Arriv\u00e9e au pays des ressortissants alg\u00e9riens \u00e9vacu\u00e9s du Soudan\u00a0: Merad\u00a0: l\u2019Alg\u00e9rie \u00ab\u00a0n\u2019abandonnera jamais ses ressortissants\u00a0\u00bb","datePublished":"2023-04-26T21:05:00+00:00","mainEntityOfPage":{"@id":"https:\/\/lasentinelle.dz\/index.php\/2023\/04\/26\/arrivee-au-pays-des-ressortissants-algeriens-evacues-du-soudan-merad-lalgerie-nabandonnera-jamais-ses-ressortissants\/"},"wordCount":413,"commentCount":0,"publisher":{"@id":"https:\/\/lasentinelle.dz\/#organization"},"image":{"@id":"https:\/\/lasentinelle.dz\/index.php\/2023\/04\/26\/arrivee-au-pays-des-ressortissants-algeriens-evacues-du-soudan-merad-lalgerie-nabandonnera-jamais-ses-ressortissants\/#primaryimage"},"thumbnailUrl":"https:\/\/lasentinelle.dz\/wp-content\/uploads\/2023\/04\/wqd.png","articleSection":["Actualit\u00e9"],"inLanguage":"fr-FR","potentialAction":[{"@type":"CommentAction","name":"Comment","target":["https:\/\/lasentinelle.dz\/index.php\/2023\/04\/26\/arrivee-au-pays-des-ressortissants-algeriens-evacues-du-soudan-merad-lalgerie-nabandonnera-jamais-ses-ressortissants\/#respond"]}]},{"@type":"WebPage","@id":"https:\/\/lasentinelle.dz\/index.php\/2023\/04\/26\/arrivee-au-pays-des-ressortissants-algeriens-evacues-du-soudan-merad-lalgerie-nabandonnera-jamais-ses-ressortissants\/","url":"https:\/\/lasentinelle.dz\/index.php\/2023\/04\/26\/arrivee-au-pays-des-ressortissants-algeriens-evacues-du-soudan-merad-lalgerie-nabandonnera-jamais-ses-ressortissants\/","name":"Arriv\u00e9e au pays des ressortissants alg\u00e9riens \u00e9vacu\u00e9s du Soudan\u00a0: Merad\u00a0: l\u2019Alg\u00e9rie \u00ab\u00a0n\u2019abandonnera jamais ses ressortissants\u00a0\u00bb - La Sentinelle","isPartOf":{"@id":"https:\/\/lasentinelle.dz\/#website"},"primaryImageOfPage":{"@id":"https:\/\/lasentinelle.dz\/index.php\/2023\/04\/26\/arrivee-au-pays-des-ressortissants-algeriens-evacues-du-soudan-merad-lalgerie-nabandonnera-jamais-ses-ressortissants\/#primaryimage"},"image":{"@id":"https:\/\/lasentinelle.dz\/index.php\/2023\/04\/26\/arrivee-au-pays-des-ressortissants-algeriens-evacues-du-soudan-merad-lalgerie-nabandonnera-jamais-ses-ressortissants\/#primaryimage"},"thumbnailUrl":"https:\/\/lasentinelle.dz\/wp-content\/uploads\/2023\/04\/wqd.png","datePublished":"2023-04-26T21:05:00+00:00","breadcrumb":{"@id":"https:\/\/lasentinelle.dz\/index.php\/2023\/04\/26\/arrivee-au-pays-des-ressortissants-algeriens-evacues-du-soudan-merad-lalgerie-nabandonnera-jamais-ses-ressortissants\/#breadcrumb"},"inLanguage":"fr-FR","potentialAction":[{"@type":"ReadAction","target":["https:\/\/lasentinelle.dz\/index.php\/2023\/04\/26\/arrivee-au-pays-des-ressortissants-algeriens-evacues-du-soudan-merad-lalgerie-nabandonnera-jamais-ses-ressortissants\/"]}]},{"@type":"ImageObject","inLanguage":"fr-FR","@id":"https:\/\/lasentinelle.dz\/index.php\/2023\/04\/26\/arrivee-au-pays-des-ressortissants-algeriens-evacues-du-soudan-merad-lalgerie-nabandonnera-jamais-ses-ressortissants\/#primaryimage","url":"https:\/\/lasentinelle.dz\/wp-content\/uploads\/2023\/04\/wqd.png","contentUrl":"https:\/\/lasentinelle.dz\/wp-content\/uploads\/2023\/04\/wqd.png","width":1350,"height":900},{"@type":"BreadcrumbList","@id":"https:\/\/lasentinelle.dz\/index.php\/2023\/04\/26\/arrivee-au-pays-des-ressortissants-algeriens-evacues-du-soudan-merad-lalgerie-nabandonnera-jamais-ses-ressortissants\/#breadcrumb","itemListElement":[{"@type":"ListItem","position":1,"name":"Accueil","item":"https:\/\/lasentinelle.dz\/"},{"@type":"ListItem","position":2,"name":"Arriv\u00e9e au pays des ressortissants alg\u00e9riens \u00e9vacu\u00e9s du Soudan\u00a0: Merad\u00a0: l\u2019Alg\u00e9rie \u00ab\u00a0n\u2019abandonnera jamais ses ressortissants\u00a0\u00bb"}]},{"@type":"WebSite","@id":"https:\/\/lasentinelle.dz\/#website","url":"https:\/\/lasentinelle.dz\/","name":"La Sentinelle","description":"Quotidien national d&#039;information","publisher":{"@id":"https:\/\/lasentinelle.dz\/#organization"},"potentialAction":[{"@type":"SearchAction","target":{"@type":"EntryPoint","urlTemplate":"https:\/\/lasentinelle.dz\/?s={search_term_string}"},"query-input":{"@type":"PropertyValueSpecification","valueRequired":true,"valueName":"search_term_string"}}],"inLanguage":"fr-FR"},{"@type":"Organization","@id":"https:\/\/lasentinelle.dz\/#organization","name":"Quotidien La Sentinelle","url":"https:\/\/lasentinelle.dz\/","logo":{"@type":"ImageObject","inLanguage":"fr-FR","@id":"https:\/\/lasentinelle.dz\/#\/schema\/logo\/image\/","url":"https:\/\/lasentinelle.dz\/wp-content\/uploads\/2021\/09\/logo-sentinelleSLOGAN-1.png","contentUrl":"https:\/\/lasentinelle.dz\/wp-content\/uploads\/2021\/09\/logo-sentinelleSLOGAN-1.png","width":615,"height":142,"caption":"Quotidien La Sentinelle"},"image":{"@id":"https:\/\/lasentinelle.dz\/#\/schema\/logo\/image\/"},"sameAs":["https:\/\/www.facebook.com\/La-Sentinelle-104059864394773"]},{"@type":"Person","@id":"https:\/\/lasentinelle.dz\/#\/schema\/person\/d865044e22e70a75174ce8bcad3acfb3","name":"La Sentinelle","image":{"@type":"ImageObject","inLanguage":"fr-FR","@id":"https:\/\/secure.gravatar.com\/avatar\/57de8e5d4b15d43fb361a71fbb36338450fe67865b528a43dd10ef7c51a20392?s=96&d=mm&r=g","url":"https:\/\/secure.gravatar.com\/avatar\/57de8e5d4b15d43fb361a71fbb36338450fe67865b528a43dd10ef7c51a20392?s=96&d=mm&r=g","contentUrl":"https:\/\/secure.gravatar.com\/avatar\/57de8e5d4b15d43fb361a71fbb36338450fe67865b528a43dd10ef7c51a20392?s=96&d=mm&r=g","caption":"La Sentinelle"},"sameAs":["http:\/\/www.lasentinelle.dz"],"url":"https:\/\/lasentinelle.dz\/author\/redaction\/"}]}},"_links":{"self":[{"href":"https:\/\/lasentinelle.dz\/index.php\/wp-json\/wp\/v2\/posts\/40107","targetHints":{"allow":["GET"]}}],"collection":[{"href":"https:\/\/lasentinelle.dz\/index.php\/wp-json\/wp\/v2\/posts"}],"about":[{"href":"https:\/\/lasentinelle.dz\/index.php\/wp-json\/wp\/v2\/types\/post"}],"author":[{"embeddable":true,"href":"https:\/\/lasentinelle.dz\/index.php\/wp-json\/wp\/v2\/users\/3"}],"replies":[{"embeddable":true,"href":"https:\/\/lasentinelle.dz\/index.php\/wp-json\/wp\/v2\/comments?post=40107"}],"version-history":[{"count":1,"href":"https:\/\/lasentinelle.dz\/index.php\/wp-json\/wp\/v2\/posts\/40107\/revisions"}],"predecessor-version":[{"id":40117,"href":"https:\/\/lasentinelle.dz\/index.php\/wp-json\/wp\/v2\/posts\/40107\/revisions\/40117"}],"wp:featuredmedia":[{"embeddable":true,"href":"https:\/\/lasentinelle.dz\/index.php\/wp-json\/wp\/v2\/media\/40116"}],"wp:attachment":[{"href":"https:\/\/lasentinelle.dz\/index.php\/wp-json\/wp\/v2\/media?parent=40107"}],"wp:term":[{"taxonomy":"category","embeddable":true,"href":"https:\/\/lasentinelle.dz\/index.php\/wp-json\/wp\/v2\/categories?post=40107"},{"taxonomy":"post_tag","embeddable":true,"href":"https:\/\/lasentinelle.dz\/index.php\/wp-json\/wp\/v2\/tags?post=40107"}],"curies":[{"name":"wp","href":"https:\/\/api.w.org\/{rel}","templated":true}]}}