{"id":40114,"date":"2023-04-26T22:00:00","date_gmt":"2023-04-26T21:00:00","guid":{"rendered":"https:\/\/lasentinelle.dz\/?p=40114"},"modified":"2023-04-26T18:05:49","modified_gmt":"2023-04-26T17:05:49","slug":"le-president-de-la-faf-aux-cadets-de-len-je-crois-en-vous","status":"publish","type":"post","link":"https:\/\/lasentinelle.dz\/index.php\/2023\/04\/26\/le-president-de-la-faf-aux-cadets-de-len-je-crois-en-vous\/","title":{"rendered":"Le pr\u00e9sident de la FAF aux cadets de l\u2019EN\u00a0: \u00ab\u00a0Je crois en vous\u00a0\u00bb"},"content":{"rendered":"\n<p>Le Pr\u00e9sident de la F\u00e9d\u00e9ration alg\u00e9rienne de football, Djahid Zefizef, a tenu \u00e0 afficher son soutien aux joueurs de l\u2019\u00c9quipe nationale des U17, quelques jours avant le d\u00e9but de la CAN-2023 qui doit s\u2019ouvrir samedi \u00e0 Alger.<\/p>\n\n\n\n<p>Lors d\u2019une visite mardi \u00e0 la s\u00e9lection nationale U17 au niveau du Centre technique national (CTN) de Sidi Moussa pour encourager les joueurs et les membres des diff\u00e9rents staffs de l\u2019\u00e9quipe \u00e0 quelques jours du d\u00e9but de la CAN U17, le pr\u00e9sident de la FAF a dit croire pleinement en les chances des jeunes Fennecs lors de cette comp\u00e9tition.<\/p>\n\n\n\n<p>Dans un petit discours adress\u00e9 \u00e0 toute l\u2019\u00e9quipe des U17, Zefizef a tenu \u00e0 venir saluer les co\u00e9quipiers de Moslim Anatouf et les encourager \u00e0 \u00ab&nbsp;tirer le maximum de la plus grande comp\u00e9tition continentale et qui, de surcro\u00eet, est qualificative pour le Mondial. C\u2019est le top du top&nbsp;\u00bb. Le pr\u00e9sident de la FAF ajoutera que \u00ab&nbsp;la F\u00e9d\u00e9ration ne m\u00e9nagera aucun effort pour mettre tous les moyens de confort et de travail pour permettre \u00e0 l\u2019\u00e9quipe d\u2019\u00e9voluer dans les meilleures conditions possibles&nbsp;\u00bb. \u00ab&nbsp;Vous, le noyau de la jeunesse alg\u00e9rienne qui a la chance de figurer dans ce groupe par votre talent et vos sacrifices, je suis convaincu que vous allez rendre le peuple alg\u00e9rien heureux. Je crois en vous&nbsp;\u00bb, dira-t-il.<\/p>\n\n\n\n<p>Pour sa part, le DTN,&nbsp; Mustapha Biskri a abond\u00e9 dans le m\u00eame sens que la pr\u00e9sident de la FAF et se montre lui aussi confiant quant \u00e0 la r\u00e9ussite finale des poulains du coach Arezki Remmane.<\/p>\n\n\n\n<p>Pour rappel, l\u2019\u00e9quipe nationale des moins de 17 ans a entam\u00e9 lundi un ultime regroupe au Centre technique national (CTN) de Sidi Moussa en pr\u00e9vision de la Coupe d\u2019Afrique des Nations de la cat\u00e9gorie. Mardi, les poulains d\u2019Arezki Remmane ont eu droit \u00e0 un travail physique et tactique \u00e0 quelques jours du d\u00e9but de la comp\u00e9tition. La s\u00e9ance a d\u00e9but\u00e9 dans la matin\u00e9e par des exercices physiques sur le terrain, dirig\u00e9s par le pr\u00e9parateur physique Hassan Noughi. Dans l\u2019apr\u00e8s-midi, une bonne partie de la s\u00e9ance a \u00e9t\u00e9 consacr\u00e9e \u00e0 une pr\u00e9paration purement tactique, conduite par le s\u00e9lectionneur national Arezki Remmane qui a pr\u00e9sent\u00e9 auparavant une petite vid\u00e9o aux joueurs dans laquelle il leur a d\u00e9montr\u00e9 l\u2019importance du positionnement en phase d\u00e9fensive ou offensive. La s\u00e9ance s\u2019est sold\u00e9e par une confrontation \u00e0 11 contre 11 sur tout le terrain en misant sur le jeu collectif entre les deux \u00e9quipes. Tous les joueurs ont pris part \u00e0 l\u2019entrainement, hormis Younes Badani qui effectu\u00e9 des tours de pistes sous le contr\u00f4le du staff m\u00e9dical. Les co\u00e9quipiers d\u2019Anatouf ont termin\u00e9 l\u2019entra\u00eenement par un travail devant les buts, avec des combinaisons et des frappes en direction des cages gard\u00e9es \u00e0 tour de r\u00f4le par le trio Hammache, Bouteldja et Hamadi.<\/p>\n\n\n\n<p>R.S.<\/p>\n","protected":false},"excerpt":{"rendered":"<p>Le Pr\u00e9sident de la F\u00e9d\u00e9ration alg\u00e9rienne de football, Djahid Zefizef, a tenu \u00e0 afficher son soutien aux joueurs de l\u2019\u00c9quipe<\/p>\n","protected":false},"author":3,"featured_media":40119,"comment_status":"open","ping_status":"closed","sticky":false,"template":"","format":"standard","meta":{"colormag_page_container_layout":"default_layout","colormag_page_sidebar_layout":"default_layout","om_disable_all_campaigns":false,"_monsterinsights_skip_tracking":false,"_monsterinsights_sitenote_active":false,"_monsterinsights_sitenote_note":"","_monsterinsights_sitenote_category":0,"footnotes":"","_wpscppro_dont_share_socialmedia":false,"_wpscppro_custom_social_share_image":0,"_facebook_share_type":"","_twitter_share_type":"","_linkedin_share_type":"","_pinterest_share_type":"","_linkedin_share_type_page":"","_instagram_share_type":"","_medium_share_type":"","_threads_share_type":"","_google_business_share_type":"","_selected_social_profile":[],"_wpsp_enable_custom_social_template":false,"_wpsp_social_scheduling":{"enabled":false,"datetime":null,"platforms":[],"status":"template_only","dateOption":"today","timeOption":"now","customDays":"","customHours":"","customDate":"","customTime":"","schedulingType":"absolute"},"_wpsp_active_default_template":true},"categories":[33],"tags":[],"class_list":["post-40114","post","type-post","status-publish","format-standard","has-post-thumbnail","hentry","category-sports"],"aioseo_notices":[],"yoast_head":"<!-- This site is optimized with the Yoast SEO plugin v27.5 - https:\/\/yoast.com\/product\/yoast-seo-wordpress\/ -->\n<title>Le pr\u00e9sident de la FAF aux cadets de l\u2019EN\u00a0: \u00ab\u00a0Je crois en vous\u00a0\u00bb - La Sentinelle<\/title>\n<meta name=\"robots\" content=\"index, follow, max-snippet:-1, max-image-preview:large, max-video-preview:-1\" \/>\n<link rel=\"canonical\" href=\"https:\/\/lasentinelle.dz\/index.php\/2023\/04\/26\/le-president-de-la-faf-aux-cadets-de-len-je-crois-en-vous\/\" \/>\n<meta property=\"og:locale\" content=\"fr_FR\" \/>\n<meta property=\"og:type\" content=\"article\" \/>\n<meta property=\"og:title\" content=\"Le pr\u00e9sident de la FAF aux cadets de l\u2019EN\u00a0: \u00ab\u00a0Je crois en vous\u00a0\u00bb - La Sentinelle\" \/>\n<meta property=\"og:description\" content=\"Le Pr\u00e9sident de la F\u00e9d\u00e9ration alg\u00e9rienne de football, Djahid Zefizef, a tenu \u00e0 afficher son soutien aux joueurs de l\u2019\u00c9quipe\" \/>\n<meta property=\"og:url\" content=\"https:\/\/lasentinelle.dz\/index.php\/2023\/04\/26\/le-president-de-la-faf-aux-cadets-de-len-je-crois-en-vous\/\" \/>\n<meta property=\"og:site_name\" content=\"La Sentinelle\" \/>\n<meta property=\"article:publisher\" content=\"https:\/\/www.facebook.com\/La-Sentinelle-104059864394773\" \/>\n<meta property=\"article:published_time\" content=\"2023-04-26T21:00:00+00:00\" \/>\n<meta property=\"og:image\" content=\"https:\/\/lasentinelle.dz\/wp-content\/uploads\/2023\/04\/FAF.jpeg\" \/>\n\t<meta property=\"og:image:width\" content=\"2000\" \/>\n\t<meta property=\"og:image:height\" content=\"1333\" \/>\n\t<meta property=\"og:image:type\" content=\"image\/jpeg\" \/>\n<meta name=\"author\" content=\"La Sentinelle\" \/>\n<meta name=\"twitter:card\" content=\"summary_large_image\" \/>\n<meta name=\"twitter:label1\" content=\"\u00c9crit par\" \/>\n\t<meta name=\"twitter:data1\" content=\"La Sentinelle\" \/>\n\t<meta name=\"twitter:label2\" content=\"Dur\u00e9e de lecture estim\u00e9e\" \/>\n\t<meta name=\"twitter:data2\" content=\"3 minutes\" \/>\n<script type=\"application\/ld+json\" class=\"yoast-schema-graph\">{\"@context\":\"https:\\\/\\\/schema.org\",\"@graph\":[{\"@type\":\"Article\",\"@id\":\"https:\\\/\\\/lasentinelle.dz\\\/index.php\\\/2023\\\/04\\\/26\\\/le-president-de-la-faf-aux-cadets-de-len-je-crois-en-vous\\\/#article\",\"isPartOf\":{\"@id\":\"https:\\\/\\\/lasentinelle.dz\\\/index.php\\\/2023\\\/04\\\/26\\\/le-president-de-la-faf-aux-cadets-de-len-je-crois-en-vous\\\/\"},\"author\":{\"name\":\"La Sentinelle\",\"@id\":\"https:\\\/\\\/lasentinelle.dz\\\/#\\\/schema\\\/person\\\/d865044e22e70a75174ce8bcad3acfb3\"},\"headline\":\"Le pr\u00e9sident de la FAF aux cadets de l\u2019EN\u00a0: \u00ab\u00a0Je crois en vous\u00a0\u00bb\",\"datePublished\":\"2023-04-26T21:00:00+00:00\",\"mainEntityOfPage\":{\"@id\":\"https:\\\/\\\/lasentinelle.dz\\\/index.php\\\/2023\\\/04\\\/26\\\/le-president-de-la-faf-aux-cadets-de-len-je-crois-en-vous\\\/\"},\"wordCount\":527,\"commentCount\":0,\"publisher\":{\"@id\":\"https:\\\/\\\/lasentinelle.dz\\\/#organization\"},\"image\":{\"@id\":\"https:\\\/\\\/lasentinelle.dz\\\/index.php\\\/2023\\\/04\\\/26\\\/le-president-de-la-faf-aux-cadets-de-len-je-crois-en-vous\\\/#primaryimage\"},\"thumbnailUrl\":\"https:\\\/\\\/lasentinelle.dz\\\/wp-content\\\/uploads\\\/2023\\\/04\\\/FAF.jpeg\",\"articleSection\":[\"Sports\"],\"inLanguage\":\"fr-FR\",\"potentialAction\":[{\"@type\":\"CommentAction\",\"name\":\"Comment\",\"target\":[\"https:\\\/\\\/lasentinelle.dz\\\/index.php\\\/2023\\\/04\\\/26\\\/le-president-de-la-faf-aux-cadets-de-len-je-crois-en-vous\\\/#respond\"]}]},{\"@type\":\"WebPage\",\"@id\":\"https:\\\/\\\/lasentinelle.dz\\\/index.php\\\/2023\\\/04\\\/26\\\/le-president-de-la-faf-aux-cadets-de-len-je-crois-en-vous\\\/\",\"url\":\"https:\\\/\\\/lasentinelle.dz\\\/index.php\\\/2023\\\/04\\\/26\\\/le-president-de-la-faf-aux-cadets-de-len-je-crois-en-vous\\\/\",\"name\":\"Le pr\u00e9sident de la FAF aux cadets de l\u2019EN\u00a0: \u00ab\u00a0Je crois en vous\u00a0\u00bb - La Sentinelle\",\"isPartOf\":{\"@id\":\"https:\\\/\\\/lasentinelle.dz\\\/#website\"},\"primaryImageOfPage\":{\"@id\":\"https:\\\/\\\/lasentinelle.dz\\\/index.php\\\/2023\\\/04\\\/26\\\/le-president-de-la-faf-aux-cadets-de-len-je-crois-en-vous\\\/#primaryimage\"},\"image\":{\"@id\":\"https:\\\/\\\/lasentinelle.dz\\\/index.php\\\/2023\\\/04\\\/26\\\/le-president-de-la-faf-aux-cadets-de-len-je-crois-en-vous\\\/#primaryimage\"},\"thumbnailUrl\":\"https:\\\/\\\/lasentinelle.dz\\\/wp-content\\\/uploads\\\/2023\\\/04\\\/FAF.jpeg\",\"datePublished\":\"2023-04-26T21:00:00+00:00\",\"breadcrumb\":{\"@id\":\"https:\\\/\\\/lasentinelle.dz\\\/index.php\\\/2023\\\/04\\\/26\\\/le-president-de-la-faf-aux-cadets-de-len-je-crois-en-vous\\\/#breadcrumb\"},\"inLanguage\":\"fr-FR\",\"potentialAction\":[{\"@type\":\"ReadAction\",\"target\":[\"https:\\\/\\\/lasentinelle.dz\\\/index.php\\\/2023\\\/04\\\/26\\\/le-president-de-la-faf-aux-cadets-de-len-je-crois-en-vous\\\/\"]}]},{\"@type\":\"ImageObject\",\"inLanguage\":\"fr-FR\",\"@id\":\"https:\\\/\\\/lasentinelle.dz\\\/index.php\\\/2023\\\/04\\\/26\\\/le-president-de-la-faf-aux-cadets-de-len-je-crois-en-vous\\\/#primaryimage\",\"url\":\"https:\\\/\\\/lasentinelle.dz\\\/wp-content\\\/uploads\\\/2023\\\/04\\\/FAF.jpeg\",\"contentUrl\":\"https:\\\/\\\/lasentinelle.dz\\\/wp-content\\\/uploads\\\/2023\\\/04\\\/FAF.jpeg\",\"width\":2000,\"height\":1333},{\"@type\":\"BreadcrumbList\",\"@id\":\"https:\\\/\\\/lasentinelle.dz\\\/index.php\\\/2023\\\/04\\\/26\\\/le-president-de-la-faf-aux-cadets-de-len-je-crois-en-vous\\\/#breadcrumb\",\"itemListElement\":[{\"@type\":\"ListItem\",\"position\":1,\"name\":\"Accueil\",\"item\":\"https:\\\/\\\/lasentinelle.dz\\\/\"},{\"@type\":\"ListItem\",\"position\":2,\"name\":\"Le pr\u00e9sident de la FAF aux cadets de l\u2019EN\u00a0: \u00ab\u00a0Je crois en vous\u00a0\u00bb\"}]},{\"@type\":\"WebSite\",\"@id\":\"https:\\\/\\\/lasentinelle.dz\\\/#website\",\"url\":\"https:\\\/\\\/lasentinelle.dz\\\/\",\"name\":\"La Sentinelle\",\"description\":\"Quotidien national d&#039;information\",\"publisher\":{\"@id\":\"https:\\\/\\\/lasentinelle.dz\\\/#organization\"},\"potentialAction\":[{\"@type\":\"SearchAction\",\"target\":{\"@type\":\"EntryPoint\",\"urlTemplate\":\"https:\\\/\\\/lasentinelle.dz\\\/?s={search_term_string}\"},\"query-input\":{\"@type\":\"PropertyValueSpecification\",\"valueRequired\":true,\"valueName\":\"search_term_string\"}}],\"inLanguage\":\"fr-FR\"},{\"@type\":\"Organization\",\"@id\":\"https:\\\/\\\/lasentinelle.dz\\\/#organization\",\"name\":\"Quotidien La Sentinelle\",\"url\":\"https:\\\/\\\/lasentinelle.dz\\\/\",\"logo\":{\"@type\":\"ImageObject\",\"inLanguage\":\"fr-FR\",\"@id\":\"https:\\\/\\\/lasentinelle.dz\\\/#\\\/schema\\\/logo\\\/image\\\/\",\"url\":\"https:\\\/\\\/lasentinelle.dz\\\/wp-content\\\/uploads\\\/2021\\\/09\\\/logo-sentinelleSLOGAN-1.png\",\"contentUrl\":\"https:\\\/\\\/lasentinelle.dz\\\/wp-content\\\/uploads\\\/2021\\\/09\\\/logo-sentinelleSLOGAN-1.png\",\"width\":615,\"height\":142,\"caption\":\"Quotidien La Sentinelle\"},\"image\":{\"@id\":\"https:\\\/\\\/lasentinelle.dz\\\/#\\\/schema\\\/logo\\\/image\\\/\"},\"sameAs\":[\"https:\\\/\\\/www.facebook.com\\\/La-Sentinelle-104059864394773\"]},{\"@type\":\"Person\",\"@id\":\"https:\\\/\\\/lasentinelle.dz\\\/#\\\/schema\\\/person\\\/d865044e22e70a75174ce8bcad3acfb3\",\"name\":\"La Sentinelle\",\"image\":{\"@type\":\"ImageObject\",\"inLanguage\":\"fr-FR\",\"@id\":\"https:\\\/\\\/secure.gravatar.com\\\/avatar\\\/57de8e5d4b15d43fb361a71fbb36338450fe67865b528a43dd10ef7c51a20392?s=96&d=mm&r=g\",\"url\":\"https:\\\/\\\/secure.gravatar.com\\\/avatar\\\/57de8e5d4b15d43fb361a71fbb36338450fe67865b528a43dd10ef7c51a20392?s=96&d=mm&r=g\",\"contentUrl\":\"https:\\\/\\\/secure.gravatar.com\\\/avatar\\\/57de8e5d4b15d43fb361a71fbb36338450fe67865b528a43dd10ef7c51a20392?s=96&d=mm&r=g\",\"caption\":\"La Sentinelle\"},\"sameAs\":[\"http:\\\/\\\/www.lasentinelle.dz\"],\"url\":\"https:\\\/\\\/lasentinelle.dz\\\/author\\\/redaction\\\/\"}]}<\/script>\n<!-- \/ Yoast SEO plugin. -->","yoast_head_json":{"title":"Le pr\u00e9sident de la FAF aux cadets de l\u2019EN\u00a0: \u00ab\u00a0Je crois en vous\u00a0\u00bb - La Sentinelle","robots":{"index":"index","follow":"follow","max-snippet":"max-snippet:-1","max-image-preview":"max-image-preview:large","max-video-preview":"max-video-preview:-1"},"canonical":"https:\/\/lasentinelle.dz\/index.php\/2023\/04\/26\/le-president-de-la-faf-aux-cadets-de-len-je-crois-en-vous\/","og_locale":"fr_FR","og_type":"article","og_title":"Le pr\u00e9sident de la FAF aux cadets de l\u2019EN\u00a0: \u00ab\u00a0Je crois en vous\u00a0\u00bb - La Sentinelle","og_description":"Le Pr\u00e9sident de la F\u00e9d\u00e9ration alg\u00e9rienne de football, Djahid Zefizef, a tenu \u00e0 afficher son soutien aux joueurs de l\u2019\u00c9quipe","og_url":"https:\/\/lasentinelle.dz\/index.php\/2023\/04\/26\/le-president-de-la-faf-aux-cadets-de-len-je-crois-en-vous\/","og_site_name":"La Sentinelle","article_publisher":"https:\/\/www.facebook.com\/La-Sentinelle-104059864394773","article_published_time":"2023-04-26T21:00:00+00:00","og_image":[{"width":2000,"height":1333,"url":"https:\/\/lasentinelle.dz\/wp-content\/uploads\/2023\/04\/FAF.jpeg","type":"image\/jpeg"}],"author":"La Sentinelle","twitter_card":"summary_large_image","twitter_misc":{"\u00c9crit par":"La Sentinelle","Dur\u00e9e de lecture estim\u00e9e":"3 minutes"},"schema":{"@context":"https:\/\/schema.org","@graph":[{"@type":"Article","@id":"https:\/\/lasentinelle.dz\/index.php\/2023\/04\/26\/le-president-de-la-faf-aux-cadets-de-len-je-crois-en-vous\/#article","isPartOf":{"@id":"https:\/\/lasentinelle.dz\/index.php\/2023\/04\/26\/le-president-de-la-faf-aux-cadets-de-len-je-crois-en-vous\/"},"author":{"name":"La Sentinelle","@id":"https:\/\/lasentinelle.dz\/#\/schema\/person\/d865044e22e70a75174ce8bcad3acfb3"},"headline":"Le pr\u00e9sident de la FAF aux cadets de l\u2019EN\u00a0: \u00ab\u00a0Je crois en vous\u00a0\u00bb","datePublished":"2023-04-26T21:00:00+00:00","mainEntityOfPage":{"@id":"https:\/\/lasentinelle.dz\/index.php\/2023\/04\/26\/le-president-de-la-faf-aux-cadets-de-len-je-crois-en-vous\/"},"wordCount":527,"commentCount":0,"publisher":{"@id":"https:\/\/lasentinelle.dz\/#organization"},"image":{"@id":"https:\/\/lasentinelle.dz\/index.php\/2023\/04\/26\/le-president-de-la-faf-aux-cadets-de-len-je-crois-en-vous\/#primaryimage"},"thumbnailUrl":"https:\/\/lasentinelle.dz\/wp-content\/uploads\/2023\/04\/FAF.jpeg","articleSection":["Sports"],"inLanguage":"fr-FR","potentialAction":[{"@type":"CommentAction","name":"Comment","target":["https:\/\/lasentinelle.dz\/index.php\/2023\/04\/26\/le-president-de-la-faf-aux-cadets-de-len-je-crois-en-vous\/#respond"]}]},{"@type":"WebPage","@id":"https:\/\/lasentinelle.dz\/index.php\/2023\/04\/26\/le-president-de-la-faf-aux-cadets-de-len-je-crois-en-vous\/","url":"https:\/\/lasentinelle.dz\/index.php\/2023\/04\/26\/le-president-de-la-faf-aux-cadets-de-len-je-crois-en-vous\/","name":"Le pr\u00e9sident de la FAF aux cadets de l\u2019EN\u00a0: \u00ab\u00a0Je crois en vous\u00a0\u00bb - La Sentinelle","isPartOf":{"@id":"https:\/\/lasentinelle.dz\/#website"},"primaryImageOfPage":{"@id":"https:\/\/lasentinelle.dz\/index.php\/2023\/04\/26\/le-president-de-la-faf-aux-cadets-de-len-je-crois-en-vous\/#primaryimage"},"image":{"@id":"https:\/\/lasentinelle.dz\/index.php\/2023\/04\/26\/le-president-de-la-faf-aux-cadets-de-len-je-crois-en-vous\/#primaryimage"},"thumbnailUrl":"https:\/\/lasentinelle.dz\/wp-content\/uploads\/2023\/04\/FAF.jpeg","datePublished":"2023-04-26T21:00:00+00:00","breadcrumb":{"@id":"https:\/\/lasentinelle.dz\/index.php\/2023\/04\/26\/le-president-de-la-faf-aux-cadets-de-len-je-crois-en-vous\/#breadcrumb"},"inLanguage":"fr-FR","potentialAction":[{"@type":"ReadAction","target":["https:\/\/lasentinelle.dz\/index.php\/2023\/04\/26\/le-president-de-la-faf-aux-cadets-de-len-je-crois-en-vous\/"]}]},{"@type":"ImageObject","inLanguage":"fr-FR","@id":"https:\/\/lasentinelle.dz\/index.php\/2023\/04\/26\/le-president-de-la-faf-aux-cadets-de-len-je-crois-en-vous\/#primaryimage","url":"https:\/\/lasentinelle.dz\/wp-content\/uploads\/2023\/04\/FAF.jpeg","contentUrl":"https:\/\/lasentinelle.dz\/wp-content\/uploads\/2023\/04\/FAF.jpeg","width":2000,"height":1333},{"@type":"BreadcrumbList","@id":"https:\/\/lasentinelle.dz\/index.php\/2023\/04\/26\/le-president-de-la-faf-aux-cadets-de-len-je-crois-en-vous\/#breadcrumb","itemListElement":[{"@type":"ListItem","position":1,"name":"Accueil","item":"https:\/\/lasentinelle.dz\/"},{"@type":"ListItem","position":2,"name":"Le pr\u00e9sident de la FAF aux cadets de l\u2019EN\u00a0: \u00ab\u00a0Je crois en vous\u00a0\u00bb"}]},{"@type":"WebSite","@id":"https:\/\/lasentinelle.dz\/#website","url":"https:\/\/lasentinelle.dz\/","name":"La Sentinelle","description":"Quotidien national d&#039;information","publisher":{"@id":"https:\/\/lasentinelle.dz\/#organization"},"potentialAction":[{"@type":"SearchAction","target":{"@type":"EntryPoint","urlTemplate":"https:\/\/lasentinelle.dz\/?s={search_term_string}"},"query-input":{"@type":"PropertyValueSpecification","valueRequired":true,"valueName":"search_term_string"}}],"inLanguage":"fr-FR"},{"@type":"Organization","@id":"https:\/\/lasentinelle.dz\/#organization","name":"Quotidien La Sentinelle","url":"https:\/\/lasentinelle.dz\/","logo":{"@type":"ImageObject","inLanguage":"fr-FR","@id":"https:\/\/lasentinelle.dz\/#\/schema\/logo\/image\/","url":"https:\/\/lasentinelle.dz\/wp-content\/uploads\/2021\/09\/logo-sentinelleSLOGAN-1.png","contentUrl":"https:\/\/lasentinelle.dz\/wp-content\/uploads\/2021\/09\/logo-sentinelleSLOGAN-1.png","width":615,"height":142,"caption":"Quotidien La Sentinelle"},"image":{"@id":"https:\/\/lasentinelle.dz\/#\/schema\/logo\/image\/"},"sameAs":["https:\/\/www.facebook.com\/La-Sentinelle-104059864394773"]},{"@type":"Person","@id":"https:\/\/lasentinelle.dz\/#\/schema\/person\/d865044e22e70a75174ce8bcad3acfb3","name":"La Sentinelle","image":{"@type":"ImageObject","inLanguage":"fr-FR","@id":"https:\/\/secure.gravatar.com\/avatar\/57de8e5d4b15d43fb361a71fbb36338450fe67865b528a43dd10ef7c51a20392?s=96&d=mm&r=g","url":"https:\/\/secure.gravatar.com\/avatar\/57de8e5d4b15d43fb361a71fbb36338450fe67865b528a43dd10ef7c51a20392?s=96&d=mm&r=g","contentUrl":"https:\/\/secure.gravatar.com\/avatar\/57de8e5d4b15d43fb361a71fbb36338450fe67865b528a43dd10ef7c51a20392?s=96&d=mm&r=g","caption":"La Sentinelle"},"sameAs":["http:\/\/www.lasentinelle.dz"],"url":"https:\/\/lasentinelle.dz\/author\/redaction\/"}]}},"_links":{"self":[{"href":"https:\/\/lasentinelle.dz\/index.php\/wp-json\/wp\/v2\/posts\/40114","targetHints":{"allow":["GET"]}}],"collection":[{"href":"https:\/\/lasentinelle.dz\/index.php\/wp-json\/wp\/v2\/posts"}],"about":[{"href":"https:\/\/lasentinelle.dz\/index.php\/wp-json\/wp\/v2\/types\/post"}],"author":[{"embeddable":true,"href":"https:\/\/lasentinelle.dz\/index.php\/wp-json\/wp\/v2\/users\/3"}],"replies":[{"embeddable":true,"href":"https:\/\/lasentinelle.dz\/index.php\/wp-json\/wp\/v2\/comments?post=40114"}],"version-history":[{"count":1,"href":"https:\/\/lasentinelle.dz\/index.php\/wp-json\/wp\/v2\/posts\/40114\/revisions"}],"predecessor-version":[{"id":40120,"href":"https:\/\/lasentinelle.dz\/index.php\/wp-json\/wp\/v2\/posts\/40114\/revisions\/40120"}],"wp:featuredmedia":[{"embeddable":true,"href":"https:\/\/lasentinelle.dz\/index.php\/wp-json\/wp\/v2\/media\/40119"}],"wp:attachment":[{"href":"https:\/\/lasentinelle.dz\/index.php\/wp-json\/wp\/v2\/media?parent=40114"}],"wp:term":[{"taxonomy":"category","embeddable":true,"href":"https:\/\/lasentinelle.dz\/index.php\/wp-json\/wp\/v2\/categories?post=40114"},{"taxonomy":"post_tag","embeddable":true,"href":"https:\/\/lasentinelle.dz\/index.php\/wp-json\/wp\/v2\/tags?post=40114"}],"curies":[{"name":"wp","href":"https:\/\/api.w.org\/{rel}","templated":true}]}}