{"id":40155,"date":"2023-04-26T22:05:00","date_gmt":"2023-04-26T21:05:00","guid":{"rendered":"https:\/\/lasentinelle.dz\/?p=40155"},"modified":"2023-04-26T20:42:53","modified_gmt":"2023-04-26T19:42:53","slug":"controle-commercial-la-lutte-contre-les-transactions-non-facturees-sintensifie","status":"publish","type":"post","link":"https:\/\/lasentinelle.dz\/index.php\/2023\/04\/26\/controle-commercial-la-lutte-contre-les-transactions-non-facturees-sintensifie\/","title":{"rendered":"Contr\u00f4le commercial\u00a0: La lutte contre les transactions non factur\u00e9es s\u2019intensifie"},"content":{"rendered":"\n<p>La lutte contre les ventes sans facture semble \u00eatre le nouveau cheval de bataille du d\u00e9partement du Commerce. Dans ce sens le bilan du minist\u00e8re du Commerce et de la Promotion des exportations pour le premier trimestre 2023, fait ressortir les r\u00e9sultats des intervention dans ce domaine de l&rsquo;\u00e9quipe conjointe commerce-imp\u00f4ts-douanes. Ainsi, cette derni\u00e8re a effectu\u00e9 375 interventions, ce qui s&rsquo;est traduit par la constatation de 137 infractions et l&rsquo;\u00e9mission de 127 proc\u00e8s-verbaux, ainsi qu&rsquo;une (1) proposition de fermeture administrative, et la valeur de la non-facturation a d\u00e9pass\u00e9 1,96 milliard de DA, souligne la m\u00eame source.<\/p>\n\n\n\n<p>En ce qui concerne le bilan des \u00e9quipes conjointes de contr\u00f4le entre les services du minist\u00e8re du Commerce et de la Promotion des exportations et les autres secteurs, celles-ci sont parvenues \u00e0 saisir 71,54 tonnes de marchandises au cours du premier trimestre 2023, d&rsquo;une valeur de plus de 36,62 millions de DA. 14246 interventions ont \u00e9t\u00e9 enregistr\u00e9es durant le premier trimestre de l&rsquo;ann\u00e9e en cours par les services de conjoints au niveau national, \u00e0 la suite desquelles 1575 infractions ont \u00e9t\u00e9 constat\u00e9es et 1367 proc\u00e8s-verbaux ont \u00e9t\u00e9 \u00e9mis. Quant aux \u00e9chantillons pr\u00e9lev\u00e9s par ces \u00e9quipes, la m\u00eame source a r\u00e9v\u00e9l\u00e9 qu&rsquo;ils s&rsquo;\u00e9levaient \u00e0 65 \u00e9chantillons, dont 22 non conformes, tandis que le nombre de propositions de fermeture administrative a atteint 122 propositions. La brigade mixte Commerce-Services v\u00e9t\u00e9rinaires ont effectu\u00e9 8930 interventions ayant donn\u00e9 lieu \u00e0 la constatation de 1104 infractions et \u00e0 l&rsquo;\u00e9tablissement de 977 proc\u00e8s verbaux avec la proposition de fermeture administrative de 115 locaux. Ces interventions se sont sold\u00e9es par la saisie de 55,86 tonnes de produits d&rsquo;une valeur exc\u00e9dant 29 millions de DA et le pr\u00e9l\u00e8vement de 47 \u00e9chantillons dont 22 non conformes, selon la m\u00eame source. Quant \u00e0 la brigade mixte Commerce-Sant\u00e9 v\u00e9g\u00e9tale, le minist\u00e8re a fait \u00e9tat dans son communiqu\u00e9 de 1033 interventions ayant donn\u00e9 lieu \u00e0 la constatation de 111 infractions, l&rsquo;\u00e9tablissement de 47 proc\u00e8s verbaux et deux propositions de fermeture administrative, en sus de la saisie de 1,54 tonnes de marchandises d&rsquo;une valeur d\u00e9passant 2,1 millions de DA. La brigade mixte Commerce-Sant\u00e9 a, quant \u00e0 elle, r\u00e9alis\u00e9 1013 interventions durant lesquelles 64 infractions ont \u00e9t\u00e9 constat\u00e9es et 58 proc\u00e8s verbaux ont \u00e9t\u00e9 \u00e9tablis, avec la saisie de 14,06 tonnes de produits d&rsquo;une valeur de plus de 5,1 millions de DA, en sus du pr\u00e9l\u00e8vement de 12 \u00e9chantillons et la proposition de fermeture administrative de deux commerces. La brigade mixte Commerce-M\u00e9trologie l\u00e9gale a, pour sa part, r\u00e9alis\u00e9 durant le premier trimestre 2535 interventions donnant lieu \u00e0 la constatation de 137 infractions et l&rsquo;\u00e9tablissement de 137 proc\u00e8s verbaux en sus de la saisie de 0,06 tonnes de produits d&rsquo;une valeur d\u00e9passant 120.000 DA et proposition de fermeture administrative de deux commerces. Quant \u00e0 la brigade mixte Commerce-P\u00eache maritime et Production halieutique, le nombre des interventions a atteint 321 ayant occasionn\u00e9 la constatation de 20 infractions et l&rsquo;\u00e9tablissement de 19 proc\u00e8s verbaux. La m\u00eame brigade a saisi 0,01 tonne d&rsquo;une valeur d\u00e9passant 11.000 DA et proc\u00e9d\u00e9 au pr\u00e9l\u00e8vement de 6 \u00e9chantillons. La brigade mixte Commerce-Industrie pharmaceutique a effectu\u00e9 au cours du premier trimestre de l&rsquo;ann\u00e9e en cours 39 interventions ayant donn\u00e9 lieu \u00e0 la constatation de deux infractions et l&rsquo;\u00e9tablissement de deux proc\u00e8s verbaux.<\/p>\n\n\n\n<p>R.N.<\/p>\n","protected":false},"excerpt":{"rendered":"<p>La lutte contre les ventes sans facture semble \u00eatre le nouveau cheval de bataille du d\u00e9partement du Commerce. Dans ce<\/p>\n","protected":false},"author":3,"featured_media":40171,"comment_status":"open","ping_status":"closed","sticky":false,"template":"","format":"standard","meta":{"colormag_page_container_layout":"default_layout","colormag_page_sidebar_layout":"default_layout","om_disable_all_campaigns":false,"_monsterinsights_skip_tracking":false,"_monsterinsights_sitenote_active":false,"_monsterinsights_sitenote_note":"","_monsterinsights_sitenote_category":0,"footnotes":"","_wpscppro_dont_share_socialmedia":false,"_wpscppro_custom_social_share_image":0,"_facebook_share_type":"","_twitter_share_type":"","_linkedin_share_type":"","_pinterest_share_type":"","_linkedin_share_type_page":"","_instagram_share_type":"","_medium_share_type":"","_threads_share_type":"","_google_business_share_type":"","_selected_social_profile":[],"_wpsp_enable_custom_social_template":false,"_wpsp_social_scheduling":{"enabled":false,"datetime":null,"platforms":[],"status":"template_only","dateOption":"today","timeOption":"now","customDays":"","customHours":"","customDate":"","customTime":"","schedulingType":"absolute"},"_wpsp_active_default_template":true},"categories":[29],"tags":[],"class_list":["post-40155","post","type-post","status-publish","format-standard","has-post-thumbnail","hentry","category-economie"],"aioseo_notices":[],"yoast_head":"<!-- This site is optimized with the Yoast SEO plugin v27.5 - https:\/\/yoast.com\/product\/yoast-seo-wordpress\/ -->\n<title>Contr\u00f4le commercial\u00a0: La lutte contre les transactions non factur\u00e9es s\u2019intensifie - La Sentinelle<\/title>\n<meta name=\"robots\" content=\"index, follow, max-snippet:-1, max-image-preview:large, max-video-preview:-1\" \/>\n<link rel=\"canonical\" href=\"https:\/\/lasentinelle.dz\/index.php\/2023\/04\/26\/controle-commercial-la-lutte-contre-les-transactions-non-facturees-sintensifie\/\" \/>\n<meta property=\"og:locale\" content=\"fr_FR\" \/>\n<meta property=\"og:type\" content=\"article\" \/>\n<meta property=\"og:title\" content=\"Contr\u00f4le commercial\u00a0: La lutte contre les transactions non factur\u00e9es s\u2019intensifie - La Sentinelle\" \/>\n<meta property=\"og:description\" content=\"La lutte contre les ventes sans facture semble \u00eatre le nouveau cheval de bataille du d\u00e9partement du Commerce. Dans ce\" \/>\n<meta property=\"og:url\" content=\"https:\/\/lasentinelle.dz\/index.php\/2023\/04\/26\/controle-commercial-la-lutte-contre-les-transactions-non-facturees-sintensifie\/\" \/>\n<meta property=\"og:site_name\" content=\"La Sentinelle\" \/>\n<meta property=\"article:publisher\" content=\"https:\/\/www.facebook.com\/La-Sentinelle-104059864394773\" \/>\n<meta property=\"article:published_time\" content=\"2023-04-26T21:05:00+00:00\" \/>\n<meta property=\"og:image\" content=\"https:\/\/lasentinelle.dz\/wp-content\/uploads\/2023\/04\/image_2023-04-26_204225096.png\" \/>\n\t<meta property=\"og:image:width\" content=\"709\" \/>\n\t<meta property=\"og:image:height\" content=\"427\" \/>\n\t<meta property=\"og:image:type\" content=\"image\/png\" \/>\n<meta name=\"author\" content=\"La Sentinelle\" \/>\n<meta name=\"twitter:card\" content=\"summary_large_image\" \/>\n<meta name=\"twitter:label1\" content=\"\u00c9crit par\" \/>\n\t<meta name=\"twitter:data1\" content=\"La Sentinelle\" \/>\n\t<meta name=\"twitter:label2\" content=\"Dur\u00e9e de lecture estim\u00e9e\" \/>\n\t<meta name=\"twitter:data2\" content=\"3 minutes\" \/>\n<script type=\"application\/ld+json\" class=\"yoast-schema-graph\">{\"@context\":\"https:\\\/\\\/schema.org\",\"@graph\":[{\"@type\":\"Article\",\"@id\":\"https:\\\/\\\/lasentinelle.dz\\\/index.php\\\/2023\\\/04\\\/26\\\/controle-commercial-la-lutte-contre-les-transactions-non-facturees-sintensifie\\\/#article\",\"isPartOf\":{\"@id\":\"https:\\\/\\\/lasentinelle.dz\\\/index.php\\\/2023\\\/04\\\/26\\\/controle-commercial-la-lutte-contre-les-transactions-non-facturees-sintensifie\\\/\"},\"author\":{\"name\":\"La Sentinelle\",\"@id\":\"https:\\\/\\\/lasentinelle.dz\\\/#\\\/schema\\\/person\\\/d865044e22e70a75174ce8bcad3acfb3\"},\"headline\":\"Contr\u00f4le commercial\u00a0: La lutte contre les transactions non factur\u00e9es s\u2019intensifie\",\"datePublished\":\"2023-04-26T21:05:00+00:00\",\"mainEntityOfPage\":{\"@id\":\"https:\\\/\\\/lasentinelle.dz\\\/index.php\\\/2023\\\/04\\\/26\\\/controle-commercial-la-lutte-contre-les-transactions-non-facturees-sintensifie\\\/\"},\"wordCount\":562,\"commentCount\":0,\"publisher\":{\"@id\":\"https:\\\/\\\/lasentinelle.dz\\\/#organization\"},\"image\":{\"@id\":\"https:\\\/\\\/lasentinelle.dz\\\/index.php\\\/2023\\\/04\\\/26\\\/controle-commercial-la-lutte-contre-les-transactions-non-facturees-sintensifie\\\/#primaryimage\"},\"thumbnailUrl\":\"https:\\\/\\\/lasentinelle.dz\\\/wp-content\\\/uploads\\\/2023\\\/04\\\/image_2023-04-26_204225096.png\",\"articleSection\":[\"\u00c9conomie\"],\"inLanguage\":\"fr-FR\",\"potentialAction\":[{\"@type\":\"CommentAction\",\"name\":\"Comment\",\"target\":[\"https:\\\/\\\/lasentinelle.dz\\\/index.php\\\/2023\\\/04\\\/26\\\/controle-commercial-la-lutte-contre-les-transactions-non-facturees-sintensifie\\\/#respond\"]}]},{\"@type\":\"WebPage\",\"@id\":\"https:\\\/\\\/lasentinelle.dz\\\/index.php\\\/2023\\\/04\\\/26\\\/controle-commercial-la-lutte-contre-les-transactions-non-facturees-sintensifie\\\/\",\"url\":\"https:\\\/\\\/lasentinelle.dz\\\/index.php\\\/2023\\\/04\\\/26\\\/controle-commercial-la-lutte-contre-les-transactions-non-facturees-sintensifie\\\/\",\"name\":\"Contr\u00f4le commercial\u00a0: La lutte contre les transactions non factur\u00e9es s\u2019intensifie - La Sentinelle\",\"isPartOf\":{\"@id\":\"https:\\\/\\\/lasentinelle.dz\\\/#website\"},\"primaryImageOfPage\":{\"@id\":\"https:\\\/\\\/lasentinelle.dz\\\/index.php\\\/2023\\\/04\\\/26\\\/controle-commercial-la-lutte-contre-les-transactions-non-facturees-sintensifie\\\/#primaryimage\"},\"image\":{\"@id\":\"https:\\\/\\\/lasentinelle.dz\\\/index.php\\\/2023\\\/04\\\/26\\\/controle-commercial-la-lutte-contre-les-transactions-non-facturees-sintensifie\\\/#primaryimage\"},\"thumbnailUrl\":\"https:\\\/\\\/lasentinelle.dz\\\/wp-content\\\/uploads\\\/2023\\\/04\\\/image_2023-04-26_204225096.png\",\"datePublished\":\"2023-04-26T21:05:00+00:00\",\"breadcrumb\":{\"@id\":\"https:\\\/\\\/lasentinelle.dz\\\/index.php\\\/2023\\\/04\\\/26\\\/controle-commercial-la-lutte-contre-les-transactions-non-facturees-sintensifie\\\/#breadcrumb\"},\"inLanguage\":\"fr-FR\",\"potentialAction\":[{\"@type\":\"ReadAction\",\"target\":[\"https:\\\/\\\/lasentinelle.dz\\\/index.php\\\/2023\\\/04\\\/26\\\/controle-commercial-la-lutte-contre-les-transactions-non-facturees-sintensifie\\\/\"]}]},{\"@type\":\"ImageObject\",\"inLanguage\":\"fr-FR\",\"@id\":\"https:\\\/\\\/lasentinelle.dz\\\/index.php\\\/2023\\\/04\\\/26\\\/controle-commercial-la-lutte-contre-les-transactions-non-facturees-sintensifie\\\/#primaryimage\",\"url\":\"https:\\\/\\\/lasentinelle.dz\\\/wp-content\\\/uploads\\\/2023\\\/04\\\/image_2023-04-26_204225096.png\",\"contentUrl\":\"https:\\\/\\\/lasentinelle.dz\\\/wp-content\\\/uploads\\\/2023\\\/04\\\/image_2023-04-26_204225096.png\",\"width\":709,\"height\":427},{\"@type\":\"BreadcrumbList\",\"@id\":\"https:\\\/\\\/lasentinelle.dz\\\/index.php\\\/2023\\\/04\\\/26\\\/controle-commercial-la-lutte-contre-les-transactions-non-facturees-sintensifie\\\/#breadcrumb\",\"itemListElement\":[{\"@type\":\"ListItem\",\"position\":1,\"name\":\"Accueil\",\"item\":\"https:\\\/\\\/lasentinelle.dz\\\/\"},{\"@type\":\"ListItem\",\"position\":2,\"name\":\"Contr\u00f4le commercial\u00a0: La lutte contre les transactions non factur\u00e9es s\u2019intensifie\"}]},{\"@type\":\"WebSite\",\"@id\":\"https:\\\/\\\/lasentinelle.dz\\\/#website\",\"url\":\"https:\\\/\\\/lasentinelle.dz\\\/\",\"name\":\"La Sentinelle\",\"description\":\"Quotidien national d&#039;information\",\"publisher\":{\"@id\":\"https:\\\/\\\/lasentinelle.dz\\\/#organization\"},\"potentialAction\":[{\"@type\":\"SearchAction\",\"target\":{\"@type\":\"EntryPoint\",\"urlTemplate\":\"https:\\\/\\\/lasentinelle.dz\\\/?s={search_term_string}\"},\"query-input\":{\"@type\":\"PropertyValueSpecification\",\"valueRequired\":true,\"valueName\":\"search_term_string\"}}],\"inLanguage\":\"fr-FR\"},{\"@type\":\"Organization\",\"@id\":\"https:\\\/\\\/lasentinelle.dz\\\/#organization\",\"name\":\"Quotidien La Sentinelle\",\"url\":\"https:\\\/\\\/lasentinelle.dz\\\/\",\"logo\":{\"@type\":\"ImageObject\",\"inLanguage\":\"fr-FR\",\"@id\":\"https:\\\/\\\/lasentinelle.dz\\\/#\\\/schema\\\/logo\\\/image\\\/\",\"url\":\"https:\\\/\\\/lasentinelle.dz\\\/wp-content\\\/uploads\\\/2021\\\/09\\\/logo-sentinelleSLOGAN-1.png\",\"contentUrl\":\"https:\\\/\\\/lasentinelle.dz\\\/wp-content\\\/uploads\\\/2021\\\/09\\\/logo-sentinelleSLOGAN-1.png\",\"width\":615,\"height\":142,\"caption\":\"Quotidien La Sentinelle\"},\"image\":{\"@id\":\"https:\\\/\\\/lasentinelle.dz\\\/#\\\/schema\\\/logo\\\/image\\\/\"},\"sameAs\":[\"https:\\\/\\\/www.facebook.com\\\/La-Sentinelle-104059864394773\"]},{\"@type\":\"Person\",\"@id\":\"https:\\\/\\\/lasentinelle.dz\\\/#\\\/schema\\\/person\\\/d865044e22e70a75174ce8bcad3acfb3\",\"name\":\"La Sentinelle\",\"image\":{\"@type\":\"ImageObject\",\"inLanguage\":\"fr-FR\",\"@id\":\"https:\\\/\\\/secure.gravatar.com\\\/avatar\\\/57de8e5d4b15d43fb361a71fbb36338450fe67865b528a43dd10ef7c51a20392?s=96&d=mm&r=g\",\"url\":\"https:\\\/\\\/secure.gravatar.com\\\/avatar\\\/57de8e5d4b15d43fb361a71fbb36338450fe67865b528a43dd10ef7c51a20392?s=96&d=mm&r=g\",\"contentUrl\":\"https:\\\/\\\/secure.gravatar.com\\\/avatar\\\/57de8e5d4b15d43fb361a71fbb36338450fe67865b528a43dd10ef7c51a20392?s=96&d=mm&r=g\",\"caption\":\"La Sentinelle\"},\"sameAs\":[\"http:\\\/\\\/www.lasentinelle.dz\"],\"url\":\"https:\\\/\\\/lasentinelle.dz\\\/author\\\/redaction\\\/\"}]}<\/script>\n<!-- \/ Yoast SEO plugin. -->","yoast_head_json":{"title":"Contr\u00f4le commercial\u00a0: La lutte contre les transactions non factur\u00e9es s\u2019intensifie - La Sentinelle","robots":{"index":"index","follow":"follow","max-snippet":"max-snippet:-1","max-image-preview":"max-image-preview:large","max-video-preview":"max-video-preview:-1"},"canonical":"https:\/\/lasentinelle.dz\/index.php\/2023\/04\/26\/controle-commercial-la-lutte-contre-les-transactions-non-facturees-sintensifie\/","og_locale":"fr_FR","og_type":"article","og_title":"Contr\u00f4le commercial\u00a0: La lutte contre les transactions non factur\u00e9es s\u2019intensifie - La Sentinelle","og_description":"La lutte contre les ventes sans facture semble \u00eatre le nouveau cheval de bataille du d\u00e9partement du Commerce. Dans ce","og_url":"https:\/\/lasentinelle.dz\/index.php\/2023\/04\/26\/controle-commercial-la-lutte-contre-les-transactions-non-facturees-sintensifie\/","og_site_name":"La Sentinelle","article_publisher":"https:\/\/www.facebook.com\/La-Sentinelle-104059864394773","article_published_time":"2023-04-26T21:05:00+00:00","og_image":[{"width":709,"height":427,"url":"https:\/\/lasentinelle.dz\/wp-content\/uploads\/2023\/04\/image_2023-04-26_204225096.png","type":"image\/png"}],"author":"La Sentinelle","twitter_card":"summary_large_image","twitter_misc":{"\u00c9crit par":"La Sentinelle","Dur\u00e9e de lecture estim\u00e9e":"3 minutes"},"schema":{"@context":"https:\/\/schema.org","@graph":[{"@type":"Article","@id":"https:\/\/lasentinelle.dz\/index.php\/2023\/04\/26\/controle-commercial-la-lutte-contre-les-transactions-non-facturees-sintensifie\/#article","isPartOf":{"@id":"https:\/\/lasentinelle.dz\/index.php\/2023\/04\/26\/controle-commercial-la-lutte-contre-les-transactions-non-facturees-sintensifie\/"},"author":{"name":"La Sentinelle","@id":"https:\/\/lasentinelle.dz\/#\/schema\/person\/d865044e22e70a75174ce8bcad3acfb3"},"headline":"Contr\u00f4le commercial\u00a0: La lutte contre les transactions non factur\u00e9es s\u2019intensifie","datePublished":"2023-04-26T21:05:00+00:00","mainEntityOfPage":{"@id":"https:\/\/lasentinelle.dz\/index.php\/2023\/04\/26\/controle-commercial-la-lutte-contre-les-transactions-non-facturees-sintensifie\/"},"wordCount":562,"commentCount":0,"publisher":{"@id":"https:\/\/lasentinelle.dz\/#organization"},"image":{"@id":"https:\/\/lasentinelle.dz\/index.php\/2023\/04\/26\/controle-commercial-la-lutte-contre-les-transactions-non-facturees-sintensifie\/#primaryimage"},"thumbnailUrl":"https:\/\/lasentinelle.dz\/wp-content\/uploads\/2023\/04\/image_2023-04-26_204225096.png","articleSection":["\u00c9conomie"],"inLanguage":"fr-FR","potentialAction":[{"@type":"CommentAction","name":"Comment","target":["https:\/\/lasentinelle.dz\/index.php\/2023\/04\/26\/controle-commercial-la-lutte-contre-les-transactions-non-facturees-sintensifie\/#respond"]}]},{"@type":"WebPage","@id":"https:\/\/lasentinelle.dz\/index.php\/2023\/04\/26\/controle-commercial-la-lutte-contre-les-transactions-non-facturees-sintensifie\/","url":"https:\/\/lasentinelle.dz\/index.php\/2023\/04\/26\/controle-commercial-la-lutte-contre-les-transactions-non-facturees-sintensifie\/","name":"Contr\u00f4le commercial\u00a0: La lutte contre les transactions non factur\u00e9es s\u2019intensifie - La Sentinelle","isPartOf":{"@id":"https:\/\/lasentinelle.dz\/#website"},"primaryImageOfPage":{"@id":"https:\/\/lasentinelle.dz\/index.php\/2023\/04\/26\/controle-commercial-la-lutte-contre-les-transactions-non-facturees-sintensifie\/#primaryimage"},"image":{"@id":"https:\/\/lasentinelle.dz\/index.php\/2023\/04\/26\/controle-commercial-la-lutte-contre-les-transactions-non-facturees-sintensifie\/#primaryimage"},"thumbnailUrl":"https:\/\/lasentinelle.dz\/wp-content\/uploads\/2023\/04\/image_2023-04-26_204225096.png","datePublished":"2023-04-26T21:05:00+00:00","breadcrumb":{"@id":"https:\/\/lasentinelle.dz\/index.php\/2023\/04\/26\/controle-commercial-la-lutte-contre-les-transactions-non-facturees-sintensifie\/#breadcrumb"},"inLanguage":"fr-FR","potentialAction":[{"@type":"ReadAction","target":["https:\/\/lasentinelle.dz\/index.php\/2023\/04\/26\/controle-commercial-la-lutte-contre-les-transactions-non-facturees-sintensifie\/"]}]},{"@type":"ImageObject","inLanguage":"fr-FR","@id":"https:\/\/lasentinelle.dz\/index.php\/2023\/04\/26\/controle-commercial-la-lutte-contre-les-transactions-non-facturees-sintensifie\/#primaryimage","url":"https:\/\/lasentinelle.dz\/wp-content\/uploads\/2023\/04\/image_2023-04-26_204225096.png","contentUrl":"https:\/\/lasentinelle.dz\/wp-content\/uploads\/2023\/04\/image_2023-04-26_204225096.png","width":709,"height":427},{"@type":"BreadcrumbList","@id":"https:\/\/lasentinelle.dz\/index.php\/2023\/04\/26\/controle-commercial-la-lutte-contre-les-transactions-non-facturees-sintensifie\/#breadcrumb","itemListElement":[{"@type":"ListItem","position":1,"name":"Accueil","item":"https:\/\/lasentinelle.dz\/"},{"@type":"ListItem","position":2,"name":"Contr\u00f4le commercial\u00a0: La lutte contre les transactions non factur\u00e9es s\u2019intensifie"}]},{"@type":"WebSite","@id":"https:\/\/lasentinelle.dz\/#website","url":"https:\/\/lasentinelle.dz\/","name":"La Sentinelle","description":"Quotidien national d&#039;information","publisher":{"@id":"https:\/\/lasentinelle.dz\/#organization"},"potentialAction":[{"@type":"SearchAction","target":{"@type":"EntryPoint","urlTemplate":"https:\/\/lasentinelle.dz\/?s={search_term_string}"},"query-input":{"@type":"PropertyValueSpecification","valueRequired":true,"valueName":"search_term_string"}}],"inLanguage":"fr-FR"},{"@type":"Organization","@id":"https:\/\/lasentinelle.dz\/#organization","name":"Quotidien La Sentinelle","url":"https:\/\/lasentinelle.dz\/","logo":{"@type":"ImageObject","inLanguage":"fr-FR","@id":"https:\/\/lasentinelle.dz\/#\/schema\/logo\/image\/","url":"https:\/\/lasentinelle.dz\/wp-content\/uploads\/2021\/09\/logo-sentinelleSLOGAN-1.png","contentUrl":"https:\/\/lasentinelle.dz\/wp-content\/uploads\/2021\/09\/logo-sentinelleSLOGAN-1.png","width":615,"height":142,"caption":"Quotidien La Sentinelle"},"image":{"@id":"https:\/\/lasentinelle.dz\/#\/schema\/logo\/image\/"},"sameAs":["https:\/\/www.facebook.com\/La-Sentinelle-104059864394773"]},{"@type":"Person","@id":"https:\/\/lasentinelle.dz\/#\/schema\/person\/d865044e22e70a75174ce8bcad3acfb3","name":"La Sentinelle","image":{"@type":"ImageObject","inLanguage":"fr-FR","@id":"https:\/\/secure.gravatar.com\/avatar\/57de8e5d4b15d43fb361a71fbb36338450fe67865b528a43dd10ef7c51a20392?s=96&d=mm&r=g","url":"https:\/\/secure.gravatar.com\/avatar\/57de8e5d4b15d43fb361a71fbb36338450fe67865b528a43dd10ef7c51a20392?s=96&d=mm&r=g","contentUrl":"https:\/\/secure.gravatar.com\/avatar\/57de8e5d4b15d43fb361a71fbb36338450fe67865b528a43dd10ef7c51a20392?s=96&d=mm&r=g","caption":"La Sentinelle"},"sameAs":["http:\/\/www.lasentinelle.dz"],"url":"https:\/\/lasentinelle.dz\/author\/redaction\/"}]}},"_links":{"self":[{"href":"https:\/\/lasentinelle.dz\/index.php\/wp-json\/wp\/v2\/posts\/40155","targetHints":{"allow":["GET"]}}],"collection":[{"href":"https:\/\/lasentinelle.dz\/index.php\/wp-json\/wp\/v2\/posts"}],"about":[{"href":"https:\/\/lasentinelle.dz\/index.php\/wp-json\/wp\/v2\/types\/post"}],"author":[{"embeddable":true,"href":"https:\/\/lasentinelle.dz\/index.php\/wp-json\/wp\/v2\/users\/3"}],"replies":[{"embeddable":true,"href":"https:\/\/lasentinelle.dz\/index.php\/wp-json\/wp\/v2\/comments?post=40155"}],"version-history":[{"count":1,"href":"https:\/\/lasentinelle.dz\/index.php\/wp-json\/wp\/v2\/posts\/40155\/revisions"}],"predecessor-version":[{"id":40173,"href":"https:\/\/lasentinelle.dz\/index.php\/wp-json\/wp\/v2\/posts\/40155\/revisions\/40173"}],"wp:featuredmedia":[{"embeddable":true,"href":"https:\/\/lasentinelle.dz\/index.php\/wp-json\/wp\/v2\/media\/40171"}],"wp:attachment":[{"href":"https:\/\/lasentinelle.dz\/index.php\/wp-json\/wp\/v2\/media?parent=40155"}],"wp:term":[{"taxonomy":"category","embeddable":true,"href":"https:\/\/lasentinelle.dz\/index.php\/wp-json\/wp\/v2\/categories?post=40155"},{"taxonomy":"post_tag","embeddable":true,"href":"https:\/\/lasentinelle.dz\/index.php\/wp-json\/wp\/v2\/tags?post=40155"}],"curies":[{"name":"wp","href":"https:\/\/api.w.org\/{rel}","templated":true}]}}