{"id":40165,"date":"2023-04-26T22:05:00","date_gmt":"2023-04-26T21:05:00","guid":{"rendered":"https:\/\/lasentinelle.dz\/?p=40165"},"modified":"2023-04-26T21:26:49","modified_gmt":"2023-04-26T20:26:49","slug":"incendies-de-recoltes-la-protection-civile-annonce-des-mesures-proactives","status":"publish","type":"post","link":"https:\/\/lasentinelle.dz\/index.php\/2023\/04\/26\/incendies-de-recoltes-la-protection-civile-annonce-des-mesures-proactives\/","title":{"rendered":"Incendies de r\u00e9coltes\u00a0: La Protection civile annonce des mesures proactives"},"content":{"rendered":"\n<p>Le directeur de l\u2019information et des statistiques&nbsp; \u00e0 la Direction g\u00e9n\u00e9rale de la protection civile (DGPC), le colonel Farouk Achour, a annonc\u00e9 hier une batterie de mesures proactives contre les incendies des r\u00e9coltes \u00e0 travers le territoire national. \u00ab&nbsp;La DGPC a mis au point un plan d&rsquo;action et de mesures proactives pour prot\u00e9ger des feux de forets les r\u00e9coltes au niveau des exploitations agricoles \u00e0 travers le territoire national&nbsp;\u00bb, a indiqu\u00e9 le colonel Farouk Achour &nbsp;lors du lancement officiel, en pr\u00e9sence des autorit\u00e9s locales, de la campagne de sensibilisation sur la pr\u00e9vention des incendies de r\u00e9coltes au niveau des wilayas du sud du pays. Et d\u2019ajouter que \u00ab&nbsp;ce dispositif vise \u00e0 pr\u00e9server les r\u00e9coltes des feux d\u2019origine naturelle, comme la hausse de la temp\u00e9rature, ou ceux provoqu\u00e9s par les \u00e9quipements de moisson, comme les moissonneuses-batteuses&nbsp;\u00bb. \u00ab&nbsp;Les services de la protection civile \u0153uvrent, en coordination avec ceux des directions des services agricoles et d\u2019autres parties concern\u00e9es, \u00e0 ouvrir des ateliers de formation au profit des op\u00e9rateurs d\u2019\u00e9quipements de moisson-battage sur les meilleurs moyens d\u2019\u00e9viter le d\u00e9clenchement d&rsquo;un feu et de le circonscrire rapidement lors de la phase de la r\u00e9colte&nbsp;\u00bb, a soutenu le m\u00eame responsable. Et d\u2019ajouter: \u00ab\u00a0Tous les moyens humains et mat\u00e9riels ont \u00e9t\u00e9 mobilis\u00e9s par la protection civile pour accompagner les agriculteurs, en amont et en aval, pour maitriser d\u2019\u00e9ventuels incendies \u00e0 la faveur de ce dispositif d\u2019intervention\u00a0\u00bb. Il a, \u00e0 ce titre, indiqu\u00e9 que \u00ab\u00a0la DGPC a choisi wilaya d\u2019El-M\u00e9nia\u00e2 pour y donner le coup d\u2019envoi de la campagne nationale de lutte contre les feux des r\u00e9coltes eu \u00e9gard \u00e0 sa vocation c\u00e9r\u00e9ali\u00e8re et en pr\u00e9vision du lancement de la campagne moisson-battage \u00e0 la mi-prochaine\u00a0\u00bb. La DGPC a, \u00e0 cette occasion, mis en avant l\u2019importance que rev\u00eat cette campagne dans la lutte contre les risques encourus des incendies et d\u2019\u00e9viter les pertes \u00e0 la faveur de l\u2019\u00e9laboration, en coordination avec la CNMA, des DSA, des conservations de for\u00eats et des associations professionnels et intervenants, d\u2019un riche programme comprenant lancement des caravanes de sensibilisation de proximit\u00e9 et en r\u00e9gions agricoles \u00e0 hauts risques d&rsquo;incendies.<\/p>\n\n\n\n<p>R.N.<\/p>\n","protected":false},"excerpt":{"rendered":"<p>Le directeur de l\u2019information et des statistiques&nbsp; \u00e0 la Direction g\u00e9n\u00e9rale de la protection civile (DGPC), le colonel Farouk Achour,<\/p>\n","protected":false},"author":3,"featured_media":40184,"comment_status":"open","ping_status":"closed","sticky":false,"template":"","format":"standard","meta":{"colormag_page_container_layout":"default_layout","colormag_page_sidebar_layout":"default_layout","om_disable_all_campaigns":false,"_monsterinsights_skip_tracking":false,"_monsterinsights_sitenote_active":false,"_monsterinsights_sitenote_note":"","_monsterinsights_sitenote_category":0,"footnotes":"","_wpscppro_dont_share_socialmedia":false,"_wpscppro_custom_social_share_image":0,"_facebook_share_type":"","_twitter_share_type":"","_linkedin_share_type":"","_pinterest_share_type":"","_linkedin_share_type_page":"","_instagram_share_type":"","_medium_share_type":"","_threads_share_type":"","_google_business_share_type":"","_selected_social_profile":[],"_wpsp_enable_custom_social_template":false,"_wpsp_social_scheduling":{"enabled":false,"datetime":null,"platforms":[],"status":"template_only","dateOption":"today","timeOption":"now","customDays":"","customHours":"","customDate":"","customTime":"","schedulingType":"absolute"},"_wpsp_active_default_template":true},"categories":[27],"tags":[],"class_list":["post-40165","post","type-post","status-publish","format-standard","has-post-thumbnail","hentry","category-actualite"],"aioseo_notices":[],"yoast_head":"<!-- This site is optimized with the Yoast SEO plugin v27.5 - https:\/\/yoast.com\/product\/yoast-seo-wordpress\/ -->\n<title>Incendies de r\u00e9coltes\u00a0: La Protection civile annonce des mesures proactives - La Sentinelle<\/title>\n<meta name=\"robots\" content=\"index, follow, max-snippet:-1, max-image-preview:large, max-video-preview:-1\" \/>\n<link rel=\"canonical\" href=\"https:\/\/lasentinelle.dz\/index.php\/2023\/04\/26\/incendies-de-recoltes-la-protection-civile-annonce-des-mesures-proactives\/\" \/>\n<meta property=\"og:locale\" content=\"fr_FR\" \/>\n<meta property=\"og:type\" content=\"article\" \/>\n<meta property=\"og:title\" content=\"Incendies de r\u00e9coltes\u00a0: La Protection civile annonce des mesures proactives - La Sentinelle\" \/>\n<meta property=\"og:description\" content=\"Le directeur de l\u2019information et des statistiques&nbsp; \u00e0 la Direction g\u00e9n\u00e9rale de la protection civile (DGPC), le colonel Farouk Achour,\" \/>\n<meta property=\"og:url\" content=\"https:\/\/lasentinelle.dz\/index.php\/2023\/04\/26\/incendies-de-recoltes-la-protection-civile-annonce-des-mesures-proactives\/\" \/>\n<meta property=\"og:site_name\" content=\"La Sentinelle\" \/>\n<meta property=\"article:publisher\" content=\"https:\/\/www.facebook.com\/La-Sentinelle-104059864394773\" \/>\n<meta property=\"article:published_time\" content=\"2023-04-26T21:05:00+00:00\" \/>\n<meta property=\"og:image\" content=\"https:\/\/lasentinelle.dz\/wp-content\/uploads\/2023\/04\/image_2023-04-26_212506318.png\" \/>\n\t<meta property=\"og:image:width\" content=\"580\" \/>\n\t<meta property=\"og:image:height\" content=\"350\" \/>\n\t<meta property=\"og:image:type\" content=\"image\/png\" \/>\n<meta name=\"author\" content=\"La Sentinelle\" \/>\n<meta name=\"twitter:card\" content=\"summary_large_image\" \/>\n<meta name=\"twitter:label1\" content=\"\u00c9crit par\" \/>\n\t<meta name=\"twitter:data1\" content=\"La Sentinelle\" \/>\n\t<meta name=\"twitter:label2\" content=\"Dur\u00e9e de lecture estim\u00e9e\" \/>\n\t<meta name=\"twitter:data2\" content=\"2 minutes\" \/>\n<script type=\"application\/ld+json\" class=\"yoast-schema-graph\">{\"@context\":\"https:\\\/\\\/schema.org\",\"@graph\":[{\"@type\":\"Article\",\"@id\":\"https:\\\/\\\/lasentinelle.dz\\\/index.php\\\/2023\\\/04\\\/26\\\/incendies-de-recoltes-la-protection-civile-annonce-des-mesures-proactives\\\/#article\",\"isPartOf\":{\"@id\":\"https:\\\/\\\/lasentinelle.dz\\\/index.php\\\/2023\\\/04\\\/26\\\/incendies-de-recoltes-la-protection-civile-annonce-des-mesures-proactives\\\/\"},\"author\":{\"name\":\"La Sentinelle\",\"@id\":\"https:\\\/\\\/lasentinelle.dz\\\/#\\\/schema\\\/person\\\/d865044e22e70a75174ce8bcad3acfb3\"},\"headline\":\"Incendies de r\u00e9coltes\u00a0: La Protection civile annonce des mesures proactives\",\"datePublished\":\"2023-04-26T21:05:00+00:00\",\"mainEntityOfPage\":{\"@id\":\"https:\\\/\\\/lasentinelle.dz\\\/index.php\\\/2023\\\/04\\\/26\\\/incendies-de-recoltes-la-protection-civile-annonce-des-mesures-proactives\\\/\"},\"wordCount\":401,\"commentCount\":0,\"publisher\":{\"@id\":\"https:\\\/\\\/lasentinelle.dz\\\/#organization\"},\"image\":{\"@id\":\"https:\\\/\\\/lasentinelle.dz\\\/index.php\\\/2023\\\/04\\\/26\\\/incendies-de-recoltes-la-protection-civile-annonce-des-mesures-proactives\\\/#primaryimage\"},\"thumbnailUrl\":\"https:\\\/\\\/lasentinelle.dz\\\/wp-content\\\/uploads\\\/2023\\\/04\\\/image_2023-04-26_212506318.png\",\"articleSection\":[\"Actualit\u00e9\"],\"inLanguage\":\"fr-FR\",\"potentialAction\":[{\"@type\":\"CommentAction\",\"name\":\"Comment\",\"target\":[\"https:\\\/\\\/lasentinelle.dz\\\/index.php\\\/2023\\\/04\\\/26\\\/incendies-de-recoltes-la-protection-civile-annonce-des-mesures-proactives\\\/#respond\"]}]},{\"@type\":\"WebPage\",\"@id\":\"https:\\\/\\\/lasentinelle.dz\\\/index.php\\\/2023\\\/04\\\/26\\\/incendies-de-recoltes-la-protection-civile-annonce-des-mesures-proactives\\\/\",\"url\":\"https:\\\/\\\/lasentinelle.dz\\\/index.php\\\/2023\\\/04\\\/26\\\/incendies-de-recoltes-la-protection-civile-annonce-des-mesures-proactives\\\/\",\"name\":\"Incendies de r\u00e9coltes\u00a0: La Protection civile annonce des mesures proactives - La Sentinelle\",\"isPartOf\":{\"@id\":\"https:\\\/\\\/lasentinelle.dz\\\/#website\"},\"primaryImageOfPage\":{\"@id\":\"https:\\\/\\\/lasentinelle.dz\\\/index.php\\\/2023\\\/04\\\/26\\\/incendies-de-recoltes-la-protection-civile-annonce-des-mesures-proactives\\\/#primaryimage\"},\"image\":{\"@id\":\"https:\\\/\\\/lasentinelle.dz\\\/index.php\\\/2023\\\/04\\\/26\\\/incendies-de-recoltes-la-protection-civile-annonce-des-mesures-proactives\\\/#primaryimage\"},\"thumbnailUrl\":\"https:\\\/\\\/lasentinelle.dz\\\/wp-content\\\/uploads\\\/2023\\\/04\\\/image_2023-04-26_212506318.png\",\"datePublished\":\"2023-04-26T21:05:00+00:00\",\"breadcrumb\":{\"@id\":\"https:\\\/\\\/lasentinelle.dz\\\/index.php\\\/2023\\\/04\\\/26\\\/incendies-de-recoltes-la-protection-civile-annonce-des-mesures-proactives\\\/#breadcrumb\"},\"inLanguage\":\"fr-FR\",\"potentialAction\":[{\"@type\":\"ReadAction\",\"target\":[\"https:\\\/\\\/lasentinelle.dz\\\/index.php\\\/2023\\\/04\\\/26\\\/incendies-de-recoltes-la-protection-civile-annonce-des-mesures-proactives\\\/\"]}]},{\"@type\":\"ImageObject\",\"inLanguage\":\"fr-FR\",\"@id\":\"https:\\\/\\\/lasentinelle.dz\\\/index.php\\\/2023\\\/04\\\/26\\\/incendies-de-recoltes-la-protection-civile-annonce-des-mesures-proactives\\\/#primaryimage\",\"url\":\"https:\\\/\\\/lasentinelle.dz\\\/wp-content\\\/uploads\\\/2023\\\/04\\\/image_2023-04-26_212506318.png\",\"contentUrl\":\"https:\\\/\\\/lasentinelle.dz\\\/wp-content\\\/uploads\\\/2023\\\/04\\\/image_2023-04-26_212506318.png\",\"width\":580,\"height\":350},{\"@type\":\"BreadcrumbList\",\"@id\":\"https:\\\/\\\/lasentinelle.dz\\\/index.php\\\/2023\\\/04\\\/26\\\/incendies-de-recoltes-la-protection-civile-annonce-des-mesures-proactives\\\/#breadcrumb\",\"itemListElement\":[{\"@type\":\"ListItem\",\"position\":1,\"name\":\"Accueil\",\"item\":\"https:\\\/\\\/lasentinelle.dz\\\/\"},{\"@type\":\"ListItem\",\"position\":2,\"name\":\"Incendies de r\u00e9coltes\u00a0: La Protection civile annonce des mesures proactives\"}]},{\"@type\":\"WebSite\",\"@id\":\"https:\\\/\\\/lasentinelle.dz\\\/#website\",\"url\":\"https:\\\/\\\/lasentinelle.dz\\\/\",\"name\":\"La Sentinelle\",\"description\":\"Quotidien national d&#039;information\",\"publisher\":{\"@id\":\"https:\\\/\\\/lasentinelle.dz\\\/#organization\"},\"potentialAction\":[{\"@type\":\"SearchAction\",\"target\":{\"@type\":\"EntryPoint\",\"urlTemplate\":\"https:\\\/\\\/lasentinelle.dz\\\/?s={search_term_string}\"},\"query-input\":{\"@type\":\"PropertyValueSpecification\",\"valueRequired\":true,\"valueName\":\"search_term_string\"}}],\"inLanguage\":\"fr-FR\"},{\"@type\":\"Organization\",\"@id\":\"https:\\\/\\\/lasentinelle.dz\\\/#organization\",\"name\":\"Quotidien La Sentinelle\",\"url\":\"https:\\\/\\\/lasentinelle.dz\\\/\",\"logo\":{\"@type\":\"ImageObject\",\"inLanguage\":\"fr-FR\",\"@id\":\"https:\\\/\\\/lasentinelle.dz\\\/#\\\/schema\\\/logo\\\/image\\\/\",\"url\":\"https:\\\/\\\/lasentinelle.dz\\\/wp-content\\\/uploads\\\/2021\\\/09\\\/logo-sentinelleSLOGAN-1.png\",\"contentUrl\":\"https:\\\/\\\/lasentinelle.dz\\\/wp-content\\\/uploads\\\/2021\\\/09\\\/logo-sentinelleSLOGAN-1.png\",\"width\":615,\"height\":142,\"caption\":\"Quotidien La Sentinelle\"},\"image\":{\"@id\":\"https:\\\/\\\/lasentinelle.dz\\\/#\\\/schema\\\/logo\\\/image\\\/\"},\"sameAs\":[\"https:\\\/\\\/www.facebook.com\\\/La-Sentinelle-104059864394773\"]},{\"@type\":\"Person\",\"@id\":\"https:\\\/\\\/lasentinelle.dz\\\/#\\\/schema\\\/person\\\/d865044e22e70a75174ce8bcad3acfb3\",\"name\":\"La Sentinelle\",\"image\":{\"@type\":\"ImageObject\",\"inLanguage\":\"fr-FR\",\"@id\":\"https:\\\/\\\/secure.gravatar.com\\\/avatar\\\/57de8e5d4b15d43fb361a71fbb36338450fe67865b528a43dd10ef7c51a20392?s=96&d=mm&r=g\",\"url\":\"https:\\\/\\\/secure.gravatar.com\\\/avatar\\\/57de8e5d4b15d43fb361a71fbb36338450fe67865b528a43dd10ef7c51a20392?s=96&d=mm&r=g\",\"contentUrl\":\"https:\\\/\\\/secure.gravatar.com\\\/avatar\\\/57de8e5d4b15d43fb361a71fbb36338450fe67865b528a43dd10ef7c51a20392?s=96&d=mm&r=g\",\"caption\":\"La Sentinelle\"},\"sameAs\":[\"http:\\\/\\\/www.lasentinelle.dz\"],\"url\":\"https:\\\/\\\/lasentinelle.dz\\\/author\\\/redaction\\\/\"}]}<\/script>\n<!-- \/ Yoast SEO plugin. -->","yoast_head_json":{"title":"Incendies de r\u00e9coltes\u00a0: La Protection civile annonce des mesures proactives - La Sentinelle","robots":{"index":"index","follow":"follow","max-snippet":"max-snippet:-1","max-image-preview":"max-image-preview:large","max-video-preview":"max-video-preview:-1"},"canonical":"https:\/\/lasentinelle.dz\/index.php\/2023\/04\/26\/incendies-de-recoltes-la-protection-civile-annonce-des-mesures-proactives\/","og_locale":"fr_FR","og_type":"article","og_title":"Incendies de r\u00e9coltes\u00a0: La Protection civile annonce des mesures proactives - La Sentinelle","og_description":"Le directeur de l\u2019information et des statistiques&nbsp; \u00e0 la Direction g\u00e9n\u00e9rale de la protection civile (DGPC), le colonel Farouk Achour,","og_url":"https:\/\/lasentinelle.dz\/index.php\/2023\/04\/26\/incendies-de-recoltes-la-protection-civile-annonce-des-mesures-proactives\/","og_site_name":"La Sentinelle","article_publisher":"https:\/\/www.facebook.com\/La-Sentinelle-104059864394773","article_published_time":"2023-04-26T21:05:00+00:00","og_image":[{"width":580,"height":350,"url":"https:\/\/lasentinelle.dz\/wp-content\/uploads\/2023\/04\/image_2023-04-26_212506318.png","type":"image\/png"}],"author":"La Sentinelle","twitter_card":"summary_large_image","twitter_misc":{"\u00c9crit par":"La Sentinelle","Dur\u00e9e de lecture estim\u00e9e":"2 minutes"},"schema":{"@context":"https:\/\/schema.org","@graph":[{"@type":"Article","@id":"https:\/\/lasentinelle.dz\/index.php\/2023\/04\/26\/incendies-de-recoltes-la-protection-civile-annonce-des-mesures-proactives\/#article","isPartOf":{"@id":"https:\/\/lasentinelle.dz\/index.php\/2023\/04\/26\/incendies-de-recoltes-la-protection-civile-annonce-des-mesures-proactives\/"},"author":{"name":"La Sentinelle","@id":"https:\/\/lasentinelle.dz\/#\/schema\/person\/d865044e22e70a75174ce8bcad3acfb3"},"headline":"Incendies de r\u00e9coltes\u00a0: La Protection civile annonce des mesures proactives","datePublished":"2023-04-26T21:05:00+00:00","mainEntityOfPage":{"@id":"https:\/\/lasentinelle.dz\/index.php\/2023\/04\/26\/incendies-de-recoltes-la-protection-civile-annonce-des-mesures-proactives\/"},"wordCount":401,"commentCount":0,"publisher":{"@id":"https:\/\/lasentinelle.dz\/#organization"},"image":{"@id":"https:\/\/lasentinelle.dz\/index.php\/2023\/04\/26\/incendies-de-recoltes-la-protection-civile-annonce-des-mesures-proactives\/#primaryimage"},"thumbnailUrl":"https:\/\/lasentinelle.dz\/wp-content\/uploads\/2023\/04\/image_2023-04-26_212506318.png","articleSection":["Actualit\u00e9"],"inLanguage":"fr-FR","potentialAction":[{"@type":"CommentAction","name":"Comment","target":["https:\/\/lasentinelle.dz\/index.php\/2023\/04\/26\/incendies-de-recoltes-la-protection-civile-annonce-des-mesures-proactives\/#respond"]}]},{"@type":"WebPage","@id":"https:\/\/lasentinelle.dz\/index.php\/2023\/04\/26\/incendies-de-recoltes-la-protection-civile-annonce-des-mesures-proactives\/","url":"https:\/\/lasentinelle.dz\/index.php\/2023\/04\/26\/incendies-de-recoltes-la-protection-civile-annonce-des-mesures-proactives\/","name":"Incendies de r\u00e9coltes\u00a0: La Protection civile annonce des mesures proactives - La Sentinelle","isPartOf":{"@id":"https:\/\/lasentinelle.dz\/#website"},"primaryImageOfPage":{"@id":"https:\/\/lasentinelle.dz\/index.php\/2023\/04\/26\/incendies-de-recoltes-la-protection-civile-annonce-des-mesures-proactives\/#primaryimage"},"image":{"@id":"https:\/\/lasentinelle.dz\/index.php\/2023\/04\/26\/incendies-de-recoltes-la-protection-civile-annonce-des-mesures-proactives\/#primaryimage"},"thumbnailUrl":"https:\/\/lasentinelle.dz\/wp-content\/uploads\/2023\/04\/image_2023-04-26_212506318.png","datePublished":"2023-04-26T21:05:00+00:00","breadcrumb":{"@id":"https:\/\/lasentinelle.dz\/index.php\/2023\/04\/26\/incendies-de-recoltes-la-protection-civile-annonce-des-mesures-proactives\/#breadcrumb"},"inLanguage":"fr-FR","potentialAction":[{"@type":"ReadAction","target":["https:\/\/lasentinelle.dz\/index.php\/2023\/04\/26\/incendies-de-recoltes-la-protection-civile-annonce-des-mesures-proactives\/"]}]},{"@type":"ImageObject","inLanguage":"fr-FR","@id":"https:\/\/lasentinelle.dz\/index.php\/2023\/04\/26\/incendies-de-recoltes-la-protection-civile-annonce-des-mesures-proactives\/#primaryimage","url":"https:\/\/lasentinelle.dz\/wp-content\/uploads\/2023\/04\/image_2023-04-26_212506318.png","contentUrl":"https:\/\/lasentinelle.dz\/wp-content\/uploads\/2023\/04\/image_2023-04-26_212506318.png","width":580,"height":350},{"@type":"BreadcrumbList","@id":"https:\/\/lasentinelle.dz\/index.php\/2023\/04\/26\/incendies-de-recoltes-la-protection-civile-annonce-des-mesures-proactives\/#breadcrumb","itemListElement":[{"@type":"ListItem","position":1,"name":"Accueil","item":"https:\/\/lasentinelle.dz\/"},{"@type":"ListItem","position":2,"name":"Incendies de r\u00e9coltes\u00a0: La Protection civile annonce des mesures proactives"}]},{"@type":"WebSite","@id":"https:\/\/lasentinelle.dz\/#website","url":"https:\/\/lasentinelle.dz\/","name":"La Sentinelle","description":"Quotidien national d&#039;information","publisher":{"@id":"https:\/\/lasentinelle.dz\/#organization"},"potentialAction":[{"@type":"SearchAction","target":{"@type":"EntryPoint","urlTemplate":"https:\/\/lasentinelle.dz\/?s={search_term_string}"},"query-input":{"@type":"PropertyValueSpecification","valueRequired":true,"valueName":"search_term_string"}}],"inLanguage":"fr-FR"},{"@type":"Organization","@id":"https:\/\/lasentinelle.dz\/#organization","name":"Quotidien La Sentinelle","url":"https:\/\/lasentinelle.dz\/","logo":{"@type":"ImageObject","inLanguage":"fr-FR","@id":"https:\/\/lasentinelle.dz\/#\/schema\/logo\/image\/","url":"https:\/\/lasentinelle.dz\/wp-content\/uploads\/2021\/09\/logo-sentinelleSLOGAN-1.png","contentUrl":"https:\/\/lasentinelle.dz\/wp-content\/uploads\/2021\/09\/logo-sentinelleSLOGAN-1.png","width":615,"height":142,"caption":"Quotidien La Sentinelle"},"image":{"@id":"https:\/\/lasentinelle.dz\/#\/schema\/logo\/image\/"},"sameAs":["https:\/\/www.facebook.com\/La-Sentinelle-104059864394773"]},{"@type":"Person","@id":"https:\/\/lasentinelle.dz\/#\/schema\/person\/d865044e22e70a75174ce8bcad3acfb3","name":"La Sentinelle","image":{"@type":"ImageObject","inLanguage":"fr-FR","@id":"https:\/\/secure.gravatar.com\/avatar\/57de8e5d4b15d43fb361a71fbb36338450fe67865b528a43dd10ef7c51a20392?s=96&d=mm&r=g","url":"https:\/\/secure.gravatar.com\/avatar\/57de8e5d4b15d43fb361a71fbb36338450fe67865b528a43dd10ef7c51a20392?s=96&d=mm&r=g","contentUrl":"https:\/\/secure.gravatar.com\/avatar\/57de8e5d4b15d43fb361a71fbb36338450fe67865b528a43dd10ef7c51a20392?s=96&d=mm&r=g","caption":"La Sentinelle"},"sameAs":["http:\/\/www.lasentinelle.dz"],"url":"https:\/\/lasentinelle.dz\/author\/redaction\/"}]}},"_links":{"self":[{"href":"https:\/\/lasentinelle.dz\/index.php\/wp-json\/wp\/v2\/posts\/40165","targetHints":{"allow":["GET"]}}],"collection":[{"href":"https:\/\/lasentinelle.dz\/index.php\/wp-json\/wp\/v2\/posts"}],"about":[{"href":"https:\/\/lasentinelle.dz\/index.php\/wp-json\/wp\/v2\/types\/post"}],"author":[{"embeddable":true,"href":"https:\/\/lasentinelle.dz\/index.php\/wp-json\/wp\/v2\/users\/3"}],"replies":[{"embeddable":true,"href":"https:\/\/lasentinelle.dz\/index.php\/wp-json\/wp\/v2\/comments?post=40165"}],"version-history":[{"count":1,"href":"https:\/\/lasentinelle.dz\/index.php\/wp-json\/wp\/v2\/posts\/40165\/revisions"}],"predecessor-version":[{"id":40185,"href":"https:\/\/lasentinelle.dz\/index.php\/wp-json\/wp\/v2\/posts\/40165\/revisions\/40185"}],"wp:featuredmedia":[{"embeddable":true,"href":"https:\/\/lasentinelle.dz\/index.php\/wp-json\/wp\/v2\/media\/40184"}],"wp:attachment":[{"href":"https:\/\/lasentinelle.dz\/index.php\/wp-json\/wp\/v2\/media?parent=40165"}],"wp:term":[{"taxonomy":"category","embeddable":true,"href":"https:\/\/lasentinelle.dz\/index.php\/wp-json\/wp\/v2\/categories?post=40165"},{"taxonomy":"post_tag","embeddable":true,"href":"https:\/\/lasentinelle.dz\/index.php\/wp-json\/wp\/v2\/tags?post=40165"}],"curies":[{"name":"wp","href":"https:\/\/api.w.org\/{rel}","templated":true}]}}