{"id":40189,"date":"2023-04-29T22:08:00","date_gmt":"2023-04-29T21:08:00","guid":{"rendered":"https:\/\/lasentinelle.dz\/?p=40189"},"modified":"2023-04-29T20:02:50","modified_gmt":"2023-04-29T19:02:50","slug":"sahara-occidental-les-brics-appelle-a-une-solution-garantissant-le-droit-a-lautodetermination","status":"publish","type":"post","link":"https:\/\/lasentinelle.dz\/index.php\/2023\/04\/29\/sahara-occidental-les-brics-appelle-a-une-solution-garantissant-le-droit-a-lautodetermination\/","title":{"rendered":"Sahara Occidental\u00a0: Les BRICS appelle \u00e0 une solution garantissant le droit \u00e0 l&rsquo;autod\u00e9termination"},"content":{"rendered":"\n<p>Le groupe des BRICS a appel\u00e9 \u00e0 une solution politique \u00e0 m\u00eame de garantir le droit \u00e0 l&rsquo;autod\u00e9termination du peuple sahraoui, exprimant son soutien total \u00e0 la mise en \u0153uvre de la Mission des Nations unies pour l&rsquo;organisation d&rsquo;un r\u00e9f\u00e9rendum au Sahara occidental (MINURSO). Les vice-ministres des Affaires \u00e9trang\u00e8res et des envoy\u00e9s sp\u00e9ciaux du BRICS pour le Moyen-Orient et l&rsquo;Afrique du Nord (Mena) ont tenu, le 26 avril au Cap, une r\u00e9union pr\u00e9paratoire au prochain sommet de cette organisation qui doit se tenir du 22 au 24 ao\u00fbt dans la province de Gauteng, en Afrique du Sud. Dans une d\u00e9claration conjointe publi\u00e9e \u00e0 l&rsquo;issue de cette r\u00e9union, ils ont soulign\u00e9 \u00ab\u00a0la n\u00e9cessit\u00e9 de parvenir \u00e0 une solution politique durable et mutuellement acceptable \u00e0 la question du Sahara occidental, conform\u00e9ment aux r\u00e9solutions pertinentes du Conseil de s\u00e9curit\u00e9 des Nations unies\u00a0\u00bb. Ils ont, \u00e0 ce titre, exprim\u00e9 leur \u00ab\u00a0soutien total \u00e0 la mise en \u0153uvre de la MINURSO\u00a0\u00bb. Les responsables des BRICS ont, en outre, exprim\u00e9 \u00ab\u00a0leur soutien sans r\u00e9serve \u00e0 l&rsquo;envoy\u00e9 personnel du Secr\u00e9taire g\u00e9n\u00e9ral des Nations unies pour le Sahara occidental (Staffan de Mistura) et aux efforts qu&rsquo;il d\u00e9ploie pour faire avancer le processus politique qui aboutira \u00e0 la reprise du dialogue entre les parties concern\u00e9es (le Front Polisario et le Maroc)\u00a0\u00bb. A noter que lors de la r\u00e9union, les participants ont \u00e9galement discut\u00e9 d&rsquo;un certain nombre de questions internationales, telles que le processus de paix au Moyen-Orient et les d\u00e9veloppements entre autres, en Libye, en Irak, au Liban et au Y\u00e9men. Les BRICS comprennent le Br\u00e9sil, la Russie, l&rsquo;Inde, la Chine et l&rsquo;Afrique du Sud. Le prochain sommet de cette ann\u00e9e se tiendra sous le th\u00e8me : \u00ab\u00a0Les BRICS et l&rsquo;Afrique: un partenariat pour une croissance mutuellement acc\u00e9l\u00e9r\u00e9e, un d\u00e9veloppement durable et un multilat\u00e9ralisme inclusif\u00a0\u00bb. L&rsquo;Afrique du Sud assure la pr\u00e9sidence des BRICS depuis le 1er janvier 2023, succ\u00e9dant \u00e0 la Chine.<\/p>\n\n\n\n<p>APS<\/p>\n","protected":false},"excerpt":{"rendered":"<p>Le groupe des BRICS a appel\u00e9 \u00e0 une solution politique \u00e0 m\u00eame de garantir le droit \u00e0 l&rsquo;autod\u00e9termination du peuple<\/p>\n","protected":false},"author":3,"featured_media":40192,"comment_status":"open","ping_status":"closed","sticky":false,"template":"","format":"standard","meta":{"colormag_page_container_layout":"default_layout","colormag_page_sidebar_layout":"default_layout","om_disable_all_campaigns":false,"_monsterinsights_skip_tracking":false,"_monsterinsights_sitenote_active":false,"_monsterinsights_sitenote_note":"","_monsterinsights_sitenote_category":0,"footnotes":"","_wpscppro_dont_share_socialmedia":false,"_wpscppro_custom_social_share_image":0,"_facebook_share_type":"","_twitter_share_type":"","_linkedin_share_type":"","_pinterest_share_type":"","_linkedin_share_type_page":"","_instagram_share_type":"","_medium_share_type":"","_threads_share_type":"","_google_business_share_type":"","_selected_social_profile":[],"_wpsp_enable_custom_social_template":false,"_wpsp_social_scheduling":{"enabled":false,"datetime":null,"platforms":[],"status":"template_only","dateOption":"today","timeOption":"now","customDays":"","customHours":"","customDate":"","customTime":"","schedulingType":"absolute"},"_wpsp_active_default_template":true},"categories":[52,37],"tags":[],"class_list":["post-40189","post","type-post","status-publish","format-standard","has-post-thumbnail","hentry","category-a-la-une","category-monde"],"aioseo_notices":[],"yoast_head":"<!-- This site is optimized with the Yoast SEO plugin v27.5 - https:\/\/yoast.com\/product\/yoast-seo-wordpress\/ -->\n<title>Sahara Occidental\u00a0: Les BRICS appelle \u00e0 une solution garantissant le droit \u00e0 l&rsquo;autod\u00e9termination - La Sentinelle<\/title>\n<meta name=\"robots\" content=\"index, follow, max-snippet:-1, max-image-preview:large, max-video-preview:-1\" \/>\n<link rel=\"canonical\" href=\"https:\/\/lasentinelle.dz\/index.php\/2023\/04\/29\/sahara-occidental-les-brics-appelle-a-une-solution-garantissant-le-droit-a-lautodetermination\/\" \/>\n<meta property=\"og:locale\" content=\"fr_FR\" \/>\n<meta property=\"og:type\" content=\"article\" \/>\n<meta property=\"og:title\" content=\"Sahara Occidental\u00a0: Les BRICS appelle \u00e0 une solution garantissant le droit \u00e0 l&rsquo;autod\u00e9termination - La Sentinelle\" \/>\n<meta property=\"og:description\" content=\"Le groupe des BRICS a appel\u00e9 \u00e0 une solution politique \u00e0 m\u00eame de garantir le droit \u00e0 l&rsquo;autod\u00e9termination du peuple\" \/>\n<meta property=\"og:url\" content=\"https:\/\/lasentinelle.dz\/index.php\/2023\/04\/29\/sahara-occidental-les-brics-appelle-a-une-solution-garantissant-le-droit-a-lautodetermination\/\" \/>\n<meta property=\"og:site_name\" content=\"La Sentinelle\" \/>\n<meta property=\"article:publisher\" content=\"https:\/\/www.facebook.com\/La-Sentinelle-104059864394773\" \/>\n<meta property=\"article:published_time\" content=\"2023-04-29T21:08:00+00:00\" \/>\n<meta property=\"og:image\" content=\"https:\/\/lasentinelle.dz\/wp-content\/uploads\/2023\/04\/BRICS.png\" \/>\n\t<meta property=\"og:image:width\" content=\"1200\" \/>\n\t<meta property=\"og:image:height\" content=\"900\" \/>\n\t<meta property=\"og:image:type\" content=\"image\/png\" \/>\n<meta name=\"author\" content=\"La Sentinelle\" \/>\n<meta name=\"twitter:card\" content=\"summary_large_image\" \/>\n<meta name=\"twitter:label1\" content=\"\u00c9crit par\" \/>\n\t<meta name=\"twitter:data1\" content=\"La Sentinelle\" \/>\n\t<meta name=\"twitter:label2\" content=\"Dur\u00e9e de lecture estim\u00e9e\" \/>\n\t<meta name=\"twitter:data2\" content=\"2 minutes\" \/>\n<script type=\"application\/ld+json\" class=\"yoast-schema-graph\">{\"@context\":\"https:\\\/\\\/schema.org\",\"@graph\":[{\"@type\":\"Article\",\"@id\":\"https:\\\/\\\/lasentinelle.dz\\\/index.php\\\/2023\\\/04\\\/29\\\/sahara-occidental-les-brics-appelle-a-une-solution-garantissant-le-droit-a-lautodetermination\\\/#article\",\"isPartOf\":{\"@id\":\"https:\\\/\\\/lasentinelle.dz\\\/index.php\\\/2023\\\/04\\\/29\\\/sahara-occidental-les-brics-appelle-a-une-solution-garantissant-le-droit-a-lautodetermination\\\/\"},\"author\":{\"name\":\"La Sentinelle\",\"@id\":\"https:\\\/\\\/lasentinelle.dz\\\/#\\\/schema\\\/person\\\/d865044e22e70a75174ce8bcad3acfb3\"},\"headline\":\"Sahara Occidental\u00a0: Les BRICS appelle \u00e0 une solution garantissant le droit \u00e0 l&rsquo;autod\u00e9termination\",\"datePublished\":\"2023-04-29T21:08:00+00:00\",\"mainEntityOfPage\":{\"@id\":\"https:\\\/\\\/lasentinelle.dz\\\/index.php\\\/2023\\\/04\\\/29\\\/sahara-occidental-les-brics-appelle-a-une-solution-garantissant-le-droit-a-lautodetermination\\\/\"},\"wordCount\":359,\"commentCount\":0,\"publisher\":{\"@id\":\"https:\\\/\\\/lasentinelle.dz\\\/#organization\"},\"image\":{\"@id\":\"https:\\\/\\\/lasentinelle.dz\\\/index.php\\\/2023\\\/04\\\/29\\\/sahara-occidental-les-brics-appelle-a-une-solution-garantissant-le-droit-a-lautodetermination\\\/#primaryimage\"},\"thumbnailUrl\":\"https:\\\/\\\/lasentinelle.dz\\\/wp-content\\\/uploads\\\/2023\\\/04\\\/BRICS.png\",\"articleSection\":[\"\u00c0 la Une\",\"Monde\"],\"inLanguage\":\"fr-FR\",\"potentialAction\":[{\"@type\":\"CommentAction\",\"name\":\"Comment\",\"target\":[\"https:\\\/\\\/lasentinelle.dz\\\/index.php\\\/2023\\\/04\\\/29\\\/sahara-occidental-les-brics-appelle-a-une-solution-garantissant-le-droit-a-lautodetermination\\\/#respond\"]}]},{\"@type\":\"WebPage\",\"@id\":\"https:\\\/\\\/lasentinelle.dz\\\/index.php\\\/2023\\\/04\\\/29\\\/sahara-occidental-les-brics-appelle-a-une-solution-garantissant-le-droit-a-lautodetermination\\\/\",\"url\":\"https:\\\/\\\/lasentinelle.dz\\\/index.php\\\/2023\\\/04\\\/29\\\/sahara-occidental-les-brics-appelle-a-une-solution-garantissant-le-droit-a-lautodetermination\\\/\",\"name\":\"Sahara Occidental\u00a0: Les BRICS appelle \u00e0 une solution garantissant le droit \u00e0 l&rsquo;autod\u00e9termination - La Sentinelle\",\"isPartOf\":{\"@id\":\"https:\\\/\\\/lasentinelle.dz\\\/#website\"},\"primaryImageOfPage\":{\"@id\":\"https:\\\/\\\/lasentinelle.dz\\\/index.php\\\/2023\\\/04\\\/29\\\/sahara-occidental-les-brics-appelle-a-une-solution-garantissant-le-droit-a-lautodetermination\\\/#primaryimage\"},\"image\":{\"@id\":\"https:\\\/\\\/lasentinelle.dz\\\/index.php\\\/2023\\\/04\\\/29\\\/sahara-occidental-les-brics-appelle-a-une-solution-garantissant-le-droit-a-lautodetermination\\\/#primaryimage\"},\"thumbnailUrl\":\"https:\\\/\\\/lasentinelle.dz\\\/wp-content\\\/uploads\\\/2023\\\/04\\\/BRICS.png\",\"datePublished\":\"2023-04-29T21:08:00+00:00\",\"breadcrumb\":{\"@id\":\"https:\\\/\\\/lasentinelle.dz\\\/index.php\\\/2023\\\/04\\\/29\\\/sahara-occidental-les-brics-appelle-a-une-solution-garantissant-le-droit-a-lautodetermination\\\/#breadcrumb\"},\"inLanguage\":\"fr-FR\",\"potentialAction\":[{\"@type\":\"ReadAction\",\"target\":[\"https:\\\/\\\/lasentinelle.dz\\\/index.php\\\/2023\\\/04\\\/29\\\/sahara-occidental-les-brics-appelle-a-une-solution-garantissant-le-droit-a-lautodetermination\\\/\"]}]},{\"@type\":\"ImageObject\",\"inLanguage\":\"fr-FR\",\"@id\":\"https:\\\/\\\/lasentinelle.dz\\\/index.php\\\/2023\\\/04\\\/29\\\/sahara-occidental-les-brics-appelle-a-une-solution-garantissant-le-droit-a-lautodetermination\\\/#primaryimage\",\"url\":\"https:\\\/\\\/lasentinelle.dz\\\/wp-content\\\/uploads\\\/2023\\\/04\\\/BRICS.png\",\"contentUrl\":\"https:\\\/\\\/lasentinelle.dz\\\/wp-content\\\/uploads\\\/2023\\\/04\\\/BRICS.png\",\"width\":1200,\"height\":900},{\"@type\":\"BreadcrumbList\",\"@id\":\"https:\\\/\\\/lasentinelle.dz\\\/index.php\\\/2023\\\/04\\\/29\\\/sahara-occidental-les-brics-appelle-a-une-solution-garantissant-le-droit-a-lautodetermination\\\/#breadcrumb\",\"itemListElement\":[{\"@type\":\"ListItem\",\"position\":1,\"name\":\"Accueil\",\"item\":\"https:\\\/\\\/lasentinelle.dz\\\/\"},{\"@type\":\"ListItem\",\"position\":2,\"name\":\"Sahara Occidental\u00a0: Les BRICS appelle \u00e0 une solution garantissant le droit \u00e0 l&rsquo;autod\u00e9termination\"}]},{\"@type\":\"WebSite\",\"@id\":\"https:\\\/\\\/lasentinelle.dz\\\/#website\",\"url\":\"https:\\\/\\\/lasentinelle.dz\\\/\",\"name\":\"La Sentinelle\",\"description\":\"Quotidien national d&#039;information\",\"publisher\":{\"@id\":\"https:\\\/\\\/lasentinelle.dz\\\/#organization\"},\"potentialAction\":[{\"@type\":\"SearchAction\",\"target\":{\"@type\":\"EntryPoint\",\"urlTemplate\":\"https:\\\/\\\/lasentinelle.dz\\\/?s={search_term_string}\"},\"query-input\":{\"@type\":\"PropertyValueSpecification\",\"valueRequired\":true,\"valueName\":\"search_term_string\"}}],\"inLanguage\":\"fr-FR\"},{\"@type\":\"Organization\",\"@id\":\"https:\\\/\\\/lasentinelle.dz\\\/#organization\",\"name\":\"Quotidien La Sentinelle\",\"url\":\"https:\\\/\\\/lasentinelle.dz\\\/\",\"logo\":{\"@type\":\"ImageObject\",\"inLanguage\":\"fr-FR\",\"@id\":\"https:\\\/\\\/lasentinelle.dz\\\/#\\\/schema\\\/logo\\\/image\\\/\",\"url\":\"https:\\\/\\\/lasentinelle.dz\\\/wp-content\\\/uploads\\\/2021\\\/09\\\/logo-sentinelleSLOGAN-1.png\",\"contentUrl\":\"https:\\\/\\\/lasentinelle.dz\\\/wp-content\\\/uploads\\\/2021\\\/09\\\/logo-sentinelleSLOGAN-1.png\",\"width\":615,\"height\":142,\"caption\":\"Quotidien La Sentinelle\"},\"image\":{\"@id\":\"https:\\\/\\\/lasentinelle.dz\\\/#\\\/schema\\\/logo\\\/image\\\/\"},\"sameAs\":[\"https:\\\/\\\/www.facebook.com\\\/La-Sentinelle-104059864394773\"]},{\"@type\":\"Person\",\"@id\":\"https:\\\/\\\/lasentinelle.dz\\\/#\\\/schema\\\/person\\\/d865044e22e70a75174ce8bcad3acfb3\",\"name\":\"La Sentinelle\",\"image\":{\"@type\":\"ImageObject\",\"inLanguage\":\"fr-FR\",\"@id\":\"https:\\\/\\\/secure.gravatar.com\\\/avatar\\\/57de8e5d4b15d43fb361a71fbb36338450fe67865b528a43dd10ef7c51a20392?s=96&d=mm&r=g\",\"url\":\"https:\\\/\\\/secure.gravatar.com\\\/avatar\\\/57de8e5d4b15d43fb361a71fbb36338450fe67865b528a43dd10ef7c51a20392?s=96&d=mm&r=g\",\"contentUrl\":\"https:\\\/\\\/secure.gravatar.com\\\/avatar\\\/57de8e5d4b15d43fb361a71fbb36338450fe67865b528a43dd10ef7c51a20392?s=96&d=mm&r=g\",\"caption\":\"La Sentinelle\"},\"sameAs\":[\"http:\\\/\\\/www.lasentinelle.dz\"],\"url\":\"https:\\\/\\\/lasentinelle.dz\\\/author\\\/redaction\\\/\"}]}<\/script>\n<!-- \/ Yoast SEO plugin. -->","yoast_head_json":{"title":"Sahara Occidental\u00a0: Les BRICS appelle \u00e0 une solution garantissant le droit \u00e0 l&rsquo;autod\u00e9termination - La Sentinelle","robots":{"index":"index","follow":"follow","max-snippet":"max-snippet:-1","max-image-preview":"max-image-preview:large","max-video-preview":"max-video-preview:-1"},"canonical":"https:\/\/lasentinelle.dz\/index.php\/2023\/04\/29\/sahara-occidental-les-brics-appelle-a-une-solution-garantissant-le-droit-a-lautodetermination\/","og_locale":"fr_FR","og_type":"article","og_title":"Sahara Occidental\u00a0: Les BRICS appelle \u00e0 une solution garantissant le droit \u00e0 l&rsquo;autod\u00e9termination - La Sentinelle","og_description":"Le groupe des BRICS a appel\u00e9 \u00e0 une solution politique \u00e0 m\u00eame de garantir le droit \u00e0 l&rsquo;autod\u00e9termination du peuple","og_url":"https:\/\/lasentinelle.dz\/index.php\/2023\/04\/29\/sahara-occidental-les-brics-appelle-a-une-solution-garantissant-le-droit-a-lautodetermination\/","og_site_name":"La Sentinelle","article_publisher":"https:\/\/www.facebook.com\/La-Sentinelle-104059864394773","article_published_time":"2023-04-29T21:08:00+00:00","og_image":[{"width":1200,"height":900,"url":"https:\/\/lasentinelle.dz\/wp-content\/uploads\/2023\/04\/BRICS.png","type":"image\/png"}],"author":"La Sentinelle","twitter_card":"summary_large_image","twitter_misc":{"\u00c9crit par":"La Sentinelle","Dur\u00e9e de lecture estim\u00e9e":"2 minutes"},"schema":{"@context":"https:\/\/schema.org","@graph":[{"@type":"Article","@id":"https:\/\/lasentinelle.dz\/index.php\/2023\/04\/29\/sahara-occidental-les-brics-appelle-a-une-solution-garantissant-le-droit-a-lautodetermination\/#article","isPartOf":{"@id":"https:\/\/lasentinelle.dz\/index.php\/2023\/04\/29\/sahara-occidental-les-brics-appelle-a-une-solution-garantissant-le-droit-a-lautodetermination\/"},"author":{"name":"La Sentinelle","@id":"https:\/\/lasentinelle.dz\/#\/schema\/person\/d865044e22e70a75174ce8bcad3acfb3"},"headline":"Sahara Occidental\u00a0: Les BRICS appelle \u00e0 une solution garantissant le droit \u00e0 l&rsquo;autod\u00e9termination","datePublished":"2023-04-29T21:08:00+00:00","mainEntityOfPage":{"@id":"https:\/\/lasentinelle.dz\/index.php\/2023\/04\/29\/sahara-occidental-les-brics-appelle-a-une-solution-garantissant-le-droit-a-lautodetermination\/"},"wordCount":359,"commentCount":0,"publisher":{"@id":"https:\/\/lasentinelle.dz\/#organization"},"image":{"@id":"https:\/\/lasentinelle.dz\/index.php\/2023\/04\/29\/sahara-occidental-les-brics-appelle-a-une-solution-garantissant-le-droit-a-lautodetermination\/#primaryimage"},"thumbnailUrl":"https:\/\/lasentinelle.dz\/wp-content\/uploads\/2023\/04\/BRICS.png","articleSection":["\u00c0 la Une","Monde"],"inLanguage":"fr-FR","potentialAction":[{"@type":"CommentAction","name":"Comment","target":["https:\/\/lasentinelle.dz\/index.php\/2023\/04\/29\/sahara-occidental-les-brics-appelle-a-une-solution-garantissant-le-droit-a-lautodetermination\/#respond"]}]},{"@type":"WebPage","@id":"https:\/\/lasentinelle.dz\/index.php\/2023\/04\/29\/sahara-occidental-les-brics-appelle-a-une-solution-garantissant-le-droit-a-lautodetermination\/","url":"https:\/\/lasentinelle.dz\/index.php\/2023\/04\/29\/sahara-occidental-les-brics-appelle-a-une-solution-garantissant-le-droit-a-lautodetermination\/","name":"Sahara Occidental\u00a0: Les BRICS appelle \u00e0 une solution garantissant le droit \u00e0 l&rsquo;autod\u00e9termination - La Sentinelle","isPartOf":{"@id":"https:\/\/lasentinelle.dz\/#website"},"primaryImageOfPage":{"@id":"https:\/\/lasentinelle.dz\/index.php\/2023\/04\/29\/sahara-occidental-les-brics-appelle-a-une-solution-garantissant-le-droit-a-lautodetermination\/#primaryimage"},"image":{"@id":"https:\/\/lasentinelle.dz\/index.php\/2023\/04\/29\/sahara-occidental-les-brics-appelle-a-une-solution-garantissant-le-droit-a-lautodetermination\/#primaryimage"},"thumbnailUrl":"https:\/\/lasentinelle.dz\/wp-content\/uploads\/2023\/04\/BRICS.png","datePublished":"2023-04-29T21:08:00+00:00","breadcrumb":{"@id":"https:\/\/lasentinelle.dz\/index.php\/2023\/04\/29\/sahara-occidental-les-brics-appelle-a-une-solution-garantissant-le-droit-a-lautodetermination\/#breadcrumb"},"inLanguage":"fr-FR","potentialAction":[{"@type":"ReadAction","target":["https:\/\/lasentinelle.dz\/index.php\/2023\/04\/29\/sahara-occidental-les-brics-appelle-a-une-solution-garantissant-le-droit-a-lautodetermination\/"]}]},{"@type":"ImageObject","inLanguage":"fr-FR","@id":"https:\/\/lasentinelle.dz\/index.php\/2023\/04\/29\/sahara-occidental-les-brics-appelle-a-une-solution-garantissant-le-droit-a-lautodetermination\/#primaryimage","url":"https:\/\/lasentinelle.dz\/wp-content\/uploads\/2023\/04\/BRICS.png","contentUrl":"https:\/\/lasentinelle.dz\/wp-content\/uploads\/2023\/04\/BRICS.png","width":1200,"height":900},{"@type":"BreadcrumbList","@id":"https:\/\/lasentinelle.dz\/index.php\/2023\/04\/29\/sahara-occidental-les-brics-appelle-a-une-solution-garantissant-le-droit-a-lautodetermination\/#breadcrumb","itemListElement":[{"@type":"ListItem","position":1,"name":"Accueil","item":"https:\/\/lasentinelle.dz\/"},{"@type":"ListItem","position":2,"name":"Sahara Occidental\u00a0: Les BRICS appelle \u00e0 une solution garantissant le droit \u00e0 l&rsquo;autod\u00e9termination"}]},{"@type":"WebSite","@id":"https:\/\/lasentinelle.dz\/#website","url":"https:\/\/lasentinelle.dz\/","name":"La Sentinelle","description":"Quotidien national d&#039;information","publisher":{"@id":"https:\/\/lasentinelle.dz\/#organization"},"potentialAction":[{"@type":"SearchAction","target":{"@type":"EntryPoint","urlTemplate":"https:\/\/lasentinelle.dz\/?s={search_term_string}"},"query-input":{"@type":"PropertyValueSpecification","valueRequired":true,"valueName":"search_term_string"}}],"inLanguage":"fr-FR"},{"@type":"Organization","@id":"https:\/\/lasentinelle.dz\/#organization","name":"Quotidien La Sentinelle","url":"https:\/\/lasentinelle.dz\/","logo":{"@type":"ImageObject","inLanguage":"fr-FR","@id":"https:\/\/lasentinelle.dz\/#\/schema\/logo\/image\/","url":"https:\/\/lasentinelle.dz\/wp-content\/uploads\/2021\/09\/logo-sentinelleSLOGAN-1.png","contentUrl":"https:\/\/lasentinelle.dz\/wp-content\/uploads\/2021\/09\/logo-sentinelleSLOGAN-1.png","width":615,"height":142,"caption":"Quotidien La Sentinelle"},"image":{"@id":"https:\/\/lasentinelle.dz\/#\/schema\/logo\/image\/"},"sameAs":["https:\/\/www.facebook.com\/La-Sentinelle-104059864394773"]},{"@type":"Person","@id":"https:\/\/lasentinelle.dz\/#\/schema\/person\/d865044e22e70a75174ce8bcad3acfb3","name":"La Sentinelle","image":{"@type":"ImageObject","inLanguage":"fr-FR","@id":"https:\/\/secure.gravatar.com\/avatar\/57de8e5d4b15d43fb361a71fbb36338450fe67865b528a43dd10ef7c51a20392?s=96&d=mm&r=g","url":"https:\/\/secure.gravatar.com\/avatar\/57de8e5d4b15d43fb361a71fbb36338450fe67865b528a43dd10ef7c51a20392?s=96&d=mm&r=g","contentUrl":"https:\/\/secure.gravatar.com\/avatar\/57de8e5d4b15d43fb361a71fbb36338450fe67865b528a43dd10ef7c51a20392?s=96&d=mm&r=g","caption":"La Sentinelle"},"sameAs":["http:\/\/www.lasentinelle.dz"],"url":"https:\/\/lasentinelle.dz\/author\/redaction\/"}]}},"_links":{"self":[{"href":"https:\/\/lasentinelle.dz\/index.php\/wp-json\/wp\/v2\/posts\/40189","targetHints":{"allow":["GET"]}}],"collection":[{"href":"https:\/\/lasentinelle.dz\/index.php\/wp-json\/wp\/v2\/posts"}],"about":[{"href":"https:\/\/lasentinelle.dz\/index.php\/wp-json\/wp\/v2\/types\/post"}],"author":[{"embeddable":true,"href":"https:\/\/lasentinelle.dz\/index.php\/wp-json\/wp\/v2\/users\/3"}],"replies":[{"embeddable":true,"href":"https:\/\/lasentinelle.dz\/index.php\/wp-json\/wp\/v2\/comments?post=40189"}],"version-history":[{"count":2,"href":"https:\/\/lasentinelle.dz\/index.php\/wp-json\/wp\/v2\/posts\/40189\/revisions"}],"predecessor-version":[{"id":40260,"href":"https:\/\/lasentinelle.dz\/index.php\/wp-json\/wp\/v2\/posts\/40189\/revisions\/40260"}],"wp:featuredmedia":[{"embeddable":true,"href":"https:\/\/lasentinelle.dz\/index.php\/wp-json\/wp\/v2\/media\/40192"}],"wp:attachment":[{"href":"https:\/\/lasentinelle.dz\/index.php\/wp-json\/wp\/v2\/media?parent=40189"}],"wp:term":[{"taxonomy":"category","embeddable":true,"href":"https:\/\/lasentinelle.dz\/index.php\/wp-json\/wp\/v2\/categories?post=40189"},{"taxonomy":"post_tag","embeddable":true,"href":"https:\/\/lasentinelle.dz\/index.php\/wp-json\/wp\/v2\/tags?post=40189"}],"curies":[{"name":"wp","href":"https:\/\/api.w.org\/{rel}","templated":true}]}}