{"id":40190,"date":"2023-04-29T22:00:00","date_gmt":"2023-04-29T21:00:00","guid":{"rendered":"https:\/\/lasentinelle.dz\/?p=40190"},"modified":"2023-04-29T17:17:50","modified_gmt":"2023-04-29T16:17:50","slug":"crise-au-soudan-les-combats-entre-armee-reguliere-et-paramilitaires-entrent-dans-leur-3e-semaine","status":"publish","type":"post","link":"https:\/\/lasentinelle.dz\/index.php\/2023\/04\/29\/crise-au-soudan-les-combats-entre-armee-reguliere-et-paramilitaires-entrent-dans-leur-3e-semaine\/","title":{"rendered":"Crise au Soudan\u00a0: Les combats entre arm\u00e9e r\u00e9guli\u00e8re et paramilitaires entrent dans leur 3e semaine"},"content":{"rendered":"\n<p>Les combats entre l&rsquo;arm\u00e9e r\u00e9guli\u00e8re soudanaise et les Forces de soutien rapide (FSR, paramilitaires) sont entr\u00e9s hier dans leur troisi\u00e8me semaine, malgr\u00e9 une prolongation du cessez-le-feu pour trois jours dans le pays, rapportent des m\u00e9dias. \u00ab\u00a0On s&rsquo;est r\u00e9veill\u00e9s une fois de plus au bruit des avions de chasse et des armes antia\u00e9riennes dans tout notre quartier\u00a0\u00bb, a indiqu\u00e9 \u00e0 la presse un habitant dans le sud de Khartoum. Un autre t\u00e9moin raconte que les combats se poursuivent depuis l&rsquo;aube, en particulier autour du si\u00e8ge de la cha\u00eene de t\u00e9l\u00e9vision publique dans la ville jumelle d&rsquo;Omdurman. Le Soudan est plong\u00e9 dans le chaos depuis le d\u00e9clenchement le 15 avril de combats entre le chef de l&rsquo;arm\u00e9e, Abdel Fattah al-Burhane, et Mohamed Hamdane Dagalo, \u00e0 la t\u00eate des FSR. Malgr\u00e9 une prolongation du cessez-le-feu pour trois jours en vigueur au Soudan, les violences n&rsquo;ont pas cess\u00e9 dans la capitale et d&rsquo;autres r\u00e9gions, chaque camp accusant l&rsquo;autre de ces violations.Sur le front diplomatique, plusieurs Etats tentent de trouver une issue au conflit, en vain. Les combats depuis le 15 avril ont fait plus de 500 morts et 4.000 bless\u00e9s, selon des statistiques officielles. Quelque 75.000 personnes ont \u00e9t\u00e9 d\u00e9plac\u00e9es en raison des combats, particuli\u00e8rement violents dans la r\u00e9gion instable du Darfour, selon le Bureau des Nations unies pour la coordination des affaires humanitaires. Des dizaines de milliers de Soudanais ont fui vers les Etats voisins incluant l&rsquo;Egypte, l&rsquo;Ethiopie, le Tchad et le Soudan du Sud, tandis que des pays \u00e9trangers proc\u00e8dent \u00e0 des \u00e9vacuations massives de leurs ressortissants. Le Programme alimentaire mondial de l&rsquo;ONU (PAM) estime que des millions de personnes suppl\u00e9mentaires pourraient \u00eatre confront\u00e9es \u00e0 la faim dans l&rsquo;un des pays les plus pauvres au monde, o\u00f9 un tiers des 45 millions d&rsquo;habitants avaient d\u00e9j\u00e0 besoin d&rsquo;aide alimentaire avant cette guerre.<\/p>\n\n\n\n<p><strong>K.L. et agences<\/strong><\/p>\n","protected":false},"excerpt":{"rendered":"<p>Les combats entre l&rsquo;arm\u00e9e r\u00e9guli\u00e8re soudanaise et les Forces de soutien rapide (FSR, paramilitaires) sont entr\u00e9s hier dans leur troisi\u00e8me<\/p>\n","protected":false},"author":3,"featured_media":40193,"comment_status":"open","ping_status":"closed","sticky":false,"template":"","format":"standard","meta":{"colormag_page_container_layout":"default_layout","colormag_page_sidebar_layout":"default_layout","om_disable_all_campaigns":false,"_monsterinsights_skip_tracking":false,"_monsterinsights_sitenote_active":false,"_monsterinsights_sitenote_note":"","_monsterinsights_sitenote_category":0,"footnotes":"","_wpscppro_dont_share_socialmedia":false,"_wpscppro_custom_social_share_image":0,"_facebook_share_type":"","_twitter_share_type":"","_linkedin_share_type":"","_pinterest_share_type":"","_linkedin_share_type_page":"","_instagram_share_type":"","_medium_share_type":"","_threads_share_type":"","_google_business_share_type":"","_selected_social_profile":[],"_wpsp_enable_custom_social_template":false,"_wpsp_social_scheduling":{"enabled":false,"datetime":null,"platforms":[],"status":"template_only","dateOption":"today","timeOption":"now","customDays":"","customHours":"","customDate":"","customTime":"","schedulingType":"absolute"},"_wpsp_active_default_template":true},"categories":[37],"tags":[],"class_list":["post-40190","post","type-post","status-publish","format-standard","has-post-thumbnail","hentry","category-monde"],"aioseo_notices":[],"yoast_head":"<!-- This site is optimized with the Yoast SEO plugin v27.5 - https:\/\/yoast.com\/product\/yoast-seo-wordpress\/ -->\n<title>Crise au Soudan\u00a0: Les combats entre arm\u00e9e r\u00e9guli\u00e8re et paramilitaires entrent dans leur 3e semaine - La Sentinelle<\/title>\n<meta name=\"robots\" content=\"index, follow, max-snippet:-1, max-image-preview:large, max-video-preview:-1\" \/>\n<link rel=\"canonical\" href=\"https:\/\/lasentinelle.dz\/index.php\/2023\/04\/29\/crise-au-soudan-les-combats-entre-armee-reguliere-et-paramilitaires-entrent-dans-leur-3e-semaine\/\" \/>\n<meta property=\"og:locale\" content=\"fr_FR\" \/>\n<meta property=\"og:type\" content=\"article\" \/>\n<meta property=\"og:title\" content=\"Crise au Soudan\u00a0: Les combats entre arm\u00e9e r\u00e9guli\u00e8re et paramilitaires entrent dans leur 3e semaine - La Sentinelle\" \/>\n<meta property=\"og:description\" content=\"Les combats entre l&rsquo;arm\u00e9e r\u00e9guli\u00e8re soudanaise et les Forces de soutien rapide (FSR, paramilitaires) sont entr\u00e9s hier dans leur troisi\u00e8me\" \/>\n<meta property=\"og:url\" content=\"https:\/\/lasentinelle.dz\/index.php\/2023\/04\/29\/crise-au-soudan-les-combats-entre-armee-reguliere-et-paramilitaires-entrent-dans-leur-3e-semaine\/\" \/>\n<meta property=\"og:site_name\" content=\"La Sentinelle\" \/>\n<meta property=\"article:publisher\" content=\"https:\/\/www.facebook.com\/La-Sentinelle-104059864394773\" \/>\n<meta property=\"article:published_time\" content=\"2023-04-29T21:00:00+00:00\" \/>\n<meta property=\"og:image\" content=\"https:\/\/lasentinelle.dz\/wp-content\/uploads\/2023\/04\/image_2023-04-29_171741472.png\" \/>\n\t<meta property=\"og:image:width\" content=\"768\" \/>\n\t<meta property=\"og:image:height\" content=\"450\" \/>\n\t<meta property=\"og:image:type\" content=\"image\/png\" \/>\n<meta name=\"author\" content=\"La Sentinelle\" \/>\n<meta name=\"twitter:card\" content=\"summary_large_image\" \/>\n<meta name=\"twitter:label1\" content=\"\u00c9crit par\" \/>\n\t<meta name=\"twitter:data1\" content=\"La Sentinelle\" \/>\n\t<meta name=\"twitter:label2\" content=\"Dur\u00e9e de lecture estim\u00e9e\" \/>\n\t<meta name=\"twitter:data2\" content=\"2 minutes\" \/>\n<script type=\"application\/ld+json\" class=\"yoast-schema-graph\">{\"@context\":\"https:\\\/\\\/schema.org\",\"@graph\":[{\"@type\":\"Article\",\"@id\":\"https:\\\/\\\/lasentinelle.dz\\\/index.php\\\/2023\\\/04\\\/29\\\/crise-au-soudan-les-combats-entre-armee-reguliere-et-paramilitaires-entrent-dans-leur-3e-semaine\\\/#article\",\"isPartOf\":{\"@id\":\"https:\\\/\\\/lasentinelle.dz\\\/index.php\\\/2023\\\/04\\\/29\\\/crise-au-soudan-les-combats-entre-armee-reguliere-et-paramilitaires-entrent-dans-leur-3e-semaine\\\/\"},\"author\":{\"name\":\"La Sentinelle\",\"@id\":\"https:\\\/\\\/lasentinelle.dz\\\/#\\\/schema\\\/person\\\/d865044e22e70a75174ce8bcad3acfb3\"},\"headline\":\"Crise au Soudan\u00a0: Les combats entre arm\u00e9e r\u00e9guli\u00e8re et paramilitaires entrent dans leur 3e semaine\",\"datePublished\":\"2023-04-29T21:00:00+00:00\",\"mainEntityOfPage\":{\"@id\":\"https:\\\/\\\/lasentinelle.dz\\\/index.php\\\/2023\\\/04\\\/29\\\/crise-au-soudan-les-combats-entre-armee-reguliere-et-paramilitaires-entrent-dans-leur-3e-semaine\\\/\"},\"wordCount\":353,\"commentCount\":0,\"publisher\":{\"@id\":\"https:\\\/\\\/lasentinelle.dz\\\/#organization\"},\"image\":{\"@id\":\"https:\\\/\\\/lasentinelle.dz\\\/index.php\\\/2023\\\/04\\\/29\\\/crise-au-soudan-les-combats-entre-armee-reguliere-et-paramilitaires-entrent-dans-leur-3e-semaine\\\/#primaryimage\"},\"thumbnailUrl\":\"https:\\\/\\\/lasentinelle.dz\\\/wp-content\\\/uploads\\\/2023\\\/04\\\/image_2023-04-29_171741472.png\",\"articleSection\":[\"Monde\"],\"inLanguage\":\"fr-FR\",\"potentialAction\":[{\"@type\":\"CommentAction\",\"name\":\"Comment\",\"target\":[\"https:\\\/\\\/lasentinelle.dz\\\/index.php\\\/2023\\\/04\\\/29\\\/crise-au-soudan-les-combats-entre-armee-reguliere-et-paramilitaires-entrent-dans-leur-3e-semaine\\\/#respond\"]}]},{\"@type\":\"WebPage\",\"@id\":\"https:\\\/\\\/lasentinelle.dz\\\/index.php\\\/2023\\\/04\\\/29\\\/crise-au-soudan-les-combats-entre-armee-reguliere-et-paramilitaires-entrent-dans-leur-3e-semaine\\\/\",\"url\":\"https:\\\/\\\/lasentinelle.dz\\\/index.php\\\/2023\\\/04\\\/29\\\/crise-au-soudan-les-combats-entre-armee-reguliere-et-paramilitaires-entrent-dans-leur-3e-semaine\\\/\",\"name\":\"Crise au Soudan\u00a0: Les combats entre arm\u00e9e r\u00e9guli\u00e8re et paramilitaires entrent dans leur 3e semaine - La Sentinelle\",\"isPartOf\":{\"@id\":\"https:\\\/\\\/lasentinelle.dz\\\/#website\"},\"primaryImageOfPage\":{\"@id\":\"https:\\\/\\\/lasentinelle.dz\\\/index.php\\\/2023\\\/04\\\/29\\\/crise-au-soudan-les-combats-entre-armee-reguliere-et-paramilitaires-entrent-dans-leur-3e-semaine\\\/#primaryimage\"},\"image\":{\"@id\":\"https:\\\/\\\/lasentinelle.dz\\\/index.php\\\/2023\\\/04\\\/29\\\/crise-au-soudan-les-combats-entre-armee-reguliere-et-paramilitaires-entrent-dans-leur-3e-semaine\\\/#primaryimage\"},\"thumbnailUrl\":\"https:\\\/\\\/lasentinelle.dz\\\/wp-content\\\/uploads\\\/2023\\\/04\\\/image_2023-04-29_171741472.png\",\"datePublished\":\"2023-04-29T21:00:00+00:00\",\"breadcrumb\":{\"@id\":\"https:\\\/\\\/lasentinelle.dz\\\/index.php\\\/2023\\\/04\\\/29\\\/crise-au-soudan-les-combats-entre-armee-reguliere-et-paramilitaires-entrent-dans-leur-3e-semaine\\\/#breadcrumb\"},\"inLanguage\":\"fr-FR\",\"potentialAction\":[{\"@type\":\"ReadAction\",\"target\":[\"https:\\\/\\\/lasentinelle.dz\\\/index.php\\\/2023\\\/04\\\/29\\\/crise-au-soudan-les-combats-entre-armee-reguliere-et-paramilitaires-entrent-dans-leur-3e-semaine\\\/\"]}]},{\"@type\":\"ImageObject\",\"inLanguage\":\"fr-FR\",\"@id\":\"https:\\\/\\\/lasentinelle.dz\\\/index.php\\\/2023\\\/04\\\/29\\\/crise-au-soudan-les-combats-entre-armee-reguliere-et-paramilitaires-entrent-dans-leur-3e-semaine\\\/#primaryimage\",\"url\":\"https:\\\/\\\/lasentinelle.dz\\\/wp-content\\\/uploads\\\/2023\\\/04\\\/image_2023-04-29_171741472.png\",\"contentUrl\":\"https:\\\/\\\/lasentinelle.dz\\\/wp-content\\\/uploads\\\/2023\\\/04\\\/image_2023-04-29_171741472.png\",\"width\":768,\"height\":450},{\"@type\":\"BreadcrumbList\",\"@id\":\"https:\\\/\\\/lasentinelle.dz\\\/index.php\\\/2023\\\/04\\\/29\\\/crise-au-soudan-les-combats-entre-armee-reguliere-et-paramilitaires-entrent-dans-leur-3e-semaine\\\/#breadcrumb\",\"itemListElement\":[{\"@type\":\"ListItem\",\"position\":1,\"name\":\"Accueil\",\"item\":\"https:\\\/\\\/lasentinelle.dz\\\/\"},{\"@type\":\"ListItem\",\"position\":2,\"name\":\"Crise au Soudan\u00a0: Les combats entre arm\u00e9e r\u00e9guli\u00e8re et paramilitaires entrent dans leur 3e semaine\"}]},{\"@type\":\"WebSite\",\"@id\":\"https:\\\/\\\/lasentinelle.dz\\\/#website\",\"url\":\"https:\\\/\\\/lasentinelle.dz\\\/\",\"name\":\"La Sentinelle\",\"description\":\"Quotidien national d&#039;information\",\"publisher\":{\"@id\":\"https:\\\/\\\/lasentinelle.dz\\\/#organization\"},\"potentialAction\":[{\"@type\":\"SearchAction\",\"target\":{\"@type\":\"EntryPoint\",\"urlTemplate\":\"https:\\\/\\\/lasentinelle.dz\\\/?s={search_term_string}\"},\"query-input\":{\"@type\":\"PropertyValueSpecification\",\"valueRequired\":true,\"valueName\":\"search_term_string\"}}],\"inLanguage\":\"fr-FR\"},{\"@type\":\"Organization\",\"@id\":\"https:\\\/\\\/lasentinelle.dz\\\/#organization\",\"name\":\"Quotidien La Sentinelle\",\"url\":\"https:\\\/\\\/lasentinelle.dz\\\/\",\"logo\":{\"@type\":\"ImageObject\",\"inLanguage\":\"fr-FR\",\"@id\":\"https:\\\/\\\/lasentinelle.dz\\\/#\\\/schema\\\/logo\\\/image\\\/\",\"url\":\"https:\\\/\\\/lasentinelle.dz\\\/wp-content\\\/uploads\\\/2021\\\/09\\\/logo-sentinelleSLOGAN-1.png\",\"contentUrl\":\"https:\\\/\\\/lasentinelle.dz\\\/wp-content\\\/uploads\\\/2021\\\/09\\\/logo-sentinelleSLOGAN-1.png\",\"width\":615,\"height\":142,\"caption\":\"Quotidien La Sentinelle\"},\"image\":{\"@id\":\"https:\\\/\\\/lasentinelle.dz\\\/#\\\/schema\\\/logo\\\/image\\\/\"},\"sameAs\":[\"https:\\\/\\\/www.facebook.com\\\/La-Sentinelle-104059864394773\"]},{\"@type\":\"Person\",\"@id\":\"https:\\\/\\\/lasentinelle.dz\\\/#\\\/schema\\\/person\\\/d865044e22e70a75174ce8bcad3acfb3\",\"name\":\"La Sentinelle\",\"image\":{\"@type\":\"ImageObject\",\"inLanguage\":\"fr-FR\",\"@id\":\"https:\\\/\\\/secure.gravatar.com\\\/avatar\\\/57de8e5d4b15d43fb361a71fbb36338450fe67865b528a43dd10ef7c51a20392?s=96&d=mm&r=g\",\"url\":\"https:\\\/\\\/secure.gravatar.com\\\/avatar\\\/57de8e5d4b15d43fb361a71fbb36338450fe67865b528a43dd10ef7c51a20392?s=96&d=mm&r=g\",\"contentUrl\":\"https:\\\/\\\/secure.gravatar.com\\\/avatar\\\/57de8e5d4b15d43fb361a71fbb36338450fe67865b528a43dd10ef7c51a20392?s=96&d=mm&r=g\",\"caption\":\"La Sentinelle\"},\"sameAs\":[\"http:\\\/\\\/www.lasentinelle.dz\"],\"url\":\"https:\\\/\\\/lasentinelle.dz\\\/author\\\/redaction\\\/\"}]}<\/script>\n<!-- \/ Yoast SEO plugin. -->","yoast_head_json":{"title":"Crise au Soudan\u00a0: Les combats entre arm\u00e9e r\u00e9guli\u00e8re et paramilitaires entrent dans leur 3e semaine - La Sentinelle","robots":{"index":"index","follow":"follow","max-snippet":"max-snippet:-1","max-image-preview":"max-image-preview:large","max-video-preview":"max-video-preview:-1"},"canonical":"https:\/\/lasentinelle.dz\/index.php\/2023\/04\/29\/crise-au-soudan-les-combats-entre-armee-reguliere-et-paramilitaires-entrent-dans-leur-3e-semaine\/","og_locale":"fr_FR","og_type":"article","og_title":"Crise au Soudan\u00a0: Les combats entre arm\u00e9e r\u00e9guli\u00e8re et paramilitaires entrent dans leur 3e semaine - La Sentinelle","og_description":"Les combats entre l&rsquo;arm\u00e9e r\u00e9guli\u00e8re soudanaise et les Forces de soutien rapide (FSR, paramilitaires) sont entr\u00e9s hier dans leur troisi\u00e8me","og_url":"https:\/\/lasentinelle.dz\/index.php\/2023\/04\/29\/crise-au-soudan-les-combats-entre-armee-reguliere-et-paramilitaires-entrent-dans-leur-3e-semaine\/","og_site_name":"La Sentinelle","article_publisher":"https:\/\/www.facebook.com\/La-Sentinelle-104059864394773","article_published_time":"2023-04-29T21:00:00+00:00","og_image":[{"width":768,"height":450,"url":"https:\/\/lasentinelle.dz\/wp-content\/uploads\/2023\/04\/image_2023-04-29_171741472.png","type":"image\/png"}],"author":"La Sentinelle","twitter_card":"summary_large_image","twitter_misc":{"\u00c9crit par":"La Sentinelle","Dur\u00e9e de lecture estim\u00e9e":"2 minutes"},"schema":{"@context":"https:\/\/schema.org","@graph":[{"@type":"Article","@id":"https:\/\/lasentinelle.dz\/index.php\/2023\/04\/29\/crise-au-soudan-les-combats-entre-armee-reguliere-et-paramilitaires-entrent-dans-leur-3e-semaine\/#article","isPartOf":{"@id":"https:\/\/lasentinelle.dz\/index.php\/2023\/04\/29\/crise-au-soudan-les-combats-entre-armee-reguliere-et-paramilitaires-entrent-dans-leur-3e-semaine\/"},"author":{"name":"La Sentinelle","@id":"https:\/\/lasentinelle.dz\/#\/schema\/person\/d865044e22e70a75174ce8bcad3acfb3"},"headline":"Crise au Soudan\u00a0: Les combats entre arm\u00e9e r\u00e9guli\u00e8re et paramilitaires entrent dans leur 3e semaine","datePublished":"2023-04-29T21:00:00+00:00","mainEntityOfPage":{"@id":"https:\/\/lasentinelle.dz\/index.php\/2023\/04\/29\/crise-au-soudan-les-combats-entre-armee-reguliere-et-paramilitaires-entrent-dans-leur-3e-semaine\/"},"wordCount":353,"commentCount":0,"publisher":{"@id":"https:\/\/lasentinelle.dz\/#organization"},"image":{"@id":"https:\/\/lasentinelle.dz\/index.php\/2023\/04\/29\/crise-au-soudan-les-combats-entre-armee-reguliere-et-paramilitaires-entrent-dans-leur-3e-semaine\/#primaryimage"},"thumbnailUrl":"https:\/\/lasentinelle.dz\/wp-content\/uploads\/2023\/04\/image_2023-04-29_171741472.png","articleSection":["Monde"],"inLanguage":"fr-FR","potentialAction":[{"@type":"CommentAction","name":"Comment","target":["https:\/\/lasentinelle.dz\/index.php\/2023\/04\/29\/crise-au-soudan-les-combats-entre-armee-reguliere-et-paramilitaires-entrent-dans-leur-3e-semaine\/#respond"]}]},{"@type":"WebPage","@id":"https:\/\/lasentinelle.dz\/index.php\/2023\/04\/29\/crise-au-soudan-les-combats-entre-armee-reguliere-et-paramilitaires-entrent-dans-leur-3e-semaine\/","url":"https:\/\/lasentinelle.dz\/index.php\/2023\/04\/29\/crise-au-soudan-les-combats-entre-armee-reguliere-et-paramilitaires-entrent-dans-leur-3e-semaine\/","name":"Crise au Soudan\u00a0: Les combats entre arm\u00e9e r\u00e9guli\u00e8re et paramilitaires entrent dans leur 3e semaine - La Sentinelle","isPartOf":{"@id":"https:\/\/lasentinelle.dz\/#website"},"primaryImageOfPage":{"@id":"https:\/\/lasentinelle.dz\/index.php\/2023\/04\/29\/crise-au-soudan-les-combats-entre-armee-reguliere-et-paramilitaires-entrent-dans-leur-3e-semaine\/#primaryimage"},"image":{"@id":"https:\/\/lasentinelle.dz\/index.php\/2023\/04\/29\/crise-au-soudan-les-combats-entre-armee-reguliere-et-paramilitaires-entrent-dans-leur-3e-semaine\/#primaryimage"},"thumbnailUrl":"https:\/\/lasentinelle.dz\/wp-content\/uploads\/2023\/04\/image_2023-04-29_171741472.png","datePublished":"2023-04-29T21:00:00+00:00","breadcrumb":{"@id":"https:\/\/lasentinelle.dz\/index.php\/2023\/04\/29\/crise-au-soudan-les-combats-entre-armee-reguliere-et-paramilitaires-entrent-dans-leur-3e-semaine\/#breadcrumb"},"inLanguage":"fr-FR","potentialAction":[{"@type":"ReadAction","target":["https:\/\/lasentinelle.dz\/index.php\/2023\/04\/29\/crise-au-soudan-les-combats-entre-armee-reguliere-et-paramilitaires-entrent-dans-leur-3e-semaine\/"]}]},{"@type":"ImageObject","inLanguage":"fr-FR","@id":"https:\/\/lasentinelle.dz\/index.php\/2023\/04\/29\/crise-au-soudan-les-combats-entre-armee-reguliere-et-paramilitaires-entrent-dans-leur-3e-semaine\/#primaryimage","url":"https:\/\/lasentinelle.dz\/wp-content\/uploads\/2023\/04\/image_2023-04-29_171741472.png","contentUrl":"https:\/\/lasentinelle.dz\/wp-content\/uploads\/2023\/04\/image_2023-04-29_171741472.png","width":768,"height":450},{"@type":"BreadcrumbList","@id":"https:\/\/lasentinelle.dz\/index.php\/2023\/04\/29\/crise-au-soudan-les-combats-entre-armee-reguliere-et-paramilitaires-entrent-dans-leur-3e-semaine\/#breadcrumb","itemListElement":[{"@type":"ListItem","position":1,"name":"Accueil","item":"https:\/\/lasentinelle.dz\/"},{"@type":"ListItem","position":2,"name":"Crise au Soudan\u00a0: Les combats entre arm\u00e9e r\u00e9guli\u00e8re et paramilitaires entrent dans leur 3e semaine"}]},{"@type":"WebSite","@id":"https:\/\/lasentinelle.dz\/#website","url":"https:\/\/lasentinelle.dz\/","name":"La Sentinelle","description":"Quotidien national d&#039;information","publisher":{"@id":"https:\/\/lasentinelle.dz\/#organization"},"potentialAction":[{"@type":"SearchAction","target":{"@type":"EntryPoint","urlTemplate":"https:\/\/lasentinelle.dz\/?s={search_term_string}"},"query-input":{"@type":"PropertyValueSpecification","valueRequired":true,"valueName":"search_term_string"}}],"inLanguage":"fr-FR"},{"@type":"Organization","@id":"https:\/\/lasentinelle.dz\/#organization","name":"Quotidien La Sentinelle","url":"https:\/\/lasentinelle.dz\/","logo":{"@type":"ImageObject","inLanguage":"fr-FR","@id":"https:\/\/lasentinelle.dz\/#\/schema\/logo\/image\/","url":"https:\/\/lasentinelle.dz\/wp-content\/uploads\/2021\/09\/logo-sentinelleSLOGAN-1.png","contentUrl":"https:\/\/lasentinelle.dz\/wp-content\/uploads\/2021\/09\/logo-sentinelleSLOGAN-1.png","width":615,"height":142,"caption":"Quotidien La Sentinelle"},"image":{"@id":"https:\/\/lasentinelle.dz\/#\/schema\/logo\/image\/"},"sameAs":["https:\/\/www.facebook.com\/La-Sentinelle-104059864394773"]},{"@type":"Person","@id":"https:\/\/lasentinelle.dz\/#\/schema\/person\/d865044e22e70a75174ce8bcad3acfb3","name":"La Sentinelle","image":{"@type":"ImageObject","inLanguage":"fr-FR","@id":"https:\/\/secure.gravatar.com\/avatar\/57de8e5d4b15d43fb361a71fbb36338450fe67865b528a43dd10ef7c51a20392?s=96&d=mm&r=g","url":"https:\/\/secure.gravatar.com\/avatar\/57de8e5d4b15d43fb361a71fbb36338450fe67865b528a43dd10ef7c51a20392?s=96&d=mm&r=g","contentUrl":"https:\/\/secure.gravatar.com\/avatar\/57de8e5d4b15d43fb361a71fbb36338450fe67865b528a43dd10ef7c51a20392?s=96&d=mm&r=g","caption":"La Sentinelle"},"sameAs":["http:\/\/www.lasentinelle.dz"],"url":"https:\/\/lasentinelle.dz\/author\/redaction\/"}]}},"_links":{"self":[{"href":"https:\/\/lasentinelle.dz\/index.php\/wp-json\/wp\/v2\/posts\/40190","targetHints":{"allow":["GET"]}}],"collection":[{"href":"https:\/\/lasentinelle.dz\/index.php\/wp-json\/wp\/v2\/posts"}],"about":[{"href":"https:\/\/lasentinelle.dz\/index.php\/wp-json\/wp\/v2\/types\/post"}],"author":[{"embeddable":true,"href":"https:\/\/lasentinelle.dz\/index.php\/wp-json\/wp\/v2\/users\/3"}],"replies":[{"embeddable":true,"href":"https:\/\/lasentinelle.dz\/index.php\/wp-json\/wp\/v2\/comments?post=40190"}],"version-history":[{"count":1,"href":"https:\/\/lasentinelle.dz\/index.php\/wp-json\/wp\/v2\/posts\/40190\/revisions"}],"predecessor-version":[{"id":40194,"href":"https:\/\/lasentinelle.dz\/index.php\/wp-json\/wp\/v2\/posts\/40190\/revisions\/40194"}],"wp:featuredmedia":[{"embeddable":true,"href":"https:\/\/lasentinelle.dz\/index.php\/wp-json\/wp\/v2\/media\/40193"}],"wp:attachment":[{"href":"https:\/\/lasentinelle.dz\/index.php\/wp-json\/wp\/v2\/media?parent=40190"}],"wp:term":[{"taxonomy":"category","embeddable":true,"href":"https:\/\/lasentinelle.dz\/index.php\/wp-json\/wp\/v2\/categories?post=40190"},{"taxonomy":"post_tag","embeddable":true,"href":"https:\/\/lasentinelle.dz\/index.php\/wp-json\/wp\/v2\/tags?post=40190"}],"curies":[{"name":"wp","href":"https:\/\/api.w.org\/{rel}","templated":true}]}}