{"id":40191,"date":"2023-04-29T22:00:00","date_gmt":"2023-04-29T21:00:00","guid":{"rendered":"https:\/\/lasentinelle.dz\/?p=40191"},"modified":"2023-04-29T17:19:43","modified_gmt":"2023-04-29T16:19:43","slug":"sahel-les-alertes-sur-les-risques-de-maladies-et-de-secheresse-se-multiplient","status":"publish","type":"post","link":"https:\/\/lasentinelle.dz\/index.php\/2023\/04\/29\/sahel-les-alertes-sur-les-risques-de-maladies-et-de-secheresse-se-multiplient\/","title":{"rendered":"Sahel\u00a0: Les alertes sur les risques de maladies et de s\u00e9cheresse se multiplient"},"content":{"rendered":"\n<p>Plusieurs organisations agro-m\u00e9t\u00e9orologiques ont alert\u00e9, vendredi, sur les risques des inondations, de maladies et de s\u00e9cheresse au Sahel, au cours de la saison de pluie qui s\u2019\u00e9tend du mois de mai \u00e0 septembre. Le Centre climatique r\u00e9gional pour l\u2019Afrique de l\u2019ouest et le Sahel (CCR-AOS), le Centre africain pour les applications de la m\u00e9t\u00e9orologie au d\u00e9veloppement (ACMAD), les Services nationaux de m\u00e9t\u00e9orologie et d\u2019hydrologie (SNMH) et les Organisations des bassins fluviaux et l\u2019Organisation m\u00e9t\u00e9orologique mondiale (OMM) ont lanc\u00e9 l\u2019alerte \u00e0 l\u2019issue d\u2019un forum sur les \u00ab\u00a0Pr\u00e9visions saisonni\u00e8res des caract\u00e9ristiques agro-hydro-climatiques de la saison des pluies pour les zones soudanienne et sah\u00e9lienne (PRSEASS)\u00a0\u00bb tenu dans la capitale nig\u00e9rienne Niamey. Rappelant que \u00ab\u00a0les pr\u00e9visions saisonni\u00e8res sont \u00e9labor\u00e9es sur la base d\u2019analyses de la situation actuelle, des \u00e9volutions probables des temp\u00e9ratures de surface des oc\u00e9ans (TSO), des mod\u00e8les statistiques issus des donn\u00e9es des SNMH, des connaissances des experts sur les caract\u00e9ristiques du climat dans la r\u00e9gion et des grands centres climatiques mondiaux\u00a0\u00bb, le forum note que \u00ab\u00a0sur la p\u00e9riode de Mai-Juin-Juillet 2023, les quantit\u00e9s de pluies attendues seraient exc\u00e9dentaires \u00e0 moyennes dans la partie extr\u00eame Ouest du Sahel (Cap Vert, S\u00e9n\u00e9gal, Ouest de la Guin\u00e9e et Sud-Ouest de la Mauritanie), dans le Sahel Centre (Mali et partie Nord du Burkina Faso)\u00a0\u00bb. Selon la m\u00eame source, \u00ab\u00a0sur les p\u00e9riodes Juin-Juillet-Ao\u00fbt et Juillet-Ao\u00fbt-Septembre 2023, la bande sah\u00e9lienne serait plus humide, avec des quantit\u00e9s de pluies exc\u00e9dentaires sur le Mali, le Sud Mauritanie, le Nord Guin\u00e9e, le Burkina Faso et l\u2019extr\u00eame Ouest du Niger et moyennes \u00e0 exc\u00e9dentaires sur le Cap Vert, le S\u00e9n\u00e9gal, le Sud-ouest Mauritanie et sur tout le reste de la bande sah\u00e9lienne couvrant le Niger, le Sud Tchad et les parties Nord du Togo, du B\u00e9nin, du Nig\u00e9ria et du Cameroun\u00a0\u00bb. Cependant, ont pr\u00e9venu les organisations membres du forum, \u00ab\u00a0le caract\u00e8re globalement pluvieux attendu notamment dans les parties Est et Centre des zones soudaniennes et sah\u00e9liennes de l\u2019Afrique de l\u2019Ouest et du Tchad et les \u00e9coulements \u00e0 tendance globalement exc\u00e9dentaire pr\u00e9vus dans la majorit\u00e9 des bassins fluviaux au Sahel, pr\u00e9sagent des risques \u00e9lev\u00e9s d\u2019inondations pouvant entra\u00eener des pertes de r\u00e9coltes, de biens mat\u00e9riels et en vies animales et humaines dans les localit\u00e9s expos\u00e9es\u00a0\u00bb. En outre, ont estim\u00e9 les m\u00eames organisations, \u00ab\u00a0les zones humides et celles inond\u00e9es peuvent \u00eatre favorables au d\u00e9veloppement des germes de maladies (chol\u00e9ra, malaria, dengue, bilharziose, etc.) e d&rsquo;\u00e9pizooties (fi\u00e8vre de la vall\u00e9e du Rift, etc.\u00a0\u00bb, ajoutant que \u00ab\u00a0dans les zones o\u00f9 il est pr\u00e9vu d\u2019observer des s\u00e9quences s\u00e8ches longues pouvant entrainer des d\u00e9ficits hydriques notamment dans certaines localit\u00e9s du Sahel, il y a un fort risque que la croissance des cultures et des plantes fourrag\u00e8res soit affect\u00e9e\u00a0\u00bb. Face aux diff\u00e9rents risques, les organisations agro-m\u00e9t\u00e9orologiques ont formul\u00e9 des recommandations. Par rapport aux inondations, elles ont recommand\u00e9, entre autres, d\u2019\u00e9viter l\u2019occupation des zones inondables, le curage des caniveaux pour faciliter l\u2019\u00e9vacuation des eaux de pluie et de suivre de pr\u00e8s les seuils d\u2019alertes dans les sites \u00e0 haut risque d\u2019inondation. Pour les maladies, les organisations ont recommand\u00e9 d\u2019assainir les agglom\u00e9rations et \u00e9viter le contact avec les eaux contamin\u00e9es et la vaccination des populations et des animaux, entre autres. Enfin, concernant la s\u00e8cheresse, elles ont recommand\u00e9 l\u2019intensification de l\u2019irrigation et du mara\u00eechage pour minimiser les risques de baisse de production, le choix des esp\u00e8ces et vari\u00e9t\u00e9s r\u00e9sistantes au stress hydrique dans les zones \u00e0 risque et l\u2019adoption des techniques culturales de conservation des eaux et des sols, entre autres. D\u2019une superficie de plus de 3 millions de kilom\u00e8tres carr\u00e9s, la r\u00e9gion du Sahel est en proie \u00e0 plusieurs d\u00e9fis environnementaux, dont la s\u00e9cheresse et les inondations, qui affectent chaque ann\u00e9e les personnes et leurs biens.<\/p>\n\n\n\n<p>Agences<\/p>\n","protected":false},"excerpt":{"rendered":"<p>Plusieurs organisations agro-m\u00e9t\u00e9orologiques ont alert\u00e9, vendredi, sur les risques des inondations, de maladies et de s\u00e9cheresse au Sahel, au cours<\/p>\n","protected":false},"author":3,"featured_media":40200,"comment_status":"open","ping_status":"closed","sticky":false,"template":"","format":"standard","meta":{"colormag_page_container_layout":"default_layout","colormag_page_sidebar_layout":"default_layout","om_disable_all_campaigns":false,"_monsterinsights_skip_tracking":false,"_monsterinsights_sitenote_active":false,"_monsterinsights_sitenote_note":"","_monsterinsights_sitenote_category":0,"footnotes":"","_wpscppro_dont_share_socialmedia":false,"_wpscppro_custom_social_share_image":0,"_facebook_share_type":"","_twitter_share_type":"","_linkedin_share_type":"","_pinterest_share_type":"","_linkedin_share_type_page":"","_instagram_share_type":"","_medium_share_type":"","_threads_share_type":"","_google_business_share_type":"","_selected_social_profile":[],"_wpsp_enable_custom_social_template":false,"_wpsp_social_scheduling":{"enabled":false,"datetime":null,"platforms":[],"status":"template_only","dateOption":"today","timeOption":"now","customDays":"","customHours":"","customDate":"","customTime":"","schedulingType":"absolute"},"_wpsp_active_default_template":true},"categories":[37],"tags":[],"class_list":["post-40191","post","type-post","status-publish","format-standard","has-post-thumbnail","hentry","category-monde"],"aioseo_notices":[],"yoast_head":"<!-- This site is optimized with the Yoast SEO plugin v27.5 - https:\/\/yoast.com\/product\/yoast-seo-wordpress\/ -->\n<title>Sahel\u00a0: Les alertes sur les risques de maladies et de s\u00e9cheresse se multiplient - La Sentinelle<\/title>\n<meta name=\"robots\" content=\"index, follow, max-snippet:-1, max-image-preview:large, max-video-preview:-1\" \/>\n<link rel=\"canonical\" href=\"https:\/\/lasentinelle.dz\/index.php\/2023\/04\/29\/sahel-les-alertes-sur-les-risques-de-maladies-et-de-secheresse-se-multiplient\/\" \/>\n<meta property=\"og:locale\" content=\"fr_FR\" \/>\n<meta property=\"og:type\" content=\"article\" \/>\n<meta property=\"og:title\" content=\"Sahel\u00a0: Les alertes sur les risques de maladies et de s\u00e9cheresse se multiplient - La Sentinelle\" \/>\n<meta property=\"og:description\" content=\"Plusieurs organisations agro-m\u00e9t\u00e9orologiques ont alert\u00e9, vendredi, sur les risques des inondations, de maladies et de s\u00e9cheresse au Sahel, au cours\" \/>\n<meta property=\"og:url\" content=\"https:\/\/lasentinelle.dz\/index.php\/2023\/04\/29\/sahel-les-alertes-sur-les-risques-de-maladies-et-de-secheresse-se-multiplient\/\" \/>\n<meta property=\"og:site_name\" content=\"La Sentinelle\" \/>\n<meta property=\"article:publisher\" content=\"https:\/\/www.facebook.com\/La-Sentinelle-104059864394773\" \/>\n<meta property=\"article:published_time\" content=\"2023-04-29T21:00:00+00:00\" \/>\n<meta property=\"og:image\" content=\"https:\/\/lasentinelle.dz\/wp-content\/uploads\/2023\/04\/image_2023-04-29_171907493.png\" \/>\n\t<meta property=\"og:image:width\" content=\"864\" \/>\n\t<meta property=\"og:image:height\" content=\"486\" \/>\n\t<meta property=\"og:image:type\" content=\"image\/png\" \/>\n<meta name=\"author\" content=\"La Sentinelle\" \/>\n<meta name=\"twitter:card\" content=\"summary_large_image\" \/>\n<meta name=\"twitter:label1\" content=\"\u00c9crit par\" \/>\n\t<meta name=\"twitter:data1\" content=\"La Sentinelle\" \/>\n\t<meta name=\"twitter:label2\" content=\"Dur\u00e9e de lecture estim\u00e9e\" \/>\n\t<meta name=\"twitter:data2\" content=\"4 minutes\" \/>\n<script type=\"application\/ld+json\" class=\"yoast-schema-graph\">{\"@context\":\"https:\\\/\\\/schema.org\",\"@graph\":[{\"@type\":\"Article\",\"@id\":\"https:\\\/\\\/lasentinelle.dz\\\/index.php\\\/2023\\\/04\\\/29\\\/sahel-les-alertes-sur-les-risques-de-maladies-et-de-secheresse-se-multiplient\\\/#article\",\"isPartOf\":{\"@id\":\"https:\\\/\\\/lasentinelle.dz\\\/index.php\\\/2023\\\/04\\\/29\\\/sahel-les-alertes-sur-les-risques-de-maladies-et-de-secheresse-se-multiplient\\\/\"},\"author\":{\"name\":\"La Sentinelle\",\"@id\":\"https:\\\/\\\/lasentinelle.dz\\\/#\\\/schema\\\/person\\\/d865044e22e70a75174ce8bcad3acfb3\"},\"headline\":\"Sahel\u00a0: Les alertes sur les risques de maladies et de s\u00e9cheresse se multiplient\",\"datePublished\":\"2023-04-29T21:00:00+00:00\",\"mainEntityOfPage\":{\"@id\":\"https:\\\/\\\/lasentinelle.dz\\\/index.php\\\/2023\\\/04\\\/29\\\/sahel-les-alertes-sur-les-risques-de-maladies-et-de-secheresse-se-multiplient\\\/\"},\"wordCount\":723,\"commentCount\":0,\"publisher\":{\"@id\":\"https:\\\/\\\/lasentinelle.dz\\\/#organization\"},\"image\":{\"@id\":\"https:\\\/\\\/lasentinelle.dz\\\/index.php\\\/2023\\\/04\\\/29\\\/sahel-les-alertes-sur-les-risques-de-maladies-et-de-secheresse-se-multiplient\\\/#primaryimage\"},\"thumbnailUrl\":\"https:\\\/\\\/lasentinelle.dz\\\/wp-content\\\/uploads\\\/2023\\\/04\\\/image_2023-04-29_171907493.png\",\"articleSection\":[\"Monde\"],\"inLanguage\":\"fr-FR\",\"potentialAction\":[{\"@type\":\"CommentAction\",\"name\":\"Comment\",\"target\":[\"https:\\\/\\\/lasentinelle.dz\\\/index.php\\\/2023\\\/04\\\/29\\\/sahel-les-alertes-sur-les-risques-de-maladies-et-de-secheresse-se-multiplient\\\/#respond\"]}]},{\"@type\":\"WebPage\",\"@id\":\"https:\\\/\\\/lasentinelle.dz\\\/index.php\\\/2023\\\/04\\\/29\\\/sahel-les-alertes-sur-les-risques-de-maladies-et-de-secheresse-se-multiplient\\\/\",\"url\":\"https:\\\/\\\/lasentinelle.dz\\\/index.php\\\/2023\\\/04\\\/29\\\/sahel-les-alertes-sur-les-risques-de-maladies-et-de-secheresse-se-multiplient\\\/\",\"name\":\"Sahel\u00a0: Les alertes sur les risques de maladies et de s\u00e9cheresse se multiplient - La Sentinelle\",\"isPartOf\":{\"@id\":\"https:\\\/\\\/lasentinelle.dz\\\/#website\"},\"primaryImageOfPage\":{\"@id\":\"https:\\\/\\\/lasentinelle.dz\\\/index.php\\\/2023\\\/04\\\/29\\\/sahel-les-alertes-sur-les-risques-de-maladies-et-de-secheresse-se-multiplient\\\/#primaryimage\"},\"image\":{\"@id\":\"https:\\\/\\\/lasentinelle.dz\\\/index.php\\\/2023\\\/04\\\/29\\\/sahel-les-alertes-sur-les-risques-de-maladies-et-de-secheresse-se-multiplient\\\/#primaryimage\"},\"thumbnailUrl\":\"https:\\\/\\\/lasentinelle.dz\\\/wp-content\\\/uploads\\\/2023\\\/04\\\/image_2023-04-29_171907493.png\",\"datePublished\":\"2023-04-29T21:00:00+00:00\",\"breadcrumb\":{\"@id\":\"https:\\\/\\\/lasentinelle.dz\\\/index.php\\\/2023\\\/04\\\/29\\\/sahel-les-alertes-sur-les-risques-de-maladies-et-de-secheresse-se-multiplient\\\/#breadcrumb\"},\"inLanguage\":\"fr-FR\",\"potentialAction\":[{\"@type\":\"ReadAction\",\"target\":[\"https:\\\/\\\/lasentinelle.dz\\\/index.php\\\/2023\\\/04\\\/29\\\/sahel-les-alertes-sur-les-risques-de-maladies-et-de-secheresse-se-multiplient\\\/\"]}]},{\"@type\":\"ImageObject\",\"inLanguage\":\"fr-FR\",\"@id\":\"https:\\\/\\\/lasentinelle.dz\\\/index.php\\\/2023\\\/04\\\/29\\\/sahel-les-alertes-sur-les-risques-de-maladies-et-de-secheresse-se-multiplient\\\/#primaryimage\",\"url\":\"https:\\\/\\\/lasentinelle.dz\\\/wp-content\\\/uploads\\\/2023\\\/04\\\/image_2023-04-29_171907493.png\",\"contentUrl\":\"https:\\\/\\\/lasentinelle.dz\\\/wp-content\\\/uploads\\\/2023\\\/04\\\/image_2023-04-29_171907493.png\",\"width\":864,\"height\":486},{\"@type\":\"BreadcrumbList\",\"@id\":\"https:\\\/\\\/lasentinelle.dz\\\/index.php\\\/2023\\\/04\\\/29\\\/sahel-les-alertes-sur-les-risques-de-maladies-et-de-secheresse-se-multiplient\\\/#breadcrumb\",\"itemListElement\":[{\"@type\":\"ListItem\",\"position\":1,\"name\":\"Accueil\",\"item\":\"https:\\\/\\\/lasentinelle.dz\\\/\"},{\"@type\":\"ListItem\",\"position\":2,\"name\":\"Sahel\u00a0: Les alertes sur les risques de maladies et de s\u00e9cheresse se multiplient\"}]},{\"@type\":\"WebSite\",\"@id\":\"https:\\\/\\\/lasentinelle.dz\\\/#website\",\"url\":\"https:\\\/\\\/lasentinelle.dz\\\/\",\"name\":\"La Sentinelle\",\"description\":\"Quotidien national d&#039;information\",\"publisher\":{\"@id\":\"https:\\\/\\\/lasentinelle.dz\\\/#organization\"},\"potentialAction\":[{\"@type\":\"SearchAction\",\"target\":{\"@type\":\"EntryPoint\",\"urlTemplate\":\"https:\\\/\\\/lasentinelle.dz\\\/?s={search_term_string}\"},\"query-input\":{\"@type\":\"PropertyValueSpecification\",\"valueRequired\":true,\"valueName\":\"search_term_string\"}}],\"inLanguage\":\"fr-FR\"},{\"@type\":\"Organization\",\"@id\":\"https:\\\/\\\/lasentinelle.dz\\\/#organization\",\"name\":\"Quotidien La Sentinelle\",\"url\":\"https:\\\/\\\/lasentinelle.dz\\\/\",\"logo\":{\"@type\":\"ImageObject\",\"inLanguage\":\"fr-FR\",\"@id\":\"https:\\\/\\\/lasentinelle.dz\\\/#\\\/schema\\\/logo\\\/image\\\/\",\"url\":\"https:\\\/\\\/lasentinelle.dz\\\/wp-content\\\/uploads\\\/2021\\\/09\\\/logo-sentinelleSLOGAN-1.png\",\"contentUrl\":\"https:\\\/\\\/lasentinelle.dz\\\/wp-content\\\/uploads\\\/2021\\\/09\\\/logo-sentinelleSLOGAN-1.png\",\"width\":615,\"height\":142,\"caption\":\"Quotidien La Sentinelle\"},\"image\":{\"@id\":\"https:\\\/\\\/lasentinelle.dz\\\/#\\\/schema\\\/logo\\\/image\\\/\"},\"sameAs\":[\"https:\\\/\\\/www.facebook.com\\\/La-Sentinelle-104059864394773\"]},{\"@type\":\"Person\",\"@id\":\"https:\\\/\\\/lasentinelle.dz\\\/#\\\/schema\\\/person\\\/d865044e22e70a75174ce8bcad3acfb3\",\"name\":\"La Sentinelle\",\"image\":{\"@type\":\"ImageObject\",\"inLanguage\":\"fr-FR\",\"@id\":\"https:\\\/\\\/secure.gravatar.com\\\/avatar\\\/57de8e5d4b15d43fb361a71fbb36338450fe67865b528a43dd10ef7c51a20392?s=96&d=mm&r=g\",\"url\":\"https:\\\/\\\/secure.gravatar.com\\\/avatar\\\/57de8e5d4b15d43fb361a71fbb36338450fe67865b528a43dd10ef7c51a20392?s=96&d=mm&r=g\",\"contentUrl\":\"https:\\\/\\\/secure.gravatar.com\\\/avatar\\\/57de8e5d4b15d43fb361a71fbb36338450fe67865b528a43dd10ef7c51a20392?s=96&d=mm&r=g\",\"caption\":\"La Sentinelle\"},\"sameAs\":[\"http:\\\/\\\/www.lasentinelle.dz\"],\"url\":\"https:\\\/\\\/lasentinelle.dz\\\/author\\\/redaction\\\/\"}]}<\/script>\n<!-- \/ Yoast SEO plugin. -->","yoast_head_json":{"title":"Sahel\u00a0: Les alertes sur les risques de maladies et de s\u00e9cheresse se multiplient - La Sentinelle","robots":{"index":"index","follow":"follow","max-snippet":"max-snippet:-1","max-image-preview":"max-image-preview:large","max-video-preview":"max-video-preview:-1"},"canonical":"https:\/\/lasentinelle.dz\/index.php\/2023\/04\/29\/sahel-les-alertes-sur-les-risques-de-maladies-et-de-secheresse-se-multiplient\/","og_locale":"fr_FR","og_type":"article","og_title":"Sahel\u00a0: Les alertes sur les risques de maladies et de s\u00e9cheresse se multiplient - La Sentinelle","og_description":"Plusieurs organisations agro-m\u00e9t\u00e9orologiques ont alert\u00e9, vendredi, sur les risques des inondations, de maladies et de s\u00e9cheresse au Sahel, au cours","og_url":"https:\/\/lasentinelle.dz\/index.php\/2023\/04\/29\/sahel-les-alertes-sur-les-risques-de-maladies-et-de-secheresse-se-multiplient\/","og_site_name":"La Sentinelle","article_publisher":"https:\/\/www.facebook.com\/La-Sentinelle-104059864394773","article_published_time":"2023-04-29T21:00:00+00:00","og_image":[{"width":864,"height":486,"url":"https:\/\/lasentinelle.dz\/wp-content\/uploads\/2023\/04\/image_2023-04-29_171907493.png","type":"image\/png"}],"author":"La Sentinelle","twitter_card":"summary_large_image","twitter_misc":{"\u00c9crit par":"La Sentinelle","Dur\u00e9e de lecture estim\u00e9e":"4 minutes"},"schema":{"@context":"https:\/\/schema.org","@graph":[{"@type":"Article","@id":"https:\/\/lasentinelle.dz\/index.php\/2023\/04\/29\/sahel-les-alertes-sur-les-risques-de-maladies-et-de-secheresse-se-multiplient\/#article","isPartOf":{"@id":"https:\/\/lasentinelle.dz\/index.php\/2023\/04\/29\/sahel-les-alertes-sur-les-risques-de-maladies-et-de-secheresse-se-multiplient\/"},"author":{"name":"La Sentinelle","@id":"https:\/\/lasentinelle.dz\/#\/schema\/person\/d865044e22e70a75174ce8bcad3acfb3"},"headline":"Sahel\u00a0: Les alertes sur les risques de maladies et de s\u00e9cheresse se multiplient","datePublished":"2023-04-29T21:00:00+00:00","mainEntityOfPage":{"@id":"https:\/\/lasentinelle.dz\/index.php\/2023\/04\/29\/sahel-les-alertes-sur-les-risques-de-maladies-et-de-secheresse-se-multiplient\/"},"wordCount":723,"commentCount":0,"publisher":{"@id":"https:\/\/lasentinelle.dz\/#organization"},"image":{"@id":"https:\/\/lasentinelle.dz\/index.php\/2023\/04\/29\/sahel-les-alertes-sur-les-risques-de-maladies-et-de-secheresse-se-multiplient\/#primaryimage"},"thumbnailUrl":"https:\/\/lasentinelle.dz\/wp-content\/uploads\/2023\/04\/image_2023-04-29_171907493.png","articleSection":["Monde"],"inLanguage":"fr-FR","potentialAction":[{"@type":"CommentAction","name":"Comment","target":["https:\/\/lasentinelle.dz\/index.php\/2023\/04\/29\/sahel-les-alertes-sur-les-risques-de-maladies-et-de-secheresse-se-multiplient\/#respond"]}]},{"@type":"WebPage","@id":"https:\/\/lasentinelle.dz\/index.php\/2023\/04\/29\/sahel-les-alertes-sur-les-risques-de-maladies-et-de-secheresse-se-multiplient\/","url":"https:\/\/lasentinelle.dz\/index.php\/2023\/04\/29\/sahel-les-alertes-sur-les-risques-de-maladies-et-de-secheresse-se-multiplient\/","name":"Sahel\u00a0: Les alertes sur les risques de maladies et de s\u00e9cheresse se multiplient - La Sentinelle","isPartOf":{"@id":"https:\/\/lasentinelle.dz\/#website"},"primaryImageOfPage":{"@id":"https:\/\/lasentinelle.dz\/index.php\/2023\/04\/29\/sahel-les-alertes-sur-les-risques-de-maladies-et-de-secheresse-se-multiplient\/#primaryimage"},"image":{"@id":"https:\/\/lasentinelle.dz\/index.php\/2023\/04\/29\/sahel-les-alertes-sur-les-risques-de-maladies-et-de-secheresse-se-multiplient\/#primaryimage"},"thumbnailUrl":"https:\/\/lasentinelle.dz\/wp-content\/uploads\/2023\/04\/image_2023-04-29_171907493.png","datePublished":"2023-04-29T21:00:00+00:00","breadcrumb":{"@id":"https:\/\/lasentinelle.dz\/index.php\/2023\/04\/29\/sahel-les-alertes-sur-les-risques-de-maladies-et-de-secheresse-se-multiplient\/#breadcrumb"},"inLanguage":"fr-FR","potentialAction":[{"@type":"ReadAction","target":["https:\/\/lasentinelle.dz\/index.php\/2023\/04\/29\/sahel-les-alertes-sur-les-risques-de-maladies-et-de-secheresse-se-multiplient\/"]}]},{"@type":"ImageObject","inLanguage":"fr-FR","@id":"https:\/\/lasentinelle.dz\/index.php\/2023\/04\/29\/sahel-les-alertes-sur-les-risques-de-maladies-et-de-secheresse-se-multiplient\/#primaryimage","url":"https:\/\/lasentinelle.dz\/wp-content\/uploads\/2023\/04\/image_2023-04-29_171907493.png","contentUrl":"https:\/\/lasentinelle.dz\/wp-content\/uploads\/2023\/04\/image_2023-04-29_171907493.png","width":864,"height":486},{"@type":"BreadcrumbList","@id":"https:\/\/lasentinelle.dz\/index.php\/2023\/04\/29\/sahel-les-alertes-sur-les-risques-de-maladies-et-de-secheresse-se-multiplient\/#breadcrumb","itemListElement":[{"@type":"ListItem","position":1,"name":"Accueil","item":"https:\/\/lasentinelle.dz\/"},{"@type":"ListItem","position":2,"name":"Sahel\u00a0: Les alertes sur les risques de maladies et de s\u00e9cheresse se multiplient"}]},{"@type":"WebSite","@id":"https:\/\/lasentinelle.dz\/#website","url":"https:\/\/lasentinelle.dz\/","name":"La Sentinelle","description":"Quotidien national d&#039;information","publisher":{"@id":"https:\/\/lasentinelle.dz\/#organization"},"potentialAction":[{"@type":"SearchAction","target":{"@type":"EntryPoint","urlTemplate":"https:\/\/lasentinelle.dz\/?s={search_term_string}"},"query-input":{"@type":"PropertyValueSpecification","valueRequired":true,"valueName":"search_term_string"}}],"inLanguage":"fr-FR"},{"@type":"Organization","@id":"https:\/\/lasentinelle.dz\/#organization","name":"Quotidien La Sentinelle","url":"https:\/\/lasentinelle.dz\/","logo":{"@type":"ImageObject","inLanguage":"fr-FR","@id":"https:\/\/lasentinelle.dz\/#\/schema\/logo\/image\/","url":"https:\/\/lasentinelle.dz\/wp-content\/uploads\/2021\/09\/logo-sentinelleSLOGAN-1.png","contentUrl":"https:\/\/lasentinelle.dz\/wp-content\/uploads\/2021\/09\/logo-sentinelleSLOGAN-1.png","width":615,"height":142,"caption":"Quotidien La Sentinelle"},"image":{"@id":"https:\/\/lasentinelle.dz\/#\/schema\/logo\/image\/"},"sameAs":["https:\/\/www.facebook.com\/La-Sentinelle-104059864394773"]},{"@type":"Person","@id":"https:\/\/lasentinelle.dz\/#\/schema\/person\/d865044e22e70a75174ce8bcad3acfb3","name":"La Sentinelle","image":{"@type":"ImageObject","inLanguage":"fr-FR","@id":"https:\/\/secure.gravatar.com\/avatar\/57de8e5d4b15d43fb361a71fbb36338450fe67865b528a43dd10ef7c51a20392?s=96&d=mm&r=g","url":"https:\/\/secure.gravatar.com\/avatar\/57de8e5d4b15d43fb361a71fbb36338450fe67865b528a43dd10ef7c51a20392?s=96&d=mm&r=g","contentUrl":"https:\/\/secure.gravatar.com\/avatar\/57de8e5d4b15d43fb361a71fbb36338450fe67865b528a43dd10ef7c51a20392?s=96&d=mm&r=g","caption":"La Sentinelle"},"sameAs":["http:\/\/www.lasentinelle.dz"],"url":"https:\/\/lasentinelle.dz\/author\/redaction\/"}]}},"_links":{"self":[{"href":"https:\/\/lasentinelle.dz\/index.php\/wp-json\/wp\/v2\/posts\/40191","targetHints":{"allow":["GET"]}}],"collection":[{"href":"https:\/\/lasentinelle.dz\/index.php\/wp-json\/wp\/v2\/posts"}],"about":[{"href":"https:\/\/lasentinelle.dz\/index.php\/wp-json\/wp\/v2\/types\/post"}],"author":[{"embeddable":true,"href":"https:\/\/lasentinelle.dz\/index.php\/wp-json\/wp\/v2\/users\/3"}],"replies":[{"embeddable":true,"href":"https:\/\/lasentinelle.dz\/index.php\/wp-json\/wp\/v2\/comments?post=40191"}],"version-history":[{"count":1,"href":"https:\/\/lasentinelle.dz\/index.php\/wp-json\/wp\/v2\/posts\/40191\/revisions"}],"predecessor-version":[{"id":40201,"href":"https:\/\/lasentinelle.dz\/index.php\/wp-json\/wp\/v2\/posts\/40191\/revisions\/40201"}],"wp:featuredmedia":[{"embeddable":true,"href":"https:\/\/lasentinelle.dz\/index.php\/wp-json\/wp\/v2\/media\/40200"}],"wp:attachment":[{"href":"https:\/\/lasentinelle.dz\/index.php\/wp-json\/wp\/v2\/media?parent=40191"}],"wp:term":[{"taxonomy":"category","embeddable":true,"href":"https:\/\/lasentinelle.dz\/index.php\/wp-json\/wp\/v2\/categories?post=40191"},{"taxonomy":"post_tag","embeddable":true,"href":"https:\/\/lasentinelle.dz\/index.php\/wp-json\/wp\/v2\/tags?post=40191"}],"curies":[{"name":"wp","href":"https:\/\/api.w.org\/{rel}","templated":true}]}}