{"id":40208,"date":"2023-04-29T22:00:00","date_gmt":"2023-04-29T21:00:00","guid":{"rendered":"https:\/\/lasentinelle.dz\/?p=40208"},"modified":"2023-04-29T17:35:31","modified_gmt":"2023-04-29T16:35:31","slug":"coupe-de-la-caf-les-rouge-et-noir-pour-confirmer","status":"publish","type":"post","link":"https:\/\/lasentinelle.dz\/index.php\/2023\/04\/29\/coupe-de-la-caf-les-rouge-et-noir-pour-confirmer\/","title":{"rendered":"Coupe de la CAF\u00a0: Les \u00ab\u00a0Rouge et Noir\u00a0\u00bb pour confirmer"},"content":{"rendered":"\n<p>L\u2019USM Alger affronte ce soir au stade Moulay Abdallah de Rabat, l\u2019AS Far, avec un seul objectif acter la qualification pour les demi-finales de la Coupe de la Conf\u00e9d\u00e9ration africaine de football.<\/p>\n\n\n\n<p>Les \u00ab&nbsp;Rouge et Noir&nbsp;\u00bb partent favoris car ayant d\u00e9j\u00e0 pris une option en battant leur adversaire au match sur la pelouse du stade du 5-Juillet par un score de deux buts \u00e0 z\u00e9ro. Mais le match s\u2019annonce difficile et devront \u00eatre vigilants pour conserver leur avance. Des enjeux dont on a pleinement conscience \u00e0 l\u2019USMA dont la d\u00e9l\u00e9gation est arriv\u00e9e jeudi \u00e0 Rabat pour se pr\u00e9parer au match. En conf\u00e9rence de presse d\u2019avant-match, le coach des \u00ab&nbsp;Rouge et Noir&nbsp;\u00bb a tenu un discours loin d\u2019\u00eatre triomphaliste. Abdelkader Benchikha a estim\u00e9 que<\/p>\n\n\n\n<p>Ben Sheikha a ajout\u00e9 lors de la conf\u00e9rence de presse d&rsquo;avant-match : \u00ab Les deux \u00e9quipes ont des chances \u00e9gales au match retour. Il y a une logique dans le football. Rien n&rsquo;a encore \u00e9t\u00e9 jou\u00e9.\u00a0\u00bb<\/p>\n\n\n\n<p>\u00ab\u00a0Nous sommes habitu\u00e9s \u00e0 la pression du public, et les joueurs sont conscients de leur responsabilit\u00e9, et je connais les fans de l\u2019AS FAR et l&rsquo;ambiance qui y r\u00e8gnera, et j&rsquo;esp\u00e8re que l&rsquo;esprit sportif pr\u00e9vaudra\u00a0\u00bb, a-t-il ajout\u00e9.&nbsp; Pour sa part, le capitaine de l&rsquo;USMA, Zinedine Belaid, a d\u00e9clar\u00e9 que le match retour du sera difficile. \u00ab\u00a0Nous allons bien nous concentrer pendant le match, comme ce fut le cas lors du match aller\u00a0\u00bb, a ajout\u00e9 Belaid lors de la conf\u00e9rence de presse d&rsquo;avant-match. Et de poursuivre : \u00ab\u00a0Si Dieu le veut, ce sera un match fort, et la victoire reviendra \u00e0 la meilleure \u00e9quipe sur le terrain.\u00a0\u00bb<\/p>\n\n\n\n<p>Pour rappel, la Conf\u00e9d\u00e9ration africaine de football (CAF) a d\u00e9sign\u00e9 un trio arbitral \u00e9gyptien pour diriger le match AS FAR &#8211; USM Alger, pr\u00e9vu dimanche soir (20h00), pour le compte des quarts de finale (retour) de la Coupe de la Conf\u00e9d\u00e9ration. Il s&rsquo;agit donc de Mohamed Ma\u00e2rouf Eid Mansour, alors que les deux arbitres assistants sont ses compatriotes Youssef Wahid Youssef El-Bosaty et Samy Halhal. Le quatri\u00e8me arbitre \u00e9tant l&rsquo;Egyptien Ahmed Nadji.<\/p>\n\n\n\n<p>R.S.<\/p>\n","protected":false},"excerpt":{"rendered":"<p>L\u2019USM Alger affronte ce soir au stade Moulay Abdallah de Rabat, l\u2019AS Far, avec un seul objectif acter la qualification<\/p>\n","protected":false},"author":3,"featured_media":40214,"comment_status":"open","ping_status":"closed","sticky":false,"template":"","format":"standard","meta":{"colormag_page_container_layout":"default_layout","colormag_page_sidebar_layout":"default_layout","om_disable_all_campaigns":false,"_monsterinsights_skip_tracking":false,"_monsterinsights_sitenote_active":false,"_monsterinsights_sitenote_note":"","_monsterinsights_sitenote_category":0,"footnotes":"","_wpscppro_dont_share_socialmedia":false,"_wpscppro_custom_social_share_image":0,"_facebook_share_type":"","_twitter_share_type":"","_linkedin_share_type":"","_pinterest_share_type":"","_linkedin_share_type_page":"","_instagram_share_type":"","_medium_share_type":"","_threads_share_type":"","_google_business_share_type":"","_selected_social_profile":[],"_wpsp_enable_custom_social_template":false,"_wpsp_social_scheduling":{"enabled":false,"datetime":null,"platforms":[],"status":"template_only","dateOption":"today","timeOption":"now","customDays":"","customHours":"","customDate":"","customTime":"","schedulingType":"absolute"},"_wpsp_active_default_template":true},"categories":[33],"tags":[],"class_list":["post-40208","post","type-post","status-publish","format-standard","has-post-thumbnail","hentry","category-sports"],"aioseo_notices":[],"yoast_head":"<!-- This site is optimized with the Yoast SEO plugin v27.5 - https:\/\/yoast.com\/product\/yoast-seo-wordpress\/ -->\n<title>Coupe de la CAF\u00a0: Les \u00ab\u00a0Rouge et Noir\u00a0\u00bb pour confirmer - La Sentinelle<\/title>\n<meta name=\"robots\" content=\"index, follow, max-snippet:-1, max-image-preview:large, max-video-preview:-1\" \/>\n<link rel=\"canonical\" href=\"https:\/\/lasentinelle.dz\/index.php\/2023\/04\/29\/coupe-de-la-caf-les-rouge-et-noir-pour-confirmer\/\" \/>\n<meta property=\"og:locale\" content=\"fr_FR\" \/>\n<meta property=\"og:type\" content=\"article\" \/>\n<meta property=\"og:title\" content=\"Coupe de la CAF\u00a0: Les \u00ab\u00a0Rouge et Noir\u00a0\u00bb pour confirmer - La Sentinelle\" \/>\n<meta property=\"og:description\" content=\"L\u2019USM Alger affronte ce soir au stade Moulay Abdallah de Rabat, l\u2019AS Far, avec un seul objectif acter la qualification\" \/>\n<meta property=\"og:url\" content=\"https:\/\/lasentinelle.dz\/index.php\/2023\/04\/29\/coupe-de-la-caf-les-rouge-et-noir-pour-confirmer\/\" \/>\n<meta property=\"og:site_name\" content=\"La Sentinelle\" \/>\n<meta property=\"article:publisher\" content=\"https:\/\/www.facebook.com\/La-Sentinelle-104059864394773\" \/>\n<meta property=\"article:published_time\" content=\"2023-04-29T21:00:00+00:00\" \/>\n<meta property=\"og:image\" content=\"https:\/\/lasentinelle.dz\/wp-content\/uploads\/2023\/04\/usma.jpeg\" \/>\n\t<meta property=\"og:image:width\" content=\"960\" \/>\n\t<meta property=\"og:image:height\" content=\"640\" \/>\n\t<meta property=\"og:image:type\" content=\"image\/jpeg\" \/>\n<meta name=\"author\" content=\"La Sentinelle\" \/>\n<meta name=\"twitter:card\" content=\"summary_large_image\" \/>\n<meta name=\"twitter:label1\" content=\"\u00c9crit par\" \/>\n\t<meta name=\"twitter:data1\" content=\"La Sentinelle\" \/>\n\t<meta name=\"twitter:label2\" content=\"Dur\u00e9e de lecture estim\u00e9e\" \/>\n\t<meta name=\"twitter:data2\" content=\"2 minutes\" \/>\n<script type=\"application\/ld+json\" class=\"yoast-schema-graph\">{\"@context\":\"https:\\\/\\\/schema.org\",\"@graph\":[{\"@type\":\"Article\",\"@id\":\"https:\\\/\\\/lasentinelle.dz\\\/index.php\\\/2023\\\/04\\\/29\\\/coupe-de-la-caf-les-rouge-et-noir-pour-confirmer\\\/#article\",\"isPartOf\":{\"@id\":\"https:\\\/\\\/lasentinelle.dz\\\/index.php\\\/2023\\\/04\\\/29\\\/coupe-de-la-caf-les-rouge-et-noir-pour-confirmer\\\/\"},\"author\":{\"name\":\"La Sentinelle\",\"@id\":\"https:\\\/\\\/lasentinelle.dz\\\/#\\\/schema\\\/person\\\/d865044e22e70a75174ce8bcad3acfb3\"},\"headline\":\"Coupe de la CAF\u00a0: Les \u00ab\u00a0Rouge et Noir\u00a0\u00bb pour confirmer\",\"datePublished\":\"2023-04-29T21:00:00+00:00\",\"mainEntityOfPage\":{\"@id\":\"https:\\\/\\\/lasentinelle.dz\\\/index.php\\\/2023\\\/04\\\/29\\\/coupe-de-la-caf-les-rouge-et-noir-pour-confirmer\\\/\"},\"wordCount\":386,\"commentCount\":0,\"publisher\":{\"@id\":\"https:\\\/\\\/lasentinelle.dz\\\/#organization\"},\"image\":{\"@id\":\"https:\\\/\\\/lasentinelle.dz\\\/index.php\\\/2023\\\/04\\\/29\\\/coupe-de-la-caf-les-rouge-et-noir-pour-confirmer\\\/#primaryimage\"},\"thumbnailUrl\":\"https:\\\/\\\/lasentinelle.dz\\\/wp-content\\\/uploads\\\/2023\\\/04\\\/usma.jpeg\",\"articleSection\":[\"Sports\"],\"inLanguage\":\"fr-FR\",\"potentialAction\":[{\"@type\":\"CommentAction\",\"name\":\"Comment\",\"target\":[\"https:\\\/\\\/lasentinelle.dz\\\/index.php\\\/2023\\\/04\\\/29\\\/coupe-de-la-caf-les-rouge-et-noir-pour-confirmer\\\/#respond\"]}]},{\"@type\":\"WebPage\",\"@id\":\"https:\\\/\\\/lasentinelle.dz\\\/index.php\\\/2023\\\/04\\\/29\\\/coupe-de-la-caf-les-rouge-et-noir-pour-confirmer\\\/\",\"url\":\"https:\\\/\\\/lasentinelle.dz\\\/index.php\\\/2023\\\/04\\\/29\\\/coupe-de-la-caf-les-rouge-et-noir-pour-confirmer\\\/\",\"name\":\"Coupe de la CAF\u00a0: Les \u00ab\u00a0Rouge et Noir\u00a0\u00bb pour confirmer - La Sentinelle\",\"isPartOf\":{\"@id\":\"https:\\\/\\\/lasentinelle.dz\\\/#website\"},\"primaryImageOfPage\":{\"@id\":\"https:\\\/\\\/lasentinelle.dz\\\/index.php\\\/2023\\\/04\\\/29\\\/coupe-de-la-caf-les-rouge-et-noir-pour-confirmer\\\/#primaryimage\"},\"image\":{\"@id\":\"https:\\\/\\\/lasentinelle.dz\\\/index.php\\\/2023\\\/04\\\/29\\\/coupe-de-la-caf-les-rouge-et-noir-pour-confirmer\\\/#primaryimage\"},\"thumbnailUrl\":\"https:\\\/\\\/lasentinelle.dz\\\/wp-content\\\/uploads\\\/2023\\\/04\\\/usma.jpeg\",\"datePublished\":\"2023-04-29T21:00:00+00:00\",\"breadcrumb\":{\"@id\":\"https:\\\/\\\/lasentinelle.dz\\\/index.php\\\/2023\\\/04\\\/29\\\/coupe-de-la-caf-les-rouge-et-noir-pour-confirmer\\\/#breadcrumb\"},\"inLanguage\":\"fr-FR\",\"potentialAction\":[{\"@type\":\"ReadAction\",\"target\":[\"https:\\\/\\\/lasentinelle.dz\\\/index.php\\\/2023\\\/04\\\/29\\\/coupe-de-la-caf-les-rouge-et-noir-pour-confirmer\\\/\"]}]},{\"@type\":\"ImageObject\",\"inLanguage\":\"fr-FR\",\"@id\":\"https:\\\/\\\/lasentinelle.dz\\\/index.php\\\/2023\\\/04\\\/29\\\/coupe-de-la-caf-les-rouge-et-noir-pour-confirmer\\\/#primaryimage\",\"url\":\"https:\\\/\\\/lasentinelle.dz\\\/wp-content\\\/uploads\\\/2023\\\/04\\\/usma.jpeg\",\"contentUrl\":\"https:\\\/\\\/lasentinelle.dz\\\/wp-content\\\/uploads\\\/2023\\\/04\\\/usma.jpeg\",\"width\":960,\"height\":640},{\"@type\":\"BreadcrumbList\",\"@id\":\"https:\\\/\\\/lasentinelle.dz\\\/index.php\\\/2023\\\/04\\\/29\\\/coupe-de-la-caf-les-rouge-et-noir-pour-confirmer\\\/#breadcrumb\",\"itemListElement\":[{\"@type\":\"ListItem\",\"position\":1,\"name\":\"Accueil\",\"item\":\"https:\\\/\\\/lasentinelle.dz\\\/\"},{\"@type\":\"ListItem\",\"position\":2,\"name\":\"Coupe de la CAF\u00a0: Les \u00ab\u00a0Rouge et Noir\u00a0\u00bb pour confirmer\"}]},{\"@type\":\"WebSite\",\"@id\":\"https:\\\/\\\/lasentinelle.dz\\\/#website\",\"url\":\"https:\\\/\\\/lasentinelle.dz\\\/\",\"name\":\"La Sentinelle\",\"description\":\"Quotidien national d&#039;information\",\"publisher\":{\"@id\":\"https:\\\/\\\/lasentinelle.dz\\\/#organization\"},\"potentialAction\":[{\"@type\":\"SearchAction\",\"target\":{\"@type\":\"EntryPoint\",\"urlTemplate\":\"https:\\\/\\\/lasentinelle.dz\\\/?s={search_term_string}\"},\"query-input\":{\"@type\":\"PropertyValueSpecification\",\"valueRequired\":true,\"valueName\":\"search_term_string\"}}],\"inLanguage\":\"fr-FR\"},{\"@type\":\"Organization\",\"@id\":\"https:\\\/\\\/lasentinelle.dz\\\/#organization\",\"name\":\"Quotidien La Sentinelle\",\"url\":\"https:\\\/\\\/lasentinelle.dz\\\/\",\"logo\":{\"@type\":\"ImageObject\",\"inLanguage\":\"fr-FR\",\"@id\":\"https:\\\/\\\/lasentinelle.dz\\\/#\\\/schema\\\/logo\\\/image\\\/\",\"url\":\"https:\\\/\\\/lasentinelle.dz\\\/wp-content\\\/uploads\\\/2021\\\/09\\\/logo-sentinelleSLOGAN-1.png\",\"contentUrl\":\"https:\\\/\\\/lasentinelle.dz\\\/wp-content\\\/uploads\\\/2021\\\/09\\\/logo-sentinelleSLOGAN-1.png\",\"width\":615,\"height\":142,\"caption\":\"Quotidien La Sentinelle\"},\"image\":{\"@id\":\"https:\\\/\\\/lasentinelle.dz\\\/#\\\/schema\\\/logo\\\/image\\\/\"},\"sameAs\":[\"https:\\\/\\\/www.facebook.com\\\/La-Sentinelle-104059864394773\"]},{\"@type\":\"Person\",\"@id\":\"https:\\\/\\\/lasentinelle.dz\\\/#\\\/schema\\\/person\\\/d865044e22e70a75174ce8bcad3acfb3\",\"name\":\"La Sentinelle\",\"image\":{\"@type\":\"ImageObject\",\"inLanguage\":\"fr-FR\",\"@id\":\"https:\\\/\\\/secure.gravatar.com\\\/avatar\\\/57de8e5d4b15d43fb361a71fbb36338450fe67865b528a43dd10ef7c51a20392?s=96&d=mm&r=g\",\"url\":\"https:\\\/\\\/secure.gravatar.com\\\/avatar\\\/57de8e5d4b15d43fb361a71fbb36338450fe67865b528a43dd10ef7c51a20392?s=96&d=mm&r=g\",\"contentUrl\":\"https:\\\/\\\/secure.gravatar.com\\\/avatar\\\/57de8e5d4b15d43fb361a71fbb36338450fe67865b528a43dd10ef7c51a20392?s=96&d=mm&r=g\",\"caption\":\"La Sentinelle\"},\"sameAs\":[\"http:\\\/\\\/www.lasentinelle.dz\"],\"url\":\"https:\\\/\\\/lasentinelle.dz\\\/author\\\/redaction\\\/\"}]}<\/script>\n<!-- \/ Yoast SEO plugin. -->","yoast_head_json":{"title":"Coupe de la CAF\u00a0: Les \u00ab\u00a0Rouge et Noir\u00a0\u00bb pour confirmer - La Sentinelle","robots":{"index":"index","follow":"follow","max-snippet":"max-snippet:-1","max-image-preview":"max-image-preview:large","max-video-preview":"max-video-preview:-1"},"canonical":"https:\/\/lasentinelle.dz\/index.php\/2023\/04\/29\/coupe-de-la-caf-les-rouge-et-noir-pour-confirmer\/","og_locale":"fr_FR","og_type":"article","og_title":"Coupe de la CAF\u00a0: Les \u00ab\u00a0Rouge et Noir\u00a0\u00bb pour confirmer - La Sentinelle","og_description":"L\u2019USM Alger affronte ce soir au stade Moulay Abdallah de Rabat, l\u2019AS Far, avec un seul objectif acter la qualification","og_url":"https:\/\/lasentinelle.dz\/index.php\/2023\/04\/29\/coupe-de-la-caf-les-rouge-et-noir-pour-confirmer\/","og_site_name":"La Sentinelle","article_publisher":"https:\/\/www.facebook.com\/La-Sentinelle-104059864394773","article_published_time":"2023-04-29T21:00:00+00:00","og_image":[{"width":960,"height":640,"url":"https:\/\/lasentinelle.dz\/wp-content\/uploads\/2023\/04\/usma.jpeg","type":"image\/jpeg"}],"author":"La Sentinelle","twitter_card":"summary_large_image","twitter_misc":{"\u00c9crit par":"La Sentinelle","Dur\u00e9e de lecture estim\u00e9e":"2 minutes"},"schema":{"@context":"https:\/\/schema.org","@graph":[{"@type":"Article","@id":"https:\/\/lasentinelle.dz\/index.php\/2023\/04\/29\/coupe-de-la-caf-les-rouge-et-noir-pour-confirmer\/#article","isPartOf":{"@id":"https:\/\/lasentinelle.dz\/index.php\/2023\/04\/29\/coupe-de-la-caf-les-rouge-et-noir-pour-confirmer\/"},"author":{"name":"La Sentinelle","@id":"https:\/\/lasentinelle.dz\/#\/schema\/person\/d865044e22e70a75174ce8bcad3acfb3"},"headline":"Coupe de la CAF\u00a0: Les \u00ab\u00a0Rouge et Noir\u00a0\u00bb pour confirmer","datePublished":"2023-04-29T21:00:00+00:00","mainEntityOfPage":{"@id":"https:\/\/lasentinelle.dz\/index.php\/2023\/04\/29\/coupe-de-la-caf-les-rouge-et-noir-pour-confirmer\/"},"wordCount":386,"commentCount":0,"publisher":{"@id":"https:\/\/lasentinelle.dz\/#organization"},"image":{"@id":"https:\/\/lasentinelle.dz\/index.php\/2023\/04\/29\/coupe-de-la-caf-les-rouge-et-noir-pour-confirmer\/#primaryimage"},"thumbnailUrl":"https:\/\/lasentinelle.dz\/wp-content\/uploads\/2023\/04\/usma.jpeg","articleSection":["Sports"],"inLanguage":"fr-FR","potentialAction":[{"@type":"CommentAction","name":"Comment","target":["https:\/\/lasentinelle.dz\/index.php\/2023\/04\/29\/coupe-de-la-caf-les-rouge-et-noir-pour-confirmer\/#respond"]}]},{"@type":"WebPage","@id":"https:\/\/lasentinelle.dz\/index.php\/2023\/04\/29\/coupe-de-la-caf-les-rouge-et-noir-pour-confirmer\/","url":"https:\/\/lasentinelle.dz\/index.php\/2023\/04\/29\/coupe-de-la-caf-les-rouge-et-noir-pour-confirmer\/","name":"Coupe de la CAF\u00a0: Les \u00ab\u00a0Rouge et Noir\u00a0\u00bb pour confirmer - La Sentinelle","isPartOf":{"@id":"https:\/\/lasentinelle.dz\/#website"},"primaryImageOfPage":{"@id":"https:\/\/lasentinelle.dz\/index.php\/2023\/04\/29\/coupe-de-la-caf-les-rouge-et-noir-pour-confirmer\/#primaryimage"},"image":{"@id":"https:\/\/lasentinelle.dz\/index.php\/2023\/04\/29\/coupe-de-la-caf-les-rouge-et-noir-pour-confirmer\/#primaryimage"},"thumbnailUrl":"https:\/\/lasentinelle.dz\/wp-content\/uploads\/2023\/04\/usma.jpeg","datePublished":"2023-04-29T21:00:00+00:00","breadcrumb":{"@id":"https:\/\/lasentinelle.dz\/index.php\/2023\/04\/29\/coupe-de-la-caf-les-rouge-et-noir-pour-confirmer\/#breadcrumb"},"inLanguage":"fr-FR","potentialAction":[{"@type":"ReadAction","target":["https:\/\/lasentinelle.dz\/index.php\/2023\/04\/29\/coupe-de-la-caf-les-rouge-et-noir-pour-confirmer\/"]}]},{"@type":"ImageObject","inLanguage":"fr-FR","@id":"https:\/\/lasentinelle.dz\/index.php\/2023\/04\/29\/coupe-de-la-caf-les-rouge-et-noir-pour-confirmer\/#primaryimage","url":"https:\/\/lasentinelle.dz\/wp-content\/uploads\/2023\/04\/usma.jpeg","contentUrl":"https:\/\/lasentinelle.dz\/wp-content\/uploads\/2023\/04\/usma.jpeg","width":960,"height":640},{"@type":"BreadcrumbList","@id":"https:\/\/lasentinelle.dz\/index.php\/2023\/04\/29\/coupe-de-la-caf-les-rouge-et-noir-pour-confirmer\/#breadcrumb","itemListElement":[{"@type":"ListItem","position":1,"name":"Accueil","item":"https:\/\/lasentinelle.dz\/"},{"@type":"ListItem","position":2,"name":"Coupe de la CAF\u00a0: Les \u00ab\u00a0Rouge et Noir\u00a0\u00bb pour confirmer"}]},{"@type":"WebSite","@id":"https:\/\/lasentinelle.dz\/#website","url":"https:\/\/lasentinelle.dz\/","name":"La Sentinelle","description":"Quotidien national d&#039;information","publisher":{"@id":"https:\/\/lasentinelle.dz\/#organization"},"potentialAction":[{"@type":"SearchAction","target":{"@type":"EntryPoint","urlTemplate":"https:\/\/lasentinelle.dz\/?s={search_term_string}"},"query-input":{"@type":"PropertyValueSpecification","valueRequired":true,"valueName":"search_term_string"}}],"inLanguage":"fr-FR"},{"@type":"Organization","@id":"https:\/\/lasentinelle.dz\/#organization","name":"Quotidien La Sentinelle","url":"https:\/\/lasentinelle.dz\/","logo":{"@type":"ImageObject","inLanguage":"fr-FR","@id":"https:\/\/lasentinelle.dz\/#\/schema\/logo\/image\/","url":"https:\/\/lasentinelle.dz\/wp-content\/uploads\/2021\/09\/logo-sentinelleSLOGAN-1.png","contentUrl":"https:\/\/lasentinelle.dz\/wp-content\/uploads\/2021\/09\/logo-sentinelleSLOGAN-1.png","width":615,"height":142,"caption":"Quotidien La Sentinelle"},"image":{"@id":"https:\/\/lasentinelle.dz\/#\/schema\/logo\/image\/"},"sameAs":["https:\/\/www.facebook.com\/La-Sentinelle-104059864394773"]},{"@type":"Person","@id":"https:\/\/lasentinelle.dz\/#\/schema\/person\/d865044e22e70a75174ce8bcad3acfb3","name":"La Sentinelle","image":{"@type":"ImageObject","inLanguage":"fr-FR","@id":"https:\/\/secure.gravatar.com\/avatar\/57de8e5d4b15d43fb361a71fbb36338450fe67865b528a43dd10ef7c51a20392?s=96&d=mm&r=g","url":"https:\/\/secure.gravatar.com\/avatar\/57de8e5d4b15d43fb361a71fbb36338450fe67865b528a43dd10ef7c51a20392?s=96&d=mm&r=g","contentUrl":"https:\/\/secure.gravatar.com\/avatar\/57de8e5d4b15d43fb361a71fbb36338450fe67865b528a43dd10ef7c51a20392?s=96&d=mm&r=g","caption":"La Sentinelle"},"sameAs":["http:\/\/www.lasentinelle.dz"],"url":"https:\/\/lasentinelle.dz\/author\/redaction\/"}]}},"_links":{"self":[{"href":"https:\/\/lasentinelle.dz\/index.php\/wp-json\/wp\/v2\/posts\/40208","targetHints":{"allow":["GET"]}}],"collection":[{"href":"https:\/\/lasentinelle.dz\/index.php\/wp-json\/wp\/v2\/posts"}],"about":[{"href":"https:\/\/lasentinelle.dz\/index.php\/wp-json\/wp\/v2\/types\/post"}],"author":[{"embeddable":true,"href":"https:\/\/lasentinelle.dz\/index.php\/wp-json\/wp\/v2\/users\/3"}],"replies":[{"embeddable":true,"href":"https:\/\/lasentinelle.dz\/index.php\/wp-json\/wp\/v2\/comments?post=40208"}],"version-history":[{"count":1,"href":"https:\/\/lasentinelle.dz\/index.php\/wp-json\/wp\/v2\/posts\/40208\/revisions"}],"predecessor-version":[{"id":40215,"href":"https:\/\/lasentinelle.dz\/index.php\/wp-json\/wp\/v2\/posts\/40208\/revisions\/40215"}],"wp:featuredmedia":[{"embeddable":true,"href":"https:\/\/lasentinelle.dz\/index.php\/wp-json\/wp\/v2\/media\/40214"}],"wp:attachment":[{"href":"https:\/\/lasentinelle.dz\/index.php\/wp-json\/wp\/v2\/media?parent=40208"}],"wp:term":[{"taxonomy":"category","embeddable":true,"href":"https:\/\/lasentinelle.dz\/index.php\/wp-json\/wp\/v2\/categories?post=40208"},{"taxonomy":"post_tag","embeddable":true,"href":"https:\/\/lasentinelle.dz\/index.php\/wp-json\/wp\/v2\/tags?post=40208"}],"curies":[{"name":"wp","href":"https:\/\/api.w.org\/{rel}","templated":true}]}}