{"id":40299,"date":"2023-05-01T22:00:00","date_gmt":"2023-05-01T21:00:00","guid":{"rendered":"https:\/\/lasentinelle.dz\/?p=40299"},"modified":"2023-05-01T17:00:29","modified_gmt":"2023-05-01T16:00:29","slug":"jsk-youcef-bouzidi-en-pompier","status":"publish","type":"post","link":"https:\/\/lasentinelle.dz\/index.php\/2023\/05\/01\/jsk-youcef-bouzidi-en-pompier\/","title":{"rendered":"JSK\u00a0: Youcef Bouzidi en pompier"},"content":{"rendered":"\n<p>Menac\u00e9s de rel\u00e9gation et apr\u00e8s une contre-performance en Ligue des champions de la CAF, les Canaris font appel \u00e0 un nouvel entraineur&nbsp;: Youcef Bouzidi, une vieille connaissance qui a eu \u00e0 diriger la barre technique par deux fois en 2018, puis en 2020. L\u2019objectif semble fix\u00e9. Il s\u2019agit de r\u00e9ussir, comme en 2018, de sauver la JS Kabylie de la rel\u00e9gation \u00e0 une dizaine de journ\u00e9es de la cl\u00f4ture de la Ligue 1.<\/p>\n\n\n\n<p>C\u2019est un record pour la JSK. Le club a consomm\u00e9 en une saison trois entraineurs et d\u00e9cide de faire appel un quatri\u00e8me technicien pour sauver sa saison. En effet, apr\u00e8s le belge Jos\u00e9 Riga, puis Abdelkader Amrabi, c\u2019est au tour de Miloud Hamdi de prendre la porte. Le coach \u00e9tait sur la sellette depuis quelques jours d\u00e9j\u00e0, plus pr\u00e9cis\u00e9ment depuis la d\u00e9faite face au Paradou AC dans le duel des mal class\u00e9s et qui install\u00e9 la JSK en rel\u00e9gable en avant-derni\u00e8re place du classement, voire depuis le rachat du club par Mobilis quelques jours plut\u00f4t. L\u2019\u00e9limination des Canaris en quart de finale de la Ligue des champions a scell\u00e9 le sort de Hamdi lequel a \u00e9t\u00e9 remerci\u00e9 par la nouvelle direction du club. Il c\u00e8de ainsi sa place \u00e0 Youcef Bouzidi qui revient \u00e0 la t\u00eate de la barre technique apr\u00e8s avoir entrain\u00e9 le club en 2018, puis en 2021-2021. Et l\u2019objectif est assign\u00e9 au nouvel entra\u00eeneur&nbsp;: r\u00e9\u00e9diter l\u2019exploit de 2018 et sauver les Canaris de la rel\u00e9gation \u00e0 une dizaine de journ\u00e9es de la fin du championnat de Ligue 1. Dans cette t\u00e2che, Bouzidi sera second\u00e9 par Mohamed Lacet, lequel a diriger l\u2019EN des U20 jusqu\u2019au mois d\u2019octobre dernier lorsqu\u2019il a d\u00e9missionn\u00e9 apr\u00e8s la d\u00e9faite de ses poulains face au Maroc dans le tournoi de l\u2019UNAF.<\/p>\n\n\n\n<p>Pour rappel, la JS Kabylie a \u00e9t\u00e9 \u00e9limin\u00e9e de la Ligue des champions d&rsquo;Afrique de football malgr\u00e9 son nul 1-1 (mi-temps : 0-0), d\u00e9croch\u00e9 en d\u00e9placement face \u00e0 l&rsquo;ES Tunis, samedi soir au stade Hamadi Agrebi de Rad\u00e9s (Tunis), dans le cadre des quarts de finale de l&rsquo;\u00e9preuve. Ben Romdhane a ouvert le score pour l&rsquo;Esp\u00e9rance peu apr\u00e8s la reprise (49&prime;), avant que la JSK n&rsquo;\u00e9galise \u00e0 la 85e minute, par l&rsquo;interm\u00e9diaire d&rsquo;Adem Redjem. Au match aller, les \u00ab\u00a0Canaris\u00a0\u00bb se sont inclin\u00e9s vendredi dernier au stade du 5 juillet (0-1). L&rsquo;unique but de la partie a \u00e9t\u00e9 l&rsquo;\u0153uvre de Mohamed Ali Ben Hamouda, qui avait profit\u00e9 d&rsquo;un flottement au sein de la d\u00e9fense des Canaris pour trouver le chemin des filets (54e).<\/p>\n\n\n\n<p><strong>Chokri Hafed<\/strong><\/p>\n","protected":false},"excerpt":{"rendered":"<p>Menac\u00e9s de rel\u00e9gation et apr\u00e8s une contre-performance en Ligue des champions de la CAF, les Canaris font appel \u00e0 un<\/p>\n","protected":false},"author":3,"featured_media":40301,"comment_status":"open","ping_status":"closed","sticky":false,"template":"","format":"standard","meta":{"colormag_page_container_layout":"default_layout","colormag_page_sidebar_layout":"default_layout","om_disable_all_campaigns":false,"_monsterinsights_skip_tracking":false,"_monsterinsights_sitenote_active":false,"_monsterinsights_sitenote_note":"","_monsterinsights_sitenote_category":0,"footnotes":"","_wpscppro_dont_share_socialmedia":false,"_wpscppro_custom_social_share_image":0,"_facebook_share_type":"","_twitter_share_type":"","_linkedin_share_type":"","_pinterest_share_type":"","_linkedin_share_type_page":"","_instagram_share_type":"","_medium_share_type":"","_threads_share_type":"","_google_business_share_type":"","_selected_social_profile":[],"_wpsp_enable_custom_social_template":false,"_wpsp_social_scheduling":{"enabled":false,"datetime":null,"platforms":[],"status":"template_only","dateOption":"today","timeOption":"now","customDays":"","customHours":"","customDate":"","customTime":"","schedulingType":"absolute"},"_wpsp_active_default_template":true},"categories":[33],"tags":[],"class_list":["post-40299","post","type-post","status-publish","format-standard","has-post-thumbnail","hentry","category-sports"],"aioseo_notices":[],"yoast_head":"<!-- This site is optimized with the Yoast SEO plugin v27.5 - https:\/\/yoast.com\/product\/yoast-seo-wordpress\/ -->\n<title>JSK\u00a0: Youcef Bouzidi en pompier - La Sentinelle<\/title>\n<meta name=\"robots\" content=\"index, follow, max-snippet:-1, max-image-preview:large, max-video-preview:-1\" \/>\n<link rel=\"canonical\" href=\"https:\/\/lasentinelle.dz\/index.php\/2023\/05\/01\/jsk-youcef-bouzidi-en-pompier\/\" \/>\n<meta property=\"og:locale\" content=\"fr_FR\" \/>\n<meta property=\"og:type\" content=\"article\" \/>\n<meta property=\"og:title\" content=\"JSK\u00a0: Youcef Bouzidi en pompier - La Sentinelle\" \/>\n<meta property=\"og:description\" content=\"Menac\u00e9s de rel\u00e9gation et apr\u00e8s une contre-performance en Ligue des champions de la CAF, les Canaris font appel \u00e0 un\" \/>\n<meta property=\"og:url\" content=\"https:\/\/lasentinelle.dz\/index.php\/2023\/05\/01\/jsk-youcef-bouzidi-en-pompier\/\" \/>\n<meta property=\"og:site_name\" content=\"La Sentinelle\" \/>\n<meta property=\"article:publisher\" content=\"https:\/\/www.facebook.com\/La-Sentinelle-104059864394773\" \/>\n<meta property=\"article:published_time\" content=\"2023-05-01T21:00:00+00:00\" \/>\n<meta property=\"og:image\" content=\"https:\/\/lasentinelle.dz\/wp-content\/uploads\/2023\/05\/Bouzidi.jpeg\" \/>\n\t<meta property=\"og:image:width\" content=\"750\" \/>\n\t<meta property=\"og:image:height\" content=\"410\" \/>\n\t<meta property=\"og:image:type\" content=\"image\/jpeg\" \/>\n<meta name=\"author\" content=\"La Sentinelle\" \/>\n<meta name=\"twitter:card\" content=\"summary_large_image\" \/>\n<meta name=\"twitter:label1\" content=\"\u00c9crit par\" \/>\n\t<meta name=\"twitter:data1\" content=\"La Sentinelle\" \/>\n\t<meta name=\"twitter:label2\" content=\"Dur\u00e9e de lecture estim\u00e9e\" \/>\n\t<meta name=\"twitter:data2\" content=\"3 minutes\" \/>\n<script type=\"application\/ld+json\" class=\"yoast-schema-graph\">{\"@context\":\"https:\\\/\\\/schema.org\",\"@graph\":[{\"@type\":\"Article\",\"@id\":\"https:\\\/\\\/lasentinelle.dz\\\/index.php\\\/2023\\\/05\\\/01\\\/jsk-youcef-bouzidi-en-pompier\\\/#article\",\"isPartOf\":{\"@id\":\"https:\\\/\\\/lasentinelle.dz\\\/index.php\\\/2023\\\/05\\\/01\\\/jsk-youcef-bouzidi-en-pompier\\\/\"},\"author\":{\"name\":\"La Sentinelle\",\"@id\":\"https:\\\/\\\/lasentinelle.dz\\\/#\\\/schema\\\/person\\\/d865044e22e70a75174ce8bcad3acfb3\"},\"headline\":\"JSK\u00a0: Youcef Bouzidi en pompier\",\"datePublished\":\"2023-05-01T21:00:00+00:00\",\"mainEntityOfPage\":{\"@id\":\"https:\\\/\\\/lasentinelle.dz\\\/index.php\\\/2023\\\/05\\\/01\\\/jsk-youcef-bouzidi-en-pompier\\\/\"},\"wordCount\":463,\"commentCount\":0,\"publisher\":{\"@id\":\"https:\\\/\\\/lasentinelle.dz\\\/#organization\"},\"image\":{\"@id\":\"https:\\\/\\\/lasentinelle.dz\\\/index.php\\\/2023\\\/05\\\/01\\\/jsk-youcef-bouzidi-en-pompier\\\/#primaryimage\"},\"thumbnailUrl\":\"https:\\\/\\\/lasentinelle.dz\\\/wp-content\\\/uploads\\\/2023\\\/05\\\/Bouzidi.jpeg\",\"articleSection\":[\"Sports\"],\"inLanguage\":\"fr-FR\",\"potentialAction\":[{\"@type\":\"CommentAction\",\"name\":\"Comment\",\"target\":[\"https:\\\/\\\/lasentinelle.dz\\\/index.php\\\/2023\\\/05\\\/01\\\/jsk-youcef-bouzidi-en-pompier\\\/#respond\"]}]},{\"@type\":\"WebPage\",\"@id\":\"https:\\\/\\\/lasentinelle.dz\\\/index.php\\\/2023\\\/05\\\/01\\\/jsk-youcef-bouzidi-en-pompier\\\/\",\"url\":\"https:\\\/\\\/lasentinelle.dz\\\/index.php\\\/2023\\\/05\\\/01\\\/jsk-youcef-bouzidi-en-pompier\\\/\",\"name\":\"JSK\u00a0: Youcef Bouzidi en pompier - La Sentinelle\",\"isPartOf\":{\"@id\":\"https:\\\/\\\/lasentinelle.dz\\\/#website\"},\"primaryImageOfPage\":{\"@id\":\"https:\\\/\\\/lasentinelle.dz\\\/index.php\\\/2023\\\/05\\\/01\\\/jsk-youcef-bouzidi-en-pompier\\\/#primaryimage\"},\"image\":{\"@id\":\"https:\\\/\\\/lasentinelle.dz\\\/index.php\\\/2023\\\/05\\\/01\\\/jsk-youcef-bouzidi-en-pompier\\\/#primaryimage\"},\"thumbnailUrl\":\"https:\\\/\\\/lasentinelle.dz\\\/wp-content\\\/uploads\\\/2023\\\/05\\\/Bouzidi.jpeg\",\"datePublished\":\"2023-05-01T21:00:00+00:00\",\"breadcrumb\":{\"@id\":\"https:\\\/\\\/lasentinelle.dz\\\/index.php\\\/2023\\\/05\\\/01\\\/jsk-youcef-bouzidi-en-pompier\\\/#breadcrumb\"},\"inLanguage\":\"fr-FR\",\"potentialAction\":[{\"@type\":\"ReadAction\",\"target\":[\"https:\\\/\\\/lasentinelle.dz\\\/index.php\\\/2023\\\/05\\\/01\\\/jsk-youcef-bouzidi-en-pompier\\\/\"]}]},{\"@type\":\"ImageObject\",\"inLanguage\":\"fr-FR\",\"@id\":\"https:\\\/\\\/lasentinelle.dz\\\/index.php\\\/2023\\\/05\\\/01\\\/jsk-youcef-bouzidi-en-pompier\\\/#primaryimage\",\"url\":\"https:\\\/\\\/lasentinelle.dz\\\/wp-content\\\/uploads\\\/2023\\\/05\\\/Bouzidi.jpeg\",\"contentUrl\":\"https:\\\/\\\/lasentinelle.dz\\\/wp-content\\\/uploads\\\/2023\\\/05\\\/Bouzidi.jpeg\",\"width\":750,\"height\":410},{\"@type\":\"BreadcrumbList\",\"@id\":\"https:\\\/\\\/lasentinelle.dz\\\/index.php\\\/2023\\\/05\\\/01\\\/jsk-youcef-bouzidi-en-pompier\\\/#breadcrumb\",\"itemListElement\":[{\"@type\":\"ListItem\",\"position\":1,\"name\":\"Accueil\",\"item\":\"https:\\\/\\\/lasentinelle.dz\\\/\"},{\"@type\":\"ListItem\",\"position\":2,\"name\":\"JSK\u00a0: Youcef Bouzidi en pompier\"}]},{\"@type\":\"WebSite\",\"@id\":\"https:\\\/\\\/lasentinelle.dz\\\/#website\",\"url\":\"https:\\\/\\\/lasentinelle.dz\\\/\",\"name\":\"La Sentinelle\",\"description\":\"Quotidien national d&#039;information\",\"publisher\":{\"@id\":\"https:\\\/\\\/lasentinelle.dz\\\/#organization\"},\"potentialAction\":[{\"@type\":\"SearchAction\",\"target\":{\"@type\":\"EntryPoint\",\"urlTemplate\":\"https:\\\/\\\/lasentinelle.dz\\\/?s={search_term_string}\"},\"query-input\":{\"@type\":\"PropertyValueSpecification\",\"valueRequired\":true,\"valueName\":\"search_term_string\"}}],\"inLanguage\":\"fr-FR\"},{\"@type\":\"Organization\",\"@id\":\"https:\\\/\\\/lasentinelle.dz\\\/#organization\",\"name\":\"Quotidien La Sentinelle\",\"url\":\"https:\\\/\\\/lasentinelle.dz\\\/\",\"logo\":{\"@type\":\"ImageObject\",\"inLanguage\":\"fr-FR\",\"@id\":\"https:\\\/\\\/lasentinelle.dz\\\/#\\\/schema\\\/logo\\\/image\\\/\",\"url\":\"https:\\\/\\\/lasentinelle.dz\\\/wp-content\\\/uploads\\\/2021\\\/09\\\/logo-sentinelleSLOGAN-1.png\",\"contentUrl\":\"https:\\\/\\\/lasentinelle.dz\\\/wp-content\\\/uploads\\\/2021\\\/09\\\/logo-sentinelleSLOGAN-1.png\",\"width\":615,\"height\":142,\"caption\":\"Quotidien La Sentinelle\"},\"image\":{\"@id\":\"https:\\\/\\\/lasentinelle.dz\\\/#\\\/schema\\\/logo\\\/image\\\/\"},\"sameAs\":[\"https:\\\/\\\/www.facebook.com\\\/La-Sentinelle-104059864394773\"]},{\"@type\":\"Person\",\"@id\":\"https:\\\/\\\/lasentinelle.dz\\\/#\\\/schema\\\/person\\\/d865044e22e70a75174ce8bcad3acfb3\",\"name\":\"La Sentinelle\",\"image\":{\"@type\":\"ImageObject\",\"inLanguage\":\"fr-FR\",\"@id\":\"https:\\\/\\\/secure.gravatar.com\\\/avatar\\\/57de8e5d4b15d43fb361a71fbb36338450fe67865b528a43dd10ef7c51a20392?s=96&d=mm&r=g\",\"url\":\"https:\\\/\\\/secure.gravatar.com\\\/avatar\\\/57de8e5d4b15d43fb361a71fbb36338450fe67865b528a43dd10ef7c51a20392?s=96&d=mm&r=g\",\"contentUrl\":\"https:\\\/\\\/secure.gravatar.com\\\/avatar\\\/57de8e5d4b15d43fb361a71fbb36338450fe67865b528a43dd10ef7c51a20392?s=96&d=mm&r=g\",\"caption\":\"La Sentinelle\"},\"sameAs\":[\"http:\\\/\\\/www.lasentinelle.dz\"],\"url\":\"https:\\\/\\\/lasentinelle.dz\\\/author\\\/redaction\\\/\"}]}<\/script>\n<!-- \/ Yoast SEO plugin. -->","yoast_head_json":{"title":"JSK\u00a0: Youcef Bouzidi en pompier - La Sentinelle","robots":{"index":"index","follow":"follow","max-snippet":"max-snippet:-1","max-image-preview":"max-image-preview:large","max-video-preview":"max-video-preview:-1"},"canonical":"https:\/\/lasentinelle.dz\/index.php\/2023\/05\/01\/jsk-youcef-bouzidi-en-pompier\/","og_locale":"fr_FR","og_type":"article","og_title":"JSK\u00a0: Youcef Bouzidi en pompier - La Sentinelle","og_description":"Menac\u00e9s de rel\u00e9gation et apr\u00e8s une contre-performance en Ligue des champions de la CAF, les Canaris font appel \u00e0 un","og_url":"https:\/\/lasentinelle.dz\/index.php\/2023\/05\/01\/jsk-youcef-bouzidi-en-pompier\/","og_site_name":"La Sentinelle","article_publisher":"https:\/\/www.facebook.com\/La-Sentinelle-104059864394773","article_published_time":"2023-05-01T21:00:00+00:00","og_image":[{"width":750,"height":410,"url":"https:\/\/lasentinelle.dz\/wp-content\/uploads\/2023\/05\/Bouzidi.jpeg","type":"image\/jpeg"}],"author":"La Sentinelle","twitter_card":"summary_large_image","twitter_misc":{"\u00c9crit par":"La Sentinelle","Dur\u00e9e de lecture estim\u00e9e":"3 minutes"},"schema":{"@context":"https:\/\/schema.org","@graph":[{"@type":"Article","@id":"https:\/\/lasentinelle.dz\/index.php\/2023\/05\/01\/jsk-youcef-bouzidi-en-pompier\/#article","isPartOf":{"@id":"https:\/\/lasentinelle.dz\/index.php\/2023\/05\/01\/jsk-youcef-bouzidi-en-pompier\/"},"author":{"name":"La Sentinelle","@id":"https:\/\/lasentinelle.dz\/#\/schema\/person\/d865044e22e70a75174ce8bcad3acfb3"},"headline":"JSK\u00a0: Youcef Bouzidi en pompier","datePublished":"2023-05-01T21:00:00+00:00","mainEntityOfPage":{"@id":"https:\/\/lasentinelle.dz\/index.php\/2023\/05\/01\/jsk-youcef-bouzidi-en-pompier\/"},"wordCount":463,"commentCount":0,"publisher":{"@id":"https:\/\/lasentinelle.dz\/#organization"},"image":{"@id":"https:\/\/lasentinelle.dz\/index.php\/2023\/05\/01\/jsk-youcef-bouzidi-en-pompier\/#primaryimage"},"thumbnailUrl":"https:\/\/lasentinelle.dz\/wp-content\/uploads\/2023\/05\/Bouzidi.jpeg","articleSection":["Sports"],"inLanguage":"fr-FR","potentialAction":[{"@type":"CommentAction","name":"Comment","target":["https:\/\/lasentinelle.dz\/index.php\/2023\/05\/01\/jsk-youcef-bouzidi-en-pompier\/#respond"]}]},{"@type":"WebPage","@id":"https:\/\/lasentinelle.dz\/index.php\/2023\/05\/01\/jsk-youcef-bouzidi-en-pompier\/","url":"https:\/\/lasentinelle.dz\/index.php\/2023\/05\/01\/jsk-youcef-bouzidi-en-pompier\/","name":"JSK\u00a0: Youcef Bouzidi en pompier - La Sentinelle","isPartOf":{"@id":"https:\/\/lasentinelle.dz\/#website"},"primaryImageOfPage":{"@id":"https:\/\/lasentinelle.dz\/index.php\/2023\/05\/01\/jsk-youcef-bouzidi-en-pompier\/#primaryimage"},"image":{"@id":"https:\/\/lasentinelle.dz\/index.php\/2023\/05\/01\/jsk-youcef-bouzidi-en-pompier\/#primaryimage"},"thumbnailUrl":"https:\/\/lasentinelle.dz\/wp-content\/uploads\/2023\/05\/Bouzidi.jpeg","datePublished":"2023-05-01T21:00:00+00:00","breadcrumb":{"@id":"https:\/\/lasentinelle.dz\/index.php\/2023\/05\/01\/jsk-youcef-bouzidi-en-pompier\/#breadcrumb"},"inLanguage":"fr-FR","potentialAction":[{"@type":"ReadAction","target":["https:\/\/lasentinelle.dz\/index.php\/2023\/05\/01\/jsk-youcef-bouzidi-en-pompier\/"]}]},{"@type":"ImageObject","inLanguage":"fr-FR","@id":"https:\/\/lasentinelle.dz\/index.php\/2023\/05\/01\/jsk-youcef-bouzidi-en-pompier\/#primaryimage","url":"https:\/\/lasentinelle.dz\/wp-content\/uploads\/2023\/05\/Bouzidi.jpeg","contentUrl":"https:\/\/lasentinelle.dz\/wp-content\/uploads\/2023\/05\/Bouzidi.jpeg","width":750,"height":410},{"@type":"BreadcrumbList","@id":"https:\/\/lasentinelle.dz\/index.php\/2023\/05\/01\/jsk-youcef-bouzidi-en-pompier\/#breadcrumb","itemListElement":[{"@type":"ListItem","position":1,"name":"Accueil","item":"https:\/\/lasentinelle.dz\/"},{"@type":"ListItem","position":2,"name":"JSK\u00a0: Youcef Bouzidi en pompier"}]},{"@type":"WebSite","@id":"https:\/\/lasentinelle.dz\/#website","url":"https:\/\/lasentinelle.dz\/","name":"La Sentinelle","description":"Quotidien national d&#039;information","publisher":{"@id":"https:\/\/lasentinelle.dz\/#organization"},"potentialAction":[{"@type":"SearchAction","target":{"@type":"EntryPoint","urlTemplate":"https:\/\/lasentinelle.dz\/?s={search_term_string}"},"query-input":{"@type":"PropertyValueSpecification","valueRequired":true,"valueName":"search_term_string"}}],"inLanguage":"fr-FR"},{"@type":"Organization","@id":"https:\/\/lasentinelle.dz\/#organization","name":"Quotidien La Sentinelle","url":"https:\/\/lasentinelle.dz\/","logo":{"@type":"ImageObject","inLanguage":"fr-FR","@id":"https:\/\/lasentinelle.dz\/#\/schema\/logo\/image\/","url":"https:\/\/lasentinelle.dz\/wp-content\/uploads\/2021\/09\/logo-sentinelleSLOGAN-1.png","contentUrl":"https:\/\/lasentinelle.dz\/wp-content\/uploads\/2021\/09\/logo-sentinelleSLOGAN-1.png","width":615,"height":142,"caption":"Quotidien La Sentinelle"},"image":{"@id":"https:\/\/lasentinelle.dz\/#\/schema\/logo\/image\/"},"sameAs":["https:\/\/www.facebook.com\/La-Sentinelle-104059864394773"]},{"@type":"Person","@id":"https:\/\/lasentinelle.dz\/#\/schema\/person\/d865044e22e70a75174ce8bcad3acfb3","name":"La Sentinelle","image":{"@type":"ImageObject","inLanguage":"fr-FR","@id":"https:\/\/secure.gravatar.com\/avatar\/57de8e5d4b15d43fb361a71fbb36338450fe67865b528a43dd10ef7c51a20392?s=96&d=mm&r=g","url":"https:\/\/secure.gravatar.com\/avatar\/57de8e5d4b15d43fb361a71fbb36338450fe67865b528a43dd10ef7c51a20392?s=96&d=mm&r=g","contentUrl":"https:\/\/secure.gravatar.com\/avatar\/57de8e5d4b15d43fb361a71fbb36338450fe67865b528a43dd10ef7c51a20392?s=96&d=mm&r=g","caption":"La Sentinelle"},"sameAs":["http:\/\/www.lasentinelle.dz"],"url":"https:\/\/lasentinelle.dz\/author\/redaction\/"}]}},"_links":{"self":[{"href":"https:\/\/lasentinelle.dz\/index.php\/wp-json\/wp\/v2\/posts\/40299","targetHints":{"allow":["GET"]}}],"collection":[{"href":"https:\/\/lasentinelle.dz\/index.php\/wp-json\/wp\/v2\/posts"}],"about":[{"href":"https:\/\/lasentinelle.dz\/index.php\/wp-json\/wp\/v2\/types\/post"}],"author":[{"embeddable":true,"href":"https:\/\/lasentinelle.dz\/index.php\/wp-json\/wp\/v2\/users\/3"}],"replies":[{"embeddable":true,"href":"https:\/\/lasentinelle.dz\/index.php\/wp-json\/wp\/v2\/comments?post=40299"}],"version-history":[{"count":1,"href":"https:\/\/lasentinelle.dz\/index.php\/wp-json\/wp\/v2\/posts\/40299\/revisions"}],"predecessor-version":[{"id":40302,"href":"https:\/\/lasentinelle.dz\/index.php\/wp-json\/wp\/v2\/posts\/40299\/revisions\/40302"}],"wp:featuredmedia":[{"embeddable":true,"href":"https:\/\/lasentinelle.dz\/index.php\/wp-json\/wp\/v2\/media\/40301"}],"wp:attachment":[{"href":"https:\/\/lasentinelle.dz\/index.php\/wp-json\/wp\/v2\/media?parent=40299"}],"wp:term":[{"taxonomy":"category","embeddable":true,"href":"https:\/\/lasentinelle.dz\/index.php\/wp-json\/wp\/v2\/categories?post=40299"},{"taxonomy":"post_tag","embeddable":true,"href":"https:\/\/lasentinelle.dz\/index.php\/wp-json\/wp\/v2\/tags?post=40299"}],"curies":[{"name":"wp","href":"https:\/\/api.w.org\/{rel}","templated":true}]}}