{"id":40306,"date":"2023-05-01T22:00:00","date_gmt":"2023-05-01T21:00:00","guid":{"rendered":"https:\/\/lasentinelle.dz\/?p=40306"},"modified":"2023-05-01T17:30:18","modified_gmt":"2023-05-01T16:30:18","slug":"can-u17-grb-1ere-j-victoire-du-nigeria-devant-la-zambie-1-0","status":"publish","type":"post","link":"https:\/\/lasentinelle.dz\/index.php\/2023\/05\/01\/can-u17-grb-1ere-j-victoire-du-nigeria-devant-la-zambie-1-0\/","title":{"rendered":"CAN U17 (Gr:B-1ere J)\u00a0: Victoire du Nig\u00e9ria devant la Zambie (1-0)"},"content":{"rendered":"\n<p>La s\u00e9lection nig\u00e9riane de football des moins de 17 ans s&rsquo;est impos\u00e9e dimanche devant son homologue zambienne sur le score 1-0 (mi-temps: 0-0), au stade Chahid Hamlaoui de Constantine, pour le compte de la premi\u00e8re journ\u00e9e (Groupe B) de la 14\u00e8me \u00e9dition de la Coupe d&rsquo;Afrique des nations CAN-2023 de la cat\u00e9gorie, organis\u00e9 par l&rsquo;Alg\u00e9rie (29 avril-19 mai). L&rsquo;unique but de la partie a \u00e9t\u00e9 inscrit par Favour Oluwasegun Daniel (76e). Le deuxi\u00e8me match du groupe opposera l&rsquo;Afrique du Sud au Maroc (20h00) au stade Chahid Hamlaoui de Constantine. Les deux premiers de chacun des trois groupes, ainsi que les deux meilleurs troisi\u00e8mes, se qualifient pour les quarts de finale.<\/p>\n\n\n\n<p><strong>D\u00e9clarations \u00e0 l\u2019issue du match Nig\u00e9ria-Zambie (1-0)<\/strong><\/p>\n\n\n\n<p>&#8211; Nduka Antony Ogbayd (entraineur du Nig\u00e9ria): \u00ab\u00a0avant cette rencontre, j\u2019ai d\u00e9clar\u00e9 aux m\u00e9dias que tous les matchs de ce championnat seront difficiles vu que toutes les s\u00e9lections qualifi\u00e9es ont d\u00e9velopp\u00e9 derni\u00e8rement leur jeu, le match d\u2019aujourd\u2019hui en est l\u2019illustration. Le matche face \u00e0 la Zambie, nous a permis de poser le doigt sur plusieurs de nos points n\u00e9gatifs dont le manque d\u2019efficacit\u00e9 et le passage de la d\u00e9fensive \u00e0 l\u2019offensive, aussi nous \u0153uvrerons \u00e0 corriger cela dans les s\u00e9ances d\u2019entrainements et \u00e0 mieux faire lors de la prochaine rencontre\u00a0\u00bb.<\/p>\n\n\n\n<p>&#8211; Yahia Lawali (joueur nig\u00e9rian, homme du match): \u00ab\u00a0ce prix repr\u00e9sente beaucoup pour moi car il exprime les efforts de toute l\u2019\u00e9quipe et du staff technique \u00e0 sa t\u00eate l\u2019entraineur\u00a0\u00bb.<\/p>\n\n\n\n<p>&#8211; Baklayene (entraineur zambien): \u00ab\u00a0nous devons conserver notre concentration et ne pas \u00eatre affect\u00e9s par cette d\u00e9faite pour demeurer dans la comp\u00e9tition. Cette rencontre nous a \u00e9t\u00e9 b\u00e9n\u00e9fique et nous servira de le\u00e7on pour le reste du championnat pour ne pas r\u00e9p\u00e9ter les m\u00eames erreurs (&#8230;) beaucoup de chose changeront dans notre mani\u00e8re de jouer et nous allons montrer un autre visage dans les prochains matchs, nous ne seront pas des rivaux faciles car nous poss\u00e9dons d\u2019\u00e9normes potentialit\u00e9s\u00a0\u00bb.<\/p>\n\n\n\n<p>APS<\/p>\n","protected":false},"excerpt":{"rendered":"<p>La s\u00e9lection nig\u00e9riane de football des moins de 17 ans s&rsquo;est impos\u00e9e dimanche devant son homologue zambienne sur le score<\/p>\n","protected":false},"author":3,"featured_media":40310,"comment_status":"open","ping_status":"closed","sticky":false,"template":"","format":"standard","meta":{"colormag_page_container_layout":"default_layout","colormag_page_sidebar_layout":"default_layout","om_disable_all_campaigns":false,"_monsterinsights_skip_tracking":false,"_monsterinsights_sitenote_active":false,"_monsterinsights_sitenote_note":"","_monsterinsights_sitenote_category":0,"footnotes":"","_wpscppro_dont_share_socialmedia":false,"_wpscppro_custom_social_share_image":0,"_facebook_share_type":"","_twitter_share_type":"","_linkedin_share_type":"","_pinterest_share_type":"","_linkedin_share_type_page":"","_instagram_share_type":"","_medium_share_type":"","_threads_share_type":"","_google_business_share_type":"","_selected_social_profile":[],"_wpsp_enable_custom_social_template":false,"_wpsp_social_scheduling":{"enabled":false,"datetime":null,"platforms":[],"status":"template_only","dateOption":"today","timeOption":"now","customDays":"","customHours":"","customDate":"","customTime":"","schedulingType":"absolute"},"_wpsp_active_default_template":true},"categories":[33],"tags":[],"class_list":["post-40306","post","type-post","status-publish","format-standard","has-post-thumbnail","hentry","category-sports"],"aioseo_notices":[],"yoast_head":"<!-- This site is optimized with the Yoast SEO plugin v27.5 - https:\/\/yoast.com\/product\/yoast-seo-wordpress\/ -->\n<title>CAN U17 (Gr:B-1ere J)\u00a0: Victoire du Nig\u00e9ria devant la Zambie (1-0) - La Sentinelle<\/title>\n<meta name=\"robots\" content=\"index, follow, max-snippet:-1, max-image-preview:large, max-video-preview:-1\" \/>\n<link rel=\"canonical\" href=\"https:\/\/lasentinelle.dz\/index.php\/2023\/05\/01\/can-u17-grb-1ere-j-victoire-du-nigeria-devant-la-zambie-1-0\/\" \/>\n<meta property=\"og:locale\" content=\"fr_FR\" \/>\n<meta property=\"og:type\" content=\"article\" \/>\n<meta property=\"og:title\" content=\"CAN U17 (Gr:B-1ere J)\u00a0: Victoire du Nig\u00e9ria devant la Zambie (1-0) - La Sentinelle\" \/>\n<meta property=\"og:description\" content=\"La s\u00e9lection nig\u00e9riane de football des moins de 17 ans s&rsquo;est impos\u00e9e dimanche devant son homologue zambienne sur le score\" \/>\n<meta property=\"og:url\" content=\"https:\/\/lasentinelle.dz\/index.php\/2023\/05\/01\/can-u17-grb-1ere-j-victoire-du-nigeria-devant-la-zambie-1-0\/\" \/>\n<meta property=\"og:site_name\" content=\"La Sentinelle\" \/>\n<meta property=\"article:publisher\" content=\"https:\/\/www.facebook.com\/La-Sentinelle-104059864394773\" \/>\n<meta property=\"article:published_time\" content=\"2023-05-01T21:00:00+00:00\" \/>\n<meta property=\"og:image\" content=\"https:\/\/lasentinelle.dz\/wp-content\/uploads\/2023\/05\/image_2023-05-01_172856195-1024x683.png\" \/>\n\t<meta property=\"og:image:width\" content=\"1024\" \/>\n\t<meta property=\"og:image:height\" content=\"683\" \/>\n\t<meta property=\"og:image:type\" content=\"image\/png\" \/>\n<meta name=\"author\" content=\"La Sentinelle\" \/>\n<meta name=\"twitter:card\" content=\"summary_large_image\" \/>\n<meta name=\"twitter:label1\" content=\"\u00c9crit par\" \/>\n\t<meta name=\"twitter:data1\" content=\"La Sentinelle\" \/>\n\t<meta name=\"twitter:label2\" content=\"Dur\u00e9e de lecture estim\u00e9e\" \/>\n\t<meta name=\"twitter:data2\" content=\"2 minutes\" \/>\n<script type=\"application\/ld+json\" class=\"yoast-schema-graph\">{\"@context\":\"https:\\\/\\\/schema.org\",\"@graph\":[{\"@type\":\"Article\",\"@id\":\"https:\\\/\\\/lasentinelle.dz\\\/index.php\\\/2023\\\/05\\\/01\\\/can-u17-grb-1ere-j-victoire-du-nigeria-devant-la-zambie-1-0\\\/#article\",\"isPartOf\":{\"@id\":\"https:\\\/\\\/lasentinelle.dz\\\/index.php\\\/2023\\\/05\\\/01\\\/can-u17-grb-1ere-j-victoire-du-nigeria-devant-la-zambie-1-0\\\/\"},\"author\":{\"name\":\"La Sentinelle\",\"@id\":\"https:\\\/\\\/lasentinelle.dz\\\/#\\\/schema\\\/person\\\/d865044e22e70a75174ce8bcad3acfb3\"},\"headline\":\"CAN U17 (Gr:B-1ere J)\u00a0: Victoire du Nig\u00e9ria devant la Zambie (1-0)\",\"datePublished\":\"2023-05-01T21:00:00+00:00\",\"mainEntityOfPage\":{\"@id\":\"https:\\\/\\\/lasentinelle.dz\\\/index.php\\\/2023\\\/05\\\/01\\\/can-u17-grb-1ere-j-victoire-du-nigeria-devant-la-zambie-1-0\\\/\"},\"wordCount\":373,\"commentCount\":0,\"publisher\":{\"@id\":\"https:\\\/\\\/lasentinelle.dz\\\/#organization\"},\"image\":{\"@id\":\"https:\\\/\\\/lasentinelle.dz\\\/index.php\\\/2023\\\/05\\\/01\\\/can-u17-grb-1ere-j-victoire-du-nigeria-devant-la-zambie-1-0\\\/#primaryimage\"},\"thumbnailUrl\":\"https:\\\/\\\/lasentinelle.dz\\\/wp-content\\\/uploads\\\/2023\\\/05\\\/image_2023-05-01_172856195.png\",\"articleSection\":[\"Sports\"],\"inLanguage\":\"fr-FR\",\"potentialAction\":[{\"@type\":\"CommentAction\",\"name\":\"Comment\",\"target\":[\"https:\\\/\\\/lasentinelle.dz\\\/index.php\\\/2023\\\/05\\\/01\\\/can-u17-grb-1ere-j-victoire-du-nigeria-devant-la-zambie-1-0\\\/#respond\"]}]},{\"@type\":\"WebPage\",\"@id\":\"https:\\\/\\\/lasentinelle.dz\\\/index.php\\\/2023\\\/05\\\/01\\\/can-u17-grb-1ere-j-victoire-du-nigeria-devant-la-zambie-1-0\\\/\",\"url\":\"https:\\\/\\\/lasentinelle.dz\\\/index.php\\\/2023\\\/05\\\/01\\\/can-u17-grb-1ere-j-victoire-du-nigeria-devant-la-zambie-1-0\\\/\",\"name\":\"CAN U17 (Gr:B-1ere J)\u00a0: Victoire du Nig\u00e9ria devant la Zambie (1-0) - La Sentinelle\",\"isPartOf\":{\"@id\":\"https:\\\/\\\/lasentinelle.dz\\\/#website\"},\"primaryImageOfPage\":{\"@id\":\"https:\\\/\\\/lasentinelle.dz\\\/index.php\\\/2023\\\/05\\\/01\\\/can-u17-grb-1ere-j-victoire-du-nigeria-devant-la-zambie-1-0\\\/#primaryimage\"},\"image\":{\"@id\":\"https:\\\/\\\/lasentinelle.dz\\\/index.php\\\/2023\\\/05\\\/01\\\/can-u17-grb-1ere-j-victoire-du-nigeria-devant-la-zambie-1-0\\\/#primaryimage\"},\"thumbnailUrl\":\"https:\\\/\\\/lasentinelle.dz\\\/wp-content\\\/uploads\\\/2023\\\/05\\\/image_2023-05-01_172856195.png\",\"datePublished\":\"2023-05-01T21:00:00+00:00\",\"breadcrumb\":{\"@id\":\"https:\\\/\\\/lasentinelle.dz\\\/index.php\\\/2023\\\/05\\\/01\\\/can-u17-grb-1ere-j-victoire-du-nigeria-devant-la-zambie-1-0\\\/#breadcrumb\"},\"inLanguage\":\"fr-FR\",\"potentialAction\":[{\"@type\":\"ReadAction\",\"target\":[\"https:\\\/\\\/lasentinelle.dz\\\/index.php\\\/2023\\\/05\\\/01\\\/can-u17-grb-1ere-j-victoire-du-nigeria-devant-la-zambie-1-0\\\/\"]}]},{\"@type\":\"ImageObject\",\"inLanguage\":\"fr-FR\",\"@id\":\"https:\\\/\\\/lasentinelle.dz\\\/index.php\\\/2023\\\/05\\\/01\\\/can-u17-grb-1ere-j-victoire-du-nigeria-devant-la-zambie-1-0\\\/#primaryimage\",\"url\":\"https:\\\/\\\/lasentinelle.dz\\\/wp-content\\\/uploads\\\/2023\\\/05\\\/image_2023-05-01_172856195.png\",\"contentUrl\":\"https:\\\/\\\/lasentinelle.dz\\\/wp-content\\\/uploads\\\/2023\\\/05\\\/image_2023-05-01_172856195.png\",\"width\":2560,\"height\":1707},{\"@type\":\"BreadcrumbList\",\"@id\":\"https:\\\/\\\/lasentinelle.dz\\\/index.php\\\/2023\\\/05\\\/01\\\/can-u17-grb-1ere-j-victoire-du-nigeria-devant-la-zambie-1-0\\\/#breadcrumb\",\"itemListElement\":[{\"@type\":\"ListItem\",\"position\":1,\"name\":\"Accueil\",\"item\":\"https:\\\/\\\/lasentinelle.dz\\\/\"},{\"@type\":\"ListItem\",\"position\":2,\"name\":\"CAN U17 (Gr:B-1ere J)\u00a0: Victoire du Nig\u00e9ria devant la Zambie (1-0)\"}]},{\"@type\":\"WebSite\",\"@id\":\"https:\\\/\\\/lasentinelle.dz\\\/#website\",\"url\":\"https:\\\/\\\/lasentinelle.dz\\\/\",\"name\":\"La Sentinelle\",\"description\":\"Quotidien national d&#039;information\",\"publisher\":{\"@id\":\"https:\\\/\\\/lasentinelle.dz\\\/#organization\"},\"potentialAction\":[{\"@type\":\"SearchAction\",\"target\":{\"@type\":\"EntryPoint\",\"urlTemplate\":\"https:\\\/\\\/lasentinelle.dz\\\/?s={search_term_string}\"},\"query-input\":{\"@type\":\"PropertyValueSpecification\",\"valueRequired\":true,\"valueName\":\"search_term_string\"}}],\"inLanguage\":\"fr-FR\"},{\"@type\":\"Organization\",\"@id\":\"https:\\\/\\\/lasentinelle.dz\\\/#organization\",\"name\":\"Quotidien La Sentinelle\",\"url\":\"https:\\\/\\\/lasentinelle.dz\\\/\",\"logo\":{\"@type\":\"ImageObject\",\"inLanguage\":\"fr-FR\",\"@id\":\"https:\\\/\\\/lasentinelle.dz\\\/#\\\/schema\\\/logo\\\/image\\\/\",\"url\":\"https:\\\/\\\/lasentinelle.dz\\\/wp-content\\\/uploads\\\/2021\\\/09\\\/logo-sentinelleSLOGAN-1.png\",\"contentUrl\":\"https:\\\/\\\/lasentinelle.dz\\\/wp-content\\\/uploads\\\/2021\\\/09\\\/logo-sentinelleSLOGAN-1.png\",\"width\":615,\"height\":142,\"caption\":\"Quotidien La Sentinelle\"},\"image\":{\"@id\":\"https:\\\/\\\/lasentinelle.dz\\\/#\\\/schema\\\/logo\\\/image\\\/\"},\"sameAs\":[\"https:\\\/\\\/www.facebook.com\\\/La-Sentinelle-104059864394773\"]},{\"@type\":\"Person\",\"@id\":\"https:\\\/\\\/lasentinelle.dz\\\/#\\\/schema\\\/person\\\/d865044e22e70a75174ce8bcad3acfb3\",\"name\":\"La Sentinelle\",\"image\":{\"@type\":\"ImageObject\",\"inLanguage\":\"fr-FR\",\"@id\":\"https:\\\/\\\/secure.gravatar.com\\\/avatar\\\/57de8e5d4b15d43fb361a71fbb36338450fe67865b528a43dd10ef7c51a20392?s=96&d=mm&r=g\",\"url\":\"https:\\\/\\\/secure.gravatar.com\\\/avatar\\\/57de8e5d4b15d43fb361a71fbb36338450fe67865b528a43dd10ef7c51a20392?s=96&d=mm&r=g\",\"contentUrl\":\"https:\\\/\\\/secure.gravatar.com\\\/avatar\\\/57de8e5d4b15d43fb361a71fbb36338450fe67865b528a43dd10ef7c51a20392?s=96&d=mm&r=g\",\"caption\":\"La Sentinelle\"},\"sameAs\":[\"http:\\\/\\\/www.lasentinelle.dz\"],\"url\":\"https:\\\/\\\/lasentinelle.dz\\\/author\\\/redaction\\\/\"}]}<\/script>\n<!-- \/ Yoast SEO plugin. -->","yoast_head_json":{"title":"CAN U17 (Gr:B-1ere J)\u00a0: Victoire du Nig\u00e9ria devant la Zambie (1-0) - La Sentinelle","robots":{"index":"index","follow":"follow","max-snippet":"max-snippet:-1","max-image-preview":"max-image-preview:large","max-video-preview":"max-video-preview:-1"},"canonical":"https:\/\/lasentinelle.dz\/index.php\/2023\/05\/01\/can-u17-grb-1ere-j-victoire-du-nigeria-devant-la-zambie-1-0\/","og_locale":"fr_FR","og_type":"article","og_title":"CAN U17 (Gr:B-1ere J)\u00a0: Victoire du Nig\u00e9ria devant la Zambie (1-0) - La Sentinelle","og_description":"La s\u00e9lection nig\u00e9riane de football des moins de 17 ans s&rsquo;est impos\u00e9e dimanche devant son homologue zambienne sur le score","og_url":"https:\/\/lasentinelle.dz\/index.php\/2023\/05\/01\/can-u17-grb-1ere-j-victoire-du-nigeria-devant-la-zambie-1-0\/","og_site_name":"La Sentinelle","article_publisher":"https:\/\/www.facebook.com\/La-Sentinelle-104059864394773","article_published_time":"2023-05-01T21:00:00+00:00","og_image":[{"width":1024,"height":683,"url":"https:\/\/lasentinelle.dz\/wp-content\/uploads\/2023\/05\/image_2023-05-01_172856195-1024x683.png","type":"image\/png"}],"author":"La Sentinelle","twitter_card":"summary_large_image","twitter_misc":{"\u00c9crit par":"La Sentinelle","Dur\u00e9e de lecture estim\u00e9e":"2 minutes"},"schema":{"@context":"https:\/\/schema.org","@graph":[{"@type":"Article","@id":"https:\/\/lasentinelle.dz\/index.php\/2023\/05\/01\/can-u17-grb-1ere-j-victoire-du-nigeria-devant-la-zambie-1-0\/#article","isPartOf":{"@id":"https:\/\/lasentinelle.dz\/index.php\/2023\/05\/01\/can-u17-grb-1ere-j-victoire-du-nigeria-devant-la-zambie-1-0\/"},"author":{"name":"La Sentinelle","@id":"https:\/\/lasentinelle.dz\/#\/schema\/person\/d865044e22e70a75174ce8bcad3acfb3"},"headline":"CAN U17 (Gr:B-1ere J)\u00a0: Victoire du Nig\u00e9ria devant la Zambie (1-0)","datePublished":"2023-05-01T21:00:00+00:00","mainEntityOfPage":{"@id":"https:\/\/lasentinelle.dz\/index.php\/2023\/05\/01\/can-u17-grb-1ere-j-victoire-du-nigeria-devant-la-zambie-1-0\/"},"wordCount":373,"commentCount":0,"publisher":{"@id":"https:\/\/lasentinelle.dz\/#organization"},"image":{"@id":"https:\/\/lasentinelle.dz\/index.php\/2023\/05\/01\/can-u17-grb-1ere-j-victoire-du-nigeria-devant-la-zambie-1-0\/#primaryimage"},"thumbnailUrl":"https:\/\/lasentinelle.dz\/wp-content\/uploads\/2023\/05\/image_2023-05-01_172856195.png","articleSection":["Sports"],"inLanguage":"fr-FR","potentialAction":[{"@type":"CommentAction","name":"Comment","target":["https:\/\/lasentinelle.dz\/index.php\/2023\/05\/01\/can-u17-grb-1ere-j-victoire-du-nigeria-devant-la-zambie-1-0\/#respond"]}]},{"@type":"WebPage","@id":"https:\/\/lasentinelle.dz\/index.php\/2023\/05\/01\/can-u17-grb-1ere-j-victoire-du-nigeria-devant-la-zambie-1-0\/","url":"https:\/\/lasentinelle.dz\/index.php\/2023\/05\/01\/can-u17-grb-1ere-j-victoire-du-nigeria-devant-la-zambie-1-0\/","name":"CAN U17 (Gr:B-1ere J)\u00a0: Victoire du Nig\u00e9ria devant la Zambie (1-0) - La Sentinelle","isPartOf":{"@id":"https:\/\/lasentinelle.dz\/#website"},"primaryImageOfPage":{"@id":"https:\/\/lasentinelle.dz\/index.php\/2023\/05\/01\/can-u17-grb-1ere-j-victoire-du-nigeria-devant-la-zambie-1-0\/#primaryimage"},"image":{"@id":"https:\/\/lasentinelle.dz\/index.php\/2023\/05\/01\/can-u17-grb-1ere-j-victoire-du-nigeria-devant-la-zambie-1-0\/#primaryimage"},"thumbnailUrl":"https:\/\/lasentinelle.dz\/wp-content\/uploads\/2023\/05\/image_2023-05-01_172856195.png","datePublished":"2023-05-01T21:00:00+00:00","breadcrumb":{"@id":"https:\/\/lasentinelle.dz\/index.php\/2023\/05\/01\/can-u17-grb-1ere-j-victoire-du-nigeria-devant-la-zambie-1-0\/#breadcrumb"},"inLanguage":"fr-FR","potentialAction":[{"@type":"ReadAction","target":["https:\/\/lasentinelle.dz\/index.php\/2023\/05\/01\/can-u17-grb-1ere-j-victoire-du-nigeria-devant-la-zambie-1-0\/"]}]},{"@type":"ImageObject","inLanguage":"fr-FR","@id":"https:\/\/lasentinelle.dz\/index.php\/2023\/05\/01\/can-u17-grb-1ere-j-victoire-du-nigeria-devant-la-zambie-1-0\/#primaryimage","url":"https:\/\/lasentinelle.dz\/wp-content\/uploads\/2023\/05\/image_2023-05-01_172856195.png","contentUrl":"https:\/\/lasentinelle.dz\/wp-content\/uploads\/2023\/05\/image_2023-05-01_172856195.png","width":2560,"height":1707},{"@type":"BreadcrumbList","@id":"https:\/\/lasentinelle.dz\/index.php\/2023\/05\/01\/can-u17-grb-1ere-j-victoire-du-nigeria-devant-la-zambie-1-0\/#breadcrumb","itemListElement":[{"@type":"ListItem","position":1,"name":"Accueil","item":"https:\/\/lasentinelle.dz\/"},{"@type":"ListItem","position":2,"name":"CAN U17 (Gr:B-1ere J)\u00a0: Victoire du Nig\u00e9ria devant la Zambie (1-0)"}]},{"@type":"WebSite","@id":"https:\/\/lasentinelle.dz\/#website","url":"https:\/\/lasentinelle.dz\/","name":"La Sentinelle","description":"Quotidien national d&#039;information","publisher":{"@id":"https:\/\/lasentinelle.dz\/#organization"},"potentialAction":[{"@type":"SearchAction","target":{"@type":"EntryPoint","urlTemplate":"https:\/\/lasentinelle.dz\/?s={search_term_string}"},"query-input":{"@type":"PropertyValueSpecification","valueRequired":true,"valueName":"search_term_string"}}],"inLanguage":"fr-FR"},{"@type":"Organization","@id":"https:\/\/lasentinelle.dz\/#organization","name":"Quotidien La Sentinelle","url":"https:\/\/lasentinelle.dz\/","logo":{"@type":"ImageObject","inLanguage":"fr-FR","@id":"https:\/\/lasentinelle.dz\/#\/schema\/logo\/image\/","url":"https:\/\/lasentinelle.dz\/wp-content\/uploads\/2021\/09\/logo-sentinelleSLOGAN-1.png","contentUrl":"https:\/\/lasentinelle.dz\/wp-content\/uploads\/2021\/09\/logo-sentinelleSLOGAN-1.png","width":615,"height":142,"caption":"Quotidien La Sentinelle"},"image":{"@id":"https:\/\/lasentinelle.dz\/#\/schema\/logo\/image\/"},"sameAs":["https:\/\/www.facebook.com\/La-Sentinelle-104059864394773"]},{"@type":"Person","@id":"https:\/\/lasentinelle.dz\/#\/schema\/person\/d865044e22e70a75174ce8bcad3acfb3","name":"La Sentinelle","image":{"@type":"ImageObject","inLanguage":"fr-FR","@id":"https:\/\/secure.gravatar.com\/avatar\/57de8e5d4b15d43fb361a71fbb36338450fe67865b528a43dd10ef7c51a20392?s=96&d=mm&r=g","url":"https:\/\/secure.gravatar.com\/avatar\/57de8e5d4b15d43fb361a71fbb36338450fe67865b528a43dd10ef7c51a20392?s=96&d=mm&r=g","contentUrl":"https:\/\/secure.gravatar.com\/avatar\/57de8e5d4b15d43fb361a71fbb36338450fe67865b528a43dd10ef7c51a20392?s=96&d=mm&r=g","caption":"La Sentinelle"},"sameAs":["http:\/\/www.lasentinelle.dz"],"url":"https:\/\/lasentinelle.dz\/author\/redaction\/"}]}},"_links":{"self":[{"href":"https:\/\/lasentinelle.dz\/index.php\/wp-json\/wp\/v2\/posts\/40306","targetHints":{"allow":["GET"]}}],"collection":[{"href":"https:\/\/lasentinelle.dz\/index.php\/wp-json\/wp\/v2\/posts"}],"about":[{"href":"https:\/\/lasentinelle.dz\/index.php\/wp-json\/wp\/v2\/types\/post"}],"author":[{"embeddable":true,"href":"https:\/\/lasentinelle.dz\/index.php\/wp-json\/wp\/v2\/users\/3"}],"replies":[{"embeddable":true,"href":"https:\/\/lasentinelle.dz\/index.php\/wp-json\/wp\/v2\/comments?post=40306"}],"version-history":[{"count":1,"href":"https:\/\/lasentinelle.dz\/index.php\/wp-json\/wp\/v2\/posts\/40306\/revisions"}],"predecessor-version":[{"id":40312,"href":"https:\/\/lasentinelle.dz\/index.php\/wp-json\/wp\/v2\/posts\/40306\/revisions\/40312"}],"wp:featuredmedia":[{"embeddable":true,"href":"https:\/\/lasentinelle.dz\/index.php\/wp-json\/wp\/v2\/media\/40310"}],"wp:attachment":[{"href":"https:\/\/lasentinelle.dz\/index.php\/wp-json\/wp\/v2\/media?parent=40306"}],"wp:term":[{"taxonomy":"category","embeddable":true,"href":"https:\/\/lasentinelle.dz\/index.php\/wp-json\/wp\/v2\/categories?post=40306"},{"taxonomy":"post_tag","embeddable":true,"href":"https:\/\/lasentinelle.dz\/index.php\/wp-json\/wp\/v2\/tags?post=40306"}],"curies":[{"name":"wp","href":"https:\/\/api.w.org\/{rel}","templated":true}]}}