{"id":40336,"date":"2023-05-01T22:08:00","date_gmt":"2023-05-01T21:08:00","guid":{"rendered":"https:\/\/lasentinelle.dz\/?p=40336"},"modified":"2023-05-01T20:24:17","modified_gmt":"2023-05-01T19:24:17","slug":"lutte-contre-la-corruption-tebboune-reaffirme-ses-priorites","status":"publish","type":"post","link":"https:\/\/lasentinelle.dz\/index.php\/2023\/05\/01\/lutte-contre-la-corruption-tebboune-reaffirme-ses-priorites\/","title":{"rendered":"Lutte contre la corruption\u00a0: Tebboune r\u00e9affirme ses priorit\u00e9s"},"content":{"rendered":"\n<p>La lutte contre la corruption et notamment la petite corruption est l\u2019une des priorit\u00e9s du pr\u00e9sident de la R\u00e9publique, Abdelmadjid Tebboune. Une priorit\u00e9 qu\u2019il a d\u2019ailleurs tenu \u00e0 r\u00e9affirmer dimanche lors de la r\u00e9union du Conseil des ministres qu\u2019il a pr\u00e9sid\u00e9e. Il a, \u00e0 l\u2019occasion, ordonn\u00e9 au Gouvernement \u00ab&nbsp;de poursuivre la lutte contre toutes formes de corruption et contre les corrupteurs et corrompus, notamment contre ce groupuscule qui marchande les droits administratifs les plus \u00e9l\u00e9mentaires des citoyens, au d\u00e9triment du service public, d&rsquo;o\u00f9 l&rsquo;urgence d&rsquo;en ch\u00e2tier les auteurs impliqu\u00e9s de fa\u00e7on directe ou indirecte&nbsp;\u00bb.<\/p>\n\n\n\n<p>La protection des droits des citoyens a d\u2019ailleurs \u00e9t\u00e9 au c\u0153ur des orientations du Chef de l\u2019\u00c9tat au cours de cette r\u00e9union et notamment lors de l\u2019examen de l\u2019avant-projet de texte relatif \u00e0 la protection et \u00e0 la pr\u00e9servation des terres relevant du domaine de l\u2019\u00c9tat. Il a ainsi insist\u00e9 \u00ab&nbsp;sur la priorit\u00e9 donn\u00e9e \u00e0 la restauration de l&rsquo;autorit\u00e9 de l&rsquo;Etat, en toute transparence, avec la protection des droits citoyens&nbsp;\u00bb. Le pr\u00e9sident Tebboune a aussi soulign\u00e9 la n\u00e9cessit\u00e9 de renforcer la lutte contre les pratiques et les d\u00e9rives dans ce cadre en mettant en avant la responsabilit\u00e9 des collectivit\u00e9s locales. Ainsi, il a enjoint l\u2019Ex\u00e9cutif \u00e0 appliquer des mesures coercitives pour poursuivre et demander des comptes \u00e0 toute personne impliqu\u00e9e ou responsable de l&rsquo;accaparement de terres de l&rsquo;Etat, en leur imposant les peines les plus s\u00e9v\u00e8res. Il s\u2019agit aussi de de promulguer une loi relative \u00e0 la lutte contre le faux et l&rsquo;usage de faux dans les certificats de r\u00e9sidence pour l&rsquo;obtention indue d&rsquo;un foncier ou d&rsquo;un logement. Par ailleurs il a soulign\u00e9 que le projet de loi doit inclure un second chapitre relatif \u00e0 la d\u00e9finition des modalit\u00e9s et conditions de r\u00e9gularisation des constructions illicites. Il s\u2019agit aussi de l&rsquo;obligation de faire la distinction entre foncier r\u00e9cup\u00e9r\u00e9 relevant de la protection de l&rsquo;Etat et les autres constructions anarchiques, \u00e9rig\u00e9es dans de nombreux cas avec la complicit\u00e9 d&rsquo;autorit\u00e9s locales, et qui ont d\u00e9figur\u00e9 l&rsquo;urbanisme. Il a insist\u00e9 sur le fait que les autorit\u00e9s administratives locales doivent assumer la protection des terres et du foncier r\u00e9cup\u00e9r\u00e9s d\u00e8s les premi\u00e8res heures suivant l&rsquo;ach\u00e8vement du relogement de leurs indus occupants.<\/p>\n\n\n\n<p>Chokri Hafed<\/p>\n","protected":false},"excerpt":{"rendered":"<p>La lutte contre la corruption et notamment la petite corruption est l\u2019une des priorit\u00e9s du pr\u00e9sident de la R\u00e9publique, Abdelmadjid<\/p>\n","protected":false},"author":3,"featured_media":38198,"comment_status":"open","ping_status":"closed","sticky":false,"template":"","format":"standard","meta":{"colormag_page_container_layout":"default_layout","colormag_page_sidebar_layout":"default_layout","om_disable_all_campaigns":false,"_monsterinsights_skip_tracking":false,"_monsterinsights_sitenote_active":false,"_monsterinsights_sitenote_note":"","_monsterinsights_sitenote_category":0,"footnotes":"","_wpscppro_dont_share_socialmedia":false,"_wpscppro_custom_social_share_image":0,"_facebook_share_type":"","_twitter_share_type":"","_linkedin_share_type":"","_pinterest_share_type":"","_linkedin_share_type_page":"","_instagram_share_type":"","_medium_share_type":"","_threads_share_type":"","_google_business_share_type":"","_selected_social_profile":[],"_wpsp_enable_custom_social_template":false,"_wpsp_social_scheduling":{"enabled":false,"datetime":null,"platforms":[],"status":"template_only","dateOption":"today","timeOption":"now","customDays":"","customHours":"","customDate":"","customTime":"","schedulingType":"absolute"},"_wpsp_active_default_template":true},"categories":[52,27],"tags":[],"class_list":["post-40336","post","type-post","status-publish","format-standard","has-post-thumbnail","hentry","category-a-la-une","category-actualite"],"aioseo_notices":[],"yoast_head":"<!-- This site is optimized with the Yoast SEO plugin v27.5 - https:\/\/yoast.com\/product\/yoast-seo-wordpress\/ -->\n<title>Lutte contre la corruption\u00a0: Tebboune r\u00e9affirme ses priorit\u00e9s - La Sentinelle<\/title>\n<meta name=\"robots\" content=\"index, follow, max-snippet:-1, max-image-preview:large, max-video-preview:-1\" \/>\n<link rel=\"canonical\" href=\"https:\/\/lasentinelle.dz\/index.php\/2023\/05\/01\/lutte-contre-la-corruption-tebboune-reaffirme-ses-priorites\/\" \/>\n<meta property=\"og:locale\" content=\"fr_FR\" \/>\n<meta property=\"og:type\" content=\"article\" \/>\n<meta property=\"og:title\" content=\"Lutte contre la corruption\u00a0: Tebboune r\u00e9affirme ses priorit\u00e9s - La Sentinelle\" \/>\n<meta property=\"og:description\" content=\"La lutte contre la corruption et notamment la petite corruption est l\u2019une des priorit\u00e9s du pr\u00e9sident de la R\u00e9publique, Abdelmadjid\" \/>\n<meta property=\"og:url\" content=\"https:\/\/lasentinelle.dz\/index.php\/2023\/05\/01\/lutte-contre-la-corruption-tebboune-reaffirme-ses-priorites\/\" \/>\n<meta property=\"og:site_name\" content=\"La Sentinelle\" \/>\n<meta property=\"article:publisher\" content=\"https:\/\/www.facebook.com\/La-Sentinelle-104059864394773\" \/>\n<meta property=\"article:published_time\" content=\"2023-05-01T21:08:00+00:00\" \/>\n<meta property=\"og:image\" content=\"https:\/\/lasentinelle.dz\/wp-content\/uploads\/2023\/03\/tebboune-une.png\" \/>\n\t<meta property=\"og:image:width\" content=\"1331\" \/>\n\t<meta property=\"og:image:height\" content=\"900\" \/>\n\t<meta property=\"og:image:type\" content=\"image\/png\" \/>\n<meta name=\"author\" content=\"La Sentinelle\" \/>\n<meta name=\"twitter:card\" content=\"summary_large_image\" \/>\n<meta name=\"twitter:label1\" content=\"\u00c9crit par\" \/>\n\t<meta name=\"twitter:data1\" content=\"La Sentinelle\" \/>\n\t<meta name=\"twitter:label2\" content=\"Dur\u00e9e de lecture estim\u00e9e\" \/>\n\t<meta name=\"twitter:data2\" content=\"2 minutes\" \/>\n<script type=\"application\/ld+json\" class=\"yoast-schema-graph\">{\"@context\":\"https:\\\/\\\/schema.org\",\"@graph\":[{\"@type\":\"Article\",\"@id\":\"https:\\\/\\\/lasentinelle.dz\\\/index.php\\\/2023\\\/05\\\/01\\\/lutte-contre-la-corruption-tebboune-reaffirme-ses-priorites\\\/#article\",\"isPartOf\":{\"@id\":\"https:\\\/\\\/lasentinelle.dz\\\/index.php\\\/2023\\\/05\\\/01\\\/lutte-contre-la-corruption-tebboune-reaffirme-ses-priorites\\\/\"},\"author\":{\"name\":\"La Sentinelle\",\"@id\":\"https:\\\/\\\/lasentinelle.dz\\\/#\\\/schema\\\/person\\\/d865044e22e70a75174ce8bcad3acfb3\"},\"headline\":\"Lutte contre la corruption\u00a0: Tebboune r\u00e9affirme ses priorit\u00e9s\",\"datePublished\":\"2023-05-01T21:08:00+00:00\",\"mainEntityOfPage\":{\"@id\":\"https:\\\/\\\/lasentinelle.dz\\\/index.php\\\/2023\\\/05\\\/01\\\/lutte-contre-la-corruption-tebboune-reaffirme-ses-priorites\\\/\"},\"wordCount\":437,\"commentCount\":0,\"publisher\":{\"@id\":\"https:\\\/\\\/lasentinelle.dz\\\/#organization\"},\"image\":{\"@id\":\"https:\\\/\\\/lasentinelle.dz\\\/index.php\\\/2023\\\/05\\\/01\\\/lutte-contre-la-corruption-tebboune-reaffirme-ses-priorites\\\/#primaryimage\"},\"thumbnailUrl\":\"https:\\\/\\\/lasentinelle.dz\\\/wp-content\\\/uploads\\\/2023\\\/03\\\/tebboune-une.png\",\"articleSection\":[\"\u00c0 la Une\",\"Actualit\u00e9\"],\"inLanguage\":\"fr-FR\",\"potentialAction\":[{\"@type\":\"CommentAction\",\"name\":\"Comment\",\"target\":[\"https:\\\/\\\/lasentinelle.dz\\\/index.php\\\/2023\\\/05\\\/01\\\/lutte-contre-la-corruption-tebboune-reaffirme-ses-priorites\\\/#respond\"]}]},{\"@type\":\"WebPage\",\"@id\":\"https:\\\/\\\/lasentinelle.dz\\\/index.php\\\/2023\\\/05\\\/01\\\/lutte-contre-la-corruption-tebboune-reaffirme-ses-priorites\\\/\",\"url\":\"https:\\\/\\\/lasentinelle.dz\\\/index.php\\\/2023\\\/05\\\/01\\\/lutte-contre-la-corruption-tebboune-reaffirme-ses-priorites\\\/\",\"name\":\"Lutte contre la corruption\u00a0: Tebboune r\u00e9affirme ses priorit\u00e9s - La Sentinelle\",\"isPartOf\":{\"@id\":\"https:\\\/\\\/lasentinelle.dz\\\/#website\"},\"primaryImageOfPage\":{\"@id\":\"https:\\\/\\\/lasentinelle.dz\\\/index.php\\\/2023\\\/05\\\/01\\\/lutte-contre-la-corruption-tebboune-reaffirme-ses-priorites\\\/#primaryimage\"},\"image\":{\"@id\":\"https:\\\/\\\/lasentinelle.dz\\\/index.php\\\/2023\\\/05\\\/01\\\/lutte-contre-la-corruption-tebboune-reaffirme-ses-priorites\\\/#primaryimage\"},\"thumbnailUrl\":\"https:\\\/\\\/lasentinelle.dz\\\/wp-content\\\/uploads\\\/2023\\\/03\\\/tebboune-une.png\",\"datePublished\":\"2023-05-01T21:08:00+00:00\",\"breadcrumb\":{\"@id\":\"https:\\\/\\\/lasentinelle.dz\\\/index.php\\\/2023\\\/05\\\/01\\\/lutte-contre-la-corruption-tebboune-reaffirme-ses-priorites\\\/#breadcrumb\"},\"inLanguage\":\"fr-FR\",\"potentialAction\":[{\"@type\":\"ReadAction\",\"target\":[\"https:\\\/\\\/lasentinelle.dz\\\/index.php\\\/2023\\\/05\\\/01\\\/lutte-contre-la-corruption-tebboune-reaffirme-ses-priorites\\\/\"]}]},{\"@type\":\"ImageObject\",\"inLanguage\":\"fr-FR\",\"@id\":\"https:\\\/\\\/lasentinelle.dz\\\/index.php\\\/2023\\\/05\\\/01\\\/lutte-contre-la-corruption-tebboune-reaffirme-ses-priorites\\\/#primaryimage\",\"url\":\"https:\\\/\\\/lasentinelle.dz\\\/wp-content\\\/uploads\\\/2023\\\/03\\\/tebboune-une.png\",\"contentUrl\":\"https:\\\/\\\/lasentinelle.dz\\\/wp-content\\\/uploads\\\/2023\\\/03\\\/tebboune-une.png\",\"width\":1331,\"height\":900},{\"@type\":\"BreadcrumbList\",\"@id\":\"https:\\\/\\\/lasentinelle.dz\\\/index.php\\\/2023\\\/05\\\/01\\\/lutte-contre-la-corruption-tebboune-reaffirme-ses-priorites\\\/#breadcrumb\",\"itemListElement\":[{\"@type\":\"ListItem\",\"position\":1,\"name\":\"Accueil\",\"item\":\"https:\\\/\\\/lasentinelle.dz\\\/\"},{\"@type\":\"ListItem\",\"position\":2,\"name\":\"Lutte contre la corruption\u00a0: Tebboune r\u00e9affirme ses priorit\u00e9s\"}]},{\"@type\":\"WebSite\",\"@id\":\"https:\\\/\\\/lasentinelle.dz\\\/#website\",\"url\":\"https:\\\/\\\/lasentinelle.dz\\\/\",\"name\":\"La Sentinelle\",\"description\":\"Quotidien national d&#039;information\",\"publisher\":{\"@id\":\"https:\\\/\\\/lasentinelle.dz\\\/#organization\"},\"potentialAction\":[{\"@type\":\"SearchAction\",\"target\":{\"@type\":\"EntryPoint\",\"urlTemplate\":\"https:\\\/\\\/lasentinelle.dz\\\/?s={search_term_string}\"},\"query-input\":{\"@type\":\"PropertyValueSpecification\",\"valueRequired\":true,\"valueName\":\"search_term_string\"}}],\"inLanguage\":\"fr-FR\"},{\"@type\":\"Organization\",\"@id\":\"https:\\\/\\\/lasentinelle.dz\\\/#organization\",\"name\":\"Quotidien La Sentinelle\",\"url\":\"https:\\\/\\\/lasentinelle.dz\\\/\",\"logo\":{\"@type\":\"ImageObject\",\"inLanguage\":\"fr-FR\",\"@id\":\"https:\\\/\\\/lasentinelle.dz\\\/#\\\/schema\\\/logo\\\/image\\\/\",\"url\":\"https:\\\/\\\/lasentinelle.dz\\\/wp-content\\\/uploads\\\/2021\\\/09\\\/logo-sentinelleSLOGAN-1.png\",\"contentUrl\":\"https:\\\/\\\/lasentinelle.dz\\\/wp-content\\\/uploads\\\/2021\\\/09\\\/logo-sentinelleSLOGAN-1.png\",\"width\":615,\"height\":142,\"caption\":\"Quotidien La Sentinelle\"},\"image\":{\"@id\":\"https:\\\/\\\/lasentinelle.dz\\\/#\\\/schema\\\/logo\\\/image\\\/\"},\"sameAs\":[\"https:\\\/\\\/www.facebook.com\\\/La-Sentinelle-104059864394773\"]},{\"@type\":\"Person\",\"@id\":\"https:\\\/\\\/lasentinelle.dz\\\/#\\\/schema\\\/person\\\/d865044e22e70a75174ce8bcad3acfb3\",\"name\":\"La Sentinelle\",\"image\":{\"@type\":\"ImageObject\",\"inLanguage\":\"fr-FR\",\"@id\":\"https:\\\/\\\/secure.gravatar.com\\\/avatar\\\/57de8e5d4b15d43fb361a71fbb36338450fe67865b528a43dd10ef7c51a20392?s=96&d=mm&r=g\",\"url\":\"https:\\\/\\\/secure.gravatar.com\\\/avatar\\\/57de8e5d4b15d43fb361a71fbb36338450fe67865b528a43dd10ef7c51a20392?s=96&d=mm&r=g\",\"contentUrl\":\"https:\\\/\\\/secure.gravatar.com\\\/avatar\\\/57de8e5d4b15d43fb361a71fbb36338450fe67865b528a43dd10ef7c51a20392?s=96&d=mm&r=g\",\"caption\":\"La Sentinelle\"},\"sameAs\":[\"http:\\\/\\\/www.lasentinelle.dz\"],\"url\":\"https:\\\/\\\/lasentinelle.dz\\\/author\\\/redaction\\\/\"}]}<\/script>\n<!-- \/ Yoast SEO plugin. -->","yoast_head_json":{"title":"Lutte contre la corruption\u00a0: Tebboune r\u00e9affirme ses priorit\u00e9s - La Sentinelle","robots":{"index":"index","follow":"follow","max-snippet":"max-snippet:-1","max-image-preview":"max-image-preview:large","max-video-preview":"max-video-preview:-1"},"canonical":"https:\/\/lasentinelle.dz\/index.php\/2023\/05\/01\/lutte-contre-la-corruption-tebboune-reaffirme-ses-priorites\/","og_locale":"fr_FR","og_type":"article","og_title":"Lutte contre la corruption\u00a0: Tebboune r\u00e9affirme ses priorit\u00e9s - La Sentinelle","og_description":"La lutte contre la corruption et notamment la petite corruption est l\u2019une des priorit\u00e9s du pr\u00e9sident de la R\u00e9publique, Abdelmadjid","og_url":"https:\/\/lasentinelle.dz\/index.php\/2023\/05\/01\/lutte-contre-la-corruption-tebboune-reaffirme-ses-priorites\/","og_site_name":"La Sentinelle","article_publisher":"https:\/\/www.facebook.com\/La-Sentinelle-104059864394773","article_published_time":"2023-05-01T21:08:00+00:00","og_image":[{"width":1331,"height":900,"url":"https:\/\/lasentinelle.dz\/wp-content\/uploads\/2023\/03\/tebboune-une.png","type":"image\/png"}],"author":"La Sentinelle","twitter_card":"summary_large_image","twitter_misc":{"\u00c9crit par":"La Sentinelle","Dur\u00e9e de lecture estim\u00e9e":"2 minutes"},"schema":{"@context":"https:\/\/schema.org","@graph":[{"@type":"Article","@id":"https:\/\/lasentinelle.dz\/index.php\/2023\/05\/01\/lutte-contre-la-corruption-tebboune-reaffirme-ses-priorites\/#article","isPartOf":{"@id":"https:\/\/lasentinelle.dz\/index.php\/2023\/05\/01\/lutte-contre-la-corruption-tebboune-reaffirme-ses-priorites\/"},"author":{"name":"La Sentinelle","@id":"https:\/\/lasentinelle.dz\/#\/schema\/person\/d865044e22e70a75174ce8bcad3acfb3"},"headline":"Lutte contre la corruption\u00a0: Tebboune r\u00e9affirme ses priorit\u00e9s","datePublished":"2023-05-01T21:08:00+00:00","mainEntityOfPage":{"@id":"https:\/\/lasentinelle.dz\/index.php\/2023\/05\/01\/lutte-contre-la-corruption-tebboune-reaffirme-ses-priorites\/"},"wordCount":437,"commentCount":0,"publisher":{"@id":"https:\/\/lasentinelle.dz\/#organization"},"image":{"@id":"https:\/\/lasentinelle.dz\/index.php\/2023\/05\/01\/lutte-contre-la-corruption-tebboune-reaffirme-ses-priorites\/#primaryimage"},"thumbnailUrl":"https:\/\/lasentinelle.dz\/wp-content\/uploads\/2023\/03\/tebboune-une.png","articleSection":["\u00c0 la Une","Actualit\u00e9"],"inLanguage":"fr-FR","potentialAction":[{"@type":"CommentAction","name":"Comment","target":["https:\/\/lasentinelle.dz\/index.php\/2023\/05\/01\/lutte-contre-la-corruption-tebboune-reaffirme-ses-priorites\/#respond"]}]},{"@type":"WebPage","@id":"https:\/\/lasentinelle.dz\/index.php\/2023\/05\/01\/lutte-contre-la-corruption-tebboune-reaffirme-ses-priorites\/","url":"https:\/\/lasentinelle.dz\/index.php\/2023\/05\/01\/lutte-contre-la-corruption-tebboune-reaffirme-ses-priorites\/","name":"Lutte contre la corruption\u00a0: Tebboune r\u00e9affirme ses priorit\u00e9s - La Sentinelle","isPartOf":{"@id":"https:\/\/lasentinelle.dz\/#website"},"primaryImageOfPage":{"@id":"https:\/\/lasentinelle.dz\/index.php\/2023\/05\/01\/lutte-contre-la-corruption-tebboune-reaffirme-ses-priorites\/#primaryimage"},"image":{"@id":"https:\/\/lasentinelle.dz\/index.php\/2023\/05\/01\/lutte-contre-la-corruption-tebboune-reaffirme-ses-priorites\/#primaryimage"},"thumbnailUrl":"https:\/\/lasentinelle.dz\/wp-content\/uploads\/2023\/03\/tebboune-une.png","datePublished":"2023-05-01T21:08:00+00:00","breadcrumb":{"@id":"https:\/\/lasentinelle.dz\/index.php\/2023\/05\/01\/lutte-contre-la-corruption-tebboune-reaffirme-ses-priorites\/#breadcrumb"},"inLanguage":"fr-FR","potentialAction":[{"@type":"ReadAction","target":["https:\/\/lasentinelle.dz\/index.php\/2023\/05\/01\/lutte-contre-la-corruption-tebboune-reaffirme-ses-priorites\/"]}]},{"@type":"ImageObject","inLanguage":"fr-FR","@id":"https:\/\/lasentinelle.dz\/index.php\/2023\/05\/01\/lutte-contre-la-corruption-tebboune-reaffirme-ses-priorites\/#primaryimage","url":"https:\/\/lasentinelle.dz\/wp-content\/uploads\/2023\/03\/tebboune-une.png","contentUrl":"https:\/\/lasentinelle.dz\/wp-content\/uploads\/2023\/03\/tebboune-une.png","width":1331,"height":900},{"@type":"BreadcrumbList","@id":"https:\/\/lasentinelle.dz\/index.php\/2023\/05\/01\/lutte-contre-la-corruption-tebboune-reaffirme-ses-priorites\/#breadcrumb","itemListElement":[{"@type":"ListItem","position":1,"name":"Accueil","item":"https:\/\/lasentinelle.dz\/"},{"@type":"ListItem","position":2,"name":"Lutte contre la corruption\u00a0: Tebboune r\u00e9affirme ses priorit\u00e9s"}]},{"@type":"WebSite","@id":"https:\/\/lasentinelle.dz\/#website","url":"https:\/\/lasentinelle.dz\/","name":"La Sentinelle","description":"Quotidien national d&#039;information","publisher":{"@id":"https:\/\/lasentinelle.dz\/#organization"},"potentialAction":[{"@type":"SearchAction","target":{"@type":"EntryPoint","urlTemplate":"https:\/\/lasentinelle.dz\/?s={search_term_string}"},"query-input":{"@type":"PropertyValueSpecification","valueRequired":true,"valueName":"search_term_string"}}],"inLanguage":"fr-FR"},{"@type":"Organization","@id":"https:\/\/lasentinelle.dz\/#organization","name":"Quotidien La Sentinelle","url":"https:\/\/lasentinelle.dz\/","logo":{"@type":"ImageObject","inLanguage":"fr-FR","@id":"https:\/\/lasentinelle.dz\/#\/schema\/logo\/image\/","url":"https:\/\/lasentinelle.dz\/wp-content\/uploads\/2021\/09\/logo-sentinelleSLOGAN-1.png","contentUrl":"https:\/\/lasentinelle.dz\/wp-content\/uploads\/2021\/09\/logo-sentinelleSLOGAN-1.png","width":615,"height":142,"caption":"Quotidien La Sentinelle"},"image":{"@id":"https:\/\/lasentinelle.dz\/#\/schema\/logo\/image\/"},"sameAs":["https:\/\/www.facebook.com\/La-Sentinelle-104059864394773"]},{"@type":"Person","@id":"https:\/\/lasentinelle.dz\/#\/schema\/person\/d865044e22e70a75174ce8bcad3acfb3","name":"La Sentinelle","image":{"@type":"ImageObject","inLanguage":"fr-FR","@id":"https:\/\/secure.gravatar.com\/avatar\/57de8e5d4b15d43fb361a71fbb36338450fe67865b528a43dd10ef7c51a20392?s=96&d=mm&r=g","url":"https:\/\/secure.gravatar.com\/avatar\/57de8e5d4b15d43fb361a71fbb36338450fe67865b528a43dd10ef7c51a20392?s=96&d=mm&r=g","contentUrl":"https:\/\/secure.gravatar.com\/avatar\/57de8e5d4b15d43fb361a71fbb36338450fe67865b528a43dd10ef7c51a20392?s=96&d=mm&r=g","caption":"La Sentinelle"},"sameAs":["http:\/\/www.lasentinelle.dz"],"url":"https:\/\/lasentinelle.dz\/author\/redaction\/"}]}},"_links":{"self":[{"href":"https:\/\/lasentinelle.dz\/index.php\/wp-json\/wp\/v2\/posts\/40336","targetHints":{"allow":["GET"]}}],"collection":[{"href":"https:\/\/lasentinelle.dz\/index.php\/wp-json\/wp\/v2\/posts"}],"about":[{"href":"https:\/\/lasentinelle.dz\/index.php\/wp-json\/wp\/v2\/types\/post"}],"author":[{"embeddable":true,"href":"https:\/\/lasentinelle.dz\/index.php\/wp-json\/wp\/v2\/users\/3"}],"replies":[{"embeddable":true,"href":"https:\/\/lasentinelle.dz\/index.php\/wp-json\/wp\/v2\/comments?post=40336"}],"version-history":[{"count":1,"href":"https:\/\/lasentinelle.dz\/index.php\/wp-json\/wp\/v2\/posts\/40336\/revisions"}],"predecessor-version":[{"id":40343,"href":"https:\/\/lasentinelle.dz\/index.php\/wp-json\/wp\/v2\/posts\/40336\/revisions\/40343"}],"wp:featuredmedia":[{"embeddable":true,"href":"https:\/\/lasentinelle.dz\/index.php\/wp-json\/wp\/v2\/media\/38198"}],"wp:attachment":[{"href":"https:\/\/lasentinelle.dz\/index.php\/wp-json\/wp\/v2\/media?parent=40336"}],"wp:term":[{"taxonomy":"category","embeddable":true,"href":"https:\/\/lasentinelle.dz\/index.php\/wp-json\/wp\/v2\/categories?post=40336"},{"taxonomy":"post_tag","embeddable":true,"href":"https:\/\/lasentinelle.dz\/index.php\/wp-json\/wp\/v2\/tags?post=40336"}],"curies":[{"name":"wp","href":"https:\/\/api.w.org\/{rel}","templated":true}]}}