{"id":40348,"date":"2023-05-02T22:05:00","date_gmt":"2023-05-02T21:05:00","guid":{"rendered":"https:\/\/lasentinelle.dz\/?p=40348"},"modified":"2023-05-02T16:16:08","modified_gmt":"2023-05-02T15:16:08","slug":"il-a-pour-mission-de-sauver-la-jsk-de-la-relegation-bouzidi-se-dit-conscient-de-la-situation","status":"publish","type":"post","link":"https:\/\/lasentinelle.dz\/index.php\/2023\/05\/02\/il-a-pour-mission-de-sauver-la-jsk-de-la-relegation-bouzidi-se-dit-conscient-de-la-situation\/","title":{"rendered":"Il a pour mission de sauver la JSK de la rel\u00e9gation \u00a0:\u00a0 Bouzidi se dit \u00ab conscient de la situation \u00bb"},"content":{"rendered":"\n<p>Le nouvel entra\u00eeneur de la JS Kabylie, Youcef Bouzidi, a \u00e9voqu\u00e9 l\u2019objectif maintien des Canaris en cette fin de saison.<\/p>\n\n\n\n<p>La JSK a annonc\u00e9 la nomination de Youcef Bouzidi comme nouvel entra\u00eeneur de son \u00e9quipe senior, en remplacement de Miloudi Hamdi, dont la mission avait pris fin samedi soir, juste apr\u00e8s l&rsquo;\u00e9limination du club en quarts de finale de la Ligue des champions. Il aura pour mission de sauver l\u2019\u00e9quipe de la rel\u00e9gation et r\u00e9\u00e9diter son exploit de 2018 lorsqu\u2019il a r\u00e9ussi \u00e0 maintenir les Canaris en 1<sup>re<\/sup> division. La JSK est aujourd\u2019hui avant-derni\u00e8re au classement. Dans une d\u00e9claration \u00e0 l\u2019organe de presse du club le plus titr\u00e9 d\u2019Alg\u00e9rie, le technicien de 65 ans a confi\u00e9 : \u00ab C\u2019est un honneur pour moi de revenir dans un grand club que je connais bien. Je connais d\u00e9j\u00e0 certains joueurs pour avoir travaill\u00e9 avec eux. Nous sommes l\u00e0 pour un d\u00e9fi qui n\u2019est pas impossible. Je suis conscient de la situation. Je suis convaincu qu\u2019en se mobilisant et qu\u2019on mette le paquet c\u0153ur et \u00e2me, nous allons r\u00e9aliser notre r\u00eave, le maintien en Ligue 1. \u00bb \u00ab Le club \u00e9tait en train de courir deux li\u00e8vres \u00e0 la fois en championnat et en Ligue des champions. La JS Kabylie a d\u00e9sormais tourn\u00e9 la page de la comp\u00e9tition africaine&nbsp;\u00bb, a-t-il encha\u00een\u00e9. \u00ab&nbsp;Nous avons les moyens humains, mat\u00e9riels, le public pour r\u00e9aliser cet objectif et le r\u00eave de toute une r\u00e9gion. Je remercie ceux qui m\u2019ont sollicit\u00e9 et ceux qui m\u2019ont accueilli aujourd\u2019hui\u00bb, a-t-il assur\u00e9. &nbsp;Bouzidi, qui connait tr\u00e8s bien la maison pour y avoir d\u00e9j\u00e0 effectu\u00e9 plusieurs passages par le pass\u00e9, \u00ab\u00a0sera second\u00e9 dans sa t\u00e2che par l&rsquo;ex-s\u00e9lectionneur national des moins de 20 ans, Mohamed Lacet\u00a0\u00bb, pr\u00e9cise le communiqu\u00e9.<\/p>\n\n\n\n<p>Miloud Hamdi, qui a \u00e9galement dirig\u00e9 l&rsquo;USM Alger par le pass\u00e9, a \u00e9t\u00e9 remerci\u00e9 juste apr\u00e8s l&rsquo;\u00e9limination de la JSK en Ligue des champions, malgr\u00e9 un match \u00ab\u00a0retour\u00a0\u00bb h\u00e9ro\u00efque \u00e0 Tunis, o\u00f9 elle a tenu en \u00e9chec l&rsquo;Esp\u00e9rance&nbsp; locale (1-1). C&rsquo;est surtout au match \u00ab\u00a0aller\u00a0\u00bb \u00e0 domicile que les Canaris \u00e9taient pass\u00e9s \u00e0 c\u00f4t\u00e9, en s&rsquo;inclinant (0-1), ce qui a fini par leur co\u00fbter la qualification en demi-finale. Egalement \u00e9limin\u00e9e en Coupe d&rsquo;Alg\u00e9rie, la JSK peine dans le championnat national pour \u00e9viter la rel\u00e9gation en cette fin de saison. Les Canaris sont en effet 15e, avec 17 points, soit \u00e0 quatre longueurs de retard sur le premier club non rel\u00e9gable, le Paradou AC, qui cependant compte deux matchs en plus. La JSK disputera le premier de ses deux matchs en retard le 5 mai courant, en recevant l&rsquo;USM Alger \u00e0 Tizi-ouzou, dans un match comptant pour la mise \u00e0 jour de la 18e journ\u00e9e et qui au vu de l&rsquo;enjeu devrait tenir toutes ses promesses.<\/p>\n\n\n\n<p>R.S.<\/p>\n","protected":false},"excerpt":{"rendered":"<p>Le nouvel entra\u00eeneur de la JS Kabylie, Youcef Bouzidi, a \u00e9voqu\u00e9 l\u2019objectif maintien des Canaris en cette fin de saison.<\/p>\n","protected":false},"author":3,"featured_media":40356,"comment_status":"open","ping_status":"closed","sticky":false,"template":"","format":"standard","meta":{"colormag_page_container_layout":"default_layout","colormag_page_sidebar_layout":"default_layout","om_disable_all_campaigns":false,"_monsterinsights_skip_tracking":false,"_monsterinsights_sitenote_active":false,"_monsterinsights_sitenote_note":"","_monsterinsights_sitenote_category":0,"footnotes":"","_wpscppro_dont_share_socialmedia":false,"_wpscppro_custom_social_share_image":0,"_facebook_share_type":"","_twitter_share_type":"","_linkedin_share_type":"","_pinterest_share_type":"","_linkedin_share_type_page":"","_instagram_share_type":"","_medium_share_type":"","_threads_share_type":"","_google_business_share_type":"","_selected_social_profile":[],"_wpsp_enable_custom_social_template":false,"_wpsp_social_scheduling":{"enabled":false,"datetime":null,"platforms":[],"status":"template_only","dateOption":"today","timeOption":"now","customDays":"","customHours":"","customDate":"","customTime":"","schedulingType":"absolute"},"_wpsp_active_default_template":true},"categories":[33],"tags":[],"class_list":["post-40348","post","type-post","status-publish","format-standard","has-post-thumbnail","hentry","category-sports"],"aioseo_notices":[],"yoast_head":"<!-- This site is optimized with the Yoast SEO plugin v27.5 - https:\/\/yoast.com\/product\/yoast-seo-wordpress\/ -->\n<title>Il a pour mission de sauver la JSK de la rel\u00e9gation \u00a0:\u00a0 Bouzidi se dit \u00ab conscient de la situation \u00bb - La Sentinelle<\/title>\n<meta name=\"robots\" content=\"index, follow, max-snippet:-1, max-image-preview:large, max-video-preview:-1\" \/>\n<link rel=\"canonical\" href=\"https:\/\/lasentinelle.dz\/index.php\/2023\/05\/02\/il-a-pour-mission-de-sauver-la-jsk-de-la-relegation-bouzidi-se-dit-conscient-de-la-situation\/\" \/>\n<meta property=\"og:locale\" content=\"fr_FR\" \/>\n<meta property=\"og:type\" content=\"article\" \/>\n<meta property=\"og:title\" content=\"Il a pour mission de sauver la JSK de la rel\u00e9gation \u00a0:\u00a0 Bouzidi se dit \u00ab conscient de la situation \u00bb - La Sentinelle\" \/>\n<meta property=\"og:description\" content=\"Le nouvel entra\u00eeneur de la JS Kabylie, Youcef Bouzidi, a \u00e9voqu\u00e9 l\u2019objectif maintien des Canaris en cette fin de saison.\" \/>\n<meta property=\"og:url\" content=\"https:\/\/lasentinelle.dz\/index.php\/2023\/05\/02\/il-a-pour-mission-de-sauver-la-jsk-de-la-relegation-bouzidi-se-dit-conscient-de-la-situation\/\" \/>\n<meta property=\"og:site_name\" content=\"La Sentinelle\" \/>\n<meta property=\"article:publisher\" content=\"https:\/\/www.facebook.com\/La-Sentinelle-104059864394773\" \/>\n<meta property=\"article:published_time\" content=\"2023-05-02T21:05:00+00:00\" \/>\n<meta property=\"og:image\" content=\"https:\/\/lasentinelle.dz\/wp-content\/uploads\/2023\/05\/bouzidi.png\" \/>\n\t<meta property=\"og:image:width\" content=\"1214\" \/>\n\t<meta property=\"og:image:height\" content=\"900\" \/>\n\t<meta property=\"og:image:type\" content=\"image\/png\" \/>\n<meta name=\"author\" content=\"La Sentinelle\" \/>\n<meta name=\"twitter:card\" content=\"summary_large_image\" \/>\n<meta name=\"twitter:label1\" content=\"\u00c9crit par\" \/>\n\t<meta name=\"twitter:data1\" content=\"La Sentinelle\" \/>\n\t<meta name=\"twitter:label2\" content=\"Dur\u00e9e de lecture estim\u00e9e\" \/>\n\t<meta name=\"twitter:data2\" content=\"3 minutes\" \/>\n<script type=\"application\/ld+json\" class=\"yoast-schema-graph\">{\"@context\":\"https:\\\/\\\/schema.org\",\"@graph\":[{\"@type\":\"Article\",\"@id\":\"https:\\\/\\\/lasentinelle.dz\\\/index.php\\\/2023\\\/05\\\/02\\\/il-a-pour-mission-de-sauver-la-jsk-de-la-relegation-bouzidi-se-dit-conscient-de-la-situation\\\/#article\",\"isPartOf\":{\"@id\":\"https:\\\/\\\/lasentinelle.dz\\\/index.php\\\/2023\\\/05\\\/02\\\/il-a-pour-mission-de-sauver-la-jsk-de-la-relegation-bouzidi-se-dit-conscient-de-la-situation\\\/\"},\"author\":{\"name\":\"La Sentinelle\",\"@id\":\"https:\\\/\\\/lasentinelle.dz\\\/#\\\/schema\\\/person\\\/d865044e22e70a75174ce8bcad3acfb3\"},\"headline\":\"Il a pour mission de sauver la JSK de la rel\u00e9gation \u00a0:\u00a0 Bouzidi se dit \u00ab conscient de la situation \u00bb\",\"datePublished\":\"2023-05-02T21:05:00+00:00\",\"mainEntityOfPage\":{\"@id\":\"https:\\\/\\\/lasentinelle.dz\\\/index.php\\\/2023\\\/05\\\/02\\\/il-a-pour-mission-de-sauver-la-jsk-de-la-relegation-bouzidi-se-dit-conscient-de-la-situation\\\/\"},\"wordCount\":519,\"commentCount\":0,\"publisher\":{\"@id\":\"https:\\\/\\\/lasentinelle.dz\\\/#organization\"},\"image\":{\"@id\":\"https:\\\/\\\/lasentinelle.dz\\\/index.php\\\/2023\\\/05\\\/02\\\/il-a-pour-mission-de-sauver-la-jsk-de-la-relegation-bouzidi-se-dit-conscient-de-la-situation\\\/#primaryimage\"},\"thumbnailUrl\":\"https:\\\/\\\/lasentinelle.dz\\\/wp-content\\\/uploads\\\/2023\\\/05\\\/bouzidi.png\",\"articleSection\":[\"Sports\"],\"inLanguage\":\"fr-FR\",\"potentialAction\":[{\"@type\":\"CommentAction\",\"name\":\"Comment\",\"target\":[\"https:\\\/\\\/lasentinelle.dz\\\/index.php\\\/2023\\\/05\\\/02\\\/il-a-pour-mission-de-sauver-la-jsk-de-la-relegation-bouzidi-se-dit-conscient-de-la-situation\\\/#respond\"]}]},{\"@type\":\"WebPage\",\"@id\":\"https:\\\/\\\/lasentinelle.dz\\\/index.php\\\/2023\\\/05\\\/02\\\/il-a-pour-mission-de-sauver-la-jsk-de-la-relegation-bouzidi-se-dit-conscient-de-la-situation\\\/\",\"url\":\"https:\\\/\\\/lasentinelle.dz\\\/index.php\\\/2023\\\/05\\\/02\\\/il-a-pour-mission-de-sauver-la-jsk-de-la-relegation-bouzidi-se-dit-conscient-de-la-situation\\\/\",\"name\":\"Il a pour mission de sauver la JSK de la rel\u00e9gation \u00a0:\u00a0 Bouzidi se dit \u00ab conscient de la situation \u00bb - La Sentinelle\",\"isPartOf\":{\"@id\":\"https:\\\/\\\/lasentinelle.dz\\\/#website\"},\"primaryImageOfPage\":{\"@id\":\"https:\\\/\\\/lasentinelle.dz\\\/index.php\\\/2023\\\/05\\\/02\\\/il-a-pour-mission-de-sauver-la-jsk-de-la-relegation-bouzidi-se-dit-conscient-de-la-situation\\\/#primaryimage\"},\"image\":{\"@id\":\"https:\\\/\\\/lasentinelle.dz\\\/index.php\\\/2023\\\/05\\\/02\\\/il-a-pour-mission-de-sauver-la-jsk-de-la-relegation-bouzidi-se-dit-conscient-de-la-situation\\\/#primaryimage\"},\"thumbnailUrl\":\"https:\\\/\\\/lasentinelle.dz\\\/wp-content\\\/uploads\\\/2023\\\/05\\\/bouzidi.png\",\"datePublished\":\"2023-05-02T21:05:00+00:00\",\"breadcrumb\":{\"@id\":\"https:\\\/\\\/lasentinelle.dz\\\/index.php\\\/2023\\\/05\\\/02\\\/il-a-pour-mission-de-sauver-la-jsk-de-la-relegation-bouzidi-se-dit-conscient-de-la-situation\\\/#breadcrumb\"},\"inLanguage\":\"fr-FR\",\"potentialAction\":[{\"@type\":\"ReadAction\",\"target\":[\"https:\\\/\\\/lasentinelle.dz\\\/index.php\\\/2023\\\/05\\\/02\\\/il-a-pour-mission-de-sauver-la-jsk-de-la-relegation-bouzidi-se-dit-conscient-de-la-situation\\\/\"]}]},{\"@type\":\"ImageObject\",\"inLanguage\":\"fr-FR\",\"@id\":\"https:\\\/\\\/lasentinelle.dz\\\/index.php\\\/2023\\\/05\\\/02\\\/il-a-pour-mission-de-sauver-la-jsk-de-la-relegation-bouzidi-se-dit-conscient-de-la-situation\\\/#primaryimage\",\"url\":\"https:\\\/\\\/lasentinelle.dz\\\/wp-content\\\/uploads\\\/2023\\\/05\\\/bouzidi.png\",\"contentUrl\":\"https:\\\/\\\/lasentinelle.dz\\\/wp-content\\\/uploads\\\/2023\\\/05\\\/bouzidi.png\",\"width\":1214,\"height\":900},{\"@type\":\"BreadcrumbList\",\"@id\":\"https:\\\/\\\/lasentinelle.dz\\\/index.php\\\/2023\\\/05\\\/02\\\/il-a-pour-mission-de-sauver-la-jsk-de-la-relegation-bouzidi-se-dit-conscient-de-la-situation\\\/#breadcrumb\",\"itemListElement\":[{\"@type\":\"ListItem\",\"position\":1,\"name\":\"Accueil\",\"item\":\"https:\\\/\\\/lasentinelle.dz\\\/\"},{\"@type\":\"ListItem\",\"position\":2,\"name\":\"Il a pour mission de sauver la JSK de la rel\u00e9gation \u00a0:\u00a0 Bouzidi se dit \u00ab conscient de la situation \u00bb\"}]},{\"@type\":\"WebSite\",\"@id\":\"https:\\\/\\\/lasentinelle.dz\\\/#website\",\"url\":\"https:\\\/\\\/lasentinelle.dz\\\/\",\"name\":\"La Sentinelle\",\"description\":\"Quotidien national d&#039;information\",\"publisher\":{\"@id\":\"https:\\\/\\\/lasentinelle.dz\\\/#organization\"},\"potentialAction\":[{\"@type\":\"SearchAction\",\"target\":{\"@type\":\"EntryPoint\",\"urlTemplate\":\"https:\\\/\\\/lasentinelle.dz\\\/?s={search_term_string}\"},\"query-input\":{\"@type\":\"PropertyValueSpecification\",\"valueRequired\":true,\"valueName\":\"search_term_string\"}}],\"inLanguage\":\"fr-FR\"},{\"@type\":\"Organization\",\"@id\":\"https:\\\/\\\/lasentinelle.dz\\\/#organization\",\"name\":\"Quotidien La Sentinelle\",\"url\":\"https:\\\/\\\/lasentinelle.dz\\\/\",\"logo\":{\"@type\":\"ImageObject\",\"inLanguage\":\"fr-FR\",\"@id\":\"https:\\\/\\\/lasentinelle.dz\\\/#\\\/schema\\\/logo\\\/image\\\/\",\"url\":\"https:\\\/\\\/lasentinelle.dz\\\/wp-content\\\/uploads\\\/2021\\\/09\\\/logo-sentinelleSLOGAN-1.png\",\"contentUrl\":\"https:\\\/\\\/lasentinelle.dz\\\/wp-content\\\/uploads\\\/2021\\\/09\\\/logo-sentinelleSLOGAN-1.png\",\"width\":615,\"height\":142,\"caption\":\"Quotidien La Sentinelle\"},\"image\":{\"@id\":\"https:\\\/\\\/lasentinelle.dz\\\/#\\\/schema\\\/logo\\\/image\\\/\"},\"sameAs\":[\"https:\\\/\\\/www.facebook.com\\\/La-Sentinelle-104059864394773\"]},{\"@type\":\"Person\",\"@id\":\"https:\\\/\\\/lasentinelle.dz\\\/#\\\/schema\\\/person\\\/d865044e22e70a75174ce8bcad3acfb3\",\"name\":\"La Sentinelle\",\"image\":{\"@type\":\"ImageObject\",\"inLanguage\":\"fr-FR\",\"@id\":\"https:\\\/\\\/secure.gravatar.com\\\/avatar\\\/57de8e5d4b15d43fb361a71fbb36338450fe67865b528a43dd10ef7c51a20392?s=96&d=mm&r=g\",\"url\":\"https:\\\/\\\/secure.gravatar.com\\\/avatar\\\/57de8e5d4b15d43fb361a71fbb36338450fe67865b528a43dd10ef7c51a20392?s=96&d=mm&r=g\",\"contentUrl\":\"https:\\\/\\\/secure.gravatar.com\\\/avatar\\\/57de8e5d4b15d43fb361a71fbb36338450fe67865b528a43dd10ef7c51a20392?s=96&d=mm&r=g\",\"caption\":\"La Sentinelle\"},\"sameAs\":[\"http:\\\/\\\/www.lasentinelle.dz\"],\"url\":\"https:\\\/\\\/lasentinelle.dz\\\/author\\\/redaction\\\/\"}]}<\/script>\n<!-- \/ Yoast SEO plugin. -->","yoast_head_json":{"title":"Il a pour mission de sauver la JSK de la rel\u00e9gation \u00a0:\u00a0 Bouzidi se dit \u00ab conscient de la situation \u00bb - La Sentinelle","robots":{"index":"index","follow":"follow","max-snippet":"max-snippet:-1","max-image-preview":"max-image-preview:large","max-video-preview":"max-video-preview:-1"},"canonical":"https:\/\/lasentinelle.dz\/index.php\/2023\/05\/02\/il-a-pour-mission-de-sauver-la-jsk-de-la-relegation-bouzidi-se-dit-conscient-de-la-situation\/","og_locale":"fr_FR","og_type":"article","og_title":"Il a pour mission de sauver la JSK de la rel\u00e9gation \u00a0:\u00a0 Bouzidi se dit \u00ab conscient de la situation \u00bb - La Sentinelle","og_description":"Le nouvel entra\u00eeneur de la JS Kabylie, Youcef Bouzidi, a \u00e9voqu\u00e9 l\u2019objectif maintien des Canaris en cette fin de saison.","og_url":"https:\/\/lasentinelle.dz\/index.php\/2023\/05\/02\/il-a-pour-mission-de-sauver-la-jsk-de-la-relegation-bouzidi-se-dit-conscient-de-la-situation\/","og_site_name":"La Sentinelle","article_publisher":"https:\/\/www.facebook.com\/La-Sentinelle-104059864394773","article_published_time":"2023-05-02T21:05:00+00:00","og_image":[{"width":1214,"height":900,"url":"https:\/\/lasentinelle.dz\/wp-content\/uploads\/2023\/05\/bouzidi.png","type":"image\/png"}],"author":"La Sentinelle","twitter_card":"summary_large_image","twitter_misc":{"\u00c9crit par":"La Sentinelle","Dur\u00e9e de lecture estim\u00e9e":"3 minutes"},"schema":{"@context":"https:\/\/schema.org","@graph":[{"@type":"Article","@id":"https:\/\/lasentinelle.dz\/index.php\/2023\/05\/02\/il-a-pour-mission-de-sauver-la-jsk-de-la-relegation-bouzidi-se-dit-conscient-de-la-situation\/#article","isPartOf":{"@id":"https:\/\/lasentinelle.dz\/index.php\/2023\/05\/02\/il-a-pour-mission-de-sauver-la-jsk-de-la-relegation-bouzidi-se-dit-conscient-de-la-situation\/"},"author":{"name":"La Sentinelle","@id":"https:\/\/lasentinelle.dz\/#\/schema\/person\/d865044e22e70a75174ce8bcad3acfb3"},"headline":"Il a pour mission de sauver la JSK de la rel\u00e9gation \u00a0:\u00a0 Bouzidi se dit \u00ab conscient de la situation \u00bb","datePublished":"2023-05-02T21:05:00+00:00","mainEntityOfPage":{"@id":"https:\/\/lasentinelle.dz\/index.php\/2023\/05\/02\/il-a-pour-mission-de-sauver-la-jsk-de-la-relegation-bouzidi-se-dit-conscient-de-la-situation\/"},"wordCount":519,"commentCount":0,"publisher":{"@id":"https:\/\/lasentinelle.dz\/#organization"},"image":{"@id":"https:\/\/lasentinelle.dz\/index.php\/2023\/05\/02\/il-a-pour-mission-de-sauver-la-jsk-de-la-relegation-bouzidi-se-dit-conscient-de-la-situation\/#primaryimage"},"thumbnailUrl":"https:\/\/lasentinelle.dz\/wp-content\/uploads\/2023\/05\/bouzidi.png","articleSection":["Sports"],"inLanguage":"fr-FR","potentialAction":[{"@type":"CommentAction","name":"Comment","target":["https:\/\/lasentinelle.dz\/index.php\/2023\/05\/02\/il-a-pour-mission-de-sauver-la-jsk-de-la-relegation-bouzidi-se-dit-conscient-de-la-situation\/#respond"]}]},{"@type":"WebPage","@id":"https:\/\/lasentinelle.dz\/index.php\/2023\/05\/02\/il-a-pour-mission-de-sauver-la-jsk-de-la-relegation-bouzidi-se-dit-conscient-de-la-situation\/","url":"https:\/\/lasentinelle.dz\/index.php\/2023\/05\/02\/il-a-pour-mission-de-sauver-la-jsk-de-la-relegation-bouzidi-se-dit-conscient-de-la-situation\/","name":"Il a pour mission de sauver la JSK de la rel\u00e9gation \u00a0:\u00a0 Bouzidi se dit \u00ab conscient de la situation \u00bb - La Sentinelle","isPartOf":{"@id":"https:\/\/lasentinelle.dz\/#website"},"primaryImageOfPage":{"@id":"https:\/\/lasentinelle.dz\/index.php\/2023\/05\/02\/il-a-pour-mission-de-sauver-la-jsk-de-la-relegation-bouzidi-se-dit-conscient-de-la-situation\/#primaryimage"},"image":{"@id":"https:\/\/lasentinelle.dz\/index.php\/2023\/05\/02\/il-a-pour-mission-de-sauver-la-jsk-de-la-relegation-bouzidi-se-dit-conscient-de-la-situation\/#primaryimage"},"thumbnailUrl":"https:\/\/lasentinelle.dz\/wp-content\/uploads\/2023\/05\/bouzidi.png","datePublished":"2023-05-02T21:05:00+00:00","breadcrumb":{"@id":"https:\/\/lasentinelle.dz\/index.php\/2023\/05\/02\/il-a-pour-mission-de-sauver-la-jsk-de-la-relegation-bouzidi-se-dit-conscient-de-la-situation\/#breadcrumb"},"inLanguage":"fr-FR","potentialAction":[{"@type":"ReadAction","target":["https:\/\/lasentinelle.dz\/index.php\/2023\/05\/02\/il-a-pour-mission-de-sauver-la-jsk-de-la-relegation-bouzidi-se-dit-conscient-de-la-situation\/"]}]},{"@type":"ImageObject","inLanguage":"fr-FR","@id":"https:\/\/lasentinelle.dz\/index.php\/2023\/05\/02\/il-a-pour-mission-de-sauver-la-jsk-de-la-relegation-bouzidi-se-dit-conscient-de-la-situation\/#primaryimage","url":"https:\/\/lasentinelle.dz\/wp-content\/uploads\/2023\/05\/bouzidi.png","contentUrl":"https:\/\/lasentinelle.dz\/wp-content\/uploads\/2023\/05\/bouzidi.png","width":1214,"height":900},{"@type":"BreadcrumbList","@id":"https:\/\/lasentinelle.dz\/index.php\/2023\/05\/02\/il-a-pour-mission-de-sauver-la-jsk-de-la-relegation-bouzidi-se-dit-conscient-de-la-situation\/#breadcrumb","itemListElement":[{"@type":"ListItem","position":1,"name":"Accueil","item":"https:\/\/lasentinelle.dz\/"},{"@type":"ListItem","position":2,"name":"Il a pour mission de sauver la JSK de la rel\u00e9gation \u00a0:\u00a0 Bouzidi se dit \u00ab conscient de la situation \u00bb"}]},{"@type":"WebSite","@id":"https:\/\/lasentinelle.dz\/#website","url":"https:\/\/lasentinelle.dz\/","name":"La Sentinelle","description":"Quotidien national d&#039;information","publisher":{"@id":"https:\/\/lasentinelle.dz\/#organization"},"potentialAction":[{"@type":"SearchAction","target":{"@type":"EntryPoint","urlTemplate":"https:\/\/lasentinelle.dz\/?s={search_term_string}"},"query-input":{"@type":"PropertyValueSpecification","valueRequired":true,"valueName":"search_term_string"}}],"inLanguage":"fr-FR"},{"@type":"Organization","@id":"https:\/\/lasentinelle.dz\/#organization","name":"Quotidien La Sentinelle","url":"https:\/\/lasentinelle.dz\/","logo":{"@type":"ImageObject","inLanguage":"fr-FR","@id":"https:\/\/lasentinelle.dz\/#\/schema\/logo\/image\/","url":"https:\/\/lasentinelle.dz\/wp-content\/uploads\/2021\/09\/logo-sentinelleSLOGAN-1.png","contentUrl":"https:\/\/lasentinelle.dz\/wp-content\/uploads\/2021\/09\/logo-sentinelleSLOGAN-1.png","width":615,"height":142,"caption":"Quotidien La Sentinelle"},"image":{"@id":"https:\/\/lasentinelle.dz\/#\/schema\/logo\/image\/"},"sameAs":["https:\/\/www.facebook.com\/La-Sentinelle-104059864394773"]},{"@type":"Person","@id":"https:\/\/lasentinelle.dz\/#\/schema\/person\/d865044e22e70a75174ce8bcad3acfb3","name":"La Sentinelle","image":{"@type":"ImageObject","inLanguage":"fr-FR","@id":"https:\/\/secure.gravatar.com\/avatar\/57de8e5d4b15d43fb361a71fbb36338450fe67865b528a43dd10ef7c51a20392?s=96&d=mm&r=g","url":"https:\/\/secure.gravatar.com\/avatar\/57de8e5d4b15d43fb361a71fbb36338450fe67865b528a43dd10ef7c51a20392?s=96&d=mm&r=g","contentUrl":"https:\/\/secure.gravatar.com\/avatar\/57de8e5d4b15d43fb361a71fbb36338450fe67865b528a43dd10ef7c51a20392?s=96&d=mm&r=g","caption":"La Sentinelle"},"sameAs":["http:\/\/www.lasentinelle.dz"],"url":"https:\/\/lasentinelle.dz\/author\/redaction\/"}]}},"_links":{"self":[{"href":"https:\/\/lasentinelle.dz\/index.php\/wp-json\/wp\/v2\/posts\/40348","targetHints":{"allow":["GET"]}}],"collection":[{"href":"https:\/\/lasentinelle.dz\/index.php\/wp-json\/wp\/v2\/posts"}],"about":[{"href":"https:\/\/lasentinelle.dz\/index.php\/wp-json\/wp\/v2\/types\/post"}],"author":[{"embeddable":true,"href":"https:\/\/lasentinelle.dz\/index.php\/wp-json\/wp\/v2\/users\/3"}],"replies":[{"embeddable":true,"href":"https:\/\/lasentinelle.dz\/index.php\/wp-json\/wp\/v2\/comments?post=40348"}],"version-history":[{"count":1,"href":"https:\/\/lasentinelle.dz\/index.php\/wp-json\/wp\/v2\/posts\/40348\/revisions"}],"predecessor-version":[{"id":40357,"href":"https:\/\/lasentinelle.dz\/index.php\/wp-json\/wp\/v2\/posts\/40348\/revisions\/40357"}],"wp:featuredmedia":[{"embeddable":true,"href":"https:\/\/lasentinelle.dz\/index.php\/wp-json\/wp\/v2\/media\/40356"}],"wp:attachment":[{"href":"https:\/\/lasentinelle.dz\/index.php\/wp-json\/wp\/v2\/media?parent=40348"}],"wp:term":[{"taxonomy":"category","embeddable":true,"href":"https:\/\/lasentinelle.dz\/index.php\/wp-json\/wp\/v2\/categories?post=40348"},{"taxonomy":"post_tag","embeddable":true,"href":"https:\/\/lasentinelle.dz\/index.php\/wp-json\/wp\/v2\/tags?post=40348"}],"curies":[{"name":"wp","href":"https:\/\/api.w.org\/{rel}","templated":true}]}}