{"id":40349,"date":"2023-05-02T22:05:00","date_gmt":"2023-05-02T21:05:00","guid":{"rendered":"https:\/\/lasentinelle.dz\/?p=40349"},"modified":"2023-05-02T16:21:26","modified_gmt":"2023-05-02T15:21:26","slug":"aucune-concession-na-ete-accordee-a-annaba-la-gratuite-de-lacces-a-toutes-les-plages-assuree","status":"publish","type":"post","link":"https:\/\/lasentinelle.dz\/index.php\/2023\/05\/02\/aucune-concession-na-ete-accordee-a-annaba-la-gratuite-de-lacces-a-toutes-les-plages-assuree\/","title":{"rendered":"Aucune concession n\u2019a \u00e9t\u00e9 accord\u00e9e \u00e0 Annaba\u00a0: La gratuit\u00e9 de l\u2019acc\u00e8s \u00e0 toutes les plages assur\u00e9e"},"content":{"rendered":"\n<p>Afin de permettre aux estivants de mieux profiter des plages de la commune d\u2019Annaba,&nbsp; les locataires de l\u2019H\u00f4tel de ville ont pris la d\u00e9cision de garantir une gratuit\u00e9 absolue de l\u2019acc\u00e8s aux plages de la Coquette.<\/p>\n\n\n\n<p>Pour ce faire, l\u2019Assembl\u00e9e populaire communale d\u2019Annaba a d\u00e9cid\u00e9 de n\u2019accorder aucune concession pour l\u2019exploitation des neuf plages autoris\u00e9es \u00e0 la baignade de la commune. C\u2019est ce qu\u2019a indiqu\u00e9 le pr\u00e9sident de l\u2019Assembl\u00e9e populaire communale d\u2019Annaba. L\u2019\u00e9lu a affirm\u00e9&nbsp; qu\u2019\u00ab&nbsp;aucune autorisation n\u2019a \u00e9t\u00e9 accord\u00e9e \u00e0 quiconque pour l\u2019exploitation des parasols ou autre \u00e9quipement de plage&nbsp;\u00bb.&nbsp; Cette d\u00e9cision s\u2019inscrit dans le cadre de la promotion du tourisme \u00e0 Annaba et bannir certaines pratiques comme l\u2019acc\u00e8s payant aux plages &nbsp;qui ont terni l\u2019image de marque de cette ville touristique et accueillante surtout. L\u2019APC d\u2019Annaba a n\u00e9anmoins accord\u00e9 aux jeunes des autorisations pour la location des chaises et parasols, \u00e0 condition qu\u2019ils soient install\u00e9s loin du sable des plages. Les jeunes vers\u00e9s dans la location de ces affaires sont appel\u00e9s \u00e0 ne pas squatter les espaces r\u00e9serv\u00e9s aux baigneurs. Ces derniers sont libres de ramener leurs propres chaises et tables ou de proc\u00e9der \u00e0 leur location \u00ab&nbsp;mais les jeunes n\u2019ont aucun droit de les contraindre \u00e0 recourir \u00e0 la location et du coup payer l\u2019acc\u00e8s \u00e0 la plage&nbsp;\u00bb. Pour le P\/APC de la commune d\u2019Annaba, il est grand temps de mettre fin \u00e0 la mainmise de la mafia des plages (parkingueurs et loueurs de tables, chaises et parasols).&nbsp; Outre la r\u00e9servation au profit des estivants des espaces de stationnement gratuits avec un acc\u00e8s gratuit \u00e0 la plage, le pr\u00e9sident de l\u2019APC&nbsp; d\u2019Annaba a affirm\u00e9 que \u00ab&nbsp;les pouvoirs publics ont d\u00e9cid\u00e9 de durcir le ton avec ceux qui ne respectent pas strictement les instructions du cahier des charges relatives \u00e0 la location du mat\u00e9riel sur les plages&nbsp;\u00bb. Les autorit\u00e9s communales de la ville d&rsquo;Annaba semblent bien d\u00e9termin\u00e9s \u00e0 faire respecter les lois de la R\u00e9publique sur la gratuit\u00e9 d\u2019acc\u00e8s aux plages. Reste \u00e0 savoir si cette d\u00e9cision de l\u2019APC d\u2019Annaba trouvera l\u2019adh\u00e9sion n\u00e9cessaire pour la faire respecter. En attendant de voir ce v\u0153u pieux des services de la mairie d\u2019Annaba se concr\u00e9tiser, il est imp\u00e9ratif de rappeler que la mafia des plages n\u2019a jamais c\u00e9d\u00e9. Mais face \u00e0 l\u2019ent\u00eatement de la mafia des plages et en l\u2019absence de rigueur dans l\u2019application des instructions des hautes autorit\u00e9s de l\u2019\u00c9tat, la situation s\u2019est, au fil des ans,&nbsp; fortement d\u00e9grad\u00e9e. Au point qu\u2019aller \u00e0 la plage est devenu&nbsp; un parcours du combattant. Au -del\u00e0 s\u2019ajoute l\u2019ins\u00e9curit\u00e9, la&nbsp; pollution, le harc\u00e8lement, l\u2019incivisme et la chert\u00e9 des services. Des facteurs qui&nbsp; autrefois n&rsquo;existaient pas pour les&nbsp; estivants&nbsp; qui se rendaient aux plages&nbsp; pour se d\u00e9tendre.<\/p>\n\n\n\n<p><strong>Sofia Chahine<\/strong><\/p>\n","protected":false},"excerpt":{"rendered":"<p>Afin de permettre aux estivants de mieux profiter des plages de la commune d\u2019Annaba,&nbsp; les locataires de l\u2019H\u00f4tel de ville<\/p>\n","protected":false},"author":3,"featured_media":40359,"comment_status":"open","ping_status":"closed","sticky":false,"template":"","format":"standard","meta":{"colormag_page_container_layout":"default_layout","colormag_page_sidebar_layout":"default_layout","om_disable_all_campaigns":false,"_monsterinsights_skip_tracking":false,"_monsterinsights_sitenote_active":false,"_monsterinsights_sitenote_note":"","_monsterinsights_sitenote_category":0,"footnotes":"","_wpscppro_dont_share_socialmedia":false,"_wpscppro_custom_social_share_image":0,"_facebook_share_type":"","_twitter_share_type":"","_linkedin_share_type":"","_pinterest_share_type":"","_linkedin_share_type_page":"","_instagram_share_type":"","_medium_share_type":"","_threads_share_type":"","_google_business_share_type":"","_selected_social_profile":[],"_wpsp_enable_custom_social_template":false,"_wpsp_social_scheduling":{"enabled":false,"datetime":null,"platforms":[],"status":"template_only","dateOption":"today","timeOption":"now","customDays":"","customHours":"","customDate":"","customTime":"","schedulingType":"absolute"},"_wpsp_active_default_template":true},"categories":[31],"tags":[],"class_list":["post-40349","post","type-post","status-publish","format-standard","has-post-thumbnail","hentry","category-regions"],"aioseo_notices":[],"yoast_head":"<!-- This site is optimized with the Yoast SEO plugin v27.5 - https:\/\/yoast.com\/product\/yoast-seo-wordpress\/ -->\n<title>Aucune concession n\u2019a \u00e9t\u00e9 accord\u00e9e \u00e0 Annaba\u00a0: La gratuit\u00e9 de l\u2019acc\u00e8s \u00e0 toutes les plages assur\u00e9e - La Sentinelle<\/title>\n<meta name=\"robots\" content=\"index, follow, max-snippet:-1, max-image-preview:large, max-video-preview:-1\" \/>\n<link rel=\"canonical\" href=\"https:\/\/lasentinelle.dz\/index.php\/2023\/05\/02\/aucune-concession-na-ete-accordee-a-annaba-la-gratuite-de-lacces-a-toutes-les-plages-assuree\/\" \/>\n<meta property=\"og:locale\" content=\"fr_FR\" \/>\n<meta property=\"og:type\" content=\"article\" \/>\n<meta property=\"og:title\" content=\"Aucune concession n\u2019a \u00e9t\u00e9 accord\u00e9e \u00e0 Annaba\u00a0: La gratuit\u00e9 de l\u2019acc\u00e8s \u00e0 toutes les plages assur\u00e9e - La Sentinelle\" \/>\n<meta property=\"og:description\" content=\"Afin de permettre aux estivants de mieux profiter des plages de la commune d\u2019Annaba,&nbsp; les locataires de l\u2019H\u00f4tel de ville\" \/>\n<meta property=\"og:url\" content=\"https:\/\/lasentinelle.dz\/index.php\/2023\/05\/02\/aucune-concession-na-ete-accordee-a-annaba-la-gratuite-de-lacces-a-toutes-les-plages-assuree\/\" \/>\n<meta property=\"og:site_name\" content=\"La Sentinelle\" \/>\n<meta property=\"article:publisher\" content=\"https:\/\/www.facebook.com\/La-Sentinelle-104059864394773\" \/>\n<meta property=\"article:published_time\" content=\"2023-05-02T21:05:00+00:00\" \/>\n<meta property=\"og:image\" content=\"https:\/\/lasentinelle.dz\/wp-content\/uploads\/2023\/05\/plage-chapuis-annaba.png\" \/>\n\t<meta property=\"og:image:width\" content=\"1200\" \/>\n\t<meta property=\"og:image:height\" content=\"900\" \/>\n\t<meta property=\"og:image:type\" content=\"image\/png\" \/>\n<meta name=\"author\" content=\"La Sentinelle\" \/>\n<meta name=\"twitter:card\" content=\"summary_large_image\" \/>\n<meta name=\"twitter:label1\" content=\"\u00c9crit par\" \/>\n\t<meta name=\"twitter:data1\" content=\"La Sentinelle\" \/>\n\t<meta name=\"twitter:label2\" content=\"Dur\u00e9e de lecture estim\u00e9e\" \/>\n\t<meta name=\"twitter:data2\" content=\"3 minutes\" \/>\n<script type=\"application\/ld+json\" class=\"yoast-schema-graph\">{\"@context\":\"https:\\\/\\\/schema.org\",\"@graph\":[{\"@type\":\"Article\",\"@id\":\"https:\\\/\\\/lasentinelle.dz\\\/index.php\\\/2023\\\/05\\\/02\\\/aucune-concession-na-ete-accordee-a-annaba-la-gratuite-de-lacces-a-toutes-les-plages-assuree\\\/#article\",\"isPartOf\":{\"@id\":\"https:\\\/\\\/lasentinelle.dz\\\/index.php\\\/2023\\\/05\\\/02\\\/aucune-concession-na-ete-accordee-a-annaba-la-gratuite-de-lacces-a-toutes-les-plages-assuree\\\/\"},\"author\":{\"name\":\"La Sentinelle\",\"@id\":\"https:\\\/\\\/lasentinelle.dz\\\/#\\\/schema\\\/person\\\/d865044e22e70a75174ce8bcad3acfb3\"},\"headline\":\"Aucune concession n\u2019a \u00e9t\u00e9 accord\u00e9e \u00e0 Annaba\u00a0: La gratuit\u00e9 de l\u2019acc\u00e8s \u00e0 toutes les plages assur\u00e9e\",\"datePublished\":\"2023-05-02T21:05:00+00:00\",\"mainEntityOfPage\":{\"@id\":\"https:\\\/\\\/lasentinelle.dz\\\/index.php\\\/2023\\\/05\\\/02\\\/aucune-concession-na-ete-accordee-a-annaba-la-gratuite-de-lacces-a-toutes-les-plages-assuree\\\/\"},\"wordCount\":553,\"commentCount\":0,\"publisher\":{\"@id\":\"https:\\\/\\\/lasentinelle.dz\\\/#organization\"},\"image\":{\"@id\":\"https:\\\/\\\/lasentinelle.dz\\\/index.php\\\/2023\\\/05\\\/02\\\/aucune-concession-na-ete-accordee-a-annaba-la-gratuite-de-lacces-a-toutes-les-plages-assuree\\\/#primaryimage\"},\"thumbnailUrl\":\"https:\\\/\\\/lasentinelle.dz\\\/wp-content\\\/uploads\\\/2023\\\/05\\\/plage-chapuis-annaba.png\",\"articleSection\":[\"R\u00e9gions\"],\"inLanguage\":\"fr-FR\",\"potentialAction\":[{\"@type\":\"CommentAction\",\"name\":\"Comment\",\"target\":[\"https:\\\/\\\/lasentinelle.dz\\\/index.php\\\/2023\\\/05\\\/02\\\/aucune-concession-na-ete-accordee-a-annaba-la-gratuite-de-lacces-a-toutes-les-plages-assuree\\\/#respond\"]}]},{\"@type\":\"WebPage\",\"@id\":\"https:\\\/\\\/lasentinelle.dz\\\/index.php\\\/2023\\\/05\\\/02\\\/aucune-concession-na-ete-accordee-a-annaba-la-gratuite-de-lacces-a-toutes-les-plages-assuree\\\/\",\"url\":\"https:\\\/\\\/lasentinelle.dz\\\/index.php\\\/2023\\\/05\\\/02\\\/aucune-concession-na-ete-accordee-a-annaba-la-gratuite-de-lacces-a-toutes-les-plages-assuree\\\/\",\"name\":\"Aucune concession n\u2019a \u00e9t\u00e9 accord\u00e9e \u00e0 Annaba\u00a0: La gratuit\u00e9 de l\u2019acc\u00e8s \u00e0 toutes les plages assur\u00e9e - La Sentinelle\",\"isPartOf\":{\"@id\":\"https:\\\/\\\/lasentinelle.dz\\\/#website\"},\"primaryImageOfPage\":{\"@id\":\"https:\\\/\\\/lasentinelle.dz\\\/index.php\\\/2023\\\/05\\\/02\\\/aucune-concession-na-ete-accordee-a-annaba-la-gratuite-de-lacces-a-toutes-les-plages-assuree\\\/#primaryimage\"},\"image\":{\"@id\":\"https:\\\/\\\/lasentinelle.dz\\\/index.php\\\/2023\\\/05\\\/02\\\/aucune-concession-na-ete-accordee-a-annaba-la-gratuite-de-lacces-a-toutes-les-plages-assuree\\\/#primaryimage\"},\"thumbnailUrl\":\"https:\\\/\\\/lasentinelle.dz\\\/wp-content\\\/uploads\\\/2023\\\/05\\\/plage-chapuis-annaba.png\",\"datePublished\":\"2023-05-02T21:05:00+00:00\",\"breadcrumb\":{\"@id\":\"https:\\\/\\\/lasentinelle.dz\\\/index.php\\\/2023\\\/05\\\/02\\\/aucune-concession-na-ete-accordee-a-annaba-la-gratuite-de-lacces-a-toutes-les-plages-assuree\\\/#breadcrumb\"},\"inLanguage\":\"fr-FR\",\"potentialAction\":[{\"@type\":\"ReadAction\",\"target\":[\"https:\\\/\\\/lasentinelle.dz\\\/index.php\\\/2023\\\/05\\\/02\\\/aucune-concession-na-ete-accordee-a-annaba-la-gratuite-de-lacces-a-toutes-les-plages-assuree\\\/\"]}]},{\"@type\":\"ImageObject\",\"inLanguage\":\"fr-FR\",\"@id\":\"https:\\\/\\\/lasentinelle.dz\\\/index.php\\\/2023\\\/05\\\/02\\\/aucune-concession-na-ete-accordee-a-annaba-la-gratuite-de-lacces-a-toutes-les-plages-assuree\\\/#primaryimage\",\"url\":\"https:\\\/\\\/lasentinelle.dz\\\/wp-content\\\/uploads\\\/2023\\\/05\\\/plage-chapuis-annaba.png\",\"contentUrl\":\"https:\\\/\\\/lasentinelle.dz\\\/wp-content\\\/uploads\\\/2023\\\/05\\\/plage-chapuis-annaba.png\",\"width\":1200,\"height\":900},{\"@type\":\"BreadcrumbList\",\"@id\":\"https:\\\/\\\/lasentinelle.dz\\\/index.php\\\/2023\\\/05\\\/02\\\/aucune-concession-na-ete-accordee-a-annaba-la-gratuite-de-lacces-a-toutes-les-plages-assuree\\\/#breadcrumb\",\"itemListElement\":[{\"@type\":\"ListItem\",\"position\":1,\"name\":\"Accueil\",\"item\":\"https:\\\/\\\/lasentinelle.dz\\\/\"},{\"@type\":\"ListItem\",\"position\":2,\"name\":\"Aucune concession n\u2019a \u00e9t\u00e9 accord\u00e9e \u00e0 Annaba\u00a0: La gratuit\u00e9 de l\u2019acc\u00e8s \u00e0 toutes les plages assur\u00e9e\"}]},{\"@type\":\"WebSite\",\"@id\":\"https:\\\/\\\/lasentinelle.dz\\\/#website\",\"url\":\"https:\\\/\\\/lasentinelle.dz\\\/\",\"name\":\"La Sentinelle\",\"description\":\"Quotidien national d&#039;information\",\"publisher\":{\"@id\":\"https:\\\/\\\/lasentinelle.dz\\\/#organization\"},\"potentialAction\":[{\"@type\":\"SearchAction\",\"target\":{\"@type\":\"EntryPoint\",\"urlTemplate\":\"https:\\\/\\\/lasentinelle.dz\\\/?s={search_term_string}\"},\"query-input\":{\"@type\":\"PropertyValueSpecification\",\"valueRequired\":true,\"valueName\":\"search_term_string\"}}],\"inLanguage\":\"fr-FR\"},{\"@type\":\"Organization\",\"@id\":\"https:\\\/\\\/lasentinelle.dz\\\/#organization\",\"name\":\"Quotidien La Sentinelle\",\"url\":\"https:\\\/\\\/lasentinelle.dz\\\/\",\"logo\":{\"@type\":\"ImageObject\",\"inLanguage\":\"fr-FR\",\"@id\":\"https:\\\/\\\/lasentinelle.dz\\\/#\\\/schema\\\/logo\\\/image\\\/\",\"url\":\"https:\\\/\\\/lasentinelle.dz\\\/wp-content\\\/uploads\\\/2021\\\/09\\\/logo-sentinelleSLOGAN-1.png\",\"contentUrl\":\"https:\\\/\\\/lasentinelle.dz\\\/wp-content\\\/uploads\\\/2021\\\/09\\\/logo-sentinelleSLOGAN-1.png\",\"width\":615,\"height\":142,\"caption\":\"Quotidien La Sentinelle\"},\"image\":{\"@id\":\"https:\\\/\\\/lasentinelle.dz\\\/#\\\/schema\\\/logo\\\/image\\\/\"},\"sameAs\":[\"https:\\\/\\\/www.facebook.com\\\/La-Sentinelle-104059864394773\"]},{\"@type\":\"Person\",\"@id\":\"https:\\\/\\\/lasentinelle.dz\\\/#\\\/schema\\\/person\\\/d865044e22e70a75174ce8bcad3acfb3\",\"name\":\"La Sentinelle\",\"image\":{\"@type\":\"ImageObject\",\"inLanguage\":\"fr-FR\",\"@id\":\"https:\\\/\\\/secure.gravatar.com\\\/avatar\\\/57de8e5d4b15d43fb361a71fbb36338450fe67865b528a43dd10ef7c51a20392?s=96&d=mm&r=g\",\"url\":\"https:\\\/\\\/secure.gravatar.com\\\/avatar\\\/57de8e5d4b15d43fb361a71fbb36338450fe67865b528a43dd10ef7c51a20392?s=96&d=mm&r=g\",\"contentUrl\":\"https:\\\/\\\/secure.gravatar.com\\\/avatar\\\/57de8e5d4b15d43fb361a71fbb36338450fe67865b528a43dd10ef7c51a20392?s=96&d=mm&r=g\",\"caption\":\"La Sentinelle\"},\"sameAs\":[\"http:\\\/\\\/www.lasentinelle.dz\"],\"url\":\"https:\\\/\\\/lasentinelle.dz\\\/author\\\/redaction\\\/\"}]}<\/script>\n<!-- \/ Yoast SEO plugin. -->","yoast_head_json":{"title":"Aucune concession n\u2019a \u00e9t\u00e9 accord\u00e9e \u00e0 Annaba\u00a0: La gratuit\u00e9 de l\u2019acc\u00e8s \u00e0 toutes les plages assur\u00e9e - La Sentinelle","robots":{"index":"index","follow":"follow","max-snippet":"max-snippet:-1","max-image-preview":"max-image-preview:large","max-video-preview":"max-video-preview:-1"},"canonical":"https:\/\/lasentinelle.dz\/index.php\/2023\/05\/02\/aucune-concession-na-ete-accordee-a-annaba-la-gratuite-de-lacces-a-toutes-les-plages-assuree\/","og_locale":"fr_FR","og_type":"article","og_title":"Aucune concession n\u2019a \u00e9t\u00e9 accord\u00e9e \u00e0 Annaba\u00a0: La gratuit\u00e9 de l\u2019acc\u00e8s \u00e0 toutes les plages assur\u00e9e - La Sentinelle","og_description":"Afin de permettre aux estivants de mieux profiter des plages de la commune d\u2019Annaba,&nbsp; les locataires de l\u2019H\u00f4tel de ville","og_url":"https:\/\/lasentinelle.dz\/index.php\/2023\/05\/02\/aucune-concession-na-ete-accordee-a-annaba-la-gratuite-de-lacces-a-toutes-les-plages-assuree\/","og_site_name":"La Sentinelle","article_publisher":"https:\/\/www.facebook.com\/La-Sentinelle-104059864394773","article_published_time":"2023-05-02T21:05:00+00:00","og_image":[{"width":1200,"height":900,"url":"https:\/\/lasentinelle.dz\/wp-content\/uploads\/2023\/05\/plage-chapuis-annaba.png","type":"image\/png"}],"author":"La Sentinelle","twitter_card":"summary_large_image","twitter_misc":{"\u00c9crit par":"La Sentinelle","Dur\u00e9e de lecture estim\u00e9e":"3 minutes"},"schema":{"@context":"https:\/\/schema.org","@graph":[{"@type":"Article","@id":"https:\/\/lasentinelle.dz\/index.php\/2023\/05\/02\/aucune-concession-na-ete-accordee-a-annaba-la-gratuite-de-lacces-a-toutes-les-plages-assuree\/#article","isPartOf":{"@id":"https:\/\/lasentinelle.dz\/index.php\/2023\/05\/02\/aucune-concession-na-ete-accordee-a-annaba-la-gratuite-de-lacces-a-toutes-les-plages-assuree\/"},"author":{"name":"La Sentinelle","@id":"https:\/\/lasentinelle.dz\/#\/schema\/person\/d865044e22e70a75174ce8bcad3acfb3"},"headline":"Aucune concession n\u2019a \u00e9t\u00e9 accord\u00e9e \u00e0 Annaba\u00a0: La gratuit\u00e9 de l\u2019acc\u00e8s \u00e0 toutes les plages assur\u00e9e","datePublished":"2023-05-02T21:05:00+00:00","mainEntityOfPage":{"@id":"https:\/\/lasentinelle.dz\/index.php\/2023\/05\/02\/aucune-concession-na-ete-accordee-a-annaba-la-gratuite-de-lacces-a-toutes-les-plages-assuree\/"},"wordCount":553,"commentCount":0,"publisher":{"@id":"https:\/\/lasentinelle.dz\/#organization"},"image":{"@id":"https:\/\/lasentinelle.dz\/index.php\/2023\/05\/02\/aucune-concession-na-ete-accordee-a-annaba-la-gratuite-de-lacces-a-toutes-les-plages-assuree\/#primaryimage"},"thumbnailUrl":"https:\/\/lasentinelle.dz\/wp-content\/uploads\/2023\/05\/plage-chapuis-annaba.png","articleSection":["R\u00e9gions"],"inLanguage":"fr-FR","potentialAction":[{"@type":"CommentAction","name":"Comment","target":["https:\/\/lasentinelle.dz\/index.php\/2023\/05\/02\/aucune-concession-na-ete-accordee-a-annaba-la-gratuite-de-lacces-a-toutes-les-plages-assuree\/#respond"]}]},{"@type":"WebPage","@id":"https:\/\/lasentinelle.dz\/index.php\/2023\/05\/02\/aucune-concession-na-ete-accordee-a-annaba-la-gratuite-de-lacces-a-toutes-les-plages-assuree\/","url":"https:\/\/lasentinelle.dz\/index.php\/2023\/05\/02\/aucune-concession-na-ete-accordee-a-annaba-la-gratuite-de-lacces-a-toutes-les-plages-assuree\/","name":"Aucune concession n\u2019a \u00e9t\u00e9 accord\u00e9e \u00e0 Annaba\u00a0: La gratuit\u00e9 de l\u2019acc\u00e8s \u00e0 toutes les plages assur\u00e9e - La Sentinelle","isPartOf":{"@id":"https:\/\/lasentinelle.dz\/#website"},"primaryImageOfPage":{"@id":"https:\/\/lasentinelle.dz\/index.php\/2023\/05\/02\/aucune-concession-na-ete-accordee-a-annaba-la-gratuite-de-lacces-a-toutes-les-plages-assuree\/#primaryimage"},"image":{"@id":"https:\/\/lasentinelle.dz\/index.php\/2023\/05\/02\/aucune-concession-na-ete-accordee-a-annaba-la-gratuite-de-lacces-a-toutes-les-plages-assuree\/#primaryimage"},"thumbnailUrl":"https:\/\/lasentinelle.dz\/wp-content\/uploads\/2023\/05\/plage-chapuis-annaba.png","datePublished":"2023-05-02T21:05:00+00:00","breadcrumb":{"@id":"https:\/\/lasentinelle.dz\/index.php\/2023\/05\/02\/aucune-concession-na-ete-accordee-a-annaba-la-gratuite-de-lacces-a-toutes-les-plages-assuree\/#breadcrumb"},"inLanguage":"fr-FR","potentialAction":[{"@type":"ReadAction","target":["https:\/\/lasentinelle.dz\/index.php\/2023\/05\/02\/aucune-concession-na-ete-accordee-a-annaba-la-gratuite-de-lacces-a-toutes-les-plages-assuree\/"]}]},{"@type":"ImageObject","inLanguage":"fr-FR","@id":"https:\/\/lasentinelle.dz\/index.php\/2023\/05\/02\/aucune-concession-na-ete-accordee-a-annaba-la-gratuite-de-lacces-a-toutes-les-plages-assuree\/#primaryimage","url":"https:\/\/lasentinelle.dz\/wp-content\/uploads\/2023\/05\/plage-chapuis-annaba.png","contentUrl":"https:\/\/lasentinelle.dz\/wp-content\/uploads\/2023\/05\/plage-chapuis-annaba.png","width":1200,"height":900},{"@type":"BreadcrumbList","@id":"https:\/\/lasentinelle.dz\/index.php\/2023\/05\/02\/aucune-concession-na-ete-accordee-a-annaba-la-gratuite-de-lacces-a-toutes-les-plages-assuree\/#breadcrumb","itemListElement":[{"@type":"ListItem","position":1,"name":"Accueil","item":"https:\/\/lasentinelle.dz\/"},{"@type":"ListItem","position":2,"name":"Aucune concession n\u2019a \u00e9t\u00e9 accord\u00e9e \u00e0 Annaba\u00a0: La gratuit\u00e9 de l\u2019acc\u00e8s \u00e0 toutes les plages assur\u00e9e"}]},{"@type":"WebSite","@id":"https:\/\/lasentinelle.dz\/#website","url":"https:\/\/lasentinelle.dz\/","name":"La Sentinelle","description":"Quotidien national d&#039;information","publisher":{"@id":"https:\/\/lasentinelle.dz\/#organization"},"potentialAction":[{"@type":"SearchAction","target":{"@type":"EntryPoint","urlTemplate":"https:\/\/lasentinelle.dz\/?s={search_term_string}"},"query-input":{"@type":"PropertyValueSpecification","valueRequired":true,"valueName":"search_term_string"}}],"inLanguage":"fr-FR"},{"@type":"Organization","@id":"https:\/\/lasentinelle.dz\/#organization","name":"Quotidien La Sentinelle","url":"https:\/\/lasentinelle.dz\/","logo":{"@type":"ImageObject","inLanguage":"fr-FR","@id":"https:\/\/lasentinelle.dz\/#\/schema\/logo\/image\/","url":"https:\/\/lasentinelle.dz\/wp-content\/uploads\/2021\/09\/logo-sentinelleSLOGAN-1.png","contentUrl":"https:\/\/lasentinelle.dz\/wp-content\/uploads\/2021\/09\/logo-sentinelleSLOGAN-1.png","width":615,"height":142,"caption":"Quotidien La Sentinelle"},"image":{"@id":"https:\/\/lasentinelle.dz\/#\/schema\/logo\/image\/"},"sameAs":["https:\/\/www.facebook.com\/La-Sentinelle-104059864394773"]},{"@type":"Person","@id":"https:\/\/lasentinelle.dz\/#\/schema\/person\/d865044e22e70a75174ce8bcad3acfb3","name":"La Sentinelle","image":{"@type":"ImageObject","inLanguage":"fr-FR","@id":"https:\/\/secure.gravatar.com\/avatar\/57de8e5d4b15d43fb361a71fbb36338450fe67865b528a43dd10ef7c51a20392?s=96&d=mm&r=g","url":"https:\/\/secure.gravatar.com\/avatar\/57de8e5d4b15d43fb361a71fbb36338450fe67865b528a43dd10ef7c51a20392?s=96&d=mm&r=g","contentUrl":"https:\/\/secure.gravatar.com\/avatar\/57de8e5d4b15d43fb361a71fbb36338450fe67865b528a43dd10ef7c51a20392?s=96&d=mm&r=g","caption":"La Sentinelle"},"sameAs":["http:\/\/www.lasentinelle.dz"],"url":"https:\/\/lasentinelle.dz\/author\/redaction\/"}]}},"_links":{"self":[{"href":"https:\/\/lasentinelle.dz\/index.php\/wp-json\/wp\/v2\/posts\/40349","targetHints":{"allow":["GET"]}}],"collection":[{"href":"https:\/\/lasentinelle.dz\/index.php\/wp-json\/wp\/v2\/posts"}],"about":[{"href":"https:\/\/lasentinelle.dz\/index.php\/wp-json\/wp\/v2\/types\/post"}],"author":[{"embeddable":true,"href":"https:\/\/lasentinelle.dz\/index.php\/wp-json\/wp\/v2\/users\/3"}],"replies":[{"embeddable":true,"href":"https:\/\/lasentinelle.dz\/index.php\/wp-json\/wp\/v2\/comments?post=40349"}],"version-history":[{"count":1,"href":"https:\/\/lasentinelle.dz\/index.php\/wp-json\/wp\/v2\/posts\/40349\/revisions"}],"predecessor-version":[{"id":40361,"href":"https:\/\/lasentinelle.dz\/index.php\/wp-json\/wp\/v2\/posts\/40349\/revisions\/40361"}],"wp:featuredmedia":[{"embeddable":true,"href":"https:\/\/lasentinelle.dz\/index.php\/wp-json\/wp\/v2\/media\/40359"}],"wp:attachment":[{"href":"https:\/\/lasentinelle.dz\/index.php\/wp-json\/wp\/v2\/media?parent=40349"}],"wp:term":[{"taxonomy":"category","embeddable":true,"href":"https:\/\/lasentinelle.dz\/index.php\/wp-json\/wp\/v2\/categories?post=40349"},{"taxonomy":"post_tag","embeddable":true,"href":"https:\/\/lasentinelle.dz\/index.php\/wp-json\/wp\/v2\/tags?post=40349"}],"curies":[{"name":"wp","href":"https:\/\/api.w.org\/{rel}","templated":true}]}}