{"id":40350,"date":"2023-05-02T22:05:00","date_gmt":"2023-05-02T21:05:00","guid":{"rendered":"https:\/\/lasentinelle.dz\/?p=40350"},"modified":"2023-05-02T16:21:32","modified_gmt":"2023-05-02T15:21:32","slug":"annaba-rififi-a-lapc-del-eulma","status":"publish","type":"post","link":"https:\/\/lasentinelle.dz\/index.php\/2023\/05\/02\/annaba-rififi-a-lapc-del-eulma\/","title":{"rendered":"Annaba\u00a0: Rififi \u00e0 l\u2019APC d\u2019El Eulma"},"content":{"rendered":"\n<p>Apr\u00e8s l\u2019APC de la commune d\u2019Annaba et Ain El Berda entre autres, au sein desquelles&nbsp; les gu\u00e9guerres entre les \u00e9lus occupent le quotidien de ces communes, c\u2019est au tour de la mairie d\u2019El Eulma qui, depuis quelques semaines, est prise en tenailles en raison d\u2019un conflit entre le maire et son ex\u00e9cutif. \u00c0 l\u2019origine de cette situation, comme&nbsp; dans chaque assembl\u00e9e populaire communale, le rejet des \u00e9lus de la proposition de la r\u00e9organisation de l\u2019ex\u00e9cutif de la ville,&nbsp; par le pr\u00e9sident de l\u2019APC. Ainsi, un&nbsp; total de 18 membres ont vot\u00e9 \u00e0 l\u2019unanimit\u00e9 le rejet de&nbsp; la proposition, en affichant leur opposition \u00e0 la mani\u00e8re dont la proposition a \u00e9t\u00e9 pr\u00e9sent\u00e9e et ses implications pour l\u2019avenir de la ville, ont rapport\u00e9 plusieurs \u00e9lus de l\u2019APC d\u2019El Eulma. Selon nos interlocuteurs, \u00e0 l\u2019issue de la session extraordinaire de l\u2019APC tenue jeudi dernier, les membres de l\u2019ex\u00e9cutif&nbsp; ont d\u00e9clar\u00e9 qu\u2019ils avaient vot\u00e9 contre la proposition en signe de protestation contre les pratiques qui ont \u00e9t\u00e9 qualifi\u00e9es de \u201d vindicatives et irresponsables\u201d du P\/APC. Ils ont \u00e9galement d\u00e9clar\u00e9 que la proposition avait \u00e9t\u00e9 pr\u00e9sent\u00e9e de mani\u00e8re ill\u00e9gale, ce qui les a pouss\u00e9s \u00e0 d\u00e9noncer ce qu\u2019ils ont qualifi\u00e9 de \u201d tendances autoritaires\u201d du pr\u00e9sident de l\u2019APC et sa volont\u00e9 de g\u00e9rer la ville de mani\u00e8re unilat\u00e9rale, nous dit-on.&nbsp; Les m\u00eames \u00e9lus communaux ont soulign\u00e9 que leur position \u00e9tait bas\u00e9e sur le principe de transparence et de participation dans la gestion des affaires municipales. Ils ont insist\u00e9 sur le fait qu\u2019ils \u00e9taient \u00ab&nbsp;pr\u00eats \u00e0 travailler ensemble pour le bien de la ville&nbsp;\u00bb, mais qu\u2019ils ne pouvaient pas \u00ab&nbsp;accepter les m\u00e9thodes du pr\u00e9sident de l\u2019APC&nbsp;\u00bb. Nos interlocuteurs ont mis en avant les probl\u00e8mes auxquels la ville d\u2019El Eulma est confront\u00e9e, tels que le d\u00e9clin de l\u2019activit\u00e9 \u00e9conomique et l\u2019insatisfaction croissante de la population. Les membres de l\u2019APC ont de ce fait soulign\u00e9 que la ville avait besoin d\u2019un effort collectif et de la participation de toutes les parties prenantes pour surmonter ces d\u00e9fis. Si les concern\u00e9s ont manifest\u00e9 leur volont\u00e9 \u00e0 vouloir de travailler ensemble pour le bien \u00eatre de la ville, tout en insistant sur le respect des proc\u00e9dures l\u00e9gales et la participation de toutes les parties prenantes, leur d\u00e9claration met en exergue l\u2019atmosph\u00e8re d\u00e9l\u00e9t\u00e8re&nbsp; r\u00e9gnant au sein de la municipalit\u00e9 d\u2019El Eulma. Une instabilit\u00e9 qui, nous dit-on,&nbsp; ne sert qu\u2019\u00e0 entraver le d\u00e9veloppement local de la ville et creuser le foss\u00e9 de la confiance entre les&nbsp; et les administr\u00e9s et les autorit\u00e9s communales. Pour plus d\u2019information sur cette situation conflictuelle, nous avons tent\u00e9 de prendre attache avec le P\/APC pour tenter de comprendre son point de vue sur la situation. Or, nos efforts n\u2019ont pas abouti, en raison de l\u2019emploi du temps charg\u00e9 du maire qui \u00e9tait souvent hors du bureau.<\/p>\n\n\n\n<p><strong>S<\/strong><strong>. Chahine<\/strong><\/p>\n","protected":false},"excerpt":{"rendered":"<p>Apr\u00e8s l\u2019APC de la commune d\u2019Annaba et Ain El Berda entre autres, au sein desquelles&nbsp; les gu\u00e9guerres entre les \u00e9lus<\/p>\n","protected":false},"author":3,"featured_media":40360,"comment_status":"open","ping_status":"closed","sticky":false,"template":"","format":"standard","meta":{"colormag_page_container_layout":"default_layout","colormag_page_sidebar_layout":"default_layout","om_disable_all_campaigns":false,"_monsterinsights_skip_tracking":false,"_monsterinsights_sitenote_active":false,"_monsterinsights_sitenote_note":"","_monsterinsights_sitenote_category":0,"footnotes":"","_wpscppro_dont_share_socialmedia":false,"_wpscppro_custom_social_share_image":0,"_facebook_share_type":"","_twitter_share_type":"","_linkedin_share_type":"","_pinterest_share_type":"","_linkedin_share_type_page":"","_instagram_share_type":"","_medium_share_type":"","_threads_share_type":"","_google_business_share_type":"","_selected_social_profile":[],"_wpsp_enable_custom_social_template":false,"_wpsp_social_scheduling":{"enabled":false,"datetime":null,"platforms":[],"status":"template_only","dateOption":"today","timeOption":"now","customDays":"","customHours":"","customDate":"","customTime":"","schedulingType":"absolute"},"_wpsp_active_default_template":true},"categories":[31],"tags":[],"class_list":["post-40350","post","type-post","status-publish","format-standard","has-post-thumbnail","hentry","category-regions"],"aioseo_notices":[],"yoast_head":"<!-- This site is optimized with the Yoast SEO plugin v27.5 - https:\/\/yoast.com\/product\/yoast-seo-wordpress\/ -->\n<title>Annaba\u00a0: Rififi \u00e0 l\u2019APC d\u2019El Eulma - La Sentinelle<\/title>\n<meta name=\"robots\" content=\"index, follow, max-snippet:-1, max-image-preview:large, max-video-preview:-1\" \/>\n<link rel=\"canonical\" href=\"https:\/\/lasentinelle.dz\/index.php\/2023\/05\/02\/annaba-rififi-a-lapc-del-eulma\/\" \/>\n<meta property=\"og:locale\" content=\"fr_FR\" \/>\n<meta property=\"og:type\" content=\"article\" \/>\n<meta property=\"og:title\" content=\"Annaba\u00a0: Rififi \u00e0 l\u2019APC d\u2019El Eulma - La Sentinelle\" \/>\n<meta property=\"og:description\" content=\"Apr\u00e8s l\u2019APC de la commune d\u2019Annaba et Ain El Berda entre autres, au sein desquelles&nbsp; les gu\u00e9guerres entre les \u00e9lus\" \/>\n<meta property=\"og:url\" content=\"https:\/\/lasentinelle.dz\/index.php\/2023\/05\/02\/annaba-rififi-a-lapc-del-eulma\/\" \/>\n<meta property=\"og:site_name\" content=\"La Sentinelle\" \/>\n<meta property=\"article:publisher\" content=\"https:\/\/www.facebook.com\/La-Sentinelle-104059864394773\" \/>\n<meta property=\"article:published_time\" content=\"2023-05-02T21:05:00+00:00\" \/>\n<meta property=\"og:image\" content=\"https:\/\/lasentinelle.dz\/wp-content\/uploads\/2023\/05\/image_2023-05-02_162116821.png\" \/>\n\t<meta property=\"og:image:width\" content=\"470\" \/>\n\t<meta property=\"og:image:height\" content=\"357\" \/>\n\t<meta property=\"og:image:type\" content=\"image\/png\" \/>\n<meta name=\"author\" content=\"La Sentinelle\" \/>\n<meta name=\"twitter:card\" content=\"summary_large_image\" \/>\n<meta name=\"twitter:label1\" content=\"\u00c9crit par\" \/>\n\t<meta name=\"twitter:data1\" content=\"La Sentinelle\" \/>\n\t<meta name=\"twitter:label2\" content=\"Dur\u00e9e de lecture estim\u00e9e\" \/>\n\t<meta name=\"twitter:data2\" content=\"3 minutes\" \/>\n<script type=\"application\/ld+json\" class=\"yoast-schema-graph\">{\"@context\":\"https:\\\/\\\/schema.org\",\"@graph\":[{\"@type\":\"Article\",\"@id\":\"https:\\\/\\\/lasentinelle.dz\\\/index.php\\\/2023\\\/05\\\/02\\\/annaba-rififi-a-lapc-del-eulma\\\/#article\",\"isPartOf\":{\"@id\":\"https:\\\/\\\/lasentinelle.dz\\\/index.php\\\/2023\\\/05\\\/02\\\/annaba-rififi-a-lapc-del-eulma\\\/\"},\"author\":{\"name\":\"La Sentinelle\",\"@id\":\"https:\\\/\\\/lasentinelle.dz\\\/#\\\/schema\\\/person\\\/d865044e22e70a75174ce8bcad3acfb3\"},\"headline\":\"Annaba\u00a0: Rififi \u00e0 l\u2019APC d\u2019El Eulma\",\"datePublished\":\"2023-05-02T21:05:00+00:00\",\"mainEntityOfPage\":{\"@id\":\"https:\\\/\\\/lasentinelle.dz\\\/index.php\\\/2023\\\/05\\\/02\\\/annaba-rififi-a-lapc-del-eulma\\\/\"},\"wordCount\":549,\"commentCount\":0,\"publisher\":{\"@id\":\"https:\\\/\\\/lasentinelle.dz\\\/#organization\"},\"image\":{\"@id\":\"https:\\\/\\\/lasentinelle.dz\\\/index.php\\\/2023\\\/05\\\/02\\\/annaba-rififi-a-lapc-del-eulma\\\/#primaryimage\"},\"thumbnailUrl\":\"https:\\\/\\\/lasentinelle.dz\\\/wp-content\\\/uploads\\\/2023\\\/05\\\/image_2023-05-02_162116821.png\",\"articleSection\":[\"R\u00e9gions\"],\"inLanguage\":\"fr-FR\",\"potentialAction\":[{\"@type\":\"CommentAction\",\"name\":\"Comment\",\"target\":[\"https:\\\/\\\/lasentinelle.dz\\\/index.php\\\/2023\\\/05\\\/02\\\/annaba-rififi-a-lapc-del-eulma\\\/#respond\"]}]},{\"@type\":\"WebPage\",\"@id\":\"https:\\\/\\\/lasentinelle.dz\\\/index.php\\\/2023\\\/05\\\/02\\\/annaba-rififi-a-lapc-del-eulma\\\/\",\"url\":\"https:\\\/\\\/lasentinelle.dz\\\/index.php\\\/2023\\\/05\\\/02\\\/annaba-rififi-a-lapc-del-eulma\\\/\",\"name\":\"Annaba\u00a0: Rififi \u00e0 l\u2019APC d\u2019El Eulma - La Sentinelle\",\"isPartOf\":{\"@id\":\"https:\\\/\\\/lasentinelle.dz\\\/#website\"},\"primaryImageOfPage\":{\"@id\":\"https:\\\/\\\/lasentinelle.dz\\\/index.php\\\/2023\\\/05\\\/02\\\/annaba-rififi-a-lapc-del-eulma\\\/#primaryimage\"},\"image\":{\"@id\":\"https:\\\/\\\/lasentinelle.dz\\\/index.php\\\/2023\\\/05\\\/02\\\/annaba-rififi-a-lapc-del-eulma\\\/#primaryimage\"},\"thumbnailUrl\":\"https:\\\/\\\/lasentinelle.dz\\\/wp-content\\\/uploads\\\/2023\\\/05\\\/image_2023-05-02_162116821.png\",\"datePublished\":\"2023-05-02T21:05:00+00:00\",\"breadcrumb\":{\"@id\":\"https:\\\/\\\/lasentinelle.dz\\\/index.php\\\/2023\\\/05\\\/02\\\/annaba-rififi-a-lapc-del-eulma\\\/#breadcrumb\"},\"inLanguage\":\"fr-FR\",\"potentialAction\":[{\"@type\":\"ReadAction\",\"target\":[\"https:\\\/\\\/lasentinelle.dz\\\/index.php\\\/2023\\\/05\\\/02\\\/annaba-rififi-a-lapc-del-eulma\\\/\"]}]},{\"@type\":\"ImageObject\",\"inLanguage\":\"fr-FR\",\"@id\":\"https:\\\/\\\/lasentinelle.dz\\\/index.php\\\/2023\\\/05\\\/02\\\/annaba-rififi-a-lapc-del-eulma\\\/#primaryimage\",\"url\":\"https:\\\/\\\/lasentinelle.dz\\\/wp-content\\\/uploads\\\/2023\\\/05\\\/image_2023-05-02_162116821.png\",\"contentUrl\":\"https:\\\/\\\/lasentinelle.dz\\\/wp-content\\\/uploads\\\/2023\\\/05\\\/image_2023-05-02_162116821.png\",\"width\":470,\"height\":357},{\"@type\":\"BreadcrumbList\",\"@id\":\"https:\\\/\\\/lasentinelle.dz\\\/index.php\\\/2023\\\/05\\\/02\\\/annaba-rififi-a-lapc-del-eulma\\\/#breadcrumb\",\"itemListElement\":[{\"@type\":\"ListItem\",\"position\":1,\"name\":\"Accueil\",\"item\":\"https:\\\/\\\/lasentinelle.dz\\\/\"},{\"@type\":\"ListItem\",\"position\":2,\"name\":\"Annaba\u00a0: Rififi \u00e0 l\u2019APC d\u2019El Eulma\"}]},{\"@type\":\"WebSite\",\"@id\":\"https:\\\/\\\/lasentinelle.dz\\\/#website\",\"url\":\"https:\\\/\\\/lasentinelle.dz\\\/\",\"name\":\"La Sentinelle\",\"description\":\"Quotidien national d&#039;information\",\"publisher\":{\"@id\":\"https:\\\/\\\/lasentinelle.dz\\\/#organization\"},\"potentialAction\":[{\"@type\":\"SearchAction\",\"target\":{\"@type\":\"EntryPoint\",\"urlTemplate\":\"https:\\\/\\\/lasentinelle.dz\\\/?s={search_term_string}\"},\"query-input\":{\"@type\":\"PropertyValueSpecification\",\"valueRequired\":true,\"valueName\":\"search_term_string\"}}],\"inLanguage\":\"fr-FR\"},{\"@type\":\"Organization\",\"@id\":\"https:\\\/\\\/lasentinelle.dz\\\/#organization\",\"name\":\"Quotidien La Sentinelle\",\"url\":\"https:\\\/\\\/lasentinelle.dz\\\/\",\"logo\":{\"@type\":\"ImageObject\",\"inLanguage\":\"fr-FR\",\"@id\":\"https:\\\/\\\/lasentinelle.dz\\\/#\\\/schema\\\/logo\\\/image\\\/\",\"url\":\"https:\\\/\\\/lasentinelle.dz\\\/wp-content\\\/uploads\\\/2021\\\/09\\\/logo-sentinelleSLOGAN-1.png\",\"contentUrl\":\"https:\\\/\\\/lasentinelle.dz\\\/wp-content\\\/uploads\\\/2021\\\/09\\\/logo-sentinelleSLOGAN-1.png\",\"width\":615,\"height\":142,\"caption\":\"Quotidien La Sentinelle\"},\"image\":{\"@id\":\"https:\\\/\\\/lasentinelle.dz\\\/#\\\/schema\\\/logo\\\/image\\\/\"},\"sameAs\":[\"https:\\\/\\\/www.facebook.com\\\/La-Sentinelle-104059864394773\"]},{\"@type\":\"Person\",\"@id\":\"https:\\\/\\\/lasentinelle.dz\\\/#\\\/schema\\\/person\\\/d865044e22e70a75174ce8bcad3acfb3\",\"name\":\"La Sentinelle\",\"image\":{\"@type\":\"ImageObject\",\"inLanguage\":\"fr-FR\",\"@id\":\"https:\\\/\\\/secure.gravatar.com\\\/avatar\\\/57de8e5d4b15d43fb361a71fbb36338450fe67865b528a43dd10ef7c51a20392?s=96&d=mm&r=g\",\"url\":\"https:\\\/\\\/secure.gravatar.com\\\/avatar\\\/57de8e5d4b15d43fb361a71fbb36338450fe67865b528a43dd10ef7c51a20392?s=96&d=mm&r=g\",\"contentUrl\":\"https:\\\/\\\/secure.gravatar.com\\\/avatar\\\/57de8e5d4b15d43fb361a71fbb36338450fe67865b528a43dd10ef7c51a20392?s=96&d=mm&r=g\",\"caption\":\"La Sentinelle\"},\"sameAs\":[\"http:\\\/\\\/www.lasentinelle.dz\"],\"url\":\"https:\\\/\\\/lasentinelle.dz\\\/author\\\/redaction\\\/\"}]}<\/script>\n<!-- \/ Yoast SEO plugin. -->","yoast_head_json":{"title":"Annaba\u00a0: Rififi \u00e0 l\u2019APC d\u2019El Eulma - La Sentinelle","robots":{"index":"index","follow":"follow","max-snippet":"max-snippet:-1","max-image-preview":"max-image-preview:large","max-video-preview":"max-video-preview:-1"},"canonical":"https:\/\/lasentinelle.dz\/index.php\/2023\/05\/02\/annaba-rififi-a-lapc-del-eulma\/","og_locale":"fr_FR","og_type":"article","og_title":"Annaba\u00a0: Rififi \u00e0 l\u2019APC d\u2019El Eulma - La Sentinelle","og_description":"Apr\u00e8s l\u2019APC de la commune d\u2019Annaba et Ain El Berda entre autres, au sein desquelles&nbsp; les gu\u00e9guerres entre les \u00e9lus","og_url":"https:\/\/lasentinelle.dz\/index.php\/2023\/05\/02\/annaba-rififi-a-lapc-del-eulma\/","og_site_name":"La Sentinelle","article_publisher":"https:\/\/www.facebook.com\/La-Sentinelle-104059864394773","article_published_time":"2023-05-02T21:05:00+00:00","og_image":[{"width":470,"height":357,"url":"https:\/\/lasentinelle.dz\/wp-content\/uploads\/2023\/05\/image_2023-05-02_162116821.png","type":"image\/png"}],"author":"La Sentinelle","twitter_card":"summary_large_image","twitter_misc":{"\u00c9crit par":"La Sentinelle","Dur\u00e9e de lecture estim\u00e9e":"3 minutes"},"schema":{"@context":"https:\/\/schema.org","@graph":[{"@type":"Article","@id":"https:\/\/lasentinelle.dz\/index.php\/2023\/05\/02\/annaba-rififi-a-lapc-del-eulma\/#article","isPartOf":{"@id":"https:\/\/lasentinelle.dz\/index.php\/2023\/05\/02\/annaba-rififi-a-lapc-del-eulma\/"},"author":{"name":"La Sentinelle","@id":"https:\/\/lasentinelle.dz\/#\/schema\/person\/d865044e22e70a75174ce8bcad3acfb3"},"headline":"Annaba\u00a0: Rififi \u00e0 l\u2019APC d\u2019El Eulma","datePublished":"2023-05-02T21:05:00+00:00","mainEntityOfPage":{"@id":"https:\/\/lasentinelle.dz\/index.php\/2023\/05\/02\/annaba-rififi-a-lapc-del-eulma\/"},"wordCount":549,"commentCount":0,"publisher":{"@id":"https:\/\/lasentinelle.dz\/#organization"},"image":{"@id":"https:\/\/lasentinelle.dz\/index.php\/2023\/05\/02\/annaba-rififi-a-lapc-del-eulma\/#primaryimage"},"thumbnailUrl":"https:\/\/lasentinelle.dz\/wp-content\/uploads\/2023\/05\/image_2023-05-02_162116821.png","articleSection":["R\u00e9gions"],"inLanguage":"fr-FR","potentialAction":[{"@type":"CommentAction","name":"Comment","target":["https:\/\/lasentinelle.dz\/index.php\/2023\/05\/02\/annaba-rififi-a-lapc-del-eulma\/#respond"]}]},{"@type":"WebPage","@id":"https:\/\/lasentinelle.dz\/index.php\/2023\/05\/02\/annaba-rififi-a-lapc-del-eulma\/","url":"https:\/\/lasentinelle.dz\/index.php\/2023\/05\/02\/annaba-rififi-a-lapc-del-eulma\/","name":"Annaba\u00a0: Rififi \u00e0 l\u2019APC d\u2019El Eulma - La Sentinelle","isPartOf":{"@id":"https:\/\/lasentinelle.dz\/#website"},"primaryImageOfPage":{"@id":"https:\/\/lasentinelle.dz\/index.php\/2023\/05\/02\/annaba-rififi-a-lapc-del-eulma\/#primaryimage"},"image":{"@id":"https:\/\/lasentinelle.dz\/index.php\/2023\/05\/02\/annaba-rififi-a-lapc-del-eulma\/#primaryimage"},"thumbnailUrl":"https:\/\/lasentinelle.dz\/wp-content\/uploads\/2023\/05\/image_2023-05-02_162116821.png","datePublished":"2023-05-02T21:05:00+00:00","breadcrumb":{"@id":"https:\/\/lasentinelle.dz\/index.php\/2023\/05\/02\/annaba-rififi-a-lapc-del-eulma\/#breadcrumb"},"inLanguage":"fr-FR","potentialAction":[{"@type":"ReadAction","target":["https:\/\/lasentinelle.dz\/index.php\/2023\/05\/02\/annaba-rififi-a-lapc-del-eulma\/"]}]},{"@type":"ImageObject","inLanguage":"fr-FR","@id":"https:\/\/lasentinelle.dz\/index.php\/2023\/05\/02\/annaba-rififi-a-lapc-del-eulma\/#primaryimage","url":"https:\/\/lasentinelle.dz\/wp-content\/uploads\/2023\/05\/image_2023-05-02_162116821.png","contentUrl":"https:\/\/lasentinelle.dz\/wp-content\/uploads\/2023\/05\/image_2023-05-02_162116821.png","width":470,"height":357},{"@type":"BreadcrumbList","@id":"https:\/\/lasentinelle.dz\/index.php\/2023\/05\/02\/annaba-rififi-a-lapc-del-eulma\/#breadcrumb","itemListElement":[{"@type":"ListItem","position":1,"name":"Accueil","item":"https:\/\/lasentinelle.dz\/"},{"@type":"ListItem","position":2,"name":"Annaba\u00a0: Rififi \u00e0 l\u2019APC d\u2019El Eulma"}]},{"@type":"WebSite","@id":"https:\/\/lasentinelle.dz\/#website","url":"https:\/\/lasentinelle.dz\/","name":"La Sentinelle","description":"Quotidien national d&#039;information","publisher":{"@id":"https:\/\/lasentinelle.dz\/#organization"},"potentialAction":[{"@type":"SearchAction","target":{"@type":"EntryPoint","urlTemplate":"https:\/\/lasentinelle.dz\/?s={search_term_string}"},"query-input":{"@type":"PropertyValueSpecification","valueRequired":true,"valueName":"search_term_string"}}],"inLanguage":"fr-FR"},{"@type":"Organization","@id":"https:\/\/lasentinelle.dz\/#organization","name":"Quotidien La Sentinelle","url":"https:\/\/lasentinelle.dz\/","logo":{"@type":"ImageObject","inLanguage":"fr-FR","@id":"https:\/\/lasentinelle.dz\/#\/schema\/logo\/image\/","url":"https:\/\/lasentinelle.dz\/wp-content\/uploads\/2021\/09\/logo-sentinelleSLOGAN-1.png","contentUrl":"https:\/\/lasentinelle.dz\/wp-content\/uploads\/2021\/09\/logo-sentinelleSLOGAN-1.png","width":615,"height":142,"caption":"Quotidien La Sentinelle"},"image":{"@id":"https:\/\/lasentinelle.dz\/#\/schema\/logo\/image\/"},"sameAs":["https:\/\/www.facebook.com\/La-Sentinelle-104059864394773"]},{"@type":"Person","@id":"https:\/\/lasentinelle.dz\/#\/schema\/person\/d865044e22e70a75174ce8bcad3acfb3","name":"La Sentinelle","image":{"@type":"ImageObject","inLanguage":"fr-FR","@id":"https:\/\/secure.gravatar.com\/avatar\/57de8e5d4b15d43fb361a71fbb36338450fe67865b528a43dd10ef7c51a20392?s=96&d=mm&r=g","url":"https:\/\/secure.gravatar.com\/avatar\/57de8e5d4b15d43fb361a71fbb36338450fe67865b528a43dd10ef7c51a20392?s=96&d=mm&r=g","contentUrl":"https:\/\/secure.gravatar.com\/avatar\/57de8e5d4b15d43fb361a71fbb36338450fe67865b528a43dd10ef7c51a20392?s=96&d=mm&r=g","caption":"La Sentinelle"},"sameAs":["http:\/\/www.lasentinelle.dz"],"url":"https:\/\/lasentinelle.dz\/author\/redaction\/"}]}},"_links":{"self":[{"href":"https:\/\/lasentinelle.dz\/index.php\/wp-json\/wp\/v2\/posts\/40350","targetHints":{"allow":["GET"]}}],"collection":[{"href":"https:\/\/lasentinelle.dz\/index.php\/wp-json\/wp\/v2\/posts"}],"about":[{"href":"https:\/\/lasentinelle.dz\/index.php\/wp-json\/wp\/v2\/types\/post"}],"author":[{"embeddable":true,"href":"https:\/\/lasentinelle.dz\/index.php\/wp-json\/wp\/v2\/users\/3"}],"replies":[{"embeddable":true,"href":"https:\/\/lasentinelle.dz\/index.php\/wp-json\/wp\/v2\/comments?post=40350"}],"version-history":[{"count":1,"href":"https:\/\/lasentinelle.dz\/index.php\/wp-json\/wp\/v2\/posts\/40350\/revisions"}],"predecessor-version":[{"id":40362,"href":"https:\/\/lasentinelle.dz\/index.php\/wp-json\/wp\/v2\/posts\/40350\/revisions\/40362"}],"wp:featuredmedia":[{"embeddable":true,"href":"https:\/\/lasentinelle.dz\/index.php\/wp-json\/wp\/v2\/media\/40360"}],"wp:attachment":[{"href":"https:\/\/lasentinelle.dz\/index.php\/wp-json\/wp\/v2\/media?parent=40350"}],"wp:term":[{"taxonomy":"category","embeddable":true,"href":"https:\/\/lasentinelle.dz\/index.php\/wp-json\/wp\/v2\/categories?post=40350"},{"taxonomy":"post_tag","embeddable":true,"href":"https:\/\/lasentinelle.dz\/index.php\/wp-json\/wp\/v2\/tags?post=40350"}],"curies":[{"name":"wp","href":"https:\/\/api.w.org\/{rel}","templated":true}]}}