{"id":40393,"date":"2023-05-02T22:08:00","date_gmt":"2023-05-02T21:08:00","guid":{"rendered":"https:\/\/lasentinelle.dz\/?p=40393"},"modified":"2023-05-02T20:10:40","modified_gmt":"2023-05-02T19:10:40","slug":"malgre-une-forte-baisse-les-prix-des-hydrocarbures-resteront-eleves-en-2023","status":"publish","type":"post","link":"https:\/\/lasentinelle.dz\/index.php\/2023\/05\/02\/malgre-une-forte-baisse-les-prix-des-hydrocarbures-resteront-eleves-en-2023\/","title":{"rendered":"Malgr\u00e9 une forte baisse\u00a0: Les prix des hydrocarbures resteront \u00e9lev\u00e9s en 2023"},"content":{"rendered":"\n<p>Le prix moyen des hydrocarbures devrait baisse de 26% cette ann\u00e9e selon le dernier rapport sur les perspectives des march\u00e9s des produits de base de la Banque mondiale. Celle-ci table toutefois sur un prix moyen du baril de p\u00e9trole Brent de 84 dollars en 2023. Cependant les prix du gaz en Europe et aux Etats-Unis devraient \u00eatre divis\u00e9s par deux.<\/p>\n\n\n\n<p>Malgr\u00e9 un recul qui se fait d\u2019ailleurs sentir sur le march\u00e9, les prix du brut devaient se maintenir au-del\u00e0 du seuil des 80 dollars. Le dernier rapport Commodity Markets Outlook publi\u00e9e par la Banque mondiale table sur un reflux des cours mondiaux des produits de base. Une baisse qui induit un assombrissant les perspectives de croissance de pr\u00e8s de deux tiers des \u00e9conomies en d\u00e9veloppement qui d\u00e9pendent de l&rsquo;exportation de ces produits.<\/p>\n\n\n\n<p>\u00ab La flamb\u00e9e des prix de l\u2019alimentation et de l&rsquo;\u00e9nergie apr\u00e8s l&rsquo;invasion de l&rsquo;Ukraine par la Russie s&rsquo;est largement dissip\u00e9e en raison du ralentissement de la croissance \u00e9conomique, d&rsquo;un hiver peu rigoureux et des r\u00e9allocations dans le commerce des mati\u00e8res premi\u00e8res, explique Indermit Gill, \u00e9conomiste en chef et premier vice-pr\u00e9sident de la Banque mondiale pour l&rsquo;\u00c9conomie du d\u00e9veloppement. Cependant, dans bien des pays, cela ne soulagera pas vraiment les consommateurs. En termes r\u00e9els, les prix des denr\u00e9es alimentaires resteront \u00e0 un niveau parmi les plus \u00e9lev\u00e9s de ces cinq derni\u00e8res d\u00e9cennies. Les gouvernements devraient \u00e9viter les restrictions commerciales et prot\u00e9ger les populations les plus pauvres en recourant \u00e0 des programmes cibl\u00e9s de soutien aux revenus plut\u00f4t qu&rsquo;\u00e0 des mesures de r\u00e9gulation des prix. \u00bb<\/p>\n\n\n\n<p>Les prix des produits de base devraient globalement baisser de 21 % en 2023 par rapport \u00e0 l&rsquo;ann\u00e9e pass\u00e9e. Les prix de l&rsquo;\u00e9nergie devraient refluer de 26 % cette ann\u00e9e. Le cours du p\u00e9trole brut (Brent) devrait s&rsquo;\u00e9tablir en moyenne \u00e0 84 dollars le baril cette ann\u00e9e, soit une baisse de 16 % par rapport \u00e0 la moyenne de 2022.<\/p>\n\n\n\n<p>La baisse la plus notable est sans doute celle des prix du gaz naturel qui avaient atteint des records l\u2019ann\u00e9e, l\u2019ann\u00e9e derni\u00e8re dans le sillage du conflit en Ukraine.<\/p>\n\n\n\n<p>En Europe et aux \u00c9tats-Unis, les prix du gaz naturel devraient \u00eatre divis\u00e9s par deux entre 2022 et 2023, tandis que ceux du charbon devraient perdre 42 % en 2023. es prix du gaz naturel en Europe seront pr\u00e8s de trois fois sup\u00e9rieurs \u00e0 la moyenne de 2015-2019. Les prix de l&rsquo;\u00e9nergie et du charbon resteront eux aussi plus \u00e9lev\u00e9s que la moyenne pr\u00e9-COVID. Les prix des engrais devraient eux aussi chuter de 37 % en 2023, ce qui constituerait la plus forte baisse sur un an depuis 1974. Ils sont toutefois encore proches du niveau record atteint lors de la crise alimentaire de 2008-2009. \u00ab Les prix des m\u00e9taux, qui ont l\u00e9g\u00e8rement augment\u00e9 en d\u00e9but d&rsquo;ann\u00e9e, devraient chuter de 8 % par rapport \u00e0 l&rsquo;ann\u00e9e derni\u00e8re, principalement sous l\u2019effet de la faiblesse de la demande mondiale et de l&rsquo;am\u00e9lioration de l&rsquo;offre, indique Valerie Mercer-Blackman, \u00e9conomiste principale au sein de la cellule Perspectives de la Banque mondiale. \u00c0 plus long terme, cependant, la transition \u00e9nerg\u00e9tique pourrait faire grimper de mani\u00e8re significative la demande de certains m\u00e9taux, notamment le lithium, le cuivre et le nickel. \u00bb<\/p>\n\n\n\n<p>Chokri Hafed<\/p>\n","protected":false},"excerpt":{"rendered":"<p>Le prix moyen des hydrocarbures devrait baisse de 26% cette ann\u00e9e selon le dernier rapport sur les perspectives des march\u00e9s<\/p>\n","protected":false},"author":3,"featured_media":1354,"comment_status":"open","ping_status":"closed","sticky":false,"template":"","format":"standard","meta":{"colormag_page_container_layout":"default_layout","colormag_page_sidebar_layout":"default_layout","om_disable_all_campaigns":false,"_monsterinsights_skip_tracking":false,"_monsterinsights_sitenote_active":false,"_monsterinsights_sitenote_note":"","_monsterinsights_sitenote_category":0,"footnotes":"","_wpscppro_dont_share_socialmedia":false,"_wpscppro_custom_social_share_image":0,"_facebook_share_type":"","_twitter_share_type":"","_linkedin_share_type":"","_pinterest_share_type":"","_linkedin_share_type_page":"","_instagram_share_type":"","_medium_share_type":"","_threads_share_type":"","_google_business_share_type":"","_selected_social_profile":[],"_wpsp_enable_custom_social_template":false,"_wpsp_social_scheduling":{"enabled":false,"datetime":null,"platforms":[],"status":"template_only","dateOption":"today","timeOption":"now","customDays":"","customHours":"","customDate":"","customTime":"","schedulingType":"absolute"},"_wpsp_active_default_template":true},"categories":[52,29],"tags":[],"class_list":["post-40393","post","type-post","status-publish","format-standard","has-post-thumbnail","hentry","category-a-la-une","category-economie"],"aioseo_notices":[],"yoast_head":"<!-- This site is optimized with the Yoast SEO plugin v27.5 - https:\/\/yoast.com\/product\/yoast-seo-wordpress\/ -->\n<title>Malgr\u00e9 une forte baisse\u00a0: Les prix des hydrocarbures resteront \u00e9lev\u00e9s en 2023 - La Sentinelle<\/title>\n<meta name=\"robots\" content=\"index, follow, max-snippet:-1, max-image-preview:large, max-video-preview:-1\" \/>\n<link rel=\"canonical\" href=\"https:\/\/lasentinelle.dz\/index.php\/2023\/05\/02\/malgre-une-forte-baisse-les-prix-des-hydrocarbures-resteront-eleves-en-2023\/\" \/>\n<meta property=\"og:locale\" content=\"fr_FR\" \/>\n<meta property=\"og:type\" content=\"article\" \/>\n<meta property=\"og:title\" content=\"Malgr\u00e9 une forte baisse\u00a0: Les prix des hydrocarbures resteront \u00e9lev\u00e9s en 2023 - La Sentinelle\" \/>\n<meta property=\"og:description\" content=\"Le prix moyen des hydrocarbures devrait baisse de 26% cette ann\u00e9e selon le dernier rapport sur les perspectives des march\u00e9s\" \/>\n<meta property=\"og:url\" content=\"https:\/\/lasentinelle.dz\/index.php\/2023\/05\/02\/malgre-une-forte-baisse-les-prix-des-hydrocarbures-resteront-eleves-en-2023\/\" \/>\n<meta property=\"og:site_name\" content=\"La Sentinelle\" \/>\n<meta property=\"article:publisher\" content=\"https:\/\/www.facebook.com\/La-Sentinelle-104059864394773\" \/>\n<meta property=\"article:published_time\" content=\"2023-05-02T21:08:00+00:00\" \/>\n<meta property=\"og:image\" content=\"https:\/\/lasentinelle.dz\/wp-content\/uploads\/2021\/07\/petrol.png\" \/>\n\t<meta property=\"og:image:width\" content=\"1004\" \/>\n\t<meta property=\"og:image:height\" content=\"900\" \/>\n\t<meta property=\"og:image:type\" content=\"image\/png\" \/>\n<meta name=\"author\" content=\"La Sentinelle\" \/>\n<meta name=\"twitter:card\" content=\"summary_large_image\" \/>\n<meta name=\"twitter:label1\" content=\"\u00c9crit par\" \/>\n\t<meta name=\"twitter:data1\" content=\"La Sentinelle\" \/>\n\t<meta name=\"twitter:label2\" content=\"Dur\u00e9e de lecture estim\u00e9e\" \/>\n\t<meta name=\"twitter:data2\" content=\"3 minutes\" \/>\n<script type=\"application\/ld+json\" class=\"yoast-schema-graph\">{\"@context\":\"https:\\\/\\\/schema.org\",\"@graph\":[{\"@type\":\"Article\",\"@id\":\"https:\\\/\\\/lasentinelle.dz\\\/index.php\\\/2023\\\/05\\\/02\\\/malgre-une-forte-baisse-les-prix-des-hydrocarbures-resteront-eleves-en-2023\\\/#article\",\"isPartOf\":{\"@id\":\"https:\\\/\\\/lasentinelle.dz\\\/index.php\\\/2023\\\/05\\\/02\\\/malgre-une-forte-baisse-les-prix-des-hydrocarbures-resteront-eleves-en-2023\\\/\"},\"author\":{\"name\":\"La Sentinelle\",\"@id\":\"https:\\\/\\\/lasentinelle.dz\\\/#\\\/schema\\\/person\\\/d865044e22e70a75174ce8bcad3acfb3\"},\"headline\":\"Malgr\u00e9 une forte baisse\u00a0: Les prix des hydrocarbures resteront \u00e9lev\u00e9s en 2023\",\"datePublished\":\"2023-05-02T21:08:00+00:00\",\"mainEntityOfPage\":{\"@id\":\"https:\\\/\\\/lasentinelle.dz\\\/index.php\\\/2023\\\/05\\\/02\\\/malgre-une-forte-baisse-les-prix-des-hydrocarbures-resteront-eleves-en-2023\\\/\"},\"wordCount\":577,\"commentCount\":0,\"publisher\":{\"@id\":\"https:\\\/\\\/lasentinelle.dz\\\/#organization\"},\"image\":{\"@id\":\"https:\\\/\\\/lasentinelle.dz\\\/index.php\\\/2023\\\/05\\\/02\\\/malgre-une-forte-baisse-les-prix-des-hydrocarbures-resteront-eleves-en-2023\\\/#primaryimage\"},\"thumbnailUrl\":\"https:\\\/\\\/lasentinelle.dz\\\/wp-content\\\/uploads\\\/2021\\\/07\\\/petrol.png\",\"articleSection\":[\"\u00c0 la Une\",\"\u00c9conomie\"],\"inLanguage\":\"fr-FR\",\"potentialAction\":[{\"@type\":\"CommentAction\",\"name\":\"Comment\",\"target\":[\"https:\\\/\\\/lasentinelle.dz\\\/index.php\\\/2023\\\/05\\\/02\\\/malgre-une-forte-baisse-les-prix-des-hydrocarbures-resteront-eleves-en-2023\\\/#respond\"]}]},{\"@type\":\"WebPage\",\"@id\":\"https:\\\/\\\/lasentinelle.dz\\\/index.php\\\/2023\\\/05\\\/02\\\/malgre-une-forte-baisse-les-prix-des-hydrocarbures-resteront-eleves-en-2023\\\/\",\"url\":\"https:\\\/\\\/lasentinelle.dz\\\/index.php\\\/2023\\\/05\\\/02\\\/malgre-une-forte-baisse-les-prix-des-hydrocarbures-resteront-eleves-en-2023\\\/\",\"name\":\"Malgr\u00e9 une forte baisse\u00a0: Les prix des hydrocarbures resteront \u00e9lev\u00e9s en 2023 - La Sentinelle\",\"isPartOf\":{\"@id\":\"https:\\\/\\\/lasentinelle.dz\\\/#website\"},\"primaryImageOfPage\":{\"@id\":\"https:\\\/\\\/lasentinelle.dz\\\/index.php\\\/2023\\\/05\\\/02\\\/malgre-une-forte-baisse-les-prix-des-hydrocarbures-resteront-eleves-en-2023\\\/#primaryimage\"},\"image\":{\"@id\":\"https:\\\/\\\/lasentinelle.dz\\\/index.php\\\/2023\\\/05\\\/02\\\/malgre-une-forte-baisse-les-prix-des-hydrocarbures-resteront-eleves-en-2023\\\/#primaryimage\"},\"thumbnailUrl\":\"https:\\\/\\\/lasentinelle.dz\\\/wp-content\\\/uploads\\\/2021\\\/07\\\/petrol.png\",\"datePublished\":\"2023-05-02T21:08:00+00:00\",\"breadcrumb\":{\"@id\":\"https:\\\/\\\/lasentinelle.dz\\\/index.php\\\/2023\\\/05\\\/02\\\/malgre-une-forte-baisse-les-prix-des-hydrocarbures-resteront-eleves-en-2023\\\/#breadcrumb\"},\"inLanguage\":\"fr-FR\",\"potentialAction\":[{\"@type\":\"ReadAction\",\"target\":[\"https:\\\/\\\/lasentinelle.dz\\\/index.php\\\/2023\\\/05\\\/02\\\/malgre-une-forte-baisse-les-prix-des-hydrocarbures-resteront-eleves-en-2023\\\/\"]}]},{\"@type\":\"ImageObject\",\"inLanguage\":\"fr-FR\",\"@id\":\"https:\\\/\\\/lasentinelle.dz\\\/index.php\\\/2023\\\/05\\\/02\\\/malgre-une-forte-baisse-les-prix-des-hydrocarbures-resteront-eleves-en-2023\\\/#primaryimage\",\"url\":\"https:\\\/\\\/lasentinelle.dz\\\/wp-content\\\/uploads\\\/2021\\\/07\\\/petrol.png\",\"contentUrl\":\"https:\\\/\\\/lasentinelle.dz\\\/wp-content\\\/uploads\\\/2021\\\/07\\\/petrol.png\",\"width\":1004,\"height\":900},{\"@type\":\"BreadcrumbList\",\"@id\":\"https:\\\/\\\/lasentinelle.dz\\\/index.php\\\/2023\\\/05\\\/02\\\/malgre-une-forte-baisse-les-prix-des-hydrocarbures-resteront-eleves-en-2023\\\/#breadcrumb\",\"itemListElement\":[{\"@type\":\"ListItem\",\"position\":1,\"name\":\"Accueil\",\"item\":\"https:\\\/\\\/lasentinelle.dz\\\/\"},{\"@type\":\"ListItem\",\"position\":2,\"name\":\"Malgr\u00e9 une forte baisse\u00a0: Les prix des hydrocarbures resteront \u00e9lev\u00e9s en 2023\"}]},{\"@type\":\"WebSite\",\"@id\":\"https:\\\/\\\/lasentinelle.dz\\\/#website\",\"url\":\"https:\\\/\\\/lasentinelle.dz\\\/\",\"name\":\"La Sentinelle\",\"description\":\"Quotidien national d&#039;information\",\"publisher\":{\"@id\":\"https:\\\/\\\/lasentinelle.dz\\\/#organization\"},\"potentialAction\":[{\"@type\":\"SearchAction\",\"target\":{\"@type\":\"EntryPoint\",\"urlTemplate\":\"https:\\\/\\\/lasentinelle.dz\\\/?s={search_term_string}\"},\"query-input\":{\"@type\":\"PropertyValueSpecification\",\"valueRequired\":true,\"valueName\":\"search_term_string\"}}],\"inLanguage\":\"fr-FR\"},{\"@type\":\"Organization\",\"@id\":\"https:\\\/\\\/lasentinelle.dz\\\/#organization\",\"name\":\"Quotidien La Sentinelle\",\"url\":\"https:\\\/\\\/lasentinelle.dz\\\/\",\"logo\":{\"@type\":\"ImageObject\",\"inLanguage\":\"fr-FR\",\"@id\":\"https:\\\/\\\/lasentinelle.dz\\\/#\\\/schema\\\/logo\\\/image\\\/\",\"url\":\"https:\\\/\\\/lasentinelle.dz\\\/wp-content\\\/uploads\\\/2021\\\/09\\\/logo-sentinelleSLOGAN-1.png\",\"contentUrl\":\"https:\\\/\\\/lasentinelle.dz\\\/wp-content\\\/uploads\\\/2021\\\/09\\\/logo-sentinelleSLOGAN-1.png\",\"width\":615,\"height\":142,\"caption\":\"Quotidien La Sentinelle\"},\"image\":{\"@id\":\"https:\\\/\\\/lasentinelle.dz\\\/#\\\/schema\\\/logo\\\/image\\\/\"},\"sameAs\":[\"https:\\\/\\\/www.facebook.com\\\/La-Sentinelle-104059864394773\"]},{\"@type\":\"Person\",\"@id\":\"https:\\\/\\\/lasentinelle.dz\\\/#\\\/schema\\\/person\\\/d865044e22e70a75174ce8bcad3acfb3\",\"name\":\"La Sentinelle\",\"image\":{\"@type\":\"ImageObject\",\"inLanguage\":\"fr-FR\",\"@id\":\"https:\\\/\\\/secure.gravatar.com\\\/avatar\\\/57de8e5d4b15d43fb361a71fbb36338450fe67865b528a43dd10ef7c51a20392?s=96&d=mm&r=g\",\"url\":\"https:\\\/\\\/secure.gravatar.com\\\/avatar\\\/57de8e5d4b15d43fb361a71fbb36338450fe67865b528a43dd10ef7c51a20392?s=96&d=mm&r=g\",\"contentUrl\":\"https:\\\/\\\/secure.gravatar.com\\\/avatar\\\/57de8e5d4b15d43fb361a71fbb36338450fe67865b528a43dd10ef7c51a20392?s=96&d=mm&r=g\",\"caption\":\"La Sentinelle\"},\"sameAs\":[\"http:\\\/\\\/www.lasentinelle.dz\"],\"url\":\"https:\\\/\\\/lasentinelle.dz\\\/author\\\/redaction\\\/\"}]}<\/script>\n<!-- \/ Yoast SEO plugin. -->","yoast_head_json":{"title":"Malgr\u00e9 une forte baisse\u00a0: Les prix des hydrocarbures resteront \u00e9lev\u00e9s en 2023 - La Sentinelle","robots":{"index":"index","follow":"follow","max-snippet":"max-snippet:-1","max-image-preview":"max-image-preview:large","max-video-preview":"max-video-preview:-1"},"canonical":"https:\/\/lasentinelle.dz\/index.php\/2023\/05\/02\/malgre-une-forte-baisse-les-prix-des-hydrocarbures-resteront-eleves-en-2023\/","og_locale":"fr_FR","og_type":"article","og_title":"Malgr\u00e9 une forte baisse\u00a0: Les prix des hydrocarbures resteront \u00e9lev\u00e9s en 2023 - La Sentinelle","og_description":"Le prix moyen des hydrocarbures devrait baisse de 26% cette ann\u00e9e selon le dernier rapport sur les perspectives des march\u00e9s","og_url":"https:\/\/lasentinelle.dz\/index.php\/2023\/05\/02\/malgre-une-forte-baisse-les-prix-des-hydrocarbures-resteront-eleves-en-2023\/","og_site_name":"La Sentinelle","article_publisher":"https:\/\/www.facebook.com\/La-Sentinelle-104059864394773","article_published_time":"2023-05-02T21:08:00+00:00","og_image":[{"width":1004,"height":900,"url":"https:\/\/lasentinelle.dz\/wp-content\/uploads\/2021\/07\/petrol.png","type":"image\/png"}],"author":"La Sentinelle","twitter_card":"summary_large_image","twitter_misc":{"\u00c9crit par":"La Sentinelle","Dur\u00e9e de lecture estim\u00e9e":"3 minutes"},"schema":{"@context":"https:\/\/schema.org","@graph":[{"@type":"Article","@id":"https:\/\/lasentinelle.dz\/index.php\/2023\/05\/02\/malgre-une-forte-baisse-les-prix-des-hydrocarbures-resteront-eleves-en-2023\/#article","isPartOf":{"@id":"https:\/\/lasentinelle.dz\/index.php\/2023\/05\/02\/malgre-une-forte-baisse-les-prix-des-hydrocarbures-resteront-eleves-en-2023\/"},"author":{"name":"La Sentinelle","@id":"https:\/\/lasentinelle.dz\/#\/schema\/person\/d865044e22e70a75174ce8bcad3acfb3"},"headline":"Malgr\u00e9 une forte baisse\u00a0: Les prix des hydrocarbures resteront \u00e9lev\u00e9s en 2023","datePublished":"2023-05-02T21:08:00+00:00","mainEntityOfPage":{"@id":"https:\/\/lasentinelle.dz\/index.php\/2023\/05\/02\/malgre-une-forte-baisse-les-prix-des-hydrocarbures-resteront-eleves-en-2023\/"},"wordCount":577,"commentCount":0,"publisher":{"@id":"https:\/\/lasentinelle.dz\/#organization"},"image":{"@id":"https:\/\/lasentinelle.dz\/index.php\/2023\/05\/02\/malgre-une-forte-baisse-les-prix-des-hydrocarbures-resteront-eleves-en-2023\/#primaryimage"},"thumbnailUrl":"https:\/\/lasentinelle.dz\/wp-content\/uploads\/2021\/07\/petrol.png","articleSection":["\u00c0 la Une","\u00c9conomie"],"inLanguage":"fr-FR","potentialAction":[{"@type":"CommentAction","name":"Comment","target":["https:\/\/lasentinelle.dz\/index.php\/2023\/05\/02\/malgre-une-forte-baisse-les-prix-des-hydrocarbures-resteront-eleves-en-2023\/#respond"]}]},{"@type":"WebPage","@id":"https:\/\/lasentinelle.dz\/index.php\/2023\/05\/02\/malgre-une-forte-baisse-les-prix-des-hydrocarbures-resteront-eleves-en-2023\/","url":"https:\/\/lasentinelle.dz\/index.php\/2023\/05\/02\/malgre-une-forte-baisse-les-prix-des-hydrocarbures-resteront-eleves-en-2023\/","name":"Malgr\u00e9 une forte baisse\u00a0: Les prix des hydrocarbures resteront \u00e9lev\u00e9s en 2023 - La Sentinelle","isPartOf":{"@id":"https:\/\/lasentinelle.dz\/#website"},"primaryImageOfPage":{"@id":"https:\/\/lasentinelle.dz\/index.php\/2023\/05\/02\/malgre-une-forte-baisse-les-prix-des-hydrocarbures-resteront-eleves-en-2023\/#primaryimage"},"image":{"@id":"https:\/\/lasentinelle.dz\/index.php\/2023\/05\/02\/malgre-une-forte-baisse-les-prix-des-hydrocarbures-resteront-eleves-en-2023\/#primaryimage"},"thumbnailUrl":"https:\/\/lasentinelle.dz\/wp-content\/uploads\/2021\/07\/petrol.png","datePublished":"2023-05-02T21:08:00+00:00","breadcrumb":{"@id":"https:\/\/lasentinelle.dz\/index.php\/2023\/05\/02\/malgre-une-forte-baisse-les-prix-des-hydrocarbures-resteront-eleves-en-2023\/#breadcrumb"},"inLanguage":"fr-FR","potentialAction":[{"@type":"ReadAction","target":["https:\/\/lasentinelle.dz\/index.php\/2023\/05\/02\/malgre-une-forte-baisse-les-prix-des-hydrocarbures-resteront-eleves-en-2023\/"]}]},{"@type":"ImageObject","inLanguage":"fr-FR","@id":"https:\/\/lasentinelle.dz\/index.php\/2023\/05\/02\/malgre-une-forte-baisse-les-prix-des-hydrocarbures-resteront-eleves-en-2023\/#primaryimage","url":"https:\/\/lasentinelle.dz\/wp-content\/uploads\/2021\/07\/petrol.png","contentUrl":"https:\/\/lasentinelle.dz\/wp-content\/uploads\/2021\/07\/petrol.png","width":1004,"height":900},{"@type":"BreadcrumbList","@id":"https:\/\/lasentinelle.dz\/index.php\/2023\/05\/02\/malgre-une-forte-baisse-les-prix-des-hydrocarbures-resteront-eleves-en-2023\/#breadcrumb","itemListElement":[{"@type":"ListItem","position":1,"name":"Accueil","item":"https:\/\/lasentinelle.dz\/"},{"@type":"ListItem","position":2,"name":"Malgr\u00e9 une forte baisse\u00a0: Les prix des hydrocarbures resteront \u00e9lev\u00e9s en 2023"}]},{"@type":"WebSite","@id":"https:\/\/lasentinelle.dz\/#website","url":"https:\/\/lasentinelle.dz\/","name":"La Sentinelle","description":"Quotidien national d&#039;information","publisher":{"@id":"https:\/\/lasentinelle.dz\/#organization"},"potentialAction":[{"@type":"SearchAction","target":{"@type":"EntryPoint","urlTemplate":"https:\/\/lasentinelle.dz\/?s={search_term_string}"},"query-input":{"@type":"PropertyValueSpecification","valueRequired":true,"valueName":"search_term_string"}}],"inLanguage":"fr-FR"},{"@type":"Organization","@id":"https:\/\/lasentinelle.dz\/#organization","name":"Quotidien La Sentinelle","url":"https:\/\/lasentinelle.dz\/","logo":{"@type":"ImageObject","inLanguage":"fr-FR","@id":"https:\/\/lasentinelle.dz\/#\/schema\/logo\/image\/","url":"https:\/\/lasentinelle.dz\/wp-content\/uploads\/2021\/09\/logo-sentinelleSLOGAN-1.png","contentUrl":"https:\/\/lasentinelle.dz\/wp-content\/uploads\/2021\/09\/logo-sentinelleSLOGAN-1.png","width":615,"height":142,"caption":"Quotidien La Sentinelle"},"image":{"@id":"https:\/\/lasentinelle.dz\/#\/schema\/logo\/image\/"},"sameAs":["https:\/\/www.facebook.com\/La-Sentinelle-104059864394773"]},{"@type":"Person","@id":"https:\/\/lasentinelle.dz\/#\/schema\/person\/d865044e22e70a75174ce8bcad3acfb3","name":"La Sentinelle","image":{"@type":"ImageObject","inLanguage":"fr-FR","@id":"https:\/\/secure.gravatar.com\/avatar\/57de8e5d4b15d43fb361a71fbb36338450fe67865b528a43dd10ef7c51a20392?s=96&d=mm&r=g","url":"https:\/\/secure.gravatar.com\/avatar\/57de8e5d4b15d43fb361a71fbb36338450fe67865b528a43dd10ef7c51a20392?s=96&d=mm&r=g","contentUrl":"https:\/\/secure.gravatar.com\/avatar\/57de8e5d4b15d43fb361a71fbb36338450fe67865b528a43dd10ef7c51a20392?s=96&d=mm&r=g","caption":"La Sentinelle"},"sameAs":["http:\/\/www.lasentinelle.dz"],"url":"https:\/\/lasentinelle.dz\/author\/redaction\/"}]}},"_links":{"self":[{"href":"https:\/\/lasentinelle.dz\/index.php\/wp-json\/wp\/v2\/posts\/40393","targetHints":{"allow":["GET"]}}],"collection":[{"href":"https:\/\/lasentinelle.dz\/index.php\/wp-json\/wp\/v2\/posts"}],"about":[{"href":"https:\/\/lasentinelle.dz\/index.php\/wp-json\/wp\/v2\/types\/post"}],"author":[{"embeddable":true,"href":"https:\/\/lasentinelle.dz\/index.php\/wp-json\/wp\/v2\/users\/3"}],"replies":[{"embeddable":true,"href":"https:\/\/lasentinelle.dz\/index.php\/wp-json\/wp\/v2\/comments?post=40393"}],"version-history":[{"count":2,"href":"https:\/\/lasentinelle.dz\/index.php\/wp-json\/wp\/v2\/posts\/40393\/revisions"}],"predecessor-version":[{"id":40420,"href":"https:\/\/lasentinelle.dz\/index.php\/wp-json\/wp\/v2\/posts\/40393\/revisions\/40420"}],"wp:featuredmedia":[{"embeddable":true,"href":"https:\/\/lasentinelle.dz\/index.php\/wp-json\/wp\/v2\/media\/1354"}],"wp:attachment":[{"href":"https:\/\/lasentinelle.dz\/index.php\/wp-json\/wp\/v2\/media?parent=40393"}],"wp:term":[{"taxonomy":"category","embeddable":true,"href":"https:\/\/lasentinelle.dz\/index.php\/wp-json\/wp\/v2\/categories?post=40393"},{"taxonomy":"post_tag","embeddable":true,"href":"https:\/\/lasentinelle.dz\/index.php\/wp-json\/wp\/v2\/tags?post=40393"}],"curies":[{"name":"wp","href":"https:\/\/api.w.org\/{rel}","templated":true}]}}