{"id":40401,"date":"2023-05-02T22:08:00","date_gmt":"2023-05-02T21:08:00","guid":{"rendered":"https:\/\/lasentinelle.dz\/?p=40401"},"modified":"2023-05-02T20:11:27","modified_gmt":"2023-05-02T19:11:27","slug":"processus-de-paix-au-mali-lalgerie-veille-au-grain","status":"publish","type":"post","link":"https:\/\/lasentinelle.dz\/index.php\/2023\/05\/02\/processus-de-paix-au-mali-lalgerie-veille-au-grain\/","title":{"rendered":"Processus de paix au Mali\u00a0: L\u2019Alg\u00e9rie veille au grain"},"content":{"rendered":"\n<p>Le r\u00e8glement de la crise au Mali, dans le strict respect de l\u2019int\u00e9grit\u00e9 territoriale de ce pays du Sahel, est au c\u0153ur des efforts men\u00e9s par l\u2019Alg\u00e9rie dans le cadre de l\u2019Accord pour la paix et la r\u00e9conciliation au Mali, issu du processus d\u2019Alger. Des efforts qui se multiplient d\u2019autant plus que ce processus de r\u00e9conciliation est plus que jamais mis en danger, en raison de tensions grandissantes entre les autorit\u00e9s de Bamako et la coordination des mouvements de l\u2019Azawad dans le Nord du Mali. Dans ce contexte, l&rsquo;ambassadeur d&rsquo;Alg\u00e9rie \u00e0 Bamako, Riache El Hou\u00e8s a indiqu\u00e9 hier que l&rsquo;Alg\u00e9rie d\u00e9ployait des efforts afin de ramener la paix entre les Maliens sur la base de l\u2019Accord pour la paix et la r\u00e9conciliation au Mali, issu du processus d\u2019Alger, dont les principes \u00ab\u00a0extr\u00eamement clairs\u00a0\u00bb s&rsquo;appuient sur \u00ab\u00a0le respect de l&rsquo;int\u00e9grit\u00e9 territoriale du Mali, de sa souverainet\u00e9 et de son unit\u00e9 nationale\u00a0\u00bb. En marge d&rsquo;une table-ronde sur \u00ab\u00a0Les relations historiques, commerciales, culturelles et humaines entre la R\u00e9gion du Touat (en Alg\u00e9rie, ndlr) et le Mali (ancien Soudan occidental) du XIIe au IXXe si\u00e8cle\u00a0\u00bb, organis\u00e9e conjointement \u00e0 Bamako par l&rsquo;ambassade d&rsquo;Alg\u00e9rie au Mali et l&rsquo;Association des amis de l&rsquo;Alg\u00e9rie, le diplomate alg\u00e9rien a expliqu\u00e9 que \u00ab&nbsp;pour ce qui est du nord du Mali, il y a l&rsquo;Accord pour la paix et la r\u00e9conciliation issu du processus d&rsquo;Alger qui repose sur des principes extr\u00eamement clairs, \u00e0 savoir le respect de l&rsquo;int\u00e9grit\u00e9 territoriale du Mali, de sa souverainet\u00e9 et de son unit\u00e9 nationale&nbsp;\u00bb. \u00ab&nbsp;Les efforts que nous d\u00e9ployons entrent dans ce cadre et dans cet objectif, \u00e0 savoir ramener la paix avec le concours de tous les Maliens et de tous les signataires (de l&rsquo;accord d&rsquo;Alger) sur la base de ses principes clairs et pr\u00e9cis&nbsp;\u00bb, a-t-il dit. Interrog\u00e9 sur la r\u00e9cente visite du ministre des Affaires \u00e9trang\u00e8res et de la Communaut\u00e9 nationale \u00e0 l&rsquo;\u00e9tranger, Ahmed Attaf \u00e0 Bamako, M. El Hou\u00e8s a affirm\u00e9 qu&rsquo;elle avait pour but d&rsquo;instaurer \u00ab\u00a0un dialogue avec les fr\u00e8res Maliens au plus haut niveau pour voir comment faire avancer durablement le processus de paix au Mali\u00a0\u00bb. Un processus, a-t-il rappel\u00e9, \u00ab\u00a0dont l&rsquo;Alg\u00e9rie assume le r\u00f4le de chef de file et pour lequel elle tient \u00e0 c\u0153ur afin d&rsquo;aider les fr\u00e8res Maliens \u00e0 d\u00e9passer la situation d&rsquo;impasse actuelle\u00a0\u00bb.<\/p>\n\n\n\n<p>Il est utile de rappeler que le ministre des Affaires \u00e9trang\u00e8res et de la Communaut\u00e9 nationale \u00e0 l\u2019\u00e9tranger Ahmed Attaf s\u2019est rendu la semaine derni\u00e8re au Mali pour renforcer les relations bilat\u00e9rales et soutenir le processus de paix dans ce pays voisin, au momento\u00f9 les tensions se sont multipli\u00e9es ces derni\u00e8res semaines entre Bamako et les groupes politico-militaires du nord malien. Ahmed Attaf a eu des entretiens bilat\u00e9raux avec son homologue malien, Abdoulaye Diop, en pr\u00e9sence du ministre de la D\u00e9fense nationale et des Anciens combattants et du ministre de la R\u00e9conciliation nationale charg\u00e9 de l&rsquo;Accord de paix et de r\u00e9conciliation au Mali issu du Processus d&rsquo;Alger. Sur place, le chef de la diplomatie alg\u00e9rienne a r\u00e9affirm\u00e9 \u00ab la solidarit\u00e9 constante de l&rsquo;Alg\u00e9rie et son soutien permanent \u00e0 la R\u00e9publique du Mali pour la r\u00e9alisation des priorit\u00e9s de l&rsquo;\u00e9tape de transition et la concr\u00e9tisation des \u00e9ch\u00e9ances nationales permettant le retour du pays \u00e0 la situation constitutionnelle dans les d\u00e9lais fix\u00e9s de fa\u00e7on souveraine par le Mali, pays fr\u00e8re \u00bb, saluant ses efforts visant \u00ab \u00e0 faire face aux d\u00e9fis s\u00e9curitaires impos\u00e9s par les menaces terroristes \u00bb. M. Attaf a soulign\u00e9, en outre, la disponibilit\u00e9 de l&rsquo;Alg\u00e9rie d&rsquo;intensifier ses efforts visant \u00e0 restaurer et conforter la confiance entre les parties maliennes signataires de l&rsquo;accord et de les accompagner vers la cristallisation des consensus n\u00e9cessaires pour aller de l&rsquo;avant dans la concr\u00e9tisation de l&rsquo;accord sur terrain en vue de pr\u00e9server l&rsquo;unit\u00e9 du pays et son peuple\u00a0\u00bb.<\/p>\n\n\n\n<p><strong>Chokri Hafed<\/strong><\/p>\n","protected":false},"excerpt":{"rendered":"<p>Le r\u00e8glement de la crise au Mali, dans le strict respect de l\u2019int\u00e9grit\u00e9 territoriale de ce pays du Sahel, est<\/p>\n","protected":false},"author":3,"featured_media":40412,"comment_status":"open","ping_status":"closed","sticky":false,"template":"","format":"standard","meta":{"colormag_page_container_layout":"default_layout","colormag_page_sidebar_layout":"default_layout","om_disable_all_campaigns":false,"_monsterinsights_skip_tracking":false,"_monsterinsights_sitenote_active":false,"_monsterinsights_sitenote_note":"","_monsterinsights_sitenote_category":0,"footnotes":"","_wpscppro_dont_share_socialmedia":false,"_wpscppro_custom_social_share_image":0,"_facebook_share_type":"","_twitter_share_type":"","_linkedin_share_type":"","_pinterest_share_type":"","_linkedin_share_type_page":"","_instagram_share_type":"","_medium_share_type":"","_threads_share_type":"","_google_business_share_type":"","_selected_social_profile":[],"_wpsp_enable_custom_social_template":false,"_wpsp_social_scheduling":{"enabled":false,"datetime":null,"platforms":[],"status":"template_only","dateOption":"today","timeOption":"now","customDays":"","customHours":"","customDate":"","customTime":"","schedulingType":"absolute"},"_wpsp_active_default_template":true},"categories":[52,27],"tags":[],"class_list":["post-40401","post","type-post","status-publish","format-standard","has-post-thumbnail","hentry","category-a-la-une","category-actualite"],"aioseo_notices":[],"yoast_head":"<!-- This site is optimized with the Yoast SEO plugin v27.5 - https:\/\/yoast.com\/product\/yoast-seo-wordpress\/ -->\n<title>Processus de paix au Mali\u00a0: L\u2019Alg\u00e9rie veille au grain - La Sentinelle<\/title>\n<meta name=\"robots\" content=\"index, follow, max-snippet:-1, max-image-preview:large, max-video-preview:-1\" \/>\n<link rel=\"canonical\" href=\"https:\/\/lasentinelle.dz\/index.php\/2023\/05\/02\/processus-de-paix-au-mali-lalgerie-veille-au-grain\/\" \/>\n<meta property=\"og:locale\" content=\"fr_FR\" \/>\n<meta property=\"og:type\" content=\"article\" \/>\n<meta property=\"og:title\" content=\"Processus de paix au Mali\u00a0: L\u2019Alg\u00e9rie veille au grain - La Sentinelle\" \/>\n<meta property=\"og:description\" content=\"Le r\u00e8glement de la crise au Mali, dans le strict respect de l\u2019int\u00e9grit\u00e9 territoriale de ce pays du Sahel, est\" \/>\n<meta property=\"og:url\" content=\"https:\/\/lasentinelle.dz\/index.php\/2023\/05\/02\/processus-de-paix-au-mali-lalgerie-veille-au-grain\/\" \/>\n<meta property=\"og:site_name\" content=\"La Sentinelle\" \/>\n<meta property=\"article:publisher\" content=\"https:\/\/www.facebook.com\/La-Sentinelle-104059864394773\" \/>\n<meta property=\"article:published_time\" content=\"2023-05-02T21:08:00+00:00\" \/>\n<meta property=\"og:image\" content=\"https:\/\/lasentinelle.dz\/wp-content\/uploads\/2023\/05\/image_2023-05-02_193725642.png\" \/>\n\t<meta property=\"og:image:width\" content=\"1600\" \/>\n\t<meta property=\"og:image:height\" content=\"900\" \/>\n\t<meta property=\"og:image:type\" content=\"image\/png\" \/>\n<meta name=\"author\" content=\"La Sentinelle\" \/>\n<meta name=\"twitter:card\" content=\"summary_large_image\" \/>\n<meta name=\"twitter:label1\" content=\"\u00c9crit par\" \/>\n\t<meta name=\"twitter:data1\" content=\"La Sentinelle\" \/>\n\t<meta name=\"twitter:label2\" content=\"Dur\u00e9e de lecture estim\u00e9e\" \/>\n\t<meta name=\"twitter:data2\" content=\"4 minutes\" \/>\n<script type=\"application\/ld+json\" class=\"yoast-schema-graph\">{\"@context\":\"https:\\\/\\\/schema.org\",\"@graph\":[{\"@type\":\"Article\",\"@id\":\"https:\\\/\\\/lasentinelle.dz\\\/index.php\\\/2023\\\/05\\\/02\\\/processus-de-paix-au-mali-lalgerie-veille-au-grain\\\/#article\",\"isPartOf\":{\"@id\":\"https:\\\/\\\/lasentinelle.dz\\\/index.php\\\/2023\\\/05\\\/02\\\/processus-de-paix-au-mali-lalgerie-veille-au-grain\\\/\"},\"author\":{\"name\":\"La Sentinelle\",\"@id\":\"https:\\\/\\\/lasentinelle.dz\\\/#\\\/schema\\\/person\\\/d865044e22e70a75174ce8bcad3acfb3\"},\"headline\":\"Processus de paix au Mali\u00a0: L\u2019Alg\u00e9rie veille au grain\",\"datePublished\":\"2023-05-02T21:08:00+00:00\",\"mainEntityOfPage\":{\"@id\":\"https:\\\/\\\/lasentinelle.dz\\\/index.php\\\/2023\\\/05\\\/02\\\/processus-de-paix-au-mali-lalgerie-veille-au-grain\\\/\"},\"wordCount\":726,\"commentCount\":0,\"publisher\":{\"@id\":\"https:\\\/\\\/lasentinelle.dz\\\/#organization\"},\"image\":{\"@id\":\"https:\\\/\\\/lasentinelle.dz\\\/index.php\\\/2023\\\/05\\\/02\\\/processus-de-paix-au-mali-lalgerie-veille-au-grain\\\/#primaryimage\"},\"thumbnailUrl\":\"https:\\\/\\\/lasentinelle.dz\\\/wp-content\\\/uploads\\\/2023\\\/05\\\/image_2023-05-02_193725642.png\",\"articleSection\":[\"\u00c0 la Une\",\"Actualit\u00e9\"],\"inLanguage\":\"fr-FR\",\"potentialAction\":[{\"@type\":\"CommentAction\",\"name\":\"Comment\",\"target\":[\"https:\\\/\\\/lasentinelle.dz\\\/index.php\\\/2023\\\/05\\\/02\\\/processus-de-paix-au-mali-lalgerie-veille-au-grain\\\/#respond\"]}]},{\"@type\":\"WebPage\",\"@id\":\"https:\\\/\\\/lasentinelle.dz\\\/index.php\\\/2023\\\/05\\\/02\\\/processus-de-paix-au-mali-lalgerie-veille-au-grain\\\/\",\"url\":\"https:\\\/\\\/lasentinelle.dz\\\/index.php\\\/2023\\\/05\\\/02\\\/processus-de-paix-au-mali-lalgerie-veille-au-grain\\\/\",\"name\":\"Processus de paix au Mali\u00a0: L\u2019Alg\u00e9rie veille au grain - La Sentinelle\",\"isPartOf\":{\"@id\":\"https:\\\/\\\/lasentinelle.dz\\\/#website\"},\"primaryImageOfPage\":{\"@id\":\"https:\\\/\\\/lasentinelle.dz\\\/index.php\\\/2023\\\/05\\\/02\\\/processus-de-paix-au-mali-lalgerie-veille-au-grain\\\/#primaryimage\"},\"image\":{\"@id\":\"https:\\\/\\\/lasentinelle.dz\\\/index.php\\\/2023\\\/05\\\/02\\\/processus-de-paix-au-mali-lalgerie-veille-au-grain\\\/#primaryimage\"},\"thumbnailUrl\":\"https:\\\/\\\/lasentinelle.dz\\\/wp-content\\\/uploads\\\/2023\\\/05\\\/image_2023-05-02_193725642.png\",\"datePublished\":\"2023-05-02T21:08:00+00:00\",\"breadcrumb\":{\"@id\":\"https:\\\/\\\/lasentinelle.dz\\\/index.php\\\/2023\\\/05\\\/02\\\/processus-de-paix-au-mali-lalgerie-veille-au-grain\\\/#breadcrumb\"},\"inLanguage\":\"fr-FR\",\"potentialAction\":[{\"@type\":\"ReadAction\",\"target\":[\"https:\\\/\\\/lasentinelle.dz\\\/index.php\\\/2023\\\/05\\\/02\\\/processus-de-paix-au-mali-lalgerie-veille-au-grain\\\/\"]}]},{\"@type\":\"ImageObject\",\"inLanguage\":\"fr-FR\",\"@id\":\"https:\\\/\\\/lasentinelle.dz\\\/index.php\\\/2023\\\/05\\\/02\\\/processus-de-paix-au-mali-lalgerie-veille-au-grain\\\/#primaryimage\",\"url\":\"https:\\\/\\\/lasentinelle.dz\\\/wp-content\\\/uploads\\\/2023\\\/05\\\/image_2023-05-02_193725642.png\",\"contentUrl\":\"https:\\\/\\\/lasentinelle.dz\\\/wp-content\\\/uploads\\\/2023\\\/05\\\/image_2023-05-02_193725642.png\",\"width\":1600,\"height\":900},{\"@type\":\"BreadcrumbList\",\"@id\":\"https:\\\/\\\/lasentinelle.dz\\\/index.php\\\/2023\\\/05\\\/02\\\/processus-de-paix-au-mali-lalgerie-veille-au-grain\\\/#breadcrumb\",\"itemListElement\":[{\"@type\":\"ListItem\",\"position\":1,\"name\":\"Accueil\",\"item\":\"https:\\\/\\\/lasentinelle.dz\\\/\"},{\"@type\":\"ListItem\",\"position\":2,\"name\":\"Processus de paix au Mali\u00a0: L\u2019Alg\u00e9rie veille au grain\"}]},{\"@type\":\"WebSite\",\"@id\":\"https:\\\/\\\/lasentinelle.dz\\\/#website\",\"url\":\"https:\\\/\\\/lasentinelle.dz\\\/\",\"name\":\"La Sentinelle\",\"description\":\"Quotidien national d&#039;information\",\"publisher\":{\"@id\":\"https:\\\/\\\/lasentinelle.dz\\\/#organization\"},\"potentialAction\":[{\"@type\":\"SearchAction\",\"target\":{\"@type\":\"EntryPoint\",\"urlTemplate\":\"https:\\\/\\\/lasentinelle.dz\\\/?s={search_term_string}\"},\"query-input\":{\"@type\":\"PropertyValueSpecification\",\"valueRequired\":true,\"valueName\":\"search_term_string\"}}],\"inLanguage\":\"fr-FR\"},{\"@type\":\"Organization\",\"@id\":\"https:\\\/\\\/lasentinelle.dz\\\/#organization\",\"name\":\"Quotidien La Sentinelle\",\"url\":\"https:\\\/\\\/lasentinelle.dz\\\/\",\"logo\":{\"@type\":\"ImageObject\",\"inLanguage\":\"fr-FR\",\"@id\":\"https:\\\/\\\/lasentinelle.dz\\\/#\\\/schema\\\/logo\\\/image\\\/\",\"url\":\"https:\\\/\\\/lasentinelle.dz\\\/wp-content\\\/uploads\\\/2021\\\/09\\\/logo-sentinelleSLOGAN-1.png\",\"contentUrl\":\"https:\\\/\\\/lasentinelle.dz\\\/wp-content\\\/uploads\\\/2021\\\/09\\\/logo-sentinelleSLOGAN-1.png\",\"width\":615,\"height\":142,\"caption\":\"Quotidien La Sentinelle\"},\"image\":{\"@id\":\"https:\\\/\\\/lasentinelle.dz\\\/#\\\/schema\\\/logo\\\/image\\\/\"},\"sameAs\":[\"https:\\\/\\\/www.facebook.com\\\/La-Sentinelle-104059864394773\"]},{\"@type\":\"Person\",\"@id\":\"https:\\\/\\\/lasentinelle.dz\\\/#\\\/schema\\\/person\\\/d865044e22e70a75174ce8bcad3acfb3\",\"name\":\"La Sentinelle\",\"image\":{\"@type\":\"ImageObject\",\"inLanguage\":\"fr-FR\",\"@id\":\"https:\\\/\\\/secure.gravatar.com\\\/avatar\\\/57de8e5d4b15d43fb361a71fbb36338450fe67865b528a43dd10ef7c51a20392?s=96&d=mm&r=g\",\"url\":\"https:\\\/\\\/secure.gravatar.com\\\/avatar\\\/57de8e5d4b15d43fb361a71fbb36338450fe67865b528a43dd10ef7c51a20392?s=96&d=mm&r=g\",\"contentUrl\":\"https:\\\/\\\/secure.gravatar.com\\\/avatar\\\/57de8e5d4b15d43fb361a71fbb36338450fe67865b528a43dd10ef7c51a20392?s=96&d=mm&r=g\",\"caption\":\"La Sentinelle\"},\"sameAs\":[\"http:\\\/\\\/www.lasentinelle.dz\"],\"url\":\"https:\\\/\\\/lasentinelle.dz\\\/author\\\/redaction\\\/\"}]}<\/script>\n<!-- \/ Yoast SEO plugin. -->","yoast_head_json":{"title":"Processus de paix au Mali\u00a0: L\u2019Alg\u00e9rie veille au grain - La Sentinelle","robots":{"index":"index","follow":"follow","max-snippet":"max-snippet:-1","max-image-preview":"max-image-preview:large","max-video-preview":"max-video-preview:-1"},"canonical":"https:\/\/lasentinelle.dz\/index.php\/2023\/05\/02\/processus-de-paix-au-mali-lalgerie-veille-au-grain\/","og_locale":"fr_FR","og_type":"article","og_title":"Processus de paix au Mali\u00a0: L\u2019Alg\u00e9rie veille au grain - La Sentinelle","og_description":"Le r\u00e8glement de la crise au Mali, dans le strict respect de l\u2019int\u00e9grit\u00e9 territoriale de ce pays du Sahel, est","og_url":"https:\/\/lasentinelle.dz\/index.php\/2023\/05\/02\/processus-de-paix-au-mali-lalgerie-veille-au-grain\/","og_site_name":"La Sentinelle","article_publisher":"https:\/\/www.facebook.com\/La-Sentinelle-104059864394773","article_published_time":"2023-05-02T21:08:00+00:00","og_image":[{"width":1600,"height":900,"url":"https:\/\/lasentinelle.dz\/wp-content\/uploads\/2023\/05\/image_2023-05-02_193725642.png","type":"image\/png"}],"author":"La Sentinelle","twitter_card":"summary_large_image","twitter_misc":{"\u00c9crit par":"La Sentinelle","Dur\u00e9e de lecture estim\u00e9e":"4 minutes"},"schema":{"@context":"https:\/\/schema.org","@graph":[{"@type":"Article","@id":"https:\/\/lasentinelle.dz\/index.php\/2023\/05\/02\/processus-de-paix-au-mali-lalgerie-veille-au-grain\/#article","isPartOf":{"@id":"https:\/\/lasentinelle.dz\/index.php\/2023\/05\/02\/processus-de-paix-au-mali-lalgerie-veille-au-grain\/"},"author":{"name":"La Sentinelle","@id":"https:\/\/lasentinelle.dz\/#\/schema\/person\/d865044e22e70a75174ce8bcad3acfb3"},"headline":"Processus de paix au Mali\u00a0: L\u2019Alg\u00e9rie veille au grain","datePublished":"2023-05-02T21:08:00+00:00","mainEntityOfPage":{"@id":"https:\/\/lasentinelle.dz\/index.php\/2023\/05\/02\/processus-de-paix-au-mali-lalgerie-veille-au-grain\/"},"wordCount":726,"commentCount":0,"publisher":{"@id":"https:\/\/lasentinelle.dz\/#organization"},"image":{"@id":"https:\/\/lasentinelle.dz\/index.php\/2023\/05\/02\/processus-de-paix-au-mali-lalgerie-veille-au-grain\/#primaryimage"},"thumbnailUrl":"https:\/\/lasentinelle.dz\/wp-content\/uploads\/2023\/05\/image_2023-05-02_193725642.png","articleSection":["\u00c0 la Une","Actualit\u00e9"],"inLanguage":"fr-FR","potentialAction":[{"@type":"CommentAction","name":"Comment","target":["https:\/\/lasentinelle.dz\/index.php\/2023\/05\/02\/processus-de-paix-au-mali-lalgerie-veille-au-grain\/#respond"]}]},{"@type":"WebPage","@id":"https:\/\/lasentinelle.dz\/index.php\/2023\/05\/02\/processus-de-paix-au-mali-lalgerie-veille-au-grain\/","url":"https:\/\/lasentinelle.dz\/index.php\/2023\/05\/02\/processus-de-paix-au-mali-lalgerie-veille-au-grain\/","name":"Processus de paix au Mali\u00a0: L\u2019Alg\u00e9rie veille au grain - La Sentinelle","isPartOf":{"@id":"https:\/\/lasentinelle.dz\/#website"},"primaryImageOfPage":{"@id":"https:\/\/lasentinelle.dz\/index.php\/2023\/05\/02\/processus-de-paix-au-mali-lalgerie-veille-au-grain\/#primaryimage"},"image":{"@id":"https:\/\/lasentinelle.dz\/index.php\/2023\/05\/02\/processus-de-paix-au-mali-lalgerie-veille-au-grain\/#primaryimage"},"thumbnailUrl":"https:\/\/lasentinelle.dz\/wp-content\/uploads\/2023\/05\/image_2023-05-02_193725642.png","datePublished":"2023-05-02T21:08:00+00:00","breadcrumb":{"@id":"https:\/\/lasentinelle.dz\/index.php\/2023\/05\/02\/processus-de-paix-au-mali-lalgerie-veille-au-grain\/#breadcrumb"},"inLanguage":"fr-FR","potentialAction":[{"@type":"ReadAction","target":["https:\/\/lasentinelle.dz\/index.php\/2023\/05\/02\/processus-de-paix-au-mali-lalgerie-veille-au-grain\/"]}]},{"@type":"ImageObject","inLanguage":"fr-FR","@id":"https:\/\/lasentinelle.dz\/index.php\/2023\/05\/02\/processus-de-paix-au-mali-lalgerie-veille-au-grain\/#primaryimage","url":"https:\/\/lasentinelle.dz\/wp-content\/uploads\/2023\/05\/image_2023-05-02_193725642.png","contentUrl":"https:\/\/lasentinelle.dz\/wp-content\/uploads\/2023\/05\/image_2023-05-02_193725642.png","width":1600,"height":900},{"@type":"BreadcrumbList","@id":"https:\/\/lasentinelle.dz\/index.php\/2023\/05\/02\/processus-de-paix-au-mali-lalgerie-veille-au-grain\/#breadcrumb","itemListElement":[{"@type":"ListItem","position":1,"name":"Accueil","item":"https:\/\/lasentinelle.dz\/"},{"@type":"ListItem","position":2,"name":"Processus de paix au Mali\u00a0: L\u2019Alg\u00e9rie veille au grain"}]},{"@type":"WebSite","@id":"https:\/\/lasentinelle.dz\/#website","url":"https:\/\/lasentinelle.dz\/","name":"La Sentinelle","description":"Quotidien national d&#039;information","publisher":{"@id":"https:\/\/lasentinelle.dz\/#organization"},"potentialAction":[{"@type":"SearchAction","target":{"@type":"EntryPoint","urlTemplate":"https:\/\/lasentinelle.dz\/?s={search_term_string}"},"query-input":{"@type":"PropertyValueSpecification","valueRequired":true,"valueName":"search_term_string"}}],"inLanguage":"fr-FR"},{"@type":"Organization","@id":"https:\/\/lasentinelle.dz\/#organization","name":"Quotidien La Sentinelle","url":"https:\/\/lasentinelle.dz\/","logo":{"@type":"ImageObject","inLanguage":"fr-FR","@id":"https:\/\/lasentinelle.dz\/#\/schema\/logo\/image\/","url":"https:\/\/lasentinelle.dz\/wp-content\/uploads\/2021\/09\/logo-sentinelleSLOGAN-1.png","contentUrl":"https:\/\/lasentinelle.dz\/wp-content\/uploads\/2021\/09\/logo-sentinelleSLOGAN-1.png","width":615,"height":142,"caption":"Quotidien La Sentinelle"},"image":{"@id":"https:\/\/lasentinelle.dz\/#\/schema\/logo\/image\/"},"sameAs":["https:\/\/www.facebook.com\/La-Sentinelle-104059864394773"]},{"@type":"Person","@id":"https:\/\/lasentinelle.dz\/#\/schema\/person\/d865044e22e70a75174ce8bcad3acfb3","name":"La Sentinelle","image":{"@type":"ImageObject","inLanguage":"fr-FR","@id":"https:\/\/secure.gravatar.com\/avatar\/57de8e5d4b15d43fb361a71fbb36338450fe67865b528a43dd10ef7c51a20392?s=96&d=mm&r=g","url":"https:\/\/secure.gravatar.com\/avatar\/57de8e5d4b15d43fb361a71fbb36338450fe67865b528a43dd10ef7c51a20392?s=96&d=mm&r=g","contentUrl":"https:\/\/secure.gravatar.com\/avatar\/57de8e5d4b15d43fb361a71fbb36338450fe67865b528a43dd10ef7c51a20392?s=96&d=mm&r=g","caption":"La Sentinelle"},"sameAs":["http:\/\/www.lasentinelle.dz"],"url":"https:\/\/lasentinelle.dz\/author\/redaction\/"}]}},"_links":{"self":[{"href":"https:\/\/lasentinelle.dz\/index.php\/wp-json\/wp\/v2\/posts\/40401","targetHints":{"allow":["GET"]}}],"collection":[{"href":"https:\/\/lasentinelle.dz\/index.php\/wp-json\/wp\/v2\/posts"}],"about":[{"href":"https:\/\/lasentinelle.dz\/index.php\/wp-json\/wp\/v2\/types\/post"}],"author":[{"embeddable":true,"href":"https:\/\/lasentinelle.dz\/index.php\/wp-json\/wp\/v2\/users\/3"}],"replies":[{"embeddable":true,"href":"https:\/\/lasentinelle.dz\/index.php\/wp-json\/wp\/v2\/comments?post=40401"}],"version-history":[{"count":2,"href":"https:\/\/lasentinelle.dz\/index.php\/wp-json\/wp\/v2\/posts\/40401\/revisions"}],"predecessor-version":[{"id":40422,"href":"https:\/\/lasentinelle.dz\/index.php\/wp-json\/wp\/v2\/posts\/40401\/revisions\/40422"}],"wp:featuredmedia":[{"embeddable":true,"href":"https:\/\/lasentinelle.dz\/index.php\/wp-json\/wp\/v2\/media\/40412"}],"wp:attachment":[{"href":"https:\/\/lasentinelle.dz\/index.php\/wp-json\/wp\/v2\/media?parent=40401"}],"wp:term":[{"taxonomy":"category","embeddable":true,"href":"https:\/\/lasentinelle.dz\/index.php\/wp-json\/wp\/v2\/categories?post=40401"},{"taxonomy":"post_tag","embeddable":true,"href":"https:\/\/lasentinelle.dz\/index.php\/wp-json\/wp\/v2\/tags?post=40401"}],"curies":[{"name":"wp","href":"https:\/\/api.w.org\/{rel}","templated":true}]}}