{"id":40407,"date":"2023-05-02T22:05:00","date_gmt":"2023-05-02T21:05:00","guid":{"rendered":"https:\/\/lasentinelle.dz\/?p=40407"},"modified":"2023-05-02T19:39:52","modified_gmt":"2023-05-02T18:39:52","slug":"cooperation-algero-soudienne-les-efforts-de-lalgerie-en-faveur-des-causes-arabes-salues","status":"publish","type":"post","link":"https:\/\/lasentinelle.dz\/index.php\/2023\/05\/02\/cooperation-algero-soudienne-les-efforts-de-lalgerie-en-faveur-des-causes-arabes-salues\/","title":{"rendered":"Coop\u00e9ration alg\u00e9ro-soudienne\u00a0: Les efforts de l&rsquo;Alg\u00e9rie en faveur des causes arabes salu\u00e9s"},"content":{"rendered":"\n<p>Le pr\u00e9sident du Conseil de la Choura (assembl\u00e9 consultative) du Royaume d&rsquo;Arabie saoudite, Dr Abdullah bin Mohamed bin Ibrahim Al-Sheikh, a salu\u00e9 mardi les efforts de l&rsquo;Alg\u00e9rie en faveur des causes arabes, la cause palestinienne en t\u00eate.<\/p>\n\n\n\n<p>Dans une d\u00e9claration au sortir de l&rsquo;audience que lui a accord\u00e9e le pr\u00e9sident de la R\u00e9publique, M. Abdelmadjid Tebboune, au si\u00e8ge de la Pr\u00e9sidence de la R\u00e9publique, le pr\u00e9sident du Conseil saoudien de la Choura a pr\u00e9cis\u00e9 avoir remerci\u00e9 le Pr\u00e9sident Tebboune pour \u00ab\u00a0les efforts consentis par l&rsquo;Alg\u00e9rie en faveur des causes arabes, la cause palestinienne en t\u00eate\u00a0\u00bb, ainsi que pour \u00ab\u00a0son soutien aux d\u00e9marches du Royaume d&rsquo;Arabie saoudite\u00a0\u00bb, ajoutant que l&rsquo;Alg\u00e9rie \u00ab\u00a0a \u00e9t\u00e9 parmi les premiers pays \u00e0 soutenir ces d\u00e9marches\u00a0\u00bb. Il y a une \u00ab\u00a0coordination permanente\u00a0\u00bb entre l&rsquo;Alg\u00e9rie et l&rsquo;Arabie saoudite en la mati\u00e8re, a-t-il dit.<\/p>\n\n\n\n<p>Le responsable saoudien a qualifi\u00e9 sa rencontre avec le Pr\u00e9sident Tebboune de \u00ab\u00a0fructueuse\u00a0\u00bb, pr\u00e9cisant lui avoir transmis \u00ab\u00a0les salutations du Serviteur des Lieux saints et de Son Altesse le Prince h\u00e9ritier\u00a0\u00bb. La rencontre a \u00e9galement permis d&rsquo;\u00e9voquer les relations entre le Conseil saoudien de la Choura et les deux Chambres du Parlement alg\u00e9rien. Le responsable saoudien a ajout\u00e9 avoir \u00e9cout\u00e9 avec int\u00e9r\u00eat le pr\u00e9sident de la R\u00e9publique et appris davantage sur \u00ab\u00a0l&rsquo;histoire rayonnante de l&rsquo;Alg\u00e9rie et les d\u00e9marches du pr\u00e9sident de la R\u00e9publique, du Gouvernement et du peuple alg\u00e9riens, qui ont transform\u00e9 des aspirations en un plan d&rsquo;action et un programme qui sont actuellement mis en \u0153uvre\u00a0\u00bb. Il a ajout\u00e9 avoir inform\u00e9 le Pr\u00e9sident Tebboune des \u00ab\u00a0nombreuses d\u00e9marches du Royaume d&rsquo;Arabie saoudite sur le plan politique et \u00e9conomique, ainsi que dans des aspects qui vont au-del\u00e0 des fronti\u00e8res du Royaume jusqu&rsquo;aux paysarabes et musulmans et d&rsquo;autres pays\u00a0\u00bb.<\/p>\n\n\n\n<p>APS<\/p>\n","protected":false},"excerpt":{"rendered":"<p>Le pr\u00e9sident du Conseil de la Choura (assembl\u00e9 consultative) du Royaume d&rsquo;Arabie saoudite, Dr Abdullah bin Mohamed bin Ibrahim Al-Sheikh,<\/p>\n","protected":false},"author":3,"featured_media":40414,"comment_status":"open","ping_status":"closed","sticky":false,"template":"","format":"standard","meta":{"colormag_page_container_layout":"default_layout","colormag_page_sidebar_layout":"default_layout","om_disable_all_campaigns":false,"_monsterinsights_skip_tracking":false,"_monsterinsights_sitenote_active":false,"_monsterinsights_sitenote_note":"","_monsterinsights_sitenote_category":0,"footnotes":"","_wpscppro_dont_share_socialmedia":false,"_wpscppro_custom_social_share_image":0,"_facebook_share_type":"","_twitter_share_type":"","_linkedin_share_type":"","_pinterest_share_type":"","_linkedin_share_type_page":"","_instagram_share_type":"","_medium_share_type":"","_threads_share_type":"","_google_business_share_type":"","_selected_social_profile":[],"_wpsp_enable_custom_social_template":false,"_wpsp_social_scheduling":{"enabled":false,"datetime":null,"platforms":[],"status":"template_only","dateOption":"today","timeOption":"now","customDays":"","customHours":"","customDate":"","customTime":"","schedulingType":"absolute"},"_wpsp_active_default_template":true},"categories":[27],"tags":[],"class_list":["post-40407","post","type-post","status-publish","format-standard","has-post-thumbnail","hentry","category-actualite"],"aioseo_notices":[],"yoast_head":"<!-- This site is optimized with the Yoast SEO plugin v27.5 - https:\/\/yoast.com\/product\/yoast-seo-wordpress\/ -->\n<title>Coop\u00e9ration alg\u00e9ro-soudienne\u00a0: Les efforts de l&rsquo;Alg\u00e9rie en faveur des causes arabes salu\u00e9s - La Sentinelle<\/title>\n<meta name=\"robots\" content=\"index, follow, max-snippet:-1, max-image-preview:large, max-video-preview:-1\" \/>\n<link rel=\"canonical\" href=\"https:\/\/lasentinelle.dz\/index.php\/2023\/05\/02\/cooperation-algero-soudienne-les-efforts-de-lalgerie-en-faveur-des-causes-arabes-salues\/\" \/>\n<meta property=\"og:locale\" content=\"fr_FR\" \/>\n<meta property=\"og:type\" content=\"article\" \/>\n<meta property=\"og:title\" content=\"Coop\u00e9ration alg\u00e9ro-soudienne\u00a0: Les efforts de l&rsquo;Alg\u00e9rie en faveur des causes arabes salu\u00e9s - La Sentinelle\" \/>\n<meta property=\"og:description\" content=\"Le pr\u00e9sident du Conseil de la Choura (assembl\u00e9 consultative) du Royaume d&rsquo;Arabie saoudite, Dr Abdullah bin Mohamed bin Ibrahim Al-Sheikh,\" \/>\n<meta property=\"og:url\" content=\"https:\/\/lasentinelle.dz\/index.php\/2023\/05\/02\/cooperation-algero-soudienne-les-efforts-de-lalgerie-en-faveur-des-causes-arabes-salues\/\" \/>\n<meta property=\"og:site_name\" content=\"La Sentinelle\" \/>\n<meta property=\"article:publisher\" content=\"https:\/\/www.facebook.com\/La-Sentinelle-104059864394773\" \/>\n<meta property=\"article:published_time\" content=\"2023-05-02T21:05:00+00:00\" \/>\n<meta property=\"og:image\" content=\"https:\/\/lasentinelle.dz\/wp-content\/uploads\/2023\/05\/image_2023-05-02_193925334.png\" \/>\n\t<meta property=\"og:image:width\" content=\"700\" \/>\n\t<meta property=\"og:image:height\" content=\"512\" \/>\n\t<meta property=\"og:image:type\" content=\"image\/png\" \/>\n<meta name=\"author\" content=\"La Sentinelle\" \/>\n<meta name=\"twitter:card\" content=\"summary_large_image\" \/>\n<meta name=\"twitter:label1\" content=\"\u00c9crit par\" \/>\n\t<meta name=\"twitter:data1\" content=\"La Sentinelle\" \/>\n\t<meta name=\"twitter:label2\" content=\"Dur\u00e9e de lecture estim\u00e9e\" \/>\n\t<meta name=\"twitter:data2\" content=\"2 minutes\" \/>\n<script type=\"application\/ld+json\" class=\"yoast-schema-graph\">{\"@context\":\"https:\\\/\\\/schema.org\",\"@graph\":[{\"@type\":\"Article\",\"@id\":\"https:\\\/\\\/lasentinelle.dz\\\/index.php\\\/2023\\\/05\\\/02\\\/cooperation-algero-soudienne-les-efforts-de-lalgerie-en-faveur-des-causes-arabes-salues\\\/#article\",\"isPartOf\":{\"@id\":\"https:\\\/\\\/lasentinelle.dz\\\/index.php\\\/2023\\\/05\\\/02\\\/cooperation-algero-soudienne-les-efforts-de-lalgerie-en-faveur-des-causes-arabes-salues\\\/\"},\"author\":{\"name\":\"La Sentinelle\",\"@id\":\"https:\\\/\\\/lasentinelle.dz\\\/#\\\/schema\\\/person\\\/d865044e22e70a75174ce8bcad3acfb3\"},\"headline\":\"Coop\u00e9ration alg\u00e9ro-soudienne\u00a0: Les efforts de l&rsquo;Alg\u00e9rie en faveur des causes arabes salu\u00e9s\",\"datePublished\":\"2023-05-02T21:05:00+00:00\",\"mainEntityOfPage\":{\"@id\":\"https:\\\/\\\/lasentinelle.dz\\\/index.php\\\/2023\\\/05\\\/02\\\/cooperation-algero-soudienne-les-efforts-de-lalgerie-en-faveur-des-causes-arabes-salues\\\/\"},\"wordCount\":351,\"commentCount\":0,\"publisher\":{\"@id\":\"https:\\\/\\\/lasentinelle.dz\\\/#organization\"},\"image\":{\"@id\":\"https:\\\/\\\/lasentinelle.dz\\\/index.php\\\/2023\\\/05\\\/02\\\/cooperation-algero-soudienne-les-efforts-de-lalgerie-en-faveur-des-causes-arabes-salues\\\/#primaryimage\"},\"thumbnailUrl\":\"https:\\\/\\\/lasentinelle.dz\\\/wp-content\\\/uploads\\\/2023\\\/05\\\/image_2023-05-02_193925334.png\",\"articleSection\":[\"Actualit\u00e9\"],\"inLanguage\":\"fr-FR\",\"potentialAction\":[{\"@type\":\"CommentAction\",\"name\":\"Comment\",\"target\":[\"https:\\\/\\\/lasentinelle.dz\\\/index.php\\\/2023\\\/05\\\/02\\\/cooperation-algero-soudienne-les-efforts-de-lalgerie-en-faveur-des-causes-arabes-salues\\\/#respond\"]}]},{\"@type\":\"WebPage\",\"@id\":\"https:\\\/\\\/lasentinelle.dz\\\/index.php\\\/2023\\\/05\\\/02\\\/cooperation-algero-soudienne-les-efforts-de-lalgerie-en-faveur-des-causes-arabes-salues\\\/\",\"url\":\"https:\\\/\\\/lasentinelle.dz\\\/index.php\\\/2023\\\/05\\\/02\\\/cooperation-algero-soudienne-les-efforts-de-lalgerie-en-faveur-des-causes-arabes-salues\\\/\",\"name\":\"Coop\u00e9ration alg\u00e9ro-soudienne\u00a0: Les efforts de l&rsquo;Alg\u00e9rie en faveur des causes arabes salu\u00e9s - La Sentinelle\",\"isPartOf\":{\"@id\":\"https:\\\/\\\/lasentinelle.dz\\\/#website\"},\"primaryImageOfPage\":{\"@id\":\"https:\\\/\\\/lasentinelle.dz\\\/index.php\\\/2023\\\/05\\\/02\\\/cooperation-algero-soudienne-les-efforts-de-lalgerie-en-faveur-des-causes-arabes-salues\\\/#primaryimage\"},\"image\":{\"@id\":\"https:\\\/\\\/lasentinelle.dz\\\/index.php\\\/2023\\\/05\\\/02\\\/cooperation-algero-soudienne-les-efforts-de-lalgerie-en-faveur-des-causes-arabes-salues\\\/#primaryimage\"},\"thumbnailUrl\":\"https:\\\/\\\/lasentinelle.dz\\\/wp-content\\\/uploads\\\/2023\\\/05\\\/image_2023-05-02_193925334.png\",\"datePublished\":\"2023-05-02T21:05:00+00:00\",\"breadcrumb\":{\"@id\":\"https:\\\/\\\/lasentinelle.dz\\\/index.php\\\/2023\\\/05\\\/02\\\/cooperation-algero-soudienne-les-efforts-de-lalgerie-en-faveur-des-causes-arabes-salues\\\/#breadcrumb\"},\"inLanguage\":\"fr-FR\",\"potentialAction\":[{\"@type\":\"ReadAction\",\"target\":[\"https:\\\/\\\/lasentinelle.dz\\\/index.php\\\/2023\\\/05\\\/02\\\/cooperation-algero-soudienne-les-efforts-de-lalgerie-en-faveur-des-causes-arabes-salues\\\/\"]}]},{\"@type\":\"ImageObject\",\"inLanguage\":\"fr-FR\",\"@id\":\"https:\\\/\\\/lasentinelle.dz\\\/index.php\\\/2023\\\/05\\\/02\\\/cooperation-algero-soudienne-les-efforts-de-lalgerie-en-faveur-des-causes-arabes-salues\\\/#primaryimage\",\"url\":\"https:\\\/\\\/lasentinelle.dz\\\/wp-content\\\/uploads\\\/2023\\\/05\\\/image_2023-05-02_193925334.png\",\"contentUrl\":\"https:\\\/\\\/lasentinelle.dz\\\/wp-content\\\/uploads\\\/2023\\\/05\\\/image_2023-05-02_193925334.png\",\"width\":700,\"height\":512},{\"@type\":\"BreadcrumbList\",\"@id\":\"https:\\\/\\\/lasentinelle.dz\\\/index.php\\\/2023\\\/05\\\/02\\\/cooperation-algero-soudienne-les-efforts-de-lalgerie-en-faveur-des-causes-arabes-salues\\\/#breadcrumb\",\"itemListElement\":[{\"@type\":\"ListItem\",\"position\":1,\"name\":\"Accueil\",\"item\":\"https:\\\/\\\/lasentinelle.dz\\\/\"},{\"@type\":\"ListItem\",\"position\":2,\"name\":\"Coop\u00e9ration alg\u00e9ro-soudienne\u00a0: Les efforts de l&rsquo;Alg\u00e9rie en faveur des causes arabes salu\u00e9s\"}]},{\"@type\":\"WebSite\",\"@id\":\"https:\\\/\\\/lasentinelle.dz\\\/#website\",\"url\":\"https:\\\/\\\/lasentinelle.dz\\\/\",\"name\":\"La Sentinelle\",\"description\":\"Quotidien national d&#039;information\",\"publisher\":{\"@id\":\"https:\\\/\\\/lasentinelle.dz\\\/#organization\"},\"potentialAction\":[{\"@type\":\"SearchAction\",\"target\":{\"@type\":\"EntryPoint\",\"urlTemplate\":\"https:\\\/\\\/lasentinelle.dz\\\/?s={search_term_string}\"},\"query-input\":{\"@type\":\"PropertyValueSpecification\",\"valueRequired\":true,\"valueName\":\"search_term_string\"}}],\"inLanguage\":\"fr-FR\"},{\"@type\":\"Organization\",\"@id\":\"https:\\\/\\\/lasentinelle.dz\\\/#organization\",\"name\":\"Quotidien La Sentinelle\",\"url\":\"https:\\\/\\\/lasentinelle.dz\\\/\",\"logo\":{\"@type\":\"ImageObject\",\"inLanguage\":\"fr-FR\",\"@id\":\"https:\\\/\\\/lasentinelle.dz\\\/#\\\/schema\\\/logo\\\/image\\\/\",\"url\":\"https:\\\/\\\/lasentinelle.dz\\\/wp-content\\\/uploads\\\/2021\\\/09\\\/logo-sentinelleSLOGAN-1.png\",\"contentUrl\":\"https:\\\/\\\/lasentinelle.dz\\\/wp-content\\\/uploads\\\/2021\\\/09\\\/logo-sentinelleSLOGAN-1.png\",\"width\":615,\"height\":142,\"caption\":\"Quotidien La Sentinelle\"},\"image\":{\"@id\":\"https:\\\/\\\/lasentinelle.dz\\\/#\\\/schema\\\/logo\\\/image\\\/\"},\"sameAs\":[\"https:\\\/\\\/www.facebook.com\\\/La-Sentinelle-104059864394773\"]},{\"@type\":\"Person\",\"@id\":\"https:\\\/\\\/lasentinelle.dz\\\/#\\\/schema\\\/person\\\/d865044e22e70a75174ce8bcad3acfb3\",\"name\":\"La Sentinelle\",\"image\":{\"@type\":\"ImageObject\",\"inLanguage\":\"fr-FR\",\"@id\":\"https:\\\/\\\/secure.gravatar.com\\\/avatar\\\/57de8e5d4b15d43fb361a71fbb36338450fe67865b528a43dd10ef7c51a20392?s=96&d=mm&r=g\",\"url\":\"https:\\\/\\\/secure.gravatar.com\\\/avatar\\\/57de8e5d4b15d43fb361a71fbb36338450fe67865b528a43dd10ef7c51a20392?s=96&d=mm&r=g\",\"contentUrl\":\"https:\\\/\\\/secure.gravatar.com\\\/avatar\\\/57de8e5d4b15d43fb361a71fbb36338450fe67865b528a43dd10ef7c51a20392?s=96&d=mm&r=g\",\"caption\":\"La Sentinelle\"},\"sameAs\":[\"http:\\\/\\\/www.lasentinelle.dz\"],\"url\":\"https:\\\/\\\/lasentinelle.dz\\\/author\\\/redaction\\\/\"}]}<\/script>\n<!-- \/ Yoast SEO plugin. -->","yoast_head_json":{"title":"Coop\u00e9ration alg\u00e9ro-soudienne\u00a0: Les efforts de l&rsquo;Alg\u00e9rie en faveur des causes arabes salu\u00e9s - La Sentinelle","robots":{"index":"index","follow":"follow","max-snippet":"max-snippet:-1","max-image-preview":"max-image-preview:large","max-video-preview":"max-video-preview:-1"},"canonical":"https:\/\/lasentinelle.dz\/index.php\/2023\/05\/02\/cooperation-algero-soudienne-les-efforts-de-lalgerie-en-faveur-des-causes-arabes-salues\/","og_locale":"fr_FR","og_type":"article","og_title":"Coop\u00e9ration alg\u00e9ro-soudienne\u00a0: Les efforts de l&rsquo;Alg\u00e9rie en faveur des causes arabes salu\u00e9s - La Sentinelle","og_description":"Le pr\u00e9sident du Conseil de la Choura (assembl\u00e9 consultative) du Royaume d&rsquo;Arabie saoudite, Dr Abdullah bin Mohamed bin Ibrahim Al-Sheikh,","og_url":"https:\/\/lasentinelle.dz\/index.php\/2023\/05\/02\/cooperation-algero-soudienne-les-efforts-de-lalgerie-en-faveur-des-causes-arabes-salues\/","og_site_name":"La Sentinelle","article_publisher":"https:\/\/www.facebook.com\/La-Sentinelle-104059864394773","article_published_time":"2023-05-02T21:05:00+00:00","og_image":[{"width":700,"height":512,"url":"https:\/\/lasentinelle.dz\/wp-content\/uploads\/2023\/05\/image_2023-05-02_193925334.png","type":"image\/png"}],"author":"La Sentinelle","twitter_card":"summary_large_image","twitter_misc":{"\u00c9crit par":"La Sentinelle","Dur\u00e9e de lecture estim\u00e9e":"2 minutes"},"schema":{"@context":"https:\/\/schema.org","@graph":[{"@type":"Article","@id":"https:\/\/lasentinelle.dz\/index.php\/2023\/05\/02\/cooperation-algero-soudienne-les-efforts-de-lalgerie-en-faveur-des-causes-arabes-salues\/#article","isPartOf":{"@id":"https:\/\/lasentinelle.dz\/index.php\/2023\/05\/02\/cooperation-algero-soudienne-les-efforts-de-lalgerie-en-faveur-des-causes-arabes-salues\/"},"author":{"name":"La Sentinelle","@id":"https:\/\/lasentinelle.dz\/#\/schema\/person\/d865044e22e70a75174ce8bcad3acfb3"},"headline":"Coop\u00e9ration alg\u00e9ro-soudienne\u00a0: Les efforts de l&rsquo;Alg\u00e9rie en faveur des causes arabes salu\u00e9s","datePublished":"2023-05-02T21:05:00+00:00","mainEntityOfPage":{"@id":"https:\/\/lasentinelle.dz\/index.php\/2023\/05\/02\/cooperation-algero-soudienne-les-efforts-de-lalgerie-en-faveur-des-causes-arabes-salues\/"},"wordCount":351,"commentCount":0,"publisher":{"@id":"https:\/\/lasentinelle.dz\/#organization"},"image":{"@id":"https:\/\/lasentinelle.dz\/index.php\/2023\/05\/02\/cooperation-algero-soudienne-les-efforts-de-lalgerie-en-faveur-des-causes-arabes-salues\/#primaryimage"},"thumbnailUrl":"https:\/\/lasentinelle.dz\/wp-content\/uploads\/2023\/05\/image_2023-05-02_193925334.png","articleSection":["Actualit\u00e9"],"inLanguage":"fr-FR","potentialAction":[{"@type":"CommentAction","name":"Comment","target":["https:\/\/lasentinelle.dz\/index.php\/2023\/05\/02\/cooperation-algero-soudienne-les-efforts-de-lalgerie-en-faveur-des-causes-arabes-salues\/#respond"]}]},{"@type":"WebPage","@id":"https:\/\/lasentinelle.dz\/index.php\/2023\/05\/02\/cooperation-algero-soudienne-les-efforts-de-lalgerie-en-faveur-des-causes-arabes-salues\/","url":"https:\/\/lasentinelle.dz\/index.php\/2023\/05\/02\/cooperation-algero-soudienne-les-efforts-de-lalgerie-en-faveur-des-causes-arabes-salues\/","name":"Coop\u00e9ration alg\u00e9ro-soudienne\u00a0: Les efforts de l&rsquo;Alg\u00e9rie en faveur des causes arabes salu\u00e9s - La Sentinelle","isPartOf":{"@id":"https:\/\/lasentinelle.dz\/#website"},"primaryImageOfPage":{"@id":"https:\/\/lasentinelle.dz\/index.php\/2023\/05\/02\/cooperation-algero-soudienne-les-efforts-de-lalgerie-en-faveur-des-causes-arabes-salues\/#primaryimage"},"image":{"@id":"https:\/\/lasentinelle.dz\/index.php\/2023\/05\/02\/cooperation-algero-soudienne-les-efforts-de-lalgerie-en-faveur-des-causes-arabes-salues\/#primaryimage"},"thumbnailUrl":"https:\/\/lasentinelle.dz\/wp-content\/uploads\/2023\/05\/image_2023-05-02_193925334.png","datePublished":"2023-05-02T21:05:00+00:00","breadcrumb":{"@id":"https:\/\/lasentinelle.dz\/index.php\/2023\/05\/02\/cooperation-algero-soudienne-les-efforts-de-lalgerie-en-faveur-des-causes-arabes-salues\/#breadcrumb"},"inLanguage":"fr-FR","potentialAction":[{"@type":"ReadAction","target":["https:\/\/lasentinelle.dz\/index.php\/2023\/05\/02\/cooperation-algero-soudienne-les-efforts-de-lalgerie-en-faveur-des-causes-arabes-salues\/"]}]},{"@type":"ImageObject","inLanguage":"fr-FR","@id":"https:\/\/lasentinelle.dz\/index.php\/2023\/05\/02\/cooperation-algero-soudienne-les-efforts-de-lalgerie-en-faveur-des-causes-arabes-salues\/#primaryimage","url":"https:\/\/lasentinelle.dz\/wp-content\/uploads\/2023\/05\/image_2023-05-02_193925334.png","contentUrl":"https:\/\/lasentinelle.dz\/wp-content\/uploads\/2023\/05\/image_2023-05-02_193925334.png","width":700,"height":512},{"@type":"BreadcrumbList","@id":"https:\/\/lasentinelle.dz\/index.php\/2023\/05\/02\/cooperation-algero-soudienne-les-efforts-de-lalgerie-en-faveur-des-causes-arabes-salues\/#breadcrumb","itemListElement":[{"@type":"ListItem","position":1,"name":"Accueil","item":"https:\/\/lasentinelle.dz\/"},{"@type":"ListItem","position":2,"name":"Coop\u00e9ration alg\u00e9ro-soudienne\u00a0: Les efforts de l&rsquo;Alg\u00e9rie en faveur des causes arabes salu\u00e9s"}]},{"@type":"WebSite","@id":"https:\/\/lasentinelle.dz\/#website","url":"https:\/\/lasentinelle.dz\/","name":"La Sentinelle","description":"Quotidien national d&#039;information","publisher":{"@id":"https:\/\/lasentinelle.dz\/#organization"},"potentialAction":[{"@type":"SearchAction","target":{"@type":"EntryPoint","urlTemplate":"https:\/\/lasentinelle.dz\/?s={search_term_string}"},"query-input":{"@type":"PropertyValueSpecification","valueRequired":true,"valueName":"search_term_string"}}],"inLanguage":"fr-FR"},{"@type":"Organization","@id":"https:\/\/lasentinelle.dz\/#organization","name":"Quotidien La Sentinelle","url":"https:\/\/lasentinelle.dz\/","logo":{"@type":"ImageObject","inLanguage":"fr-FR","@id":"https:\/\/lasentinelle.dz\/#\/schema\/logo\/image\/","url":"https:\/\/lasentinelle.dz\/wp-content\/uploads\/2021\/09\/logo-sentinelleSLOGAN-1.png","contentUrl":"https:\/\/lasentinelle.dz\/wp-content\/uploads\/2021\/09\/logo-sentinelleSLOGAN-1.png","width":615,"height":142,"caption":"Quotidien La Sentinelle"},"image":{"@id":"https:\/\/lasentinelle.dz\/#\/schema\/logo\/image\/"},"sameAs":["https:\/\/www.facebook.com\/La-Sentinelle-104059864394773"]},{"@type":"Person","@id":"https:\/\/lasentinelle.dz\/#\/schema\/person\/d865044e22e70a75174ce8bcad3acfb3","name":"La Sentinelle","image":{"@type":"ImageObject","inLanguage":"fr-FR","@id":"https:\/\/secure.gravatar.com\/avatar\/57de8e5d4b15d43fb361a71fbb36338450fe67865b528a43dd10ef7c51a20392?s=96&d=mm&r=g","url":"https:\/\/secure.gravatar.com\/avatar\/57de8e5d4b15d43fb361a71fbb36338450fe67865b528a43dd10ef7c51a20392?s=96&d=mm&r=g","contentUrl":"https:\/\/secure.gravatar.com\/avatar\/57de8e5d4b15d43fb361a71fbb36338450fe67865b528a43dd10ef7c51a20392?s=96&d=mm&r=g","caption":"La Sentinelle"},"sameAs":["http:\/\/www.lasentinelle.dz"],"url":"https:\/\/lasentinelle.dz\/author\/redaction\/"}]}},"_links":{"self":[{"href":"https:\/\/lasentinelle.dz\/index.php\/wp-json\/wp\/v2\/posts\/40407","targetHints":{"allow":["GET"]}}],"collection":[{"href":"https:\/\/lasentinelle.dz\/index.php\/wp-json\/wp\/v2\/posts"}],"about":[{"href":"https:\/\/lasentinelle.dz\/index.php\/wp-json\/wp\/v2\/types\/post"}],"author":[{"embeddable":true,"href":"https:\/\/lasentinelle.dz\/index.php\/wp-json\/wp\/v2\/users\/3"}],"replies":[{"embeddable":true,"href":"https:\/\/lasentinelle.dz\/index.php\/wp-json\/wp\/v2\/comments?post=40407"}],"version-history":[{"count":1,"href":"https:\/\/lasentinelle.dz\/index.php\/wp-json\/wp\/v2\/posts\/40407\/revisions"}],"predecessor-version":[{"id":40416,"href":"https:\/\/lasentinelle.dz\/index.php\/wp-json\/wp\/v2\/posts\/40407\/revisions\/40416"}],"wp:featuredmedia":[{"embeddable":true,"href":"https:\/\/lasentinelle.dz\/index.php\/wp-json\/wp\/v2\/media\/40414"}],"wp:attachment":[{"href":"https:\/\/lasentinelle.dz\/index.php\/wp-json\/wp\/v2\/media?parent=40407"}],"wp:term":[{"taxonomy":"category","embeddable":true,"href":"https:\/\/lasentinelle.dz\/index.php\/wp-json\/wp\/v2\/categories?post=40407"},{"taxonomy":"post_tag","embeddable":true,"href":"https:\/\/lasentinelle.dz\/index.php\/wp-json\/wp\/v2\/tags?post=40407"}],"curies":[{"name":"wp","href":"https:\/\/api.w.org\/{rel}","templated":true}]}}