{"id":40448,"date":"2023-05-03T22:05:00","date_gmt":"2023-05-03T21:05:00","guid":{"rendered":"https:\/\/lasentinelle.dz\/?p=40448"},"modified":"2023-05-03T17:47:20","modified_gmt":"2023-05-03T16:47:20","slug":"des-inondations-font-plus-de-100-morts-au-rwanda-et-en-ouganda","status":"publish","type":"post","link":"https:\/\/lasentinelle.dz\/index.php\/2023\/05\/03\/des-inondations-font-plus-de-100-morts-au-rwanda-et-en-ouganda\/","title":{"rendered":"Des inondations font plus de 100 morts au Rwanda et en Ouganda"},"content":{"rendered":"\n<p>Au moins 109 personnes dans l&rsquo;ouest et le nord du Rwanda sont mortes dans des inondations et des glissements de terrain provoqu\u00e9s par de fortes pluies, a d\u00e9clar\u00e9 hier la radiot\u00e9l\u00e9vision d&rsquo;\u00c9tat, alors que les autorit\u00e9s recherchent des survivants pi\u00e9g\u00e9s dans leurs maisons. Dans une vid\u00e9o mise en ligne par l&rsquo;Agence de radiodiffusion du Rwanda, on peut voir de l&rsquo;eau boueuse s&rsquo;\u00e9couler rapidement le long d&rsquo;une route inond\u00e9e et d\u00e9truire des maisons. \u00ab\u00a0Notre principale priorit\u00e9 est maintenant d&rsquo;atteindre chaque maison endommag\u00e9e afin de nous assurer que nous pouvons sauver toute personne pouvant \u00eatre pi\u00e9g\u00e9e\u00a0\u00bb, a d\u00e9clar\u00e9 \u00e0 Reuters le gouverneur de la province occidentale du Rwanda, Fran\u00e7ois Habitegeko. \u00ab\u00a0Le sol \u00e9tait d\u00e9j\u00e0 d\u00e9tremp\u00e9 par les pluies des jours pr\u00e9c\u00e9dents, ce qui a provoqu\u00e9 des glissements de terrain qui ont provoqu\u00e9 la coupure de routes\u00a0\u00bb, a ajout\u00e9 le gouverneur, pr\u00e9cisant que la pluie avait commenc\u00e9 vers 18 heures (1600 GMT) mardi, causant le d\u00e9bordement de la rivi\u00e8re Sebeya. Certaines personnes ont \u00e9t\u00e9 secourues et transport\u00e9es \u00e0 l&rsquo;h\u00f4pital, a indiqu\u00e9 Fran\u00e7ois Habitegeko, sans donner leur nombre. En Ouganda, pr\u00e8s de la fronti\u00e8re avec le Rwanda, six personnes sont mortes dans la nuit de mercredi \u00e0 jeudi dans une zone du district de Kisoro, au sud-ouest du pays, apr\u00e8s que de fortes pluies ont frapp\u00e9 la r\u00e9gion montagneuse, selon la Croix-Rouge locale. Cinq des personnes d\u00e9c\u00e9d\u00e9es appartiennent \u00e0 une m\u00eame famille, et les secouristes ont commenc\u00e9 les fouilles pour r\u00e9cup\u00e9rer les corps, a pr\u00e9cis\u00e9 la Croix-Rouge dans un communiqu\u00e9. L&rsquo;agence m\u00e9t\u00e9orologique du Rwanda a annonc\u00e9 des pr\u00e9cipitations sup\u00e9rieures \u00e0 la moyenne pour le mois de mai dans ce pays d&rsquo;Afrique de l&rsquo;Est. L&rsquo;Ouganda subit \u00e9galement des pluies abondantes et soutenues depuis la fin du mois de mars.<\/p>\n\n\n\n<p>Agences<\/p>\n","protected":false},"excerpt":{"rendered":"<p>Au moins 109 personnes dans l&rsquo;ouest et le nord du Rwanda sont mortes dans des inondations et des glissements de<\/p>\n","protected":false},"author":3,"featured_media":40461,"comment_status":"open","ping_status":"closed","sticky":false,"template":"","format":"standard","meta":{"colormag_page_container_layout":"default_layout","colormag_page_sidebar_layout":"default_layout","om_disable_all_campaigns":false,"_monsterinsights_skip_tracking":false,"_monsterinsights_sitenote_active":false,"_monsterinsights_sitenote_note":"","_monsterinsights_sitenote_category":0,"footnotes":"","_wpscppro_dont_share_socialmedia":false,"_wpscppro_custom_social_share_image":0,"_facebook_share_type":"","_twitter_share_type":"","_linkedin_share_type":"","_pinterest_share_type":"","_linkedin_share_type_page":"","_instagram_share_type":"","_medium_share_type":"","_threads_share_type":"","_google_business_share_type":"","_selected_social_profile":[],"_wpsp_enable_custom_social_template":false,"_wpsp_social_scheduling":{"enabled":false,"datetime":null,"platforms":[],"status":"template_only","dateOption":"today","timeOption":"now","customDays":"","customHours":"","customDate":"","customTime":"","schedulingType":"absolute"},"_wpsp_active_default_template":true},"categories":[37],"tags":[],"class_list":["post-40448","post","type-post","status-publish","format-standard","has-post-thumbnail","hentry","category-monde"],"aioseo_notices":[],"yoast_head":"<!-- This site is optimized with the Yoast SEO plugin v27.5 - https:\/\/yoast.com\/product\/yoast-seo-wordpress\/ -->\n<title>Des inondations font plus de 100 morts au Rwanda et en Ouganda - La Sentinelle<\/title>\n<meta name=\"robots\" content=\"index, follow, max-snippet:-1, max-image-preview:large, max-video-preview:-1\" \/>\n<link rel=\"canonical\" href=\"https:\/\/lasentinelle.dz\/index.php\/2023\/05\/03\/des-inondations-font-plus-de-100-morts-au-rwanda-et-en-ouganda\/\" \/>\n<meta property=\"og:locale\" content=\"fr_FR\" \/>\n<meta property=\"og:type\" content=\"article\" \/>\n<meta property=\"og:title\" content=\"Des inondations font plus de 100 morts au Rwanda et en Ouganda - La Sentinelle\" \/>\n<meta property=\"og:description\" content=\"Au moins 109 personnes dans l&rsquo;ouest et le nord du Rwanda sont mortes dans des inondations et des glissements de\" \/>\n<meta property=\"og:url\" content=\"https:\/\/lasentinelle.dz\/index.php\/2023\/05\/03\/des-inondations-font-plus-de-100-morts-au-rwanda-et-en-ouganda\/\" \/>\n<meta property=\"og:site_name\" content=\"La Sentinelle\" \/>\n<meta property=\"article:publisher\" content=\"https:\/\/www.facebook.com\/La-Sentinelle-104059864394773\" \/>\n<meta property=\"article:published_time\" content=\"2023-05-03T21:05:00+00:00\" \/>\n<meta property=\"og:image\" content=\"https:\/\/lasentinelle.dz\/wp-content\/uploads\/2023\/05\/image_2023-05-03_174654727.png\" \/>\n\t<meta property=\"og:image:width\" content=\"1600\" \/>\n\t<meta property=\"og:image:height\" content=\"906\" \/>\n\t<meta property=\"og:image:type\" content=\"image\/png\" \/>\n<meta name=\"author\" content=\"La Sentinelle\" \/>\n<meta name=\"twitter:card\" content=\"summary_large_image\" \/>\n<meta name=\"twitter:label1\" content=\"\u00c9crit par\" \/>\n\t<meta name=\"twitter:data1\" content=\"La Sentinelle\" \/>\n\t<meta name=\"twitter:label2\" content=\"Dur\u00e9e de lecture estim\u00e9e\" \/>\n\t<meta name=\"twitter:data2\" content=\"2 minutes\" \/>\n<script type=\"application\/ld+json\" class=\"yoast-schema-graph\">{\"@context\":\"https:\\\/\\\/schema.org\",\"@graph\":[{\"@type\":\"Article\",\"@id\":\"https:\\\/\\\/lasentinelle.dz\\\/index.php\\\/2023\\\/05\\\/03\\\/des-inondations-font-plus-de-100-morts-au-rwanda-et-en-ouganda\\\/#article\",\"isPartOf\":{\"@id\":\"https:\\\/\\\/lasentinelle.dz\\\/index.php\\\/2023\\\/05\\\/03\\\/des-inondations-font-plus-de-100-morts-au-rwanda-et-en-ouganda\\\/\"},\"author\":{\"name\":\"La Sentinelle\",\"@id\":\"https:\\\/\\\/lasentinelle.dz\\\/#\\\/schema\\\/person\\\/d865044e22e70a75174ce8bcad3acfb3\"},\"headline\":\"Des inondations font plus de 100 morts au Rwanda et en Ouganda\",\"datePublished\":\"2023-05-03T21:05:00+00:00\",\"mainEntityOfPage\":{\"@id\":\"https:\\\/\\\/lasentinelle.dz\\\/index.php\\\/2023\\\/05\\\/03\\\/des-inondations-font-plus-de-100-morts-au-rwanda-et-en-ouganda\\\/\"},\"wordCount\":340,\"commentCount\":0,\"publisher\":{\"@id\":\"https:\\\/\\\/lasentinelle.dz\\\/#organization\"},\"image\":{\"@id\":\"https:\\\/\\\/lasentinelle.dz\\\/index.php\\\/2023\\\/05\\\/03\\\/des-inondations-font-plus-de-100-morts-au-rwanda-et-en-ouganda\\\/#primaryimage\"},\"thumbnailUrl\":\"https:\\\/\\\/lasentinelle.dz\\\/wp-content\\\/uploads\\\/2023\\\/05\\\/image_2023-05-03_174654727.png\",\"articleSection\":[\"Monde\"],\"inLanguage\":\"fr-FR\",\"potentialAction\":[{\"@type\":\"CommentAction\",\"name\":\"Comment\",\"target\":[\"https:\\\/\\\/lasentinelle.dz\\\/index.php\\\/2023\\\/05\\\/03\\\/des-inondations-font-plus-de-100-morts-au-rwanda-et-en-ouganda\\\/#respond\"]}]},{\"@type\":\"WebPage\",\"@id\":\"https:\\\/\\\/lasentinelle.dz\\\/index.php\\\/2023\\\/05\\\/03\\\/des-inondations-font-plus-de-100-morts-au-rwanda-et-en-ouganda\\\/\",\"url\":\"https:\\\/\\\/lasentinelle.dz\\\/index.php\\\/2023\\\/05\\\/03\\\/des-inondations-font-plus-de-100-morts-au-rwanda-et-en-ouganda\\\/\",\"name\":\"Des inondations font plus de 100 morts au Rwanda et en Ouganda - La Sentinelle\",\"isPartOf\":{\"@id\":\"https:\\\/\\\/lasentinelle.dz\\\/#website\"},\"primaryImageOfPage\":{\"@id\":\"https:\\\/\\\/lasentinelle.dz\\\/index.php\\\/2023\\\/05\\\/03\\\/des-inondations-font-plus-de-100-morts-au-rwanda-et-en-ouganda\\\/#primaryimage\"},\"image\":{\"@id\":\"https:\\\/\\\/lasentinelle.dz\\\/index.php\\\/2023\\\/05\\\/03\\\/des-inondations-font-plus-de-100-morts-au-rwanda-et-en-ouganda\\\/#primaryimage\"},\"thumbnailUrl\":\"https:\\\/\\\/lasentinelle.dz\\\/wp-content\\\/uploads\\\/2023\\\/05\\\/image_2023-05-03_174654727.png\",\"datePublished\":\"2023-05-03T21:05:00+00:00\",\"breadcrumb\":{\"@id\":\"https:\\\/\\\/lasentinelle.dz\\\/index.php\\\/2023\\\/05\\\/03\\\/des-inondations-font-plus-de-100-morts-au-rwanda-et-en-ouganda\\\/#breadcrumb\"},\"inLanguage\":\"fr-FR\",\"potentialAction\":[{\"@type\":\"ReadAction\",\"target\":[\"https:\\\/\\\/lasentinelle.dz\\\/index.php\\\/2023\\\/05\\\/03\\\/des-inondations-font-plus-de-100-morts-au-rwanda-et-en-ouganda\\\/\"]}]},{\"@type\":\"ImageObject\",\"inLanguage\":\"fr-FR\",\"@id\":\"https:\\\/\\\/lasentinelle.dz\\\/index.php\\\/2023\\\/05\\\/03\\\/des-inondations-font-plus-de-100-morts-au-rwanda-et-en-ouganda\\\/#primaryimage\",\"url\":\"https:\\\/\\\/lasentinelle.dz\\\/wp-content\\\/uploads\\\/2023\\\/05\\\/image_2023-05-03_174654727.png\",\"contentUrl\":\"https:\\\/\\\/lasentinelle.dz\\\/wp-content\\\/uploads\\\/2023\\\/05\\\/image_2023-05-03_174654727.png\",\"width\":1600,\"height\":906},{\"@type\":\"BreadcrumbList\",\"@id\":\"https:\\\/\\\/lasentinelle.dz\\\/index.php\\\/2023\\\/05\\\/03\\\/des-inondations-font-plus-de-100-morts-au-rwanda-et-en-ouganda\\\/#breadcrumb\",\"itemListElement\":[{\"@type\":\"ListItem\",\"position\":1,\"name\":\"Accueil\",\"item\":\"https:\\\/\\\/lasentinelle.dz\\\/\"},{\"@type\":\"ListItem\",\"position\":2,\"name\":\"Des inondations font plus de 100 morts au Rwanda et en Ouganda\"}]},{\"@type\":\"WebSite\",\"@id\":\"https:\\\/\\\/lasentinelle.dz\\\/#website\",\"url\":\"https:\\\/\\\/lasentinelle.dz\\\/\",\"name\":\"La Sentinelle\",\"description\":\"Quotidien national d&#039;information\",\"publisher\":{\"@id\":\"https:\\\/\\\/lasentinelle.dz\\\/#organization\"},\"potentialAction\":[{\"@type\":\"SearchAction\",\"target\":{\"@type\":\"EntryPoint\",\"urlTemplate\":\"https:\\\/\\\/lasentinelle.dz\\\/?s={search_term_string}\"},\"query-input\":{\"@type\":\"PropertyValueSpecification\",\"valueRequired\":true,\"valueName\":\"search_term_string\"}}],\"inLanguage\":\"fr-FR\"},{\"@type\":\"Organization\",\"@id\":\"https:\\\/\\\/lasentinelle.dz\\\/#organization\",\"name\":\"Quotidien La Sentinelle\",\"url\":\"https:\\\/\\\/lasentinelle.dz\\\/\",\"logo\":{\"@type\":\"ImageObject\",\"inLanguage\":\"fr-FR\",\"@id\":\"https:\\\/\\\/lasentinelle.dz\\\/#\\\/schema\\\/logo\\\/image\\\/\",\"url\":\"https:\\\/\\\/lasentinelle.dz\\\/wp-content\\\/uploads\\\/2021\\\/09\\\/logo-sentinelleSLOGAN-1.png\",\"contentUrl\":\"https:\\\/\\\/lasentinelle.dz\\\/wp-content\\\/uploads\\\/2021\\\/09\\\/logo-sentinelleSLOGAN-1.png\",\"width\":615,\"height\":142,\"caption\":\"Quotidien La Sentinelle\"},\"image\":{\"@id\":\"https:\\\/\\\/lasentinelle.dz\\\/#\\\/schema\\\/logo\\\/image\\\/\"},\"sameAs\":[\"https:\\\/\\\/www.facebook.com\\\/La-Sentinelle-104059864394773\"]},{\"@type\":\"Person\",\"@id\":\"https:\\\/\\\/lasentinelle.dz\\\/#\\\/schema\\\/person\\\/d865044e22e70a75174ce8bcad3acfb3\",\"name\":\"La Sentinelle\",\"image\":{\"@type\":\"ImageObject\",\"inLanguage\":\"fr-FR\",\"@id\":\"https:\\\/\\\/secure.gravatar.com\\\/avatar\\\/57de8e5d4b15d43fb361a71fbb36338450fe67865b528a43dd10ef7c51a20392?s=96&d=mm&r=g\",\"url\":\"https:\\\/\\\/secure.gravatar.com\\\/avatar\\\/57de8e5d4b15d43fb361a71fbb36338450fe67865b528a43dd10ef7c51a20392?s=96&d=mm&r=g\",\"contentUrl\":\"https:\\\/\\\/secure.gravatar.com\\\/avatar\\\/57de8e5d4b15d43fb361a71fbb36338450fe67865b528a43dd10ef7c51a20392?s=96&d=mm&r=g\",\"caption\":\"La Sentinelle\"},\"sameAs\":[\"http:\\\/\\\/www.lasentinelle.dz\"],\"url\":\"https:\\\/\\\/lasentinelle.dz\\\/author\\\/redaction\\\/\"}]}<\/script>\n<!-- \/ Yoast SEO plugin. -->","yoast_head_json":{"title":"Des inondations font plus de 100 morts au Rwanda et en Ouganda - La Sentinelle","robots":{"index":"index","follow":"follow","max-snippet":"max-snippet:-1","max-image-preview":"max-image-preview:large","max-video-preview":"max-video-preview:-1"},"canonical":"https:\/\/lasentinelle.dz\/index.php\/2023\/05\/03\/des-inondations-font-plus-de-100-morts-au-rwanda-et-en-ouganda\/","og_locale":"fr_FR","og_type":"article","og_title":"Des inondations font plus de 100 morts au Rwanda et en Ouganda - La Sentinelle","og_description":"Au moins 109 personnes dans l&rsquo;ouest et le nord du Rwanda sont mortes dans des inondations et des glissements de","og_url":"https:\/\/lasentinelle.dz\/index.php\/2023\/05\/03\/des-inondations-font-plus-de-100-morts-au-rwanda-et-en-ouganda\/","og_site_name":"La Sentinelle","article_publisher":"https:\/\/www.facebook.com\/La-Sentinelle-104059864394773","article_published_time":"2023-05-03T21:05:00+00:00","og_image":[{"width":1600,"height":906,"url":"https:\/\/lasentinelle.dz\/wp-content\/uploads\/2023\/05\/image_2023-05-03_174654727.png","type":"image\/png"}],"author":"La Sentinelle","twitter_card":"summary_large_image","twitter_misc":{"\u00c9crit par":"La Sentinelle","Dur\u00e9e de lecture estim\u00e9e":"2 minutes"},"schema":{"@context":"https:\/\/schema.org","@graph":[{"@type":"Article","@id":"https:\/\/lasentinelle.dz\/index.php\/2023\/05\/03\/des-inondations-font-plus-de-100-morts-au-rwanda-et-en-ouganda\/#article","isPartOf":{"@id":"https:\/\/lasentinelle.dz\/index.php\/2023\/05\/03\/des-inondations-font-plus-de-100-morts-au-rwanda-et-en-ouganda\/"},"author":{"name":"La Sentinelle","@id":"https:\/\/lasentinelle.dz\/#\/schema\/person\/d865044e22e70a75174ce8bcad3acfb3"},"headline":"Des inondations font plus de 100 morts au Rwanda et en Ouganda","datePublished":"2023-05-03T21:05:00+00:00","mainEntityOfPage":{"@id":"https:\/\/lasentinelle.dz\/index.php\/2023\/05\/03\/des-inondations-font-plus-de-100-morts-au-rwanda-et-en-ouganda\/"},"wordCount":340,"commentCount":0,"publisher":{"@id":"https:\/\/lasentinelle.dz\/#organization"},"image":{"@id":"https:\/\/lasentinelle.dz\/index.php\/2023\/05\/03\/des-inondations-font-plus-de-100-morts-au-rwanda-et-en-ouganda\/#primaryimage"},"thumbnailUrl":"https:\/\/lasentinelle.dz\/wp-content\/uploads\/2023\/05\/image_2023-05-03_174654727.png","articleSection":["Monde"],"inLanguage":"fr-FR","potentialAction":[{"@type":"CommentAction","name":"Comment","target":["https:\/\/lasentinelle.dz\/index.php\/2023\/05\/03\/des-inondations-font-plus-de-100-morts-au-rwanda-et-en-ouganda\/#respond"]}]},{"@type":"WebPage","@id":"https:\/\/lasentinelle.dz\/index.php\/2023\/05\/03\/des-inondations-font-plus-de-100-morts-au-rwanda-et-en-ouganda\/","url":"https:\/\/lasentinelle.dz\/index.php\/2023\/05\/03\/des-inondations-font-plus-de-100-morts-au-rwanda-et-en-ouganda\/","name":"Des inondations font plus de 100 morts au Rwanda et en Ouganda - La Sentinelle","isPartOf":{"@id":"https:\/\/lasentinelle.dz\/#website"},"primaryImageOfPage":{"@id":"https:\/\/lasentinelle.dz\/index.php\/2023\/05\/03\/des-inondations-font-plus-de-100-morts-au-rwanda-et-en-ouganda\/#primaryimage"},"image":{"@id":"https:\/\/lasentinelle.dz\/index.php\/2023\/05\/03\/des-inondations-font-plus-de-100-morts-au-rwanda-et-en-ouganda\/#primaryimage"},"thumbnailUrl":"https:\/\/lasentinelle.dz\/wp-content\/uploads\/2023\/05\/image_2023-05-03_174654727.png","datePublished":"2023-05-03T21:05:00+00:00","breadcrumb":{"@id":"https:\/\/lasentinelle.dz\/index.php\/2023\/05\/03\/des-inondations-font-plus-de-100-morts-au-rwanda-et-en-ouganda\/#breadcrumb"},"inLanguage":"fr-FR","potentialAction":[{"@type":"ReadAction","target":["https:\/\/lasentinelle.dz\/index.php\/2023\/05\/03\/des-inondations-font-plus-de-100-morts-au-rwanda-et-en-ouganda\/"]}]},{"@type":"ImageObject","inLanguage":"fr-FR","@id":"https:\/\/lasentinelle.dz\/index.php\/2023\/05\/03\/des-inondations-font-plus-de-100-morts-au-rwanda-et-en-ouganda\/#primaryimage","url":"https:\/\/lasentinelle.dz\/wp-content\/uploads\/2023\/05\/image_2023-05-03_174654727.png","contentUrl":"https:\/\/lasentinelle.dz\/wp-content\/uploads\/2023\/05\/image_2023-05-03_174654727.png","width":1600,"height":906},{"@type":"BreadcrumbList","@id":"https:\/\/lasentinelle.dz\/index.php\/2023\/05\/03\/des-inondations-font-plus-de-100-morts-au-rwanda-et-en-ouganda\/#breadcrumb","itemListElement":[{"@type":"ListItem","position":1,"name":"Accueil","item":"https:\/\/lasentinelle.dz\/"},{"@type":"ListItem","position":2,"name":"Des inondations font plus de 100 morts au Rwanda et en Ouganda"}]},{"@type":"WebSite","@id":"https:\/\/lasentinelle.dz\/#website","url":"https:\/\/lasentinelle.dz\/","name":"La Sentinelle","description":"Quotidien national d&#039;information","publisher":{"@id":"https:\/\/lasentinelle.dz\/#organization"},"potentialAction":[{"@type":"SearchAction","target":{"@type":"EntryPoint","urlTemplate":"https:\/\/lasentinelle.dz\/?s={search_term_string}"},"query-input":{"@type":"PropertyValueSpecification","valueRequired":true,"valueName":"search_term_string"}}],"inLanguage":"fr-FR"},{"@type":"Organization","@id":"https:\/\/lasentinelle.dz\/#organization","name":"Quotidien La Sentinelle","url":"https:\/\/lasentinelle.dz\/","logo":{"@type":"ImageObject","inLanguage":"fr-FR","@id":"https:\/\/lasentinelle.dz\/#\/schema\/logo\/image\/","url":"https:\/\/lasentinelle.dz\/wp-content\/uploads\/2021\/09\/logo-sentinelleSLOGAN-1.png","contentUrl":"https:\/\/lasentinelle.dz\/wp-content\/uploads\/2021\/09\/logo-sentinelleSLOGAN-1.png","width":615,"height":142,"caption":"Quotidien La Sentinelle"},"image":{"@id":"https:\/\/lasentinelle.dz\/#\/schema\/logo\/image\/"},"sameAs":["https:\/\/www.facebook.com\/La-Sentinelle-104059864394773"]},{"@type":"Person","@id":"https:\/\/lasentinelle.dz\/#\/schema\/person\/d865044e22e70a75174ce8bcad3acfb3","name":"La Sentinelle","image":{"@type":"ImageObject","inLanguage":"fr-FR","@id":"https:\/\/secure.gravatar.com\/avatar\/57de8e5d4b15d43fb361a71fbb36338450fe67865b528a43dd10ef7c51a20392?s=96&d=mm&r=g","url":"https:\/\/secure.gravatar.com\/avatar\/57de8e5d4b15d43fb361a71fbb36338450fe67865b528a43dd10ef7c51a20392?s=96&d=mm&r=g","contentUrl":"https:\/\/secure.gravatar.com\/avatar\/57de8e5d4b15d43fb361a71fbb36338450fe67865b528a43dd10ef7c51a20392?s=96&d=mm&r=g","caption":"La Sentinelle"},"sameAs":["http:\/\/www.lasentinelle.dz"],"url":"https:\/\/lasentinelle.dz\/author\/redaction\/"}]}},"_links":{"self":[{"href":"https:\/\/lasentinelle.dz\/index.php\/wp-json\/wp\/v2\/posts\/40448","targetHints":{"allow":["GET"]}}],"collection":[{"href":"https:\/\/lasentinelle.dz\/index.php\/wp-json\/wp\/v2\/posts"}],"about":[{"href":"https:\/\/lasentinelle.dz\/index.php\/wp-json\/wp\/v2\/types\/post"}],"author":[{"embeddable":true,"href":"https:\/\/lasentinelle.dz\/index.php\/wp-json\/wp\/v2\/users\/3"}],"replies":[{"embeddable":true,"href":"https:\/\/lasentinelle.dz\/index.php\/wp-json\/wp\/v2\/comments?post=40448"}],"version-history":[{"count":1,"href":"https:\/\/lasentinelle.dz\/index.php\/wp-json\/wp\/v2\/posts\/40448\/revisions"}],"predecessor-version":[{"id":40462,"href":"https:\/\/lasentinelle.dz\/index.php\/wp-json\/wp\/v2\/posts\/40448\/revisions\/40462"}],"wp:featuredmedia":[{"embeddable":true,"href":"https:\/\/lasentinelle.dz\/index.php\/wp-json\/wp\/v2\/media\/40461"}],"wp:attachment":[{"href":"https:\/\/lasentinelle.dz\/index.php\/wp-json\/wp\/v2\/media?parent=40448"}],"wp:term":[{"taxonomy":"category","embeddable":true,"href":"https:\/\/lasentinelle.dz\/index.php\/wp-json\/wp\/v2\/categories?post=40448"},{"taxonomy":"post_tag","embeddable":true,"href":"https:\/\/lasentinelle.dz\/index.php\/wp-json\/wp\/v2\/tags?post=40448"}],"curies":[{"name":"wp","href":"https:\/\/api.w.org\/{rel}","templated":true}]}}