{"id":40479,"date":"2023-05-03T22:10:00","date_gmt":"2023-05-03T21:10:00","guid":{"rendered":"https:\/\/lasentinelle.dz\/?p=40479"},"modified":"2023-05-03T22:03:54","modified_gmt":"2023-05-03T21:03:54","slug":"le-ministre-des-finances-insiste-sur-la-necessite-daugmenter-les-ressources-de-la-fiscalite-ordinaire-garantir-la-viabilite-du-budget-de-letat","status":"publish","type":"post","link":"https:\/\/lasentinelle.dz\/index.php\/2023\/05\/03\/le-ministre-des-finances-insiste-sur-la-necessite-daugmenter-les-ressources-de-la-fiscalite-ordinaire-garantir-la-viabilite-du-budget-de-letat\/","title":{"rendered":"Le ministre des Finances insiste sur la n\u00e9cessit\u00e9 d\u2019augmenter les ressources de la fiscalit\u00e9 ordinaire\u00a0: Garantir la viabilit\u00e9 du budget de l\u2019\u00c9tat"},"content":{"rendered":"\n<p>La restauration des \u00e9quilibres budg\u00e9taires est au c\u0153ur des pr\u00e9occupations du minist\u00e8re des Finances qui cherche \u00e0 augmenter les ressources de la fiscalit\u00e9 ordinaire pour garantir la viabilit\u00e9 du budget, notamment en ce qui concerne le volet fonctionnement.<\/p>\n\n\n\n<p>La couverture des d\u00e9penses des fonctionnements et particuli\u00e8rement les salaires de la fonction publique, des d\u00e9penses de nature incompressible et qui ont plut\u00f4t tendance \u00e0 augmenter, a toujours \u00e9t\u00e9 au c\u0153ur des pr\u00e9occupations li\u00e9s \u00e0 la viabilit\u00e9 du budget. Une probl\u00e9matique qui se pose de nouveau aujourd\u2019hui, au regard de l\u2019expansion du budget de fonctionnement \u00e0 la faveur des diff\u00e9rentes mesures prises pour am\u00e9liorer le pouvoir d\u2019achat, \u00e0 travers la hausse des salaires et des transferts sociaux. Des mesures qui ont \u00e9t\u00e9 impos\u00e9es par le contexte d\u2019inflation qui affecte l\u2019ensemble des \u00e9conomies de la plan\u00e8te. C\u2019est dans ce contexte que le ministre des Finances, Laziz Faid&nbsp; a affirm\u00e9, mardi \u00e0 Alger, que la fiscalit\u00e9 ordinaire devrait couvrir les d\u00e9penses salariales \u00e0 court terme et les d\u00e9penses de fonctionnement \u00e0 moyen terme, insistant sur l&rsquo;acc\u00e9l\u00e9ration de la num\u00e9risation du secteur. \u00ab\u00a0Il est inconcevable de continuer sur cette voie o\u00f9 la fiscalit\u00e9 ordinaire n&rsquo;est pas en mesure de couvrir les salaires des fonctionnaires\u00a0\u00bb, a-t-il pr\u00e9cis\u00e9, lors d&rsquo;une visite d&rsquo;inspection aux services ext\u00e9rieurs des Directions g\u00e9n\u00e9rales des imp\u00f4ts (DGI) et du Domaine national (DGDN).<\/p>\n\n\n\n<p>\u00ab\u00a0Il faut consentir de gros efforts pour rem\u00e9dier \u00e0 cette situation \u00e0 court terme et parvenir, \u00e0 moyen terme, \u00e0 couvrir les d\u00e9penses de fonctionnement\u00a0\u00bb, a-t-il estim\u00e9. Rappelant \u00ab\u00a0la tendance haussi\u00e8re des d\u00e9penses enregistr\u00e9e ces derni\u00e8res ann\u00e9es, l&rsquo;objectif \u00e9tant l&rsquo;am\u00e9lioration du pouvoir d&rsquo;achat des fonctionnaires\u00a0\u00bb, M. Faid a indiqu\u00e9 que la hausse des d\u00e9penses \u00e0 1200 mds DA entre 2020-2024 implique \u00ab\u00a0l&rsquo;optimisation du recouvrement fiscal\u00a0\u00bb. Dans ce sillage, le ministre a affirm\u00e9 avoir ordonn\u00e9 \u00e0 la directrice g\u00e9n\u00e9rale des imp\u00f4ts de faire de cette ann\u00e9e, \u00ab\u00a0celle de l&rsquo;imp\u00f4t sur la fortune\u00a0\u00bb, soulignant que \u00ab\u00a0l&rsquo;\u00e9vasion et la fraude fiscales sont devenues un ph\u00e9nom\u00e8ne national \u00e0 combattre\u00a0\u00bb.<\/p>\n\n\n\n<p><strong>Un prix d\u2019\u00e9quilibre budg\u00e9taire du baril \u00e0 112 dollars<\/strong><\/p>\n\n\n\n<p>Il est vrai que le faible niveau des recouvrements fiscaux et notamment l\u2019incapacit\u00e9 de l\u2019administration fiscale d\u2019\u00e9largir l\u2019assiette fiscale en permettant d\u2019int\u00e9grer les activit\u00e9s informelles dans les circuits formels suscit\u00e9 un v\u00e9ritable sujet de pr\u00e9occupation, d\u2019autant plus que cela se traduit par une hausse des restes \u00e0 recouvrer de l\u2019administration fiscale en sus du manque \u00e0 gagner en terme de ressources ordinaires pour le budget de l\u2019\u00c9tat qui reste largement d\u00e9pendant des ressources de la fiscalit\u00e9 p\u00e9troli\u00e8re. Les derniers chiffres publi\u00e9s par le FMI d\u00e9montrent \u00e0 quel point les ressources en hydrocarbures p\u00e8se sur le budget de l\u2019\u00c9tat. Ainsi, selon le Fonds, sans les ressources p\u00e9troli\u00e8res, le d\u00e9ficit budg\u00e9taire aurait atteint plus de 24% du PIB en 2022, contre un exc\u00e9dent de 2,2% si l\u2019on comptabilit\u00e9 les revenus de la fiscalit\u00e9 p\u00e9troli\u00e8re. Le FMI indique aussi que le prix d\u2019\u00e9quilibre budg\u00e9taire du p\u00e9trole en Alg\u00e9rie (soit le prix du baril qui permettrait des ressources suffisantes pour \u00e9quilibrer le budget de l\u2019\u00c9tat) devrait passer de&nbsp; 85,7 dollars en 2022 \u00e0 112,4 dollars en 2023 et 111,9 dollars en 2024. Cela souligne l\u2019urgence d\u2019op\u00e9rer une v\u00e9ritable diversification de l\u2019\u00e9conomie, mais aussi que cela se r\u00e9percute sur les revenus de la fiscalit\u00e9 ordinaire. Il s\u2019agit surtout de combler les manques \u00e0 gagner \u00e0 travers la lutte contre la fraude et l\u2019\u00e9vasion fiscale sans que cela ne se traduise par une hausse de la pression fiscale sur les contribuables. Cela passe par l\u2019\u00e9largissement de l\u2019assiette fiscale.<\/p>\n\n\n\n<p>Mardi, le premier argentier du pays ar\u00e9v\u00e9l\u00e9 que cette direction repr\u00e9sentait pr\u00e8s de 80% des recettes fiscales y compris la fiscalit\u00e9 p\u00e9troli\u00e8re et 60% de la fiscalit\u00e9 ordinaire, mettant l&rsquo;accent sur la n\u00e9cessit\u00e9 de mobiliser les ressources de la fiscalit\u00e9 ordinaire, car \u00ab\u00a0le budget de l&rsquo;Etat en a besoin\u00a0\u00bb. Il a aussi appel\u00e9 \u00e0 revoir le contr\u00f4le fiscal \u00e0 travers l&rsquo;activation des \u00e9quipes de contr\u00f4le sur le terrain. Il ne faut pas se contenter du travail administratif si on veut lutter contre l&rsquo;\u00e9vasion et la fraude fiscales, a-t-il dit.<\/p>\n\n\n\n<p>Cela passe aussi par la num\u00e9risation de l\u2019administration fiscale, des domaines et des douanes. M. Faid a fait observer qu&rsquo;il restait seulement cinq mois sur le d\u00e9lai de six (mois fix\u00e9 par le pr\u00e9sident de la R\u00e9publique, M. Abdelmadjid Tebboune, pour la num\u00e9risation du Domaine national, des Imp\u00f4ts et des Douanes, d&rsquo;o\u00f9 la n\u00e9cessit\u00e9 de \u00ab\u00a0redoubler d&rsquo;efforts pour concr\u00e9tiser le programme de num\u00e9risation\u00a0\u00bb. Le ministre a, par ailleurs, indiqu\u00e9 avoir sign\u00e9, lundi, une charte de d\u00e9ontologie visant \u00e0 am\u00e9liorer les performances des fonctionnaires du secteur, ajoutant que \u00ab\u00a0le travail est en cours pour \u00e9laborer des contrats d\u00e9finissant des objectifs professionnels pour chaque responsable et fonctionnaire, \u00e0 l&rsquo;aune desquels seront \u00e9valu\u00e9es leurs performances\u00a0\u00bb. Il a, dans ce contexte, mis l&rsquo;accent sur leur formation.<\/p>\n\n\n\n<p><strong>Samira Ghrib<\/strong><\/p>\n","protected":false},"excerpt":{"rendered":"<p>La restauration des \u00e9quilibres budg\u00e9taires est au c\u0153ur des pr\u00e9occupations du minist\u00e8re des Finances qui cherche \u00e0 augmenter les ressources<\/p>\n","protected":false},"author":3,"featured_media":27704,"comment_status":"open","ping_status":"closed","sticky":false,"template":"","format":"standard","meta":{"colormag_page_container_layout":"default_layout","colormag_page_sidebar_layout":"default_layout","om_disable_all_campaigns":false,"_monsterinsights_skip_tracking":false,"_monsterinsights_sitenote_active":false,"_monsterinsights_sitenote_note":"","_monsterinsights_sitenote_category":0,"footnotes":"","_wpscppro_dont_share_socialmedia":false,"_wpscppro_custom_social_share_image":0,"_facebook_share_type":"","_twitter_share_type":"","_linkedin_share_type":"","_pinterest_share_type":"","_linkedin_share_type_page":"","_instagram_share_type":"","_medium_share_type":"","_threads_share_type":"","_google_business_share_type":"","_selected_social_profile":[],"_wpsp_enable_custom_social_template":false,"_wpsp_social_scheduling":{"enabled":false,"datetime":null,"platforms":[],"status":"template_only","dateOption":"today","timeOption":"now","customDays":"","customHours":"","customDate":"","customTime":"","schedulingType":"absolute"},"_wpsp_active_default_template":true},"categories":[52,29],"tags":[],"class_list":["post-40479","post","type-post","status-publish","format-standard","has-post-thumbnail","hentry","category-a-la-une","category-economie"],"aioseo_notices":[],"yoast_head":"<!-- This site is optimized with the Yoast SEO plugin v27.5 - https:\/\/yoast.com\/product\/yoast-seo-wordpress\/ -->\n<title>Le ministre des Finances insiste sur la n\u00e9cessit\u00e9 d\u2019augmenter les ressources de la fiscalit\u00e9 ordinaire\u00a0: Garantir la viabilit\u00e9 du budget de l\u2019\u00c9tat - La Sentinelle<\/title>\n<meta name=\"robots\" content=\"index, follow, max-snippet:-1, max-image-preview:large, max-video-preview:-1\" \/>\n<link rel=\"canonical\" href=\"https:\/\/lasentinelle.dz\/index.php\/2023\/05\/03\/le-ministre-des-finances-insiste-sur-la-necessite-daugmenter-les-ressources-de-la-fiscalite-ordinaire-garantir-la-viabilite-du-budget-de-letat\/\" \/>\n<meta property=\"og:locale\" content=\"fr_FR\" \/>\n<meta property=\"og:type\" content=\"article\" \/>\n<meta property=\"og:title\" content=\"Le ministre des Finances insiste sur la n\u00e9cessit\u00e9 d\u2019augmenter les ressources de la fiscalit\u00e9 ordinaire\u00a0: Garantir la viabilit\u00e9 du budget de l\u2019\u00c9tat - La Sentinelle\" \/>\n<meta property=\"og:description\" content=\"La restauration des \u00e9quilibres budg\u00e9taires est au c\u0153ur des pr\u00e9occupations du minist\u00e8re des Finances qui cherche \u00e0 augmenter les ressources\" \/>\n<meta property=\"og:url\" content=\"https:\/\/lasentinelle.dz\/index.php\/2023\/05\/03\/le-ministre-des-finances-insiste-sur-la-necessite-daugmenter-les-ressources-de-la-fiscalite-ordinaire-garantir-la-viabilite-du-budget-de-letat\/\" \/>\n<meta property=\"og:site_name\" content=\"La Sentinelle\" \/>\n<meta property=\"article:publisher\" content=\"https:\/\/www.facebook.com\/La-Sentinelle-104059864394773\" \/>\n<meta property=\"article:published_time\" content=\"2023-05-03T21:10:00+00:00\" \/>\n<meta property=\"og:image\" content=\"https:\/\/lasentinelle.dz\/wp-content\/uploads\/2022\/09\/minister-des-finance.png\" \/>\n\t<meta property=\"og:image:width\" content=\"1491\" \/>\n\t<meta property=\"og:image:height\" content=\"900\" \/>\n\t<meta property=\"og:image:type\" content=\"image\/png\" \/>\n<meta name=\"author\" content=\"La Sentinelle\" \/>\n<meta name=\"twitter:card\" content=\"summary_large_image\" \/>\n<meta name=\"twitter:label1\" content=\"\u00c9crit par\" \/>\n\t<meta name=\"twitter:data1\" content=\"La Sentinelle\" \/>\n\t<meta name=\"twitter:label2\" content=\"Dur\u00e9e de lecture estim\u00e9e\" \/>\n\t<meta name=\"twitter:data2\" content=\"5 minutes\" \/>\n<script type=\"application\/ld+json\" class=\"yoast-schema-graph\">{\"@context\":\"https:\\\/\\\/schema.org\",\"@graph\":[{\"@type\":\"Article\",\"@id\":\"https:\\\/\\\/lasentinelle.dz\\\/index.php\\\/2023\\\/05\\\/03\\\/le-ministre-des-finances-insiste-sur-la-necessite-daugmenter-les-ressources-de-la-fiscalite-ordinaire-garantir-la-viabilite-du-budget-de-letat\\\/#article\",\"isPartOf\":{\"@id\":\"https:\\\/\\\/lasentinelle.dz\\\/index.php\\\/2023\\\/05\\\/03\\\/le-ministre-des-finances-insiste-sur-la-necessite-daugmenter-les-ressources-de-la-fiscalite-ordinaire-garantir-la-viabilite-du-budget-de-letat\\\/\"},\"author\":{\"name\":\"La Sentinelle\",\"@id\":\"https:\\\/\\\/lasentinelle.dz\\\/#\\\/schema\\\/person\\\/d865044e22e70a75174ce8bcad3acfb3\"},\"headline\":\"Le ministre des Finances insiste sur la n\u00e9cessit\u00e9 d\u2019augmenter les ressources de la fiscalit\u00e9 ordinaire\u00a0: Garantir la viabilit\u00e9 du budget de l\u2019\u00c9tat\",\"datePublished\":\"2023-05-03T21:10:00+00:00\",\"mainEntityOfPage\":{\"@id\":\"https:\\\/\\\/lasentinelle.dz\\\/index.php\\\/2023\\\/05\\\/03\\\/le-ministre-des-finances-insiste-sur-la-necessite-daugmenter-les-ressources-de-la-fiscalite-ordinaire-garantir-la-viabilite-du-budget-de-letat\\\/\"},\"wordCount\":910,\"commentCount\":0,\"publisher\":{\"@id\":\"https:\\\/\\\/lasentinelle.dz\\\/#organization\"},\"image\":{\"@id\":\"https:\\\/\\\/lasentinelle.dz\\\/index.php\\\/2023\\\/05\\\/03\\\/le-ministre-des-finances-insiste-sur-la-necessite-daugmenter-les-ressources-de-la-fiscalite-ordinaire-garantir-la-viabilite-du-budget-de-letat\\\/#primaryimage\"},\"thumbnailUrl\":\"https:\\\/\\\/lasentinelle.dz\\\/wp-content\\\/uploads\\\/2022\\\/09\\\/minister-des-finance.png\",\"articleSection\":[\"\u00c0 la Une\",\"\u00c9conomie\"],\"inLanguage\":\"fr-FR\",\"potentialAction\":[{\"@type\":\"CommentAction\",\"name\":\"Comment\",\"target\":[\"https:\\\/\\\/lasentinelle.dz\\\/index.php\\\/2023\\\/05\\\/03\\\/le-ministre-des-finances-insiste-sur-la-necessite-daugmenter-les-ressources-de-la-fiscalite-ordinaire-garantir-la-viabilite-du-budget-de-letat\\\/#respond\"]}]},{\"@type\":\"WebPage\",\"@id\":\"https:\\\/\\\/lasentinelle.dz\\\/index.php\\\/2023\\\/05\\\/03\\\/le-ministre-des-finances-insiste-sur-la-necessite-daugmenter-les-ressources-de-la-fiscalite-ordinaire-garantir-la-viabilite-du-budget-de-letat\\\/\",\"url\":\"https:\\\/\\\/lasentinelle.dz\\\/index.php\\\/2023\\\/05\\\/03\\\/le-ministre-des-finances-insiste-sur-la-necessite-daugmenter-les-ressources-de-la-fiscalite-ordinaire-garantir-la-viabilite-du-budget-de-letat\\\/\",\"name\":\"Le ministre des Finances insiste sur la n\u00e9cessit\u00e9 d\u2019augmenter les ressources de la fiscalit\u00e9 ordinaire\u00a0: Garantir la viabilit\u00e9 du budget de l\u2019\u00c9tat - La Sentinelle\",\"isPartOf\":{\"@id\":\"https:\\\/\\\/lasentinelle.dz\\\/#website\"},\"primaryImageOfPage\":{\"@id\":\"https:\\\/\\\/lasentinelle.dz\\\/index.php\\\/2023\\\/05\\\/03\\\/le-ministre-des-finances-insiste-sur-la-necessite-daugmenter-les-ressources-de-la-fiscalite-ordinaire-garantir-la-viabilite-du-budget-de-letat\\\/#primaryimage\"},\"image\":{\"@id\":\"https:\\\/\\\/lasentinelle.dz\\\/index.php\\\/2023\\\/05\\\/03\\\/le-ministre-des-finances-insiste-sur-la-necessite-daugmenter-les-ressources-de-la-fiscalite-ordinaire-garantir-la-viabilite-du-budget-de-letat\\\/#primaryimage\"},\"thumbnailUrl\":\"https:\\\/\\\/lasentinelle.dz\\\/wp-content\\\/uploads\\\/2022\\\/09\\\/minister-des-finance.png\",\"datePublished\":\"2023-05-03T21:10:00+00:00\",\"breadcrumb\":{\"@id\":\"https:\\\/\\\/lasentinelle.dz\\\/index.php\\\/2023\\\/05\\\/03\\\/le-ministre-des-finances-insiste-sur-la-necessite-daugmenter-les-ressources-de-la-fiscalite-ordinaire-garantir-la-viabilite-du-budget-de-letat\\\/#breadcrumb\"},\"inLanguage\":\"fr-FR\",\"potentialAction\":[{\"@type\":\"ReadAction\",\"target\":[\"https:\\\/\\\/lasentinelle.dz\\\/index.php\\\/2023\\\/05\\\/03\\\/le-ministre-des-finances-insiste-sur-la-necessite-daugmenter-les-ressources-de-la-fiscalite-ordinaire-garantir-la-viabilite-du-budget-de-letat\\\/\"]}]},{\"@type\":\"ImageObject\",\"inLanguage\":\"fr-FR\",\"@id\":\"https:\\\/\\\/lasentinelle.dz\\\/index.php\\\/2023\\\/05\\\/03\\\/le-ministre-des-finances-insiste-sur-la-necessite-daugmenter-les-ressources-de-la-fiscalite-ordinaire-garantir-la-viabilite-du-budget-de-letat\\\/#primaryimage\",\"url\":\"https:\\\/\\\/lasentinelle.dz\\\/wp-content\\\/uploads\\\/2022\\\/09\\\/minister-des-finance.png\",\"contentUrl\":\"https:\\\/\\\/lasentinelle.dz\\\/wp-content\\\/uploads\\\/2022\\\/09\\\/minister-des-finance.png\",\"width\":1491,\"height\":900},{\"@type\":\"BreadcrumbList\",\"@id\":\"https:\\\/\\\/lasentinelle.dz\\\/index.php\\\/2023\\\/05\\\/03\\\/le-ministre-des-finances-insiste-sur-la-necessite-daugmenter-les-ressources-de-la-fiscalite-ordinaire-garantir-la-viabilite-du-budget-de-letat\\\/#breadcrumb\",\"itemListElement\":[{\"@type\":\"ListItem\",\"position\":1,\"name\":\"Accueil\",\"item\":\"https:\\\/\\\/lasentinelle.dz\\\/\"},{\"@type\":\"ListItem\",\"position\":2,\"name\":\"Le ministre des Finances insiste sur la n\u00e9cessit\u00e9 d\u2019augmenter les ressources de la fiscalit\u00e9 ordinaire\u00a0: Garantir la viabilit\u00e9 du budget de l\u2019\u00c9tat\"}]},{\"@type\":\"WebSite\",\"@id\":\"https:\\\/\\\/lasentinelle.dz\\\/#website\",\"url\":\"https:\\\/\\\/lasentinelle.dz\\\/\",\"name\":\"La Sentinelle\",\"description\":\"Quotidien national d&#039;information\",\"publisher\":{\"@id\":\"https:\\\/\\\/lasentinelle.dz\\\/#organization\"},\"potentialAction\":[{\"@type\":\"SearchAction\",\"target\":{\"@type\":\"EntryPoint\",\"urlTemplate\":\"https:\\\/\\\/lasentinelle.dz\\\/?s={search_term_string}\"},\"query-input\":{\"@type\":\"PropertyValueSpecification\",\"valueRequired\":true,\"valueName\":\"search_term_string\"}}],\"inLanguage\":\"fr-FR\"},{\"@type\":\"Organization\",\"@id\":\"https:\\\/\\\/lasentinelle.dz\\\/#organization\",\"name\":\"Quotidien La Sentinelle\",\"url\":\"https:\\\/\\\/lasentinelle.dz\\\/\",\"logo\":{\"@type\":\"ImageObject\",\"inLanguage\":\"fr-FR\",\"@id\":\"https:\\\/\\\/lasentinelle.dz\\\/#\\\/schema\\\/logo\\\/image\\\/\",\"url\":\"https:\\\/\\\/lasentinelle.dz\\\/wp-content\\\/uploads\\\/2021\\\/09\\\/logo-sentinelleSLOGAN-1.png\",\"contentUrl\":\"https:\\\/\\\/lasentinelle.dz\\\/wp-content\\\/uploads\\\/2021\\\/09\\\/logo-sentinelleSLOGAN-1.png\",\"width\":615,\"height\":142,\"caption\":\"Quotidien La Sentinelle\"},\"image\":{\"@id\":\"https:\\\/\\\/lasentinelle.dz\\\/#\\\/schema\\\/logo\\\/image\\\/\"},\"sameAs\":[\"https:\\\/\\\/www.facebook.com\\\/La-Sentinelle-104059864394773\"]},{\"@type\":\"Person\",\"@id\":\"https:\\\/\\\/lasentinelle.dz\\\/#\\\/schema\\\/person\\\/d865044e22e70a75174ce8bcad3acfb3\",\"name\":\"La Sentinelle\",\"image\":{\"@type\":\"ImageObject\",\"inLanguage\":\"fr-FR\",\"@id\":\"https:\\\/\\\/secure.gravatar.com\\\/avatar\\\/57de8e5d4b15d43fb361a71fbb36338450fe67865b528a43dd10ef7c51a20392?s=96&d=mm&r=g\",\"url\":\"https:\\\/\\\/secure.gravatar.com\\\/avatar\\\/57de8e5d4b15d43fb361a71fbb36338450fe67865b528a43dd10ef7c51a20392?s=96&d=mm&r=g\",\"contentUrl\":\"https:\\\/\\\/secure.gravatar.com\\\/avatar\\\/57de8e5d4b15d43fb361a71fbb36338450fe67865b528a43dd10ef7c51a20392?s=96&d=mm&r=g\",\"caption\":\"La Sentinelle\"},\"sameAs\":[\"http:\\\/\\\/www.lasentinelle.dz\"],\"url\":\"https:\\\/\\\/lasentinelle.dz\\\/author\\\/redaction\\\/\"}]}<\/script>\n<!-- \/ Yoast SEO plugin. -->","yoast_head_json":{"title":"Le ministre des Finances insiste sur la n\u00e9cessit\u00e9 d\u2019augmenter les ressources de la fiscalit\u00e9 ordinaire\u00a0: Garantir la viabilit\u00e9 du budget de l\u2019\u00c9tat - La Sentinelle","robots":{"index":"index","follow":"follow","max-snippet":"max-snippet:-1","max-image-preview":"max-image-preview:large","max-video-preview":"max-video-preview:-1"},"canonical":"https:\/\/lasentinelle.dz\/index.php\/2023\/05\/03\/le-ministre-des-finances-insiste-sur-la-necessite-daugmenter-les-ressources-de-la-fiscalite-ordinaire-garantir-la-viabilite-du-budget-de-letat\/","og_locale":"fr_FR","og_type":"article","og_title":"Le ministre des Finances insiste sur la n\u00e9cessit\u00e9 d\u2019augmenter les ressources de la fiscalit\u00e9 ordinaire\u00a0: Garantir la viabilit\u00e9 du budget de l\u2019\u00c9tat - La Sentinelle","og_description":"La restauration des \u00e9quilibres budg\u00e9taires est au c\u0153ur des pr\u00e9occupations du minist\u00e8re des Finances qui cherche \u00e0 augmenter les ressources","og_url":"https:\/\/lasentinelle.dz\/index.php\/2023\/05\/03\/le-ministre-des-finances-insiste-sur-la-necessite-daugmenter-les-ressources-de-la-fiscalite-ordinaire-garantir-la-viabilite-du-budget-de-letat\/","og_site_name":"La Sentinelle","article_publisher":"https:\/\/www.facebook.com\/La-Sentinelle-104059864394773","article_published_time":"2023-05-03T21:10:00+00:00","og_image":[{"width":1491,"height":900,"url":"https:\/\/lasentinelle.dz\/wp-content\/uploads\/2022\/09\/minister-des-finance.png","type":"image\/png"}],"author":"La Sentinelle","twitter_card":"summary_large_image","twitter_misc":{"\u00c9crit par":"La Sentinelle","Dur\u00e9e de lecture estim\u00e9e":"5 minutes"},"schema":{"@context":"https:\/\/schema.org","@graph":[{"@type":"Article","@id":"https:\/\/lasentinelle.dz\/index.php\/2023\/05\/03\/le-ministre-des-finances-insiste-sur-la-necessite-daugmenter-les-ressources-de-la-fiscalite-ordinaire-garantir-la-viabilite-du-budget-de-letat\/#article","isPartOf":{"@id":"https:\/\/lasentinelle.dz\/index.php\/2023\/05\/03\/le-ministre-des-finances-insiste-sur-la-necessite-daugmenter-les-ressources-de-la-fiscalite-ordinaire-garantir-la-viabilite-du-budget-de-letat\/"},"author":{"name":"La Sentinelle","@id":"https:\/\/lasentinelle.dz\/#\/schema\/person\/d865044e22e70a75174ce8bcad3acfb3"},"headline":"Le ministre des Finances insiste sur la n\u00e9cessit\u00e9 d\u2019augmenter les ressources de la fiscalit\u00e9 ordinaire\u00a0: Garantir la viabilit\u00e9 du budget de l\u2019\u00c9tat","datePublished":"2023-05-03T21:10:00+00:00","mainEntityOfPage":{"@id":"https:\/\/lasentinelle.dz\/index.php\/2023\/05\/03\/le-ministre-des-finances-insiste-sur-la-necessite-daugmenter-les-ressources-de-la-fiscalite-ordinaire-garantir-la-viabilite-du-budget-de-letat\/"},"wordCount":910,"commentCount":0,"publisher":{"@id":"https:\/\/lasentinelle.dz\/#organization"},"image":{"@id":"https:\/\/lasentinelle.dz\/index.php\/2023\/05\/03\/le-ministre-des-finances-insiste-sur-la-necessite-daugmenter-les-ressources-de-la-fiscalite-ordinaire-garantir-la-viabilite-du-budget-de-letat\/#primaryimage"},"thumbnailUrl":"https:\/\/lasentinelle.dz\/wp-content\/uploads\/2022\/09\/minister-des-finance.png","articleSection":["\u00c0 la Une","\u00c9conomie"],"inLanguage":"fr-FR","potentialAction":[{"@type":"CommentAction","name":"Comment","target":["https:\/\/lasentinelle.dz\/index.php\/2023\/05\/03\/le-ministre-des-finances-insiste-sur-la-necessite-daugmenter-les-ressources-de-la-fiscalite-ordinaire-garantir-la-viabilite-du-budget-de-letat\/#respond"]}]},{"@type":"WebPage","@id":"https:\/\/lasentinelle.dz\/index.php\/2023\/05\/03\/le-ministre-des-finances-insiste-sur-la-necessite-daugmenter-les-ressources-de-la-fiscalite-ordinaire-garantir-la-viabilite-du-budget-de-letat\/","url":"https:\/\/lasentinelle.dz\/index.php\/2023\/05\/03\/le-ministre-des-finances-insiste-sur-la-necessite-daugmenter-les-ressources-de-la-fiscalite-ordinaire-garantir-la-viabilite-du-budget-de-letat\/","name":"Le ministre des Finances insiste sur la n\u00e9cessit\u00e9 d\u2019augmenter les ressources de la fiscalit\u00e9 ordinaire\u00a0: Garantir la viabilit\u00e9 du budget de l\u2019\u00c9tat - La Sentinelle","isPartOf":{"@id":"https:\/\/lasentinelle.dz\/#website"},"primaryImageOfPage":{"@id":"https:\/\/lasentinelle.dz\/index.php\/2023\/05\/03\/le-ministre-des-finances-insiste-sur-la-necessite-daugmenter-les-ressources-de-la-fiscalite-ordinaire-garantir-la-viabilite-du-budget-de-letat\/#primaryimage"},"image":{"@id":"https:\/\/lasentinelle.dz\/index.php\/2023\/05\/03\/le-ministre-des-finances-insiste-sur-la-necessite-daugmenter-les-ressources-de-la-fiscalite-ordinaire-garantir-la-viabilite-du-budget-de-letat\/#primaryimage"},"thumbnailUrl":"https:\/\/lasentinelle.dz\/wp-content\/uploads\/2022\/09\/minister-des-finance.png","datePublished":"2023-05-03T21:10:00+00:00","breadcrumb":{"@id":"https:\/\/lasentinelle.dz\/index.php\/2023\/05\/03\/le-ministre-des-finances-insiste-sur-la-necessite-daugmenter-les-ressources-de-la-fiscalite-ordinaire-garantir-la-viabilite-du-budget-de-letat\/#breadcrumb"},"inLanguage":"fr-FR","potentialAction":[{"@type":"ReadAction","target":["https:\/\/lasentinelle.dz\/index.php\/2023\/05\/03\/le-ministre-des-finances-insiste-sur-la-necessite-daugmenter-les-ressources-de-la-fiscalite-ordinaire-garantir-la-viabilite-du-budget-de-letat\/"]}]},{"@type":"ImageObject","inLanguage":"fr-FR","@id":"https:\/\/lasentinelle.dz\/index.php\/2023\/05\/03\/le-ministre-des-finances-insiste-sur-la-necessite-daugmenter-les-ressources-de-la-fiscalite-ordinaire-garantir-la-viabilite-du-budget-de-letat\/#primaryimage","url":"https:\/\/lasentinelle.dz\/wp-content\/uploads\/2022\/09\/minister-des-finance.png","contentUrl":"https:\/\/lasentinelle.dz\/wp-content\/uploads\/2022\/09\/minister-des-finance.png","width":1491,"height":900},{"@type":"BreadcrumbList","@id":"https:\/\/lasentinelle.dz\/index.php\/2023\/05\/03\/le-ministre-des-finances-insiste-sur-la-necessite-daugmenter-les-ressources-de-la-fiscalite-ordinaire-garantir-la-viabilite-du-budget-de-letat\/#breadcrumb","itemListElement":[{"@type":"ListItem","position":1,"name":"Accueil","item":"https:\/\/lasentinelle.dz\/"},{"@type":"ListItem","position":2,"name":"Le ministre des Finances insiste sur la n\u00e9cessit\u00e9 d\u2019augmenter les ressources de la fiscalit\u00e9 ordinaire\u00a0: Garantir la viabilit\u00e9 du budget de l\u2019\u00c9tat"}]},{"@type":"WebSite","@id":"https:\/\/lasentinelle.dz\/#website","url":"https:\/\/lasentinelle.dz\/","name":"La Sentinelle","description":"Quotidien national d&#039;information","publisher":{"@id":"https:\/\/lasentinelle.dz\/#organization"},"potentialAction":[{"@type":"SearchAction","target":{"@type":"EntryPoint","urlTemplate":"https:\/\/lasentinelle.dz\/?s={search_term_string}"},"query-input":{"@type":"PropertyValueSpecification","valueRequired":true,"valueName":"search_term_string"}}],"inLanguage":"fr-FR"},{"@type":"Organization","@id":"https:\/\/lasentinelle.dz\/#organization","name":"Quotidien La Sentinelle","url":"https:\/\/lasentinelle.dz\/","logo":{"@type":"ImageObject","inLanguage":"fr-FR","@id":"https:\/\/lasentinelle.dz\/#\/schema\/logo\/image\/","url":"https:\/\/lasentinelle.dz\/wp-content\/uploads\/2021\/09\/logo-sentinelleSLOGAN-1.png","contentUrl":"https:\/\/lasentinelle.dz\/wp-content\/uploads\/2021\/09\/logo-sentinelleSLOGAN-1.png","width":615,"height":142,"caption":"Quotidien La Sentinelle"},"image":{"@id":"https:\/\/lasentinelle.dz\/#\/schema\/logo\/image\/"},"sameAs":["https:\/\/www.facebook.com\/La-Sentinelle-104059864394773"]},{"@type":"Person","@id":"https:\/\/lasentinelle.dz\/#\/schema\/person\/d865044e22e70a75174ce8bcad3acfb3","name":"La Sentinelle","image":{"@type":"ImageObject","inLanguage":"fr-FR","@id":"https:\/\/secure.gravatar.com\/avatar\/57de8e5d4b15d43fb361a71fbb36338450fe67865b528a43dd10ef7c51a20392?s=96&d=mm&r=g","url":"https:\/\/secure.gravatar.com\/avatar\/57de8e5d4b15d43fb361a71fbb36338450fe67865b528a43dd10ef7c51a20392?s=96&d=mm&r=g","contentUrl":"https:\/\/secure.gravatar.com\/avatar\/57de8e5d4b15d43fb361a71fbb36338450fe67865b528a43dd10ef7c51a20392?s=96&d=mm&r=g","caption":"La Sentinelle"},"sameAs":["http:\/\/www.lasentinelle.dz"],"url":"https:\/\/lasentinelle.dz\/author\/redaction\/"}]}},"_links":{"self":[{"href":"https:\/\/lasentinelle.dz\/index.php\/wp-json\/wp\/v2\/posts\/40479","targetHints":{"allow":["GET"]}}],"collection":[{"href":"https:\/\/lasentinelle.dz\/index.php\/wp-json\/wp\/v2\/posts"}],"about":[{"href":"https:\/\/lasentinelle.dz\/index.php\/wp-json\/wp\/v2\/types\/post"}],"author":[{"embeddable":true,"href":"https:\/\/lasentinelle.dz\/index.php\/wp-json\/wp\/v2\/users\/3"}],"replies":[{"embeddable":true,"href":"https:\/\/lasentinelle.dz\/index.php\/wp-json\/wp\/v2\/comments?post=40479"}],"version-history":[{"count":2,"href":"https:\/\/lasentinelle.dz\/index.php\/wp-json\/wp\/v2\/posts\/40479\/revisions"}],"predecessor-version":[{"id":40505,"href":"https:\/\/lasentinelle.dz\/index.php\/wp-json\/wp\/v2\/posts\/40479\/revisions\/40505"}],"wp:featuredmedia":[{"embeddable":true,"href":"https:\/\/lasentinelle.dz\/index.php\/wp-json\/wp\/v2\/media\/27704"}],"wp:attachment":[{"href":"https:\/\/lasentinelle.dz\/index.php\/wp-json\/wp\/v2\/media?parent=40479"}],"wp:term":[{"taxonomy":"category","embeddable":true,"href":"https:\/\/lasentinelle.dz\/index.php\/wp-json\/wp\/v2\/categories?post=40479"},{"taxonomy":"post_tag","embeddable":true,"href":"https:\/\/lasentinelle.dz\/index.php\/wp-json\/wp\/v2\/tags?post=40479"}],"curies":[{"name":"wp","href":"https:\/\/api.w.org\/{rel}","templated":true}]}}