{"id":4051,"date":"2021-08-11T02:16:08","date_gmt":"2021-08-11T01:16:08","guid":{"rendered":"https:\/\/lasentinelle.dz\/?p=4051"},"modified":"2021-08-11T02:16:09","modified_gmt":"2021-08-11T01:16:09","slug":"des-benevoles-de-toutes-les-wilayas-pour-eteindre-les-incendies-toute-lalgerie-se-solidarise-avec-tizi-ouzou","status":"publish","type":"post","link":"https:\/\/lasentinelle.dz\/index.php\/2021\/08\/11\/des-benevoles-de-toutes-les-wilayas-pour-eteindre-les-incendies-toute-lalgerie-se-solidarise-avec-tizi-ouzou\/","title":{"rendered":"Des b\u00e9n\u00e9voles de toutes les wilayas pour \u00e9teindre les incendies : Toute l\u2019Alg\u00e9rie se solidarise avec Tizi-Ouzou"},"content":{"rendered":"\n<p>Quelques heures seulement apr\u00e8s l&rsquo;annonce des incendies ravageurs \u00e0 travers toutes les communes de la wilaya de Tizi-Ouzou, la nouvelle a fait lez tours de l&rsquo;Alg\u00e9rie. Un vaste \u00e9lan de solidarit\u00e9 est spontan\u00e9ment n\u00e9 parmi les populations locales d&rsquo;ailleurs fort habitu\u00e9e \u00e0 ce genre de r\u00e9flexes. Mais, plus que cet \u00e9lan, une grande vague de solidarit\u00e9 est n\u00e9e \u00e0 travers tout le territoire national. Des Alg\u00e9riens de toutes les wilayas du pays se proposaient de se rendre dans la wilaya de Tizi-Ouzou pour aider les populations locales et les services de la Protection civile et les \u00e9l\u00e9ments de l\u2019ANP \u00e0 \u00e9teindre le feu qui ravage Tizi-Ouzou.<\/p>\n\n\n\n<p>En effet, hier, ils \u00e9taient tr\u00e8s nombreux les t\u00e9moignages de personnes qui ont re\u00e7u des appels t\u00e9l\u00e9phoniques de plusieurs wilayas. Ces derniers venaient des wilayas du pays \u00e9manant de jeunes d\u00e9sirant se rendre \u00e0 Tizi-Ouzou pour prendre part aux op\u00e9rations d&rsquo;extinction aux c\u00f4t\u00e9s des populations locales.. \u00a0\u00bb J&rsquo;ai, en effet, re\u00e7u des appels de Constantine. Des jeunes m\u00a0\u00bbont appel\u00e9 pour les orienter sur les meilleurs moyens de se rendre \u00e0 Tizi-Ouzou et sur la mani\u00e8re de s&rsquo;int\u00e9grer dans les dispositifs citoyens d&rsquo;aide qui s&rsquo;est construit dans les villages. Les jeunes qui m&rsquo;ont appel\u00e9 insistaient sur leur grande volont\u00e9 de venir. D&rsquo;ailleurs, ils commencent d\u00e9j\u00e0 \u00e0 s&rsquo;organiser en groupe&nbsp;\u00bb, affirme un citoyen de Tizi-Ouzou. &nbsp;D&rsquo;autres citoyens ont \u00e9galement re\u00e7u des appels venant des autres wilayas. \u00ab\u00a0Jai re\u00e7u les appels d&rsquo;amis de&nbsp; M\u2019sila, Annaba et Batna. Ils veulent tous avoir une id\u00e9e sur le meilleur moyen de s&rsquo;int\u00e9grer dans l&rsquo;organisation citoyenne n\u00e9e dans les villages pour aider les \u00e9l\u00e9ments de la protection civile dans cette t\u00e2che tr\u00e8s difficile\u00a0\u00bb ajoute un autre jeune de Ouacifs&nbsp; qui a d&rsquo;ailleurs assur\u00e9 aux jeunes un accueil tr\u00e8s chaleureux.<\/p>\n\n\n\n<p>En fait, l&rsquo;\u00e9lan de solidarit\u00e9&nbsp; qui a largement d\u00e9pass\u00e9 les fronti\u00e8res de la wilaya n&rsquo;est pas nouveau car les Alg\u00e9riens ont toujours \u00e9t\u00e9 solidaire dans les moments difficiles. Les gens se souviennent \u00e0 Tizi-Ouzou du tremblement de terre de Boumerdes. \u00ab\u00a0Je me souviens bien. notre village comme tous les villages de la wilaya d&rsquo;ailleurs s&rsquo;est vite organis\u00e9 pour r\u00e9colter le maximum de denr\u00e9e alimentaire. Une fois ramass\u00e9s, les ravitaillements sont achemin\u00e9s par d&rsquo;autres citoyens dont la mission et bien de les transporter avec leurs v\u00e9hicules et les distribuer aux familles dans les chalets\u00a0\u00bb, raconte un homme habitant Tigzirt.<\/p>\n\n\n\n<p>Cette fois-ci donc, l&rsquo;\u00e9lan de solidarit\u00e9 des Alg\u00e9riens vient prouver encore une fois que la solidarit\u00e9 fait partie int\u00e9grante de leur nature. Des r\u00e9flexes qui prouvent si besoin que l&rsquo;Alg\u00e9rien peut construire une grande nation dont les socles sont l&rsquo;union et la solidarit\u00e9 devant les al\u00e9as de la vie. Les feux de for\u00eat qui ravage encore plusieurs communes de la wilaya de Tizi-Ouzou viennent encore prouver ce trait de caract\u00e8re fortement enracin\u00e9.<\/p>\n\n\n\n<p><strong>Kamel Na\u00eft Ameur<\/strong><\/p>\n","protected":false},"excerpt":{"rendered":"<p>Quelques heures seulement apr\u00e8s l&rsquo;annonce des incendies ravageurs \u00e0 travers toutes les communes de la wilaya de Tizi-Ouzou, la nouvelle<\/p>\n","protected":false},"author":3,"featured_media":4055,"comment_status":"open","ping_status":"closed","sticky":false,"template":"","format":"standard","meta":{"colormag_page_container_layout":"default_layout","colormag_page_sidebar_layout":"default_layout","om_disable_all_campaigns":false,"_monsterinsights_skip_tracking":false,"_monsterinsights_sitenote_active":false,"_monsterinsights_sitenote_note":"","_monsterinsights_sitenote_category":0,"footnotes":"","_wpscppro_dont_share_socialmedia":false,"_wpscppro_custom_social_share_image":0,"_facebook_share_type":"","_twitter_share_type":"","_linkedin_share_type":"","_pinterest_share_type":"","_linkedin_share_type_page":"","_instagram_share_type":"","_medium_share_type":"","_threads_share_type":"","_google_business_share_type":"","_selected_social_profile":[],"_wpsp_enable_custom_social_template":false,"_wpsp_social_scheduling":{"enabled":false,"datetime":null,"platforms":[],"status":"template_only","dateOption":"today","timeOption":"now","customDays":"","customHours":"","customDate":"","customTime":"","schedulingType":"absolute"},"_wpsp_active_default_template":true},"categories":[27],"tags":[],"class_list":["post-4051","post","type-post","status-publish","format-standard","has-post-thumbnail","hentry","category-actualite"],"aioseo_notices":[],"yoast_head":"<!-- This site is optimized with the Yoast SEO plugin v27.5 - https:\/\/yoast.com\/product\/yoast-seo-wordpress\/ -->\n<title>Des b\u00e9n\u00e9voles de toutes les wilayas pour \u00e9teindre les incendies : Toute l\u2019Alg\u00e9rie se solidarise avec Tizi-Ouzou - La Sentinelle<\/title>\n<meta name=\"robots\" content=\"index, follow, max-snippet:-1, max-image-preview:large, max-video-preview:-1\" \/>\n<link rel=\"canonical\" href=\"https:\/\/lasentinelle.dz\/index.php\/2021\/08\/11\/des-benevoles-de-toutes-les-wilayas-pour-eteindre-les-incendies-toute-lalgerie-se-solidarise-avec-tizi-ouzou\/\" \/>\n<meta property=\"og:locale\" content=\"fr_FR\" \/>\n<meta property=\"og:type\" content=\"article\" \/>\n<meta property=\"og:title\" content=\"Des b\u00e9n\u00e9voles de toutes les wilayas pour \u00e9teindre les incendies : Toute l\u2019Alg\u00e9rie se solidarise avec Tizi-Ouzou - La Sentinelle\" \/>\n<meta property=\"og:description\" content=\"Quelques heures seulement apr\u00e8s l&rsquo;annonce des incendies ravageurs \u00e0 travers toutes les communes de la wilaya de Tizi-Ouzou, la nouvelle\" \/>\n<meta property=\"og:url\" content=\"https:\/\/lasentinelle.dz\/index.php\/2021\/08\/11\/des-benevoles-de-toutes-les-wilayas-pour-eteindre-les-incendies-toute-lalgerie-se-solidarise-avec-tizi-ouzou\/\" \/>\n<meta property=\"og:site_name\" content=\"La Sentinelle\" \/>\n<meta property=\"article:publisher\" content=\"https:\/\/www.facebook.com\/La-Sentinelle-104059864394773\" \/>\n<meta property=\"article:published_time\" content=\"2021-08-11T01:16:08+00:00\" \/>\n<meta property=\"article:modified_time\" content=\"2021-08-11T01:16:09+00:00\" \/>\n<meta property=\"og:image\" content=\"https:\/\/lasentinelle.dz\/wp-content\/uploads\/2021\/08\/benivol.png\" \/>\n\t<meta property=\"og:image:width\" content=\"506\" \/>\n\t<meta property=\"og:image:height\" content=\"900\" \/>\n\t<meta property=\"og:image:type\" content=\"image\/png\" \/>\n<meta name=\"author\" content=\"La Sentinelle\" \/>\n<meta name=\"twitter:card\" content=\"summary_large_image\" \/>\n<meta name=\"twitter:label1\" content=\"\u00c9crit par\" \/>\n\t<meta name=\"twitter:data1\" content=\"La Sentinelle\" \/>\n\t<meta name=\"twitter:label2\" content=\"Dur\u00e9e de lecture estim\u00e9e\" \/>\n\t<meta name=\"twitter:data2\" content=\"3 minutes\" \/>\n<script type=\"application\/ld+json\" class=\"yoast-schema-graph\">{\"@context\":\"https:\\\/\\\/schema.org\",\"@graph\":[{\"@type\":\"Article\",\"@id\":\"https:\\\/\\\/lasentinelle.dz\\\/index.php\\\/2021\\\/08\\\/11\\\/des-benevoles-de-toutes-les-wilayas-pour-eteindre-les-incendies-toute-lalgerie-se-solidarise-avec-tizi-ouzou\\\/#article\",\"isPartOf\":{\"@id\":\"https:\\\/\\\/lasentinelle.dz\\\/index.php\\\/2021\\\/08\\\/11\\\/des-benevoles-de-toutes-les-wilayas-pour-eteindre-les-incendies-toute-lalgerie-se-solidarise-avec-tizi-ouzou\\\/\"},\"author\":{\"name\":\"La Sentinelle\",\"@id\":\"https:\\\/\\\/lasentinelle.dz\\\/#\\\/schema\\\/person\\\/d865044e22e70a75174ce8bcad3acfb3\"},\"headline\":\"Des b\u00e9n\u00e9voles de toutes les wilayas pour \u00e9teindre les incendies : Toute l\u2019Alg\u00e9rie se solidarise avec Tizi-Ouzou\",\"datePublished\":\"2021-08-11T01:16:08+00:00\",\"dateModified\":\"2021-08-11T01:16:09+00:00\",\"mainEntityOfPage\":{\"@id\":\"https:\\\/\\\/lasentinelle.dz\\\/index.php\\\/2021\\\/08\\\/11\\\/des-benevoles-de-toutes-les-wilayas-pour-eteindre-les-incendies-toute-lalgerie-se-solidarise-avec-tizi-ouzou\\\/\"},\"wordCount\":550,\"commentCount\":0,\"publisher\":{\"@id\":\"https:\\\/\\\/lasentinelle.dz\\\/#organization\"},\"image\":{\"@id\":\"https:\\\/\\\/lasentinelle.dz\\\/index.php\\\/2021\\\/08\\\/11\\\/des-benevoles-de-toutes-les-wilayas-pour-eteindre-les-incendies-toute-lalgerie-se-solidarise-avec-tizi-ouzou\\\/#primaryimage\"},\"thumbnailUrl\":\"https:\\\/\\\/lasentinelle.dz\\\/wp-content\\\/uploads\\\/2021\\\/08\\\/benivol.png\",\"articleSection\":[\"Actualit\u00e9\"],\"inLanguage\":\"fr-FR\",\"potentialAction\":[{\"@type\":\"CommentAction\",\"name\":\"Comment\",\"target\":[\"https:\\\/\\\/lasentinelle.dz\\\/index.php\\\/2021\\\/08\\\/11\\\/des-benevoles-de-toutes-les-wilayas-pour-eteindre-les-incendies-toute-lalgerie-se-solidarise-avec-tizi-ouzou\\\/#respond\"]}]},{\"@type\":\"WebPage\",\"@id\":\"https:\\\/\\\/lasentinelle.dz\\\/index.php\\\/2021\\\/08\\\/11\\\/des-benevoles-de-toutes-les-wilayas-pour-eteindre-les-incendies-toute-lalgerie-se-solidarise-avec-tizi-ouzou\\\/\",\"url\":\"https:\\\/\\\/lasentinelle.dz\\\/index.php\\\/2021\\\/08\\\/11\\\/des-benevoles-de-toutes-les-wilayas-pour-eteindre-les-incendies-toute-lalgerie-se-solidarise-avec-tizi-ouzou\\\/\",\"name\":\"Des b\u00e9n\u00e9voles de toutes les wilayas pour \u00e9teindre les incendies : Toute l\u2019Alg\u00e9rie se solidarise avec Tizi-Ouzou - La Sentinelle\",\"isPartOf\":{\"@id\":\"https:\\\/\\\/lasentinelle.dz\\\/#website\"},\"primaryImageOfPage\":{\"@id\":\"https:\\\/\\\/lasentinelle.dz\\\/index.php\\\/2021\\\/08\\\/11\\\/des-benevoles-de-toutes-les-wilayas-pour-eteindre-les-incendies-toute-lalgerie-se-solidarise-avec-tizi-ouzou\\\/#primaryimage\"},\"image\":{\"@id\":\"https:\\\/\\\/lasentinelle.dz\\\/index.php\\\/2021\\\/08\\\/11\\\/des-benevoles-de-toutes-les-wilayas-pour-eteindre-les-incendies-toute-lalgerie-se-solidarise-avec-tizi-ouzou\\\/#primaryimage\"},\"thumbnailUrl\":\"https:\\\/\\\/lasentinelle.dz\\\/wp-content\\\/uploads\\\/2021\\\/08\\\/benivol.png\",\"datePublished\":\"2021-08-11T01:16:08+00:00\",\"dateModified\":\"2021-08-11T01:16:09+00:00\",\"breadcrumb\":{\"@id\":\"https:\\\/\\\/lasentinelle.dz\\\/index.php\\\/2021\\\/08\\\/11\\\/des-benevoles-de-toutes-les-wilayas-pour-eteindre-les-incendies-toute-lalgerie-se-solidarise-avec-tizi-ouzou\\\/#breadcrumb\"},\"inLanguage\":\"fr-FR\",\"potentialAction\":[{\"@type\":\"ReadAction\",\"target\":[\"https:\\\/\\\/lasentinelle.dz\\\/index.php\\\/2021\\\/08\\\/11\\\/des-benevoles-de-toutes-les-wilayas-pour-eteindre-les-incendies-toute-lalgerie-se-solidarise-avec-tizi-ouzou\\\/\"]}]},{\"@type\":\"ImageObject\",\"inLanguage\":\"fr-FR\",\"@id\":\"https:\\\/\\\/lasentinelle.dz\\\/index.php\\\/2021\\\/08\\\/11\\\/des-benevoles-de-toutes-les-wilayas-pour-eteindre-les-incendies-toute-lalgerie-se-solidarise-avec-tizi-ouzou\\\/#primaryimage\",\"url\":\"https:\\\/\\\/lasentinelle.dz\\\/wp-content\\\/uploads\\\/2021\\\/08\\\/benivol.png\",\"contentUrl\":\"https:\\\/\\\/lasentinelle.dz\\\/wp-content\\\/uploads\\\/2021\\\/08\\\/benivol.png\",\"width\":506,\"height\":900},{\"@type\":\"BreadcrumbList\",\"@id\":\"https:\\\/\\\/lasentinelle.dz\\\/index.php\\\/2021\\\/08\\\/11\\\/des-benevoles-de-toutes-les-wilayas-pour-eteindre-les-incendies-toute-lalgerie-se-solidarise-avec-tizi-ouzou\\\/#breadcrumb\",\"itemListElement\":[{\"@type\":\"ListItem\",\"position\":1,\"name\":\"Accueil\",\"item\":\"https:\\\/\\\/lasentinelle.dz\\\/\"},{\"@type\":\"ListItem\",\"position\":2,\"name\":\"Des b\u00e9n\u00e9voles de toutes les wilayas pour \u00e9teindre les incendies : Toute l\u2019Alg\u00e9rie se solidarise avec Tizi-Ouzou\"}]},{\"@type\":\"WebSite\",\"@id\":\"https:\\\/\\\/lasentinelle.dz\\\/#website\",\"url\":\"https:\\\/\\\/lasentinelle.dz\\\/\",\"name\":\"La Sentinelle\",\"description\":\"Quotidien national d&#039;information\",\"publisher\":{\"@id\":\"https:\\\/\\\/lasentinelle.dz\\\/#organization\"},\"potentialAction\":[{\"@type\":\"SearchAction\",\"target\":{\"@type\":\"EntryPoint\",\"urlTemplate\":\"https:\\\/\\\/lasentinelle.dz\\\/?s={search_term_string}\"},\"query-input\":{\"@type\":\"PropertyValueSpecification\",\"valueRequired\":true,\"valueName\":\"search_term_string\"}}],\"inLanguage\":\"fr-FR\"},{\"@type\":\"Organization\",\"@id\":\"https:\\\/\\\/lasentinelle.dz\\\/#organization\",\"name\":\"Quotidien La Sentinelle\",\"url\":\"https:\\\/\\\/lasentinelle.dz\\\/\",\"logo\":{\"@type\":\"ImageObject\",\"inLanguage\":\"fr-FR\",\"@id\":\"https:\\\/\\\/lasentinelle.dz\\\/#\\\/schema\\\/logo\\\/image\\\/\",\"url\":\"https:\\\/\\\/lasentinelle.dz\\\/wp-content\\\/uploads\\\/2021\\\/09\\\/logo-sentinelleSLOGAN-1.png\",\"contentUrl\":\"https:\\\/\\\/lasentinelle.dz\\\/wp-content\\\/uploads\\\/2021\\\/09\\\/logo-sentinelleSLOGAN-1.png\",\"width\":615,\"height\":142,\"caption\":\"Quotidien La Sentinelle\"},\"image\":{\"@id\":\"https:\\\/\\\/lasentinelle.dz\\\/#\\\/schema\\\/logo\\\/image\\\/\"},\"sameAs\":[\"https:\\\/\\\/www.facebook.com\\\/La-Sentinelle-104059864394773\"]},{\"@type\":\"Person\",\"@id\":\"https:\\\/\\\/lasentinelle.dz\\\/#\\\/schema\\\/person\\\/d865044e22e70a75174ce8bcad3acfb3\",\"name\":\"La Sentinelle\",\"image\":{\"@type\":\"ImageObject\",\"inLanguage\":\"fr-FR\",\"@id\":\"https:\\\/\\\/secure.gravatar.com\\\/avatar\\\/57de8e5d4b15d43fb361a71fbb36338450fe67865b528a43dd10ef7c51a20392?s=96&d=mm&r=g\",\"url\":\"https:\\\/\\\/secure.gravatar.com\\\/avatar\\\/57de8e5d4b15d43fb361a71fbb36338450fe67865b528a43dd10ef7c51a20392?s=96&d=mm&r=g\",\"contentUrl\":\"https:\\\/\\\/secure.gravatar.com\\\/avatar\\\/57de8e5d4b15d43fb361a71fbb36338450fe67865b528a43dd10ef7c51a20392?s=96&d=mm&r=g\",\"caption\":\"La Sentinelle\"},\"sameAs\":[\"http:\\\/\\\/www.lasentinelle.dz\"],\"url\":\"https:\\\/\\\/lasentinelle.dz\\\/author\\\/redaction\\\/\"}]}<\/script>\n<!-- \/ Yoast SEO plugin. -->","yoast_head_json":{"title":"Des b\u00e9n\u00e9voles de toutes les wilayas pour \u00e9teindre les incendies : Toute l\u2019Alg\u00e9rie se solidarise avec Tizi-Ouzou - La Sentinelle","robots":{"index":"index","follow":"follow","max-snippet":"max-snippet:-1","max-image-preview":"max-image-preview:large","max-video-preview":"max-video-preview:-1"},"canonical":"https:\/\/lasentinelle.dz\/index.php\/2021\/08\/11\/des-benevoles-de-toutes-les-wilayas-pour-eteindre-les-incendies-toute-lalgerie-se-solidarise-avec-tizi-ouzou\/","og_locale":"fr_FR","og_type":"article","og_title":"Des b\u00e9n\u00e9voles de toutes les wilayas pour \u00e9teindre les incendies : Toute l\u2019Alg\u00e9rie se solidarise avec Tizi-Ouzou - La Sentinelle","og_description":"Quelques heures seulement apr\u00e8s l&rsquo;annonce des incendies ravageurs \u00e0 travers toutes les communes de la wilaya de Tizi-Ouzou, la nouvelle","og_url":"https:\/\/lasentinelle.dz\/index.php\/2021\/08\/11\/des-benevoles-de-toutes-les-wilayas-pour-eteindre-les-incendies-toute-lalgerie-se-solidarise-avec-tizi-ouzou\/","og_site_name":"La Sentinelle","article_publisher":"https:\/\/www.facebook.com\/La-Sentinelle-104059864394773","article_published_time":"2021-08-11T01:16:08+00:00","article_modified_time":"2021-08-11T01:16:09+00:00","og_image":[{"width":506,"height":900,"url":"https:\/\/lasentinelle.dz\/wp-content\/uploads\/2021\/08\/benivol.png","type":"image\/png"}],"author":"La Sentinelle","twitter_card":"summary_large_image","twitter_misc":{"\u00c9crit par":"La Sentinelle","Dur\u00e9e de lecture estim\u00e9e":"3 minutes"},"schema":{"@context":"https:\/\/schema.org","@graph":[{"@type":"Article","@id":"https:\/\/lasentinelle.dz\/index.php\/2021\/08\/11\/des-benevoles-de-toutes-les-wilayas-pour-eteindre-les-incendies-toute-lalgerie-se-solidarise-avec-tizi-ouzou\/#article","isPartOf":{"@id":"https:\/\/lasentinelle.dz\/index.php\/2021\/08\/11\/des-benevoles-de-toutes-les-wilayas-pour-eteindre-les-incendies-toute-lalgerie-se-solidarise-avec-tizi-ouzou\/"},"author":{"name":"La Sentinelle","@id":"https:\/\/lasentinelle.dz\/#\/schema\/person\/d865044e22e70a75174ce8bcad3acfb3"},"headline":"Des b\u00e9n\u00e9voles de toutes les wilayas pour \u00e9teindre les incendies : Toute l\u2019Alg\u00e9rie se solidarise avec Tizi-Ouzou","datePublished":"2021-08-11T01:16:08+00:00","dateModified":"2021-08-11T01:16:09+00:00","mainEntityOfPage":{"@id":"https:\/\/lasentinelle.dz\/index.php\/2021\/08\/11\/des-benevoles-de-toutes-les-wilayas-pour-eteindre-les-incendies-toute-lalgerie-se-solidarise-avec-tizi-ouzou\/"},"wordCount":550,"commentCount":0,"publisher":{"@id":"https:\/\/lasentinelle.dz\/#organization"},"image":{"@id":"https:\/\/lasentinelle.dz\/index.php\/2021\/08\/11\/des-benevoles-de-toutes-les-wilayas-pour-eteindre-les-incendies-toute-lalgerie-se-solidarise-avec-tizi-ouzou\/#primaryimage"},"thumbnailUrl":"https:\/\/lasentinelle.dz\/wp-content\/uploads\/2021\/08\/benivol.png","articleSection":["Actualit\u00e9"],"inLanguage":"fr-FR","potentialAction":[{"@type":"CommentAction","name":"Comment","target":["https:\/\/lasentinelle.dz\/index.php\/2021\/08\/11\/des-benevoles-de-toutes-les-wilayas-pour-eteindre-les-incendies-toute-lalgerie-se-solidarise-avec-tizi-ouzou\/#respond"]}]},{"@type":"WebPage","@id":"https:\/\/lasentinelle.dz\/index.php\/2021\/08\/11\/des-benevoles-de-toutes-les-wilayas-pour-eteindre-les-incendies-toute-lalgerie-se-solidarise-avec-tizi-ouzou\/","url":"https:\/\/lasentinelle.dz\/index.php\/2021\/08\/11\/des-benevoles-de-toutes-les-wilayas-pour-eteindre-les-incendies-toute-lalgerie-se-solidarise-avec-tizi-ouzou\/","name":"Des b\u00e9n\u00e9voles de toutes les wilayas pour \u00e9teindre les incendies : Toute l\u2019Alg\u00e9rie se solidarise avec Tizi-Ouzou - La Sentinelle","isPartOf":{"@id":"https:\/\/lasentinelle.dz\/#website"},"primaryImageOfPage":{"@id":"https:\/\/lasentinelle.dz\/index.php\/2021\/08\/11\/des-benevoles-de-toutes-les-wilayas-pour-eteindre-les-incendies-toute-lalgerie-se-solidarise-avec-tizi-ouzou\/#primaryimage"},"image":{"@id":"https:\/\/lasentinelle.dz\/index.php\/2021\/08\/11\/des-benevoles-de-toutes-les-wilayas-pour-eteindre-les-incendies-toute-lalgerie-se-solidarise-avec-tizi-ouzou\/#primaryimage"},"thumbnailUrl":"https:\/\/lasentinelle.dz\/wp-content\/uploads\/2021\/08\/benivol.png","datePublished":"2021-08-11T01:16:08+00:00","dateModified":"2021-08-11T01:16:09+00:00","breadcrumb":{"@id":"https:\/\/lasentinelle.dz\/index.php\/2021\/08\/11\/des-benevoles-de-toutes-les-wilayas-pour-eteindre-les-incendies-toute-lalgerie-se-solidarise-avec-tizi-ouzou\/#breadcrumb"},"inLanguage":"fr-FR","potentialAction":[{"@type":"ReadAction","target":["https:\/\/lasentinelle.dz\/index.php\/2021\/08\/11\/des-benevoles-de-toutes-les-wilayas-pour-eteindre-les-incendies-toute-lalgerie-se-solidarise-avec-tizi-ouzou\/"]}]},{"@type":"ImageObject","inLanguage":"fr-FR","@id":"https:\/\/lasentinelle.dz\/index.php\/2021\/08\/11\/des-benevoles-de-toutes-les-wilayas-pour-eteindre-les-incendies-toute-lalgerie-se-solidarise-avec-tizi-ouzou\/#primaryimage","url":"https:\/\/lasentinelle.dz\/wp-content\/uploads\/2021\/08\/benivol.png","contentUrl":"https:\/\/lasentinelle.dz\/wp-content\/uploads\/2021\/08\/benivol.png","width":506,"height":900},{"@type":"BreadcrumbList","@id":"https:\/\/lasentinelle.dz\/index.php\/2021\/08\/11\/des-benevoles-de-toutes-les-wilayas-pour-eteindre-les-incendies-toute-lalgerie-se-solidarise-avec-tizi-ouzou\/#breadcrumb","itemListElement":[{"@type":"ListItem","position":1,"name":"Accueil","item":"https:\/\/lasentinelle.dz\/"},{"@type":"ListItem","position":2,"name":"Des b\u00e9n\u00e9voles de toutes les wilayas pour \u00e9teindre les incendies : Toute l\u2019Alg\u00e9rie se solidarise avec Tizi-Ouzou"}]},{"@type":"WebSite","@id":"https:\/\/lasentinelle.dz\/#website","url":"https:\/\/lasentinelle.dz\/","name":"La Sentinelle","description":"Quotidien national d&#039;information","publisher":{"@id":"https:\/\/lasentinelle.dz\/#organization"},"potentialAction":[{"@type":"SearchAction","target":{"@type":"EntryPoint","urlTemplate":"https:\/\/lasentinelle.dz\/?s={search_term_string}"},"query-input":{"@type":"PropertyValueSpecification","valueRequired":true,"valueName":"search_term_string"}}],"inLanguage":"fr-FR"},{"@type":"Organization","@id":"https:\/\/lasentinelle.dz\/#organization","name":"Quotidien La Sentinelle","url":"https:\/\/lasentinelle.dz\/","logo":{"@type":"ImageObject","inLanguage":"fr-FR","@id":"https:\/\/lasentinelle.dz\/#\/schema\/logo\/image\/","url":"https:\/\/lasentinelle.dz\/wp-content\/uploads\/2021\/09\/logo-sentinelleSLOGAN-1.png","contentUrl":"https:\/\/lasentinelle.dz\/wp-content\/uploads\/2021\/09\/logo-sentinelleSLOGAN-1.png","width":615,"height":142,"caption":"Quotidien La Sentinelle"},"image":{"@id":"https:\/\/lasentinelle.dz\/#\/schema\/logo\/image\/"},"sameAs":["https:\/\/www.facebook.com\/La-Sentinelle-104059864394773"]},{"@type":"Person","@id":"https:\/\/lasentinelle.dz\/#\/schema\/person\/d865044e22e70a75174ce8bcad3acfb3","name":"La Sentinelle","image":{"@type":"ImageObject","inLanguage":"fr-FR","@id":"https:\/\/secure.gravatar.com\/avatar\/57de8e5d4b15d43fb361a71fbb36338450fe67865b528a43dd10ef7c51a20392?s=96&d=mm&r=g","url":"https:\/\/secure.gravatar.com\/avatar\/57de8e5d4b15d43fb361a71fbb36338450fe67865b528a43dd10ef7c51a20392?s=96&d=mm&r=g","contentUrl":"https:\/\/secure.gravatar.com\/avatar\/57de8e5d4b15d43fb361a71fbb36338450fe67865b528a43dd10ef7c51a20392?s=96&d=mm&r=g","caption":"La Sentinelle"},"sameAs":["http:\/\/www.lasentinelle.dz"],"url":"https:\/\/lasentinelle.dz\/author\/redaction\/"}]}},"_links":{"self":[{"href":"https:\/\/lasentinelle.dz\/index.php\/wp-json\/wp\/v2\/posts\/4051","targetHints":{"allow":["GET"]}}],"collection":[{"href":"https:\/\/lasentinelle.dz\/index.php\/wp-json\/wp\/v2\/posts"}],"about":[{"href":"https:\/\/lasentinelle.dz\/index.php\/wp-json\/wp\/v2\/types\/post"}],"author":[{"embeddable":true,"href":"https:\/\/lasentinelle.dz\/index.php\/wp-json\/wp\/v2\/users\/3"}],"replies":[{"embeddable":true,"href":"https:\/\/lasentinelle.dz\/index.php\/wp-json\/wp\/v2\/comments?post=4051"}],"version-history":[{"count":1,"href":"https:\/\/lasentinelle.dz\/index.php\/wp-json\/wp\/v2\/posts\/4051\/revisions"}],"predecessor-version":[{"id":4056,"href":"https:\/\/lasentinelle.dz\/index.php\/wp-json\/wp\/v2\/posts\/4051\/revisions\/4056"}],"wp:featuredmedia":[{"embeddable":true,"href":"https:\/\/lasentinelle.dz\/index.php\/wp-json\/wp\/v2\/media\/4055"}],"wp:attachment":[{"href":"https:\/\/lasentinelle.dz\/index.php\/wp-json\/wp\/v2\/media?parent=4051"}],"wp:term":[{"taxonomy":"category","embeddable":true,"href":"https:\/\/lasentinelle.dz\/index.php\/wp-json\/wp\/v2\/categories?post=4051"},{"taxonomy":"post_tag","embeddable":true,"href":"https:\/\/lasentinelle.dz\/index.php\/wp-json\/wp\/v2\/tags?post=4051"}],"curies":[{"name":"wp","href":"https:\/\/api.w.org\/{rel}","templated":true}]}}