{"id":40511,"date":"2023-05-06T22:00:00","date_gmt":"2023-05-06T21:00:00","guid":{"rendered":"https:\/\/lasentinelle.dz\/?p=40511"},"modified":"2023-05-06T17:12:19","modified_gmt":"2023-05-06T16:12:19","slug":"can-u-17-gr-a-le-senegal-bat-la-somalie-3-0","status":"publish","type":"post","link":"https:\/\/lasentinelle.dz\/index.php\/2023\/05\/06\/can-u-17-gr-a-le-senegal-bat-la-somalie-3-0\/","title":{"rendered":"CAN U-17 (Gr. A)\u00a0: Le S\u00e9n\u00e9gal bat la Somalie 3-0"},"content":{"rendered":"\n<p>La s\u00e9lection du S\u00e9n\u00e9gal des U17 a r\u00e9alis\u00e9 sa troisi\u00e8me victoire en battant la Somalie 3-0 (2-0 mi-temps) dans un match \u00e0 sens unique disput\u00e9 vendredi-soir au stade chahid Hamlaloui de Constantine pour le compte de la troisi\u00e8me journ\u00e9e du groupe A de la Coupe d\u2019Afrique des nations des moins de 17 ans de football qui se tient en Alg\u00e9rie (29 avril-19 mai). Les buts du S\u00e9n\u00e9gal ont \u00e9t\u00e9 inscrits par le somalien Said Mohamed contre son camp (8\u2019), Amara Diou (33\u2019) et Yaya Dieme (88\u2019, p\u00e9nalty).D\u00e8s le coup de sifflet du match donn\u00e9 par l\u2019arbitre ivoirien Soro Tuonifere, la s\u00e9lection s\u00e9n\u00e9galaise a impos\u00e9 une domination totale du jeu cr\u00e9ant de multiples offensives lanc\u00e9es depuis le milieu de terrain face \u00e0 une \u00e9quipe somalienne d\u00e9stabilis\u00e9e. Cette pression s\u2019est affirm\u00e9e avec un auto-goal pr\u00e9coce \u00e0 la 8\u2019 marqu\u00e9 suite un corner jou\u00e9 par l\u2019aile gauche Lassana Traor\u00e9 et log\u00e9 dans les filets suite \u00e0 une erreur dans la d\u00e9fense du joueur somalien, Said Mohamed. La premi\u00e8re mi-temps n\u2019a connu aucune occasion pour l\u2019\u00e9quipe somalienne \u00e0 l\u2019exception d\u2019un coup franc tir\u00e9 par Yaasiin Adbiraman pass\u00e9 un peu au-dessus de la transversale du gardien s\u00e9n\u00e9galais Serigne Diouf. Le second but s\u00e9n\u00e9galais est venu \u00e0 la 33\u2019 apr\u00e8s un drible d\u2019Amara Diou conclu par un tir bien plac\u00e9 dans les filets d\u2019Ali Abdikadir. Les quatre changements effectu\u00e9s par le s\u00e9lectionneur somalien durant la seconde mi-temps n\u2019ont eu aucun effet et le match s\u2019est poursuivi dans le m\u00eame sens confirmant le pi\u00e8tre niveau affich\u00e9 par les joueurs somaliens. Tacl\u00e9 dans la surface de r\u00e9paration, le joueur rempla\u00e7ant s\u00e9n\u00e9galais, Yaya Dieme obtient un p\u00e9nalty qu\u2019il ex\u00e9cute avec succ\u00e8s \u00e0 la 88\u2019. Apr\u00e8s cette victoire, le S\u00e9n\u00e9gal occupe seul la position de t\u00eate du groupe A avec 9 points garantissant son passage au prochain tour. Il est suivi par la s\u00e9lection de l\u2019Alg\u00e9rie avec 4 points puis par le Congo \u00e0 la troisi\u00e8me place avec 2 points et \u00e0 la derni\u00e8re place par la Somalie.<\/p>\n\n\n\n<p>APS<\/p>\n","protected":false},"excerpt":{"rendered":"<p>La s\u00e9lection du S\u00e9n\u00e9gal des U17 a r\u00e9alis\u00e9 sa troisi\u00e8me victoire en battant la Somalie 3-0 (2-0 mi-temps) dans un<\/p>\n","protected":false},"author":3,"featured_media":40521,"comment_status":"open","ping_status":"closed","sticky":false,"template":"","format":"standard","meta":{"colormag_page_container_layout":"default_layout","colormag_page_sidebar_layout":"default_layout","om_disable_all_campaigns":false,"_monsterinsights_skip_tracking":false,"_monsterinsights_sitenote_active":false,"_monsterinsights_sitenote_note":"","_monsterinsights_sitenote_category":0,"footnotes":"","_wpscppro_dont_share_socialmedia":false,"_wpscppro_custom_social_share_image":0,"_facebook_share_type":"","_twitter_share_type":"","_linkedin_share_type":"","_pinterest_share_type":"","_linkedin_share_type_page":"","_instagram_share_type":"","_medium_share_type":"","_threads_share_type":"","_google_business_share_type":"","_selected_social_profile":[],"_wpsp_enable_custom_social_template":false,"_wpsp_social_scheduling":{"enabled":false,"datetime":null,"platforms":[],"status":"template_only","dateOption":"today","timeOption":"now","customDays":"","customHours":"","customDate":"","customTime":"","schedulingType":"absolute"},"_wpsp_active_default_template":true},"categories":[33],"tags":[],"class_list":["post-40511","post","type-post","status-publish","format-standard","has-post-thumbnail","hentry","category-sports"],"aioseo_notices":[],"yoast_head":"<!-- This site is optimized with the Yoast SEO plugin v27.5 - https:\/\/yoast.com\/product\/yoast-seo-wordpress\/ -->\n<title>CAN U-17 (Gr. A)\u00a0: Le S\u00e9n\u00e9gal bat la Somalie 3-0 - La Sentinelle<\/title>\n<meta name=\"robots\" content=\"index, follow, max-snippet:-1, max-image-preview:large, max-video-preview:-1\" \/>\n<link rel=\"canonical\" href=\"https:\/\/lasentinelle.dz\/index.php\/2023\/05\/06\/can-u-17-gr-a-le-senegal-bat-la-somalie-3-0\/\" \/>\n<meta property=\"og:locale\" content=\"fr_FR\" \/>\n<meta property=\"og:type\" content=\"article\" \/>\n<meta property=\"og:title\" content=\"CAN U-17 (Gr. A)\u00a0: Le S\u00e9n\u00e9gal bat la Somalie 3-0 - La Sentinelle\" \/>\n<meta property=\"og:description\" content=\"La s\u00e9lection du S\u00e9n\u00e9gal des U17 a r\u00e9alis\u00e9 sa troisi\u00e8me victoire en battant la Somalie 3-0 (2-0 mi-temps) dans un\" \/>\n<meta property=\"og:url\" content=\"https:\/\/lasentinelle.dz\/index.php\/2023\/05\/06\/can-u-17-gr-a-le-senegal-bat-la-somalie-3-0\/\" \/>\n<meta property=\"og:site_name\" content=\"La Sentinelle\" \/>\n<meta property=\"article:publisher\" content=\"https:\/\/www.facebook.com\/La-Sentinelle-104059864394773\" \/>\n<meta property=\"article:published_time\" content=\"2023-05-06T21:00:00+00:00\" \/>\n<meta property=\"og:image\" content=\"https:\/\/lasentinelle.dz\/wp-content\/uploads\/2023\/05\/image_2023-05-06_171134982-1024x576.png\" \/>\n\t<meta property=\"og:image:width\" content=\"1024\" \/>\n\t<meta property=\"og:image:height\" content=\"576\" \/>\n\t<meta property=\"og:image:type\" content=\"image\/png\" \/>\n<meta name=\"author\" content=\"La Sentinelle\" \/>\n<meta name=\"twitter:card\" content=\"summary_large_image\" \/>\n<meta name=\"twitter:label1\" content=\"\u00c9crit par\" \/>\n\t<meta name=\"twitter:data1\" content=\"La Sentinelle\" \/>\n\t<meta name=\"twitter:label2\" content=\"Dur\u00e9e de lecture estim\u00e9e\" \/>\n\t<meta name=\"twitter:data2\" content=\"2 minutes\" \/>\n<script type=\"application\/ld+json\" class=\"yoast-schema-graph\">{\"@context\":\"https:\\\/\\\/schema.org\",\"@graph\":[{\"@type\":\"Article\",\"@id\":\"https:\\\/\\\/lasentinelle.dz\\\/index.php\\\/2023\\\/05\\\/06\\\/can-u-17-gr-a-le-senegal-bat-la-somalie-3-0\\\/#article\",\"isPartOf\":{\"@id\":\"https:\\\/\\\/lasentinelle.dz\\\/index.php\\\/2023\\\/05\\\/06\\\/can-u-17-gr-a-le-senegal-bat-la-somalie-3-0\\\/\"},\"author\":{\"name\":\"La Sentinelle\",\"@id\":\"https:\\\/\\\/lasentinelle.dz\\\/#\\\/schema\\\/person\\\/d865044e22e70a75174ce8bcad3acfb3\"},\"headline\":\"CAN U-17 (Gr. A)\u00a0: Le S\u00e9n\u00e9gal bat la Somalie 3-0\",\"datePublished\":\"2023-05-06T21:00:00+00:00\",\"mainEntityOfPage\":{\"@id\":\"https:\\\/\\\/lasentinelle.dz\\\/index.php\\\/2023\\\/05\\\/06\\\/can-u-17-gr-a-le-senegal-bat-la-somalie-3-0\\\/\"},\"wordCount\":383,\"commentCount\":0,\"publisher\":{\"@id\":\"https:\\\/\\\/lasentinelle.dz\\\/#organization\"},\"image\":{\"@id\":\"https:\\\/\\\/lasentinelle.dz\\\/index.php\\\/2023\\\/05\\\/06\\\/can-u-17-gr-a-le-senegal-bat-la-somalie-3-0\\\/#primaryimage\"},\"thumbnailUrl\":\"https:\\\/\\\/lasentinelle.dz\\\/wp-content\\\/uploads\\\/2023\\\/05\\\/image_2023-05-06_171134982.png\",\"articleSection\":[\"Sports\"],\"inLanguage\":\"fr-FR\",\"potentialAction\":[{\"@type\":\"CommentAction\",\"name\":\"Comment\",\"target\":[\"https:\\\/\\\/lasentinelle.dz\\\/index.php\\\/2023\\\/05\\\/06\\\/can-u-17-gr-a-le-senegal-bat-la-somalie-3-0\\\/#respond\"]}]},{\"@type\":\"WebPage\",\"@id\":\"https:\\\/\\\/lasentinelle.dz\\\/index.php\\\/2023\\\/05\\\/06\\\/can-u-17-gr-a-le-senegal-bat-la-somalie-3-0\\\/\",\"url\":\"https:\\\/\\\/lasentinelle.dz\\\/index.php\\\/2023\\\/05\\\/06\\\/can-u-17-gr-a-le-senegal-bat-la-somalie-3-0\\\/\",\"name\":\"CAN U-17 (Gr. A)\u00a0: Le S\u00e9n\u00e9gal bat la Somalie 3-0 - La Sentinelle\",\"isPartOf\":{\"@id\":\"https:\\\/\\\/lasentinelle.dz\\\/#website\"},\"primaryImageOfPage\":{\"@id\":\"https:\\\/\\\/lasentinelle.dz\\\/index.php\\\/2023\\\/05\\\/06\\\/can-u-17-gr-a-le-senegal-bat-la-somalie-3-0\\\/#primaryimage\"},\"image\":{\"@id\":\"https:\\\/\\\/lasentinelle.dz\\\/index.php\\\/2023\\\/05\\\/06\\\/can-u-17-gr-a-le-senegal-bat-la-somalie-3-0\\\/#primaryimage\"},\"thumbnailUrl\":\"https:\\\/\\\/lasentinelle.dz\\\/wp-content\\\/uploads\\\/2023\\\/05\\\/image_2023-05-06_171134982.png\",\"datePublished\":\"2023-05-06T21:00:00+00:00\",\"breadcrumb\":{\"@id\":\"https:\\\/\\\/lasentinelle.dz\\\/index.php\\\/2023\\\/05\\\/06\\\/can-u-17-gr-a-le-senegal-bat-la-somalie-3-0\\\/#breadcrumb\"},\"inLanguage\":\"fr-FR\",\"potentialAction\":[{\"@type\":\"ReadAction\",\"target\":[\"https:\\\/\\\/lasentinelle.dz\\\/index.php\\\/2023\\\/05\\\/06\\\/can-u-17-gr-a-le-senegal-bat-la-somalie-3-0\\\/\"]}]},{\"@type\":\"ImageObject\",\"inLanguage\":\"fr-FR\",\"@id\":\"https:\\\/\\\/lasentinelle.dz\\\/index.php\\\/2023\\\/05\\\/06\\\/can-u-17-gr-a-le-senegal-bat-la-somalie-3-0\\\/#primaryimage\",\"url\":\"https:\\\/\\\/lasentinelle.dz\\\/wp-content\\\/uploads\\\/2023\\\/05\\\/image_2023-05-06_171134982.png\",\"contentUrl\":\"https:\\\/\\\/lasentinelle.dz\\\/wp-content\\\/uploads\\\/2023\\\/05\\\/image_2023-05-06_171134982.png\",\"width\":2560,\"height\":1440},{\"@type\":\"BreadcrumbList\",\"@id\":\"https:\\\/\\\/lasentinelle.dz\\\/index.php\\\/2023\\\/05\\\/06\\\/can-u-17-gr-a-le-senegal-bat-la-somalie-3-0\\\/#breadcrumb\",\"itemListElement\":[{\"@type\":\"ListItem\",\"position\":1,\"name\":\"Accueil\",\"item\":\"https:\\\/\\\/lasentinelle.dz\\\/\"},{\"@type\":\"ListItem\",\"position\":2,\"name\":\"CAN U-17 (Gr. A)\u00a0: Le S\u00e9n\u00e9gal bat la Somalie 3-0\"}]},{\"@type\":\"WebSite\",\"@id\":\"https:\\\/\\\/lasentinelle.dz\\\/#website\",\"url\":\"https:\\\/\\\/lasentinelle.dz\\\/\",\"name\":\"La Sentinelle\",\"description\":\"Quotidien national d&#039;information\",\"publisher\":{\"@id\":\"https:\\\/\\\/lasentinelle.dz\\\/#organization\"},\"potentialAction\":[{\"@type\":\"SearchAction\",\"target\":{\"@type\":\"EntryPoint\",\"urlTemplate\":\"https:\\\/\\\/lasentinelle.dz\\\/?s={search_term_string}\"},\"query-input\":{\"@type\":\"PropertyValueSpecification\",\"valueRequired\":true,\"valueName\":\"search_term_string\"}}],\"inLanguage\":\"fr-FR\"},{\"@type\":\"Organization\",\"@id\":\"https:\\\/\\\/lasentinelle.dz\\\/#organization\",\"name\":\"Quotidien La Sentinelle\",\"url\":\"https:\\\/\\\/lasentinelle.dz\\\/\",\"logo\":{\"@type\":\"ImageObject\",\"inLanguage\":\"fr-FR\",\"@id\":\"https:\\\/\\\/lasentinelle.dz\\\/#\\\/schema\\\/logo\\\/image\\\/\",\"url\":\"https:\\\/\\\/lasentinelle.dz\\\/wp-content\\\/uploads\\\/2021\\\/09\\\/logo-sentinelleSLOGAN-1.png\",\"contentUrl\":\"https:\\\/\\\/lasentinelle.dz\\\/wp-content\\\/uploads\\\/2021\\\/09\\\/logo-sentinelleSLOGAN-1.png\",\"width\":615,\"height\":142,\"caption\":\"Quotidien La Sentinelle\"},\"image\":{\"@id\":\"https:\\\/\\\/lasentinelle.dz\\\/#\\\/schema\\\/logo\\\/image\\\/\"},\"sameAs\":[\"https:\\\/\\\/www.facebook.com\\\/La-Sentinelle-104059864394773\"]},{\"@type\":\"Person\",\"@id\":\"https:\\\/\\\/lasentinelle.dz\\\/#\\\/schema\\\/person\\\/d865044e22e70a75174ce8bcad3acfb3\",\"name\":\"La Sentinelle\",\"image\":{\"@type\":\"ImageObject\",\"inLanguage\":\"fr-FR\",\"@id\":\"https:\\\/\\\/secure.gravatar.com\\\/avatar\\\/57de8e5d4b15d43fb361a71fbb36338450fe67865b528a43dd10ef7c51a20392?s=96&d=mm&r=g\",\"url\":\"https:\\\/\\\/secure.gravatar.com\\\/avatar\\\/57de8e5d4b15d43fb361a71fbb36338450fe67865b528a43dd10ef7c51a20392?s=96&d=mm&r=g\",\"contentUrl\":\"https:\\\/\\\/secure.gravatar.com\\\/avatar\\\/57de8e5d4b15d43fb361a71fbb36338450fe67865b528a43dd10ef7c51a20392?s=96&d=mm&r=g\",\"caption\":\"La Sentinelle\"},\"sameAs\":[\"http:\\\/\\\/www.lasentinelle.dz\"],\"url\":\"https:\\\/\\\/lasentinelle.dz\\\/author\\\/redaction\\\/\"}]}<\/script>\n<!-- \/ Yoast SEO plugin. -->","yoast_head_json":{"title":"CAN U-17 (Gr. A)\u00a0: Le S\u00e9n\u00e9gal bat la Somalie 3-0 - La Sentinelle","robots":{"index":"index","follow":"follow","max-snippet":"max-snippet:-1","max-image-preview":"max-image-preview:large","max-video-preview":"max-video-preview:-1"},"canonical":"https:\/\/lasentinelle.dz\/index.php\/2023\/05\/06\/can-u-17-gr-a-le-senegal-bat-la-somalie-3-0\/","og_locale":"fr_FR","og_type":"article","og_title":"CAN U-17 (Gr. A)\u00a0: Le S\u00e9n\u00e9gal bat la Somalie 3-0 - La Sentinelle","og_description":"La s\u00e9lection du S\u00e9n\u00e9gal des U17 a r\u00e9alis\u00e9 sa troisi\u00e8me victoire en battant la Somalie 3-0 (2-0 mi-temps) dans un","og_url":"https:\/\/lasentinelle.dz\/index.php\/2023\/05\/06\/can-u-17-gr-a-le-senegal-bat-la-somalie-3-0\/","og_site_name":"La Sentinelle","article_publisher":"https:\/\/www.facebook.com\/La-Sentinelle-104059864394773","article_published_time":"2023-05-06T21:00:00+00:00","og_image":[{"width":1024,"height":576,"url":"https:\/\/lasentinelle.dz\/wp-content\/uploads\/2023\/05\/image_2023-05-06_171134982-1024x576.png","type":"image\/png"}],"author":"La Sentinelle","twitter_card":"summary_large_image","twitter_misc":{"\u00c9crit par":"La Sentinelle","Dur\u00e9e de lecture estim\u00e9e":"2 minutes"},"schema":{"@context":"https:\/\/schema.org","@graph":[{"@type":"Article","@id":"https:\/\/lasentinelle.dz\/index.php\/2023\/05\/06\/can-u-17-gr-a-le-senegal-bat-la-somalie-3-0\/#article","isPartOf":{"@id":"https:\/\/lasentinelle.dz\/index.php\/2023\/05\/06\/can-u-17-gr-a-le-senegal-bat-la-somalie-3-0\/"},"author":{"name":"La Sentinelle","@id":"https:\/\/lasentinelle.dz\/#\/schema\/person\/d865044e22e70a75174ce8bcad3acfb3"},"headline":"CAN U-17 (Gr. A)\u00a0: Le S\u00e9n\u00e9gal bat la Somalie 3-0","datePublished":"2023-05-06T21:00:00+00:00","mainEntityOfPage":{"@id":"https:\/\/lasentinelle.dz\/index.php\/2023\/05\/06\/can-u-17-gr-a-le-senegal-bat-la-somalie-3-0\/"},"wordCount":383,"commentCount":0,"publisher":{"@id":"https:\/\/lasentinelle.dz\/#organization"},"image":{"@id":"https:\/\/lasentinelle.dz\/index.php\/2023\/05\/06\/can-u-17-gr-a-le-senegal-bat-la-somalie-3-0\/#primaryimage"},"thumbnailUrl":"https:\/\/lasentinelle.dz\/wp-content\/uploads\/2023\/05\/image_2023-05-06_171134982.png","articleSection":["Sports"],"inLanguage":"fr-FR","potentialAction":[{"@type":"CommentAction","name":"Comment","target":["https:\/\/lasentinelle.dz\/index.php\/2023\/05\/06\/can-u-17-gr-a-le-senegal-bat-la-somalie-3-0\/#respond"]}]},{"@type":"WebPage","@id":"https:\/\/lasentinelle.dz\/index.php\/2023\/05\/06\/can-u-17-gr-a-le-senegal-bat-la-somalie-3-0\/","url":"https:\/\/lasentinelle.dz\/index.php\/2023\/05\/06\/can-u-17-gr-a-le-senegal-bat-la-somalie-3-0\/","name":"CAN U-17 (Gr. A)\u00a0: Le S\u00e9n\u00e9gal bat la Somalie 3-0 - La Sentinelle","isPartOf":{"@id":"https:\/\/lasentinelle.dz\/#website"},"primaryImageOfPage":{"@id":"https:\/\/lasentinelle.dz\/index.php\/2023\/05\/06\/can-u-17-gr-a-le-senegal-bat-la-somalie-3-0\/#primaryimage"},"image":{"@id":"https:\/\/lasentinelle.dz\/index.php\/2023\/05\/06\/can-u-17-gr-a-le-senegal-bat-la-somalie-3-0\/#primaryimage"},"thumbnailUrl":"https:\/\/lasentinelle.dz\/wp-content\/uploads\/2023\/05\/image_2023-05-06_171134982.png","datePublished":"2023-05-06T21:00:00+00:00","breadcrumb":{"@id":"https:\/\/lasentinelle.dz\/index.php\/2023\/05\/06\/can-u-17-gr-a-le-senegal-bat-la-somalie-3-0\/#breadcrumb"},"inLanguage":"fr-FR","potentialAction":[{"@type":"ReadAction","target":["https:\/\/lasentinelle.dz\/index.php\/2023\/05\/06\/can-u-17-gr-a-le-senegal-bat-la-somalie-3-0\/"]}]},{"@type":"ImageObject","inLanguage":"fr-FR","@id":"https:\/\/lasentinelle.dz\/index.php\/2023\/05\/06\/can-u-17-gr-a-le-senegal-bat-la-somalie-3-0\/#primaryimage","url":"https:\/\/lasentinelle.dz\/wp-content\/uploads\/2023\/05\/image_2023-05-06_171134982.png","contentUrl":"https:\/\/lasentinelle.dz\/wp-content\/uploads\/2023\/05\/image_2023-05-06_171134982.png","width":2560,"height":1440},{"@type":"BreadcrumbList","@id":"https:\/\/lasentinelle.dz\/index.php\/2023\/05\/06\/can-u-17-gr-a-le-senegal-bat-la-somalie-3-0\/#breadcrumb","itemListElement":[{"@type":"ListItem","position":1,"name":"Accueil","item":"https:\/\/lasentinelle.dz\/"},{"@type":"ListItem","position":2,"name":"CAN U-17 (Gr. A)\u00a0: Le S\u00e9n\u00e9gal bat la Somalie 3-0"}]},{"@type":"WebSite","@id":"https:\/\/lasentinelle.dz\/#website","url":"https:\/\/lasentinelle.dz\/","name":"La Sentinelle","description":"Quotidien national d&#039;information","publisher":{"@id":"https:\/\/lasentinelle.dz\/#organization"},"potentialAction":[{"@type":"SearchAction","target":{"@type":"EntryPoint","urlTemplate":"https:\/\/lasentinelle.dz\/?s={search_term_string}"},"query-input":{"@type":"PropertyValueSpecification","valueRequired":true,"valueName":"search_term_string"}}],"inLanguage":"fr-FR"},{"@type":"Organization","@id":"https:\/\/lasentinelle.dz\/#organization","name":"Quotidien La Sentinelle","url":"https:\/\/lasentinelle.dz\/","logo":{"@type":"ImageObject","inLanguage":"fr-FR","@id":"https:\/\/lasentinelle.dz\/#\/schema\/logo\/image\/","url":"https:\/\/lasentinelle.dz\/wp-content\/uploads\/2021\/09\/logo-sentinelleSLOGAN-1.png","contentUrl":"https:\/\/lasentinelle.dz\/wp-content\/uploads\/2021\/09\/logo-sentinelleSLOGAN-1.png","width":615,"height":142,"caption":"Quotidien La Sentinelle"},"image":{"@id":"https:\/\/lasentinelle.dz\/#\/schema\/logo\/image\/"},"sameAs":["https:\/\/www.facebook.com\/La-Sentinelle-104059864394773"]},{"@type":"Person","@id":"https:\/\/lasentinelle.dz\/#\/schema\/person\/d865044e22e70a75174ce8bcad3acfb3","name":"La Sentinelle","image":{"@type":"ImageObject","inLanguage":"fr-FR","@id":"https:\/\/secure.gravatar.com\/avatar\/57de8e5d4b15d43fb361a71fbb36338450fe67865b528a43dd10ef7c51a20392?s=96&d=mm&r=g","url":"https:\/\/secure.gravatar.com\/avatar\/57de8e5d4b15d43fb361a71fbb36338450fe67865b528a43dd10ef7c51a20392?s=96&d=mm&r=g","contentUrl":"https:\/\/secure.gravatar.com\/avatar\/57de8e5d4b15d43fb361a71fbb36338450fe67865b528a43dd10ef7c51a20392?s=96&d=mm&r=g","caption":"La Sentinelle"},"sameAs":["http:\/\/www.lasentinelle.dz"],"url":"https:\/\/lasentinelle.dz\/author\/redaction\/"}]}},"_links":{"self":[{"href":"https:\/\/lasentinelle.dz\/index.php\/wp-json\/wp\/v2\/posts\/40511","targetHints":{"allow":["GET"]}}],"collection":[{"href":"https:\/\/lasentinelle.dz\/index.php\/wp-json\/wp\/v2\/posts"}],"about":[{"href":"https:\/\/lasentinelle.dz\/index.php\/wp-json\/wp\/v2\/types\/post"}],"author":[{"embeddable":true,"href":"https:\/\/lasentinelle.dz\/index.php\/wp-json\/wp\/v2\/users\/3"}],"replies":[{"embeddable":true,"href":"https:\/\/lasentinelle.dz\/index.php\/wp-json\/wp\/v2\/comments?post=40511"}],"version-history":[{"count":1,"href":"https:\/\/lasentinelle.dz\/index.php\/wp-json\/wp\/v2\/posts\/40511\/revisions"}],"predecessor-version":[{"id":40522,"href":"https:\/\/lasentinelle.dz\/index.php\/wp-json\/wp\/v2\/posts\/40511\/revisions\/40522"}],"wp:featuredmedia":[{"embeddable":true,"href":"https:\/\/lasentinelle.dz\/index.php\/wp-json\/wp\/v2\/media\/40521"}],"wp:attachment":[{"href":"https:\/\/lasentinelle.dz\/index.php\/wp-json\/wp\/v2\/media?parent=40511"}],"wp:term":[{"taxonomy":"category","embeddable":true,"href":"https:\/\/lasentinelle.dz\/index.php\/wp-json\/wp\/v2\/categories?post=40511"},{"taxonomy":"post_tag","embeddable":true,"href":"https:\/\/lasentinelle.dz\/index.php\/wp-json\/wp\/v2\/tags?post=40511"}],"curies":[{"name":"wp","href":"https:\/\/api.w.org\/{rel}","templated":true}]}}