{"id":40518,"date":"2023-05-06T22:00:00","date_gmt":"2023-05-06T21:00:00","guid":{"rendered":"https:\/\/lasentinelle.dz\/?p=40518"},"modified":"2023-05-06T17:11:43","modified_gmt":"2023-05-06T16:11:43","slug":"burkina-faso-cameroun-un-duel-decisif-pour-la-qualification-aux-quarts-de-finale","status":"publish","type":"post","link":"https:\/\/lasentinelle.dz\/index.php\/2023\/05\/06\/burkina-faso-cameroun-un-duel-decisif-pour-la-qualification-aux-quarts-de-finale\/","title":{"rendered":"Burkina Faso \u2013 Cameroun : Un duel d\u00e9cisif pour la qualification aux quarts de finale"},"content":{"rendered":"\n<p>La s\u00e9lection nationale Burkinab\u00e9 des moins de 17 ans affrontera ce soir \u00e0 20h00 au stade du 19 mai 1956 \u00e0 Annaba son homologue camerounaise dans un duel d\u00e9cisif pour la qualification aux quarts de finale pour le compte de la troisi\u00e8me et derni\u00e8re journ\u00e9e du groupe C de la Coupe d&rsquo;Afrique des Nations 2023 qui se d\u00e9roule en Alg\u00e9rie (29 avril-19 mai).<\/p>\n\n\n\n<p>Ayant montr\u00e9 de tr\u00e8s belles dispositions face au Mali malgr\u00e9 la d\u00e9faite (1-0) lors de la premi\u00e8re journ\u00e9e, les cap\u00e9s de l&rsquo;entra\u00eeneur burkinab\u00e9 Ibrahima Traore comptent bien se racheter face aux Camerounais dans l&rsquo;objectif d&rsquo;arracher le deuxi\u00e8me billet qualificatif aux quarts de finale.<\/p>\n\n\n\n<p>Contraints au repos lors de la deuxi\u00e8me journ\u00e9e suite \u00e0 la disqualification du Soudan du Sud par la CAF parc qu&rsquo;il avait plus de trois joueurs non \u00e9ligibles, les Burkinab\u00e9s sont dos au mur et condamn\u00e9s \u00e0 d\u00e9crocher les trois points de la victoire contre le Cameroun s&rsquo;ils veulent continuer leur aventure africaine dans un groupe C tr\u00e8s disput\u00e9 et dont le premier billet qualificatif a \u00e9t\u00e9 d\u00e9j\u00e0 attribu\u00e9 aux Maliens avec deux victoires (1-0 face au Burkina Faso et 2 \u00e0 0 contre le Cameroun). Les Burkinab\u00e9 qui ont remport\u00e9 la CAN des moins de 17 ans \u00e0 deux&nbsp; reprises (1999 \u00e0 Conakry et en 2001 \u00e0 Victoria aux Seychelles) sont conscients de l&rsquo;importance du match de dimanche soir.<\/p>\n\n\n\n<p>L&rsquo;ancien gardien de but&nbsp; burkinab\u00e9 Sa Ibrahim Traor\u00e9, actuellement entraineur-adjoint de la s\u00e9lection entend aider ses cap\u00e9s \u00e0 s&rsquo;affirmer et les mener vers leur objectif, comme il l&rsquo;a indiqu\u00e9, lors d&rsquo;une conf\u00e9rence de presse: \u00ab\u00a0Nous avons un groupe solide qui peut d\u00e9crocher le troph\u00e9e\u00a0\u00bb. La mission des Burkinab\u00e9 s&rsquo;annonce ardue face \u00e0 une \u00e9quipe camerounaise \u00ab\u00a0bless\u00e9e\u00a0\u00bb, mais encore \u00a0\u00bbvivante \u00a0\u00bb apr\u00e8s sa d\u00e9faite jeudi dernier (2-0) face au Mali. Le tenant du titre a \u00e9chou\u00e9 lors de sa premi\u00e8re sortie contre les \u00ab\u00a0Aiglonnets\u00a0\u00bb&nbsp; dans le cadre de sa mission de conserver sa couronne continentale, une v\u00e9ritable d\u00e9ception pour les Lionceaux de l&rsquo;entra\u00eeneur Sergi Mimbo qui avaient \u00e9t\u00e9 d\u00e9sign\u00e9s comme les favoris, avant le lancement de la comp\u00e9tition africaine. Pour cette raison, les Camerounais comptent bien se racheter pour arracher le deuxi\u00e8me billet qualificatif aux quarts de finale, une volont\u00e9 affich\u00e9e par l&rsquo;\u00e9quipe o\u00f9 r\u00e8gne une forte atmosph\u00e8re d&rsquo;optimisme et de concentration. Le staff technique ainsi que les supporters de l&rsquo;\u00e9quipe camerounaise attendent le \u00ab\u00a0r\u00e9veil\u00a0\u00bb de leur solide attaquant et meilleur buteur de l&rsquo;\u00e9quipe, Dorinal Yungo Matah Angel. A l&rsquo;issue de la deuxi\u00e8me journ\u00e9e, le Mali, avec un total de 6 points, avait arrach\u00e9 sa qualification aux quarts de finale. Le groupe C de la 14e \u00e9dition de la CAN U-17 est consid\u00e9r\u00e9 comme le groupe le plus \u00e9toff\u00e9 en nombre de titres continentaux avec cinq coupes d&rsquo;Afrique: deux pour le Cameroun (2003 et 2019) et le Mali (2015 et 2017) et une pour le Burkina Faso, \u00e9dition 2011.<\/p>\n\n\n\n<p>APS<\/p>\n","protected":false},"excerpt":{"rendered":"<p>La s\u00e9lection nationale Burkinab\u00e9 des moins de 17 ans affrontera ce soir \u00e0 20h00 au stade du 19 mai 1956<\/p>\n","protected":false},"author":3,"featured_media":40519,"comment_status":"open","ping_status":"closed","sticky":false,"template":"","format":"standard","meta":{"colormag_page_container_layout":"default_layout","colormag_page_sidebar_layout":"default_layout","om_disable_all_campaigns":false,"_monsterinsights_skip_tracking":false,"_monsterinsights_sitenote_active":false,"_monsterinsights_sitenote_note":"","_monsterinsights_sitenote_category":0,"footnotes":"","_wpscppro_dont_share_socialmedia":false,"_wpscppro_custom_social_share_image":0,"_facebook_share_type":"","_twitter_share_type":"","_linkedin_share_type":"","_pinterest_share_type":"","_linkedin_share_type_page":"","_instagram_share_type":"","_medium_share_type":"","_threads_share_type":"","_google_business_share_type":"","_selected_social_profile":[],"_wpsp_enable_custom_social_template":false,"_wpsp_social_scheduling":{"enabled":false,"datetime":null,"platforms":[],"status":"template_only","dateOption":"today","timeOption":"now","customDays":"","customHours":"","customDate":"","customTime":"","schedulingType":"absolute"},"_wpsp_active_default_template":true},"categories":[33],"tags":[],"class_list":["post-40518","post","type-post","status-publish","format-standard","has-post-thumbnail","hentry","category-sports"],"aioseo_notices":[],"yoast_head":"<!-- This site is optimized with the Yoast SEO plugin v27.5 - https:\/\/yoast.com\/product\/yoast-seo-wordpress\/ -->\n<title>Burkina Faso \u2013 Cameroun : Un duel d\u00e9cisif pour la qualification aux quarts de finale - La Sentinelle<\/title>\n<meta name=\"robots\" content=\"index, follow, max-snippet:-1, max-image-preview:large, max-video-preview:-1\" \/>\n<link rel=\"canonical\" href=\"https:\/\/lasentinelle.dz\/index.php\/2023\/05\/06\/burkina-faso-cameroun-un-duel-decisif-pour-la-qualification-aux-quarts-de-finale\/\" \/>\n<meta property=\"og:locale\" content=\"fr_FR\" \/>\n<meta property=\"og:type\" content=\"article\" \/>\n<meta property=\"og:title\" content=\"Burkina Faso \u2013 Cameroun : Un duel d\u00e9cisif pour la qualification aux quarts de finale - La Sentinelle\" \/>\n<meta property=\"og:description\" content=\"La s\u00e9lection nationale Burkinab\u00e9 des moins de 17 ans affrontera ce soir \u00e0 20h00 au stade du 19 mai 1956\" \/>\n<meta property=\"og:url\" content=\"https:\/\/lasentinelle.dz\/index.php\/2023\/05\/06\/burkina-faso-cameroun-un-duel-decisif-pour-la-qualification-aux-quarts-de-finale\/\" \/>\n<meta property=\"og:site_name\" content=\"La Sentinelle\" \/>\n<meta property=\"article:publisher\" content=\"https:\/\/www.facebook.com\/La-Sentinelle-104059864394773\" \/>\n<meta property=\"article:published_time\" content=\"2023-05-06T21:00:00+00:00\" \/>\n<meta property=\"og:image\" content=\"https:\/\/lasentinelle.dz\/wp-content\/uploads\/2023\/05\/image_2023-05-06_171052412-1024x576.png\" \/>\n\t<meta property=\"og:image:width\" content=\"1024\" \/>\n\t<meta property=\"og:image:height\" content=\"576\" \/>\n\t<meta property=\"og:image:type\" content=\"image\/png\" \/>\n<meta name=\"author\" content=\"La Sentinelle\" \/>\n<meta name=\"twitter:card\" content=\"summary_large_image\" \/>\n<meta name=\"twitter:label1\" content=\"\u00c9crit par\" \/>\n\t<meta name=\"twitter:data1\" content=\"La Sentinelle\" \/>\n\t<meta name=\"twitter:label2\" content=\"Dur\u00e9e de lecture estim\u00e9e\" \/>\n\t<meta name=\"twitter:data2\" content=\"3 minutes\" \/>\n<script type=\"application\/ld+json\" class=\"yoast-schema-graph\">{\"@context\":\"https:\\\/\\\/schema.org\",\"@graph\":[{\"@type\":\"Article\",\"@id\":\"https:\\\/\\\/lasentinelle.dz\\\/index.php\\\/2023\\\/05\\\/06\\\/burkina-faso-cameroun-un-duel-decisif-pour-la-qualification-aux-quarts-de-finale\\\/#article\",\"isPartOf\":{\"@id\":\"https:\\\/\\\/lasentinelle.dz\\\/index.php\\\/2023\\\/05\\\/06\\\/burkina-faso-cameroun-un-duel-decisif-pour-la-qualification-aux-quarts-de-finale\\\/\"},\"author\":{\"name\":\"La Sentinelle\",\"@id\":\"https:\\\/\\\/lasentinelle.dz\\\/#\\\/schema\\\/person\\\/d865044e22e70a75174ce8bcad3acfb3\"},\"headline\":\"Burkina Faso \u2013 Cameroun : Un duel d\u00e9cisif pour la qualification aux quarts de finale\",\"datePublished\":\"2023-05-06T21:00:00+00:00\",\"mainEntityOfPage\":{\"@id\":\"https:\\\/\\\/lasentinelle.dz\\\/index.php\\\/2023\\\/05\\\/06\\\/burkina-faso-cameroun-un-duel-decisif-pour-la-qualification-aux-quarts-de-finale\\\/\"},\"wordCount\":528,\"commentCount\":0,\"publisher\":{\"@id\":\"https:\\\/\\\/lasentinelle.dz\\\/#organization\"},\"image\":{\"@id\":\"https:\\\/\\\/lasentinelle.dz\\\/index.php\\\/2023\\\/05\\\/06\\\/burkina-faso-cameroun-un-duel-decisif-pour-la-qualification-aux-quarts-de-finale\\\/#primaryimage\"},\"thumbnailUrl\":\"https:\\\/\\\/lasentinelle.dz\\\/wp-content\\\/uploads\\\/2023\\\/05\\\/image_2023-05-06_171052412.png\",\"articleSection\":[\"Sports\"],\"inLanguage\":\"fr-FR\",\"potentialAction\":[{\"@type\":\"CommentAction\",\"name\":\"Comment\",\"target\":[\"https:\\\/\\\/lasentinelle.dz\\\/index.php\\\/2023\\\/05\\\/06\\\/burkina-faso-cameroun-un-duel-decisif-pour-la-qualification-aux-quarts-de-finale\\\/#respond\"]}]},{\"@type\":\"WebPage\",\"@id\":\"https:\\\/\\\/lasentinelle.dz\\\/index.php\\\/2023\\\/05\\\/06\\\/burkina-faso-cameroun-un-duel-decisif-pour-la-qualification-aux-quarts-de-finale\\\/\",\"url\":\"https:\\\/\\\/lasentinelle.dz\\\/index.php\\\/2023\\\/05\\\/06\\\/burkina-faso-cameroun-un-duel-decisif-pour-la-qualification-aux-quarts-de-finale\\\/\",\"name\":\"Burkina Faso \u2013 Cameroun : Un duel d\u00e9cisif pour la qualification aux quarts de finale - La Sentinelle\",\"isPartOf\":{\"@id\":\"https:\\\/\\\/lasentinelle.dz\\\/#website\"},\"primaryImageOfPage\":{\"@id\":\"https:\\\/\\\/lasentinelle.dz\\\/index.php\\\/2023\\\/05\\\/06\\\/burkina-faso-cameroun-un-duel-decisif-pour-la-qualification-aux-quarts-de-finale\\\/#primaryimage\"},\"image\":{\"@id\":\"https:\\\/\\\/lasentinelle.dz\\\/index.php\\\/2023\\\/05\\\/06\\\/burkina-faso-cameroun-un-duel-decisif-pour-la-qualification-aux-quarts-de-finale\\\/#primaryimage\"},\"thumbnailUrl\":\"https:\\\/\\\/lasentinelle.dz\\\/wp-content\\\/uploads\\\/2023\\\/05\\\/image_2023-05-06_171052412.png\",\"datePublished\":\"2023-05-06T21:00:00+00:00\",\"breadcrumb\":{\"@id\":\"https:\\\/\\\/lasentinelle.dz\\\/index.php\\\/2023\\\/05\\\/06\\\/burkina-faso-cameroun-un-duel-decisif-pour-la-qualification-aux-quarts-de-finale\\\/#breadcrumb\"},\"inLanguage\":\"fr-FR\",\"potentialAction\":[{\"@type\":\"ReadAction\",\"target\":[\"https:\\\/\\\/lasentinelle.dz\\\/index.php\\\/2023\\\/05\\\/06\\\/burkina-faso-cameroun-un-duel-decisif-pour-la-qualification-aux-quarts-de-finale\\\/\"]}]},{\"@type\":\"ImageObject\",\"inLanguage\":\"fr-FR\",\"@id\":\"https:\\\/\\\/lasentinelle.dz\\\/index.php\\\/2023\\\/05\\\/06\\\/burkina-faso-cameroun-un-duel-decisif-pour-la-qualification-aux-quarts-de-finale\\\/#primaryimage\",\"url\":\"https:\\\/\\\/lasentinelle.dz\\\/wp-content\\\/uploads\\\/2023\\\/05\\\/image_2023-05-06_171052412.png\",\"contentUrl\":\"https:\\\/\\\/lasentinelle.dz\\\/wp-content\\\/uploads\\\/2023\\\/05\\\/image_2023-05-06_171052412.png\",\"width\":2560,\"height\":1440},{\"@type\":\"BreadcrumbList\",\"@id\":\"https:\\\/\\\/lasentinelle.dz\\\/index.php\\\/2023\\\/05\\\/06\\\/burkina-faso-cameroun-un-duel-decisif-pour-la-qualification-aux-quarts-de-finale\\\/#breadcrumb\",\"itemListElement\":[{\"@type\":\"ListItem\",\"position\":1,\"name\":\"Accueil\",\"item\":\"https:\\\/\\\/lasentinelle.dz\\\/\"},{\"@type\":\"ListItem\",\"position\":2,\"name\":\"Burkina Faso \u2013 Cameroun : Un duel d\u00e9cisif pour la qualification aux quarts de finale\"}]},{\"@type\":\"WebSite\",\"@id\":\"https:\\\/\\\/lasentinelle.dz\\\/#website\",\"url\":\"https:\\\/\\\/lasentinelle.dz\\\/\",\"name\":\"La Sentinelle\",\"description\":\"Quotidien national d&#039;information\",\"publisher\":{\"@id\":\"https:\\\/\\\/lasentinelle.dz\\\/#organization\"},\"potentialAction\":[{\"@type\":\"SearchAction\",\"target\":{\"@type\":\"EntryPoint\",\"urlTemplate\":\"https:\\\/\\\/lasentinelle.dz\\\/?s={search_term_string}\"},\"query-input\":{\"@type\":\"PropertyValueSpecification\",\"valueRequired\":true,\"valueName\":\"search_term_string\"}}],\"inLanguage\":\"fr-FR\"},{\"@type\":\"Organization\",\"@id\":\"https:\\\/\\\/lasentinelle.dz\\\/#organization\",\"name\":\"Quotidien La Sentinelle\",\"url\":\"https:\\\/\\\/lasentinelle.dz\\\/\",\"logo\":{\"@type\":\"ImageObject\",\"inLanguage\":\"fr-FR\",\"@id\":\"https:\\\/\\\/lasentinelle.dz\\\/#\\\/schema\\\/logo\\\/image\\\/\",\"url\":\"https:\\\/\\\/lasentinelle.dz\\\/wp-content\\\/uploads\\\/2021\\\/09\\\/logo-sentinelleSLOGAN-1.png\",\"contentUrl\":\"https:\\\/\\\/lasentinelle.dz\\\/wp-content\\\/uploads\\\/2021\\\/09\\\/logo-sentinelleSLOGAN-1.png\",\"width\":615,\"height\":142,\"caption\":\"Quotidien La Sentinelle\"},\"image\":{\"@id\":\"https:\\\/\\\/lasentinelle.dz\\\/#\\\/schema\\\/logo\\\/image\\\/\"},\"sameAs\":[\"https:\\\/\\\/www.facebook.com\\\/La-Sentinelle-104059864394773\"]},{\"@type\":\"Person\",\"@id\":\"https:\\\/\\\/lasentinelle.dz\\\/#\\\/schema\\\/person\\\/d865044e22e70a75174ce8bcad3acfb3\",\"name\":\"La Sentinelle\",\"image\":{\"@type\":\"ImageObject\",\"inLanguage\":\"fr-FR\",\"@id\":\"https:\\\/\\\/secure.gravatar.com\\\/avatar\\\/57de8e5d4b15d43fb361a71fbb36338450fe67865b528a43dd10ef7c51a20392?s=96&d=mm&r=g\",\"url\":\"https:\\\/\\\/secure.gravatar.com\\\/avatar\\\/57de8e5d4b15d43fb361a71fbb36338450fe67865b528a43dd10ef7c51a20392?s=96&d=mm&r=g\",\"contentUrl\":\"https:\\\/\\\/secure.gravatar.com\\\/avatar\\\/57de8e5d4b15d43fb361a71fbb36338450fe67865b528a43dd10ef7c51a20392?s=96&d=mm&r=g\",\"caption\":\"La Sentinelle\"},\"sameAs\":[\"http:\\\/\\\/www.lasentinelle.dz\"],\"url\":\"https:\\\/\\\/lasentinelle.dz\\\/author\\\/redaction\\\/\"}]}<\/script>\n<!-- \/ Yoast SEO plugin. -->","yoast_head_json":{"title":"Burkina Faso \u2013 Cameroun : Un duel d\u00e9cisif pour la qualification aux quarts de finale - La Sentinelle","robots":{"index":"index","follow":"follow","max-snippet":"max-snippet:-1","max-image-preview":"max-image-preview:large","max-video-preview":"max-video-preview:-1"},"canonical":"https:\/\/lasentinelle.dz\/index.php\/2023\/05\/06\/burkina-faso-cameroun-un-duel-decisif-pour-la-qualification-aux-quarts-de-finale\/","og_locale":"fr_FR","og_type":"article","og_title":"Burkina Faso \u2013 Cameroun : Un duel d\u00e9cisif pour la qualification aux quarts de finale - La Sentinelle","og_description":"La s\u00e9lection nationale Burkinab\u00e9 des moins de 17 ans affrontera ce soir \u00e0 20h00 au stade du 19 mai 1956","og_url":"https:\/\/lasentinelle.dz\/index.php\/2023\/05\/06\/burkina-faso-cameroun-un-duel-decisif-pour-la-qualification-aux-quarts-de-finale\/","og_site_name":"La Sentinelle","article_publisher":"https:\/\/www.facebook.com\/La-Sentinelle-104059864394773","article_published_time":"2023-05-06T21:00:00+00:00","og_image":[{"width":1024,"height":576,"url":"https:\/\/lasentinelle.dz\/wp-content\/uploads\/2023\/05\/image_2023-05-06_171052412-1024x576.png","type":"image\/png"}],"author":"La Sentinelle","twitter_card":"summary_large_image","twitter_misc":{"\u00c9crit par":"La Sentinelle","Dur\u00e9e de lecture estim\u00e9e":"3 minutes"},"schema":{"@context":"https:\/\/schema.org","@graph":[{"@type":"Article","@id":"https:\/\/lasentinelle.dz\/index.php\/2023\/05\/06\/burkina-faso-cameroun-un-duel-decisif-pour-la-qualification-aux-quarts-de-finale\/#article","isPartOf":{"@id":"https:\/\/lasentinelle.dz\/index.php\/2023\/05\/06\/burkina-faso-cameroun-un-duel-decisif-pour-la-qualification-aux-quarts-de-finale\/"},"author":{"name":"La Sentinelle","@id":"https:\/\/lasentinelle.dz\/#\/schema\/person\/d865044e22e70a75174ce8bcad3acfb3"},"headline":"Burkina Faso \u2013 Cameroun : Un duel d\u00e9cisif pour la qualification aux quarts de finale","datePublished":"2023-05-06T21:00:00+00:00","mainEntityOfPage":{"@id":"https:\/\/lasentinelle.dz\/index.php\/2023\/05\/06\/burkina-faso-cameroun-un-duel-decisif-pour-la-qualification-aux-quarts-de-finale\/"},"wordCount":528,"commentCount":0,"publisher":{"@id":"https:\/\/lasentinelle.dz\/#organization"},"image":{"@id":"https:\/\/lasentinelle.dz\/index.php\/2023\/05\/06\/burkina-faso-cameroun-un-duel-decisif-pour-la-qualification-aux-quarts-de-finale\/#primaryimage"},"thumbnailUrl":"https:\/\/lasentinelle.dz\/wp-content\/uploads\/2023\/05\/image_2023-05-06_171052412.png","articleSection":["Sports"],"inLanguage":"fr-FR","potentialAction":[{"@type":"CommentAction","name":"Comment","target":["https:\/\/lasentinelle.dz\/index.php\/2023\/05\/06\/burkina-faso-cameroun-un-duel-decisif-pour-la-qualification-aux-quarts-de-finale\/#respond"]}]},{"@type":"WebPage","@id":"https:\/\/lasentinelle.dz\/index.php\/2023\/05\/06\/burkina-faso-cameroun-un-duel-decisif-pour-la-qualification-aux-quarts-de-finale\/","url":"https:\/\/lasentinelle.dz\/index.php\/2023\/05\/06\/burkina-faso-cameroun-un-duel-decisif-pour-la-qualification-aux-quarts-de-finale\/","name":"Burkina Faso \u2013 Cameroun : Un duel d\u00e9cisif pour la qualification aux quarts de finale - La Sentinelle","isPartOf":{"@id":"https:\/\/lasentinelle.dz\/#website"},"primaryImageOfPage":{"@id":"https:\/\/lasentinelle.dz\/index.php\/2023\/05\/06\/burkina-faso-cameroun-un-duel-decisif-pour-la-qualification-aux-quarts-de-finale\/#primaryimage"},"image":{"@id":"https:\/\/lasentinelle.dz\/index.php\/2023\/05\/06\/burkina-faso-cameroun-un-duel-decisif-pour-la-qualification-aux-quarts-de-finale\/#primaryimage"},"thumbnailUrl":"https:\/\/lasentinelle.dz\/wp-content\/uploads\/2023\/05\/image_2023-05-06_171052412.png","datePublished":"2023-05-06T21:00:00+00:00","breadcrumb":{"@id":"https:\/\/lasentinelle.dz\/index.php\/2023\/05\/06\/burkina-faso-cameroun-un-duel-decisif-pour-la-qualification-aux-quarts-de-finale\/#breadcrumb"},"inLanguage":"fr-FR","potentialAction":[{"@type":"ReadAction","target":["https:\/\/lasentinelle.dz\/index.php\/2023\/05\/06\/burkina-faso-cameroun-un-duel-decisif-pour-la-qualification-aux-quarts-de-finale\/"]}]},{"@type":"ImageObject","inLanguage":"fr-FR","@id":"https:\/\/lasentinelle.dz\/index.php\/2023\/05\/06\/burkina-faso-cameroun-un-duel-decisif-pour-la-qualification-aux-quarts-de-finale\/#primaryimage","url":"https:\/\/lasentinelle.dz\/wp-content\/uploads\/2023\/05\/image_2023-05-06_171052412.png","contentUrl":"https:\/\/lasentinelle.dz\/wp-content\/uploads\/2023\/05\/image_2023-05-06_171052412.png","width":2560,"height":1440},{"@type":"BreadcrumbList","@id":"https:\/\/lasentinelle.dz\/index.php\/2023\/05\/06\/burkina-faso-cameroun-un-duel-decisif-pour-la-qualification-aux-quarts-de-finale\/#breadcrumb","itemListElement":[{"@type":"ListItem","position":1,"name":"Accueil","item":"https:\/\/lasentinelle.dz\/"},{"@type":"ListItem","position":2,"name":"Burkina Faso \u2013 Cameroun : Un duel d\u00e9cisif pour la qualification aux quarts de finale"}]},{"@type":"WebSite","@id":"https:\/\/lasentinelle.dz\/#website","url":"https:\/\/lasentinelle.dz\/","name":"La Sentinelle","description":"Quotidien national d&#039;information","publisher":{"@id":"https:\/\/lasentinelle.dz\/#organization"},"potentialAction":[{"@type":"SearchAction","target":{"@type":"EntryPoint","urlTemplate":"https:\/\/lasentinelle.dz\/?s={search_term_string}"},"query-input":{"@type":"PropertyValueSpecification","valueRequired":true,"valueName":"search_term_string"}}],"inLanguage":"fr-FR"},{"@type":"Organization","@id":"https:\/\/lasentinelle.dz\/#organization","name":"Quotidien La Sentinelle","url":"https:\/\/lasentinelle.dz\/","logo":{"@type":"ImageObject","inLanguage":"fr-FR","@id":"https:\/\/lasentinelle.dz\/#\/schema\/logo\/image\/","url":"https:\/\/lasentinelle.dz\/wp-content\/uploads\/2021\/09\/logo-sentinelleSLOGAN-1.png","contentUrl":"https:\/\/lasentinelle.dz\/wp-content\/uploads\/2021\/09\/logo-sentinelleSLOGAN-1.png","width":615,"height":142,"caption":"Quotidien La Sentinelle"},"image":{"@id":"https:\/\/lasentinelle.dz\/#\/schema\/logo\/image\/"},"sameAs":["https:\/\/www.facebook.com\/La-Sentinelle-104059864394773"]},{"@type":"Person","@id":"https:\/\/lasentinelle.dz\/#\/schema\/person\/d865044e22e70a75174ce8bcad3acfb3","name":"La Sentinelle","image":{"@type":"ImageObject","inLanguage":"fr-FR","@id":"https:\/\/secure.gravatar.com\/avatar\/57de8e5d4b15d43fb361a71fbb36338450fe67865b528a43dd10ef7c51a20392?s=96&d=mm&r=g","url":"https:\/\/secure.gravatar.com\/avatar\/57de8e5d4b15d43fb361a71fbb36338450fe67865b528a43dd10ef7c51a20392?s=96&d=mm&r=g","contentUrl":"https:\/\/secure.gravatar.com\/avatar\/57de8e5d4b15d43fb361a71fbb36338450fe67865b528a43dd10ef7c51a20392?s=96&d=mm&r=g","caption":"La Sentinelle"},"sameAs":["http:\/\/www.lasentinelle.dz"],"url":"https:\/\/lasentinelle.dz\/author\/redaction\/"}]}},"_links":{"self":[{"href":"https:\/\/lasentinelle.dz\/index.php\/wp-json\/wp\/v2\/posts\/40518","targetHints":{"allow":["GET"]}}],"collection":[{"href":"https:\/\/lasentinelle.dz\/index.php\/wp-json\/wp\/v2\/posts"}],"about":[{"href":"https:\/\/lasentinelle.dz\/index.php\/wp-json\/wp\/v2\/types\/post"}],"author":[{"embeddable":true,"href":"https:\/\/lasentinelle.dz\/index.php\/wp-json\/wp\/v2\/users\/3"}],"replies":[{"embeddable":true,"href":"https:\/\/lasentinelle.dz\/index.php\/wp-json\/wp\/v2\/comments?post=40518"}],"version-history":[{"count":1,"href":"https:\/\/lasentinelle.dz\/index.php\/wp-json\/wp\/v2\/posts\/40518\/revisions"}],"predecessor-version":[{"id":40520,"href":"https:\/\/lasentinelle.dz\/index.php\/wp-json\/wp\/v2\/posts\/40518\/revisions\/40520"}],"wp:featuredmedia":[{"embeddable":true,"href":"https:\/\/lasentinelle.dz\/index.php\/wp-json\/wp\/v2\/media\/40519"}],"wp:attachment":[{"href":"https:\/\/lasentinelle.dz\/index.php\/wp-json\/wp\/v2\/media?parent=40518"}],"wp:term":[{"taxonomy":"category","embeddable":true,"href":"https:\/\/lasentinelle.dz\/index.php\/wp-json\/wp\/v2\/categories?post=40518"},{"taxonomy":"post_tag","embeddable":true,"href":"https:\/\/lasentinelle.dz\/index.php\/wp-json\/wp\/v2\/tags?post=40518"}],"curies":[{"name":"wp","href":"https:\/\/api.w.org\/{rel}","templated":true}]}}