{"id":40531,"date":"2023-05-06T22:05:00","date_gmt":"2023-05-06T21:05:00","guid":{"rendered":"https:\/\/lasentinelle.dz\/?p=40531"},"modified":"2023-05-06T17:34:26","modified_gmt":"2023-05-06T16:34:26","slug":"mali-le-referendum-constitutionnel-fixe-au-18-juin","status":"publish","type":"post","link":"https:\/\/lasentinelle.dz\/index.php\/2023\/05\/06\/mali-le-referendum-constitutionnel-fixe-au-18-juin\/","title":{"rendered":"Mali\u00a0: Le r\u00e9f\u00e9rendum constitutionnel fix\u00e9 au 18 juin"},"content":{"rendered":"\n<p>Initialement pr\u00e9vu pour le 19 mars dernier, le r\u00e9f\u00e9rendum constitutionnel aura finalement lieu au Mali le 18 juin prochain, a annonc\u00e9 vendredi le ministre malien de l&rsquo;Administration territoriale et de la D\u00e9centralisation, porte-parole du gouvernement \u00e0 la t\u00e9l\u00e9vision malienne.<\/p>\n\n\n\n<p>Si le coll\u00e8ge \u00e9lectoral est convoqu\u00e9 le dimanche 18 juin 2023 pour se prononcer sur le projet de Constitution, les membres des Forces de d\u00e9fense et de s\u00e9curit\u00e9 (FDS) vont, elles, voter par anticipation le dimanche 11 juin 2023, conform\u00e9ment \u00e0 la loi \u00e9lectorale.<\/p>\n\n\n\n<p>Ce r\u00e9f\u00e9rendum est la premi\u00e8re \u00e9tape valid\u00e9e par le vote d&rsquo;un calendrier de consultations et de r\u00e9formes qui doit aboutir \u00e0 des \u00e9lections en f\u00e9vrier 2024 en vue d&rsquo;un retour des civils aux affaires.<\/p>\n\n\n\n<p>En reportant le r\u00e9f\u00e9rendum, les militaires arriv\u00e9s au pouvoir par la force en ao\u00fbt 2020 ont manqu\u00e9 \u00e0 une premi\u00e8re \u00e9ch\u00e9ance significative et nourri le doute quant au respect de l&rsquo;int\u00e9gralit\u00e9 du calendrier. &nbsp;\u00ab\u00a0Les \u00e9lecteurs auront \u00e0 r\u00e9pondre par oui ou par non \u00e0 la question suivante, je cite : &lsquo;Approuvez-vous le projet de Constitution ?&rsquo;, fin de citation\u00a0\u00bb, a d\u00e9clar\u00e9 le porte-parole. Les \u00e9lecteurs auront le choix entre un bulletin blanc pour le oui et rouge pour le non, stipule le d\u00e9cret. La campagne s&rsquo;ouvrira le 2 juin \u00e0 0 h (locales et GMT) et s&rsquo;arr\u00eatera le 16 juin \u00e0 minuit. \u00ab\u00a0La date butoir reste la date que nous avons pu n\u00e9gocier avec la C\u00e9d\u00e9ao (Communaut\u00e9 \u00e9conomique des \u00c9tats de l&rsquo;Afrique de l&rsquo;Ouest) et le chef de l&rsquo;\u00c9tat tient fermement au respect de cette date\u00a0\u00bb de 2024, avait dit le colonel Ma\u00efga en officialisant le report du r\u00e9f\u00e9rendum en mars. Le calendrier \u00e9labor\u00e9 par les autorit\u00e9s de transition et l&rsquo;engagement pris par elle de c\u00e9der la place en mars 2024 apr\u00e8s des \u00e9lections en f\u00e9vrier avaient convaincu la C\u00e9d\u00e9ao en juillet 2022 de lever un lourd r\u00e9gime de sanctions commerciales et financi\u00e8res inflig\u00e9 au Mali. Cette Constitution est un \u00e9l\u00e9ment cl\u00e9 du vaste chantier de r\u00e9formes invoqu\u00e9 par les militaires pour justifier de continuer \u00e0 gouverner jusqu&rsquo;en 2024. Le projet renforce notablement le pouvoir du pr\u00e9sident. Dans la nouvelle Constitution, c&rsquo;est le pr\u00e9sident qui \u00ab\u00a0d\u00e9termine la politique de la Nation\u00a0\u00bb, et non plus le gouvernement ; le pr\u00e9sident nomme le Premier ministre et les ministres, et met fin \u00e0 leurs fonctions. Le pr\u00e9sident peut dissoudre l&rsquo;Assembl\u00e9e nationale.<\/p>\n\n\n\n<p>R.I.<\/p>\n","protected":false},"excerpt":{"rendered":"<p>Initialement pr\u00e9vu pour le 19 mars dernier, le r\u00e9f\u00e9rendum constitutionnel aura finalement lieu au Mali le 18 juin prochain, a<\/p>\n","protected":false},"author":3,"featured_media":0,"comment_status":"open","ping_status":"closed","sticky":false,"template":"","format":"standard","meta":{"colormag_page_container_layout":"default_layout","colormag_page_sidebar_layout":"default_layout","om_disable_all_campaigns":false,"_monsterinsights_skip_tracking":false,"_monsterinsights_sitenote_active":false,"_monsterinsights_sitenote_note":"","_monsterinsights_sitenote_category":0,"footnotes":"","_wpscppro_dont_share_socialmedia":false,"_wpscppro_custom_social_share_image":0,"_facebook_share_type":"","_twitter_share_type":"","_linkedin_share_type":"","_pinterest_share_type":"","_linkedin_share_type_page":"","_instagram_share_type":"","_medium_share_type":"","_threads_share_type":"","_google_business_share_type":"","_selected_social_profile":[],"_wpsp_enable_custom_social_template":false,"_wpsp_social_scheduling":{"enabled":false,"datetime":null,"platforms":[],"status":"template_only","dateOption":"today","timeOption":"now","customDays":"","customHours":"","customDate":"","customTime":"","schedulingType":"absolute"},"_wpsp_active_default_template":true},"categories":[37],"tags":[],"class_list":["post-40531","post","type-post","status-publish","format-standard","hentry","category-monde"],"aioseo_notices":[],"yoast_head":"<!-- This site is optimized with the Yoast SEO plugin v27.5 - https:\/\/yoast.com\/product\/yoast-seo-wordpress\/ -->\n<title>Mali\u00a0: Le r\u00e9f\u00e9rendum constitutionnel fix\u00e9 au 18 juin - La Sentinelle<\/title>\n<meta name=\"robots\" content=\"index, follow, max-snippet:-1, max-image-preview:large, max-video-preview:-1\" \/>\n<link rel=\"canonical\" href=\"https:\/\/lasentinelle.dz\/index.php\/2023\/05\/06\/mali-le-referendum-constitutionnel-fixe-au-18-juin\/\" \/>\n<meta property=\"og:locale\" content=\"fr_FR\" \/>\n<meta property=\"og:type\" content=\"article\" \/>\n<meta property=\"og:title\" content=\"Mali\u00a0: Le r\u00e9f\u00e9rendum constitutionnel fix\u00e9 au 18 juin - La Sentinelle\" \/>\n<meta property=\"og:description\" content=\"Initialement pr\u00e9vu pour le 19 mars dernier, le r\u00e9f\u00e9rendum constitutionnel aura finalement lieu au Mali le 18 juin prochain, a\" \/>\n<meta property=\"og:url\" content=\"https:\/\/lasentinelle.dz\/index.php\/2023\/05\/06\/mali-le-referendum-constitutionnel-fixe-au-18-juin\/\" \/>\n<meta property=\"og:site_name\" content=\"La Sentinelle\" \/>\n<meta property=\"article:publisher\" content=\"https:\/\/www.facebook.com\/La-Sentinelle-104059864394773\" \/>\n<meta property=\"article:published_time\" content=\"2023-05-06T21:05:00+00:00\" \/>\n<meta name=\"author\" content=\"La Sentinelle\" \/>\n<meta name=\"twitter:card\" content=\"summary_large_image\" \/>\n<meta name=\"twitter:label1\" content=\"\u00c9crit par\" \/>\n\t<meta name=\"twitter:data1\" content=\"La Sentinelle\" \/>\n\t<meta name=\"twitter:label2\" content=\"Dur\u00e9e de lecture estim\u00e9e\" \/>\n\t<meta name=\"twitter:data2\" content=\"2 minutes\" \/>\n<script type=\"application\/ld+json\" class=\"yoast-schema-graph\">{\"@context\":\"https:\\\/\\\/schema.org\",\"@graph\":[{\"@type\":\"Article\",\"@id\":\"https:\\\/\\\/lasentinelle.dz\\\/index.php\\\/2023\\\/05\\\/06\\\/mali-le-referendum-constitutionnel-fixe-au-18-juin\\\/#article\",\"isPartOf\":{\"@id\":\"https:\\\/\\\/lasentinelle.dz\\\/index.php\\\/2023\\\/05\\\/06\\\/mali-le-referendum-constitutionnel-fixe-au-18-juin\\\/\"},\"author\":{\"name\":\"La Sentinelle\",\"@id\":\"https:\\\/\\\/lasentinelle.dz\\\/#\\\/schema\\\/person\\\/d865044e22e70a75174ce8bcad3acfb3\"},\"headline\":\"Mali\u00a0: Le r\u00e9f\u00e9rendum constitutionnel fix\u00e9 au 18 juin\",\"datePublished\":\"2023-05-06T21:05:00+00:00\",\"mainEntityOfPage\":{\"@id\":\"https:\\\/\\\/lasentinelle.dz\\\/index.php\\\/2023\\\/05\\\/06\\\/mali-le-referendum-constitutionnel-fixe-au-18-juin\\\/\"},\"wordCount\":431,\"commentCount\":0,\"publisher\":{\"@id\":\"https:\\\/\\\/lasentinelle.dz\\\/#organization\"},\"articleSection\":[\"Monde\"],\"inLanguage\":\"fr-FR\",\"potentialAction\":[{\"@type\":\"CommentAction\",\"name\":\"Comment\",\"target\":[\"https:\\\/\\\/lasentinelle.dz\\\/index.php\\\/2023\\\/05\\\/06\\\/mali-le-referendum-constitutionnel-fixe-au-18-juin\\\/#respond\"]}]},{\"@type\":\"WebPage\",\"@id\":\"https:\\\/\\\/lasentinelle.dz\\\/index.php\\\/2023\\\/05\\\/06\\\/mali-le-referendum-constitutionnel-fixe-au-18-juin\\\/\",\"url\":\"https:\\\/\\\/lasentinelle.dz\\\/index.php\\\/2023\\\/05\\\/06\\\/mali-le-referendum-constitutionnel-fixe-au-18-juin\\\/\",\"name\":\"Mali\u00a0: Le r\u00e9f\u00e9rendum constitutionnel fix\u00e9 au 18 juin - La Sentinelle\",\"isPartOf\":{\"@id\":\"https:\\\/\\\/lasentinelle.dz\\\/#website\"},\"datePublished\":\"2023-05-06T21:05:00+00:00\",\"breadcrumb\":{\"@id\":\"https:\\\/\\\/lasentinelle.dz\\\/index.php\\\/2023\\\/05\\\/06\\\/mali-le-referendum-constitutionnel-fixe-au-18-juin\\\/#breadcrumb\"},\"inLanguage\":\"fr-FR\",\"potentialAction\":[{\"@type\":\"ReadAction\",\"target\":[\"https:\\\/\\\/lasentinelle.dz\\\/index.php\\\/2023\\\/05\\\/06\\\/mali-le-referendum-constitutionnel-fixe-au-18-juin\\\/\"]}]},{\"@type\":\"BreadcrumbList\",\"@id\":\"https:\\\/\\\/lasentinelle.dz\\\/index.php\\\/2023\\\/05\\\/06\\\/mali-le-referendum-constitutionnel-fixe-au-18-juin\\\/#breadcrumb\",\"itemListElement\":[{\"@type\":\"ListItem\",\"position\":1,\"name\":\"Accueil\",\"item\":\"https:\\\/\\\/lasentinelle.dz\\\/\"},{\"@type\":\"ListItem\",\"position\":2,\"name\":\"Mali\u00a0: Le r\u00e9f\u00e9rendum constitutionnel fix\u00e9 au 18 juin\"}]},{\"@type\":\"WebSite\",\"@id\":\"https:\\\/\\\/lasentinelle.dz\\\/#website\",\"url\":\"https:\\\/\\\/lasentinelle.dz\\\/\",\"name\":\"La Sentinelle\",\"description\":\"Quotidien national d&#039;information\",\"publisher\":{\"@id\":\"https:\\\/\\\/lasentinelle.dz\\\/#organization\"},\"potentialAction\":[{\"@type\":\"SearchAction\",\"target\":{\"@type\":\"EntryPoint\",\"urlTemplate\":\"https:\\\/\\\/lasentinelle.dz\\\/?s={search_term_string}\"},\"query-input\":{\"@type\":\"PropertyValueSpecification\",\"valueRequired\":true,\"valueName\":\"search_term_string\"}}],\"inLanguage\":\"fr-FR\"},{\"@type\":\"Organization\",\"@id\":\"https:\\\/\\\/lasentinelle.dz\\\/#organization\",\"name\":\"Quotidien La Sentinelle\",\"url\":\"https:\\\/\\\/lasentinelle.dz\\\/\",\"logo\":{\"@type\":\"ImageObject\",\"inLanguage\":\"fr-FR\",\"@id\":\"https:\\\/\\\/lasentinelle.dz\\\/#\\\/schema\\\/logo\\\/image\\\/\",\"url\":\"https:\\\/\\\/lasentinelle.dz\\\/wp-content\\\/uploads\\\/2021\\\/09\\\/logo-sentinelleSLOGAN-1.png\",\"contentUrl\":\"https:\\\/\\\/lasentinelle.dz\\\/wp-content\\\/uploads\\\/2021\\\/09\\\/logo-sentinelleSLOGAN-1.png\",\"width\":615,\"height\":142,\"caption\":\"Quotidien La Sentinelle\"},\"image\":{\"@id\":\"https:\\\/\\\/lasentinelle.dz\\\/#\\\/schema\\\/logo\\\/image\\\/\"},\"sameAs\":[\"https:\\\/\\\/www.facebook.com\\\/La-Sentinelle-104059864394773\"]},{\"@type\":\"Person\",\"@id\":\"https:\\\/\\\/lasentinelle.dz\\\/#\\\/schema\\\/person\\\/d865044e22e70a75174ce8bcad3acfb3\",\"name\":\"La Sentinelle\",\"image\":{\"@type\":\"ImageObject\",\"inLanguage\":\"fr-FR\",\"@id\":\"https:\\\/\\\/secure.gravatar.com\\\/avatar\\\/57de8e5d4b15d43fb361a71fbb36338450fe67865b528a43dd10ef7c51a20392?s=96&d=mm&r=g\",\"url\":\"https:\\\/\\\/secure.gravatar.com\\\/avatar\\\/57de8e5d4b15d43fb361a71fbb36338450fe67865b528a43dd10ef7c51a20392?s=96&d=mm&r=g\",\"contentUrl\":\"https:\\\/\\\/secure.gravatar.com\\\/avatar\\\/57de8e5d4b15d43fb361a71fbb36338450fe67865b528a43dd10ef7c51a20392?s=96&d=mm&r=g\",\"caption\":\"La Sentinelle\"},\"sameAs\":[\"http:\\\/\\\/www.lasentinelle.dz\"],\"url\":\"https:\\\/\\\/lasentinelle.dz\\\/author\\\/redaction\\\/\"}]}<\/script>\n<!-- \/ Yoast SEO plugin. -->","yoast_head_json":{"title":"Mali\u00a0: Le r\u00e9f\u00e9rendum constitutionnel fix\u00e9 au 18 juin - La Sentinelle","robots":{"index":"index","follow":"follow","max-snippet":"max-snippet:-1","max-image-preview":"max-image-preview:large","max-video-preview":"max-video-preview:-1"},"canonical":"https:\/\/lasentinelle.dz\/index.php\/2023\/05\/06\/mali-le-referendum-constitutionnel-fixe-au-18-juin\/","og_locale":"fr_FR","og_type":"article","og_title":"Mali\u00a0: Le r\u00e9f\u00e9rendum constitutionnel fix\u00e9 au 18 juin - La Sentinelle","og_description":"Initialement pr\u00e9vu pour le 19 mars dernier, le r\u00e9f\u00e9rendum constitutionnel aura finalement lieu au Mali le 18 juin prochain, a","og_url":"https:\/\/lasentinelle.dz\/index.php\/2023\/05\/06\/mali-le-referendum-constitutionnel-fixe-au-18-juin\/","og_site_name":"La Sentinelle","article_publisher":"https:\/\/www.facebook.com\/La-Sentinelle-104059864394773","article_published_time":"2023-05-06T21:05:00+00:00","author":"La Sentinelle","twitter_card":"summary_large_image","twitter_misc":{"\u00c9crit par":"La Sentinelle","Dur\u00e9e de lecture estim\u00e9e":"2 minutes"},"schema":{"@context":"https:\/\/schema.org","@graph":[{"@type":"Article","@id":"https:\/\/lasentinelle.dz\/index.php\/2023\/05\/06\/mali-le-referendum-constitutionnel-fixe-au-18-juin\/#article","isPartOf":{"@id":"https:\/\/lasentinelle.dz\/index.php\/2023\/05\/06\/mali-le-referendum-constitutionnel-fixe-au-18-juin\/"},"author":{"name":"La Sentinelle","@id":"https:\/\/lasentinelle.dz\/#\/schema\/person\/d865044e22e70a75174ce8bcad3acfb3"},"headline":"Mali\u00a0: Le r\u00e9f\u00e9rendum constitutionnel fix\u00e9 au 18 juin","datePublished":"2023-05-06T21:05:00+00:00","mainEntityOfPage":{"@id":"https:\/\/lasentinelle.dz\/index.php\/2023\/05\/06\/mali-le-referendum-constitutionnel-fixe-au-18-juin\/"},"wordCount":431,"commentCount":0,"publisher":{"@id":"https:\/\/lasentinelle.dz\/#organization"},"articleSection":["Monde"],"inLanguage":"fr-FR","potentialAction":[{"@type":"CommentAction","name":"Comment","target":["https:\/\/lasentinelle.dz\/index.php\/2023\/05\/06\/mali-le-referendum-constitutionnel-fixe-au-18-juin\/#respond"]}]},{"@type":"WebPage","@id":"https:\/\/lasentinelle.dz\/index.php\/2023\/05\/06\/mali-le-referendum-constitutionnel-fixe-au-18-juin\/","url":"https:\/\/lasentinelle.dz\/index.php\/2023\/05\/06\/mali-le-referendum-constitutionnel-fixe-au-18-juin\/","name":"Mali\u00a0: Le r\u00e9f\u00e9rendum constitutionnel fix\u00e9 au 18 juin - La Sentinelle","isPartOf":{"@id":"https:\/\/lasentinelle.dz\/#website"},"datePublished":"2023-05-06T21:05:00+00:00","breadcrumb":{"@id":"https:\/\/lasentinelle.dz\/index.php\/2023\/05\/06\/mali-le-referendum-constitutionnel-fixe-au-18-juin\/#breadcrumb"},"inLanguage":"fr-FR","potentialAction":[{"@type":"ReadAction","target":["https:\/\/lasentinelle.dz\/index.php\/2023\/05\/06\/mali-le-referendum-constitutionnel-fixe-au-18-juin\/"]}]},{"@type":"BreadcrumbList","@id":"https:\/\/lasentinelle.dz\/index.php\/2023\/05\/06\/mali-le-referendum-constitutionnel-fixe-au-18-juin\/#breadcrumb","itemListElement":[{"@type":"ListItem","position":1,"name":"Accueil","item":"https:\/\/lasentinelle.dz\/"},{"@type":"ListItem","position":2,"name":"Mali\u00a0: Le r\u00e9f\u00e9rendum constitutionnel fix\u00e9 au 18 juin"}]},{"@type":"WebSite","@id":"https:\/\/lasentinelle.dz\/#website","url":"https:\/\/lasentinelle.dz\/","name":"La Sentinelle","description":"Quotidien national d&#039;information","publisher":{"@id":"https:\/\/lasentinelle.dz\/#organization"},"potentialAction":[{"@type":"SearchAction","target":{"@type":"EntryPoint","urlTemplate":"https:\/\/lasentinelle.dz\/?s={search_term_string}"},"query-input":{"@type":"PropertyValueSpecification","valueRequired":true,"valueName":"search_term_string"}}],"inLanguage":"fr-FR"},{"@type":"Organization","@id":"https:\/\/lasentinelle.dz\/#organization","name":"Quotidien La Sentinelle","url":"https:\/\/lasentinelle.dz\/","logo":{"@type":"ImageObject","inLanguage":"fr-FR","@id":"https:\/\/lasentinelle.dz\/#\/schema\/logo\/image\/","url":"https:\/\/lasentinelle.dz\/wp-content\/uploads\/2021\/09\/logo-sentinelleSLOGAN-1.png","contentUrl":"https:\/\/lasentinelle.dz\/wp-content\/uploads\/2021\/09\/logo-sentinelleSLOGAN-1.png","width":615,"height":142,"caption":"Quotidien La Sentinelle"},"image":{"@id":"https:\/\/lasentinelle.dz\/#\/schema\/logo\/image\/"},"sameAs":["https:\/\/www.facebook.com\/La-Sentinelle-104059864394773"]},{"@type":"Person","@id":"https:\/\/lasentinelle.dz\/#\/schema\/person\/d865044e22e70a75174ce8bcad3acfb3","name":"La Sentinelle","image":{"@type":"ImageObject","inLanguage":"fr-FR","@id":"https:\/\/secure.gravatar.com\/avatar\/57de8e5d4b15d43fb361a71fbb36338450fe67865b528a43dd10ef7c51a20392?s=96&d=mm&r=g","url":"https:\/\/secure.gravatar.com\/avatar\/57de8e5d4b15d43fb361a71fbb36338450fe67865b528a43dd10ef7c51a20392?s=96&d=mm&r=g","contentUrl":"https:\/\/secure.gravatar.com\/avatar\/57de8e5d4b15d43fb361a71fbb36338450fe67865b528a43dd10ef7c51a20392?s=96&d=mm&r=g","caption":"La Sentinelle"},"sameAs":["http:\/\/www.lasentinelle.dz"],"url":"https:\/\/lasentinelle.dz\/author\/redaction\/"}]}},"_links":{"self":[{"href":"https:\/\/lasentinelle.dz\/index.php\/wp-json\/wp\/v2\/posts\/40531","targetHints":{"allow":["GET"]}}],"collection":[{"href":"https:\/\/lasentinelle.dz\/index.php\/wp-json\/wp\/v2\/posts"}],"about":[{"href":"https:\/\/lasentinelle.dz\/index.php\/wp-json\/wp\/v2\/types\/post"}],"author":[{"embeddable":true,"href":"https:\/\/lasentinelle.dz\/index.php\/wp-json\/wp\/v2\/users\/3"}],"replies":[{"embeddable":true,"href":"https:\/\/lasentinelle.dz\/index.php\/wp-json\/wp\/v2\/comments?post=40531"}],"version-history":[{"count":3,"href":"https:\/\/lasentinelle.dz\/index.php\/wp-json\/wp\/v2\/posts\/40531\/revisions"}],"predecessor-version":[{"id":40540,"href":"https:\/\/lasentinelle.dz\/index.php\/wp-json\/wp\/v2\/posts\/40531\/revisions\/40540"}],"wp:attachment":[{"href":"https:\/\/lasentinelle.dz\/index.php\/wp-json\/wp\/v2\/media?parent=40531"}],"wp:term":[{"taxonomy":"category","embeddable":true,"href":"https:\/\/lasentinelle.dz\/index.php\/wp-json\/wp\/v2\/categories?post=40531"},{"taxonomy":"post_tag","embeddable":true,"href":"https:\/\/lasentinelle.dz\/index.php\/wp-json\/wp\/v2\/tags?post=40531"}],"curies":[{"name":"wp","href":"https:\/\/api.w.org\/{rel}","templated":true}]}}