{"id":40532,"date":"2023-05-06T22:00:00","date_gmt":"2023-05-06T21:00:00","guid":{"rendered":"https:\/\/lasentinelle.dz\/?p=40532"},"modified":"2023-05-06T17:33:23","modified_gmt":"2023-05-06T16:33:23","slug":"cisjordanie-occupee-deux-palestiniens-tombes-en-martyr","status":"publish","type":"post","link":"https:\/\/lasentinelle.dz\/index.php\/2023\/05\/06\/cisjordanie-occupee-deux-palestiniens-tombes-en-martyr\/","title":{"rendered":"Cisjordanie occup\u00e9e\u00a0: Deux Palestiniens tomb\u00e9s en martyr"},"content":{"rendered":"\n<p>Deux Palestiniens sont tomb\u00e9s en martyr hier \u00e0 Tulkarem, en Cisjordanie occup\u00e9e, a annonc\u00e9 le minist\u00e8re de la Sant\u00e9 palestinien. &nbsp;\u00abDeux martyrs, tu\u00e9s par l&rsquo;occupation, ont \u00e9t\u00e9 transport\u00e9s \u00e0 l&rsquo;h\u00f4pital gouvernemental Thabet Thabet, dans la ville de Tulkarem\u00bb, dans le nord-ouest du territoire palestinien, a \u00e9crit le minist\u00e8re de la Sant\u00e9 dans un communiqu\u00e9. La Brigade de Tulkarem, un groupe local li\u00e9 aux Brigades des martyrs d&rsquo;Al-Aqsa, la branche militaire du parti Fatah du pr\u00e9sident Mahmoud Abbas, a affirm\u00e9 que les Palestiniens tu\u00e9s \u00e9taient deux de ses membres, identifi\u00e9s comme Hamza Khrewish et Samer al-Chafei.&nbsp; Un autre jeune palestinien a \u00e9t\u00e9 arr\u00eat\u00e9 dans la m\u00eame r\u00e9gion. Il convient de mentionner que 110 civils palestiniens, y compris des enfants et des femmes, sont tomb\u00e9s en martyr depuis le d\u00e9but de l\u2019ann\u00e9e 2023.<\/p>\n\n\n\n<p>Par ailleurs, quatre Palestiniens ont \u00e9t\u00e9 bless\u00e9s et un autre a \u00e9t\u00e9 arr\u00eat\u00e9, lors d\u2019agressions de colons et de l\u2019arm\u00e9e d\u2019occupation ontre les civils palestiniens dans la r\u00e9gion de Masafer Yatta au sud de la ville d\u2019H\u00e9bron, selon des sources locales palestiniennes cit\u00e9es par l\u2019agence de presse palestinienne Wafa. &nbsp;Les m\u00eames sources ont r\u00e9v\u00e9l\u00e9 qu\u2019un groupe de colons ont agress\u00e9 les citoyens alors qu\u2019ils \u00e9taient sur leurs terres agricoles, faisant quatre bless\u00e9s, tandis qu\u2019un citoyen a \u00e9t\u00e9 captur\u00e9. &nbsp;Il importe de mentionner que les forces de l\u2019occupation ont r\u00e9prim\u00e9 un sit-in anticolonialisme et ont ouvert le feu et jet\u00e9 des bombes assourdissantes contre les citoyens palestiniens. &nbsp;La violence des colons contre les Palestiniens et leurs biens est courante en Cisjordanie occup\u00e9e. Les colons commettent fr\u00e9quemment des actes de violence contre les Palestiniens avec le plein appui de l\u2019occupation sioniste. Ces actes de violence incluent des incendies de biens et des mosqu\u00e9es, des jets de pierres, le d\u00e9racinement des cultures et des oliviers, des attaques contre des habitations vuln\u00e9rables, entre autres. En violation du droit international, plus de 600 000 colons sionistes vivent dans des colonies \u00e0 El Qods-Est et en Cisjordanie occup\u00e9es.<\/p>\n\n\n\n<p>R.I.<\/p>\n","protected":false},"excerpt":{"rendered":"<p>Deux Palestiniens sont tomb\u00e9s en martyr hier \u00e0 Tulkarem, en Cisjordanie occup\u00e9e, a annonc\u00e9 le minist\u00e8re de la Sant\u00e9 palestinien.<\/p>\n","protected":false},"author":3,"featured_media":40537,"comment_status":"open","ping_status":"closed","sticky":false,"template":"","format":"standard","meta":{"colormag_page_container_layout":"default_layout","colormag_page_sidebar_layout":"default_layout","om_disable_all_campaigns":false,"_monsterinsights_skip_tracking":false,"_monsterinsights_sitenote_active":false,"_monsterinsights_sitenote_note":"","_monsterinsights_sitenote_category":0,"footnotes":"","_wpscppro_dont_share_socialmedia":false,"_wpscppro_custom_social_share_image":0,"_facebook_share_type":"","_twitter_share_type":"","_linkedin_share_type":"","_pinterest_share_type":"","_linkedin_share_type_page":"","_instagram_share_type":"","_medium_share_type":"","_threads_share_type":"","_google_business_share_type":"","_selected_social_profile":[],"_wpsp_enable_custom_social_template":false,"_wpsp_social_scheduling":{"enabled":false,"datetime":null,"platforms":[],"status":"template_only","dateOption":"today","timeOption":"now","customDays":"","customHours":"","customDate":"","customTime":"","schedulingType":"absolute"},"_wpsp_active_default_template":true},"categories":[37],"tags":[],"class_list":["post-40532","post","type-post","status-publish","format-standard","has-post-thumbnail","hentry","category-monde"],"aioseo_notices":[],"yoast_head":"<!-- This site is optimized with the Yoast SEO plugin v27.5 - https:\/\/yoast.com\/product\/yoast-seo-wordpress\/ -->\n<title>Cisjordanie occup\u00e9e\u00a0: Deux Palestiniens tomb\u00e9s en martyr - La Sentinelle<\/title>\n<meta name=\"robots\" content=\"index, follow, max-snippet:-1, max-image-preview:large, max-video-preview:-1\" \/>\n<link rel=\"canonical\" href=\"https:\/\/lasentinelle.dz\/index.php\/2023\/05\/06\/cisjordanie-occupee-deux-palestiniens-tombes-en-martyr\/\" \/>\n<meta property=\"og:locale\" content=\"fr_FR\" \/>\n<meta property=\"og:type\" content=\"article\" \/>\n<meta property=\"og:title\" content=\"Cisjordanie occup\u00e9e\u00a0: Deux Palestiniens tomb\u00e9s en martyr - La Sentinelle\" \/>\n<meta property=\"og:description\" content=\"Deux Palestiniens sont tomb\u00e9s en martyr hier \u00e0 Tulkarem, en Cisjordanie occup\u00e9e, a annonc\u00e9 le minist\u00e8re de la Sant\u00e9 palestinien.\" \/>\n<meta property=\"og:url\" content=\"https:\/\/lasentinelle.dz\/index.php\/2023\/05\/06\/cisjordanie-occupee-deux-palestiniens-tombes-en-martyr\/\" \/>\n<meta property=\"og:site_name\" content=\"La Sentinelle\" \/>\n<meta property=\"article:publisher\" content=\"https:\/\/www.facebook.com\/La-Sentinelle-104059864394773\" \/>\n<meta property=\"article:published_time\" content=\"2023-05-06T21:00:00+00:00\" \/>\n<meta property=\"og:image\" content=\"https:\/\/lasentinelle.dz\/wp-content\/uploads\/2023\/05\/image_2023-05-06_173253383.png\" \/>\n\t<meta property=\"og:image:width\" content=\"1178\" \/>\n\t<meta property=\"og:image:height\" content=\"884\" \/>\n\t<meta property=\"og:image:type\" content=\"image\/png\" \/>\n<meta name=\"author\" content=\"La Sentinelle\" \/>\n<meta name=\"twitter:card\" content=\"summary_large_image\" \/>\n<meta name=\"twitter:label1\" content=\"\u00c9crit par\" \/>\n\t<meta name=\"twitter:data1\" content=\"La Sentinelle\" \/>\n\t<meta name=\"twitter:label2\" content=\"Dur\u00e9e de lecture estim\u00e9e\" \/>\n\t<meta name=\"twitter:data2\" content=\"2 minutes\" \/>\n<script type=\"application\/ld+json\" class=\"yoast-schema-graph\">{\"@context\":\"https:\\\/\\\/schema.org\",\"@graph\":[{\"@type\":\"Article\",\"@id\":\"https:\\\/\\\/lasentinelle.dz\\\/index.php\\\/2023\\\/05\\\/06\\\/cisjordanie-occupee-deux-palestiniens-tombes-en-martyr\\\/#article\",\"isPartOf\":{\"@id\":\"https:\\\/\\\/lasentinelle.dz\\\/index.php\\\/2023\\\/05\\\/06\\\/cisjordanie-occupee-deux-palestiniens-tombes-en-martyr\\\/\"},\"author\":{\"name\":\"La Sentinelle\",\"@id\":\"https:\\\/\\\/lasentinelle.dz\\\/#\\\/schema\\\/person\\\/d865044e22e70a75174ce8bcad3acfb3\"},\"headline\":\"Cisjordanie occup\u00e9e\u00a0: Deux Palestiniens tomb\u00e9s en martyr\",\"datePublished\":\"2023-05-06T21:00:00+00:00\",\"mainEntityOfPage\":{\"@id\":\"https:\\\/\\\/lasentinelle.dz\\\/index.php\\\/2023\\\/05\\\/06\\\/cisjordanie-occupee-deux-palestiniens-tombes-en-martyr\\\/\"},\"wordCount\":379,\"commentCount\":0,\"publisher\":{\"@id\":\"https:\\\/\\\/lasentinelle.dz\\\/#organization\"},\"image\":{\"@id\":\"https:\\\/\\\/lasentinelle.dz\\\/index.php\\\/2023\\\/05\\\/06\\\/cisjordanie-occupee-deux-palestiniens-tombes-en-martyr\\\/#primaryimage\"},\"thumbnailUrl\":\"https:\\\/\\\/lasentinelle.dz\\\/wp-content\\\/uploads\\\/2023\\\/05\\\/image_2023-05-06_173253383.png\",\"articleSection\":[\"Monde\"],\"inLanguage\":\"fr-FR\",\"potentialAction\":[{\"@type\":\"CommentAction\",\"name\":\"Comment\",\"target\":[\"https:\\\/\\\/lasentinelle.dz\\\/index.php\\\/2023\\\/05\\\/06\\\/cisjordanie-occupee-deux-palestiniens-tombes-en-martyr\\\/#respond\"]}]},{\"@type\":\"WebPage\",\"@id\":\"https:\\\/\\\/lasentinelle.dz\\\/index.php\\\/2023\\\/05\\\/06\\\/cisjordanie-occupee-deux-palestiniens-tombes-en-martyr\\\/\",\"url\":\"https:\\\/\\\/lasentinelle.dz\\\/index.php\\\/2023\\\/05\\\/06\\\/cisjordanie-occupee-deux-palestiniens-tombes-en-martyr\\\/\",\"name\":\"Cisjordanie occup\u00e9e\u00a0: Deux Palestiniens tomb\u00e9s en martyr - La Sentinelle\",\"isPartOf\":{\"@id\":\"https:\\\/\\\/lasentinelle.dz\\\/#website\"},\"primaryImageOfPage\":{\"@id\":\"https:\\\/\\\/lasentinelle.dz\\\/index.php\\\/2023\\\/05\\\/06\\\/cisjordanie-occupee-deux-palestiniens-tombes-en-martyr\\\/#primaryimage\"},\"image\":{\"@id\":\"https:\\\/\\\/lasentinelle.dz\\\/index.php\\\/2023\\\/05\\\/06\\\/cisjordanie-occupee-deux-palestiniens-tombes-en-martyr\\\/#primaryimage\"},\"thumbnailUrl\":\"https:\\\/\\\/lasentinelle.dz\\\/wp-content\\\/uploads\\\/2023\\\/05\\\/image_2023-05-06_173253383.png\",\"datePublished\":\"2023-05-06T21:00:00+00:00\",\"breadcrumb\":{\"@id\":\"https:\\\/\\\/lasentinelle.dz\\\/index.php\\\/2023\\\/05\\\/06\\\/cisjordanie-occupee-deux-palestiniens-tombes-en-martyr\\\/#breadcrumb\"},\"inLanguage\":\"fr-FR\",\"potentialAction\":[{\"@type\":\"ReadAction\",\"target\":[\"https:\\\/\\\/lasentinelle.dz\\\/index.php\\\/2023\\\/05\\\/06\\\/cisjordanie-occupee-deux-palestiniens-tombes-en-martyr\\\/\"]}]},{\"@type\":\"ImageObject\",\"inLanguage\":\"fr-FR\",\"@id\":\"https:\\\/\\\/lasentinelle.dz\\\/index.php\\\/2023\\\/05\\\/06\\\/cisjordanie-occupee-deux-palestiniens-tombes-en-martyr\\\/#primaryimage\",\"url\":\"https:\\\/\\\/lasentinelle.dz\\\/wp-content\\\/uploads\\\/2023\\\/05\\\/image_2023-05-06_173253383.png\",\"contentUrl\":\"https:\\\/\\\/lasentinelle.dz\\\/wp-content\\\/uploads\\\/2023\\\/05\\\/image_2023-05-06_173253383.png\",\"width\":1178,\"height\":884},{\"@type\":\"BreadcrumbList\",\"@id\":\"https:\\\/\\\/lasentinelle.dz\\\/index.php\\\/2023\\\/05\\\/06\\\/cisjordanie-occupee-deux-palestiniens-tombes-en-martyr\\\/#breadcrumb\",\"itemListElement\":[{\"@type\":\"ListItem\",\"position\":1,\"name\":\"Accueil\",\"item\":\"https:\\\/\\\/lasentinelle.dz\\\/\"},{\"@type\":\"ListItem\",\"position\":2,\"name\":\"Cisjordanie occup\u00e9e\u00a0: Deux Palestiniens tomb\u00e9s en martyr\"}]},{\"@type\":\"WebSite\",\"@id\":\"https:\\\/\\\/lasentinelle.dz\\\/#website\",\"url\":\"https:\\\/\\\/lasentinelle.dz\\\/\",\"name\":\"La Sentinelle\",\"description\":\"Quotidien national d&#039;information\",\"publisher\":{\"@id\":\"https:\\\/\\\/lasentinelle.dz\\\/#organization\"},\"potentialAction\":[{\"@type\":\"SearchAction\",\"target\":{\"@type\":\"EntryPoint\",\"urlTemplate\":\"https:\\\/\\\/lasentinelle.dz\\\/?s={search_term_string}\"},\"query-input\":{\"@type\":\"PropertyValueSpecification\",\"valueRequired\":true,\"valueName\":\"search_term_string\"}}],\"inLanguage\":\"fr-FR\"},{\"@type\":\"Organization\",\"@id\":\"https:\\\/\\\/lasentinelle.dz\\\/#organization\",\"name\":\"Quotidien La Sentinelle\",\"url\":\"https:\\\/\\\/lasentinelle.dz\\\/\",\"logo\":{\"@type\":\"ImageObject\",\"inLanguage\":\"fr-FR\",\"@id\":\"https:\\\/\\\/lasentinelle.dz\\\/#\\\/schema\\\/logo\\\/image\\\/\",\"url\":\"https:\\\/\\\/lasentinelle.dz\\\/wp-content\\\/uploads\\\/2021\\\/09\\\/logo-sentinelleSLOGAN-1.png\",\"contentUrl\":\"https:\\\/\\\/lasentinelle.dz\\\/wp-content\\\/uploads\\\/2021\\\/09\\\/logo-sentinelleSLOGAN-1.png\",\"width\":615,\"height\":142,\"caption\":\"Quotidien La Sentinelle\"},\"image\":{\"@id\":\"https:\\\/\\\/lasentinelle.dz\\\/#\\\/schema\\\/logo\\\/image\\\/\"},\"sameAs\":[\"https:\\\/\\\/www.facebook.com\\\/La-Sentinelle-104059864394773\"]},{\"@type\":\"Person\",\"@id\":\"https:\\\/\\\/lasentinelle.dz\\\/#\\\/schema\\\/person\\\/d865044e22e70a75174ce8bcad3acfb3\",\"name\":\"La Sentinelle\",\"image\":{\"@type\":\"ImageObject\",\"inLanguage\":\"fr-FR\",\"@id\":\"https:\\\/\\\/secure.gravatar.com\\\/avatar\\\/57de8e5d4b15d43fb361a71fbb36338450fe67865b528a43dd10ef7c51a20392?s=96&d=mm&r=g\",\"url\":\"https:\\\/\\\/secure.gravatar.com\\\/avatar\\\/57de8e5d4b15d43fb361a71fbb36338450fe67865b528a43dd10ef7c51a20392?s=96&d=mm&r=g\",\"contentUrl\":\"https:\\\/\\\/secure.gravatar.com\\\/avatar\\\/57de8e5d4b15d43fb361a71fbb36338450fe67865b528a43dd10ef7c51a20392?s=96&d=mm&r=g\",\"caption\":\"La Sentinelle\"},\"sameAs\":[\"http:\\\/\\\/www.lasentinelle.dz\"],\"url\":\"https:\\\/\\\/lasentinelle.dz\\\/author\\\/redaction\\\/\"}]}<\/script>\n<!-- \/ Yoast SEO plugin. -->","yoast_head_json":{"title":"Cisjordanie occup\u00e9e\u00a0: Deux Palestiniens tomb\u00e9s en martyr - La Sentinelle","robots":{"index":"index","follow":"follow","max-snippet":"max-snippet:-1","max-image-preview":"max-image-preview:large","max-video-preview":"max-video-preview:-1"},"canonical":"https:\/\/lasentinelle.dz\/index.php\/2023\/05\/06\/cisjordanie-occupee-deux-palestiniens-tombes-en-martyr\/","og_locale":"fr_FR","og_type":"article","og_title":"Cisjordanie occup\u00e9e\u00a0: Deux Palestiniens tomb\u00e9s en martyr - La Sentinelle","og_description":"Deux Palestiniens sont tomb\u00e9s en martyr hier \u00e0 Tulkarem, en Cisjordanie occup\u00e9e, a annonc\u00e9 le minist\u00e8re de la Sant\u00e9 palestinien.","og_url":"https:\/\/lasentinelle.dz\/index.php\/2023\/05\/06\/cisjordanie-occupee-deux-palestiniens-tombes-en-martyr\/","og_site_name":"La Sentinelle","article_publisher":"https:\/\/www.facebook.com\/La-Sentinelle-104059864394773","article_published_time":"2023-05-06T21:00:00+00:00","og_image":[{"width":1178,"height":884,"url":"https:\/\/lasentinelle.dz\/wp-content\/uploads\/2023\/05\/image_2023-05-06_173253383.png","type":"image\/png"}],"author":"La Sentinelle","twitter_card":"summary_large_image","twitter_misc":{"\u00c9crit par":"La Sentinelle","Dur\u00e9e de lecture estim\u00e9e":"2 minutes"},"schema":{"@context":"https:\/\/schema.org","@graph":[{"@type":"Article","@id":"https:\/\/lasentinelle.dz\/index.php\/2023\/05\/06\/cisjordanie-occupee-deux-palestiniens-tombes-en-martyr\/#article","isPartOf":{"@id":"https:\/\/lasentinelle.dz\/index.php\/2023\/05\/06\/cisjordanie-occupee-deux-palestiniens-tombes-en-martyr\/"},"author":{"name":"La Sentinelle","@id":"https:\/\/lasentinelle.dz\/#\/schema\/person\/d865044e22e70a75174ce8bcad3acfb3"},"headline":"Cisjordanie occup\u00e9e\u00a0: Deux Palestiniens tomb\u00e9s en martyr","datePublished":"2023-05-06T21:00:00+00:00","mainEntityOfPage":{"@id":"https:\/\/lasentinelle.dz\/index.php\/2023\/05\/06\/cisjordanie-occupee-deux-palestiniens-tombes-en-martyr\/"},"wordCount":379,"commentCount":0,"publisher":{"@id":"https:\/\/lasentinelle.dz\/#organization"},"image":{"@id":"https:\/\/lasentinelle.dz\/index.php\/2023\/05\/06\/cisjordanie-occupee-deux-palestiniens-tombes-en-martyr\/#primaryimage"},"thumbnailUrl":"https:\/\/lasentinelle.dz\/wp-content\/uploads\/2023\/05\/image_2023-05-06_173253383.png","articleSection":["Monde"],"inLanguage":"fr-FR","potentialAction":[{"@type":"CommentAction","name":"Comment","target":["https:\/\/lasentinelle.dz\/index.php\/2023\/05\/06\/cisjordanie-occupee-deux-palestiniens-tombes-en-martyr\/#respond"]}]},{"@type":"WebPage","@id":"https:\/\/lasentinelle.dz\/index.php\/2023\/05\/06\/cisjordanie-occupee-deux-palestiniens-tombes-en-martyr\/","url":"https:\/\/lasentinelle.dz\/index.php\/2023\/05\/06\/cisjordanie-occupee-deux-palestiniens-tombes-en-martyr\/","name":"Cisjordanie occup\u00e9e\u00a0: Deux Palestiniens tomb\u00e9s en martyr - La Sentinelle","isPartOf":{"@id":"https:\/\/lasentinelle.dz\/#website"},"primaryImageOfPage":{"@id":"https:\/\/lasentinelle.dz\/index.php\/2023\/05\/06\/cisjordanie-occupee-deux-palestiniens-tombes-en-martyr\/#primaryimage"},"image":{"@id":"https:\/\/lasentinelle.dz\/index.php\/2023\/05\/06\/cisjordanie-occupee-deux-palestiniens-tombes-en-martyr\/#primaryimage"},"thumbnailUrl":"https:\/\/lasentinelle.dz\/wp-content\/uploads\/2023\/05\/image_2023-05-06_173253383.png","datePublished":"2023-05-06T21:00:00+00:00","breadcrumb":{"@id":"https:\/\/lasentinelle.dz\/index.php\/2023\/05\/06\/cisjordanie-occupee-deux-palestiniens-tombes-en-martyr\/#breadcrumb"},"inLanguage":"fr-FR","potentialAction":[{"@type":"ReadAction","target":["https:\/\/lasentinelle.dz\/index.php\/2023\/05\/06\/cisjordanie-occupee-deux-palestiniens-tombes-en-martyr\/"]}]},{"@type":"ImageObject","inLanguage":"fr-FR","@id":"https:\/\/lasentinelle.dz\/index.php\/2023\/05\/06\/cisjordanie-occupee-deux-palestiniens-tombes-en-martyr\/#primaryimage","url":"https:\/\/lasentinelle.dz\/wp-content\/uploads\/2023\/05\/image_2023-05-06_173253383.png","contentUrl":"https:\/\/lasentinelle.dz\/wp-content\/uploads\/2023\/05\/image_2023-05-06_173253383.png","width":1178,"height":884},{"@type":"BreadcrumbList","@id":"https:\/\/lasentinelle.dz\/index.php\/2023\/05\/06\/cisjordanie-occupee-deux-palestiniens-tombes-en-martyr\/#breadcrumb","itemListElement":[{"@type":"ListItem","position":1,"name":"Accueil","item":"https:\/\/lasentinelle.dz\/"},{"@type":"ListItem","position":2,"name":"Cisjordanie occup\u00e9e\u00a0: Deux Palestiniens tomb\u00e9s en martyr"}]},{"@type":"WebSite","@id":"https:\/\/lasentinelle.dz\/#website","url":"https:\/\/lasentinelle.dz\/","name":"La Sentinelle","description":"Quotidien national d&#039;information","publisher":{"@id":"https:\/\/lasentinelle.dz\/#organization"},"potentialAction":[{"@type":"SearchAction","target":{"@type":"EntryPoint","urlTemplate":"https:\/\/lasentinelle.dz\/?s={search_term_string}"},"query-input":{"@type":"PropertyValueSpecification","valueRequired":true,"valueName":"search_term_string"}}],"inLanguage":"fr-FR"},{"@type":"Organization","@id":"https:\/\/lasentinelle.dz\/#organization","name":"Quotidien La Sentinelle","url":"https:\/\/lasentinelle.dz\/","logo":{"@type":"ImageObject","inLanguage":"fr-FR","@id":"https:\/\/lasentinelle.dz\/#\/schema\/logo\/image\/","url":"https:\/\/lasentinelle.dz\/wp-content\/uploads\/2021\/09\/logo-sentinelleSLOGAN-1.png","contentUrl":"https:\/\/lasentinelle.dz\/wp-content\/uploads\/2021\/09\/logo-sentinelleSLOGAN-1.png","width":615,"height":142,"caption":"Quotidien La Sentinelle"},"image":{"@id":"https:\/\/lasentinelle.dz\/#\/schema\/logo\/image\/"},"sameAs":["https:\/\/www.facebook.com\/La-Sentinelle-104059864394773"]},{"@type":"Person","@id":"https:\/\/lasentinelle.dz\/#\/schema\/person\/d865044e22e70a75174ce8bcad3acfb3","name":"La Sentinelle","image":{"@type":"ImageObject","inLanguage":"fr-FR","@id":"https:\/\/secure.gravatar.com\/avatar\/57de8e5d4b15d43fb361a71fbb36338450fe67865b528a43dd10ef7c51a20392?s=96&d=mm&r=g","url":"https:\/\/secure.gravatar.com\/avatar\/57de8e5d4b15d43fb361a71fbb36338450fe67865b528a43dd10ef7c51a20392?s=96&d=mm&r=g","contentUrl":"https:\/\/secure.gravatar.com\/avatar\/57de8e5d4b15d43fb361a71fbb36338450fe67865b528a43dd10ef7c51a20392?s=96&d=mm&r=g","caption":"La Sentinelle"},"sameAs":["http:\/\/www.lasentinelle.dz"],"url":"https:\/\/lasentinelle.dz\/author\/redaction\/"}]}},"_links":{"self":[{"href":"https:\/\/lasentinelle.dz\/index.php\/wp-json\/wp\/v2\/posts\/40532","targetHints":{"allow":["GET"]}}],"collection":[{"href":"https:\/\/lasentinelle.dz\/index.php\/wp-json\/wp\/v2\/posts"}],"about":[{"href":"https:\/\/lasentinelle.dz\/index.php\/wp-json\/wp\/v2\/types\/post"}],"author":[{"embeddable":true,"href":"https:\/\/lasentinelle.dz\/index.php\/wp-json\/wp\/v2\/users\/3"}],"replies":[{"embeddable":true,"href":"https:\/\/lasentinelle.dz\/index.php\/wp-json\/wp\/v2\/comments?post=40532"}],"version-history":[{"count":1,"href":"https:\/\/lasentinelle.dz\/index.php\/wp-json\/wp\/v2\/posts\/40532\/revisions"}],"predecessor-version":[{"id":40538,"href":"https:\/\/lasentinelle.dz\/index.php\/wp-json\/wp\/v2\/posts\/40532\/revisions\/40538"}],"wp:featuredmedia":[{"embeddable":true,"href":"https:\/\/lasentinelle.dz\/index.php\/wp-json\/wp\/v2\/media\/40537"}],"wp:attachment":[{"href":"https:\/\/lasentinelle.dz\/index.php\/wp-json\/wp\/v2\/media?parent=40532"}],"wp:term":[{"taxonomy":"category","embeddable":true,"href":"https:\/\/lasentinelle.dz\/index.php\/wp-json\/wp\/v2\/categories?post=40532"},{"taxonomy":"post_tag","embeddable":true,"href":"https:\/\/lasentinelle.dz\/index.php\/wp-json\/wp\/v2\/tags?post=40532"}],"curies":[{"name":"wp","href":"https:\/\/api.w.org\/{rel}","templated":true}]}}