{"id":40548,"date":"2023-05-06T22:05:00","date_gmt":"2023-05-06T21:05:00","guid":{"rendered":"https:\/\/lasentinelle.dz\/?p=40548"},"modified":"2023-05-06T18:32:11","modified_gmt":"2023-05-06T17:32:11","slug":"fmi-la-zlecaf-augmentera-les-echanges-interafricains-de-moitie","status":"publish","type":"post","link":"https:\/\/lasentinelle.dz\/index.php\/2023\/05\/06\/fmi-la-zlecaf-augmentera-les-echanges-interafricains-de-moitie\/","title":{"rendered":"FMI\u00a0: La Zlecaf augmentera les \u00e9changes interafricains de moiti\u00e9"},"content":{"rendered":"\n<p>L\u2019activation de la Zone de libre-\u00e9change continentale africaine (ZLECAf), pourrait \u00e9galement engendrer une hausse \u00ab\u00a0de plus de 10%\u00a0\u00bb du PIB r\u00e9el m\u00e9dian par habitant, en plus d\u2019augmenter les \u00e9changes entre les pays africains de mani\u00e8re substantielle. C\u2019est d\u2019ailleurs ce que souligne un r\u00e9cent rapport du FMI. Selon le document publi\u00e9 vendredi, la ZLECAf pourrait permettre une hausse de plus de 50% des \u00e9changes commerciaux entre les pays du continent. Elle aurait \u00e9galement, une fois totalement op\u00e9rationnelle, un effet important sur les \u00e9changes commerciaux entre l&rsquo;Afrique et le reste du monde, avec une hausse des exportations de 29% et des importations de 7%. La cons\u00e9quence serait une hausse \u00ab\u00a0de plus de 10%\u00a0\u00bb du PIB r\u00e9el m\u00e9dian par habitant, souligne \u00e9galement le rapport. L&rsquo;accord de cr\u00e9ation de la ZLECAf, sign\u00e9 par l&rsquo;ensemble des pays africains, \u00e0 l&rsquo;exception de l&rsquo;Erythr\u00e9e, et ratifi\u00e9 par l&rsquo;immense majorit\u00e9 d&rsquo;entre eux, en particulier les principales \u00e9conomies du continent, telles que l&rsquo;Afrique du Sud, l&rsquo;Alg\u00e9rie, l&rsquo;Egypte, le Kenya ou encore le Nig\u00e9ria, pr\u00e9voit la suppression progressive de la quasi totalit\u00e9 des droits de douane sur cinq ans pour les pays les plus d\u00e9velopp\u00e9s et sur dix ans sur les autres. &nbsp;Le Fonds rappelle cependant qu&rsquo;afin de parvenir \u00e0 obtenir un tel impact, les Etats africains devront accompagner la mise en place de l&rsquo;accord d&rsquo;une s\u00e9rie de r\u00e9formes. \u00ab\u00a0Si la r\u00e9duction des barri\u00e8res tarifaires et non tarifaires s&rsquo;accompagne d&rsquo;une am\u00e9lioration notable du climat des affaires, les gains pour les pays seraient nettement plus \u00e9lev\u00e9s\u00a0\u00bb avec ces r\u00e9formes, insiste ainsi le rapport. La simple r\u00e9duction des barri\u00e8res, tarifaires ou non, permettra aux \u00e9changes entre pays africains de ne progresser que de 15%, avec \u00e0 la cl\u00e9 une hausse de 1,25% du PIB r\u00e9el m\u00e9dian par habitant. Afin de saisir l&rsquo;ensemble des opportunit\u00e9s, \u00ab\u00a0il faudra investir dans le capital physique et humain, cr\u00e9er un cadre robuste sur le plan macro\u00e9conomique (\u2026) et moderniser le dispositif de protection sociale afin de soutenir les plus vuln\u00e9rables pendant la phase de transition\u00a0\u00bb, insiste le rapport.<\/p>\n\n\n\n<p>R.E.<\/p>\n","protected":false},"excerpt":{"rendered":"<p>L\u2019activation de la Zone de libre-\u00e9change continentale africaine (ZLECAf), pourrait \u00e9galement engendrer une hausse \u00ab\u00a0de plus de 10%\u00a0\u00bb du PIB<\/p>\n","protected":false},"author":3,"featured_media":40561,"comment_status":"open","ping_status":"closed","sticky":false,"template":"","format":"standard","meta":{"colormag_page_container_layout":"default_layout","colormag_page_sidebar_layout":"default_layout","om_disable_all_campaigns":false,"_monsterinsights_skip_tracking":false,"_monsterinsights_sitenote_active":false,"_monsterinsights_sitenote_note":"","_monsterinsights_sitenote_category":0,"footnotes":"","_wpscppro_dont_share_socialmedia":false,"_wpscppro_custom_social_share_image":0,"_facebook_share_type":"","_twitter_share_type":"","_linkedin_share_type":"","_pinterest_share_type":"","_linkedin_share_type_page":"","_instagram_share_type":"","_medium_share_type":"","_threads_share_type":"","_google_business_share_type":"","_selected_social_profile":[],"_wpsp_enable_custom_social_template":false,"_wpsp_social_scheduling":{"enabled":false,"datetime":null,"platforms":[],"status":"template_only","dateOption":"today","timeOption":"now","customDays":"","customHours":"","customDate":"","customTime":"","schedulingType":"absolute"},"_wpsp_active_default_template":true},"categories":[29],"tags":[],"class_list":["post-40548","post","type-post","status-publish","format-standard","has-post-thumbnail","hentry","category-economie"],"aioseo_notices":[],"yoast_head":"<!-- This site is optimized with the Yoast SEO plugin v27.5 - https:\/\/yoast.com\/product\/yoast-seo-wordpress\/ -->\n<title>FMI\u00a0: La Zlecaf augmentera les \u00e9changes interafricains de moiti\u00e9 - La Sentinelle<\/title>\n<meta name=\"robots\" content=\"index, follow, max-snippet:-1, max-image-preview:large, max-video-preview:-1\" \/>\n<link rel=\"canonical\" href=\"https:\/\/lasentinelle.dz\/index.php\/2023\/05\/06\/fmi-la-zlecaf-augmentera-les-echanges-interafricains-de-moitie\/\" \/>\n<meta property=\"og:locale\" content=\"fr_FR\" \/>\n<meta property=\"og:type\" content=\"article\" \/>\n<meta property=\"og:title\" content=\"FMI\u00a0: La Zlecaf augmentera les \u00e9changes interafricains de moiti\u00e9 - La Sentinelle\" \/>\n<meta property=\"og:description\" content=\"L\u2019activation de la Zone de libre-\u00e9change continentale africaine (ZLECAf), pourrait \u00e9galement engendrer une hausse \u00ab\u00a0de plus de 10%\u00a0\u00bb du PIB\" \/>\n<meta property=\"og:url\" content=\"https:\/\/lasentinelle.dz\/index.php\/2023\/05\/06\/fmi-la-zlecaf-augmentera-les-echanges-interafricains-de-moitie\/\" \/>\n<meta property=\"og:site_name\" content=\"La Sentinelle\" \/>\n<meta property=\"article:publisher\" content=\"https:\/\/www.facebook.com\/La-Sentinelle-104059864394773\" \/>\n<meta property=\"article:published_time\" content=\"2023-05-06T21:05:00+00:00\" \/>\n<meta property=\"og:image\" content=\"https:\/\/lasentinelle.dz\/wp-content\/uploads\/2023\/05\/image_2023-05-06_183154905.png\" \/>\n\t<meta property=\"og:image:width\" content=\"612\" \/>\n\t<meta property=\"og:image:height\" content=\"298\" \/>\n\t<meta property=\"og:image:type\" content=\"image\/png\" \/>\n<meta name=\"author\" content=\"La Sentinelle\" \/>\n<meta name=\"twitter:card\" content=\"summary_large_image\" \/>\n<meta name=\"twitter:label1\" content=\"\u00c9crit par\" \/>\n\t<meta name=\"twitter:data1\" content=\"La Sentinelle\" \/>\n\t<meta name=\"twitter:label2\" content=\"Dur\u00e9e de lecture estim\u00e9e\" \/>\n\t<meta name=\"twitter:data2\" content=\"2 minutes\" \/>\n<script type=\"application\/ld+json\" class=\"yoast-schema-graph\">{\"@context\":\"https:\\\/\\\/schema.org\",\"@graph\":[{\"@type\":\"Article\",\"@id\":\"https:\\\/\\\/lasentinelle.dz\\\/index.php\\\/2023\\\/05\\\/06\\\/fmi-la-zlecaf-augmentera-les-echanges-interafricains-de-moitie\\\/#article\",\"isPartOf\":{\"@id\":\"https:\\\/\\\/lasentinelle.dz\\\/index.php\\\/2023\\\/05\\\/06\\\/fmi-la-zlecaf-augmentera-les-echanges-interafricains-de-moitie\\\/\"},\"author\":{\"name\":\"La Sentinelle\",\"@id\":\"https:\\\/\\\/lasentinelle.dz\\\/#\\\/schema\\\/person\\\/d865044e22e70a75174ce8bcad3acfb3\"},\"headline\":\"FMI\u00a0: La Zlecaf augmentera les \u00e9changes interafricains de moiti\u00e9\",\"datePublished\":\"2023-05-06T21:05:00+00:00\",\"mainEntityOfPage\":{\"@id\":\"https:\\\/\\\/lasentinelle.dz\\\/index.php\\\/2023\\\/05\\\/06\\\/fmi-la-zlecaf-augmentera-les-echanges-interafricains-de-moitie\\\/\"},\"wordCount\":383,\"commentCount\":0,\"publisher\":{\"@id\":\"https:\\\/\\\/lasentinelle.dz\\\/#organization\"},\"image\":{\"@id\":\"https:\\\/\\\/lasentinelle.dz\\\/index.php\\\/2023\\\/05\\\/06\\\/fmi-la-zlecaf-augmentera-les-echanges-interafricains-de-moitie\\\/#primaryimage\"},\"thumbnailUrl\":\"https:\\\/\\\/lasentinelle.dz\\\/wp-content\\\/uploads\\\/2023\\\/05\\\/image_2023-05-06_183154905.png\",\"articleSection\":[\"\u00c9conomie\"],\"inLanguage\":\"fr-FR\",\"potentialAction\":[{\"@type\":\"CommentAction\",\"name\":\"Comment\",\"target\":[\"https:\\\/\\\/lasentinelle.dz\\\/index.php\\\/2023\\\/05\\\/06\\\/fmi-la-zlecaf-augmentera-les-echanges-interafricains-de-moitie\\\/#respond\"]}]},{\"@type\":\"WebPage\",\"@id\":\"https:\\\/\\\/lasentinelle.dz\\\/index.php\\\/2023\\\/05\\\/06\\\/fmi-la-zlecaf-augmentera-les-echanges-interafricains-de-moitie\\\/\",\"url\":\"https:\\\/\\\/lasentinelle.dz\\\/index.php\\\/2023\\\/05\\\/06\\\/fmi-la-zlecaf-augmentera-les-echanges-interafricains-de-moitie\\\/\",\"name\":\"FMI\u00a0: La Zlecaf augmentera les \u00e9changes interafricains de moiti\u00e9 - La Sentinelle\",\"isPartOf\":{\"@id\":\"https:\\\/\\\/lasentinelle.dz\\\/#website\"},\"primaryImageOfPage\":{\"@id\":\"https:\\\/\\\/lasentinelle.dz\\\/index.php\\\/2023\\\/05\\\/06\\\/fmi-la-zlecaf-augmentera-les-echanges-interafricains-de-moitie\\\/#primaryimage\"},\"image\":{\"@id\":\"https:\\\/\\\/lasentinelle.dz\\\/index.php\\\/2023\\\/05\\\/06\\\/fmi-la-zlecaf-augmentera-les-echanges-interafricains-de-moitie\\\/#primaryimage\"},\"thumbnailUrl\":\"https:\\\/\\\/lasentinelle.dz\\\/wp-content\\\/uploads\\\/2023\\\/05\\\/image_2023-05-06_183154905.png\",\"datePublished\":\"2023-05-06T21:05:00+00:00\",\"breadcrumb\":{\"@id\":\"https:\\\/\\\/lasentinelle.dz\\\/index.php\\\/2023\\\/05\\\/06\\\/fmi-la-zlecaf-augmentera-les-echanges-interafricains-de-moitie\\\/#breadcrumb\"},\"inLanguage\":\"fr-FR\",\"potentialAction\":[{\"@type\":\"ReadAction\",\"target\":[\"https:\\\/\\\/lasentinelle.dz\\\/index.php\\\/2023\\\/05\\\/06\\\/fmi-la-zlecaf-augmentera-les-echanges-interafricains-de-moitie\\\/\"]}]},{\"@type\":\"ImageObject\",\"inLanguage\":\"fr-FR\",\"@id\":\"https:\\\/\\\/lasentinelle.dz\\\/index.php\\\/2023\\\/05\\\/06\\\/fmi-la-zlecaf-augmentera-les-echanges-interafricains-de-moitie\\\/#primaryimage\",\"url\":\"https:\\\/\\\/lasentinelle.dz\\\/wp-content\\\/uploads\\\/2023\\\/05\\\/image_2023-05-06_183154905.png\",\"contentUrl\":\"https:\\\/\\\/lasentinelle.dz\\\/wp-content\\\/uploads\\\/2023\\\/05\\\/image_2023-05-06_183154905.png\",\"width\":612,\"height\":298},{\"@type\":\"BreadcrumbList\",\"@id\":\"https:\\\/\\\/lasentinelle.dz\\\/index.php\\\/2023\\\/05\\\/06\\\/fmi-la-zlecaf-augmentera-les-echanges-interafricains-de-moitie\\\/#breadcrumb\",\"itemListElement\":[{\"@type\":\"ListItem\",\"position\":1,\"name\":\"Accueil\",\"item\":\"https:\\\/\\\/lasentinelle.dz\\\/\"},{\"@type\":\"ListItem\",\"position\":2,\"name\":\"FMI\u00a0: La Zlecaf augmentera les \u00e9changes interafricains de moiti\u00e9\"}]},{\"@type\":\"WebSite\",\"@id\":\"https:\\\/\\\/lasentinelle.dz\\\/#website\",\"url\":\"https:\\\/\\\/lasentinelle.dz\\\/\",\"name\":\"La Sentinelle\",\"description\":\"Quotidien national d&#039;information\",\"publisher\":{\"@id\":\"https:\\\/\\\/lasentinelle.dz\\\/#organization\"},\"potentialAction\":[{\"@type\":\"SearchAction\",\"target\":{\"@type\":\"EntryPoint\",\"urlTemplate\":\"https:\\\/\\\/lasentinelle.dz\\\/?s={search_term_string}\"},\"query-input\":{\"@type\":\"PropertyValueSpecification\",\"valueRequired\":true,\"valueName\":\"search_term_string\"}}],\"inLanguage\":\"fr-FR\"},{\"@type\":\"Organization\",\"@id\":\"https:\\\/\\\/lasentinelle.dz\\\/#organization\",\"name\":\"Quotidien La Sentinelle\",\"url\":\"https:\\\/\\\/lasentinelle.dz\\\/\",\"logo\":{\"@type\":\"ImageObject\",\"inLanguage\":\"fr-FR\",\"@id\":\"https:\\\/\\\/lasentinelle.dz\\\/#\\\/schema\\\/logo\\\/image\\\/\",\"url\":\"https:\\\/\\\/lasentinelle.dz\\\/wp-content\\\/uploads\\\/2021\\\/09\\\/logo-sentinelleSLOGAN-1.png\",\"contentUrl\":\"https:\\\/\\\/lasentinelle.dz\\\/wp-content\\\/uploads\\\/2021\\\/09\\\/logo-sentinelleSLOGAN-1.png\",\"width\":615,\"height\":142,\"caption\":\"Quotidien La Sentinelle\"},\"image\":{\"@id\":\"https:\\\/\\\/lasentinelle.dz\\\/#\\\/schema\\\/logo\\\/image\\\/\"},\"sameAs\":[\"https:\\\/\\\/www.facebook.com\\\/La-Sentinelle-104059864394773\"]},{\"@type\":\"Person\",\"@id\":\"https:\\\/\\\/lasentinelle.dz\\\/#\\\/schema\\\/person\\\/d865044e22e70a75174ce8bcad3acfb3\",\"name\":\"La Sentinelle\",\"image\":{\"@type\":\"ImageObject\",\"inLanguage\":\"fr-FR\",\"@id\":\"https:\\\/\\\/secure.gravatar.com\\\/avatar\\\/57de8e5d4b15d43fb361a71fbb36338450fe67865b528a43dd10ef7c51a20392?s=96&d=mm&r=g\",\"url\":\"https:\\\/\\\/secure.gravatar.com\\\/avatar\\\/57de8e5d4b15d43fb361a71fbb36338450fe67865b528a43dd10ef7c51a20392?s=96&d=mm&r=g\",\"contentUrl\":\"https:\\\/\\\/secure.gravatar.com\\\/avatar\\\/57de8e5d4b15d43fb361a71fbb36338450fe67865b528a43dd10ef7c51a20392?s=96&d=mm&r=g\",\"caption\":\"La Sentinelle\"},\"sameAs\":[\"http:\\\/\\\/www.lasentinelle.dz\"],\"url\":\"https:\\\/\\\/lasentinelle.dz\\\/author\\\/redaction\\\/\"}]}<\/script>\n<!-- \/ Yoast SEO plugin. -->","yoast_head_json":{"title":"FMI\u00a0: La Zlecaf augmentera les \u00e9changes interafricains de moiti\u00e9 - La Sentinelle","robots":{"index":"index","follow":"follow","max-snippet":"max-snippet:-1","max-image-preview":"max-image-preview:large","max-video-preview":"max-video-preview:-1"},"canonical":"https:\/\/lasentinelle.dz\/index.php\/2023\/05\/06\/fmi-la-zlecaf-augmentera-les-echanges-interafricains-de-moitie\/","og_locale":"fr_FR","og_type":"article","og_title":"FMI\u00a0: La Zlecaf augmentera les \u00e9changes interafricains de moiti\u00e9 - La Sentinelle","og_description":"L\u2019activation de la Zone de libre-\u00e9change continentale africaine (ZLECAf), pourrait \u00e9galement engendrer une hausse \u00ab\u00a0de plus de 10%\u00a0\u00bb du PIB","og_url":"https:\/\/lasentinelle.dz\/index.php\/2023\/05\/06\/fmi-la-zlecaf-augmentera-les-echanges-interafricains-de-moitie\/","og_site_name":"La Sentinelle","article_publisher":"https:\/\/www.facebook.com\/La-Sentinelle-104059864394773","article_published_time":"2023-05-06T21:05:00+00:00","og_image":[{"width":612,"height":298,"url":"https:\/\/lasentinelle.dz\/wp-content\/uploads\/2023\/05\/image_2023-05-06_183154905.png","type":"image\/png"}],"author":"La Sentinelle","twitter_card":"summary_large_image","twitter_misc":{"\u00c9crit par":"La Sentinelle","Dur\u00e9e de lecture estim\u00e9e":"2 minutes"},"schema":{"@context":"https:\/\/schema.org","@graph":[{"@type":"Article","@id":"https:\/\/lasentinelle.dz\/index.php\/2023\/05\/06\/fmi-la-zlecaf-augmentera-les-echanges-interafricains-de-moitie\/#article","isPartOf":{"@id":"https:\/\/lasentinelle.dz\/index.php\/2023\/05\/06\/fmi-la-zlecaf-augmentera-les-echanges-interafricains-de-moitie\/"},"author":{"name":"La Sentinelle","@id":"https:\/\/lasentinelle.dz\/#\/schema\/person\/d865044e22e70a75174ce8bcad3acfb3"},"headline":"FMI\u00a0: La Zlecaf augmentera les \u00e9changes interafricains de moiti\u00e9","datePublished":"2023-05-06T21:05:00+00:00","mainEntityOfPage":{"@id":"https:\/\/lasentinelle.dz\/index.php\/2023\/05\/06\/fmi-la-zlecaf-augmentera-les-echanges-interafricains-de-moitie\/"},"wordCount":383,"commentCount":0,"publisher":{"@id":"https:\/\/lasentinelle.dz\/#organization"},"image":{"@id":"https:\/\/lasentinelle.dz\/index.php\/2023\/05\/06\/fmi-la-zlecaf-augmentera-les-echanges-interafricains-de-moitie\/#primaryimage"},"thumbnailUrl":"https:\/\/lasentinelle.dz\/wp-content\/uploads\/2023\/05\/image_2023-05-06_183154905.png","articleSection":["\u00c9conomie"],"inLanguage":"fr-FR","potentialAction":[{"@type":"CommentAction","name":"Comment","target":["https:\/\/lasentinelle.dz\/index.php\/2023\/05\/06\/fmi-la-zlecaf-augmentera-les-echanges-interafricains-de-moitie\/#respond"]}]},{"@type":"WebPage","@id":"https:\/\/lasentinelle.dz\/index.php\/2023\/05\/06\/fmi-la-zlecaf-augmentera-les-echanges-interafricains-de-moitie\/","url":"https:\/\/lasentinelle.dz\/index.php\/2023\/05\/06\/fmi-la-zlecaf-augmentera-les-echanges-interafricains-de-moitie\/","name":"FMI\u00a0: La Zlecaf augmentera les \u00e9changes interafricains de moiti\u00e9 - La Sentinelle","isPartOf":{"@id":"https:\/\/lasentinelle.dz\/#website"},"primaryImageOfPage":{"@id":"https:\/\/lasentinelle.dz\/index.php\/2023\/05\/06\/fmi-la-zlecaf-augmentera-les-echanges-interafricains-de-moitie\/#primaryimage"},"image":{"@id":"https:\/\/lasentinelle.dz\/index.php\/2023\/05\/06\/fmi-la-zlecaf-augmentera-les-echanges-interafricains-de-moitie\/#primaryimage"},"thumbnailUrl":"https:\/\/lasentinelle.dz\/wp-content\/uploads\/2023\/05\/image_2023-05-06_183154905.png","datePublished":"2023-05-06T21:05:00+00:00","breadcrumb":{"@id":"https:\/\/lasentinelle.dz\/index.php\/2023\/05\/06\/fmi-la-zlecaf-augmentera-les-echanges-interafricains-de-moitie\/#breadcrumb"},"inLanguage":"fr-FR","potentialAction":[{"@type":"ReadAction","target":["https:\/\/lasentinelle.dz\/index.php\/2023\/05\/06\/fmi-la-zlecaf-augmentera-les-echanges-interafricains-de-moitie\/"]}]},{"@type":"ImageObject","inLanguage":"fr-FR","@id":"https:\/\/lasentinelle.dz\/index.php\/2023\/05\/06\/fmi-la-zlecaf-augmentera-les-echanges-interafricains-de-moitie\/#primaryimage","url":"https:\/\/lasentinelle.dz\/wp-content\/uploads\/2023\/05\/image_2023-05-06_183154905.png","contentUrl":"https:\/\/lasentinelle.dz\/wp-content\/uploads\/2023\/05\/image_2023-05-06_183154905.png","width":612,"height":298},{"@type":"BreadcrumbList","@id":"https:\/\/lasentinelle.dz\/index.php\/2023\/05\/06\/fmi-la-zlecaf-augmentera-les-echanges-interafricains-de-moitie\/#breadcrumb","itemListElement":[{"@type":"ListItem","position":1,"name":"Accueil","item":"https:\/\/lasentinelle.dz\/"},{"@type":"ListItem","position":2,"name":"FMI\u00a0: La Zlecaf augmentera les \u00e9changes interafricains de moiti\u00e9"}]},{"@type":"WebSite","@id":"https:\/\/lasentinelle.dz\/#website","url":"https:\/\/lasentinelle.dz\/","name":"La Sentinelle","description":"Quotidien national d&#039;information","publisher":{"@id":"https:\/\/lasentinelle.dz\/#organization"},"potentialAction":[{"@type":"SearchAction","target":{"@type":"EntryPoint","urlTemplate":"https:\/\/lasentinelle.dz\/?s={search_term_string}"},"query-input":{"@type":"PropertyValueSpecification","valueRequired":true,"valueName":"search_term_string"}}],"inLanguage":"fr-FR"},{"@type":"Organization","@id":"https:\/\/lasentinelle.dz\/#organization","name":"Quotidien La Sentinelle","url":"https:\/\/lasentinelle.dz\/","logo":{"@type":"ImageObject","inLanguage":"fr-FR","@id":"https:\/\/lasentinelle.dz\/#\/schema\/logo\/image\/","url":"https:\/\/lasentinelle.dz\/wp-content\/uploads\/2021\/09\/logo-sentinelleSLOGAN-1.png","contentUrl":"https:\/\/lasentinelle.dz\/wp-content\/uploads\/2021\/09\/logo-sentinelleSLOGAN-1.png","width":615,"height":142,"caption":"Quotidien La Sentinelle"},"image":{"@id":"https:\/\/lasentinelle.dz\/#\/schema\/logo\/image\/"},"sameAs":["https:\/\/www.facebook.com\/La-Sentinelle-104059864394773"]},{"@type":"Person","@id":"https:\/\/lasentinelle.dz\/#\/schema\/person\/d865044e22e70a75174ce8bcad3acfb3","name":"La Sentinelle","image":{"@type":"ImageObject","inLanguage":"fr-FR","@id":"https:\/\/secure.gravatar.com\/avatar\/57de8e5d4b15d43fb361a71fbb36338450fe67865b528a43dd10ef7c51a20392?s=96&d=mm&r=g","url":"https:\/\/secure.gravatar.com\/avatar\/57de8e5d4b15d43fb361a71fbb36338450fe67865b528a43dd10ef7c51a20392?s=96&d=mm&r=g","contentUrl":"https:\/\/secure.gravatar.com\/avatar\/57de8e5d4b15d43fb361a71fbb36338450fe67865b528a43dd10ef7c51a20392?s=96&d=mm&r=g","caption":"La Sentinelle"},"sameAs":["http:\/\/www.lasentinelle.dz"],"url":"https:\/\/lasentinelle.dz\/author\/redaction\/"}]}},"_links":{"self":[{"href":"https:\/\/lasentinelle.dz\/index.php\/wp-json\/wp\/v2\/posts\/40548","targetHints":{"allow":["GET"]}}],"collection":[{"href":"https:\/\/lasentinelle.dz\/index.php\/wp-json\/wp\/v2\/posts"}],"about":[{"href":"https:\/\/lasentinelle.dz\/index.php\/wp-json\/wp\/v2\/types\/post"}],"author":[{"embeddable":true,"href":"https:\/\/lasentinelle.dz\/index.php\/wp-json\/wp\/v2\/users\/3"}],"replies":[{"embeddable":true,"href":"https:\/\/lasentinelle.dz\/index.php\/wp-json\/wp\/v2\/comments?post=40548"}],"version-history":[{"count":1,"href":"https:\/\/lasentinelle.dz\/index.php\/wp-json\/wp\/v2\/posts\/40548\/revisions"}],"predecessor-version":[{"id":40562,"href":"https:\/\/lasentinelle.dz\/index.php\/wp-json\/wp\/v2\/posts\/40548\/revisions\/40562"}],"wp:featuredmedia":[{"embeddable":true,"href":"https:\/\/lasentinelle.dz\/index.php\/wp-json\/wp\/v2\/media\/40561"}],"wp:attachment":[{"href":"https:\/\/lasentinelle.dz\/index.php\/wp-json\/wp\/v2\/media?parent=40548"}],"wp:term":[{"taxonomy":"category","embeddable":true,"href":"https:\/\/lasentinelle.dz\/index.php\/wp-json\/wp\/v2\/categories?post=40548"},{"taxonomy":"post_tag","embeddable":true,"href":"https:\/\/lasentinelle.dz\/index.php\/wp-json\/wp\/v2\/tags?post=40548"}],"curies":[{"name":"wp","href":"https:\/\/api.w.org\/{rel}","templated":true}]}}