{"id":40608,"date":"2023-05-07T22:08:00","date_gmt":"2023-05-07T21:08:00","guid":{"rendered":"https:\/\/lasentinelle.dz\/?p=40608"},"modified":"2023-05-07T19:59:58","modified_gmt":"2023-05-07T18:59:58","slug":"dimportants-investissements-annonces-dans-le-stockage-et-la-distribution-de-produits-agricoles-un-plan-pour-mettre-fin-aux-tensions-sur-le-marche","status":"publish","type":"post","link":"https:\/\/lasentinelle.dz\/index.php\/2023\/05\/07\/dimportants-investissements-annonces-dans-le-stockage-et-la-distribution-de-produits-agricoles-un-plan-pour-mettre-fin-aux-tensions-sur-le-marche\/","title":{"rendered":"D\u2019importants investissements annonc\u00e9s dans le stockage et la distribution de produits agricoles\u00a0: Un plan pour mettre fin aux tensions sur le march\u00e9"},"content":{"rendered":"\n<p>D\u2019importants investissements sont projet\u00e9s pour la r\u00e9alisation d\u2019infrastructures de stockage et de distribution de produits agricoles frais, dans la finalit\u00e9 de rem\u00e9dier aux probl\u00e8mes d\u2019approvisionnement du march\u00e9.<\/p>\n\n\n\n<p>Les prix des produits agricoles frais connaissent une hausse continue, malgr\u00e9 l\u2019abondance de la production. Une hausse attribu\u00e9e aux probl\u00e8mes de stockage, de distribution et donc d\u2019approvisionnement du march\u00e9. C\u2019est dans l\u2019objectif de r\u00e9pondre \u00e0 ces probl\u00e9matiques que le pr\u00e9sident de la R\u00e9publique a donn\u00e9, au cours de la derni\u00e8re r\u00e9union du Conseil des ministres, des instructions pour la cr\u00e9ation d\u2019un office charg\u00e9 de l\u2019achat aupr\u00e8s des agriculteurs, de toutes les r\u00e9coltes agricoles de large consommation, fruits et l\u00e9gumes compris, pouvant \u00eatre stock\u00e9es, comme l\u2019oignon, l\u2019ail et la pomme de terre, en vue d\u2019assurer l\u2019\u00e9quilibre du march\u00e9 national. C\u2019est dans ce contexte que le minist\u00e8re de l\u2019Agriculture annonce de nouveaux investissements dans la r\u00e9alisation d\u2019infrastructures de collecte, de stockage et de distribution de produits agricoles. En effet, Miloud Tria, charg\u00e9 d\u2019\u00e9tudes et de synth\u00e8ses au cabinet du minist\u00e8re de l\u2019Agriculture et du D\u00e9veloppement rural a annonc\u00e9 hier sur les ondes de la Radio alg\u00e9rienne qu\u2019il y a \u00ab&nbsp;un nouveau programme d\u2019investissements qui est en cours concernant la r\u00e9alisation de 30 entrep\u00f4ts frigorifiques r\u00e9partis sur 30 wilayas, avec 9 complexes de collecte de produits agricoles, 5 complexes logistiques et 16 complexes de stockage et de commercialisation. \u00bb<\/p>\n\n\n\n<p>Le cadre du minist\u00e8re de l\u2019Agriculture est \u00e9galement revenu sur le programme de d\u00e9veloppement de la production agricole, notamment des cultures strat\u00e9giques, par le biais de l\u2019agriculture saharienne.<\/p>\n\n\n\n<p><strong>Les 3<sup>e<\/sup> et 4<sup>e<\/sup> portefeuilles fonciers \u00e0 la disposition des investisseurs<\/strong><\/p>\n\n\n\n<p>Il a annonc\u00e9 dans ce sens que la mise \u00e0 disposition, depuis hier, \u00ab&nbsp;sur la plateforme de l\u2019Office national de l\u2019Agriculture industrielle (ODAS), le 3e portefeuille du foncier qui \u00e9quivaut \u00e0 200.000 ha&nbsp;\u00bb. \u00ab&nbsp;Il y aura aussi le 4e portefeuille d\u2019ici la fin de l\u2019ann\u00e9e. Notre objectif est d\u2019atteindre 500.000 ha de terres irrigu\u00e9es dans le Sud \u00e0 horizon 2025 \u00bb, a indiqu\u00e9 le m\u00eame responsable qui pr\u00e9cise que &nbsp;\u00ab 80% de ces surfaces vont \u00eatre orient\u00e9es vers la c\u00e9r\u00e9aliculture et en rotation, ce sont les cultures industrielles. \u00bb \u00ab Si nous arrivons \u00e0 atteindre un million de ha de surfaces irrigu\u00e9es en 2023, nous allons pouvoir couvrir nos besoins en c\u00e9r\u00e9ales \u00bb, ajoutera-t-il. Il est utile de rappeler dans ce contexte que le ministre de l\u2019Agriculture, Mohamed Abdelhafid Henni, avait annonc\u00e9 \u00e0 la fin du mois d\u2019avril dernier que 200.000 ha de terres agricoles seront distribu\u00e9s dans les wilayas dans le sud du pays, \u00e0 l\u2019instar d\u2019Adrar, El M\u00e9n\u00e9a, Timimoune, Ouargla, Illizi et Djanet, avant la fin du mois de juin prochain. Et de souligner l\u2019objectif d\u2019atteindre d\u2019ici \u00e0 la fin de l\u2019ann\u00e9e prochaine un million d\u2019hectares de terres cultiv\u00e9es en c\u00e9r\u00e9ales dans le sud du pays.<\/p>\n\n\n\n<p>Dans ce contexte que Miloud Tria a soulign\u00e9 la nouvelle d\u00e9marche du MADR assise sur le d\u00e9veloppement de l\u2019agriculture saharienne, ainsi que sur l\u2019int\u00e9r\u00eat de miser sur les grandes exploitations et les cultures sur de larges surfaces.&nbsp; \u00ab&nbsp;Si par le pass\u00e9, certaines surfaces distribu\u00e9es aux agriculteurs s\u2019av\u00e8rent insuffisantes pour des rendements importants, le minist\u00e8re de l\u2019Agriculture s\u2019oriente vers l\u2019\u00e9largissement de ces surfaces et des investissements plus lourds&nbsp;\u00bb, assure le responsable, qui pr\u00e9cise : \u00ab il y a beaucoup d\u2019investisseurs qui ont demand\u00e9 de grandes surfaces \u00bb<\/p>\n\n\n\n<p><strong>Lyes Saidi<\/strong><\/p>\n","protected":false},"excerpt":{"rendered":"<p>D\u2019importants investissements sont projet\u00e9s pour la r\u00e9alisation d\u2019infrastructures de stockage et de distribution de produits agricoles frais, dans la finalit\u00e9<\/p>\n","protected":false},"author":3,"featured_media":40625,"comment_status":"open","ping_status":"closed","sticky":false,"template":"","format":"standard","meta":{"colormag_page_container_layout":"default_layout","colormag_page_sidebar_layout":"default_layout","om_disable_all_campaigns":false,"_monsterinsights_skip_tracking":false,"_monsterinsights_sitenote_active":false,"_monsterinsights_sitenote_note":"","_monsterinsights_sitenote_category":0,"footnotes":"","_wpscppro_dont_share_socialmedia":false,"_wpscppro_custom_social_share_image":0,"_facebook_share_type":"","_twitter_share_type":"","_linkedin_share_type":"","_pinterest_share_type":"","_linkedin_share_type_page":"","_instagram_share_type":"","_medium_share_type":"","_threads_share_type":"","_google_business_share_type":"","_selected_social_profile":[],"_wpsp_enable_custom_social_template":false,"_wpsp_social_scheduling":{"enabled":false,"datetime":null,"platforms":[],"status":"template_only","dateOption":"today","timeOption":"now","customDays":"","customHours":"","customDate":"","customTime":"","schedulingType":"absolute"},"_wpsp_active_default_template":true},"categories":[52,29],"tags":[],"class_list":["post-40608","post","type-post","status-publish","format-standard","has-post-thumbnail","hentry","category-a-la-une","category-economie"],"aioseo_notices":[],"yoast_head":"<!-- This site is optimized with the Yoast SEO plugin v27.5 - https:\/\/yoast.com\/product\/yoast-seo-wordpress\/ -->\n<title>D\u2019importants investissements annonc\u00e9s dans le stockage et la distribution de produits agricoles\u00a0: Un plan pour mettre fin aux tensions sur le march\u00e9 - La Sentinelle<\/title>\n<meta name=\"robots\" content=\"index, follow, max-snippet:-1, max-image-preview:large, max-video-preview:-1\" \/>\n<link rel=\"canonical\" href=\"https:\/\/lasentinelle.dz\/index.php\/2023\/05\/07\/dimportants-investissements-annonces-dans-le-stockage-et-la-distribution-de-produits-agricoles-un-plan-pour-mettre-fin-aux-tensions-sur-le-marche\/\" \/>\n<meta property=\"og:locale\" content=\"fr_FR\" \/>\n<meta property=\"og:type\" content=\"article\" \/>\n<meta property=\"og:title\" content=\"D\u2019importants investissements annonc\u00e9s dans le stockage et la distribution de produits agricoles\u00a0: Un plan pour mettre fin aux tensions sur le march\u00e9 - La Sentinelle\" \/>\n<meta property=\"og:description\" content=\"D\u2019importants investissements sont projet\u00e9s pour la r\u00e9alisation d\u2019infrastructures de stockage et de distribution de produits agricoles frais, dans la finalit\u00e9\" \/>\n<meta property=\"og:url\" content=\"https:\/\/lasentinelle.dz\/index.php\/2023\/05\/07\/dimportants-investissements-annonces-dans-le-stockage-et-la-distribution-de-produits-agricoles-un-plan-pour-mettre-fin-aux-tensions-sur-le-marche\/\" \/>\n<meta property=\"og:site_name\" content=\"La Sentinelle\" \/>\n<meta property=\"article:publisher\" content=\"https:\/\/www.facebook.com\/La-Sentinelle-104059864394773\" \/>\n<meta property=\"article:published_time\" content=\"2023-05-07T21:08:00+00:00\" \/>\n<meta property=\"og:image\" content=\"https:\/\/lasentinelle.dz\/wp-content\/uploads\/2023\/05\/stockage.png\" \/>\n\t<meta property=\"og:image:width\" content=\"1200\" \/>\n\t<meta property=\"og:image:height\" content=\"900\" \/>\n\t<meta property=\"og:image:type\" content=\"image\/png\" \/>\n<meta name=\"author\" content=\"La Sentinelle\" \/>\n<meta name=\"twitter:card\" content=\"summary_large_image\" \/>\n<meta name=\"twitter:label1\" content=\"\u00c9crit par\" \/>\n\t<meta name=\"twitter:data1\" content=\"La Sentinelle\" \/>\n<script type=\"application\/ld+json\" class=\"yoast-schema-graph\">{\"@context\":\"https:\\\/\\\/schema.org\",\"@graph\":[{\"@type\":\"Article\",\"@id\":\"https:\\\/\\\/lasentinelle.dz\\\/index.php\\\/2023\\\/05\\\/07\\\/dimportants-investissements-annonces-dans-le-stockage-et-la-distribution-de-produits-agricoles-un-plan-pour-mettre-fin-aux-tensions-sur-le-marche\\\/#article\",\"isPartOf\":{\"@id\":\"https:\\\/\\\/lasentinelle.dz\\\/index.php\\\/2023\\\/05\\\/07\\\/dimportants-investissements-annonces-dans-le-stockage-et-la-distribution-de-produits-agricoles-un-plan-pour-mettre-fin-aux-tensions-sur-le-marche\\\/\"},\"author\":{\"name\":\"La Sentinelle\",\"@id\":\"https:\\\/\\\/lasentinelle.dz\\\/#\\\/schema\\\/person\\\/d865044e22e70a75174ce8bcad3acfb3\"},\"headline\":\"D\u2019importants investissements annonc\u00e9s dans le stockage et la distribution de produits agricoles\u00a0: Un plan pour mettre fin aux tensions sur le march\u00e9\",\"datePublished\":\"2023-05-07T21:08:00+00:00\",\"mainEntityOfPage\":{\"@id\":\"https:\\\/\\\/lasentinelle.dz\\\/index.php\\\/2023\\\/05\\\/07\\\/dimportants-investissements-annonces-dans-le-stockage-et-la-distribution-de-produits-agricoles-un-plan-pour-mettre-fin-aux-tensions-sur-le-marche\\\/\"},\"wordCount\":648,\"commentCount\":0,\"publisher\":{\"@id\":\"https:\\\/\\\/lasentinelle.dz\\\/#organization\"},\"image\":{\"@id\":\"https:\\\/\\\/lasentinelle.dz\\\/index.php\\\/2023\\\/05\\\/07\\\/dimportants-investissements-annonces-dans-le-stockage-et-la-distribution-de-produits-agricoles-un-plan-pour-mettre-fin-aux-tensions-sur-le-marche\\\/#primaryimage\"},\"thumbnailUrl\":\"https:\\\/\\\/lasentinelle.dz\\\/wp-content\\\/uploads\\\/2023\\\/05\\\/stockage.png\",\"articleSection\":[\"\u00c0 la Une\",\"\u00c9conomie\"],\"inLanguage\":\"fr-FR\",\"potentialAction\":[{\"@type\":\"CommentAction\",\"name\":\"Comment\",\"target\":[\"https:\\\/\\\/lasentinelle.dz\\\/index.php\\\/2023\\\/05\\\/07\\\/dimportants-investissements-annonces-dans-le-stockage-et-la-distribution-de-produits-agricoles-un-plan-pour-mettre-fin-aux-tensions-sur-le-marche\\\/#respond\"]}]},{\"@type\":\"WebPage\",\"@id\":\"https:\\\/\\\/lasentinelle.dz\\\/index.php\\\/2023\\\/05\\\/07\\\/dimportants-investissements-annonces-dans-le-stockage-et-la-distribution-de-produits-agricoles-un-plan-pour-mettre-fin-aux-tensions-sur-le-marche\\\/\",\"url\":\"https:\\\/\\\/lasentinelle.dz\\\/index.php\\\/2023\\\/05\\\/07\\\/dimportants-investissements-annonces-dans-le-stockage-et-la-distribution-de-produits-agricoles-un-plan-pour-mettre-fin-aux-tensions-sur-le-marche\\\/\",\"name\":\"D\u2019importants investissements annonc\u00e9s dans le stockage et la distribution de produits agricoles\u00a0: Un plan pour mettre fin aux tensions sur le march\u00e9 - La Sentinelle\",\"isPartOf\":{\"@id\":\"https:\\\/\\\/lasentinelle.dz\\\/#website\"},\"primaryImageOfPage\":{\"@id\":\"https:\\\/\\\/lasentinelle.dz\\\/index.php\\\/2023\\\/05\\\/07\\\/dimportants-investissements-annonces-dans-le-stockage-et-la-distribution-de-produits-agricoles-un-plan-pour-mettre-fin-aux-tensions-sur-le-marche\\\/#primaryimage\"},\"image\":{\"@id\":\"https:\\\/\\\/lasentinelle.dz\\\/index.php\\\/2023\\\/05\\\/07\\\/dimportants-investissements-annonces-dans-le-stockage-et-la-distribution-de-produits-agricoles-un-plan-pour-mettre-fin-aux-tensions-sur-le-marche\\\/#primaryimage\"},\"thumbnailUrl\":\"https:\\\/\\\/lasentinelle.dz\\\/wp-content\\\/uploads\\\/2023\\\/05\\\/stockage.png\",\"datePublished\":\"2023-05-07T21:08:00+00:00\",\"breadcrumb\":{\"@id\":\"https:\\\/\\\/lasentinelle.dz\\\/index.php\\\/2023\\\/05\\\/07\\\/dimportants-investissements-annonces-dans-le-stockage-et-la-distribution-de-produits-agricoles-un-plan-pour-mettre-fin-aux-tensions-sur-le-marche\\\/#breadcrumb\"},\"inLanguage\":\"fr-FR\",\"potentialAction\":[{\"@type\":\"ReadAction\",\"target\":[\"https:\\\/\\\/lasentinelle.dz\\\/index.php\\\/2023\\\/05\\\/07\\\/dimportants-investissements-annonces-dans-le-stockage-et-la-distribution-de-produits-agricoles-un-plan-pour-mettre-fin-aux-tensions-sur-le-marche\\\/\"]}]},{\"@type\":\"ImageObject\",\"inLanguage\":\"fr-FR\",\"@id\":\"https:\\\/\\\/lasentinelle.dz\\\/index.php\\\/2023\\\/05\\\/07\\\/dimportants-investissements-annonces-dans-le-stockage-et-la-distribution-de-produits-agricoles-un-plan-pour-mettre-fin-aux-tensions-sur-le-marche\\\/#primaryimage\",\"url\":\"https:\\\/\\\/lasentinelle.dz\\\/wp-content\\\/uploads\\\/2023\\\/05\\\/stockage.png\",\"contentUrl\":\"https:\\\/\\\/lasentinelle.dz\\\/wp-content\\\/uploads\\\/2023\\\/05\\\/stockage.png\",\"width\":1200,\"height\":900},{\"@type\":\"BreadcrumbList\",\"@id\":\"https:\\\/\\\/lasentinelle.dz\\\/index.php\\\/2023\\\/05\\\/07\\\/dimportants-investissements-annonces-dans-le-stockage-et-la-distribution-de-produits-agricoles-un-plan-pour-mettre-fin-aux-tensions-sur-le-marche\\\/#breadcrumb\",\"itemListElement\":[{\"@type\":\"ListItem\",\"position\":1,\"name\":\"Accueil\",\"item\":\"https:\\\/\\\/lasentinelle.dz\\\/\"},{\"@type\":\"ListItem\",\"position\":2,\"name\":\"D\u2019importants investissements annonc\u00e9s dans le stockage et la distribution de produits agricoles\u00a0: Un plan pour mettre fin aux tensions sur le march\u00e9\"}]},{\"@type\":\"WebSite\",\"@id\":\"https:\\\/\\\/lasentinelle.dz\\\/#website\",\"url\":\"https:\\\/\\\/lasentinelle.dz\\\/\",\"name\":\"La Sentinelle\",\"description\":\"Quotidien national d&#039;information\",\"publisher\":{\"@id\":\"https:\\\/\\\/lasentinelle.dz\\\/#organization\"},\"potentialAction\":[{\"@type\":\"SearchAction\",\"target\":{\"@type\":\"EntryPoint\",\"urlTemplate\":\"https:\\\/\\\/lasentinelle.dz\\\/?s={search_term_string}\"},\"query-input\":{\"@type\":\"PropertyValueSpecification\",\"valueRequired\":true,\"valueName\":\"search_term_string\"}}],\"inLanguage\":\"fr-FR\"},{\"@type\":\"Organization\",\"@id\":\"https:\\\/\\\/lasentinelle.dz\\\/#organization\",\"name\":\"Quotidien La Sentinelle\",\"url\":\"https:\\\/\\\/lasentinelle.dz\\\/\",\"logo\":{\"@type\":\"ImageObject\",\"inLanguage\":\"fr-FR\",\"@id\":\"https:\\\/\\\/lasentinelle.dz\\\/#\\\/schema\\\/logo\\\/image\\\/\",\"url\":\"https:\\\/\\\/lasentinelle.dz\\\/wp-content\\\/uploads\\\/2021\\\/09\\\/logo-sentinelleSLOGAN-1.png\",\"contentUrl\":\"https:\\\/\\\/lasentinelle.dz\\\/wp-content\\\/uploads\\\/2021\\\/09\\\/logo-sentinelleSLOGAN-1.png\",\"width\":615,\"height\":142,\"caption\":\"Quotidien La Sentinelle\"},\"image\":{\"@id\":\"https:\\\/\\\/lasentinelle.dz\\\/#\\\/schema\\\/logo\\\/image\\\/\"},\"sameAs\":[\"https:\\\/\\\/www.facebook.com\\\/La-Sentinelle-104059864394773\"]},{\"@type\":\"Person\",\"@id\":\"https:\\\/\\\/lasentinelle.dz\\\/#\\\/schema\\\/person\\\/d865044e22e70a75174ce8bcad3acfb3\",\"name\":\"La Sentinelle\",\"image\":{\"@type\":\"ImageObject\",\"inLanguage\":\"fr-FR\",\"@id\":\"https:\\\/\\\/secure.gravatar.com\\\/avatar\\\/57de8e5d4b15d43fb361a71fbb36338450fe67865b528a43dd10ef7c51a20392?s=96&d=mm&r=g\",\"url\":\"https:\\\/\\\/secure.gravatar.com\\\/avatar\\\/57de8e5d4b15d43fb361a71fbb36338450fe67865b528a43dd10ef7c51a20392?s=96&d=mm&r=g\",\"contentUrl\":\"https:\\\/\\\/secure.gravatar.com\\\/avatar\\\/57de8e5d4b15d43fb361a71fbb36338450fe67865b528a43dd10ef7c51a20392?s=96&d=mm&r=g\",\"caption\":\"La Sentinelle\"},\"sameAs\":[\"http:\\\/\\\/www.lasentinelle.dz\"],\"url\":\"https:\\\/\\\/lasentinelle.dz\\\/author\\\/redaction\\\/\"}]}<\/script>\n<!-- \/ Yoast SEO plugin. -->","yoast_head_json":{"title":"D\u2019importants investissements annonc\u00e9s dans le stockage et la distribution de produits agricoles\u00a0: Un plan pour mettre fin aux tensions sur le march\u00e9 - La Sentinelle","robots":{"index":"index","follow":"follow","max-snippet":"max-snippet:-1","max-image-preview":"max-image-preview:large","max-video-preview":"max-video-preview:-1"},"canonical":"https:\/\/lasentinelle.dz\/index.php\/2023\/05\/07\/dimportants-investissements-annonces-dans-le-stockage-et-la-distribution-de-produits-agricoles-un-plan-pour-mettre-fin-aux-tensions-sur-le-marche\/","og_locale":"fr_FR","og_type":"article","og_title":"D\u2019importants investissements annonc\u00e9s dans le stockage et la distribution de produits agricoles\u00a0: Un plan pour mettre fin aux tensions sur le march\u00e9 - La Sentinelle","og_description":"D\u2019importants investissements sont projet\u00e9s pour la r\u00e9alisation d\u2019infrastructures de stockage et de distribution de produits agricoles frais, dans la finalit\u00e9","og_url":"https:\/\/lasentinelle.dz\/index.php\/2023\/05\/07\/dimportants-investissements-annonces-dans-le-stockage-et-la-distribution-de-produits-agricoles-un-plan-pour-mettre-fin-aux-tensions-sur-le-marche\/","og_site_name":"La Sentinelle","article_publisher":"https:\/\/www.facebook.com\/La-Sentinelle-104059864394773","article_published_time":"2023-05-07T21:08:00+00:00","og_image":[{"width":1200,"height":900,"url":"https:\/\/lasentinelle.dz\/wp-content\/uploads\/2023\/05\/stockage.png","type":"image\/png"}],"author":"La Sentinelle","twitter_card":"summary_large_image","twitter_misc":{"\u00c9crit par":"La Sentinelle"},"schema":{"@context":"https:\/\/schema.org","@graph":[{"@type":"Article","@id":"https:\/\/lasentinelle.dz\/index.php\/2023\/05\/07\/dimportants-investissements-annonces-dans-le-stockage-et-la-distribution-de-produits-agricoles-un-plan-pour-mettre-fin-aux-tensions-sur-le-marche\/#article","isPartOf":{"@id":"https:\/\/lasentinelle.dz\/index.php\/2023\/05\/07\/dimportants-investissements-annonces-dans-le-stockage-et-la-distribution-de-produits-agricoles-un-plan-pour-mettre-fin-aux-tensions-sur-le-marche\/"},"author":{"name":"La Sentinelle","@id":"https:\/\/lasentinelle.dz\/#\/schema\/person\/d865044e22e70a75174ce8bcad3acfb3"},"headline":"D\u2019importants investissements annonc\u00e9s dans le stockage et la distribution de produits agricoles\u00a0: Un plan pour mettre fin aux tensions sur le march\u00e9","datePublished":"2023-05-07T21:08:00+00:00","mainEntityOfPage":{"@id":"https:\/\/lasentinelle.dz\/index.php\/2023\/05\/07\/dimportants-investissements-annonces-dans-le-stockage-et-la-distribution-de-produits-agricoles-un-plan-pour-mettre-fin-aux-tensions-sur-le-marche\/"},"wordCount":648,"commentCount":0,"publisher":{"@id":"https:\/\/lasentinelle.dz\/#organization"},"image":{"@id":"https:\/\/lasentinelle.dz\/index.php\/2023\/05\/07\/dimportants-investissements-annonces-dans-le-stockage-et-la-distribution-de-produits-agricoles-un-plan-pour-mettre-fin-aux-tensions-sur-le-marche\/#primaryimage"},"thumbnailUrl":"https:\/\/lasentinelle.dz\/wp-content\/uploads\/2023\/05\/stockage.png","articleSection":["\u00c0 la Une","\u00c9conomie"],"inLanguage":"fr-FR","potentialAction":[{"@type":"CommentAction","name":"Comment","target":["https:\/\/lasentinelle.dz\/index.php\/2023\/05\/07\/dimportants-investissements-annonces-dans-le-stockage-et-la-distribution-de-produits-agricoles-un-plan-pour-mettre-fin-aux-tensions-sur-le-marche\/#respond"]}]},{"@type":"WebPage","@id":"https:\/\/lasentinelle.dz\/index.php\/2023\/05\/07\/dimportants-investissements-annonces-dans-le-stockage-et-la-distribution-de-produits-agricoles-un-plan-pour-mettre-fin-aux-tensions-sur-le-marche\/","url":"https:\/\/lasentinelle.dz\/index.php\/2023\/05\/07\/dimportants-investissements-annonces-dans-le-stockage-et-la-distribution-de-produits-agricoles-un-plan-pour-mettre-fin-aux-tensions-sur-le-marche\/","name":"D\u2019importants investissements annonc\u00e9s dans le stockage et la distribution de produits agricoles\u00a0: Un plan pour mettre fin aux tensions sur le march\u00e9 - La Sentinelle","isPartOf":{"@id":"https:\/\/lasentinelle.dz\/#website"},"primaryImageOfPage":{"@id":"https:\/\/lasentinelle.dz\/index.php\/2023\/05\/07\/dimportants-investissements-annonces-dans-le-stockage-et-la-distribution-de-produits-agricoles-un-plan-pour-mettre-fin-aux-tensions-sur-le-marche\/#primaryimage"},"image":{"@id":"https:\/\/lasentinelle.dz\/index.php\/2023\/05\/07\/dimportants-investissements-annonces-dans-le-stockage-et-la-distribution-de-produits-agricoles-un-plan-pour-mettre-fin-aux-tensions-sur-le-marche\/#primaryimage"},"thumbnailUrl":"https:\/\/lasentinelle.dz\/wp-content\/uploads\/2023\/05\/stockage.png","datePublished":"2023-05-07T21:08:00+00:00","breadcrumb":{"@id":"https:\/\/lasentinelle.dz\/index.php\/2023\/05\/07\/dimportants-investissements-annonces-dans-le-stockage-et-la-distribution-de-produits-agricoles-un-plan-pour-mettre-fin-aux-tensions-sur-le-marche\/#breadcrumb"},"inLanguage":"fr-FR","potentialAction":[{"@type":"ReadAction","target":["https:\/\/lasentinelle.dz\/index.php\/2023\/05\/07\/dimportants-investissements-annonces-dans-le-stockage-et-la-distribution-de-produits-agricoles-un-plan-pour-mettre-fin-aux-tensions-sur-le-marche\/"]}]},{"@type":"ImageObject","inLanguage":"fr-FR","@id":"https:\/\/lasentinelle.dz\/index.php\/2023\/05\/07\/dimportants-investissements-annonces-dans-le-stockage-et-la-distribution-de-produits-agricoles-un-plan-pour-mettre-fin-aux-tensions-sur-le-marche\/#primaryimage","url":"https:\/\/lasentinelle.dz\/wp-content\/uploads\/2023\/05\/stockage.png","contentUrl":"https:\/\/lasentinelle.dz\/wp-content\/uploads\/2023\/05\/stockage.png","width":1200,"height":900},{"@type":"BreadcrumbList","@id":"https:\/\/lasentinelle.dz\/index.php\/2023\/05\/07\/dimportants-investissements-annonces-dans-le-stockage-et-la-distribution-de-produits-agricoles-un-plan-pour-mettre-fin-aux-tensions-sur-le-marche\/#breadcrumb","itemListElement":[{"@type":"ListItem","position":1,"name":"Accueil","item":"https:\/\/lasentinelle.dz\/"},{"@type":"ListItem","position":2,"name":"D\u2019importants investissements annonc\u00e9s dans le stockage et la distribution de produits agricoles\u00a0: Un plan pour mettre fin aux tensions sur le march\u00e9"}]},{"@type":"WebSite","@id":"https:\/\/lasentinelle.dz\/#website","url":"https:\/\/lasentinelle.dz\/","name":"La Sentinelle","description":"Quotidien national d&#039;information","publisher":{"@id":"https:\/\/lasentinelle.dz\/#organization"},"potentialAction":[{"@type":"SearchAction","target":{"@type":"EntryPoint","urlTemplate":"https:\/\/lasentinelle.dz\/?s={search_term_string}"},"query-input":{"@type":"PropertyValueSpecification","valueRequired":true,"valueName":"search_term_string"}}],"inLanguage":"fr-FR"},{"@type":"Organization","@id":"https:\/\/lasentinelle.dz\/#organization","name":"Quotidien La Sentinelle","url":"https:\/\/lasentinelle.dz\/","logo":{"@type":"ImageObject","inLanguage":"fr-FR","@id":"https:\/\/lasentinelle.dz\/#\/schema\/logo\/image\/","url":"https:\/\/lasentinelle.dz\/wp-content\/uploads\/2021\/09\/logo-sentinelleSLOGAN-1.png","contentUrl":"https:\/\/lasentinelle.dz\/wp-content\/uploads\/2021\/09\/logo-sentinelleSLOGAN-1.png","width":615,"height":142,"caption":"Quotidien La Sentinelle"},"image":{"@id":"https:\/\/lasentinelle.dz\/#\/schema\/logo\/image\/"},"sameAs":["https:\/\/www.facebook.com\/La-Sentinelle-104059864394773"]},{"@type":"Person","@id":"https:\/\/lasentinelle.dz\/#\/schema\/person\/d865044e22e70a75174ce8bcad3acfb3","name":"La Sentinelle","image":{"@type":"ImageObject","inLanguage":"fr-FR","@id":"https:\/\/secure.gravatar.com\/avatar\/57de8e5d4b15d43fb361a71fbb36338450fe67865b528a43dd10ef7c51a20392?s=96&d=mm&r=g","url":"https:\/\/secure.gravatar.com\/avatar\/57de8e5d4b15d43fb361a71fbb36338450fe67865b528a43dd10ef7c51a20392?s=96&d=mm&r=g","contentUrl":"https:\/\/secure.gravatar.com\/avatar\/57de8e5d4b15d43fb361a71fbb36338450fe67865b528a43dd10ef7c51a20392?s=96&d=mm&r=g","caption":"La Sentinelle"},"sameAs":["http:\/\/www.lasentinelle.dz"],"url":"https:\/\/lasentinelle.dz\/author\/redaction\/"}]}},"_links":{"self":[{"href":"https:\/\/lasentinelle.dz\/index.php\/wp-json\/wp\/v2\/posts\/40608","targetHints":{"allow":["GET"]}}],"collection":[{"href":"https:\/\/lasentinelle.dz\/index.php\/wp-json\/wp\/v2\/posts"}],"about":[{"href":"https:\/\/lasentinelle.dz\/index.php\/wp-json\/wp\/v2\/types\/post"}],"author":[{"embeddable":true,"href":"https:\/\/lasentinelle.dz\/index.php\/wp-json\/wp\/v2\/users\/3"}],"replies":[{"embeddable":true,"href":"https:\/\/lasentinelle.dz\/index.php\/wp-json\/wp\/v2\/comments?post=40608"}],"version-history":[{"count":2,"href":"https:\/\/lasentinelle.dz\/index.php\/wp-json\/wp\/v2\/posts\/40608\/revisions"}],"predecessor-version":[{"id":40649,"href":"https:\/\/lasentinelle.dz\/index.php\/wp-json\/wp\/v2\/posts\/40608\/revisions\/40649"}],"wp:featuredmedia":[{"embeddable":true,"href":"https:\/\/lasentinelle.dz\/index.php\/wp-json\/wp\/v2\/media\/40625"}],"wp:attachment":[{"href":"https:\/\/lasentinelle.dz\/index.php\/wp-json\/wp\/v2\/media?parent=40608"}],"wp:term":[{"taxonomy":"category","embeddable":true,"href":"https:\/\/lasentinelle.dz\/index.php\/wp-json\/wp\/v2\/categories?post=40608"},{"taxonomy":"post_tag","embeddable":true,"href":"https:\/\/lasentinelle.dz\/index.php\/wp-json\/wp\/v2\/tags?post=40608"}],"curies":[{"name":"wp","href":"https:\/\/api.w.org\/{rel}","templated":true}]}}