{"id":4061,"date":"2021-08-12T00:01:00","date_gmt":"2021-08-11T23:01:00","guid":{"rendered":"https:\/\/lasentinelle.dz\/?p=4061"},"modified":"2021-08-16T15:49:31","modified_gmt":"2021-08-16T14:49:31","slug":"conference-sur-la-securite-au-mali-lapplication-de-laccord-dalger-est-un-imperatif","status":"publish","type":"post","link":"https:\/\/lasentinelle.dz\/index.php\/2021\/08\/12\/conference-sur-la-securite-au-mali-lapplication-de-laccord-dalger-est-un-imperatif\/","title":{"rendered":"Conf\u00e9rence sur la s\u00e9curit\u00e9 au Mali: L\u2019application de l\u2019accord d\u2019Alger est \u00abun imp\u00e9ratif\u00bb"},"content":{"rendered":"\n<p>L\u2019accord d\u2019Alger est la seule solution susceptible d\u2019assurer la stabilit\u00e9 et la s\u00e9curit\u00e9 au Mali. Un fait qui a \u00e9t\u00e9 r\u00e9affirm\u00e9 hier lors de la conf\u00e9rence sur le r\u00f4le de la mission de paix de l\u2019ONU au Mali, dans la stabilisation du Sahel qui s\u2019est ouverte hier \u00e0 Alger.<\/p>\n\n\n\n<p>La voies et moyens d\u2019assurer la s\u00e9curit\u00e9 au Sahel a \u00e9t\u00e9 au c\u0153ur d\u2019une conf\u00e9rence \u00e0 Alger qui s\u2019est pench\u00e9 sur le r\u00f4le de la Minusma au Mali et qui a vu la participation du chef de la mission onusienne al-Ghassim Wane et du ministre malien des Affaires \u00e9trang\u00e8res Abdoulaye Diop, en plus des repr\u00e9sentants du minist\u00e8re des Affaires \u00e9trang\u00e8res et de la Communaut\u00e9 nationale \u00e0 l\u2019\u00e9tranger. L\u2019occasion pour le chef de la Minusma de r\u00e9it\u00e9rer le fait que l\u2019application de l\u2019accord d\u2019Alger est un imp\u00e9ratif avant de saluer le r\u00f4le jou\u00e9 par l\u2019Alg\u00e9rie pour assurer la stabilit\u00e9 au Mali qui est r\u00e9guli\u00e8rement la cible d\u2019attentats terroristes en sus de l\u2019instabilit\u00e9 chronique dans un pays qui a \u00e9t\u00e9 marqu\u00e9 par deux coups d\u2019\u00c9tat en moins d\u2019une ann\u00e9e.<br>Al-Ghassim Wane a affirm\u00e9 hier \u00e0 Alger que la mise en \u0153uvre de l\u2019Accord de paix et de r\u00e9conciliation \u00e9manant du processus d\u2019Alger en 2015, \u00ab est devenu un imp\u00e9ratif afin d\u2019assurer une stabilit\u00e9 durable au Mali\u00a0\u00bb.<br>Le responsable onusien a ajout\u00e9 qu\u2019en d\u00e9pit de toutes les \u00ab\u00a0r\u00e9centes r\u00e9alisations et progr\u00e8s que les parties maliennes ont pu r\u00e9aliser, l\u2019accord reste, six ans apr\u00e8s sa signature, le cadre de r\u00e9f\u00e9rence pour l\u2019instauration de la s\u00e9curit\u00e9 au Mali\u00a0\u00bb. Il a \u00e9galement soulign\u00e9 que gr\u00e2ce \u00e0 la mise en \u0153uvre de l\u2019Accord d\u2019Alger, les signataires sont parvenus pour la premi\u00e8re fois \u00e0 \u00ab faire taire le bruit des armes \u00bb, soulignant que les actes de violence en cours et enregistr\u00e9s ici et l\u00e0 sont l\u2019oeuvre de groupes terroristes extr\u00e9mistes.<br>Le chef de la Minusma a \u00e9galement salu\u00e9 le \u00abr\u00f4le tr\u00e8s important et d\u00e9cisif\u00bb que l\u2019Alg\u00e9rie a jou\u00e9 et joue encore sous la houlette du Pr\u00e9sident de la R\u00e9publique, Abdelmadjid Tebboune, et gr\u00e2ce \u00e0 sa forte diplomatie pour mettre en \u0153uvre l\u2019accord, qui a permis des avanc\u00e9es au Mali sur le plan politique ou s\u00e9curitaire, pointant du doigt le grand soutien sur le plan politique et le r\u00f4le de la diplomatie alg\u00e9rienne qui m\u00e8ne la m\u00e9diation en plus de son r\u00f4le de facilitation des proc\u00e9dures de n\u00e9gociation entre les parties en conflit.<br>Al-Ghassim Wane a soulign\u00e9 que \u00e9l\u2019engagement de l\u2019Alg\u00e9rie a largement contribu\u00e9 aux acquis et \u00e0 faire avancer les choses\u00a0\u00bb. Il estime cependant que malgr\u00e9 tous les progr\u00e8s r\u00e9alis\u00e9s par les parties au Mali, notamment en ce qui concerne la redistribution des forces de s\u00e9curit\u00e9 et pour lesquels l\u2019Alg\u00e9rie a contribu\u00e9 \u00e0 la formation des troupes \u00e0 Kigal, Gao, Tombouctou et Manaka, celles-ci ne suffisaient pas. il met ainsi en avant les objectifs encore en attente de mise en \u0153uvre, en termes de r\u00e9formes constitutionnelles qui n\u00e9cessitent &#8211; comme il l\u2019a dit &#8211; \u00ab la pleine mise en \u0153uvre de l\u2019Accord d\u2019Alger, ainsi que le d\u00e9veloppement du nord du Mali, l\u2019\u00e9limination des in\u00e9galit\u00e9s sociales et l\u2019ouverture de perspectives encourageantes \u00e0 la population locale pour un avenir meilleur.\u00bb Le chef de la mission onusienne a \u00e9galement salu\u00e9 \u00abl\u2019engagement clair\u00bb pris par les parties au Mali, en particulier l\u2019autorit\u00e9 de transition, d\u2019acc\u00e9l\u00e9rer la mise en \u0153uvre de l\u2019accord. En ce qui concerne, le processus de transition au Mali, le chef de la diplomatie malienne, Abdoulaye Diop a indiqu\u00e9 lors de cette conf\u00e9rence que \u00ab\u00a0le gouvernement du Mali a r\u00e9it\u00e9r\u00e9 \u00e0 maintes occasions son engagement pour ce qui a \u00e9t\u00e9 convenu notamment avec la C\u00e9d\u00e9ao et dans la feuille de route de transition. Nous nous engageons \u00e0 respecter ces \u00e9ch\u00e9ances\u00a0\u00bb. \u00ab\u00a0Nous souhaitons que tout le monde \u0153uvre avec nous pour r\u00e9unir les conditions n\u00e9cessaires \u00e0 la tenue de ces \u00e9lections \u00ab, a-t-il ajout\u00e9. Le ministre a indiqu\u00e9 que \u00able gouvernement malien est d\u00e9cid\u00e9 de jouer sa partition, et l\u2019Alg\u00e9rie aussi va jouer sa partition et nous souhaitons que d\u2019autres en fassent de m\u00eame \u00ab, a d\u00e9clar\u00e9 M. Diop, reconnaissant toutefois les difficult\u00e9s dans son pays, eu \u00e9gard \u00e0 la situation s\u00e9curitaire qui y pr\u00e9vaut.<br>Notons que le ministre malien Affaires \u00e9trang\u00e8res a eu des entretien avec le chef de la diplomatie alg\u00e9rienne, Ramtane Lamamra hier juste avant l\u2019ouverture de la conf\u00e9rence. Des discussions centr\u00e9es sur l\u2019application de l\u2019accord paix et de r\u00e9conciliation au Mali issu du processus d\u2019Alger. \u00abNous avons eu \u00e0 travailler sur le m\u00e9morable accord de paix et de r\u00e9conciliation au Mali issu du processus d\u2019Alger\u00bb, a d\u00e9clar\u00e9 le chef de la diplomatie alg\u00e9rienne \u00e0 l\u2019issue de l\u2019entretien. \u00abAujourd\u2019hui la t\u00e2che est peut \u00eatre plus compliqu\u00e9e parce qu\u2019il s\u2019agit de le mettre en oeuvre dans son esprit et dans sa lettre et ouvrir des perspectives non seulement pour le peuple fr\u00e8re du Mali mais pour toute la r\u00e9gion sah\u00e9lo du Sahel\u00bb, a-t-il ajout\u00e9.<br>Chokri Hafed<\/p>\n","protected":false},"excerpt":{"rendered":"<p>L\u2019accord d\u2019Alger est la seule solution susceptible d\u2019assurer la stabilit\u00e9 et la s\u00e9curit\u00e9 au Mali. Un fait qui a \u00e9t\u00e9<\/p>\n","protected":false},"author":3,"featured_media":4067,"comment_status":"open","ping_status":"closed","sticky":false,"template":"","format":"standard","meta":{"colormag_page_container_layout":"default_layout","colormag_page_sidebar_layout":"default_layout","om_disable_all_campaigns":false,"_monsterinsights_skip_tracking":false,"_monsterinsights_sitenote_active":false,"_monsterinsights_sitenote_note":"","_monsterinsights_sitenote_category":0,"footnotes":"","_wpscppro_dont_share_socialmedia":false,"_wpscppro_custom_social_share_image":0,"_facebook_share_type":"","_twitter_share_type":"","_linkedin_share_type":"","_pinterest_share_type":"","_linkedin_share_type_page":"","_instagram_share_type":"","_medium_share_type":"","_threads_share_type":"","_google_business_share_type":"","_selected_social_profile":[],"_wpsp_enable_custom_social_template":false,"_wpsp_social_scheduling":{"enabled":false,"datetime":null,"platforms":[],"status":"template_only","dateOption":"today","timeOption":"now","customDays":"","customHours":"","customDate":"","customTime":"","schedulingType":"absolute"},"_wpsp_active_default_template":true},"categories":[27],"tags":[],"class_list":["post-4061","post","type-post","status-publish","format-standard","has-post-thumbnail","hentry","category-actualite"],"aioseo_notices":[],"yoast_head":"<!-- This site is optimized with the Yoast SEO plugin v27.4 - https:\/\/yoast.com\/product\/yoast-seo-wordpress\/ -->\n<title>Conf\u00e9rence sur la s\u00e9curit\u00e9 au Mali: L\u2019application de l\u2019accord d\u2019Alger est \u00abun imp\u00e9ratif\u00bb - La Sentinelle<\/title>\n<meta name=\"robots\" content=\"index, follow, max-snippet:-1, max-image-preview:large, max-video-preview:-1\" \/>\n<link rel=\"canonical\" href=\"https:\/\/lasentinelle.dz\/index.php\/2021\/08\/12\/conference-sur-la-securite-au-mali-lapplication-de-laccord-dalger-est-un-imperatif\/\" \/>\n<meta property=\"og:locale\" content=\"fr_FR\" \/>\n<meta property=\"og:type\" content=\"article\" \/>\n<meta property=\"og:title\" content=\"Conf\u00e9rence sur la s\u00e9curit\u00e9 au Mali: L\u2019application de l\u2019accord d\u2019Alger est \u00abun imp\u00e9ratif\u00bb - La Sentinelle\" \/>\n<meta property=\"og:description\" content=\"L\u2019accord d\u2019Alger est la seule solution susceptible d\u2019assurer la stabilit\u00e9 et la s\u00e9curit\u00e9 au Mali. Un fait qui a \u00e9t\u00e9\" \/>\n<meta property=\"og:url\" content=\"https:\/\/lasentinelle.dz\/index.php\/2021\/08\/12\/conference-sur-la-securite-au-mali-lapplication-de-laccord-dalger-est-un-imperatif\/\" \/>\n<meta property=\"og:site_name\" content=\"La Sentinelle\" \/>\n<meta property=\"article:publisher\" content=\"https:\/\/www.facebook.com\/La-Sentinelle-104059864394773\" \/>\n<meta property=\"article:published_time\" content=\"2021-08-11T23:01:00+00:00\" \/>\n<meta property=\"article:modified_time\" content=\"2021-08-16T14:49:31+00:00\" \/>\n<meta property=\"og:image\" content=\"https:\/\/lasentinelle.dz\/wp-content\/uploads\/2021\/08\/minusma.png\" \/>\n\t<meta property=\"og:image:width\" content=\"1491\" \/>\n\t<meta property=\"og:image:height\" content=\"900\" \/>\n\t<meta property=\"og:image:type\" content=\"image\/png\" \/>\n<meta name=\"author\" content=\"La Sentinelle\" \/>\n<meta name=\"twitter:card\" content=\"summary_large_image\" \/>\n<meta name=\"twitter:label1\" content=\"\u00c9crit par\" \/>\n\t<meta name=\"twitter:data1\" content=\"La Sentinelle\" \/>\n\t<meta name=\"twitter:label2\" content=\"Dur\u00e9e de lecture estim\u00e9e\" \/>\n\t<meta name=\"twitter:data2\" content=\"4 minutes\" \/>\n<script type=\"application\/ld+json\" class=\"yoast-schema-graph\">{\"@context\":\"https:\\\/\\\/schema.org\",\"@graph\":[{\"@type\":\"Article\",\"@id\":\"https:\\\/\\\/lasentinelle.dz\\\/index.php\\\/2021\\\/08\\\/12\\\/conference-sur-la-securite-au-mali-lapplication-de-laccord-dalger-est-un-imperatif\\\/#article\",\"isPartOf\":{\"@id\":\"https:\\\/\\\/lasentinelle.dz\\\/index.php\\\/2021\\\/08\\\/12\\\/conference-sur-la-securite-au-mali-lapplication-de-laccord-dalger-est-un-imperatif\\\/\"},\"author\":{\"name\":\"La Sentinelle\",\"@id\":\"https:\\\/\\\/lasentinelle.dz\\\/#\\\/schema\\\/person\\\/d865044e22e70a75174ce8bcad3acfb3\"},\"headline\":\"Conf\u00e9rence sur la s\u00e9curit\u00e9 au Mali: L\u2019application de l\u2019accord d\u2019Alger est \u00abun imp\u00e9ratif\u00bb\",\"datePublished\":\"2021-08-11T23:01:00+00:00\",\"dateModified\":\"2021-08-16T14:49:31+00:00\",\"mainEntityOfPage\":{\"@id\":\"https:\\\/\\\/lasentinelle.dz\\\/index.php\\\/2021\\\/08\\\/12\\\/conference-sur-la-securite-au-mali-lapplication-de-laccord-dalger-est-un-imperatif\\\/\"},\"wordCount\":948,\"commentCount\":0,\"publisher\":{\"@id\":\"https:\\\/\\\/lasentinelle.dz\\\/#organization\"},\"image\":{\"@id\":\"https:\\\/\\\/lasentinelle.dz\\\/index.php\\\/2021\\\/08\\\/12\\\/conference-sur-la-securite-au-mali-lapplication-de-laccord-dalger-est-un-imperatif\\\/#primaryimage\"},\"thumbnailUrl\":\"https:\\\/\\\/lasentinelle.dz\\\/wp-content\\\/uploads\\\/2021\\\/08\\\/minusma.png\",\"articleSection\":[\"Actualit\u00e9\"],\"inLanguage\":\"fr-FR\",\"potentialAction\":[{\"@type\":\"CommentAction\",\"name\":\"Comment\",\"target\":[\"https:\\\/\\\/lasentinelle.dz\\\/index.php\\\/2021\\\/08\\\/12\\\/conference-sur-la-securite-au-mali-lapplication-de-laccord-dalger-est-un-imperatif\\\/#respond\"]}]},{\"@type\":\"WebPage\",\"@id\":\"https:\\\/\\\/lasentinelle.dz\\\/index.php\\\/2021\\\/08\\\/12\\\/conference-sur-la-securite-au-mali-lapplication-de-laccord-dalger-est-un-imperatif\\\/\",\"url\":\"https:\\\/\\\/lasentinelle.dz\\\/index.php\\\/2021\\\/08\\\/12\\\/conference-sur-la-securite-au-mali-lapplication-de-laccord-dalger-est-un-imperatif\\\/\",\"name\":\"Conf\u00e9rence sur la s\u00e9curit\u00e9 au Mali: L\u2019application de l\u2019accord d\u2019Alger est \u00abun imp\u00e9ratif\u00bb - La Sentinelle\",\"isPartOf\":{\"@id\":\"https:\\\/\\\/lasentinelle.dz\\\/#website\"},\"primaryImageOfPage\":{\"@id\":\"https:\\\/\\\/lasentinelle.dz\\\/index.php\\\/2021\\\/08\\\/12\\\/conference-sur-la-securite-au-mali-lapplication-de-laccord-dalger-est-un-imperatif\\\/#primaryimage\"},\"image\":{\"@id\":\"https:\\\/\\\/lasentinelle.dz\\\/index.php\\\/2021\\\/08\\\/12\\\/conference-sur-la-securite-au-mali-lapplication-de-laccord-dalger-est-un-imperatif\\\/#primaryimage\"},\"thumbnailUrl\":\"https:\\\/\\\/lasentinelle.dz\\\/wp-content\\\/uploads\\\/2021\\\/08\\\/minusma.png\",\"datePublished\":\"2021-08-11T23:01:00+00:00\",\"dateModified\":\"2021-08-16T14:49:31+00:00\",\"breadcrumb\":{\"@id\":\"https:\\\/\\\/lasentinelle.dz\\\/index.php\\\/2021\\\/08\\\/12\\\/conference-sur-la-securite-au-mali-lapplication-de-laccord-dalger-est-un-imperatif\\\/#breadcrumb\"},\"inLanguage\":\"fr-FR\",\"potentialAction\":[{\"@type\":\"ReadAction\",\"target\":[\"https:\\\/\\\/lasentinelle.dz\\\/index.php\\\/2021\\\/08\\\/12\\\/conference-sur-la-securite-au-mali-lapplication-de-laccord-dalger-est-un-imperatif\\\/\"]}]},{\"@type\":\"ImageObject\",\"inLanguage\":\"fr-FR\",\"@id\":\"https:\\\/\\\/lasentinelle.dz\\\/index.php\\\/2021\\\/08\\\/12\\\/conference-sur-la-securite-au-mali-lapplication-de-laccord-dalger-est-un-imperatif\\\/#primaryimage\",\"url\":\"https:\\\/\\\/lasentinelle.dz\\\/wp-content\\\/uploads\\\/2021\\\/08\\\/minusma.png\",\"contentUrl\":\"https:\\\/\\\/lasentinelle.dz\\\/wp-content\\\/uploads\\\/2021\\\/08\\\/minusma.png\",\"width\":1491,\"height\":900},{\"@type\":\"BreadcrumbList\",\"@id\":\"https:\\\/\\\/lasentinelle.dz\\\/index.php\\\/2021\\\/08\\\/12\\\/conference-sur-la-securite-au-mali-lapplication-de-laccord-dalger-est-un-imperatif\\\/#breadcrumb\",\"itemListElement\":[{\"@type\":\"ListItem\",\"position\":1,\"name\":\"Accueil\",\"item\":\"https:\\\/\\\/lasentinelle.dz\\\/\"},{\"@type\":\"ListItem\",\"position\":2,\"name\":\"Conf\u00e9rence sur la s\u00e9curit\u00e9 au Mali: L\u2019application de l\u2019accord d\u2019Alger est \u00abun imp\u00e9ratif\u00bb\"}]},{\"@type\":\"WebSite\",\"@id\":\"https:\\\/\\\/lasentinelle.dz\\\/#website\",\"url\":\"https:\\\/\\\/lasentinelle.dz\\\/\",\"name\":\"La Sentinelle\",\"description\":\"Quotidien national d&#039;information\",\"publisher\":{\"@id\":\"https:\\\/\\\/lasentinelle.dz\\\/#organization\"},\"potentialAction\":[{\"@type\":\"SearchAction\",\"target\":{\"@type\":\"EntryPoint\",\"urlTemplate\":\"https:\\\/\\\/lasentinelle.dz\\\/?s={search_term_string}\"},\"query-input\":{\"@type\":\"PropertyValueSpecification\",\"valueRequired\":true,\"valueName\":\"search_term_string\"}}],\"inLanguage\":\"fr-FR\"},{\"@type\":\"Organization\",\"@id\":\"https:\\\/\\\/lasentinelle.dz\\\/#organization\",\"name\":\"Quotidien La Sentinelle\",\"url\":\"https:\\\/\\\/lasentinelle.dz\\\/\",\"logo\":{\"@type\":\"ImageObject\",\"inLanguage\":\"fr-FR\",\"@id\":\"https:\\\/\\\/lasentinelle.dz\\\/#\\\/schema\\\/logo\\\/image\\\/\",\"url\":\"https:\\\/\\\/lasentinelle.dz\\\/wp-content\\\/uploads\\\/2021\\\/09\\\/logo-sentinelleSLOGAN-1.png\",\"contentUrl\":\"https:\\\/\\\/lasentinelle.dz\\\/wp-content\\\/uploads\\\/2021\\\/09\\\/logo-sentinelleSLOGAN-1.png\",\"width\":615,\"height\":142,\"caption\":\"Quotidien La Sentinelle\"},\"image\":{\"@id\":\"https:\\\/\\\/lasentinelle.dz\\\/#\\\/schema\\\/logo\\\/image\\\/\"},\"sameAs\":[\"https:\\\/\\\/www.facebook.com\\\/La-Sentinelle-104059864394773\"]},{\"@type\":\"Person\",\"@id\":\"https:\\\/\\\/lasentinelle.dz\\\/#\\\/schema\\\/person\\\/d865044e22e70a75174ce8bcad3acfb3\",\"name\":\"La Sentinelle\",\"image\":{\"@type\":\"ImageObject\",\"inLanguage\":\"fr-FR\",\"@id\":\"https:\\\/\\\/secure.gravatar.com\\\/avatar\\\/57de8e5d4b15d43fb361a71fbb36338450fe67865b528a43dd10ef7c51a20392?s=96&d=mm&r=g\",\"url\":\"https:\\\/\\\/secure.gravatar.com\\\/avatar\\\/57de8e5d4b15d43fb361a71fbb36338450fe67865b528a43dd10ef7c51a20392?s=96&d=mm&r=g\",\"contentUrl\":\"https:\\\/\\\/secure.gravatar.com\\\/avatar\\\/57de8e5d4b15d43fb361a71fbb36338450fe67865b528a43dd10ef7c51a20392?s=96&d=mm&r=g\",\"caption\":\"La Sentinelle\"},\"sameAs\":[\"http:\\\/\\\/www.lasentinelle.dz\"],\"url\":\"https:\\\/\\\/lasentinelle.dz\\\/author\\\/redaction\\\/\"}]}<\/script>\n<!-- \/ Yoast SEO plugin. -->","yoast_head_json":{"title":"Conf\u00e9rence sur la s\u00e9curit\u00e9 au Mali: L\u2019application de l\u2019accord d\u2019Alger est \u00abun imp\u00e9ratif\u00bb - La Sentinelle","robots":{"index":"index","follow":"follow","max-snippet":"max-snippet:-1","max-image-preview":"max-image-preview:large","max-video-preview":"max-video-preview:-1"},"canonical":"https:\/\/lasentinelle.dz\/index.php\/2021\/08\/12\/conference-sur-la-securite-au-mali-lapplication-de-laccord-dalger-est-un-imperatif\/","og_locale":"fr_FR","og_type":"article","og_title":"Conf\u00e9rence sur la s\u00e9curit\u00e9 au Mali: L\u2019application de l\u2019accord d\u2019Alger est \u00abun imp\u00e9ratif\u00bb - La Sentinelle","og_description":"L\u2019accord d\u2019Alger est la seule solution susceptible d\u2019assurer la stabilit\u00e9 et la s\u00e9curit\u00e9 au Mali. Un fait qui a \u00e9t\u00e9","og_url":"https:\/\/lasentinelle.dz\/index.php\/2021\/08\/12\/conference-sur-la-securite-au-mali-lapplication-de-laccord-dalger-est-un-imperatif\/","og_site_name":"La Sentinelle","article_publisher":"https:\/\/www.facebook.com\/La-Sentinelle-104059864394773","article_published_time":"2021-08-11T23:01:00+00:00","article_modified_time":"2021-08-16T14:49:31+00:00","og_image":[{"width":1491,"height":900,"url":"https:\/\/lasentinelle.dz\/wp-content\/uploads\/2021\/08\/minusma.png","type":"image\/png"}],"author":"La Sentinelle","twitter_card":"summary_large_image","twitter_misc":{"\u00c9crit par":"La Sentinelle","Dur\u00e9e de lecture estim\u00e9e":"4 minutes"},"schema":{"@context":"https:\/\/schema.org","@graph":[{"@type":"Article","@id":"https:\/\/lasentinelle.dz\/index.php\/2021\/08\/12\/conference-sur-la-securite-au-mali-lapplication-de-laccord-dalger-est-un-imperatif\/#article","isPartOf":{"@id":"https:\/\/lasentinelle.dz\/index.php\/2021\/08\/12\/conference-sur-la-securite-au-mali-lapplication-de-laccord-dalger-est-un-imperatif\/"},"author":{"name":"La Sentinelle","@id":"https:\/\/lasentinelle.dz\/#\/schema\/person\/d865044e22e70a75174ce8bcad3acfb3"},"headline":"Conf\u00e9rence sur la s\u00e9curit\u00e9 au Mali: L\u2019application de l\u2019accord d\u2019Alger est \u00abun imp\u00e9ratif\u00bb","datePublished":"2021-08-11T23:01:00+00:00","dateModified":"2021-08-16T14:49:31+00:00","mainEntityOfPage":{"@id":"https:\/\/lasentinelle.dz\/index.php\/2021\/08\/12\/conference-sur-la-securite-au-mali-lapplication-de-laccord-dalger-est-un-imperatif\/"},"wordCount":948,"commentCount":0,"publisher":{"@id":"https:\/\/lasentinelle.dz\/#organization"},"image":{"@id":"https:\/\/lasentinelle.dz\/index.php\/2021\/08\/12\/conference-sur-la-securite-au-mali-lapplication-de-laccord-dalger-est-un-imperatif\/#primaryimage"},"thumbnailUrl":"https:\/\/lasentinelle.dz\/wp-content\/uploads\/2021\/08\/minusma.png","articleSection":["Actualit\u00e9"],"inLanguage":"fr-FR","potentialAction":[{"@type":"CommentAction","name":"Comment","target":["https:\/\/lasentinelle.dz\/index.php\/2021\/08\/12\/conference-sur-la-securite-au-mali-lapplication-de-laccord-dalger-est-un-imperatif\/#respond"]}]},{"@type":"WebPage","@id":"https:\/\/lasentinelle.dz\/index.php\/2021\/08\/12\/conference-sur-la-securite-au-mali-lapplication-de-laccord-dalger-est-un-imperatif\/","url":"https:\/\/lasentinelle.dz\/index.php\/2021\/08\/12\/conference-sur-la-securite-au-mali-lapplication-de-laccord-dalger-est-un-imperatif\/","name":"Conf\u00e9rence sur la s\u00e9curit\u00e9 au Mali: L\u2019application de l\u2019accord d\u2019Alger est \u00abun imp\u00e9ratif\u00bb - La Sentinelle","isPartOf":{"@id":"https:\/\/lasentinelle.dz\/#website"},"primaryImageOfPage":{"@id":"https:\/\/lasentinelle.dz\/index.php\/2021\/08\/12\/conference-sur-la-securite-au-mali-lapplication-de-laccord-dalger-est-un-imperatif\/#primaryimage"},"image":{"@id":"https:\/\/lasentinelle.dz\/index.php\/2021\/08\/12\/conference-sur-la-securite-au-mali-lapplication-de-laccord-dalger-est-un-imperatif\/#primaryimage"},"thumbnailUrl":"https:\/\/lasentinelle.dz\/wp-content\/uploads\/2021\/08\/minusma.png","datePublished":"2021-08-11T23:01:00+00:00","dateModified":"2021-08-16T14:49:31+00:00","breadcrumb":{"@id":"https:\/\/lasentinelle.dz\/index.php\/2021\/08\/12\/conference-sur-la-securite-au-mali-lapplication-de-laccord-dalger-est-un-imperatif\/#breadcrumb"},"inLanguage":"fr-FR","potentialAction":[{"@type":"ReadAction","target":["https:\/\/lasentinelle.dz\/index.php\/2021\/08\/12\/conference-sur-la-securite-au-mali-lapplication-de-laccord-dalger-est-un-imperatif\/"]}]},{"@type":"ImageObject","inLanguage":"fr-FR","@id":"https:\/\/lasentinelle.dz\/index.php\/2021\/08\/12\/conference-sur-la-securite-au-mali-lapplication-de-laccord-dalger-est-un-imperatif\/#primaryimage","url":"https:\/\/lasentinelle.dz\/wp-content\/uploads\/2021\/08\/minusma.png","contentUrl":"https:\/\/lasentinelle.dz\/wp-content\/uploads\/2021\/08\/minusma.png","width":1491,"height":900},{"@type":"BreadcrumbList","@id":"https:\/\/lasentinelle.dz\/index.php\/2021\/08\/12\/conference-sur-la-securite-au-mali-lapplication-de-laccord-dalger-est-un-imperatif\/#breadcrumb","itemListElement":[{"@type":"ListItem","position":1,"name":"Accueil","item":"https:\/\/lasentinelle.dz\/"},{"@type":"ListItem","position":2,"name":"Conf\u00e9rence sur la s\u00e9curit\u00e9 au Mali: L\u2019application de l\u2019accord d\u2019Alger est \u00abun imp\u00e9ratif\u00bb"}]},{"@type":"WebSite","@id":"https:\/\/lasentinelle.dz\/#website","url":"https:\/\/lasentinelle.dz\/","name":"La Sentinelle","description":"Quotidien national d&#039;information","publisher":{"@id":"https:\/\/lasentinelle.dz\/#organization"},"potentialAction":[{"@type":"SearchAction","target":{"@type":"EntryPoint","urlTemplate":"https:\/\/lasentinelle.dz\/?s={search_term_string}"},"query-input":{"@type":"PropertyValueSpecification","valueRequired":true,"valueName":"search_term_string"}}],"inLanguage":"fr-FR"},{"@type":"Organization","@id":"https:\/\/lasentinelle.dz\/#organization","name":"Quotidien La Sentinelle","url":"https:\/\/lasentinelle.dz\/","logo":{"@type":"ImageObject","inLanguage":"fr-FR","@id":"https:\/\/lasentinelle.dz\/#\/schema\/logo\/image\/","url":"https:\/\/lasentinelle.dz\/wp-content\/uploads\/2021\/09\/logo-sentinelleSLOGAN-1.png","contentUrl":"https:\/\/lasentinelle.dz\/wp-content\/uploads\/2021\/09\/logo-sentinelleSLOGAN-1.png","width":615,"height":142,"caption":"Quotidien La Sentinelle"},"image":{"@id":"https:\/\/lasentinelle.dz\/#\/schema\/logo\/image\/"},"sameAs":["https:\/\/www.facebook.com\/La-Sentinelle-104059864394773"]},{"@type":"Person","@id":"https:\/\/lasentinelle.dz\/#\/schema\/person\/d865044e22e70a75174ce8bcad3acfb3","name":"La Sentinelle","image":{"@type":"ImageObject","inLanguage":"fr-FR","@id":"https:\/\/secure.gravatar.com\/avatar\/57de8e5d4b15d43fb361a71fbb36338450fe67865b528a43dd10ef7c51a20392?s=96&d=mm&r=g","url":"https:\/\/secure.gravatar.com\/avatar\/57de8e5d4b15d43fb361a71fbb36338450fe67865b528a43dd10ef7c51a20392?s=96&d=mm&r=g","contentUrl":"https:\/\/secure.gravatar.com\/avatar\/57de8e5d4b15d43fb361a71fbb36338450fe67865b528a43dd10ef7c51a20392?s=96&d=mm&r=g","caption":"La Sentinelle"},"sameAs":["http:\/\/www.lasentinelle.dz"],"url":"https:\/\/lasentinelle.dz\/author\/redaction\/"}]}},"_links":{"self":[{"href":"https:\/\/lasentinelle.dz\/index.php\/wp-json\/wp\/v2\/posts\/4061","targetHints":{"allow":["GET"]}}],"collection":[{"href":"https:\/\/lasentinelle.dz\/index.php\/wp-json\/wp\/v2\/posts"}],"about":[{"href":"https:\/\/lasentinelle.dz\/index.php\/wp-json\/wp\/v2\/types\/post"}],"author":[{"embeddable":true,"href":"https:\/\/lasentinelle.dz\/index.php\/wp-json\/wp\/v2\/users\/3"}],"replies":[{"embeddable":true,"href":"https:\/\/lasentinelle.dz\/index.php\/wp-json\/wp\/v2\/comments?post=4061"}],"version-history":[{"count":1,"href":"https:\/\/lasentinelle.dz\/index.php\/wp-json\/wp\/v2\/posts\/4061\/revisions"}],"predecessor-version":[{"id":4068,"href":"https:\/\/lasentinelle.dz\/index.php\/wp-json\/wp\/v2\/posts\/4061\/revisions\/4068"}],"wp:featuredmedia":[{"embeddable":true,"href":"https:\/\/lasentinelle.dz\/index.php\/wp-json\/wp\/v2\/media\/4067"}],"wp:attachment":[{"href":"https:\/\/lasentinelle.dz\/index.php\/wp-json\/wp\/v2\/media?parent=4061"}],"wp:term":[{"taxonomy":"category","embeddable":true,"href":"https:\/\/lasentinelle.dz\/index.php\/wp-json\/wp\/v2\/categories?post=4061"},{"taxonomy":"post_tag","embeddable":true,"href":"https:\/\/lasentinelle.dz\/index.php\/wp-json\/wp\/v2\/tags?post=4061"}],"curies":[{"name":"wp","href":"https:\/\/api.w.org\/{rel}","templated":true}]}}