{"id":40624,"date":"2023-05-07T22:05:00","date_gmt":"2023-05-07T21:05:00","guid":{"rendered":"https:\/\/lasentinelle.dz\/?p=40624"},"modified":"2023-05-07T18:49:18","modified_gmt":"2023-05-07T17:49:18","slug":"il-reaffirme-ses-engagements-tebboune-nous-avancons-a-pas-surs","status":"publish","type":"post","link":"https:\/\/lasentinelle.dz\/index.php\/2023\/05\/07\/il-reaffirme-ses-engagements-tebboune-nous-avancons-a-pas-surs\/","title":{"rendered":"Il r\u00e9affirme ses engagements \/ Tebboune\u00a0: \u00ab\u00a0Nous avan\u00e7ons \u00e0 pas s\u00fbrs\u00a0\u00bb"},"content":{"rendered":"\n<p>En d\u00e9pit de quelques tracas v\u00e9cus par le citoyen exc\u00e9d\u00e9 par la chert\u00e9 de la vie due principalement \u00e0 une campagne de sp\u00e9culation g\u00e9n\u00e9rant un manque de certains produits de premi\u00e8re n\u00e9cessit\u00e9, le Pr\u00e9sident Tebboune reste convaincu de la justesse de sa vision de l\u2019Alg\u00e9rie nouvelle qu\u2019il s\u2019est engag\u00e9 \u00e0 b\u00e2tir.<\/p>\n\n\n\n<p>Le Chef de l\u2019Etat rassure et assure, lors de l\u2019entretien qu\u2019il a tenu avec les repr\u00e9sentants des m\u00e9dias, \u00ab avancer \u00e0 pas s\u00fbrs \u00bb. \u00ab Nous avan\u00e7ons \u00e0 pas s\u00fbrs et l\u2019Alg\u00e9rie nouvelle \u00e0 laquelle nous aspirons, n&rsquo;est pas li\u00e9e \u00e0 l&rsquo;avenir d&rsquo;une personne donn\u00e9e, mais de tout un peuple, et nous \u0153uvrons \u00e0 r\u00e9aliser cet objectif en encourageant notre jeunesse \u00e0 s&rsquo;engager dans diff\u00e9rents domaines de gestion \u00bb, dira le Chef de l\u2019Etat. Il rappellera avoir \u00ab voulu impliquer le plus grand nombre de jeunes dans les pr\u00e9c\u00e9dentes \u00e9ch\u00e9ances \u00e9lectorales \u00bb expliquant cela par le nombre important de jeunes au sein des assembl\u00e9es populaires nationales et communales \u00ab ce qui est en phase avec l&rsquo;\u00e9volution effr\u00e9n\u00e9e que connait le monde dans divers domaines \u00bb ajoutera-t-il.&nbsp; Tebboune qui s\u2019est dit optimiste \u00e0 cet \u00e9gard, rajoute du cr\u00e9dit \u00e0 ces assembl\u00e9es qui ne souffrent plus des tares connues jadis affirmant que \u00ab certains termes du jargon politique de la p\u00e9riode \u00e9coul\u00e9e ne sont plus de mise, aujourd&rsquo;hui, par exemple personne ne parle plus de fraude \u00e9lectorale \u00bb.&nbsp; Cependant, le Pr\u00e9sident Abdelmadjid Tebboune qui d\u00e9plore \u00ab le niveau de haine atteint par certains aujourd&rsquo;hui, m\u00eame s&rsquo;ils ne repr\u00e9sentent, heureusement, qu\u2019une minorit\u00e9 \u00bb, affirme \u00ab \u0153uvrer \u00bb \u00ab \u00e0 faire face \u00e0 tous les discours de ce genre \u00bb et que l\u2019Etat est d\u00e9termin\u00e9 \u00e0 \u00ab poursuivre ses efforts pour la consolidation du front interne et la lutte contre les conflits marginaux et les discours haineux \u00bb. Il fera, \u00e0 ce titre, un rappel \u00e0 propos des \u00ab d\u00e9cisions des Conseils des ministres qui visent \u00e0 op\u00e9rer le changement voulu par tous les Alg\u00e9riens et \u00e0 consacrer un mode de gestion \u00e0 m\u00eame de r\u00e9aliser le d\u00e9veloppement global \u00bb. Le pr\u00e9sident de la R\u00e9publique consid\u00e8re \u00ab l&rsquo;int\u00e9r\u00eat port\u00e9 aujourd&rsquo;hui par le citoyen lambda aux d\u00e9cisions des Conseils des ministres, une premi\u00e8re depuis des ann\u00e9es, prouve qu\u2019il y a un changement dans le mode de gestion \u00bb. \u00ab Ce changement vise \u00e0 r\u00e9aliser un d\u00e9veloppement global dans le pays \u00bb, insista-t-il avant de pr\u00e9ciser que \u00ab les d\u00e9cisions prises en Conseil des ministres ne se limitent plus \u00e0 l&rsquo;aspect philosophique et th\u00e9orique, mais touchent au fond des questions qui int\u00e9ressent le citoyen \u00bb. Tebboune avait tenu \u00e0 souligner que c\u2019est l\u00e0 \u00ab l\u2019objectif qu\u2019il importe d\u2019atteindre avec la participation de tous et de souligner que la mise en \u0153uvre de ces d\u00e9cisions \u00ab requiert des responsables int\u00e8gres, m\u00eame sans exp\u00e9rience, car leur force r\u00e9side dans leur int\u00e9grit\u00e9 \u00bb.<\/p>\n\n\n\n<p>Tebboune qui rappelle que \u00ab le contr\u00f4le du travail de tout responsable se fait de mani\u00e8re instantan\u00e9e, ce qui est un pr\u00e9c\u00e9dent en Alg\u00e9rie avec lequel il faut composer \u00bb, a r\u00e9affirm\u00e9 l\u2019importance d\u2019\u00ab aller de l\u2019avant dans le d\u00e9veloppement du pays car il s\u2019agit l\u00e0 du premier objectif que l\u2019Etat \u0153uvre \u00e0 r\u00e9aliser \u00bb.&nbsp; Faisant le parall\u00e8le avec la situation de l\u2019Alg\u00e9rie des ann\u00e9es 90, le Pr\u00e9sident Tebboune fait rappeler que \u00ab la diff\u00e9rence palpable et visible entre l\u2019Alg\u00e9rie d\u2019aujourd\u2019hui et celle des ann\u00e9es 90 \u00bb. Il citera \u00e0 cet effet et \u00e0 titre d\u2019exemple l\u2019introduction de l\u2019allocation ch\u00f4mage, institu\u00e9e pour pr\u00e9server la dignit\u00e9 des enfants de l\u2018Alg\u00e9rie \u00ab pour qu\u2019ils ne soient pas r\u00e9cup\u00e9r\u00e9s par autrui contre leur propre pays \u00bb. Il indiquera que \u00ab dans l&rsquo;attente des premiers fruits que portera l\u2019op\u00e9ration d\u2019investissement et de d\u00e9veloppement que nous avions engag\u00e9e, nous avons enregistr\u00e9 le lancement depuis octobre de 1.300 entreprises et la cr\u00e9ation de 52.000 postes d\u2019emploi, en plus des start-up \u00bb et que \u00ab 20.000 jeunes b\u00e9n\u00e9ficiaires de l\u2019allocation ch\u00f4mage ont renonc\u00e9 \u00e0 cette formule, pour avoir obtenu des emplois permanents, un indicateur du d\u00e9veloppement qui survient dans le pays \u00bb.<\/p>\n\n\n\n<p><strong>Hocine Fadheli<\/strong><\/p>\n","protected":false},"excerpt":{"rendered":"<p>En d\u00e9pit de quelques tracas v\u00e9cus par le citoyen exc\u00e9d\u00e9 par la chert\u00e9 de la vie due principalement \u00e0 une<\/p>\n","protected":false},"author":3,"featured_media":40633,"comment_status":"open","ping_status":"closed","sticky":false,"template":"","format":"standard","meta":{"colormag_page_container_layout":"default_layout","colormag_page_sidebar_layout":"default_layout","om_disable_all_campaigns":false,"_monsterinsights_skip_tracking":false,"_monsterinsights_sitenote_active":false,"_monsterinsights_sitenote_note":"","_monsterinsights_sitenote_category":0,"footnotes":"","_wpscppro_dont_share_socialmedia":false,"_wpscppro_custom_social_share_image":0,"_facebook_share_type":"","_twitter_share_type":"","_linkedin_share_type":"","_pinterest_share_type":"","_linkedin_share_type_page":"","_instagram_share_type":"","_medium_share_type":"","_threads_share_type":"","_google_business_share_type":"","_selected_social_profile":[],"_wpsp_enable_custom_social_template":false,"_wpsp_social_scheduling":{"enabled":false,"datetime":null,"platforms":[],"status":"template_only","dateOption":"today","timeOption":"now","customDays":"","customHours":"","customDate":"","customTime":"","schedulingType":"absolute"},"_wpsp_active_default_template":true},"categories":[27],"tags":[],"class_list":["post-40624","post","type-post","status-publish","format-standard","has-post-thumbnail","hentry","category-actualite"],"aioseo_notices":[],"yoast_head":"<!-- This site is optimized with the Yoast SEO plugin v27.5 - https:\/\/yoast.com\/product\/yoast-seo-wordpress\/ -->\n<title>Il r\u00e9affirme ses engagements \/ Tebboune\u00a0: \u00ab\u00a0Nous avan\u00e7ons \u00e0 pas s\u00fbrs\u00a0\u00bb - La Sentinelle<\/title>\n<meta name=\"robots\" content=\"index, follow, max-snippet:-1, max-image-preview:large, max-video-preview:-1\" \/>\n<link rel=\"canonical\" href=\"https:\/\/lasentinelle.dz\/index.php\/2023\/05\/07\/il-reaffirme-ses-engagements-tebboune-nous-avancons-a-pas-surs\/\" \/>\n<meta property=\"og:locale\" content=\"fr_FR\" \/>\n<meta property=\"og:type\" content=\"article\" \/>\n<meta property=\"og:title\" content=\"Il r\u00e9affirme ses engagements \/ Tebboune\u00a0: \u00ab\u00a0Nous avan\u00e7ons \u00e0 pas s\u00fbrs\u00a0\u00bb - La Sentinelle\" \/>\n<meta property=\"og:description\" content=\"En d\u00e9pit de quelques tracas v\u00e9cus par le citoyen exc\u00e9d\u00e9 par la chert\u00e9 de la vie due principalement \u00e0 une\" \/>\n<meta property=\"og:url\" content=\"https:\/\/lasentinelle.dz\/index.php\/2023\/05\/07\/il-reaffirme-ses-engagements-tebboune-nous-avancons-a-pas-surs\/\" \/>\n<meta property=\"og:site_name\" content=\"La Sentinelle\" \/>\n<meta property=\"article:publisher\" content=\"https:\/\/www.facebook.com\/La-Sentinelle-104059864394773\" \/>\n<meta property=\"article:published_time\" content=\"2023-05-07T21:05:00+00:00\" \/>\n<meta property=\"og:image\" content=\"https:\/\/lasentinelle.dz\/wp-content\/uploads\/2023\/05\/tebboune-medias.png\" \/>\n\t<meta property=\"og:image:width\" content=\"1351\" \/>\n\t<meta property=\"og:image:height\" content=\"900\" \/>\n\t<meta property=\"og:image:type\" content=\"image\/png\" \/>\n<meta name=\"author\" content=\"La Sentinelle\" \/>\n<meta name=\"twitter:card\" content=\"summary_large_image\" \/>\n<meta name=\"twitter:label1\" content=\"\u00c9crit par\" \/>\n\t<meta name=\"twitter:data1\" content=\"La Sentinelle\" \/>\n\t<meta name=\"twitter:label2\" content=\"Dur\u00e9e de lecture estim\u00e9e\" \/>\n\t<meta name=\"twitter:data2\" content=\"4 minutes\" \/>\n<script type=\"application\/ld+json\" class=\"yoast-schema-graph\">{\"@context\":\"https:\\\/\\\/schema.org\",\"@graph\":[{\"@type\":\"Article\",\"@id\":\"https:\\\/\\\/lasentinelle.dz\\\/index.php\\\/2023\\\/05\\\/07\\\/il-reaffirme-ses-engagements-tebboune-nous-avancons-a-pas-surs\\\/#article\",\"isPartOf\":{\"@id\":\"https:\\\/\\\/lasentinelle.dz\\\/index.php\\\/2023\\\/05\\\/07\\\/il-reaffirme-ses-engagements-tebboune-nous-avancons-a-pas-surs\\\/\"},\"author\":{\"name\":\"La Sentinelle\",\"@id\":\"https:\\\/\\\/lasentinelle.dz\\\/#\\\/schema\\\/person\\\/d865044e22e70a75174ce8bcad3acfb3\"},\"headline\":\"Il r\u00e9affirme ses engagements \\\/ Tebboune\u00a0: \u00ab\u00a0Nous avan\u00e7ons \u00e0 pas s\u00fbrs\u00a0\u00bb\",\"datePublished\":\"2023-05-07T21:05:00+00:00\",\"mainEntityOfPage\":{\"@id\":\"https:\\\/\\\/lasentinelle.dz\\\/index.php\\\/2023\\\/05\\\/07\\\/il-reaffirme-ses-engagements-tebboune-nous-avancons-a-pas-surs\\\/\"},\"wordCount\":745,\"commentCount\":0,\"publisher\":{\"@id\":\"https:\\\/\\\/lasentinelle.dz\\\/#organization\"},\"image\":{\"@id\":\"https:\\\/\\\/lasentinelle.dz\\\/index.php\\\/2023\\\/05\\\/07\\\/il-reaffirme-ses-engagements-tebboune-nous-avancons-a-pas-surs\\\/#primaryimage\"},\"thumbnailUrl\":\"https:\\\/\\\/lasentinelle.dz\\\/wp-content\\\/uploads\\\/2023\\\/05\\\/tebboune-medias.png\",\"articleSection\":[\"Actualit\u00e9\"],\"inLanguage\":\"fr-FR\",\"potentialAction\":[{\"@type\":\"CommentAction\",\"name\":\"Comment\",\"target\":[\"https:\\\/\\\/lasentinelle.dz\\\/index.php\\\/2023\\\/05\\\/07\\\/il-reaffirme-ses-engagements-tebboune-nous-avancons-a-pas-surs\\\/#respond\"]}]},{\"@type\":\"WebPage\",\"@id\":\"https:\\\/\\\/lasentinelle.dz\\\/index.php\\\/2023\\\/05\\\/07\\\/il-reaffirme-ses-engagements-tebboune-nous-avancons-a-pas-surs\\\/\",\"url\":\"https:\\\/\\\/lasentinelle.dz\\\/index.php\\\/2023\\\/05\\\/07\\\/il-reaffirme-ses-engagements-tebboune-nous-avancons-a-pas-surs\\\/\",\"name\":\"Il r\u00e9affirme ses engagements \\\/ Tebboune\u00a0: \u00ab\u00a0Nous avan\u00e7ons \u00e0 pas s\u00fbrs\u00a0\u00bb - La Sentinelle\",\"isPartOf\":{\"@id\":\"https:\\\/\\\/lasentinelle.dz\\\/#website\"},\"primaryImageOfPage\":{\"@id\":\"https:\\\/\\\/lasentinelle.dz\\\/index.php\\\/2023\\\/05\\\/07\\\/il-reaffirme-ses-engagements-tebboune-nous-avancons-a-pas-surs\\\/#primaryimage\"},\"image\":{\"@id\":\"https:\\\/\\\/lasentinelle.dz\\\/index.php\\\/2023\\\/05\\\/07\\\/il-reaffirme-ses-engagements-tebboune-nous-avancons-a-pas-surs\\\/#primaryimage\"},\"thumbnailUrl\":\"https:\\\/\\\/lasentinelle.dz\\\/wp-content\\\/uploads\\\/2023\\\/05\\\/tebboune-medias.png\",\"datePublished\":\"2023-05-07T21:05:00+00:00\",\"breadcrumb\":{\"@id\":\"https:\\\/\\\/lasentinelle.dz\\\/index.php\\\/2023\\\/05\\\/07\\\/il-reaffirme-ses-engagements-tebboune-nous-avancons-a-pas-surs\\\/#breadcrumb\"},\"inLanguage\":\"fr-FR\",\"potentialAction\":[{\"@type\":\"ReadAction\",\"target\":[\"https:\\\/\\\/lasentinelle.dz\\\/index.php\\\/2023\\\/05\\\/07\\\/il-reaffirme-ses-engagements-tebboune-nous-avancons-a-pas-surs\\\/\"]}]},{\"@type\":\"ImageObject\",\"inLanguage\":\"fr-FR\",\"@id\":\"https:\\\/\\\/lasentinelle.dz\\\/index.php\\\/2023\\\/05\\\/07\\\/il-reaffirme-ses-engagements-tebboune-nous-avancons-a-pas-surs\\\/#primaryimage\",\"url\":\"https:\\\/\\\/lasentinelle.dz\\\/wp-content\\\/uploads\\\/2023\\\/05\\\/tebboune-medias.png\",\"contentUrl\":\"https:\\\/\\\/lasentinelle.dz\\\/wp-content\\\/uploads\\\/2023\\\/05\\\/tebboune-medias.png\",\"width\":1351,\"height\":900},{\"@type\":\"BreadcrumbList\",\"@id\":\"https:\\\/\\\/lasentinelle.dz\\\/index.php\\\/2023\\\/05\\\/07\\\/il-reaffirme-ses-engagements-tebboune-nous-avancons-a-pas-surs\\\/#breadcrumb\",\"itemListElement\":[{\"@type\":\"ListItem\",\"position\":1,\"name\":\"Accueil\",\"item\":\"https:\\\/\\\/lasentinelle.dz\\\/\"},{\"@type\":\"ListItem\",\"position\":2,\"name\":\"Il r\u00e9affirme ses engagements \\\/ Tebboune\u00a0: \u00ab\u00a0Nous avan\u00e7ons \u00e0 pas s\u00fbrs\u00a0\u00bb\"}]},{\"@type\":\"WebSite\",\"@id\":\"https:\\\/\\\/lasentinelle.dz\\\/#website\",\"url\":\"https:\\\/\\\/lasentinelle.dz\\\/\",\"name\":\"La Sentinelle\",\"description\":\"Quotidien national d&#039;information\",\"publisher\":{\"@id\":\"https:\\\/\\\/lasentinelle.dz\\\/#organization\"},\"potentialAction\":[{\"@type\":\"SearchAction\",\"target\":{\"@type\":\"EntryPoint\",\"urlTemplate\":\"https:\\\/\\\/lasentinelle.dz\\\/?s={search_term_string}\"},\"query-input\":{\"@type\":\"PropertyValueSpecification\",\"valueRequired\":true,\"valueName\":\"search_term_string\"}}],\"inLanguage\":\"fr-FR\"},{\"@type\":\"Organization\",\"@id\":\"https:\\\/\\\/lasentinelle.dz\\\/#organization\",\"name\":\"Quotidien La Sentinelle\",\"url\":\"https:\\\/\\\/lasentinelle.dz\\\/\",\"logo\":{\"@type\":\"ImageObject\",\"inLanguage\":\"fr-FR\",\"@id\":\"https:\\\/\\\/lasentinelle.dz\\\/#\\\/schema\\\/logo\\\/image\\\/\",\"url\":\"https:\\\/\\\/lasentinelle.dz\\\/wp-content\\\/uploads\\\/2021\\\/09\\\/logo-sentinelleSLOGAN-1.png\",\"contentUrl\":\"https:\\\/\\\/lasentinelle.dz\\\/wp-content\\\/uploads\\\/2021\\\/09\\\/logo-sentinelleSLOGAN-1.png\",\"width\":615,\"height\":142,\"caption\":\"Quotidien La Sentinelle\"},\"image\":{\"@id\":\"https:\\\/\\\/lasentinelle.dz\\\/#\\\/schema\\\/logo\\\/image\\\/\"},\"sameAs\":[\"https:\\\/\\\/www.facebook.com\\\/La-Sentinelle-104059864394773\"]},{\"@type\":\"Person\",\"@id\":\"https:\\\/\\\/lasentinelle.dz\\\/#\\\/schema\\\/person\\\/d865044e22e70a75174ce8bcad3acfb3\",\"name\":\"La Sentinelle\",\"image\":{\"@type\":\"ImageObject\",\"inLanguage\":\"fr-FR\",\"@id\":\"https:\\\/\\\/secure.gravatar.com\\\/avatar\\\/57de8e5d4b15d43fb361a71fbb36338450fe67865b528a43dd10ef7c51a20392?s=96&d=mm&r=g\",\"url\":\"https:\\\/\\\/secure.gravatar.com\\\/avatar\\\/57de8e5d4b15d43fb361a71fbb36338450fe67865b528a43dd10ef7c51a20392?s=96&d=mm&r=g\",\"contentUrl\":\"https:\\\/\\\/secure.gravatar.com\\\/avatar\\\/57de8e5d4b15d43fb361a71fbb36338450fe67865b528a43dd10ef7c51a20392?s=96&d=mm&r=g\",\"caption\":\"La Sentinelle\"},\"sameAs\":[\"http:\\\/\\\/www.lasentinelle.dz\"],\"url\":\"https:\\\/\\\/lasentinelle.dz\\\/author\\\/redaction\\\/\"}]}<\/script>\n<!-- \/ Yoast SEO plugin. -->","yoast_head_json":{"title":"Il r\u00e9affirme ses engagements \/ Tebboune\u00a0: \u00ab\u00a0Nous avan\u00e7ons \u00e0 pas s\u00fbrs\u00a0\u00bb - La Sentinelle","robots":{"index":"index","follow":"follow","max-snippet":"max-snippet:-1","max-image-preview":"max-image-preview:large","max-video-preview":"max-video-preview:-1"},"canonical":"https:\/\/lasentinelle.dz\/index.php\/2023\/05\/07\/il-reaffirme-ses-engagements-tebboune-nous-avancons-a-pas-surs\/","og_locale":"fr_FR","og_type":"article","og_title":"Il r\u00e9affirme ses engagements \/ Tebboune\u00a0: \u00ab\u00a0Nous avan\u00e7ons \u00e0 pas s\u00fbrs\u00a0\u00bb - La Sentinelle","og_description":"En d\u00e9pit de quelques tracas v\u00e9cus par le citoyen exc\u00e9d\u00e9 par la chert\u00e9 de la vie due principalement \u00e0 une","og_url":"https:\/\/lasentinelle.dz\/index.php\/2023\/05\/07\/il-reaffirme-ses-engagements-tebboune-nous-avancons-a-pas-surs\/","og_site_name":"La Sentinelle","article_publisher":"https:\/\/www.facebook.com\/La-Sentinelle-104059864394773","article_published_time":"2023-05-07T21:05:00+00:00","og_image":[{"width":1351,"height":900,"url":"https:\/\/lasentinelle.dz\/wp-content\/uploads\/2023\/05\/tebboune-medias.png","type":"image\/png"}],"author":"La Sentinelle","twitter_card":"summary_large_image","twitter_misc":{"\u00c9crit par":"La Sentinelle","Dur\u00e9e de lecture estim\u00e9e":"4 minutes"},"schema":{"@context":"https:\/\/schema.org","@graph":[{"@type":"Article","@id":"https:\/\/lasentinelle.dz\/index.php\/2023\/05\/07\/il-reaffirme-ses-engagements-tebboune-nous-avancons-a-pas-surs\/#article","isPartOf":{"@id":"https:\/\/lasentinelle.dz\/index.php\/2023\/05\/07\/il-reaffirme-ses-engagements-tebboune-nous-avancons-a-pas-surs\/"},"author":{"name":"La Sentinelle","@id":"https:\/\/lasentinelle.dz\/#\/schema\/person\/d865044e22e70a75174ce8bcad3acfb3"},"headline":"Il r\u00e9affirme ses engagements \/ Tebboune\u00a0: \u00ab\u00a0Nous avan\u00e7ons \u00e0 pas s\u00fbrs\u00a0\u00bb","datePublished":"2023-05-07T21:05:00+00:00","mainEntityOfPage":{"@id":"https:\/\/lasentinelle.dz\/index.php\/2023\/05\/07\/il-reaffirme-ses-engagements-tebboune-nous-avancons-a-pas-surs\/"},"wordCount":745,"commentCount":0,"publisher":{"@id":"https:\/\/lasentinelle.dz\/#organization"},"image":{"@id":"https:\/\/lasentinelle.dz\/index.php\/2023\/05\/07\/il-reaffirme-ses-engagements-tebboune-nous-avancons-a-pas-surs\/#primaryimage"},"thumbnailUrl":"https:\/\/lasentinelle.dz\/wp-content\/uploads\/2023\/05\/tebboune-medias.png","articleSection":["Actualit\u00e9"],"inLanguage":"fr-FR","potentialAction":[{"@type":"CommentAction","name":"Comment","target":["https:\/\/lasentinelle.dz\/index.php\/2023\/05\/07\/il-reaffirme-ses-engagements-tebboune-nous-avancons-a-pas-surs\/#respond"]}]},{"@type":"WebPage","@id":"https:\/\/lasentinelle.dz\/index.php\/2023\/05\/07\/il-reaffirme-ses-engagements-tebboune-nous-avancons-a-pas-surs\/","url":"https:\/\/lasentinelle.dz\/index.php\/2023\/05\/07\/il-reaffirme-ses-engagements-tebboune-nous-avancons-a-pas-surs\/","name":"Il r\u00e9affirme ses engagements \/ Tebboune\u00a0: \u00ab\u00a0Nous avan\u00e7ons \u00e0 pas s\u00fbrs\u00a0\u00bb - La Sentinelle","isPartOf":{"@id":"https:\/\/lasentinelle.dz\/#website"},"primaryImageOfPage":{"@id":"https:\/\/lasentinelle.dz\/index.php\/2023\/05\/07\/il-reaffirme-ses-engagements-tebboune-nous-avancons-a-pas-surs\/#primaryimage"},"image":{"@id":"https:\/\/lasentinelle.dz\/index.php\/2023\/05\/07\/il-reaffirme-ses-engagements-tebboune-nous-avancons-a-pas-surs\/#primaryimage"},"thumbnailUrl":"https:\/\/lasentinelle.dz\/wp-content\/uploads\/2023\/05\/tebboune-medias.png","datePublished":"2023-05-07T21:05:00+00:00","breadcrumb":{"@id":"https:\/\/lasentinelle.dz\/index.php\/2023\/05\/07\/il-reaffirme-ses-engagements-tebboune-nous-avancons-a-pas-surs\/#breadcrumb"},"inLanguage":"fr-FR","potentialAction":[{"@type":"ReadAction","target":["https:\/\/lasentinelle.dz\/index.php\/2023\/05\/07\/il-reaffirme-ses-engagements-tebboune-nous-avancons-a-pas-surs\/"]}]},{"@type":"ImageObject","inLanguage":"fr-FR","@id":"https:\/\/lasentinelle.dz\/index.php\/2023\/05\/07\/il-reaffirme-ses-engagements-tebboune-nous-avancons-a-pas-surs\/#primaryimage","url":"https:\/\/lasentinelle.dz\/wp-content\/uploads\/2023\/05\/tebboune-medias.png","contentUrl":"https:\/\/lasentinelle.dz\/wp-content\/uploads\/2023\/05\/tebboune-medias.png","width":1351,"height":900},{"@type":"BreadcrumbList","@id":"https:\/\/lasentinelle.dz\/index.php\/2023\/05\/07\/il-reaffirme-ses-engagements-tebboune-nous-avancons-a-pas-surs\/#breadcrumb","itemListElement":[{"@type":"ListItem","position":1,"name":"Accueil","item":"https:\/\/lasentinelle.dz\/"},{"@type":"ListItem","position":2,"name":"Il r\u00e9affirme ses engagements \/ Tebboune\u00a0: \u00ab\u00a0Nous avan\u00e7ons \u00e0 pas s\u00fbrs\u00a0\u00bb"}]},{"@type":"WebSite","@id":"https:\/\/lasentinelle.dz\/#website","url":"https:\/\/lasentinelle.dz\/","name":"La Sentinelle","description":"Quotidien national d&#039;information","publisher":{"@id":"https:\/\/lasentinelle.dz\/#organization"},"potentialAction":[{"@type":"SearchAction","target":{"@type":"EntryPoint","urlTemplate":"https:\/\/lasentinelle.dz\/?s={search_term_string}"},"query-input":{"@type":"PropertyValueSpecification","valueRequired":true,"valueName":"search_term_string"}}],"inLanguage":"fr-FR"},{"@type":"Organization","@id":"https:\/\/lasentinelle.dz\/#organization","name":"Quotidien La Sentinelle","url":"https:\/\/lasentinelle.dz\/","logo":{"@type":"ImageObject","inLanguage":"fr-FR","@id":"https:\/\/lasentinelle.dz\/#\/schema\/logo\/image\/","url":"https:\/\/lasentinelle.dz\/wp-content\/uploads\/2021\/09\/logo-sentinelleSLOGAN-1.png","contentUrl":"https:\/\/lasentinelle.dz\/wp-content\/uploads\/2021\/09\/logo-sentinelleSLOGAN-1.png","width":615,"height":142,"caption":"Quotidien La Sentinelle"},"image":{"@id":"https:\/\/lasentinelle.dz\/#\/schema\/logo\/image\/"},"sameAs":["https:\/\/www.facebook.com\/La-Sentinelle-104059864394773"]},{"@type":"Person","@id":"https:\/\/lasentinelle.dz\/#\/schema\/person\/d865044e22e70a75174ce8bcad3acfb3","name":"La Sentinelle","image":{"@type":"ImageObject","inLanguage":"fr-FR","@id":"https:\/\/secure.gravatar.com\/avatar\/57de8e5d4b15d43fb361a71fbb36338450fe67865b528a43dd10ef7c51a20392?s=96&d=mm&r=g","url":"https:\/\/secure.gravatar.com\/avatar\/57de8e5d4b15d43fb361a71fbb36338450fe67865b528a43dd10ef7c51a20392?s=96&d=mm&r=g","contentUrl":"https:\/\/secure.gravatar.com\/avatar\/57de8e5d4b15d43fb361a71fbb36338450fe67865b528a43dd10ef7c51a20392?s=96&d=mm&r=g","caption":"La Sentinelle"},"sameAs":["http:\/\/www.lasentinelle.dz"],"url":"https:\/\/lasentinelle.dz\/author\/redaction\/"}]}},"_links":{"self":[{"href":"https:\/\/lasentinelle.dz\/index.php\/wp-json\/wp\/v2\/posts\/40624","targetHints":{"allow":["GET"]}}],"collection":[{"href":"https:\/\/lasentinelle.dz\/index.php\/wp-json\/wp\/v2\/posts"}],"about":[{"href":"https:\/\/lasentinelle.dz\/index.php\/wp-json\/wp\/v2\/types\/post"}],"author":[{"embeddable":true,"href":"https:\/\/lasentinelle.dz\/index.php\/wp-json\/wp\/v2\/users\/3"}],"replies":[{"embeddable":true,"href":"https:\/\/lasentinelle.dz\/index.php\/wp-json\/wp\/v2\/comments?post=40624"}],"version-history":[{"count":1,"href":"https:\/\/lasentinelle.dz\/index.php\/wp-json\/wp\/v2\/posts\/40624\/revisions"}],"predecessor-version":[{"id":40635,"href":"https:\/\/lasentinelle.dz\/index.php\/wp-json\/wp\/v2\/posts\/40624\/revisions\/40635"}],"wp:featuredmedia":[{"embeddable":true,"href":"https:\/\/lasentinelle.dz\/index.php\/wp-json\/wp\/v2\/media\/40633"}],"wp:attachment":[{"href":"https:\/\/lasentinelle.dz\/index.php\/wp-json\/wp\/v2\/media?parent=40624"}],"wp:term":[{"taxonomy":"category","embeddable":true,"href":"https:\/\/lasentinelle.dz\/index.php\/wp-json\/wp\/v2\/categories?post=40624"},{"taxonomy":"post_tag","embeddable":true,"href":"https:\/\/lasentinelle.dz\/index.php\/wp-json\/wp\/v2\/tags?post=40624"}],"curies":[{"name":"wp","href":"https:\/\/api.w.org\/{rel}","templated":true}]}}