{"id":40651,"date":"2023-05-07T22:17:00","date_gmt":"2023-05-07T21:17:00","guid":{"rendered":"https:\/\/lasentinelle.dz\/?p=40651"},"modified":"2023-05-07T20:24:40","modified_gmt":"2023-05-07T19:24:40","slug":"lagence-algerienne-de-cooperation-internationale-lance-ses-premiers-projets-lalgerie-se-tourne-vers-lafrique","status":"publish","type":"post","link":"https:\/\/lasentinelle.dz\/index.php\/2023\/05\/07\/lagence-algerienne-de-cooperation-internationale-lance-ses-premiers-projets-lalgerie-se-tourne-vers-lafrique\/","title":{"rendered":"L&rsquo;Agence alg\u00e9rienne de coop\u00e9ration internationale lance ses premiers projets\u00a0: L\u2019Alg\u00e9rie se tourne vers l\u2019Afrique"},"content":{"rendered":"\n<p>Fer de lance de la strat\u00e9gie africaine de l\u2019Alg\u00e9rie, l&rsquo;Agence alg\u00e9rienne de coop\u00e9ration internationale pour la solidarit\u00e9 et le d\u00e9veloppement lancera ses premiers projets dans un mois. Les premiers pays qui b\u00e9n\u00e9ficieront de ses programmes d\u2019aides sont le Mali et le Niger.<\/p>\n\n\n\n<p>L\u2019Alg\u00e9rie entend faire de son red\u00e9ploiement en Afrique une r\u00e9alit\u00e9 concr\u00e8te. Au-del\u00e0 de son retour sur la sc\u00e8ne diplomatique africaine, de la relance des \u00e9changes culturels et du renforcement de la coordination r\u00e9gionale sur les questions de d\u00e9fense et de lutte contre le terrorisme, l\u2019Alg\u00e9rie entend se tourner vers sa profondeur \u00e9conomique africaine, et ce dans le cadre d\u2019une vision globale alliant s\u00e9curit\u00e9, prosp\u00e9rit\u00e9 et d\u00e9veloppement. C\u2019est dans ce cadre que le pr\u00e9sident de la R\u00e9publique a d\u00e9cid\u00e9 de mobiliser un milliard de dollars pour des programmes d\u2019aide et de d\u00e9veloppement en Afrique. Des programmes qui seront g\u00e9r\u00e9e l&rsquo;Agence alg\u00e9rienne de coop\u00e9ration internationale pour la solidarit\u00e9 et le d\u00e9veloppement, qui entrera dans sa phase d\u2019action concr\u00e8te \u00e0 la faveur des changements r\u00e9cents op\u00e9r\u00e9s dans ses structures. Une question qui a \u00e9t\u00e9 largement \u00e9voqu\u00e9e par le pr\u00e9sident de la R\u00e9publique lors d\u2019une entrevue avec les repr\u00e9sentants de m\u00e9dias nationaux et diffus\u00e9e samedi soir.<\/p>\n\n\n\n<p>Abdelmadjid qui a rappel\u00e9 avoir nomm\u00e9, il y a une semaine, un nouveau directeur de l&rsquo;Agence, a indiqu\u00e9 que les premiers chantiers de celle-ci seront lanc\u00e9s dans un mois dans la ville de Kidal au Mali, avec la r\u00e9alisation d&rsquo;un dispensaire et d&rsquo;une \u00e9cole, ainsi que le forage d&rsquo;un puits pour assurer un approvisionnement en eau potable\u00a0\u00bb. Un choix qui est loin d\u2019\u00eatre fortuit et qui r\u00e9pond \u00e0 la d\u00e9marche pr\u00f4n\u00e9e par l\u2019Alg\u00e9rie en faveur d\u2019un processus assis sur le cod\u00e9veloppement et la lutte contre la pauvret\u00e9 dans les r\u00e9gions vuln\u00e9rables et expos\u00e9es aux risques de conflit et \u00e0 la menaces terroristes en Afrique. Dans ce contexte, le pr\u00e9sident de la R\u00e9publique a soulign\u00e9 que l\u2019Agence alg\u00e9rienne de coop\u00e9ration internationale pour la solidarit\u00e9 et le d\u00e9veloppement a pour mission, dans le cadre de ce projet de \u00ab\u00a0contribuer \u00e0 r\u00e9sorber la pauvret\u00e9 et lutter contre la soif et le manque d\u2019infrastructures de soins et d&rsquo;\u00e9vacuation des eaux\u00a0\u00bb, a-t-il pr\u00e9cis\u00e9. Et d\u2019ajouter que l&rsquo;Agence, pour laquelle l&rsquo;Etat a affect\u00e9 une enveloppe financi\u00e8re d&rsquo;un milliard de dollars, a \u00e9galement \u00e9labor\u00e9 un programme pour concr\u00e9tiser des projets de r\u00e9alisation d\u2019un lyc\u00e9e au Niger et de parach\u00e8vement de la r\u00e9alisation d&rsquo;une mosqu\u00e9e, \u00e0 la demande de la population locale. Au-del\u00e0 du financement direct de projets \u00e0 dimension sociale et culturelle et destin\u00e9e \u00e0 lutter contre la pauvret\u00e9 et contre l\u2019extr\u00e9misme et \u00e0 promouvoir l\u2019\u00e9ducation dans les zones vuln\u00e9rable, Abdelmadjid Tebboune a soulign\u00e9 les capacit\u00e9s de l\u2019Alg\u00e9rie pour ce qui est de l\u2019am\u00e9lioration des services de sant\u00e9 et de l\u2019acc\u00e8s aux soins dans ces r\u00e9gions. Il a ainsi indiqu\u00e9 que les projets men\u00e9s par l\u2019Agence alg\u00e9rienne de coop\u00e9ration internationale constitueront une opportunit\u00e9 pour \u00ab&nbsp;les m\u00e9decins alg\u00e9riens de se d\u00e9ployer en Afrique plut\u00f4t que de se diriger vers l&rsquo;Europe&nbsp;\u00bb. Tous les efforts du pays \u00e9taient orient\u00e9s, lors de la derni\u00e8re d\u00e9cennie, vers l&rsquo;outre-mer, a-t-il fait remarquer. A ce propos, le pr\u00e9sident de la R\u00e9publique a mis l&rsquo;accent sur \u00ab\u00a0la n\u00e9cessit\u00e9 de se concentrer sur les efforts de d\u00e9veloppement du continent africain, et ce contrairement aux pays occidentaux qui s&rsquo;int\u00e9ressent \u00e0 l&rsquo;Afrique sur le plan purement g\u00e9opolitique\u00a0\u00bb. C&rsquo;est pourquoi, poursuit le Chef de l&rsquo;Etat, l&rsquo;Alg\u00e9rie a d\u00e9cid\u00e9 d&rsquo;injecter un montant d&rsquo;un milliard de dollars am\u00e9ricains dans le budget de l&rsquo;Agence alg\u00e9rienne de Coop\u00e9ration internationale pour la Solidarit\u00e9 et le D\u00e9veloppement pour le financement de plusieurs projets dans le continent, particuli\u00e8rement dans l&rsquo;\u00e9ducation, la sant\u00e9 et l&rsquo;eau.<\/p>\n\n\n\n<p>Cr\u00e9\u00e9e en 2020, l&rsquo;Agence a pour missions de participer \u00e0 l\u2019\u00e9laboration et \u00e0 la mise en \u0153uvre de la politique nationale de coop\u00e9ration internationale en mati\u00e8re \u00e9conomique, sociale, humanitaire, culturelle, cultuelle, \u00e9ducative, scientifique et technique et de contribuer \u00e0 la pr\u00e9paration du projet de budget de la coop\u00e9ration internationale et d\u2019en assurer l\u2019ex\u00e9cution. Elle est \u00e9galement charg\u00e9e d\u2019apporter son concours \u00e0 l\u2019action de l\u2019appareil diplomatique et des minist\u00e8res concern\u00e9s pour la mobilisation optimale de l\u2019assistance technique et financi\u00e8re ext\u00e9rieure au service du d\u00e9veloppement national et d\u2019assurer le suivi de la gestion technique et financi\u00e8re des projets d\u2019assistance et de coop\u00e9ration internationale, en faveur de pays tiers. Elle s\u2019impose d\u00e8s lors comme le fer de lance de la strat\u00e9gie de red\u00e9ploiement de l\u2019Alg\u00e9rie en Afrique. D\u2019ailleurs, le Pr\u00e9sident Tebboune a soulign\u00e9 au cours de la m\u00eame rencontre que l&rsquo;Alg\u00e9rie, qui s\u2019efforce de \u00ab\u00a0revenir dans le giron africain\u00a0\u00bb, a \u00ab\u00a0retrouv\u00e9 aujourd&rsquo;hui sa place sur le continent. Le Pr\u00e9sident Tebboune a rappel\u00e9 que l\u2019Alg\u00e9rie est la troisi\u00e8me puissance \u00e9conomique et deuxi\u00e8me puissance militaire du continent. Il souligne ainsi la volont\u00e9 de notre pays de se repositionner sur le continent, notamment sur le plan \u00e9conomique. Au-del\u00e0 des projets de corridors \u00e9conomiques transsahariens lanc\u00e9s, le pr\u00e9sident de la R\u00e9publique a rappel\u00e9 les efforts consentis au cours des derni\u00e8res ann\u00e9es, pour l\u2019ouverture d\u2019une ligne maritime pour le transport de marchandises avec Nouakchott et d\u2019une ligne maritime vers Dakar puis vers la C\u00f4te d&rsquo;Ivoire. Il a \u00e9galement annonc\u00e9 l\u2019ouverture effective, dans deux \u00e0 trois mois, de la premi\u00e8re banque alg\u00e9rienne \u00e0 Dakar au S\u00e9n\u00e9gal. Le Chef de l\u2019\u00c9tat a \u00e9galement mis en avant les atouts \u00e9conomiques dont jouit l\u2019Alg\u00e9rie qui peuvent lui permettre de s\u2019imposer en tant que partenaire majeur sur le continent et aux op\u00e9rateurs nationaux d\u2019acc\u00e9der au march\u00e9 africain.<\/p>\n\n\n\n<p><strong>Lyes Saidi<\/strong><\/p>\n","protected":false},"excerpt":{"rendered":"<p>Fer de lance de la strat\u00e9gie africaine de l\u2019Alg\u00e9rie, l&rsquo;Agence alg\u00e9rienne de coop\u00e9ration internationale pour la solidarit\u00e9 et le d\u00e9veloppement<\/p>\n","protected":false},"author":3,"featured_media":40657,"comment_status":"open","ping_status":"closed","sticky":false,"template":"","format":"standard","meta":{"colormag_page_container_layout":"default_layout","colormag_page_sidebar_layout":"default_layout","om_disable_all_campaigns":false,"_monsterinsights_skip_tracking":false,"_monsterinsights_sitenote_active":false,"_monsterinsights_sitenote_note":"","_monsterinsights_sitenote_category":0,"footnotes":"","_wpscppro_dont_share_socialmedia":false,"_wpscppro_custom_social_share_image":0,"_facebook_share_type":"","_twitter_share_type":"","_linkedin_share_type":"","_pinterest_share_type":"","_linkedin_share_type_page":"","_instagram_share_type":"","_medium_share_type":"","_threads_share_type":"","_google_business_share_type":"","_selected_social_profile":[],"_wpsp_enable_custom_social_template":false,"_wpsp_social_scheduling":{"enabled":false,"datetime":null,"platforms":[],"status":"template_only","dateOption":"today","timeOption":"now","customDays":"","customHours":"","customDate":"","customTime":"","schedulingType":"absolute"},"_wpsp_active_default_template":true},"categories":[52,27],"tags":[],"class_list":["post-40651","post","type-post","status-publish","format-standard","has-post-thumbnail","hentry","category-a-la-une","category-actualite"],"aioseo_notices":[],"yoast_head":"<!-- This site is optimized with the Yoast SEO plugin v27.5 - https:\/\/yoast.com\/product\/yoast-seo-wordpress\/ -->\n<title>L&rsquo;Agence alg\u00e9rienne de coop\u00e9ration internationale lance ses premiers projets\u00a0: L\u2019Alg\u00e9rie se tourne vers l\u2019Afrique - La Sentinelle<\/title>\n<meta name=\"robots\" content=\"index, follow, max-snippet:-1, max-image-preview:large, max-video-preview:-1\" \/>\n<link rel=\"canonical\" href=\"https:\/\/lasentinelle.dz\/index.php\/2023\/05\/07\/lagence-algerienne-de-cooperation-internationale-lance-ses-premiers-projets-lalgerie-se-tourne-vers-lafrique\/\" \/>\n<meta property=\"og:locale\" content=\"fr_FR\" \/>\n<meta property=\"og:type\" content=\"article\" \/>\n<meta property=\"og:title\" content=\"L&rsquo;Agence alg\u00e9rienne de coop\u00e9ration internationale lance ses premiers projets\u00a0: L\u2019Alg\u00e9rie se tourne vers l\u2019Afrique - La Sentinelle\" \/>\n<meta property=\"og:description\" content=\"Fer de lance de la strat\u00e9gie africaine de l\u2019Alg\u00e9rie, l&rsquo;Agence alg\u00e9rienne de coop\u00e9ration internationale pour la solidarit\u00e9 et le d\u00e9veloppement\" \/>\n<meta property=\"og:url\" content=\"https:\/\/lasentinelle.dz\/index.php\/2023\/05\/07\/lagence-algerienne-de-cooperation-internationale-lance-ses-premiers-projets-lalgerie-se-tourne-vers-lafrique\/\" \/>\n<meta property=\"og:site_name\" content=\"La Sentinelle\" \/>\n<meta property=\"article:publisher\" content=\"https:\/\/www.facebook.com\/La-Sentinelle-104059864394773\" \/>\n<meta property=\"article:published_time\" content=\"2023-05-07T21:17:00+00:00\" \/>\n<meta property=\"og:image\" content=\"https:\/\/lasentinelle.dz\/wp-content\/uploads\/2023\/05\/tebboune-e.png\" \/>\n\t<meta property=\"og:image:width\" content=\"1351\" \/>\n\t<meta property=\"og:image:height\" content=\"900\" \/>\n\t<meta property=\"og:image:type\" content=\"image\/png\" \/>\n<meta name=\"author\" content=\"La Sentinelle\" \/>\n<meta name=\"twitter:card\" content=\"summary_large_image\" \/>\n<meta name=\"twitter:label1\" content=\"\u00c9crit par\" \/>\n\t<meta name=\"twitter:data1\" content=\"La Sentinelle\" \/>\n\t<meta name=\"twitter:label2\" content=\"Dur\u00e9e de lecture estim\u00e9e\" \/>\n\t<meta name=\"twitter:data2\" content=\"5 minutes\" \/>\n<script type=\"application\/ld+json\" class=\"yoast-schema-graph\">{\"@context\":\"https:\\\/\\\/schema.org\",\"@graph\":[{\"@type\":\"Article\",\"@id\":\"https:\\\/\\\/lasentinelle.dz\\\/index.php\\\/2023\\\/05\\\/07\\\/lagence-algerienne-de-cooperation-internationale-lance-ses-premiers-projets-lalgerie-se-tourne-vers-lafrique\\\/#article\",\"isPartOf\":{\"@id\":\"https:\\\/\\\/lasentinelle.dz\\\/index.php\\\/2023\\\/05\\\/07\\\/lagence-algerienne-de-cooperation-internationale-lance-ses-premiers-projets-lalgerie-se-tourne-vers-lafrique\\\/\"},\"author\":{\"name\":\"La Sentinelle\",\"@id\":\"https:\\\/\\\/lasentinelle.dz\\\/#\\\/schema\\\/person\\\/d865044e22e70a75174ce8bcad3acfb3\"},\"headline\":\"L&rsquo;Agence alg\u00e9rienne de coop\u00e9ration internationale lance ses premiers projets\u00a0: L\u2019Alg\u00e9rie se tourne vers l\u2019Afrique\",\"datePublished\":\"2023-05-07T21:17:00+00:00\",\"mainEntityOfPage\":{\"@id\":\"https:\\\/\\\/lasentinelle.dz\\\/index.php\\\/2023\\\/05\\\/07\\\/lagence-algerienne-de-cooperation-internationale-lance-ses-premiers-projets-lalgerie-se-tourne-vers-lafrique\\\/\"},\"wordCount\":1098,\"commentCount\":2,\"publisher\":{\"@id\":\"https:\\\/\\\/lasentinelle.dz\\\/#organization\"},\"image\":{\"@id\":\"https:\\\/\\\/lasentinelle.dz\\\/index.php\\\/2023\\\/05\\\/07\\\/lagence-algerienne-de-cooperation-internationale-lance-ses-premiers-projets-lalgerie-se-tourne-vers-lafrique\\\/#primaryimage\"},\"thumbnailUrl\":\"https:\\\/\\\/lasentinelle.dz\\\/wp-content\\\/uploads\\\/2023\\\/05\\\/tebboune-e.png\",\"articleSection\":[\"\u00c0 la Une\",\"Actualit\u00e9\"],\"inLanguage\":\"fr-FR\",\"potentialAction\":[{\"@type\":\"CommentAction\",\"name\":\"Comment\",\"target\":[\"https:\\\/\\\/lasentinelle.dz\\\/index.php\\\/2023\\\/05\\\/07\\\/lagence-algerienne-de-cooperation-internationale-lance-ses-premiers-projets-lalgerie-se-tourne-vers-lafrique\\\/#respond\"]}]},{\"@type\":\"WebPage\",\"@id\":\"https:\\\/\\\/lasentinelle.dz\\\/index.php\\\/2023\\\/05\\\/07\\\/lagence-algerienne-de-cooperation-internationale-lance-ses-premiers-projets-lalgerie-se-tourne-vers-lafrique\\\/\",\"url\":\"https:\\\/\\\/lasentinelle.dz\\\/index.php\\\/2023\\\/05\\\/07\\\/lagence-algerienne-de-cooperation-internationale-lance-ses-premiers-projets-lalgerie-se-tourne-vers-lafrique\\\/\",\"name\":\"L&rsquo;Agence alg\u00e9rienne de coop\u00e9ration internationale lance ses premiers projets\u00a0: L\u2019Alg\u00e9rie se tourne vers l\u2019Afrique - La Sentinelle\",\"isPartOf\":{\"@id\":\"https:\\\/\\\/lasentinelle.dz\\\/#website\"},\"primaryImageOfPage\":{\"@id\":\"https:\\\/\\\/lasentinelle.dz\\\/index.php\\\/2023\\\/05\\\/07\\\/lagence-algerienne-de-cooperation-internationale-lance-ses-premiers-projets-lalgerie-se-tourne-vers-lafrique\\\/#primaryimage\"},\"image\":{\"@id\":\"https:\\\/\\\/lasentinelle.dz\\\/index.php\\\/2023\\\/05\\\/07\\\/lagence-algerienne-de-cooperation-internationale-lance-ses-premiers-projets-lalgerie-se-tourne-vers-lafrique\\\/#primaryimage\"},\"thumbnailUrl\":\"https:\\\/\\\/lasentinelle.dz\\\/wp-content\\\/uploads\\\/2023\\\/05\\\/tebboune-e.png\",\"datePublished\":\"2023-05-07T21:17:00+00:00\",\"breadcrumb\":{\"@id\":\"https:\\\/\\\/lasentinelle.dz\\\/index.php\\\/2023\\\/05\\\/07\\\/lagence-algerienne-de-cooperation-internationale-lance-ses-premiers-projets-lalgerie-se-tourne-vers-lafrique\\\/#breadcrumb\"},\"inLanguage\":\"fr-FR\",\"potentialAction\":[{\"@type\":\"ReadAction\",\"target\":[\"https:\\\/\\\/lasentinelle.dz\\\/index.php\\\/2023\\\/05\\\/07\\\/lagence-algerienne-de-cooperation-internationale-lance-ses-premiers-projets-lalgerie-se-tourne-vers-lafrique\\\/\"]}]},{\"@type\":\"ImageObject\",\"inLanguage\":\"fr-FR\",\"@id\":\"https:\\\/\\\/lasentinelle.dz\\\/index.php\\\/2023\\\/05\\\/07\\\/lagence-algerienne-de-cooperation-internationale-lance-ses-premiers-projets-lalgerie-se-tourne-vers-lafrique\\\/#primaryimage\",\"url\":\"https:\\\/\\\/lasentinelle.dz\\\/wp-content\\\/uploads\\\/2023\\\/05\\\/tebboune-e.png\",\"contentUrl\":\"https:\\\/\\\/lasentinelle.dz\\\/wp-content\\\/uploads\\\/2023\\\/05\\\/tebboune-e.png\",\"width\":1351,\"height\":900},{\"@type\":\"BreadcrumbList\",\"@id\":\"https:\\\/\\\/lasentinelle.dz\\\/index.php\\\/2023\\\/05\\\/07\\\/lagence-algerienne-de-cooperation-internationale-lance-ses-premiers-projets-lalgerie-se-tourne-vers-lafrique\\\/#breadcrumb\",\"itemListElement\":[{\"@type\":\"ListItem\",\"position\":1,\"name\":\"Accueil\",\"item\":\"https:\\\/\\\/lasentinelle.dz\\\/\"},{\"@type\":\"ListItem\",\"position\":2,\"name\":\"L&rsquo;Agence alg\u00e9rienne de coop\u00e9ration internationale lance ses premiers projets\u00a0: L\u2019Alg\u00e9rie se tourne vers l\u2019Afrique\"}]},{\"@type\":\"WebSite\",\"@id\":\"https:\\\/\\\/lasentinelle.dz\\\/#website\",\"url\":\"https:\\\/\\\/lasentinelle.dz\\\/\",\"name\":\"La Sentinelle\",\"description\":\"Quotidien national d&#039;information\",\"publisher\":{\"@id\":\"https:\\\/\\\/lasentinelle.dz\\\/#organization\"},\"potentialAction\":[{\"@type\":\"SearchAction\",\"target\":{\"@type\":\"EntryPoint\",\"urlTemplate\":\"https:\\\/\\\/lasentinelle.dz\\\/?s={search_term_string}\"},\"query-input\":{\"@type\":\"PropertyValueSpecification\",\"valueRequired\":true,\"valueName\":\"search_term_string\"}}],\"inLanguage\":\"fr-FR\"},{\"@type\":\"Organization\",\"@id\":\"https:\\\/\\\/lasentinelle.dz\\\/#organization\",\"name\":\"Quotidien La Sentinelle\",\"url\":\"https:\\\/\\\/lasentinelle.dz\\\/\",\"logo\":{\"@type\":\"ImageObject\",\"inLanguage\":\"fr-FR\",\"@id\":\"https:\\\/\\\/lasentinelle.dz\\\/#\\\/schema\\\/logo\\\/image\\\/\",\"url\":\"https:\\\/\\\/lasentinelle.dz\\\/wp-content\\\/uploads\\\/2021\\\/09\\\/logo-sentinelleSLOGAN-1.png\",\"contentUrl\":\"https:\\\/\\\/lasentinelle.dz\\\/wp-content\\\/uploads\\\/2021\\\/09\\\/logo-sentinelleSLOGAN-1.png\",\"width\":615,\"height\":142,\"caption\":\"Quotidien La Sentinelle\"},\"image\":{\"@id\":\"https:\\\/\\\/lasentinelle.dz\\\/#\\\/schema\\\/logo\\\/image\\\/\"},\"sameAs\":[\"https:\\\/\\\/www.facebook.com\\\/La-Sentinelle-104059864394773\"]},{\"@type\":\"Person\",\"@id\":\"https:\\\/\\\/lasentinelle.dz\\\/#\\\/schema\\\/person\\\/d865044e22e70a75174ce8bcad3acfb3\",\"name\":\"La Sentinelle\",\"image\":{\"@type\":\"ImageObject\",\"inLanguage\":\"fr-FR\",\"@id\":\"https:\\\/\\\/secure.gravatar.com\\\/avatar\\\/57de8e5d4b15d43fb361a71fbb36338450fe67865b528a43dd10ef7c51a20392?s=96&d=mm&r=g\",\"url\":\"https:\\\/\\\/secure.gravatar.com\\\/avatar\\\/57de8e5d4b15d43fb361a71fbb36338450fe67865b528a43dd10ef7c51a20392?s=96&d=mm&r=g\",\"contentUrl\":\"https:\\\/\\\/secure.gravatar.com\\\/avatar\\\/57de8e5d4b15d43fb361a71fbb36338450fe67865b528a43dd10ef7c51a20392?s=96&d=mm&r=g\",\"caption\":\"La Sentinelle\"},\"sameAs\":[\"http:\\\/\\\/www.lasentinelle.dz\"],\"url\":\"https:\\\/\\\/lasentinelle.dz\\\/author\\\/redaction\\\/\"}]}<\/script>\n<!-- \/ Yoast SEO plugin. -->","yoast_head_json":{"title":"L&rsquo;Agence alg\u00e9rienne de coop\u00e9ration internationale lance ses premiers projets\u00a0: L\u2019Alg\u00e9rie se tourne vers l\u2019Afrique - La Sentinelle","robots":{"index":"index","follow":"follow","max-snippet":"max-snippet:-1","max-image-preview":"max-image-preview:large","max-video-preview":"max-video-preview:-1"},"canonical":"https:\/\/lasentinelle.dz\/index.php\/2023\/05\/07\/lagence-algerienne-de-cooperation-internationale-lance-ses-premiers-projets-lalgerie-se-tourne-vers-lafrique\/","og_locale":"fr_FR","og_type":"article","og_title":"L&rsquo;Agence alg\u00e9rienne de coop\u00e9ration internationale lance ses premiers projets\u00a0: L\u2019Alg\u00e9rie se tourne vers l\u2019Afrique - La Sentinelle","og_description":"Fer de lance de la strat\u00e9gie africaine de l\u2019Alg\u00e9rie, l&rsquo;Agence alg\u00e9rienne de coop\u00e9ration internationale pour la solidarit\u00e9 et le d\u00e9veloppement","og_url":"https:\/\/lasentinelle.dz\/index.php\/2023\/05\/07\/lagence-algerienne-de-cooperation-internationale-lance-ses-premiers-projets-lalgerie-se-tourne-vers-lafrique\/","og_site_name":"La Sentinelle","article_publisher":"https:\/\/www.facebook.com\/La-Sentinelle-104059864394773","article_published_time":"2023-05-07T21:17:00+00:00","og_image":[{"width":1351,"height":900,"url":"https:\/\/lasentinelle.dz\/wp-content\/uploads\/2023\/05\/tebboune-e.png","type":"image\/png"}],"author":"La Sentinelle","twitter_card":"summary_large_image","twitter_misc":{"\u00c9crit par":"La Sentinelle","Dur\u00e9e de lecture estim\u00e9e":"5 minutes"},"schema":{"@context":"https:\/\/schema.org","@graph":[{"@type":"Article","@id":"https:\/\/lasentinelle.dz\/index.php\/2023\/05\/07\/lagence-algerienne-de-cooperation-internationale-lance-ses-premiers-projets-lalgerie-se-tourne-vers-lafrique\/#article","isPartOf":{"@id":"https:\/\/lasentinelle.dz\/index.php\/2023\/05\/07\/lagence-algerienne-de-cooperation-internationale-lance-ses-premiers-projets-lalgerie-se-tourne-vers-lafrique\/"},"author":{"name":"La Sentinelle","@id":"https:\/\/lasentinelle.dz\/#\/schema\/person\/d865044e22e70a75174ce8bcad3acfb3"},"headline":"L&rsquo;Agence alg\u00e9rienne de coop\u00e9ration internationale lance ses premiers projets\u00a0: L\u2019Alg\u00e9rie se tourne vers l\u2019Afrique","datePublished":"2023-05-07T21:17:00+00:00","mainEntityOfPage":{"@id":"https:\/\/lasentinelle.dz\/index.php\/2023\/05\/07\/lagence-algerienne-de-cooperation-internationale-lance-ses-premiers-projets-lalgerie-se-tourne-vers-lafrique\/"},"wordCount":1098,"commentCount":2,"publisher":{"@id":"https:\/\/lasentinelle.dz\/#organization"},"image":{"@id":"https:\/\/lasentinelle.dz\/index.php\/2023\/05\/07\/lagence-algerienne-de-cooperation-internationale-lance-ses-premiers-projets-lalgerie-se-tourne-vers-lafrique\/#primaryimage"},"thumbnailUrl":"https:\/\/lasentinelle.dz\/wp-content\/uploads\/2023\/05\/tebboune-e.png","articleSection":["\u00c0 la Une","Actualit\u00e9"],"inLanguage":"fr-FR","potentialAction":[{"@type":"CommentAction","name":"Comment","target":["https:\/\/lasentinelle.dz\/index.php\/2023\/05\/07\/lagence-algerienne-de-cooperation-internationale-lance-ses-premiers-projets-lalgerie-se-tourne-vers-lafrique\/#respond"]}]},{"@type":"WebPage","@id":"https:\/\/lasentinelle.dz\/index.php\/2023\/05\/07\/lagence-algerienne-de-cooperation-internationale-lance-ses-premiers-projets-lalgerie-se-tourne-vers-lafrique\/","url":"https:\/\/lasentinelle.dz\/index.php\/2023\/05\/07\/lagence-algerienne-de-cooperation-internationale-lance-ses-premiers-projets-lalgerie-se-tourne-vers-lafrique\/","name":"L&rsquo;Agence alg\u00e9rienne de coop\u00e9ration internationale lance ses premiers projets\u00a0: L\u2019Alg\u00e9rie se tourne vers l\u2019Afrique - La Sentinelle","isPartOf":{"@id":"https:\/\/lasentinelle.dz\/#website"},"primaryImageOfPage":{"@id":"https:\/\/lasentinelle.dz\/index.php\/2023\/05\/07\/lagence-algerienne-de-cooperation-internationale-lance-ses-premiers-projets-lalgerie-se-tourne-vers-lafrique\/#primaryimage"},"image":{"@id":"https:\/\/lasentinelle.dz\/index.php\/2023\/05\/07\/lagence-algerienne-de-cooperation-internationale-lance-ses-premiers-projets-lalgerie-se-tourne-vers-lafrique\/#primaryimage"},"thumbnailUrl":"https:\/\/lasentinelle.dz\/wp-content\/uploads\/2023\/05\/tebboune-e.png","datePublished":"2023-05-07T21:17:00+00:00","breadcrumb":{"@id":"https:\/\/lasentinelle.dz\/index.php\/2023\/05\/07\/lagence-algerienne-de-cooperation-internationale-lance-ses-premiers-projets-lalgerie-se-tourne-vers-lafrique\/#breadcrumb"},"inLanguage":"fr-FR","potentialAction":[{"@type":"ReadAction","target":["https:\/\/lasentinelle.dz\/index.php\/2023\/05\/07\/lagence-algerienne-de-cooperation-internationale-lance-ses-premiers-projets-lalgerie-se-tourne-vers-lafrique\/"]}]},{"@type":"ImageObject","inLanguage":"fr-FR","@id":"https:\/\/lasentinelle.dz\/index.php\/2023\/05\/07\/lagence-algerienne-de-cooperation-internationale-lance-ses-premiers-projets-lalgerie-se-tourne-vers-lafrique\/#primaryimage","url":"https:\/\/lasentinelle.dz\/wp-content\/uploads\/2023\/05\/tebboune-e.png","contentUrl":"https:\/\/lasentinelle.dz\/wp-content\/uploads\/2023\/05\/tebboune-e.png","width":1351,"height":900},{"@type":"BreadcrumbList","@id":"https:\/\/lasentinelle.dz\/index.php\/2023\/05\/07\/lagence-algerienne-de-cooperation-internationale-lance-ses-premiers-projets-lalgerie-se-tourne-vers-lafrique\/#breadcrumb","itemListElement":[{"@type":"ListItem","position":1,"name":"Accueil","item":"https:\/\/lasentinelle.dz\/"},{"@type":"ListItem","position":2,"name":"L&rsquo;Agence alg\u00e9rienne de coop\u00e9ration internationale lance ses premiers projets\u00a0: L\u2019Alg\u00e9rie se tourne vers l\u2019Afrique"}]},{"@type":"WebSite","@id":"https:\/\/lasentinelle.dz\/#website","url":"https:\/\/lasentinelle.dz\/","name":"La Sentinelle","description":"Quotidien national d&#039;information","publisher":{"@id":"https:\/\/lasentinelle.dz\/#organization"},"potentialAction":[{"@type":"SearchAction","target":{"@type":"EntryPoint","urlTemplate":"https:\/\/lasentinelle.dz\/?s={search_term_string}"},"query-input":{"@type":"PropertyValueSpecification","valueRequired":true,"valueName":"search_term_string"}}],"inLanguage":"fr-FR"},{"@type":"Organization","@id":"https:\/\/lasentinelle.dz\/#organization","name":"Quotidien La Sentinelle","url":"https:\/\/lasentinelle.dz\/","logo":{"@type":"ImageObject","inLanguage":"fr-FR","@id":"https:\/\/lasentinelle.dz\/#\/schema\/logo\/image\/","url":"https:\/\/lasentinelle.dz\/wp-content\/uploads\/2021\/09\/logo-sentinelleSLOGAN-1.png","contentUrl":"https:\/\/lasentinelle.dz\/wp-content\/uploads\/2021\/09\/logo-sentinelleSLOGAN-1.png","width":615,"height":142,"caption":"Quotidien La Sentinelle"},"image":{"@id":"https:\/\/lasentinelle.dz\/#\/schema\/logo\/image\/"},"sameAs":["https:\/\/www.facebook.com\/La-Sentinelle-104059864394773"]},{"@type":"Person","@id":"https:\/\/lasentinelle.dz\/#\/schema\/person\/d865044e22e70a75174ce8bcad3acfb3","name":"La Sentinelle","image":{"@type":"ImageObject","inLanguage":"fr-FR","@id":"https:\/\/secure.gravatar.com\/avatar\/57de8e5d4b15d43fb361a71fbb36338450fe67865b528a43dd10ef7c51a20392?s=96&d=mm&r=g","url":"https:\/\/secure.gravatar.com\/avatar\/57de8e5d4b15d43fb361a71fbb36338450fe67865b528a43dd10ef7c51a20392?s=96&d=mm&r=g","contentUrl":"https:\/\/secure.gravatar.com\/avatar\/57de8e5d4b15d43fb361a71fbb36338450fe67865b528a43dd10ef7c51a20392?s=96&d=mm&r=g","caption":"La Sentinelle"},"sameAs":["http:\/\/www.lasentinelle.dz"],"url":"https:\/\/lasentinelle.dz\/author\/redaction\/"}]}},"_links":{"self":[{"href":"https:\/\/lasentinelle.dz\/index.php\/wp-json\/wp\/v2\/posts\/40651","targetHints":{"allow":["GET"]}}],"collection":[{"href":"https:\/\/lasentinelle.dz\/index.php\/wp-json\/wp\/v2\/posts"}],"about":[{"href":"https:\/\/lasentinelle.dz\/index.php\/wp-json\/wp\/v2\/types\/post"}],"author":[{"embeddable":true,"href":"https:\/\/lasentinelle.dz\/index.php\/wp-json\/wp\/v2\/users\/3"}],"replies":[{"embeddable":true,"href":"https:\/\/lasentinelle.dz\/index.php\/wp-json\/wp\/v2\/comments?post=40651"}],"version-history":[{"count":1,"href":"https:\/\/lasentinelle.dz\/index.php\/wp-json\/wp\/v2\/posts\/40651\/revisions"}],"predecessor-version":[{"id":40658,"href":"https:\/\/lasentinelle.dz\/index.php\/wp-json\/wp\/v2\/posts\/40651\/revisions\/40658"}],"wp:featuredmedia":[{"embeddable":true,"href":"https:\/\/lasentinelle.dz\/index.php\/wp-json\/wp\/v2\/media\/40657"}],"wp:attachment":[{"href":"https:\/\/lasentinelle.dz\/index.php\/wp-json\/wp\/v2\/media?parent=40651"}],"wp:term":[{"taxonomy":"category","embeddable":true,"href":"https:\/\/lasentinelle.dz\/index.php\/wp-json\/wp\/v2\/categories?post=40651"},{"taxonomy":"post_tag","embeddable":true,"href":"https:\/\/lasentinelle.dz\/index.php\/wp-json\/wp\/v2\/tags?post=40651"}],"curies":[{"name":"wp","href":"https:\/\/api.w.org\/{rel}","templated":true}]}}