{"id":40670,"date":"2023-05-08T22:05:00","date_gmt":"2023-05-08T21:05:00","guid":{"rendered":"https:\/\/lasentinelle.dz\/?p=40670"},"modified":"2023-05-08T15:17:29","modified_gmt":"2023-05-08T14:17:29","slug":"soudan-les-combats-continuent-la-situation-humanitaire-saggrave","status":"publish","type":"post","link":"https:\/\/lasentinelle.dz\/index.php\/2023\/05\/08\/soudan-les-combats-continuent-la-situation-humanitaire-saggrave\/","title":{"rendered":"Soudan\u00a0: Les combats continuent, la situation humanitaire s&rsquo;aggrave"},"content":{"rendered":"\n<p>Les combats entre l&rsquo;arm\u00e9e r\u00e9guli\u00e8re et les Forces de soutien rapide (FSR) se poursuivaient, hierau Soudan, o\u00f9 la situation humanitaire ne cesse de se d\u00e9grader avec notamment des p\u00e9nuries de nourriture, d&rsquo;eau et de carburant, rapportent des m\u00e9dias. Un r\u00e9sident du sud de la capitale Khartoum cit\u00e9 par des m\u00e9dias a dit \u00ab\u00a0entendre des raids a\u00e9riens du c\u00f4t\u00e9 d&rsquo;un march\u00e9 dans le centre-ville\u00a0\u00bb. Par ailleurs, cinq millions d&rsquo;habitants \u00e0 Khartoum vivent pour la quatri\u00e8me semaine cons\u00e9cutive barricad\u00e9s chez eux, sans eau ni \u00e9lectricit\u00e9, avec des stocks de nourriture quasiment \u00e0 sec et de moins en moins d&rsquo;argent en poche, a-t-on indiqu\u00e9. Ils ne s&rsquo;informent les uns les autres de leur sort ou de leurs besoins que lorsque le r\u00e9seau t\u00e9l\u00e9phonique ou internet revient, au gr\u00e9 des efforts des compagnies de t\u00e9l\u00e9communications qui peinent \u00e0 trouver du carburant pour faire tourner les g\u00e9n\u00e9rateurs qui gardent le pays connect\u00e9 au monde. De l&rsquo;autre c\u00f4t\u00e9 de la mer Rouge, \u00e0 Jeddah en Arabie saoudite, les deux g\u00e9n\u00e9raux en guerre pour le pouvoir, le chef de l&rsquo;arm\u00e9e Abdel Fattah al-Burhane et le patron des redout\u00e9s paramilitaires des Forces de soutien rapide (FSR) Mohamed Hamdane Daglo, ont envoy\u00e9 des \u00e9missaires n\u00e9gocier une tr\u00eave. Ces \u00ab\u00a0pr\u00e9-discussions\u00a0\u00bb sont uniquement \u00ab\u00a0techniques\u00a0\u00bb, pr\u00e9viennent depuis plusieurs jours les n\u00e9gociateurs soudanais et internationaux. Elles se limiteront, assurent les experts, \u00e0 d\u00e9gager des corridors s\u00e9curis\u00e9s pour l&rsquo;aide humanitaire qui arrive sur la c\u00f4te est, \u00e0 Port-Soudan, afin de nourrir et de soigner les civils pris au pi\u00e8ge \u00e0 Khartoum et au Darfour, dans l&rsquo;ouest frontalier du Tchad. Dans ces deux zones, quasiment plus aucun h\u00f4pital ne fonctionne, cibles de bombardements. Leurs r\u00e9serves en nourriture et m\u00e9dicaments sont presque syst\u00e9matiquement pill\u00e9es. Les pourparlers \u00e0 Jeddah n&rsquo;ont cependant pas d\u00e9bouch\u00e9 sur des \u00ab\u00a0progr\u00e8s majeurs\u00a0\u00bb pour l&rsquo;instant, affirme \u00e0 l&rsquo;AFP au deuxi\u00e8me jour de n\u00e9gociations un diplomate saoudien. Et le responsable de l&rsquo;ONU pour les affaires humanitaires, Martin Griffiths, arriv\u00e9 dimanche \u00e0 Jeddah, a \u00ab\u00a0demand\u00e9 \u00e0 participer aux n\u00e9gociations\u00a0\u00bb, mais sa demande n&rsquo;a pas encore abouti, rapporte un fonctionnaire de l&rsquo;ONU \u00e0 l&rsquo;AFP sous couvert d&rsquo;anonymat. Jusqu&rsquo;ici, les nombreux cessez-le-feu promis ont \u00e9t\u00e9 viol\u00e9s dans les minutes suivant leur annonce. L&rsquo;ONG ACLED d\u00e9nombre d\u00e9j\u00e0 plus de 750 morts, les autorit\u00e9s soudanaises 5.000 bless\u00e9s et l&rsquo;ONU 335.000 d\u00e9plac\u00e9s et 117.000 r\u00e9fugi\u00e9s.<\/p>\n\n\n\n<p>R.I.<\/p>\n","protected":false},"excerpt":{"rendered":"<p>Les combats entre l&rsquo;arm\u00e9e r\u00e9guli\u00e8re et les Forces de soutien rapide (FSR) se poursuivaient, hierau Soudan, o\u00f9 la situation humanitaire<\/p>\n","protected":false},"author":3,"featured_media":40672,"comment_status":"open","ping_status":"closed","sticky":false,"template":"","format":"standard","meta":{"colormag_page_container_layout":"default_layout","colormag_page_sidebar_layout":"default_layout","om_disable_all_campaigns":false,"_monsterinsights_skip_tracking":false,"_monsterinsights_sitenote_active":false,"_monsterinsights_sitenote_note":"","_monsterinsights_sitenote_category":0,"footnotes":"","_wpscppro_dont_share_socialmedia":false,"_wpscppro_custom_social_share_image":0,"_facebook_share_type":"","_twitter_share_type":"","_linkedin_share_type":"","_pinterest_share_type":"","_linkedin_share_type_page":"","_instagram_share_type":"","_medium_share_type":"","_threads_share_type":"","_google_business_share_type":"","_selected_social_profile":[],"_wpsp_enable_custom_social_template":false,"_wpsp_social_scheduling":{"enabled":false,"datetime":null,"platforms":[],"status":"template_only","dateOption":"today","timeOption":"now","customDays":"","customHours":"","customDate":"","customTime":"","schedulingType":"absolute"},"_wpsp_active_default_template":true},"categories":[37],"tags":[],"class_list":["post-40670","post","type-post","status-publish","format-standard","has-post-thumbnail","hentry","category-monde"],"aioseo_notices":[],"yoast_head":"<!-- This site is optimized with the Yoast SEO plugin v27.5 - https:\/\/yoast.com\/product\/yoast-seo-wordpress\/ -->\n<title>Soudan\u00a0: Les combats continuent, la situation humanitaire s&rsquo;aggrave - La Sentinelle<\/title>\n<meta name=\"robots\" content=\"index, follow, max-snippet:-1, max-image-preview:large, max-video-preview:-1\" \/>\n<link rel=\"canonical\" href=\"https:\/\/lasentinelle.dz\/index.php\/2023\/05\/08\/soudan-les-combats-continuent-la-situation-humanitaire-saggrave\/\" \/>\n<meta property=\"og:locale\" content=\"fr_FR\" \/>\n<meta property=\"og:type\" content=\"article\" \/>\n<meta property=\"og:title\" content=\"Soudan\u00a0: Les combats continuent, la situation humanitaire s&rsquo;aggrave - La Sentinelle\" \/>\n<meta property=\"og:description\" content=\"Les combats entre l&rsquo;arm\u00e9e r\u00e9guli\u00e8re et les Forces de soutien rapide (FSR) se poursuivaient, hierau Soudan, o\u00f9 la situation humanitaire\" \/>\n<meta property=\"og:url\" content=\"https:\/\/lasentinelle.dz\/index.php\/2023\/05\/08\/soudan-les-combats-continuent-la-situation-humanitaire-saggrave\/\" \/>\n<meta property=\"og:site_name\" content=\"La Sentinelle\" \/>\n<meta property=\"article:publisher\" content=\"https:\/\/www.facebook.com\/La-Sentinelle-104059864394773\" \/>\n<meta property=\"article:published_time\" content=\"2023-05-08T21:05:00+00:00\" \/>\n<meta property=\"og:image\" content=\"https:\/\/lasentinelle.dz\/wp-content\/uploads\/2023\/05\/image_2023-05-08_151414995.png\" \/>\n\t<meta property=\"og:image:width\" content=\"670\" \/>\n\t<meta property=\"og:image:height\" content=\"395\" \/>\n\t<meta property=\"og:image:type\" content=\"image\/png\" \/>\n<meta name=\"author\" content=\"La Sentinelle\" \/>\n<meta name=\"twitter:card\" content=\"summary_large_image\" \/>\n<meta name=\"twitter:label1\" content=\"\u00c9crit par\" \/>\n\t<meta name=\"twitter:data1\" content=\"La Sentinelle\" \/>\n\t<meta name=\"twitter:label2\" content=\"Dur\u00e9e de lecture estim\u00e9e\" \/>\n\t<meta name=\"twitter:data2\" content=\"2 minutes\" \/>\n<script type=\"application\/ld+json\" class=\"yoast-schema-graph\">{\"@context\":\"https:\\\/\\\/schema.org\",\"@graph\":[{\"@type\":\"Article\",\"@id\":\"https:\\\/\\\/lasentinelle.dz\\\/index.php\\\/2023\\\/05\\\/08\\\/soudan-les-combats-continuent-la-situation-humanitaire-saggrave\\\/#article\",\"isPartOf\":{\"@id\":\"https:\\\/\\\/lasentinelle.dz\\\/index.php\\\/2023\\\/05\\\/08\\\/soudan-les-combats-continuent-la-situation-humanitaire-saggrave\\\/\"},\"author\":{\"name\":\"La Sentinelle\",\"@id\":\"https:\\\/\\\/lasentinelle.dz\\\/#\\\/schema\\\/person\\\/d865044e22e70a75174ce8bcad3acfb3\"},\"headline\":\"Soudan\u00a0: Les combats continuent, la situation humanitaire s&rsquo;aggrave\",\"datePublished\":\"2023-05-08T21:05:00+00:00\",\"mainEntityOfPage\":{\"@id\":\"https:\\\/\\\/lasentinelle.dz\\\/index.php\\\/2023\\\/05\\\/08\\\/soudan-les-combats-continuent-la-situation-humanitaire-saggrave\\\/\"},\"wordCount\":446,\"commentCount\":0,\"publisher\":{\"@id\":\"https:\\\/\\\/lasentinelle.dz\\\/#organization\"},\"image\":{\"@id\":\"https:\\\/\\\/lasentinelle.dz\\\/index.php\\\/2023\\\/05\\\/08\\\/soudan-les-combats-continuent-la-situation-humanitaire-saggrave\\\/#primaryimage\"},\"thumbnailUrl\":\"https:\\\/\\\/lasentinelle.dz\\\/wp-content\\\/uploads\\\/2023\\\/05\\\/image_2023-05-08_151414995.png\",\"articleSection\":[\"Monde\"],\"inLanguage\":\"fr-FR\",\"potentialAction\":[{\"@type\":\"CommentAction\",\"name\":\"Comment\",\"target\":[\"https:\\\/\\\/lasentinelle.dz\\\/index.php\\\/2023\\\/05\\\/08\\\/soudan-les-combats-continuent-la-situation-humanitaire-saggrave\\\/#respond\"]}]},{\"@type\":\"WebPage\",\"@id\":\"https:\\\/\\\/lasentinelle.dz\\\/index.php\\\/2023\\\/05\\\/08\\\/soudan-les-combats-continuent-la-situation-humanitaire-saggrave\\\/\",\"url\":\"https:\\\/\\\/lasentinelle.dz\\\/index.php\\\/2023\\\/05\\\/08\\\/soudan-les-combats-continuent-la-situation-humanitaire-saggrave\\\/\",\"name\":\"Soudan\u00a0: Les combats continuent, la situation humanitaire s&rsquo;aggrave - La Sentinelle\",\"isPartOf\":{\"@id\":\"https:\\\/\\\/lasentinelle.dz\\\/#website\"},\"primaryImageOfPage\":{\"@id\":\"https:\\\/\\\/lasentinelle.dz\\\/index.php\\\/2023\\\/05\\\/08\\\/soudan-les-combats-continuent-la-situation-humanitaire-saggrave\\\/#primaryimage\"},\"image\":{\"@id\":\"https:\\\/\\\/lasentinelle.dz\\\/index.php\\\/2023\\\/05\\\/08\\\/soudan-les-combats-continuent-la-situation-humanitaire-saggrave\\\/#primaryimage\"},\"thumbnailUrl\":\"https:\\\/\\\/lasentinelle.dz\\\/wp-content\\\/uploads\\\/2023\\\/05\\\/image_2023-05-08_151414995.png\",\"datePublished\":\"2023-05-08T21:05:00+00:00\",\"breadcrumb\":{\"@id\":\"https:\\\/\\\/lasentinelle.dz\\\/index.php\\\/2023\\\/05\\\/08\\\/soudan-les-combats-continuent-la-situation-humanitaire-saggrave\\\/#breadcrumb\"},\"inLanguage\":\"fr-FR\",\"potentialAction\":[{\"@type\":\"ReadAction\",\"target\":[\"https:\\\/\\\/lasentinelle.dz\\\/index.php\\\/2023\\\/05\\\/08\\\/soudan-les-combats-continuent-la-situation-humanitaire-saggrave\\\/\"]}]},{\"@type\":\"ImageObject\",\"inLanguage\":\"fr-FR\",\"@id\":\"https:\\\/\\\/lasentinelle.dz\\\/index.php\\\/2023\\\/05\\\/08\\\/soudan-les-combats-continuent-la-situation-humanitaire-saggrave\\\/#primaryimage\",\"url\":\"https:\\\/\\\/lasentinelle.dz\\\/wp-content\\\/uploads\\\/2023\\\/05\\\/image_2023-05-08_151414995.png\",\"contentUrl\":\"https:\\\/\\\/lasentinelle.dz\\\/wp-content\\\/uploads\\\/2023\\\/05\\\/image_2023-05-08_151414995.png\",\"width\":670,\"height\":395},{\"@type\":\"BreadcrumbList\",\"@id\":\"https:\\\/\\\/lasentinelle.dz\\\/index.php\\\/2023\\\/05\\\/08\\\/soudan-les-combats-continuent-la-situation-humanitaire-saggrave\\\/#breadcrumb\",\"itemListElement\":[{\"@type\":\"ListItem\",\"position\":1,\"name\":\"Accueil\",\"item\":\"https:\\\/\\\/lasentinelle.dz\\\/\"},{\"@type\":\"ListItem\",\"position\":2,\"name\":\"Soudan\u00a0: Les combats continuent, la situation humanitaire s&rsquo;aggrave\"}]},{\"@type\":\"WebSite\",\"@id\":\"https:\\\/\\\/lasentinelle.dz\\\/#website\",\"url\":\"https:\\\/\\\/lasentinelle.dz\\\/\",\"name\":\"La Sentinelle\",\"description\":\"Quotidien national d&#039;information\",\"publisher\":{\"@id\":\"https:\\\/\\\/lasentinelle.dz\\\/#organization\"},\"potentialAction\":[{\"@type\":\"SearchAction\",\"target\":{\"@type\":\"EntryPoint\",\"urlTemplate\":\"https:\\\/\\\/lasentinelle.dz\\\/?s={search_term_string}\"},\"query-input\":{\"@type\":\"PropertyValueSpecification\",\"valueRequired\":true,\"valueName\":\"search_term_string\"}}],\"inLanguage\":\"fr-FR\"},{\"@type\":\"Organization\",\"@id\":\"https:\\\/\\\/lasentinelle.dz\\\/#organization\",\"name\":\"Quotidien La Sentinelle\",\"url\":\"https:\\\/\\\/lasentinelle.dz\\\/\",\"logo\":{\"@type\":\"ImageObject\",\"inLanguage\":\"fr-FR\",\"@id\":\"https:\\\/\\\/lasentinelle.dz\\\/#\\\/schema\\\/logo\\\/image\\\/\",\"url\":\"https:\\\/\\\/lasentinelle.dz\\\/wp-content\\\/uploads\\\/2021\\\/09\\\/logo-sentinelleSLOGAN-1.png\",\"contentUrl\":\"https:\\\/\\\/lasentinelle.dz\\\/wp-content\\\/uploads\\\/2021\\\/09\\\/logo-sentinelleSLOGAN-1.png\",\"width\":615,\"height\":142,\"caption\":\"Quotidien La Sentinelle\"},\"image\":{\"@id\":\"https:\\\/\\\/lasentinelle.dz\\\/#\\\/schema\\\/logo\\\/image\\\/\"},\"sameAs\":[\"https:\\\/\\\/www.facebook.com\\\/La-Sentinelle-104059864394773\"]},{\"@type\":\"Person\",\"@id\":\"https:\\\/\\\/lasentinelle.dz\\\/#\\\/schema\\\/person\\\/d865044e22e70a75174ce8bcad3acfb3\",\"name\":\"La Sentinelle\",\"image\":{\"@type\":\"ImageObject\",\"inLanguage\":\"fr-FR\",\"@id\":\"https:\\\/\\\/secure.gravatar.com\\\/avatar\\\/57de8e5d4b15d43fb361a71fbb36338450fe67865b528a43dd10ef7c51a20392?s=96&d=mm&r=g\",\"url\":\"https:\\\/\\\/secure.gravatar.com\\\/avatar\\\/57de8e5d4b15d43fb361a71fbb36338450fe67865b528a43dd10ef7c51a20392?s=96&d=mm&r=g\",\"contentUrl\":\"https:\\\/\\\/secure.gravatar.com\\\/avatar\\\/57de8e5d4b15d43fb361a71fbb36338450fe67865b528a43dd10ef7c51a20392?s=96&d=mm&r=g\",\"caption\":\"La Sentinelle\"},\"sameAs\":[\"http:\\\/\\\/www.lasentinelle.dz\"],\"url\":\"https:\\\/\\\/lasentinelle.dz\\\/author\\\/redaction\\\/\"}]}<\/script>\n<!-- \/ Yoast SEO plugin. -->","yoast_head_json":{"title":"Soudan\u00a0: Les combats continuent, la situation humanitaire s&rsquo;aggrave - La Sentinelle","robots":{"index":"index","follow":"follow","max-snippet":"max-snippet:-1","max-image-preview":"max-image-preview:large","max-video-preview":"max-video-preview:-1"},"canonical":"https:\/\/lasentinelle.dz\/index.php\/2023\/05\/08\/soudan-les-combats-continuent-la-situation-humanitaire-saggrave\/","og_locale":"fr_FR","og_type":"article","og_title":"Soudan\u00a0: Les combats continuent, la situation humanitaire s&rsquo;aggrave - La Sentinelle","og_description":"Les combats entre l&rsquo;arm\u00e9e r\u00e9guli\u00e8re et les Forces de soutien rapide (FSR) se poursuivaient, hierau Soudan, o\u00f9 la situation humanitaire","og_url":"https:\/\/lasentinelle.dz\/index.php\/2023\/05\/08\/soudan-les-combats-continuent-la-situation-humanitaire-saggrave\/","og_site_name":"La Sentinelle","article_publisher":"https:\/\/www.facebook.com\/La-Sentinelle-104059864394773","article_published_time":"2023-05-08T21:05:00+00:00","og_image":[{"width":670,"height":395,"url":"https:\/\/lasentinelle.dz\/wp-content\/uploads\/2023\/05\/image_2023-05-08_151414995.png","type":"image\/png"}],"author":"La Sentinelle","twitter_card":"summary_large_image","twitter_misc":{"\u00c9crit par":"La Sentinelle","Dur\u00e9e de lecture estim\u00e9e":"2 minutes"},"schema":{"@context":"https:\/\/schema.org","@graph":[{"@type":"Article","@id":"https:\/\/lasentinelle.dz\/index.php\/2023\/05\/08\/soudan-les-combats-continuent-la-situation-humanitaire-saggrave\/#article","isPartOf":{"@id":"https:\/\/lasentinelle.dz\/index.php\/2023\/05\/08\/soudan-les-combats-continuent-la-situation-humanitaire-saggrave\/"},"author":{"name":"La Sentinelle","@id":"https:\/\/lasentinelle.dz\/#\/schema\/person\/d865044e22e70a75174ce8bcad3acfb3"},"headline":"Soudan\u00a0: Les combats continuent, la situation humanitaire s&rsquo;aggrave","datePublished":"2023-05-08T21:05:00+00:00","mainEntityOfPage":{"@id":"https:\/\/lasentinelle.dz\/index.php\/2023\/05\/08\/soudan-les-combats-continuent-la-situation-humanitaire-saggrave\/"},"wordCount":446,"commentCount":0,"publisher":{"@id":"https:\/\/lasentinelle.dz\/#organization"},"image":{"@id":"https:\/\/lasentinelle.dz\/index.php\/2023\/05\/08\/soudan-les-combats-continuent-la-situation-humanitaire-saggrave\/#primaryimage"},"thumbnailUrl":"https:\/\/lasentinelle.dz\/wp-content\/uploads\/2023\/05\/image_2023-05-08_151414995.png","articleSection":["Monde"],"inLanguage":"fr-FR","potentialAction":[{"@type":"CommentAction","name":"Comment","target":["https:\/\/lasentinelle.dz\/index.php\/2023\/05\/08\/soudan-les-combats-continuent-la-situation-humanitaire-saggrave\/#respond"]}]},{"@type":"WebPage","@id":"https:\/\/lasentinelle.dz\/index.php\/2023\/05\/08\/soudan-les-combats-continuent-la-situation-humanitaire-saggrave\/","url":"https:\/\/lasentinelle.dz\/index.php\/2023\/05\/08\/soudan-les-combats-continuent-la-situation-humanitaire-saggrave\/","name":"Soudan\u00a0: Les combats continuent, la situation humanitaire s&rsquo;aggrave - La Sentinelle","isPartOf":{"@id":"https:\/\/lasentinelle.dz\/#website"},"primaryImageOfPage":{"@id":"https:\/\/lasentinelle.dz\/index.php\/2023\/05\/08\/soudan-les-combats-continuent-la-situation-humanitaire-saggrave\/#primaryimage"},"image":{"@id":"https:\/\/lasentinelle.dz\/index.php\/2023\/05\/08\/soudan-les-combats-continuent-la-situation-humanitaire-saggrave\/#primaryimage"},"thumbnailUrl":"https:\/\/lasentinelle.dz\/wp-content\/uploads\/2023\/05\/image_2023-05-08_151414995.png","datePublished":"2023-05-08T21:05:00+00:00","breadcrumb":{"@id":"https:\/\/lasentinelle.dz\/index.php\/2023\/05\/08\/soudan-les-combats-continuent-la-situation-humanitaire-saggrave\/#breadcrumb"},"inLanguage":"fr-FR","potentialAction":[{"@type":"ReadAction","target":["https:\/\/lasentinelle.dz\/index.php\/2023\/05\/08\/soudan-les-combats-continuent-la-situation-humanitaire-saggrave\/"]}]},{"@type":"ImageObject","inLanguage":"fr-FR","@id":"https:\/\/lasentinelle.dz\/index.php\/2023\/05\/08\/soudan-les-combats-continuent-la-situation-humanitaire-saggrave\/#primaryimage","url":"https:\/\/lasentinelle.dz\/wp-content\/uploads\/2023\/05\/image_2023-05-08_151414995.png","contentUrl":"https:\/\/lasentinelle.dz\/wp-content\/uploads\/2023\/05\/image_2023-05-08_151414995.png","width":670,"height":395},{"@type":"BreadcrumbList","@id":"https:\/\/lasentinelle.dz\/index.php\/2023\/05\/08\/soudan-les-combats-continuent-la-situation-humanitaire-saggrave\/#breadcrumb","itemListElement":[{"@type":"ListItem","position":1,"name":"Accueil","item":"https:\/\/lasentinelle.dz\/"},{"@type":"ListItem","position":2,"name":"Soudan\u00a0: Les combats continuent, la situation humanitaire s&rsquo;aggrave"}]},{"@type":"WebSite","@id":"https:\/\/lasentinelle.dz\/#website","url":"https:\/\/lasentinelle.dz\/","name":"La Sentinelle","description":"Quotidien national d&#039;information","publisher":{"@id":"https:\/\/lasentinelle.dz\/#organization"},"potentialAction":[{"@type":"SearchAction","target":{"@type":"EntryPoint","urlTemplate":"https:\/\/lasentinelle.dz\/?s={search_term_string}"},"query-input":{"@type":"PropertyValueSpecification","valueRequired":true,"valueName":"search_term_string"}}],"inLanguage":"fr-FR"},{"@type":"Organization","@id":"https:\/\/lasentinelle.dz\/#organization","name":"Quotidien La Sentinelle","url":"https:\/\/lasentinelle.dz\/","logo":{"@type":"ImageObject","inLanguage":"fr-FR","@id":"https:\/\/lasentinelle.dz\/#\/schema\/logo\/image\/","url":"https:\/\/lasentinelle.dz\/wp-content\/uploads\/2021\/09\/logo-sentinelleSLOGAN-1.png","contentUrl":"https:\/\/lasentinelle.dz\/wp-content\/uploads\/2021\/09\/logo-sentinelleSLOGAN-1.png","width":615,"height":142,"caption":"Quotidien La Sentinelle"},"image":{"@id":"https:\/\/lasentinelle.dz\/#\/schema\/logo\/image\/"},"sameAs":["https:\/\/www.facebook.com\/La-Sentinelle-104059864394773"]},{"@type":"Person","@id":"https:\/\/lasentinelle.dz\/#\/schema\/person\/d865044e22e70a75174ce8bcad3acfb3","name":"La Sentinelle","image":{"@type":"ImageObject","inLanguage":"fr-FR","@id":"https:\/\/secure.gravatar.com\/avatar\/57de8e5d4b15d43fb361a71fbb36338450fe67865b528a43dd10ef7c51a20392?s=96&d=mm&r=g","url":"https:\/\/secure.gravatar.com\/avatar\/57de8e5d4b15d43fb361a71fbb36338450fe67865b528a43dd10ef7c51a20392?s=96&d=mm&r=g","contentUrl":"https:\/\/secure.gravatar.com\/avatar\/57de8e5d4b15d43fb361a71fbb36338450fe67865b528a43dd10ef7c51a20392?s=96&d=mm&r=g","caption":"La Sentinelle"},"sameAs":["http:\/\/www.lasentinelle.dz"],"url":"https:\/\/lasentinelle.dz\/author\/redaction\/"}]}},"_links":{"self":[{"href":"https:\/\/lasentinelle.dz\/index.php\/wp-json\/wp\/v2\/posts\/40670","targetHints":{"allow":["GET"]}}],"collection":[{"href":"https:\/\/lasentinelle.dz\/index.php\/wp-json\/wp\/v2\/posts"}],"about":[{"href":"https:\/\/lasentinelle.dz\/index.php\/wp-json\/wp\/v2\/types\/post"}],"author":[{"embeddable":true,"href":"https:\/\/lasentinelle.dz\/index.php\/wp-json\/wp\/v2\/users\/3"}],"replies":[{"embeddable":true,"href":"https:\/\/lasentinelle.dz\/index.php\/wp-json\/wp\/v2\/comments?post=40670"}],"version-history":[{"count":1,"href":"https:\/\/lasentinelle.dz\/index.php\/wp-json\/wp\/v2\/posts\/40670\/revisions"}],"predecessor-version":[{"id":40678,"href":"https:\/\/lasentinelle.dz\/index.php\/wp-json\/wp\/v2\/posts\/40670\/revisions\/40678"}],"wp:featuredmedia":[{"embeddable":true,"href":"https:\/\/lasentinelle.dz\/index.php\/wp-json\/wp\/v2\/media\/40672"}],"wp:attachment":[{"href":"https:\/\/lasentinelle.dz\/index.php\/wp-json\/wp\/v2\/media?parent=40670"}],"wp:term":[{"taxonomy":"category","embeddable":true,"href":"https:\/\/lasentinelle.dz\/index.php\/wp-json\/wp\/v2\/categories?post=40670"},{"taxonomy":"post_tag","embeddable":true,"href":"https:\/\/lasentinelle.dz\/index.php\/wp-json\/wp\/v2\/tags?post=40670"}],"curies":[{"name":"wp","href":"https:\/\/api.w.org\/{rel}","templated":true}]}}