{"id":40695,"date":"2023-05-08T22:05:00","date_gmt":"2023-05-08T21:05:00","guid":{"rendered":"https:\/\/lasentinelle.dz\/?p=40695"},"modified":"2023-05-08T19:13:05","modified_gmt":"2023-05-08T18:13:05","slug":"gestion-des-risques-majeurs-merad-pour-limplication-des-operateurs-economiques-et-de-la-societe-civile","status":"publish","type":"post","link":"https:\/\/lasentinelle.dz\/index.php\/2023\/05\/08\/gestion-des-risques-majeurs-merad-pour-limplication-des-operateurs-economiques-et-de-la-societe-civile\/","title":{"rendered":"Gestion des risques majeurs\u00a0: Merad pour l\u2019implication des op\u00e9rateurs \u00e9conomiques et de la soci\u00e9t\u00e9 civile"},"content":{"rendered":"\n<p>Le ministre de l&rsquo;Int\u00e9rieur, des Collectivit\u00e9s locales et de l&rsquo;Am\u00e9nagement du territoire, Brahim Merad a affirm\u00e9, dimanche dans son allocution lors d&rsquo;une rencontre \u00e0 Chlef sur la dimension locale de la pr\u00e9vention des risques majeurs dans le cadre du Programme de renforcement des capacit\u00e9s des acteurs du d\u00e9veloppement local \u00ab\u00a0CapDeL\u00a0\u00bb que \u00ab\u00a0les r\u00e9sultats escompt\u00e9s ne sauraient \u00eatre concr\u00e9tis\u00e9s dans ce cadre sans une approche globale comprenant toutes les dimensions li\u00e9es \u00e0 la lutte contre les risques majeurs, et une int\u00e9gration au niveau communal et de wilayas, ainsi qu&rsquo;une implication de tous les organes institutionnels, les op\u00e9rateurs \u00e9conomiques et la soci\u00e9t\u00e9 civile\u00a0\u00bb. Le ministre a insist\u00e9 sur \u00ab\u00a0l&rsquo;int\u00e9r\u00eat accord\u00e9 par les pouvoirs publics \u00e0 la garantie de la s\u00e9curit\u00e9 des citoyens et leurs biens et leur protection des diff\u00e9rents risques, ainsi que la pr\u00e9servation des infrastructures dans notre pays et l&rsquo;\u00e9cosyst\u00e8me avec ses diff\u00e9rentes richesses et piliers\u00a0\u00bb. Merad rel\u00e8vera que cela intervient dans le cadre des instructions du Pr\u00e9sident de la R\u00e9publique, M. Abdelmadjid Tebboune, concernant \u00ab\u00a0la n\u00e9cessit\u00e9 de moderniser le syst\u00e8me national de pr\u00e9vention des risques et l&rsquo;augmentation continue de nos capacit\u00e9s pour faire face aux catastrophes naturelles\u00a0\u00bb.<\/p>\n\n\n\n<p>Merad a mis en avant \u00ab\u00a0l&rsquo;importance de poursuivre la sensibilisation active de proximit\u00e9 en consacrant le caract\u00e8re local des actions de sensibilisation et en renfor\u00e7ant l&rsquo;action participative avec les diff\u00e9rents acteurs de la soci\u00e9t\u00e9 civile\u00a0\u00bb. Il rel\u00e8vera aussi l&rsquo;int\u00e9r\u00eat accord\u00e9 \u00ab aux activit\u00e9s adapt\u00e9es aux jeunes \u00bb. Le ministre saluera le r\u00f4le des repr\u00e9sentants de la soci\u00e9t\u00e9 civile et des m\u00e9dias \u00ab\u00a0pour leur adh\u00e9sion b\u00e9n\u00e9vole et constructive \u00e0 ces op\u00e9rations de sensibilisation d&rsquo;int\u00e9r\u00eat public \u00e0 m\u00eame d&rsquo;apporter une valeur ajout\u00e9e et contribuer \u00e0 la r\u00e9alisation de nos objectifs\u00a0\u00bb. Au sujet de la pr\u00e9sentation de l&rsquo;exp\u00e9rience pilote innovante d\u00e9velopp\u00e9e au niveau de la wilaya de Chlef, qui consiste en la pr\u00e9paration du premier sch\u00e9ma communal de lutte contre les risques majeurs au niveau de la commune de Ouled Ben Abdelkader, Merad indiquera que ce sch\u00e9ma pilote \u00ab\u00a0vient mettre en lumi\u00e8re le r\u00f4le pivot au niveau local dans le syst\u00e8me national de pr\u00e9vention contre les risques majeurs\u00a0\u00bb.&nbsp; Le ministre de l&rsquo;Int\u00e9rieur a soulign\u00e9 dans ce sillage, \u00ab\u00a0l&rsquo;importance d&rsquo;une action multisectorielle sur tous les plans\u00a0\u00bb.&nbsp; Il appelle \u00e0 \u00ab\u00a0l&rsquo;inclusion de cette approche dans l&rsquo;arsenal juridique nationale notamment en ce qui concerne le code de la wilaya, objet de r\u00e9vision, permettant la g\u00e9n\u00e9ralisation de l&rsquo;application de ces plans locaux en mati\u00e8re de pr\u00e9vention des risques majeurs en vue d&rsquo;assurer un processus de d\u00e9veloppement humain et \u00e9conomique durable\u00a0\u00bb. Brahim Merad rappelle que les man\u0153uvres et exercices op\u00e9rationnels organis\u00e9s par la direction g\u00e9n\u00e9rale de la Protection civile \u00e0 Chlef, Batna, Ouargla et Bouira, avaient pour objectif de tester la disposition des groupes d&rsquo;intervention en termes de mobilisation, d&rsquo;\u00e9quipements, de rapidit\u00e9 et du niveau de coordination. Ces crit\u00e8res, ajoute le ministre, permettent de prendre les mesures appropri\u00e9es pour la lutte contre les diff\u00e9rents risques tels que les s\u00e9ismes, les inondations et les feux de for\u00eats.<\/p>\n\n\n\n<p>R.N.<\/p>\n","protected":false},"excerpt":{"rendered":"<p>Le ministre de l&rsquo;Int\u00e9rieur, des Collectivit\u00e9s locales et de l&rsquo;Am\u00e9nagement du territoire, Brahim Merad a affirm\u00e9, dimanche dans son allocution<\/p>\n","protected":false},"author":3,"featured_media":40707,"comment_status":"open","ping_status":"closed","sticky":false,"template":"","format":"standard","meta":{"colormag_page_container_layout":"default_layout","colormag_page_sidebar_layout":"default_layout","om_disable_all_campaigns":false,"_monsterinsights_skip_tracking":false,"_monsterinsights_sitenote_active":false,"_monsterinsights_sitenote_note":"","_monsterinsights_sitenote_category":0,"footnotes":"","_wpscppro_dont_share_socialmedia":false,"_wpscppro_custom_social_share_image":0,"_facebook_share_type":"","_twitter_share_type":"","_linkedin_share_type":"","_pinterest_share_type":"","_linkedin_share_type_page":"","_instagram_share_type":"","_medium_share_type":"","_threads_share_type":"","_google_business_share_type":"","_selected_social_profile":[],"_wpsp_enable_custom_social_template":false,"_wpsp_social_scheduling":{"enabled":false,"datetime":null,"platforms":[],"status":"template_only","dateOption":"today","timeOption":"now","customDays":"","customHours":"","customDate":"","customTime":"","schedulingType":"absolute"},"_wpsp_active_default_template":true},"categories":[27],"tags":[],"class_list":["post-40695","post","type-post","status-publish","format-standard","has-post-thumbnail","hentry","category-actualite"],"aioseo_notices":[],"yoast_head":"<!-- This site is optimized with the Yoast SEO plugin v27.5 - https:\/\/yoast.com\/product\/yoast-seo-wordpress\/ -->\n<title>Gestion des risques majeurs\u00a0: Merad pour l\u2019implication des op\u00e9rateurs \u00e9conomiques et de la soci\u00e9t\u00e9 civile - La Sentinelle<\/title>\n<meta name=\"robots\" content=\"index, follow, max-snippet:-1, max-image-preview:large, max-video-preview:-1\" \/>\n<link rel=\"canonical\" href=\"https:\/\/lasentinelle.dz\/index.php\/2023\/05\/08\/gestion-des-risques-majeurs-merad-pour-limplication-des-operateurs-economiques-et-de-la-societe-civile\/\" \/>\n<meta property=\"og:locale\" content=\"fr_FR\" \/>\n<meta property=\"og:type\" content=\"article\" \/>\n<meta property=\"og:title\" content=\"Gestion des risques majeurs\u00a0: Merad pour l\u2019implication des op\u00e9rateurs \u00e9conomiques et de la soci\u00e9t\u00e9 civile - La Sentinelle\" \/>\n<meta property=\"og:description\" content=\"Le ministre de l&rsquo;Int\u00e9rieur, des Collectivit\u00e9s locales et de l&rsquo;Am\u00e9nagement du territoire, Brahim Merad a affirm\u00e9, dimanche dans son allocution\" \/>\n<meta property=\"og:url\" content=\"https:\/\/lasentinelle.dz\/index.php\/2023\/05\/08\/gestion-des-risques-majeurs-merad-pour-limplication-des-operateurs-economiques-et-de-la-societe-civile\/\" \/>\n<meta property=\"og:site_name\" content=\"La Sentinelle\" \/>\n<meta property=\"article:publisher\" content=\"https:\/\/www.facebook.com\/La-Sentinelle-104059864394773\" \/>\n<meta property=\"article:published_time\" content=\"2023-05-08T21:05:00+00:00\" \/>\n<meta property=\"og:image\" content=\"https:\/\/lasentinelle.dz\/wp-content\/uploads\/2023\/05\/image_2023-05-08_191255031.png\" \/>\n\t<meta property=\"og:image:width\" content=\"580\" \/>\n\t<meta property=\"og:image:height\" content=\"387\" \/>\n\t<meta property=\"og:image:type\" content=\"image\/png\" \/>\n<meta name=\"author\" content=\"La Sentinelle\" \/>\n<meta name=\"twitter:card\" content=\"summary_large_image\" \/>\n<meta name=\"twitter:label1\" content=\"\u00c9crit par\" \/>\n\t<meta name=\"twitter:data1\" content=\"La Sentinelle\" \/>\n\t<meta name=\"twitter:label2\" content=\"Dur\u00e9e de lecture estim\u00e9e\" \/>\n\t<meta name=\"twitter:data2\" content=\"3 minutes\" \/>\n<script type=\"application\/ld+json\" class=\"yoast-schema-graph\">{\"@context\":\"https:\\\/\\\/schema.org\",\"@graph\":[{\"@type\":\"Article\",\"@id\":\"https:\\\/\\\/lasentinelle.dz\\\/index.php\\\/2023\\\/05\\\/08\\\/gestion-des-risques-majeurs-merad-pour-limplication-des-operateurs-economiques-et-de-la-societe-civile\\\/#article\",\"isPartOf\":{\"@id\":\"https:\\\/\\\/lasentinelle.dz\\\/index.php\\\/2023\\\/05\\\/08\\\/gestion-des-risques-majeurs-merad-pour-limplication-des-operateurs-economiques-et-de-la-societe-civile\\\/\"},\"author\":{\"name\":\"La Sentinelle\",\"@id\":\"https:\\\/\\\/lasentinelle.dz\\\/#\\\/schema\\\/person\\\/d865044e22e70a75174ce8bcad3acfb3\"},\"headline\":\"Gestion des risques majeurs\u00a0: Merad pour l\u2019implication des op\u00e9rateurs \u00e9conomiques et de la soci\u00e9t\u00e9 civile\",\"datePublished\":\"2023-05-08T21:05:00+00:00\",\"mainEntityOfPage\":{\"@id\":\"https:\\\/\\\/lasentinelle.dz\\\/index.php\\\/2023\\\/05\\\/08\\\/gestion-des-risques-majeurs-merad-pour-limplication-des-operateurs-economiques-et-de-la-societe-civile\\\/\"},\"wordCount\":598,\"commentCount\":0,\"publisher\":{\"@id\":\"https:\\\/\\\/lasentinelle.dz\\\/#organization\"},\"image\":{\"@id\":\"https:\\\/\\\/lasentinelle.dz\\\/index.php\\\/2023\\\/05\\\/08\\\/gestion-des-risques-majeurs-merad-pour-limplication-des-operateurs-economiques-et-de-la-societe-civile\\\/#primaryimage\"},\"thumbnailUrl\":\"https:\\\/\\\/lasentinelle.dz\\\/wp-content\\\/uploads\\\/2023\\\/05\\\/image_2023-05-08_191255031.png\",\"articleSection\":[\"Actualit\u00e9\"],\"inLanguage\":\"fr-FR\",\"potentialAction\":[{\"@type\":\"CommentAction\",\"name\":\"Comment\",\"target\":[\"https:\\\/\\\/lasentinelle.dz\\\/index.php\\\/2023\\\/05\\\/08\\\/gestion-des-risques-majeurs-merad-pour-limplication-des-operateurs-economiques-et-de-la-societe-civile\\\/#respond\"]}]},{\"@type\":\"WebPage\",\"@id\":\"https:\\\/\\\/lasentinelle.dz\\\/index.php\\\/2023\\\/05\\\/08\\\/gestion-des-risques-majeurs-merad-pour-limplication-des-operateurs-economiques-et-de-la-societe-civile\\\/\",\"url\":\"https:\\\/\\\/lasentinelle.dz\\\/index.php\\\/2023\\\/05\\\/08\\\/gestion-des-risques-majeurs-merad-pour-limplication-des-operateurs-economiques-et-de-la-societe-civile\\\/\",\"name\":\"Gestion des risques majeurs\u00a0: Merad pour l\u2019implication des op\u00e9rateurs \u00e9conomiques et de la soci\u00e9t\u00e9 civile - La Sentinelle\",\"isPartOf\":{\"@id\":\"https:\\\/\\\/lasentinelle.dz\\\/#website\"},\"primaryImageOfPage\":{\"@id\":\"https:\\\/\\\/lasentinelle.dz\\\/index.php\\\/2023\\\/05\\\/08\\\/gestion-des-risques-majeurs-merad-pour-limplication-des-operateurs-economiques-et-de-la-societe-civile\\\/#primaryimage\"},\"image\":{\"@id\":\"https:\\\/\\\/lasentinelle.dz\\\/index.php\\\/2023\\\/05\\\/08\\\/gestion-des-risques-majeurs-merad-pour-limplication-des-operateurs-economiques-et-de-la-societe-civile\\\/#primaryimage\"},\"thumbnailUrl\":\"https:\\\/\\\/lasentinelle.dz\\\/wp-content\\\/uploads\\\/2023\\\/05\\\/image_2023-05-08_191255031.png\",\"datePublished\":\"2023-05-08T21:05:00+00:00\",\"breadcrumb\":{\"@id\":\"https:\\\/\\\/lasentinelle.dz\\\/index.php\\\/2023\\\/05\\\/08\\\/gestion-des-risques-majeurs-merad-pour-limplication-des-operateurs-economiques-et-de-la-societe-civile\\\/#breadcrumb\"},\"inLanguage\":\"fr-FR\",\"potentialAction\":[{\"@type\":\"ReadAction\",\"target\":[\"https:\\\/\\\/lasentinelle.dz\\\/index.php\\\/2023\\\/05\\\/08\\\/gestion-des-risques-majeurs-merad-pour-limplication-des-operateurs-economiques-et-de-la-societe-civile\\\/\"]}]},{\"@type\":\"ImageObject\",\"inLanguage\":\"fr-FR\",\"@id\":\"https:\\\/\\\/lasentinelle.dz\\\/index.php\\\/2023\\\/05\\\/08\\\/gestion-des-risques-majeurs-merad-pour-limplication-des-operateurs-economiques-et-de-la-societe-civile\\\/#primaryimage\",\"url\":\"https:\\\/\\\/lasentinelle.dz\\\/wp-content\\\/uploads\\\/2023\\\/05\\\/image_2023-05-08_191255031.png\",\"contentUrl\":\"https:\\\/\\\/lasentinelle.dz\\\/wp-content\\\/uploads\\\/2023\\\/05\\\/image_2023-05-08_191255031.png\",\"width\":580,\"height\":387},{\"@type\":\"BreadcrumbList\",\"@id\":\"https:\\\/\\\/lasentinelle.dz\\\/index.php\\\/2023\\\/05\\\/08\\\/gestion-des-risques-majeurs-merad-pour-limplication-des-operateurs-economiques-et-de-la-societe-civile\\\/#breadcrumb\",\"itemListElement\":[{\"@type\":\"ListItem\",\"position\":1,\"name\":\"Accueil\",\"item\":\"https:\\\/\\\/lasentinelle.dz\\\/\"},{\"@type\":\"ListItem\",\"position\":2,\"name\":\"Gestion des risques majeurs\u00a0: Merad pour l\u2019implication des op\u00e9rateurs \u00e9conomiques et de la soci\u00e9t\u00e9 civile\"}]},{\"@type\":\"WebSite\",\"@id\":\"https:\\\/\\\/lasentinelle.dz\\\/#website\",\"url\":\"https:\\\/\\\/lasentinelle.dz\\\/\",\"name\":\"La Sentinelle\",\"description\":\"Quotidien national d&#039;information\",\"publisher\":{\"@id\":\"https:\\\/\\\/lasentinelle.dz\\\/#organization\"},\"potentialAction\":[{\"@type\":\"SearchAction\",\"target\":{\"@type\":\"EntryPoint\",\"urlTemplate\":\"https:\\\/\\\/lasentinelle.dz\\\/?s={search_term_string}\"},\"query-input\":{\"@type\":\"PropertyValueSpecification\",\"valueRequired\":true,\"valueName\":\"search_term_string\"}}],\"inLanguage\":\"fr-FR\"},{\"@type\":\"Organization\",\"@id\":\"https:\\\/\\\/lasentinelle.dz\\\/#organization\",\"name\":\"Quotidien La Sentinelle\",\"url\":\"https:\\\/\\\/lasentinelle.dz\\\/\",\"logo\":{\"@type\":\"ImageObject\",\"inLanguage\":\"fr-FR\",\"@id\":\"https:\\\/\\\/lasentinelle.dz\\\/#\\\/schema\\\/logo\\\/image\\\/\",\"url\":\"https:\\\/\\\/lasentinelle.dz\\\/wp-content\\\/uploads\\\/2021\\\/09\\\/logo-sentinelleSLOGAN-1.png\",\"contentUrl\":\"https:\\\/\\\/lasentinelle.dz\\\/wp-content\\\/uploads\\\/2021\\\/09\\\/logo-sentinelleSLOGAN-1.png\",\"width\":615,\"height\":142,\"caption\":\"Quotidien La Sentinelle\"},\"image\":{\"@id\":\"https:\\\/\\\/lasentinelle.dz\\\/#\\\/schema\\\/logo\\\/image\\\/\"},\"sameAs\":[\"https:\\\/\\\/www.facebook.com\\\/La-Sentinelle-104059864394773\"]},{\"@type\":\"Person\",\"@id\":\"https:\\\/\\\/lasentinelle.dz\\\/#\\\/schema\\\/person\\\/d865044e22e70a75174ce8bcad3acfb3\",\"name\":\"La Sentinelle\",\"image\":{\"@type\":\"ImageObject\",\"inLanguage\":\"fr-FR\",\"@id\":\"https:\\\/\\\/secure.gravatar.com\\\/avatar\\\/57de8e5d4b15d43fb361a71fbb36338450fe67865b528a43dd10ef7c51a20392?s=96&d=mm&r=g\",\"url\":\"https:\\\/\\\/secure.gravatar.com\\\/avatar\\\/57de8e5d4b15d43fb361a71fbb36338450fe67865b528a43dd10ef7c51a20392?s=96&d=mm&r=g\",\"contentUrl\":\"https:\\\/\\\/secure.gravatar.com\\\/avatar\\\/57de8e5d4b15d43fb361a71fbb36338450fe67865b528a43dd10ef7c51a20392?s=96&d=mm&r=g\",\"caption\":\"La Sentinelle\"},\"sameAs\":[\"http:\\\/\\\/www.lasentinelle.dz\"],\"url\":\"https:\\\/\\\/lasentinelle.dz\\\/author\\\/redaction\\\/\"}]}<\/script>\n<!-- \/ Yoast SEO plugin. -->","yoast_head_json":{"title":"Gestion des risques majeurs\u00a0: Merad pour l\u2019implication des op\u00e9rateurs \u00e9conomiques et de la soci\u00e9t\u00e9 civile - La Sentinelle","robots":{"index":"index","follow":"follow","max-snippet":"max-snippet:-1","max-image-preview":"max-image-preview:large","max-video-preview":"max-video-preview:-1"},"canonical":"https:\/\/lasentinelle.dz\/index.php\/2023\/05\/08\/gestion-des-risques-majeurs-merad-pour-limplication-des-operateurs-economiques-et-de-la-societe-civile\/","og_locale":"fr_FR","og_type":"article","og_title":"Gestion des risques majeurs\u00a0: Merad pour l\u2019implication des op\u00e9rateurs \u00e9conomiques et de la soci\u00e9t\u00e9 civile - La Sentinelle","og_description":"Le ministre de l&rsquo;Int\u00e9rieur, des Collectivit\u00e9s locales et de l&rsquo;Am\u00e9nagement du territoire, Brahim Merad a affirm\u00e9, dimanche dans son allocution","og_url":"https:\/\/lasentinelle.dz\/index.php\/2023\/05\/08\/gestion-des-risques-majeurs-merad-pour-limplication-des-operateurs-economiques-et-de-la-societe-civile\/","og_site_name":"La Sentinelle","article_publisher":"https:\/\/www.facebook.com\/La-Sentinelle-104059864394773","article_published_time":"2023-05-08T21:05:00+00:00","og_image":[{"width":580,"height":387,"url":"https:\/\/lasentinelle.dz\/wp-content\/uploads\/2023\/05\/image_2023-05-08_191255031.png","type":"image\/png"}],"author":"La Sentinelle","twitter_card":"summary_large_image","twitter_misc":{"\u00c9crit par":"La Sentinelle","Dur\u00e9e de lecture estim\u00e9e":"3 minutes"},"schema":{"@context":"https:\/\/schema.org","@graph":[{"@type":"Article","@id":"https:\/\/lasentinelle.dz\/index.php\/2023\/05\/08\/gestion-des-risques-majeurs-merad-pour-limplication-des-operateurs-economiques-et-de-la-societe-civile\/#article","isPartOf":{"@id":"https:\/\/lasentinelle.dz\/index.php\/2023\/05\/08\/gestion-des-risques-majeurs-merad-pour-limplication-des-operateurs-economiques-et-de-la-societe-civile\/"},"author":{"name":"La Sentinelle","@id":"https:\/\/lasentinelle.dz\/#\/schema\/person\/d865044e22e70a75174ce8bcad3acfb3"},"headline":"Gestion des risques majeurs\u00a0: Merad pour l\u2019implication des op\u00e9rateurs \u00e9conomiques et de la soci\u00e9t\u00e9 civile","datePublished":"2023-05-08T21:05:00+00:00","mainEntityOfPage":{"@id":"https:\/\/lasentinelle.dz\/index.php\/2023\/05\/08\/gestion-des-risques-majeurs-merad-pour-limplication-des-operateurs-economiques-et-de-la-societe-civile\/"},"wordCount":598,"commentCount":0,"publisher":{"@id":"https:\/\/lasentinelle.dz\/#organization"},"image":{"@id":"https:\/\/lasentinelle.dz\/index.php\/2023\/05\/08\/gestion-des-risques-majeurs-merad-pour-limplication-des-operateurs-economiques-et-de-la-societe-civile\/#primaryimage"},"thumbnailUrl":"https:\/\/lasentinelle.dz\/wp-content\/uploads\/2023\/05\/image_2023-05-08_191255031.png","articleSection":["Actualit\u00e9"],"inLanguage":"fr-FR","potentialAction":[{"@type":"CommentAction","name":"Comment","target":["https:\/\/lasentinelle.dz\/index.php\/2023\/05\/08\/gestion-des-risques-majeurs-merad-pour-limplication-des-operateurs-economiques-et-de-la-societe-civile\/#respond"]}]},{"@type":"WebPage","@id":"https:\/\/lasentinelle.dz\/index.php\/2023\/05\/08\/gestion-des-risques-majeurs-merad-pour-limplication-des-operateurs-economiques-et-de-la-societe-civile\/","url":"https:\/\/lasentinelle.dz\/index.php\/2023\/05\/08\/gestion-des-risques-majeurs-merad-pour-limplication-des-operateurs-economiques-et-de-la-societe-civile\/","name":"Gestion des risques majeurs\u00a0: Merad pour l\u2019implication des op\u00e9rateurs \u00e9conomiques et de la soci\u00e9t\u00e9 civile - La Sentinelle","isPartOf":{"@id":"https:\/\/lasentinelle.dz\/#website"},"primaryImageOfPage":{"@id":"https:\/\/lasentinelle.dz\/index.php\/2023\/05\/08\/gestion-des-risques-majeurs-merad-pour-limplication-des-operateurs-economiques-et-de-la-societe-civile\/#primaryimage"},"image":{"@id":"https:\/\/lasentinelle.dz\/index.php\/2023\/05\/08\/gestion-des-risques-majeurs-merad-pour-limplication-des-operateurs-economiques-et-de-la-societe-civile\/#primaryimage"},"thumbnailUrl":"https:\/\/lasentinelle.dz\/wp-content\/uploads\/2023\/05\/image_2023-05-08_191255031.png","datePublished":"2023-05-08T21:05:00+00:00","breadcrumb":{"@id":"https:\/\/lasentinelle.dz\/index.php\/2023\/05\/08\/gestion-des-risques-majeurs-merad-pour-limplication-des-operateurs-economiques-et-de-la-societe-civile\/#breadcrumb"},"inLanguage":"fr-FR","potentialAction":[{"@type":"ReadAction","target":["https:\/\/lasentinelle.dz\/index.php\/2023\/05\/08\/gestion-des-risques-majeurs-merad-pour-limplication-des-operateurs-economiques-et-de-la-societe-civile\/"]}]},{"@type":"ImageObject","inLanguage":"fr-FR","@id":"https:\/\/lasentinelle.dz\/index.php\/2023\/05\/08\/gestion-des-risques-majeurs-merad-pour-limplication-des-operateurs-economiques-et-de-la-societe-civile\/#primaryimage","url":"https:\/\/lasentinelle.dz\/wp-content\/uploads\/2023\/05\/image_2023-05-08_191255031.png","contentUrl":"https:\/\/lasentinelle.dz\/wp-content\/uploads\/2023\/05\/image_2023-05-08_191255031.png","width":580,"height":387},{"@type":"BreadcrumbList","@id":"https:\/\/lasentinelle.dz\/index.php\/2023\/05\/08\/gestion-des-risques-majeurs-merad-pour-limplication-des-operateurs-economiques-et-de-la-societe-civile\/#breadcrumb","itemListElement":[{"@type":"ListItem","position":1,"name":"Accueil","item":"https:\/\/lasentinelle.dz\/"},{"@type":"ListItem","position":2,"name":"Gestion des risques majeurs\u00a0: Merad pour l\u2019implication des op\u00e9rateurs \u00e9conomiques et de la soci\u00e9t\u00e9 civile"}]},{"@type":"WebSite","@id":"https:\/\/lasentinelle.dz\/#website","url":"https:\/\/lasentinelle.dz\/","name":"La Sentinelle","description":"Quotidien national d&#039;information","publisher":{"@id":"https:\/\/lasentinelle.dz\/#organization"},"potentialAction":[{"@type":"SearchAction","target":{"@type":"EntryPoint","urlTemplate":"https:\/\/lasentinelle.dz\/?s={search_term_string}"},"query-input":{"@type":"PropertyValueSpecification","valueRequired":true,"valueName":"search_term_string"}}],"inLanguage":"fr-FR"},{"@type":"Organization","@id":"https:\/\/lasentinelle.dz\/#organization","name":"Quotidien La Sentinelle","url":"https:\/\/lasentinelle.dz\/","logo":{"@type":"ImageObject","inLanguage":"fr-FR","@id":"https:\/\/lasentinelle.dz\/#\/schema\/logo\/image\/","url":"https:\/\/lasentinelle.dz\/wp-content\/uploads\/2021\/09\/logo-sentinelleSLOGAN-1.png","contentUrl":"https:\/\/lasentinelle.dz\/wp-content\/uploads\/2021\/09\/logo-sentinelleSLOGAN-1.png","width":615,"height":142,"caption":"Quotidien La Sentinelle"},"image":{"@id":"https:\/\/lasentinelle.dz\/#\/schema\/logo\/image\/"},"sameAs":["https:\/\/www.facebook.com\/La-Sentinelle-104059864394773"]},{"@type":"Person","@id":"https:\/\/lasentinelle.dz\/#\/schema\/person\/d865044e22e70a75174ce8bcad3acfb3","name":"La Sentinelle","image":{"@type":"ImageObject","inLanguage":"fr-FR","@id":"https:\/\/secure.gravatar.com\/avatar\/57de8e5d4b15d43fb361a71fbb36338450fe67865b528a43dd10ef7c51a20392?s=96&d=mm&r=g","url":"https:\/\/secure.gravatar.com\/avatar\/57de8e5d4b15d43fb361a71fbb36338450fe67865b528a43dd10ef7c51a20392?s=96&d=mm&r=g","contentUrl":"https:\/\/secure.gravatar.com\/avatar\/57de8e5d4b15d43fb361a71fbb36338450fe67865b528a43dd10ef7c51a20392?s=96&d=mm&r=g","caption":"La Sentinelle"},"sameAs":["http:\/\/www.lasentinelle.dz"],"url":"https:\/\/lasentinelle.dz\/author\/redaction\/"}]}},"_links":{"self":[{"href":"https:\/\/lasentinelle.dz\/index.php\/wp-json\/wp\/v2\/posts\/40695","targetHints":{"allow":["GET"]}}],"collection":[{"href":"https:\/\/lasentinelle.dz\/index.php\/wp-json\/wp\/v2\/posts"}],"about":[{"href":"https:\/\/lasentinelle.dz\/index.php\/wp-json\/wp\/v2\/types\/post"}],"author":[{"embeddable":true,"href":"https:\/\/lasentinelle.dz\/index.php\/wp-json\/wp\/v2\/users\/3"}],"replies":[{"embeddable":true,"href":"https:\/\/lasentinelle.dz\/index.php\/wp-json\/wp\/v2\/comments?post=40695"}],"version-history":[{"count":1,"href":"https:\/\/lasentinelle.dz\/index.php\/wp-json\/wp\/v2\/posts\/40695\/revisions"}],"predecessor-version":[{"id":40708,"href":"https:\/\/lasentinelle.dz\/index.php\/wp-json\/wp\/v2\/posts\/40695\/revisions\/40708"}],"wp:featuredmedia":[{"embeddable":true,"href":"https:\/\/lasentinelle.dz\/index.php\/wp-json\/wp\/v2\/media\/40707"}],"wp:attachment":[{"href":"https:\/\/lasentinelle.dz\/index.php\/wp-json\/wp\/v2\/media?parent=40695"}],"wp:term":[{"taxonomy":"category","embeddable":true,"href":"https:\/\/lasentinelle.dz\/index.php\/wp-json\/wp\/v2\/categories?post=40695"},{"taxonomy":"post_tag","embeddable":true,"href":"https:\/\/lasentinelle.dz\/index.php\/wp-json\/wp\/v2\/tags?post=40695"}],"curies":[{"name":"wp","href":"https:\/\/api.w.org\/{rel}","templated":true}]}}