{"id":40698,"date":"2023-05-08T22:05:00","date_gmt":"2023-05-08T21:05:00","guid":{"rendered":"https:\/\/lasentinelle.dz\/?p=40698"},"modified":"2023-05-08T20:47:26","modified_gmt":"2023-05-08T19:47:26","slug":"lanp-adresse-une-nouvelle-mise-en-garde-aux-extremistes-les-algeriens-ne-se-laisseront-pas-tromper","status":"publish","type":"post","link":"https:\/\/lasentinelle.dz\/index.php\/2023\/05\/08\/lanp-adresse-une-nouvelle-mise-en-garde-aux-extremistes-les-algeriens-ne-se-laisseront-pas-tromper\/","title":{"rendered":"L\u2019ANP adresse une nouvelle mise en garde aux extr\u00e9mistes\u00a0: \u00ab\u00a0Les Alg\u00e9riens ne se laisseront pas tromper\u00a0!\u00a0\u00bb"},"content":{"rendered":"\n<p>L\u2019Arm\u00e9e nationale populaire a de nouveau averti contre les tentatives de retour des extr\u00e9mistes, soulignant que ces tentatives seront vou\u00e9es \u00e0 l\u2019\u00e9chec. L\u2019\u00e9ditorial de la derni\u00e8re livraison de la revue \u00ab&nbsp;El Djeich&nbsp;\u00bb, a soulign\u00e9 que les Alg\u00e9riens qui ont men\u00e9 une lutte sans merci contre le terrorisme ne se laisseront pas tromper par les extr\u00e9mistes et leur discours obscurantiste. \u00ab&nbsp;Les tentatives de promouvoir les manifestations extr\u00e9mistes seront in\u00e9vitablement vou\u00e9es \u00e0 l\u2019\u00e9chec, tant il est vrai que notre valeureux peuple a d\u00e9finitivement tourn\u00e9 la page du pass\u00e9 douloureux et qu\u2019il ne permettra en aucun cas de revenir, une fois de plus, aux ann\u00e9es de sang et de feu&nbsp;\u00bb, souligne l\u2019\u00e9ditorial.<\/p>\n\n\n\n<p>La revue fait observer que les Alg\u00e9riens \u00ab&nbsp;ne se laisseront pas leurrer par deux fois et la tromperie n&rsquo;abusera pas une nouvelle fois notre peuple, du fait qu&rsquo;il est d\u00e9sormais davantage averti et conscient des intentions des aventuriers et des plans des milieux qui n&rsquo;ont jamais dig\u00e9r\u00e9 la nouvelle option nationale prise par notre pays, qui lui a permis, en un laps de temps relativement court, d&rsquo;engranger des r\u00e9alisations significatives, politiques, \u00e9conomiques et sociales, au plan interne, mais aussi de renouer avec son r\u00f4le central \u00e0 l&rsquo;\u00e9chelle continentale et internationale, au niveau externe&nbsp;\u00bb. \u00ab&nbsp;Par cons\u00e9quent, la poursuite sur la voie du changement et de la r\u00e9ussite du processus de d\u00e9veloppement global exige de couper la route aux perturbateurs et de combattre l&rsquo;extr\u00e9misme sous toutes ses formes, \u00e0 travers la mobilisation et la participation de tous les acteurs, \u00e0 diff\u00e9rents niveaux, \u00e0 commencer par la famille et l&rsquo;\u00e9cole&nbsp;\u00bb, ajoute la revue.<\/p>\n\n\n\n<p>&nbsp;El-Dje\u00efch a tenu \u00e0 rappeler que durant les ann\u00e9es quatre-vingt-dix, l&rsquo;Alg\u00e9rie \u00ab\u00a0a men\u00e9 seule, pendant une d\u00e9cennie enti\u00e8re, une guerre f\u00e9roce contre le terrorisme et fait face \u00e0 une strat\u00e9gie malveillante visant le d\u00e9mant\u00e8lement de l&rsquo;Etat, qu\u2019elle a r\u00e9ussi \u00e0 vaincre et \u00e0 \u00e9liminer gr\u00e2ce aux grands sacrifices consentis par l&rsquo;Arm\u00e9e nationale populaire et les diff\u00e9rents services de s\u00e9curit\u00e9, avec le soutien du peuple\u00a0\u00bb. \u00ab\u00a0A ce titre, notre pays a \u00e9t\u00e9 pionnier en mati\u00e8re de lutte contre le terrorisme et est devenu un exemple \u00e0 suivre \u00e0 l\u2019\u00e9chelle r\u00e9gionale et internationale\u00a0\u00bb, est-il mentionn\u00e9 dans l&rsquo;\u00e9dito de la revue, soutenant que \u00ab\u00a0cette reconnaissance a fait que l\u2019Alg\u00e9rie est devenue une destination pour de nombreuses d\u00e9l\u00e9gations \u00e9trang\u00e8res dans l&rsquo;objectif de b\u00e9n\u00e9ficier de son exp\u00e9rience dans le cadre de la coop\u00e9ration internationale dans le domaine de la lutte contre le terrorisme\u00a0\u00bb. En ce sens, la publication a soulign\u00e9 que l&rsquo;Alg\u00e9rie \u00ab\u00a0saisit toutes les occasions, dans les diff\u00e9rentes tribunes internationales, pour alerter la communaut\u00e9 internationale sur les menaces croissantes et la gravit\u00e9 du ph\u00e9nom\u00e8ne pour la paix et la s\u00e9curit\u00e9 dans le monde, en particulier dans la r\u00e9gion sah\u00e9lo-saharienne, comme elle appelle \u00e0 l&rsquo;intensification de la coop\u00e9ration \u00e0 travers les m\u00e9canismes disponibles tant au niveau continental qu\u2019au sein des Nations Unies\u00a0\u00bb. Il est utile de rappeler que le chef de l\u2019\u00c9tat-major de l\u2019ANP a adress\u00e9, il y a quelques jours, une tr\u00e8s s\u00e9v\u00e8re mise en garde aux extr\u00e9mistes religieux qui, a-t-il averti, tentent de revenir sur la sc\u00e8ne et de porter atteinte \u00e0 la s\u00e9curit\u00e9 et \u00e0 l\u2019unit\u00e9 du pays.&nbsp; \u00abL\u2019Alg\u00e9rie m\u00e8ne aujourd\u2019hui (\u2026) le combat du changement escompt\u00e9, \u00e0 travers la conjugaison des efforts de toutes les Alg\u00e9riennes et de tous les Alg\u00e9riens, et les volont\u00e9s nationales, pour la concr\u00e9tisation des espoirs des Chouhada et pour \u00e9difier un Etat fort par sa jeunesse qui demeure la v\u00e9ritable richesse de la Nation et sa locomotive pour atteindre les aspirations du peuple au bien-\u00eatre et au progr\u00e8s. Tous ces efforts et d\u00e9marches consentis par des hommes valeureux et d\u00e9vou\u00e9s n\u2019ont d\u2019autre objectif que de raffermir l\u2019unit\u00e9 nationale, combattre les facteurs de division et mettre en \u00e9chec les tentatives d\u00e9sesp\u00e9r\u00e9es qui visent la s\u00e9curit\u00e9 et la stabilit\u00e9 de la nation, ainsi que l\u2019unit\u00e9 du peuple alg\u00e9rien. Ces vaines tentatives se sont manifest\u00e9es derni\u00e8rement par le retour des activit\u00e9s de certains int\u00e9gristes connus pour leur discours religieux extr\u00e9miste, qui rappelle les ann\u00e9es 90 du dernier si\u00e8cle\u00bb, a alert\u00e9 le g\u00e9n\u00e9ral d\u2019arm\u00e9e, Sa\u00efd Chanegriha, lors d\u2019une r\u00e9cente visite au Commandement des Forces de d\u00e9fense a\u00e9rienne du territoire. Et \u00e0 l\u2019adresse de ces int\u00e9gristes, le chef de l\u2019\u00e9tat-major de l\u2019ANP a lanc\u00e9 un avertissement extr\u00eamement clair. \u00abCes extr\u00e9mistes doivent savoir que leur temps est r\u00e9volu et que les institutions de l\u2019Etat ne permettront en aucun cas le retour de ces aventuriers qui ont failli mener le pays vers le pr\u00e9cipice et causer l\u2019effondrement de l\u2019Etat National pour lequel des millions de Chouhada ont donn\u00e9 leurs vies \u00bb.<\/p>\n\n\n\n<p><strong>Hocine Fadheli<\/strong><\/p>\n","protected":false},"excerpt":{"rendered":"<p>L\u2019Arm\u00e9e nationale populaire a de nouveau averti contre les tentatives de retour des extr\u00e9mistes, soulignant que ces tentatives seront vou\u00e9es<\/p>\n","protected":false},"author":3,"featured_media":40732,"comment_status":"open","ping_status":"closed","sticky":false,"template":"","format":"standard","meta":{"colormag_page_container_layout":"default_layout","colormag_page_sidebar_layout":"default_layout","om_disable_all_campaigns":false,"_monsterinsights_skip_tracking":false,"_monsterinsights_sitenote_active":false,"_monsterinsights_sitenote_note":"","_monsterinsights_sitenote_category":0,"footnotes":"","_wpscppro_dont_share_socialmedia":false,"_wpscppro_custom_social_share_image":0,"_facebook_share_type":"","_twitter_share_type":"","_linkedin_share_type":"","_pinterest_share_type":"","_linkedin_share_type_page":"","_instagram_share_type":"","_medium_share_type":"","_threads_share_type":"","_google_business_share_type":"","_selected_social_profile":[],"_wpsp_enable_custom_social_template":false,"_wpsp_social_scheduling":{"enabled":false,"datetime":null,"platforms":[],"status":"template_only","dateOption":"today","timeOption":"now","customDays":"","customHours":"","customDate":"","customTime":"","schedulingType":"absolute"},"_wpsp_active_default_template":true},"categories":[27],"tags":[],"class_list":["post-40698","post","type-post","status-publish","format-standard","has-post-thumbnail","hentry","category-actualite"],"aioseo_notices":[],"yoast_head":"<!-- This site is optimized with the Yoast SEO plugin v27.5 - https:\/\/yoast.com\/product\/yoast-seo-wordpress\/ -->\n<title>L\u2019ANP adresse une nouvelle mise en garde aux extr\u00e9mistes\u00a0: \u00ab\u00a0Les Alg\u00e9riens ne se laisseront pas tromper\u00a0!\u00a0\u00bb - La Sentinelle<\/title>\n<meta name=\"robots\" content=\"index, follow, max-snippet:-1, max-image-preview:large, max-video-preview:-1\" \/>\n<link rel=\"canonical\" href=\"https:\/\/lasentinelle.dz\/index.php\/2023\/05\/08\/lanp-adresse-une-nouvelle-mise-en-garde-aux-extremistes-les-algeriens-ne-se-laisseront-pas-tromper\/\" \/>\n<meta property=\"og:locale\" content=\"fr_FR\" \/>\n<meta property=\"og:type\" content=\"article\" \/>\n<meta property=\"og:title\" content=\"L\u2019ANP adresse une nouvelle mise en garde aux extr\u00e9mistes\u00a0: \u00ab\u00a0Les Alg\u00e9riens ne se laisseront pas tromper\u00a0!\u00a0\u00bb - La Sentinelle\" \/>\n<meta property=\"og:description\" content=\"L\u2019Arm\u00e9e nationale populaire a de nouveau averti contre les tentatives de retour des extr\u00e9mistes, soulignant que ces tentatives seront vou\u00e9es\" \/>\n<meta property=\"og:url\" content=\"https:\/\/lasentinelle.dz\/index.php\/2023\/05\/08\/lanp-adresse-une-nouvelle-mise-en-garde-aux-extremistes-les-algeriens-ne-se-laisseront-pas-tromper\/\" \/>\n<meta property=\"og:site_name\" content=\"La Sentinelle\" \/>\n<meta property=\"article:publisher\" content=\"https:\/\/www.facebook.com\/La-Sentinelle-104059864394773\" \/>\n<meta property=\"article:published_time\" content=\"2023-05-08T21:05:00+00:00\" \/>\n<meta property=\"og:image\" content=\"https:\/\/lasentinelle.dz\/wp-content\/uploads\/2023\/05\/image_2023-05-08_204628062.png\" \/>\n\t<meta property=\"og:image:width\" content=\"580\" \/>\n\t<meta property=\"og:image:height\" content=\"350\" \/>\n\t<meta property=\"og:image:type\" content=\"image\/png\" \/>\n<meta name=\"author\" content=\"La Sentinelle\" \/>\n<meta name=\"twitter:card\" content=\"summary_large_image\" \/>\n<meta name=\"twitter:label1\" content=\"\u00c9crit par\" \/>\n\t<meta name=\"twitter:data1\" content=\"La Sentinelle\" \/>\n\t<meta name=\"twitter:label2\" content=\"Dur\u00e9e de lecture estim\u00e9e\" \/>\n\t<meta name=\"twitter:data2\" content=\"4 minutes\" \/>\n<script type=\"application\/ld+json\" class=\"yoast-schema-graph\">{\"@context\":\"https:\\\/\\\/schema.org\",\"@graph\":[{\"@type\":\"Article\",\"@id\":\"https:\\\/\\\/lasentinelle.dz\\\/index.php\\\/2023\\\/05\\\/08\\\/lanp-adresse-une-nouvelle-mise-en-garde-aux-extremistes-les-algeriens-ne-se-laisseront-pas-tromper\\\/#article\",\"isPartOf\":{\"@id\":\"https:\\\/\\\/lasentinelle.dz\\\/index.php\\\/2023\\\/05\\\/08\\\/lanp-adresse-une-nouvelle-mise-en-garde-aux-extremistes-les-algeriens-ne-se-laisseront-pas-tromper\\\/\"},\"author\":{\"name\":\"La Sentinelle\",\"@id\":\"https:\\\/\\\/lasentinelle.dz\\\/#\\\/schema\\\/person\\\/d865044e22e70a75174ce8bcad3acfb3\"},\"headline\":\"L\u2019ANP adresse une nouvelle mise en garde aux extr\u00e9mistes\u00a0: \u00ab\u00a0Les Alg\u00e9riens ne se laisseront pas tromper\u00a0!\u00a0\u00bb\",\"datePublished\":\"2023-05-08T21:05:00+00:00\",\"mainEntityOfPage\":{\"@id\":\"https:\\\/\\\/lasentinelle.dz\\\/index.php\\\/2023\\\/05\\\/08\\\/lanp-adresse-une-nouvelle-mise-en-garde-aux-extremistes-les-algeriens-ne-se-laisseront-pas-tromper\\\/\"},\"wordCount\":894,\"commentCount\":0,\"publisher\":{\"@id\":\"https:\\\/\\\/lasentinelle.dz\\\/#organization\"},\"image\":{\"@id\":\"https:\\\/\\\/lasentinelle.dz\\\/index.php\\\/2023\\\/05\\\/08\\\/lanp-adresse-une-nouvelle-mise-en-garde-aux-extremistes-les-algeriens-ne-se-laisseront-pas-tromper\\\/#primaryimage\"},\"thumbnailUrl\":\"https:\\\/\\\/lasentinelle.dz\\\/wp-content\\\/uploads\\\/2023\\\/05\\\/image_2023-05-08_204628062.png\",\"articleSection\":[\"Actualit\u00e9\"],\"inLanguage\":\"fr-FR\",\"potentialAction\":[{\"@type\":\"CommentAction\",\"name\":\"Comment\",\"target\":[\"https:\\\/\\\/lasentinelle.dz\\\/index.php\\\/2023\\\/05\\\/08\\\/lanp-adresse-une-nouvelle-mise-en-garde-aux-extremistes-les-algeriens-ne-se-laisseront-pas-tromper\\\/#respond\"]}]},{\"@type\":\"WebPage\",\"@id\":\"https:\\\/\\\/lasentinelle.dz\\\/index.php\\\/2023\\\/05\\\/08\\\/lanp-adresse-une-nouvelle-mise-en-garde-aux-extremistes-les-algeriens-ne-se-laisseront-pas-tromper\\\/\",\"url\":\"https:\\\/\\\/lasentinelle.dz\\\/index.php\\\/2023\\\/05\\\/08\\\/lanp-adresse-une-nouvelle-mise-en-garde-aux-extremistes-les-algeriens-ne-se-laisseront-pas-tromper\\\/\",\"name\":\"L\u2019ANP adresse une nouvelle mise en garde aux extr\u00e9mistes\u00a0: \u00ab\u00a0Les Alg\u00e9riens ne se laisseront pas tromper\u00a0!\u00a0\u00bb - La Sentinelle\",\"isPartOf\":{\"@id\":\"https:\\\/\\\/lasentinelle.dz\\\/#website\"},\"primaryImageOfPage\":{\"@id\":\"https:\\\/\\\/lasentinelle.dz\\\/index.php\\\/2023\\\/05\\\/08\\\/lanp-adresse-une-nouvelle-mise-en-garde-aux-extremistes-les-algeriens-ne-se-laisseront-pas-tromper\\\/#primaryimage\"},\"image\":{\"@id\":\"https:\\\/\\\/lasentinelle.dz\\\/index.php\\\/2023\\\/05\\\/08\\\/lanp-adresse-une-nouvelle-mise-en-garde-aux-extremistes-les-algeriens-ne-se-laisseront-pas-tromper\\\/#primaryimage\"},\"thumbnailUrl\":\"https:\\\/\\\/lasentinelle.dz\\\/wp-content\\\/uploads\\\/2023\\\/05\\\/image_2023-05-08_204628062.png\",\"datePublished\":\"2023-05-08T21:05:00+00:00\",\"breadcrumb\":{\"@id\":\"https:\\\/\\\/lasentinelle.dz\\\/index.php\\\/2023\\\/05\\\/08\\\/lanp-adresse-une-nouvelle-mise-en-garde-aux-extremistes-les-algeriens-ne-se-laisseront-pas-tromper\\\/#breadcrumb\"},\"inLanguage\":\"fr-FR\",\"potentialAction\":[{\"@type\":\"ReadAction\",\"target\":[\"https:\\\/\\\/lasentinelle.dz\\\/index.php\\\/2023\\\/05\\\/08\\\/lanp-adresse-une-nouvelle-mise-en-garde-aux-extremistes-les-algeriens-ne-se-laisseront-pas-tromper\\\/\"]}]},{\"@type\":\"ImageObject\",\"inLanguage\":\"fr-FR\",\"@id\":\"https:\\\/\\\/lasentinelle.dz\\\/index.php\\\/2023\\\/05\\\/08\\\/lanp-adresse-une-nouvelle-mise-en-garde-aux-extremistes-les-algeriens-ne-se-laisseront-pas-tromper\\\/#primaryimage\",\"url\":\"https:\\\/\\\/lasentinelle.dz\\\/wp-content\\\/uploads\\\/2023\\\/05\\\/image_2023-05-08_204628062.png\",\"contentUrl\":\"https:\\\/\\\/lasentinelle.dz\\\/wp-content\\\/uploads\\\/2023\\\/05\\\/image_2023-05-08_204628062.png\",\"width\":580,\"height\":350},{\"@type\":\"BreadcrumbList\",\"@id\":\"https:\\\/\\\/lasentinelle.dz\\\/index.php\\\/2023\\\/05\\\/08\\\/lanp-adresse-une-nouvelle-mise-en-garde-aux-extremistes-les-algeriens-ne-se-laisseront-pas-tromper\\\/#breadcrumb\",\"itemListElement\":[{\"@type\":\"ListItem\",\"position\":1,\"name\":\"Accueil\",\"item\":\"https:\\\/\\\/lasentinelle.dz\\\/\"},{\"@type\":\"ListItem\",\"position\":2,\"name\":\"L\u2019ANP adresse une nouvelle mise en garde aux extr\u00e9mistes\u00a0: \u00ab\u00a0Les Alg\u00e9riens ne se laisseront pas tromper\u00a0!\u00a0\u00bb\"}]},{\"@type\":\"WebSite\",\"@id\":\"https:\\\/\\\/lasentinelle.dz\\\/#website\",\"url\":\"https:\\\/\\\/lasentinelle.dz\\\/\",\"name\":\"La Sentinelle\",\"description\":\"Quotidien national d&#039;information\",\"publisher\":{\"@id\":\"https:\\\/\\\/lasentinelle.dz\\\/#organization\"},\"potentialAction\":[{\"@type\":\"SearchAction\",\"target\":{\"@type\":\"EntryPoint\",\"urlTemplate\":\"https:\\\/\\\/lasentinelle.dz\\\/?s={search_term_string}\"},\"query-input\":{\"@type\":\"PropertyValueSpecification\",\"valueRequired\":true,\"valueName\":\"search_term_string\"}}],\"inLanguage\":\"fr-FR\"},{\"@type\":\"Organization\",\"@id\":\"https:\\\/\\\/lasentinelle.dz\\\/#organization\",\"name\":\"Quotidien La Sentinelle\",\"url\":\"https:\\\/\\\/lasentinelle.dz\\\/\",\"logo\":{\"@type\":\"ImageObject\",\"inLanguage\":\"fr-FR\",\"@id\":\"https:\\\/\\\/lasentinelle.dz\\\/#\\\/schema\\\/logo\\\/image\\\/\",\"url\":\"https:\\\/\\\/lasentinelle.dz\\\/wp-content\\\/uploads\\\/2021\\\/09\\\/logo-sentinelleSLOGAN-1.png\",\"contentUrl\":\"https:\\\/\\\/lasentinelle.dz\\\/wp-content\\\/uploads\\\/2021\\\/09\\\/logo-sentinelleSLOGAN-1.png\",\"width\":615,\"height\":142,\"caption\":\"Quotidien La Sentinelle\"},\"image\":{\"@id\":\"https:\\\/\\\/lasentinelle.dz\\\/#\\\/schema\\\/logo\\\/image\\\/\"},\"sameAs\":[\"https:\\\/\\\/www.facebook.com\\\/La-Sentinelle-104059864394773\"]},{\"@type\":\"Person\",\"@id\":\"https:\\\/\\\/lasentinelle.dz\\\/#\\\/schema\\\/person\\\/d865044e22e70a75174ce8bcad3acfb3\",\"name\":\"La Sentinelle\",\"image\":{\"@type\":\"ImageObject\",\"inLanguage\":\"fr-FR\",\"@id\":\"https:\\\/\\\/secure.gravatar.com\\\/avatar\\\/57de8e5d4b15d43fb361a71fbb36338450fe67865b528a43dd10ef7c51a20392?s=96&d=mm&r=g\",\"url\":\"https:\\\/\\\/secure.gravatar.com\\\/avatar\\\/57de8e5d4b15d43fb361a71fbb36338450fe67865b528a43dd10ef7c51a20392?s=96&d=mm&r=g\",\"contentUrl\":\"https:\\\/\\\/secure.gravatar.com\\\/avatar\\\/57de8e5d4b15d43fb361a71fbb36338450fe67865b528a43dd10ef7c51a20392?s=96&d=mm&r=g\",\"caption\":\"La Sentinelle\"},\"sameAs\":[\"http:\\\/\\\/www.lasentinelle.dz\"],\"url\":\"https:\\\/\\\/lasentinelle.dz\\\/author\\\/redaction\\\/\"}]}<\/script>\n<!-- \/ Yoast SEO plugin. -->","yoast_head_json":{"title":"L\u2019ANP adresse une nouvelle mise en garde aux extr\u00e9mistes\u00a0: \u00ab\u00a0Les Alg\u00e9riens ne se laisseront pas tromper\u00a0!\u00a0\u00bb - La Sentinelle","robots":{"index":"index","follow":"follow","max-snippet":"max-snippet:-1","max-image-preview":"max-image-preview:large","max-video-preview":"max-video-preview:-1"},"canonical":"https:\/\/lasentinelle.dz\/index.php\/2023\/05\/08\/lanp-adresse-une-nouvelle-mise-en-garde-aux-extremistes-les-algeriens-ne-se-laisseront-pas-tromper\/","og_locale":"fr_FR","og_type":"article","og_title":"L\u2019ANP adresse une nouvelle mise en garde aux extr\u00e9mistes\u00a0: \u00ab\u00a0Les Alg\u00e9riens ne se laisseront pas tromper\u00a0!\u00a0\u00bb - La Sentinelle","og_description":"L\u2019Arm\u00e9e nationale populaire a de nouveau averti contre les tentatives de retour des extr\u00e9mistes, soulignant que ces tentatives seront vou\u00e9es","og_url":"https:\/\/lasentinelle.dz\/index.php\/2023\/05\/08\/lanp-adresse-une-nouvelle-mise-en-garde-aux-extremistes-les-algeriens-ne-se-laisseront-pas-tromper\/","og_site_name":"La Sentinelle","article_publisher":"https:\/\/www.facebook.com\/La-Sentinelle-104059864394773","article_published_time":"2023-05-08T21:05:00+00:00","og_image":[{"width":580,"height":350,"url":"https:\/\/lasentinelle.dz\/wp-content\/uploads\/2023\/05\/image_2023-05-08_204628062.png","type":"image\/png"}],"author":"La Sentinelle","twitter_card":"summary_large_image","twitter_misc":{"\u00c9crit par":"La Sentinelle","Dur\u00e9e de lecture estim\u00e9e":"4 minutes"},"schema":{"@context":"https:\/\/schema.org","@graph":[{"@type":"Article","@id":"https:\/\/lasentinelle.dz\/index.php\/2023\/05\/08\/lanp-adresse-une-nouvelle-mise-en-garde-aux-extremistes-les-algeriens-ne-se-laisseront-pas-tromper\/#article","isPartOf":{"@id":"https:\/\/lasentinelle.dz\/index.php\/2023\/05\/08\/lanp-adresse-une-nouvelle-mise-en-garde-aux-extremistes-les-algeriens-ne-se-laisseront-pas-tromper\/"},"author":{"name":"La Sentinelle","@id":"https:\/\/lasentinelle.dz\/#\/schema\/person\/d865044e22e70a75174ce8bcad3acfb3"},"headline":"L\u2019ANP adresse une nouvelle mise en garde aux extr\u00e9mistes\u00a0: \u00ab\u00a0Les Alg\u00e9riens ne se laisseront pas tromper\u00a0!\u00a0\u00bb","datePublished":"2023-05-08T21:05:00+00:00","mainEntityOfPage":{"@id":"https:\/\/lasentinelle.dz\/index.php\/2023\/05\/08\/lanp-adresse-une-nouvelle-mise-en-garde-aux-extremistes-les-algeriens-ne-se-laisseront-pas-tromper\/"},"wordCount":894,"commentCount":0,"publisher":{"@id":"https:\/\/lasentinelle.dz\/#organization"},"image":{"@id":"https:\/\/lasentinelle.dz\/index.php\/2023\/05\/08\/lanp-adresse-une-nouvelle-mise-en-garde-aux-extremistes-les-algeriens-ne-se-laisseront-pas-tromper\/#primaryimage"},"thumbnailUrl":"https:\/\/lasentinelle.dz\/wp-content\/uploads\/2023\/05\/image_2023-05-08_204628062.png","articleSection":["Actualit\u00e9"],"inLanguage":"fr-FR","potentialAction":[{"@type":"CommentAction","name":"Comment","target":["https:\/\/lasentinelle.dz\/index.php\/2023\/05\/08\/lanp-adresse-une-nouvelle-mise-en-garde-aux-extremistes-les-algeriens-ne-se-laisseront-pas-tromper\/#respond"]}]},{"@type":"WebPage","@id":"https:\/\/lasentinelle.dz\/index.php\/2023\/05\/08\/lanp-adresse-une-nouvelle-mise-en-garde-aux-extremistes-les-algeriens-ne-se-laisseront-pas-tromper\/","url":"https:\/\/lasentinelle.dz\/index.php\/2023\/05\/08\/lanp-adresse-une-nouvelle-mise-en-garde-aux-extremistes-les-algeriens-ne-se-laisseront-pas-tromper\/","name":"L\u2019ANP adresse une nouvelle mise en garde aux extr\u00e9mistes\u00a0: \u00ab\u00a0Les Alg\u00e9riens ne se laisseront pas tromper\u00a0!\u00a0\u00bb - La Sentinelle","isPartOf":{"@id":"https:\/\/lasentinelle.dz\/#website"},"primaryImageOfPage":{"@id":"https:\/\/lasentinelle.dz\/index.php\/2023\/05\/08\/lanp-adresse-une-nouvelle-mise-en-garde-aux-extremistes-les-algeriens-ne-se-laisseront-pas-tromper\/#primaryimage"},"image":{"@id":"https:\/\/lasentinelle.dz\/index.php\/2023\/05\/08\/lanp-adresse-une-nouvelle-mise-en-garde-aux-extremistes-les-algeriens-ne-se-laisseront-pas-tromper\/#primaryimage"},"thumbnailUrl":"https:\/\/lasentinelle.dz\/wp-content\/uploads\/2023\/05\/image_2023-05-08_204628062.png","datePublished":"2023-05-08T21:05:00+00:00","breadcrumb":{"@id":"https:\/\/lasentinelle.dz\/index.php\/2023\/05\/08\/lanp-adresse-une-nouvelle-mise-en-garde-aux-extremistes-les-algeriens-ne-se-laisseront-pas-tromper\/#breadcrumb"},"inLanguage":"fr-FR","potentialAction":[{"@type":"ReadAction","target":["https:\/\/lasentinelle.dz\/index.php\/2023\/05\/08\/lanp-adresse-une-nouvelle-mise-en-garde-aux-extremistes-les-algeriens-ne-se-laisseront-pas-tromper\/"]}]},{"@type":"ImageObject","inLanguage":"fr-FR","@id":"https:\/\/lasentinelle.dz\/index.php\/2023\/05\/08\/lanp-adresse-une-nouvelle-mise-en-garde-aux-extremistes-les-algeriens-ne-se-laisseront-pas-tromper\/#primaryimage","url":"https:\/\/lasentinelle.dz\/wp-content\/uploads\/2023\/05\/image_2023-05-08_204628062.png","contentUrl":"https:\/\/lasentinelle.dz\/wp-content\/uploads\/2023\/05\/image_2023-05-08_204628062.png","width":580,"height":350},{"@type":"BreadcrumbList","@id":"https:\/\/lasentinelle.dz\/index.php\/2023\/05\/08\/lanp-adresse-une-nouvelle-mise-en-garde-aux-extremistes-les-algeriens-ne-se-laisseront-pas-tromper\/#breadcrumb","itemListElement":[{"@type":"ListItem","position":1,"name":"Accueil","item":"https:\/\/lasentinelle.dz\/"},{"@type":"ListItem","position":2,"name":"L\u2019ANP adresse une nouvelle mise en garde aux extr\u00e9mistes\u00a0: \u00ab\u00a0Les Alg\u00e9riens ne se laisseront pas tromper\u00a0!\u00a0\u00bb"}]},{"@type":"WebSite","@id":"https:\/\/lasentinelle.dz\/#website","url":"https:\/\/lasentinelle.dz\/","name":"La Sentinelle","description":"Quotidien national d&#039;information","publisher":{"@id":"https:\/\/lasentinelle.dz\/#organization"},"potentialAction":[{"@type":"SearchAction","target":{"@type":"EntryPoint","urlTemplate":"https:\/\/lasentinelle.dz\/?s={search_term_string}"},"query-input":{"@type":"PropertyValueSpecification","valueRequired":true,"valueName":"search_term_string"}}],"inLanguage":"fr-FR"},{"@type":"Organization","@id":"https:\/\/lasentinelle.dz\/#organization","name":"Quotidien La Sentinelle","url":"https:\/\/lasentinelle.dz\/","logo":{"@type":"ImageObject","inLanguage":"fr-FR","@id":"https:\/\/lasentinelle.dz\/#\/schema\/logo\/image\/","url":"https:\/\/lasentinelle.dz\/wp-content\/uploads\/2021\/09\/logo-sentinelleSLOGAN-1.png","contentUrl":"https:\/\/lasentinelle.dz\/wp-content\/uploads\/2021\/09\/logo-sentinelleSLOGAN-1.png","width":615,"height":142,"caption":"Quotidien La Sentinelle"},"image":{"@id":"https:\/\/lasentinelle.dz\/#\/schema\/logo\/image\/"},"sameAs":["https:\/\/www.facebook.com\/La-Sentinelle-104059864394773"]},{"@type":"Person","@id":"https:\/\/lasentinelle.dz\/#\/schema\/person\/d865044e22e70a75174ce8bcad3acfb3","name":"La Sentinelle","image":{"@type":"ImageObject","inLanguage":"fr-FR","@id":"https:\/\/secure.gravatar.com\/avatar\/57de8e5d4b15d43fb361a71fbb36338450fe67865b528a43dd10ef7c51a20392?s=96&d=mm&r=g","url":"https:\/\/secure.gravatar.com\/avatar\/57de8e5d4b15d43fb361a71fbb36338450fe67865b528a43dd10ef7c51a20392?s=96&d=mm&r=g","contentUrl":"https:\/\/secure.gravatar.com\/avatar\/57de8e5d4b15d43fb361a71fbb36338450fe67865b528a43dd10ef7c51a20392?s=96&d=mm&r=g","caption":"La Sentinelle"},"sameAs":["http:\/\/www.lasentinelle.dz"],"url":"https:\/\/lasentinelle.dz\/author\/redaction\/"}]}},"_links":{"self":[{"href":"https:\/\/lasentinelle.dz\/index.php\/wp-json\/wp\/v2\/posts\/40698","targetHints":{"allow":["GET"]}}],"collection":[{"href":"https:\/\/lasentinelle.dz\/index.php\/wp-json\/wp\/v2\/posts"}],"about":[{"href":"https:\/\/lasentinelle.dz\/index.php\/wp-json\/wp\/v2\/types\/post"}],"author":[{"embeddable":true,"href":"https:\/\/lasentinelle.dz\/index.php\/wp-json\/wp\/v2\/users\/3"}],"replies":[{"embeddable":true,"href":"https:\/\/lasentinelle.dz\/index.php\/wp-json\/wp\/v2\/comments?post=40698"}],"version-history":[{"count":1,"href":"https:\/\/lasentinelle.dz\/index.php\/wp-json\/wp\/v2\/posts\/40698\/revisions"}],"predecessor-version":[{"id":40733,"href":"https:\/\/lasentinelle.dz\/index.php\/wp-json\/wp\/v2\/posts\/40698\/revisions\/40733"}],"wp:featuredmedia":[{"embeddable":true,"href":"https:\/\/lasentinelle.dz\/index.php\/wp-json\/wp\/v2\/media\/40732"}],"wp:attachment":[{"href":"https:\/\/lasentinelle.dz\/index.php\/wp-json\/wp\/v2\/media?parent=40698"}],"wp:term":[{"taxonomy":"category","embeddable":true,"href":"https:\/\/lasentinelle.dz\/index.php\/wp-json\/wp\/v2\/categories?post=40698"},{"taxonomy":"post_tag","embeddable":true,"href":"https:\/\/lasentinelle.dz\/index.php\/wp-json\/wp\/v2\/tags?post=40698"}],"curies":[{"name":"wp","href":"https:\/\/api.w.org\/{rel}","templated":true}]}}